{"id":150803,"date":"2022-03-14T15:20:02","date_gmt":"2022-03-14T14:20:02","guid":{"rendered":"https:\/\/newsestlyonnais.fr\/site\/?p=150803"},"modified":"2023-02-26T16:58:11","modified_gmt":"2023-02-26T15:58:11","slug":"pierre-mathieu-amener-les-personnes-en-situation-de-handicap-au-sport","status":"publish","type":"post","link":"https:\/\/newsestlyonnais.fr\/site\/2022\/03\/14\/pierre-mathieu-amener-les-personnes-en-situation-de-handicap-au-sport\/","title":{"rendered":"Pierre Mathieu\u00a0\u00bb amener les personnes en situation de handicap au sport \u00ab\u00a0"},"content":{"rendered":"<p><span style=\"color: #ffffff; font-size: 14pt; background-color: #000000;\"><strong>Depuis quand \u00eates-vous membre du C.D.O.S. ?<\/strong><\/span><\/p>\n<p>\u00ab\u00a0J&rsquo;ai \u00e9t\u00e9 \u00e9lu en 2009 (les \u00e9lections se d\u00e9roulent tous les 4 ans au printemps qui suit l\u2019ann\u00e9e des J.O.\u00a0\u00bb<\/p>\n<p><span style=\"color: #ffffff; font-size: 14pt; background-color: #000000;\"><strong>Est-ce du b\u00e9n\u00e9volat ?<\/strong> <\/span><\/p>\n<p>\u00a0\u00bb Oui, bien s\u00fbr \u00a0\u00bb<\/p>\n<p><span style=\"font-size: 14pt; background-color: #000000; color: #ffffff;\"><strong>Une pr\u00e9sentation sommaire de votre parcours professionnel, associatif , sportif ?<\/strong> <\/span><\/p>\n<p>\u00a0\u00bb Au niveau du sport, <strong>j&rsquo;ai pratiqu\u00e9 le rugby durant 7 ans<\/strong> \u00e0 V\u00e9nissieux.<\/p>\n<p><strong>Professionnellement, j&rsquo;\u00e9tais dans le secteur de l&rsquo;assurance o\u00f9 je travaillais d\u00e9j\u00e0 sur le th\u00e8me du handicap<\/strong> (maintien dans l\u2019emploi, am\u00e9nagement de poste, embauche).<\/p>\n<p><strong>Sinon j&rsquo;ai fait de la randonn\u00e9e<\/strong> : d\u00e9couverte de <a href=\"https:\/\/www.hce.asso.fr\"><span style=\"color: #0000ff;\">HCE Handi Cap Evasion<\/span><\/a><span style=\"color: #0000ff;\"><span style=\"color: #333333;\"> avec<\/span> <span style=\"color: #333333;\">l&rsquo;a<\/span><\/span>ccompagnement sur une semaine de personnes \u00e0 mobilit\u00e9 r\u00e9duite ou d\u00e9ficients visuels. L&rsquo;occasion de rencontrer un des fondateurs de cet organisme qui a cr\u00e9\u00e9 la premi\u00e8re jo\u00eblette pour Jo\u00ebl, son neveu myopathe, qu&rsquo;il accompagnait en montagne \u00ab\u00a0.<\/p>\n<hr \/>\n<p><span style=\"font-size: 14pt; background-color: #000000; color: #ffffff;\"><strong>Quelles sont vos missions ? <\/strong><\/span><\/p>\n<p>\u00a0\u00bb Ce sont <strong>des missions que l&rsquo;on me confie et qui m\u2019apportent beaucoup de plaisir<\/strong> depuis plusieurs ann\u00e9es : <strong>c\u2019est le handicap<\/strong>, <strong>on entend encore trop \u00a0\u00bb je suis handicap\u00e9, mon enfant est handicap\u00e9 \u00bb donc pas de sport<\/strong>.<\/p>\n<ul>\n<li>Amener les personnes en situation de handicap au sport<\/li>\n<li>Inciter les clubs \u00e0 accueillir le handicap, former des \u00e9ducateurs (travail collectif)<\/li>\n<li>Suivre ces clubs, leurs manifestations, parfois leur AG.<\/li>\n<\/ul>\n<p><strong>Depuis janvier, j\u2019ai \u00e9t\u00e9 \u00e9lu secr\u00e9taire g\u00e9n\u00e9ral, <\/strong>c\u2019est un peu plus d\u2019heures avec le Pr\u00e9sident pour la gestion du C.D.O.S. : r\u00e9unions, AG et toutes les activit\u00e9s \u00e0 venir, notamment avec le th\u00e8me \u00ab Paris 2024, France Terre de Jeux. J&rsquo;ai ainsi divers contacts avec les partenaires politiques, financiers\u2026 \u00a0\u00bb<\/p>\n<p><span style=\"background-color: #000000; color: #ffffff; font-size: 14pt;\"><strong>Collaborez-vous r\u00e9guli\u00e8rement avec des associations ou clubs sportifs ?<\/strong><\/span><\/p>\n<ul>\n<li>Un des premiers souvenirs : le Judo Club des Gones<\/li>\n<li>Premi\u00e8res rencontres \u00e0 la halle Diagana avec Ang\u00e9lina, Axel<\/li>\n<li>D\u00e9couverte du Tandem Club Rhodanien<\/li>\n<\/ul>\n<p>Je collabore aussi avec des associations non sportives afin de <strong>cr\u00e9er des liens pour travailler dans le m\u00eame sens \u00ab\u00a0.<\/strong><\/p>\n<p><span style=\"color: #ffffff; font-size: 14pt;\"><strong><span style=\"background-color: #000000;\">Vous couvrez d&rsquo;autre part d<span style=\"color: #ffffff;\">e nombreux \u00e9v\u00e8nements chaque ann\u00e9e ?<\/span><\/span><\/strong><\/span><\/p>\n<p class=\"infos__item -hours\">\u00a0\u00bb J&rsquo;ai au minimum 3 r\u00e9unions par mois au comit\u00e9 et assiste \u00e0 certaines assembl\u00e9es g\u00e9n\u00e9rales d&rsquo;associations.<\/p>\n<p class=\"infos__item -hours\"><strong>J&rsquo;ai assist\u00e9 en d\u00e9but d&rsquo;ann\u00e9e \u00e0 la \u00ab\u00a0Semaine de l&rsquo;Olympisme\u00a0\u00bb<\/strong> qui se d\u00e9roulait \u00e0 Jonage et \u00e0 Chaponost. Je vais prochainement \u00eatre pr\u00e9sent sur une comp\u00e9tition de Hand fauteuil \u00e0 Tassin, \u00e0 <strong>\u00ab\u00a0Ensemble pour le Sport\u00a0\u00bb<\/strong> pour la journ\u00e9e mondiale de l&rsquo;autisme organis\u00e9e par S\u00e9same Autisme (le 2 avril \u00e0 l&rsquo;H\u00f4tel de R\u00e9gion Auvergne &#8211; Rh\u00f4ne-Alpes sur l&rsquo;Esplanade Fran\u00e7ois Mitterrand \u00e0 Lyon-Confluence) et le 3 avril (\u00e0 Genas dans le cadre <strong>des Parcours du Coeur)<\/strong> o\u00f9 se tiendra une animation de volley assis \u00ab\u00a0<\/p>\n<p><span style=\"background-color: #000000; color: #ffffff;\"><strong><span style=\"font-size: 14pt; background-color: #000000;\">Un retour sur \u00ab Faites du Sport Handi \u00bb dont vous \u00e9tiez charg\u00e9 de l&rsquo;organisation ?<\/span><\/strong><\/span><\/p>\n<p>\u00a0\u00bb La premi\u00e8re ann\u00e9e, la manifestation a eu lieu <strong>\u00e0 Parilly, au stade du Rh\u00f4ne<\/strong> : une dizaine de disciplines seulement mais des pr\u00e9sences int\u00e9ressantes, notamment Hyacinthe Deleplace.<\/p>\n<p>Ensuite en 2013, 2014 &amp; 2015 <strong>au stade Pierre Duboeuf\u00a0 \u00e0 Bron<\/strong> : un beau travail avec la municipalit\u00e9 et les Bron Z amis.<\/p>\n<p>Et enfin en 2016 et 2017 \u00e0 <strong>Lyon Bellecour,<\/strong> avec une quarantaine de disciplines sportives, une vingtaine d\u2019associations non sportives \u00ab\u00a0.<\/p>\n<p><span style=\"background-color: #000000; color: #ffffff;\"><strong><span style=\"font-size: 14pt;\">Quels sont les projets et objectifs du CDOS en terme de handicap ?<\/span> <\/strong><\/span><\/p>\n<p>\u00a0\u00bb Maintenir le cap et dans l&rsquo;esprit de \u00ab Faites du Sport Handi \u00bb on est en pleine pr\u00e9paration d&rsquo;une manifestation fin juin dans le cadre de la Journ\u00e9e Nationale de l&rsquo;Olympisme avec la pr\u00e9sence de clubs, associations et comit\u00e9s d\u00e9partementaux, sportifs ou non \u00ab\u00a0.<\/p>\n<hr \/>\n<p><span style=\"font-size: 14pt; background-color: #000000; color: #ffffff;\"><strong>Une anecdote ou un souvenir personnel ?<\/strong> <\/span><\/p>\n<p>\u00a0\u00bb J&rsquo;ai en t\u00eate la sortie \u00e0 Sainte-Catherine dans la neige, et plus de 40 centim\u00e8tres, avec des mal-voyants, un bon souvenir de partage ! \u00a0\u00bb<\/p>\n<p><span style=\"background-color: #000000; color: #ffffff; font-size: 14pt;\"><strong>Et pour conclure ?<\/strong><\/span><\/p>\n<p>\u00a0\u00bb <strong>Je retiendrais avant tout la reconnaissance des gens et leur sourire (la banane)<\/strong>, <strong>on est loin du \u00a0\u00bb j\u2019ai pay\u00e9 donc j\u2019ai droit \u00ab\u00a0.<\/strong><\/p>\n<hr \/>\n<p><span style=\"background-color: #000000; color: #ffcc00;\">Plus d&rsquo;infos sur le site du CDOS<\/span> : <span style=\"color: #0000ff;\"><a style=\"color: #0000ff;\" href=\"http:\/\/olympiquerhonemetropoledelyon.com\/sport-handicap\/\">http:\/\/olympiquerhonemetropoledelyon.com\/sport-handicap\/<\/a><\/span><\/p>\n<p><span style=\"background-color: #000000; color: #ffcc00;\">Contacts Pierre Mathieu<\/span> &gt; <strong>T\u00e9l<\/strong> : 06.82.59.60.49 \/ <strong>Mail<\/strong> : <span style=\"color: #0000ff;\"><a style=\"color: #0000ff;\" href=\"piemathi@numericable.fr\">piemathi@numericable.fr<\/a><\/span><\/p>\n<hr \/>\n<hr \/>\n<p>&nbsp;<\/p>\n","protected":false},"excerpt":{"rendered":"<p>Elu b\u00e9n\u00e9vole au Comit\u00e9 D\u00e9partemental Olympique et Sportif du Rh\u00f4ne \u2013 M\u00e9tropole de Lyon depuis 2009, il est en charge du handicap.<\/p>\n","protected":false},"author":4,"featured_media":150804,"comment_status":"open","ping_status":"open","sticky":false,"template":"","format":"standard","meta":{"footnotes":""},"categories":[4626,3015,3016,137,1625,3250,2],"tags":[2347,2822,2095,4179,2665],"class_list":["post-150803","post","type-post","status-publish","format-standard","has-post-thumbnail","hentry","category-arbitrage-benevolat-coaching","category-handi-adapte","category-institutions-trophees-jo","category-interviews","category-lyon","category-recits-de-course-portraits-interviews","category-sports","tag-cdos","tag-handicap","tag-handisport","tag-pierre-mathieu","tag-sport"],"yoast_head":"<!-- This site is optimized with the Yoast SEO plugin v27.2 - https:\/\/yoast.com\/product\/yoast-seo-wordpress\/ -->\n<title>Pierre Mathieu&quot; amener les personnes en situation de handicap au sport &quot; - News Est Lyonnais<\/title>\n<meta name=\"description\" content=\"Pierre Mathieu &quot; amener les personnes en situation de handicap au sport &quot;\" \/>\n<meta name=\"robots\" content=\"index, follow, max-snippet:-1, max-image-preview:large, max-video-preview:-1\" \/>\n<link rel=\"canonical\" href=\"https:\/\/newsestlyonnais.fr\/site\/2022\/03\/14\/pierre-mathieu-amener-les-personnes-en-situation-de-handicap-au-sport\/\" \/>\n<meta property=\"og:locale\" content=\"fr_FR\" \/>\n<meta property=\"og:type\" content=\"article\" \/>\n<meta property=\"og:title\" content=\"Pierre Mathieu&quot; amener les personnes en situation de handicap au sport &quot; - News Est Lyonnais\" \/>\n<meta property=\"og:description\" content=\"Pierre Mathieu &quot; amener les personnes en situation de handicap au sport &quot;\" \/>\n<meta property=\"og:url\" content=\"https:\/\/newsestlyonnais.fr\/site\/2022\/03\/14\/pierre-mathieu-amener-les-personnes-en-situation-de-handicap-au-sport\/\" \/>\n<meta property=\"og:site_name\" content=\"News Est Lyonnais\" \/>\n<meta property=\"article:author\" content=\"https:\/\/www.facebook.com\/pascal.oberson.1?fref=ts\" \/>\n<meta property=\"article:published_time\" content=\"2022-03-14T14:20:02+00:00\" \/>\n<meta property=\"article:modified_time\" content=\"2023-02-26T15:58:11+00:00\" \/>\n<meta property=\"og:image\" content=\"https:\/\/newsestlyonnais.fr\/site\/wp-content\/uploads\/2022\/03\/P1470004.jpg\" \/>\n\t<meta property=\"og:image:width\" content=\"1200\" \/>\n\t<meta property=\"og:image:height\" content=\"900\" \/>\n\t<meta property=\"og:image:type\" content=\"image\/jpeg\" \/>\n<meta name=\"author\" content=\"R\u00e9dac. NEWS\" \/>\n<meta name=\"twitter:card\" content=\"summary_large_image\" \/>\n<meta name=\"twitter:label1\" content=\"\u00c9crit par\" \/>\n\t<meta name=\"twitter:data1\" content=\"R\u00e9dac. NEWS\" \/>\n\t<meta name=\"twitter:label2\" content=\"Dur\u00e9e de lecture estim\u00e9e\" \/>\n\t<meta name=\"twitter:data2\" content=\"4 minutes\" \/>\n<script type=\"application\/ld+json\" class=\"yoast-schema-graph\">{\"@context\":\"https:\/\/schema.org\",\"@graph\":[{\"@type\":\"Article\",\"@id\":\"https:\/\/newsestlyonnais.fr\/site\/2022\/03\/14\/pierre-mathieu-amener-les-personnes-en-situation-de-handicap-au-sport\/#article\",\"isPartOf\":{\"@id\":\"https:\/\/newsestlyonnais.fr\/site\/2022\/03\/14\/pierre-mathieu-amener-les-personnes-en-situation-de-handicap-au-sport\/\"},\"author\":{\"name\":\"R\u00e9dac. NEWS\",\"@id\":\"https:\/\/newsestlyonnais.fr\/site\/#\/schema\/person\/3230d5615f390bb808365d673001e887\"},\"headline\":\"Pierre Mathieu\u00a0\u00bb amener les personnes en situation de handicap au sport \u00ab\u00a0\",\"datePublished\":\"2022-03-14T14:20:02+00:00\",\"dateModified\":\"2023-02-26T15:58:11+00:00\",\"mainEntityOfPage\":{\"@id\":\"https:\/\/newsestlyonnais.fr\/site\/2022\/03\/14\/pierre-mathieu-amener-les-personnes-en-situation-de-handicap-au-sport\/\"},\"wordCount\":695,\"commentCount\":0,\"publisher\":{\"@id\":\"https:\/\/newsestlyonnais.fr\/site\/#organization\"},\"image\":{\"@id\":\"https:\/\/newsestlyonnais.fr\/site\/2022\/03\/14\/pierre-mathieu-amener-les-personnes-en-situation-de-handicap-au-sport\/#primaryimage\"},\"thumbnailUrl\":\"https:\/\/newsestlyonnais.fr\/site\/wp-content\/uploads\/2022\/03\/P1470004.jpg\",\"keywords\":[\"CDOS\",\"HANDICAP\",\"handisport\",\"Pierre Mathieu\",\"SPORT\"],\"articleSection\":[\"Arbitrage | B\u00e9n\u00e9volat | Coaching\",\"Handi &amp; adapt\u00e9\",\"Institutions | Troph\u00e9es | J.O.\",\"Interviews\",\"Lyon\",\"R\u00e9cits de course \/ Portraits \/ Interviews\",\"Sports\"],\"inLanguage\":\"fr-FR\",\"potentialAction\":[{\"@type\":\"CommentAction\",\"name\":\"Comment\",\"target\":[\"https:\/\/newsestlyonnais.fr\/site\/2022\/03\/14\/pierre-mathieu-amener-les-personnes-en-situation-de-handicap-au-sport\/#respond\"]}]},{\"@type\":\"WebPage\",\"@id\":\"https:\/\/newsestlyonnais.fr\/site\/2022\/03\/14\/pierre-mathieu-amener-les-personnes-en-situation-de-handicap-au-sport\/\",\"url\":\"https:\/\/newsestlyonnais.fr\/site\/2022\/03\/14\/pierre-mathieu-amener-les-personnes-en-situation-de-handicap-au-sport\/\",\"name\":\"Pierre Mathieu\\\" amener les personnes en situation de handicap au sport \\\" - News Est Lyonnais\",\"isPartOf\":{\"@id\":\"https:\/\/newsestlyonnais.fr\/site\/#website\"},\"primaryImageOfPage\":{\"@id\":\"https:\/\/newsestlyonnais.fr\/site\/2022\/03\/14\/pierre-mathieu-amener-les-personnes-en-situation-de-handicap-au-sport\/#primaryimage\"},\"image\":{\"@id\":\"https:\/\/newsestlyonnais.fr\/site\/2022\/03\/14\/pierre-mathieu-amener-les-personnes-en-situation-de-handicap-au-sport\/#primaryimage\"},\"thumbnailUrl\":\"https:\/\/newsestlyonnais.fr\/site\/wp-content\/uploads\/2022\/03\/P1470004.jpg\",\"datePublished\":\"2022-03-14T14:20:02+00:00\",\"dateModified\":\"2023-02-26T15:58:11+00:00\",\"description\":\"Pierre Mathieu \\\" amener les personnes en situation de handicap au sport \\\"\",\"breadcrumb\":{\"@id\":\"https:\/\/newsestlyonnais.fr\/site\/2022\/03\/14\/pierre-mathieu-amener-les-personnes-en-situation-de-handicap-au-sport\/#breadcrumb\"},\"inLanguage\":\"fr-FR\",\"potentialAction\":[{\"@type\":\"ReadAction\",\"target\":[\"https:\/\/newsestlyonnais.fr\/site\/2022\/03\/14\/pierre-mathieu-amener-les-personnes-en-situation-de-handicap-au-sport\/\"]}]},{\"@type\":\"ImageObject\",\"inLanguage\":\"fr-FR\",\"@id\":\"https:\/\/newsestlyonnais.fr\/site\/2022\/03\/14\/pierre-mathieu-amener-les-personnes-en-situation-de-handicap-au-sport\/#primaryimage\",\"url\":\"https:\/\/newsestlyonnais.fr\/site\/wp-content\/uploads\/2022\/03\/P1470004.jpg\",\"contentUrl\":\"https:\/\/newsestlyonnais.fr\/site\/wp-content\/uploads\/2022\/03\/P1470004.jpg\",\"width\":1200,\"height\":900},{\"@type\":\"BreadcrumbList\",\"@id\":\"https:\/\/newsestlyonnais.fr\/site\/2022\/03\/14\/pierre-mathieu-amener-les-personnes-en-situation-de-handicap-au-sport\/#breadcrumb\",\"itemListElement\":[{\"@type\":\"ListItem\",\"position\":1,\"name\":\"Accueil\",\"item\":\"https:\/\/newsestlyonnais.fr\/site\/\"},{\"@type\":\"ListItem\",\"position\":2,\"name\":\"Pierre Mathieu\u00a0\u00bb amener les personnes en situation de handicap au sport \u00ab\u00a0\"}]},{\"@type\":\"WebSite\",\"@id\":\"https:\/\/newsestlyonnais.fr\/site\/#website\",\"url\":\"https:\/\/newsestlyonnais.fr\/site\/\",\"name\":\"News Est Lyonnais\",\"description\":\"L&#039;actualit\u00e9 au plus pr\u00e8s\",\"publisher\":{\"@id\":\"https:\/\/newsestlyonnais.fr\/site\/#organization\"},\"potentialAction\":[{\"@type\":\"SearchAction\",\"target\":{\"@type\":\"EntryPoint\",\"urlTemplate\":\"https:\/\/newsestlyonnais.fr\/site\/?s={search_term_string}\"},\"query-input\":{\"@type\":\"PropertyValueSpecification\",\"valueRequired\":true,\"valueName\":\"search_term_string\"}}],\"inLanguage\":\"fr-FR\"},{\"@type\":\"Organization\",\"@id\":\"https:\/\/newsestlyonnais.fr\/site\/#organization\",\"name\":\"News EST LYONNAIS\",\"url\":\"https:\/\/newsestlyonnais.fr\/site\/\",\"logo\":{\"@type\":\"ImageObject\",\"inLanguage\":\"fr-FR\",\"@id\":\"https:\/\/newsestlyonnais.fr\/site\/#\/schema\/logo\/image\/\",\"url\":\"\",\"contentUrl\":\"\",\"caption\":\"News EST LYONNAIS\"},\"image\":{\"@id\":\"https:\/\/newsestlyonnais.fr\/site\/#\/schema\/logo\/image\/\"}},{\"@type\":\"Person\",\"@id\":\"https:\/\/newsestlyonnais.fr\/site\/#\/schema\/person\/3230d5615f390bb808365d673001e887\",\"name\":\"R\u00e9dac. NEWS\",\"sameAs\":[\"http:\/\/www.newsestlyonnais.fr\",\"https:\/\/www.facebook.com\/pascal.oberson.1?fref=ts\",\"https:\/\/fr.linkedin.com\/in\/pascal-oberson-b17045113\"],\"url\":\"https:\/\/newsestlyonnais.fr\/site\/author\/nel\/\"}]}<\/script>\n<!-- \/ Yoast SEO plugin. -->","yoast_head_json":{"title":"Pierre Mathieu\" amener les personnes en situation de handicap au sport \" - News Est Lyonnais","description":"Pierre Mathieu \" amener les personnes en situation de handicap au sport \"","robots":{"index":"index","follow":"follow","max-snippet":"max-snippet:-1","max-image-preview":"max-image-preview:large","max-video-preview":"max-video-preview:-1"},"canonical":"https:\/\/newsestlyonnais.fr\/site\/2022\/03\/14\/pierre-mathieu-amener-les-personnes-en-situation-de-handicap-au-sport\/","og_locale":"fr_FR","og_type":"article","og_title":"Pierre Mathieu\" amener les personnes en situation de handicap au sport \" - News Est Lyonnais","og_description":"Pierre Mathieu \" amener les personnes en situation de handicap au sport \"","og_url":"https:\/\/newsestlyonnais.fr\/site\/2022\/03\/14\/pierre-mathieu-amener-les-personnes-en-situation-de-handicap-au-sport\/","og_site_name":"News Est Lyonnais","article_author":"https:\/\/www.facebook.com\/pascal.oberson.1?fref=ts","article_published_time":"2022-03-14T14:20:02+00:00","article_modified_time":"2023-02-26T15:58:11+00:00","og_image":[{"width":1200,"height":900,"url":"https:\/\/newsestlyonnais.fr\/site\/wp-content\/uploads\/2022\/03\/P1470004.jpg","type":"image\/jpeg"}],"author":"R\u00e9dac. NEWS","twitter_card":"summary_large_image","twitter_misc":{"\u00c9crit par":"R\u00e9dac. NEWS","Dur\u00e9e de lecture estim\u00e9e":"4 minutes"},"schema":{"@context":"https:\/\/schema.org","@graph":[{"@type":"Article","@id":"https:\/\/newsestlyonnais.fr\/site\/2022\/03\/14\/pierre-mathieu-amener-les-personnes-en-situation-de-handicap-au-sport\/#article","isPartOf":{"@id":"https:\/\/newsestlyonnais.fr\/site\/2022\/03\/14\/pierre-mathieu-amener-les-personnes-en-situation-de-handicap-au-sport\/"},"author":{"name":"R\u00e9dac. NEWS","@id":"https:\/\/newsestlyonnais.fr\/site\/#\/schema\/person\/3230d5615f390bb808365d673001e887"},"headline":"Pierre Mathieu\u00a0\u00bb amener les personnes en situation de handicap au sport \u00ab\u00a0","datePublished":"2022-03-14T14:20:02+00:00","dateModified":"2023-02-26T15:58:11+00:00","mainEntityOfPage":{"@id":"https:\/\/newsestlyonnais.fr\/site\/2022\/03\/14\/pierre-mathieu-amener-les-personnes-en-situation-de-handicap-au-sport\/"},"wordCount":695,"commentCount":0,"publisher":{"@id":"https:\/\/newsestlyonnais.fr\/site\/#organization"},"image":{"@id":"https:\/\/newsestlyonnais.fr\/site\/2022\/03\/14\/pierre-mathieu-amener-les-personnes-en-situation-de-handicap-au-sport\/#primaryimage"},"thumbnailUrl":"https:\/\/newsestlyonnais.fr\/site\/wp-content\/uploads\/2022\/03\/P1470004.jpg","keywords":["CDOS","HANDICAP","handisport","Pierre Mathieu","SPORT"],"articleSection":["Arbitrage | B\u00e9n\u00e9volat | Coaching","Handi &amp; adapt\u00e9","Institutions | Troph\u00e9es | J.O.","Interviews","Lyon","R\u00e9cits de course \/ Portraits \/ Interviews","Sports"],"inLanguage":"fr-FR","potentialAction":[{"@type":"CommentAction","name":"Comment","target":["https:\/\/newsestlyonnais.fr\/site\/2022\/03\/14\/pierre-mathieu-amener-les-personnes-en-situation-de-handicap-au-sport\/#respond"]}]},{"@type":"WebPage","@id":"https:\/\/newsestlyonnais.fr\/site\/2022\/03\/14\/pierre-mathieu-amener-les-personnes-en-situation-de-handicap-au-sport\/","url":"https:\/\/newsestlyonnais.fr\/site\/2022\/03\/14\/pierre-mathieu-amener-les-personnes-en-situation-de-handicap-au-sport\/","name":"Pierre Mathieu\" amener les personnes en situation de handicap au sport \" - News Est Lyonnais","isPartOf":{"@id":"https:\/\/newsestlyonnais.fr\/site\/#website"},"primaryImageOfPage":{"@id":"https:\/\/newsestlyonnais.fr\/site\/2022\/03\/14\/pierre-mathieu-amener-les-personnes-en-situation-de-handicap-au-sport\/#primaryimage"},"image":{"@id":"https:\/\/newsestlyonnais.fr\/site\/2022\/03\/14\/pierre-mathieu-amener-les-personnes-en-situation-de-handicap-au-sport\/#primaryimage"},"thumbnailUrl":"https:\/\/newsestlyonnais.fr\/site\/wp-content\/uploads\/2022\/03\/P1470004.jpg","datePublished":"2022-03-14T14:20:02+00:00","dateModified":"2023-02-26T15:58:11+00:00","description":"Pierre Mathieu \" amener les personnes en situation de handicap au sport \"","breadcrumb":{"@id":"https:\/\/newsestlyonnais.fr\/site\/2022\/03\/14\/pierre-mathieu-amener-les-personnes-en-situation-de-handicap-au-sport\/#breadcrumb"},"inLanguage":"fr-FR","potentialAction":[{"@type":"ReadAction","target":["https:\/\/newsestlyonnais.fr\/site\/2022\/03\/14\/pierre-mathieu-amener-les-personnes-en-situation-de-handicap-au-sport\/"]}]},{"@type":"ImageObject","inLanguage":"fr-FR","@id":"https:\/\/newsestlyonnais.fr\/site\/2022\/03\/14\/pierre-mathieu-amener-les-personnes-en-situation-de-handicap-au-sport\/#primaryimage","url":"https:\/\/newsestlyonnais.fr\/site\/wp-content\/uploads\/2022\/03\/P1470004.jpg","contentUrl":"https:\/\/newsestlyonnais.fr\/site\/wp-content\/uploads\/2022\/03\/P1470004.jpg","width":1200,"height":900},{"@type":"BreadcrumbList","@id":"https:\/\/newsestlyonnais.fr\/site\/2022\/03\/14\/pierre-mathieu-amener-les-personnes-en-situation-de-handicap-au-sport\/#breadcrumb","itemListElement":[{"@type":"ListItem","position":1,"name":"Accueil","item":"https:\/\/newsestlyonnais.fr\/site\/"},{"@type":"ListItem","position":2,"name":"Pierre Mathieu\u00a0\u00bb amener les personnes en situation de handicap au sport \u00ab\u00a0"}]},{"@type":"WebSite","@id":"https:\/\/newsestlyonnais.fr\/site\/#website","url":"https:\/\/newsestlyonnais.fr\/site\/","name":"News Est Lyonnais","description":"L&#039;actualit\u00e9 au plus pr\u00e8s","publisher":{"@id":"https:\/\/newsestlyonnais.fr\/site\/#organization"},"potentialAction":[{"@type":"SearchAction","target":{"@type":"EntryPoint","urlTemplate":"https:\/\/newsestlyonnais.fr\/site\/?s={search_term_string}"},"query-input":{"@type":"PropertyValueSpecification","valueRequired":true,"valueName":"search_term_string"}}],"inLanguage":"fr-FR"},{"@type":"Organization","@id":"https:\/\/newsestlyonnais.fr\/site\/#organization","name":"News EST LYONNAIS","url":"https:\/\/newsestlyonnais.fr\/site\/","logo":{"@type":"ImageObject","inLanguage":"fr-FR","@id":"https:\/\/newsestlyonnais.fr\/site\/#\/schema\/logo\/image\/","url":"","contentUrl":"","caption":"News EST LYONNAIS"},"image":{"@id":"https:\/\/newsestlyonnais.fr\/site\/#\/schema\/logo\/image\/"}},{"@type":"Person","@id":"https:\/\/newsestlyonnais.fr\/site\/#\/schema\/person\/3230d5615f390bb808365d673001e887","name":"R\u00e9dac. NEWS","sameAs":["http:\/\/www.newsestlyonnais.fr","https:\/\/www.facebook.com\/pascal.oberson.1?fref=ts","https:\/\/fr.linkedin.com\/in\/pascal-oberson-b17045113"],"url":"https:\/\/newsestlyonnais.fr\/site\/author\/nel\/"}]}},"_links":{"self":[{"href":"https:\/\/newsestlyonnais.fr\/site\/wp-json\/wp\/v2\/posts\/150803","targetHints":{"allow":["GET"]}}],"collection":[{"href":"https:\/\/newsestlyonnais.fr\/site\/wp-json\/wp\/v2\/posts"}],"about":[{"href":"https:\/\/newsestlyonnais.fr\/site\/wp-json\/wp\/v2\/types\/post"}],"author":[{"embeddable":true,"href":"https:\/\/newsestlyonnais.fr\/site\/wp-json\/wp\/v2\/users\/4"}],"replies":[{"embeddable":true,"href":"https:\/\/newsestlyonnais.fr\/site\/wp-json\/wp\/v2\/comments?post=150803"}],"version-history":[{"count":0,"href":"https:\/\/newsestlyonnais.fr\/site\/wp-json\/wp\/v2\/posts\/150803\/revisions"}],"wp:featuredmedia":[{"embeddable":true,"href":"https:\/\/newsestlyonnais.fr\/site\/wp-json\/wp\/v2\/media\/150804"}],"wp:attachment":[{"href":"https:\/\/newsestlyonnais.fr\/site\/wp-json\/wp\/v2\/media?parent=150803"}],"wp:term":[{"taxonomy":"category","embeddable":true,"href":"https:\/\/newsestlyonnais.fr\/site\/wp-json\/wp\/v2\/categories?post=150803"},{"taxonomy":"post_tag","embeddable":true,"href":"https:\/\/newsestlyonnais.fr\/site\/wp-json\/wp\/v2\/tags?post=150803"}],"curies":[{"name":"wp","href":"https:\/\/api.w.org\/{rel}","templated":true}]}}