{"id":150929,"date":"2022-03-18T16:00:29","date_gmt":"2022-03-18T15:00:29","guid":{"rendered":"https:\/\/newsestlyonnais.fr\/site\/?p=150929"},"modified":"2022-03-20T15:21:42","modified_gmt":"2022-03-20T14:21:42","slug":"villeurbanne-retour-sur-le-villeurdames","status":"publish","type":"post","link":"https:\/\/newsestlyonnais.fr\/site\/2022\/03\/18\/villeurbanne-retour-sur-le-villeurdames\/","title":{"rendered":"VILLEURBANNE | Retour sur le Villeur&rsquo;dames"},"content":{"rendered":"<p><strong>Comp\u00e9tition d\u00e9roul\u00e9e en 5 s\u00e9ries et 9 tableaux avec des simples disput\u00e9s le samedi et les doubles le dimanche.<\/strong><\/p>\n<p>Une reprise pour ce tournoi officiel habituellement organis\u00e9 en novembre et qui n&rsquo;a pu avoir lieu depuis 2019. Deux membres du bureau du club villeurbannais l&rsquo;ont pr\u00e9par\u00e9 depuis 3 mois, Anne-Sophie Thivolle (pour l&rsquo;organisation) et Jeanne Grea (r\u00e9compenses et lots d&rsquo;accueil). <strong>Une 8\u00b0 \u00e9dition qui aura rassembl\u00e9 le temps d&rsquo;un week-end, pas moins d&rsquo;une vingtaine de b\u00e9n\u00e9voles<\/strong> et qui aura \u00e9t\u00e9 exemplaire \u00e0 plusieurs titres, de par son esprit comp\u00e9titif, caritatif et convivial !<\/p>\n<p>A noter la buvette (prix libre et bio \u00e0 90 %), le tri des d\u00e9chets, des lots minimalistes (cotons r\u00e9utilisables) dans le but de <strong>pouvoir reverser un b\u00e9n\u00e9fice maximum au centre L\u00e9on B\u00e9rard, pour la lutte contre le cancer du sein<\/strong>.<\/p>\n<p>68 inscriptions ont \u00e9t\u00e9 enregistr\u00e9es, des comp\u00e9titrices de 20 clubs de la r\u00e9gion et parmi elles une quinzaine du club organisateur qui ont \u00e9galement proc\u00e9d\u00e9 au r\u00e8glement de leur inscription. Les rencontres auto-arbitr\u00e9es \u00e9taient supervis\u00e9es par Maxence, juge-arbitre r\u00e9gional, lui m\u00eame joueur et licenci\u00e9 \u00e0 Chassieu et qui a revers\u00e9 ses frais \u00e0 l&rsquo;organisation.<\/p>\n<p><em><strong>Un tournoi, z\u00e9ro b\u00e9n\u00e9fice, ce qui est une raret\u00e9 et toujours bien appr\u00e9ci\u00e9 pour son ambiance et du fait qu&rsquo;il soit aussi pour une bonne cause.<\/strong><\/em><\/p>\n<p><span style=\"background-color: #000000; color: #ffffff;\"><strong>PHOTO A LA UNE<\/strong><\/span> : <strong>les organisatrices : Anne-Sophie Thivolle et Jeanne Grea et au centre le pr\u00e9sident J\u00e9r\u00f4me Tassara.<\/strong><\/p>\n<hr \/>\n<hr \/>\n<ul>\n<li><strong><span style=\"background-color: #000000; color: #ffffff; font-size: 14pt;\"><span style=\"color: #ffcc00;\">Retrouvez prochainement l&rsquo;interview du pr\u00e9sident<\/span> <\/span><br \/>\n<\/strong><\/li>\n<\/ul>\n<hr \/>\n<hr \/>\n<ul>\n<li><strong><span style=\"background-color: #000000; color: #ffffff;\">Toute l&rsquo;ACTU<\/span> du Badminton Club Villeurbannais sur :\u00a0<span style=\"color: #0000ff;\"><a style=\"color: #0000ff;\" href=\"https:\/\/www.villeurbad.fr\">https:\/\/www.villeurbad.fr<\/a>\u00a0 <\/span><\/strong><\/li>\n<\/ul>\n<hr \/>\n<hr \/>\n<p><img loading=\"lazy\" decoding=\"async\" class=\"aligncenter size-large wp-image-151177\" src=\"https:\/\/newsestlyonnais.fr\/site\/wp-content\/uploads\/2022\/03\/TempPdfpalmares_13945-page-001-650x920.jpg\" alt=\"\" width=\"530\" height=\"750\" srcset=\"https:\/\/newsestlyonnais.fr\/site\/wp-content\/uploads\/2022\/03\/TempPdfpalmares_13945-page-001-650x920.jpg 650w, https:\/\/newsestlyonnais.fr\/site\/wp-content\/uploads\/2022\/03\/TempPdfpalmares_13945-page-001-400x566.jpg 400w, https:\/\/newsestlyonnais.fr\/site\/wp-content\/uploads\/2022\/03\/TempPdfpalmares_13945-page-001-250x354.jpg 250w, https:\/\/newsestlyonnais.fr\/site\/wp-content\/uploads\/2022\/03\/TempPdfpalmares_13945-page-001-768x1087.jpg 768w, https:\/\/newsestlyonnais.fr\/site\/wp-content\/uploads\/2022\/03\/TempPdfpalmares_13945-page-001-150x212.jpg 150w, https:\/\/newsestlyonnais.fr\/site\/wp-content\/uploads\/2022\/03\/TempPdfpalmares_13945-page-001-50x71.jpg 50w, https:\/\/newsestlyonnais.fr\/site\/wp-content\/uploads\/2022\/03\/TempPdfpalmares_13945-page-001-100x142.jpg 100w, https:\/\/newsestlyonnais.fr\/site\/wp-content\/uploads\/2022\/03\/TempPdfpalmares_13945-page-001-200x283.jpg 200w, https:\/\/newsestlyonnais.fr\/site\/wp-content\/uploads\/2022\/03\/TempPdfpalmares_13945-page-001-300x425.jpg 300w, https:\/\/newsestlyonnais.fr\/site\/wp-content\/uploads\/2022\/03\/TempPdfpalmares_13945-page-001-350x495.jpg 350w, https:\/\/newsestlyonnais.fr\/site\/wp-content\/uploads\/2022\/03\/TempPdfpalmares_13945-page-001-450x637.jpg 450w, https:\/\/newsestlyonnais.fr\/site\/wp-content\/uploads\/2022\/03\/TempPdfpalmares_13945-page-001-500x708.jpg 500w, https:\/\/newsestlyonnais.fr\/site\/wp-content\/uploads\/2022\/03\/TempPdfpalmares_13945-page-001-550x778.jpg 550w, https:\/\/newsestlyonnais.fr\/site\/wp-content\/uploads\/2022\/03\/TempPdfpalmares_13945-page-001-800x1132.jpg 800w, https:\/\/newsestlyonnais.fr\/site\/wp-content\/uploads\/2022\/03\/TempPdfpalmares_13945-page-001.jpg 848w\" sizes=\"auto, (max-width: 530px) 100vw, 530px\" \/><\/p>\n<div id='gallery-1' class='gallery galleryid-150929 gallery-columns-2 gallery-size-large'><figure class='gallery-item'>\n\t\t\t<div class='gallery-icon portrait'>\n\t\t\t\t<a href='https:\/\/newsestlyonnais.fr\/site\/2022\/03\/18\/villeurbanne-retour-sur-le-villeurdames\/newsestlyonnais-bas-vill\/'><img loading=\"lazy\" decoding=\"async\" width=\"562\" height=\"750\" src=\"https:\/\/newsestlyonnais.fr\/site\/wp-content\/uploads\/2022\/03\/NEWSESTLYONNAIS-BAS-VILL-650x867.jpg\" class=\"attachment-large size-large\" alt=\"\" aria-describedby=\"gallery-1-151052\" srcset=\"https:\/\/newsestlyonnais.fr\/site\/wp-content\/uploads\/2022\/03\/NEWSESTLYONNAIS-BAS-VILL-650x867.jpg 650w, https:\/\/newsestlyonnais.fr\/site\/wp-content\/uploads\/2022\/03\/NEWSESTLYONNAIS-BAS-VILL-400x533.jpg 400w, https:\/\/newsestlyonnais.fr\/site\/wp-content\/uploads\/2022\/03\/NEWSESTLYONNAIS-BAS-VILL-250x333.jpg 250w, https:\/\/newsestlyonnais.fr\/site\/wp-content\/uploads\/2022\/03\/NEWSESTLYONNAIS-BAS-VILL-768x1024.jpg 768w, https:\/\/newsestlyonnais.fr\/site\/wp-content\/uploads\/2022\/03\/NEWSESTLYONNAIS-BAS-VILL-1152x1536.jpg 1152w, https:\/\/newsestlyonnais.fr\/site\/wp-content\/uploads\/2022\/03\/NEWSESTLYONNAIS-BAS-VILL-150x200.jpg 150w, https:\/\/newsestlyonnais.fr\/site\/wp-content\/uploads\/2022\/03\/NEWSESTLYONNAIS-BAS-VILL-50x67.jpg 50w, https:\/\/newsestlyonnais.fr\/site\/wp-content\/uploads\/2022\/03\/NEWSESTLYONNAIS-BAS-VILL-100x133.jpg 100w, https:\/\/newsestlyonnais.fr\/site\/wp-content\/uploads\/2022\/03\/NEWSESTLYONNAIS-BAS-VILL-200x267.jpg 200w, https:\/\/newsestlyonnais.fr\/site\/wp-content\/uploads\/2022\/03\/NEWSESTLYONNAIS-BAS-VILL-300x400.jpg 300w, https:\/\/newsestlyonnais.fr\/site\/wp-content\/uploads\/2022\/03\/NEWSESTLYONNAIS-BAS-VILL-350x467.jpg 350w, https:\/\/newsestlyonnais.fr\/site\/wp-content\/uploads\/2022\/03\/NEWSESTLYONNAIS-BAS-VILL-450x600.jpg 450w, https:\/\/newsestlyonnais.fr\/site\/wp-content\/uploads\/2022\/03\/NEWSESTLYONNAIS-BAS-VILL-500x667.jpg 500w, https:\/\/newsestlyonnais.fr\/site\/wp-content\/uploads\/2022\/03\/NEWSESTLYONNAIS-BAS-VILL-550x733.jpg 550w, https:\/\/newsestlyonnais.fr\/site\/wp-content\/uploads\/2022\/03\/NEWSESTLYONNAIS-BAS-VILL-800x1067.jpg 800w, https:\/\/newsestlyonnais.fr\/site\/wp-content\/uploads\/2022\/03\/NEWSESTLYONNAIS-BAS-VILL-1200x1600.jpg 1200w, https:\/\/newsestlyonnais.fr\/site\/wp-content\/uploads\/2022\/03\/NEWSESTLYONNAIS-BAS-VILL-1320x1760.jpg 1320w, https:\/\/newsestlyonnais.fr\/site\/wp-content\/uploads\/2022\/03\/NEWSESTLYONNAIS-BAS-VILL.jpg 1536w\" sizes=\"auto, (max-width: 562px) 100vw, 562px\" \/><\/a>\n\t\t\t<\/div>\n\t\t\t\t<figcaption class='wp-caption-text gallery-caption' id='gallery-1-151052'>\n\t\t\t\tMaxence (juge-arbitre), A.S. Thivolle (co-organisatrice)\n\t\t\t\t<\/figcaption><\/figure><figure class='gallery-item'>\n\t\t\t<div class='gallery-icon portrait'>\n\t\t\t\t<a href='https:\/\/newsestlyonnais.fr\/site\/events\/villeurbanne-villeurdames-tournoi-bad-100-feminin-2\/newsestlyonnais-vilel-bad\/'><img loading=\"lazy\" decoding=\"async\" width=\"530\" height=\"750\" src=\"https:\/\/newsestlyonnais.fr\/site\/wp-content\/uploads\/2020\/10\/NEWSESTLYONNAIS-VILEL-BAD-650x920.jpg\" class=\"attachment-large size-large\" alt=\"\" srcset=\"https:\/\/newsestlyonnais.fr\/site\/wp-content\/uploads\/2020\/10\/NEWSESTLYONNAIS-VILEL-BAD-650x920.jpg 650w, https:\/\/newsestlyonnais.fr\/site\/wp-content\/uploads\/2020\/10\/NEWSESTLYONNAIS-VILEL-BAD-400x566.jpg 400w, https:\/\/newsestlyonnais.fr\/site\/wp-content\/uploads\/2020\/10\/NEWSESTLYONNAIS-VILEL-BAD-250x354.jpg 250w, https:\/\/newsestlyonnais.fr\/site\/wp-content\/uploads\/2020\/10\/NEWSESTLYONNAIS-VILEL-BAD-768x1087.jpg 768w, https:\/\/newsestlyonnais.fr\/site\/wp-content\/uploads\/2020\/10\/NEWSESTLYONNAIS-VILEL-BAD-150x212.jpg 150w, https:\/\/newsestlyonnais.fr\/site\/wp-content\/uploads\/2020\/10\/NEWSESTLYONNAIS-VILEL-BAD-50x71.jpg 50w, https:\/\/newsestlyonnais.fr\/site\/wp-content\/uploads\/2020\/10\/NEWSESTLYONNAIS-VILEL-BAD-100x142.jpg 100w, https:\/\/newsestlyonnais.fr\/site\/wp-content\/uploads\/2020\/10\/NEWSESTLYONNAIS-VILEL-BAD-200x283.jpg 200w, https:\/\/newsestlyonnais.fr\/site\/wp-content\/uploads\/2020\/10\/NEWSESTLYONNAIS-VILEL-BAD-300x425.jpg 300w, https:\/\/newsestlyonnais.fr\/site\/wp-content\/uploads\/2020\/10\/NEWSESTLYONNAIS-VILEL-BAD-350x495.jpg 350w, https:\/\/newsestlyonnais.fr\/site\/wp-content\/uploads\/2020\/10\/NEWSESTLYONNAIS-VILEL-BAD-450x637.jpg 450w, https:\/\/newsestlyonnais.fr\/site\/wp-content\/uploads\/2020\/10\/NEWSESTLYONNAIS-VILEL-BAD-500x708.jpg 500w, https:\/\/newsestlyonnais.fr\/site\/wp-content\/uploads\/2020\/10\/NEWSESTLYONNAIS-VILEL-BAD-550x778.jpg 550w, https:\/\/newsestlyonnais.fr\/site\/wp-content\/uploads\/2020\/10\/NEWSESTLYONNAIS-VILEL-BAD-800x1132.jpg 800w, https:\/\/newsestlyonnais.fr\/site\/wp-content\/uploads\/2020\/10\/NEWSESTLYONNAIS-VILEL-BAD.jpg 848w\" sizes=\"auto, (max-width: 530px) 100vw, 530px\" \/><\/a>\n\t\t\t<\/div><\/figure>\n\t\t<\/div>\n\n","protected":false},"excerpt":{"rendered":"<p>Un tournoi de badminton caritatif et 100% f\u00e9minin, organis\u00e9 le week-end par le Badminton Club Villeurbannais. <\/p>\n","protected":false},"author":4,"featured_media":151051,"comment_status":"open","ping_status":"open","sticky":false,"template":"","format":"standard","meta":{"footnotes":""},"categories":[1321,3421,2,29],"tags":[2090,2092,2091],"class_list":["post-150929","post","type-post","status-publish","format-standard","has-post-thumbnail","hentry","category-bad-racketlon-squash","category-feminin-actu-au","category-sports","category-villeurbanne","tag-badminton","tag-villeurbad","tag-villeurbanne"],"yoast_head":"<!-- This site is optimized with the Yoast SEO plugin v27.2 - https:\/\/yoast.com\/product\/yoast-seo-wordpress\/ -->\n<title>VILLEURBANNE | Retour sur le Villeur&#039;dames - News Est Lyonnais<\/title>\n<meta name=\"description\" content=\"VILLEURBANNE | Retour sur le Villeur&#039;dames\" \/>\n<meta name=\"robots\" content=\"index, follow, max-snippet:-1, max-image-preview:large, max-video-preview:-1\" \/>\n<link rel=\"canonical\" href=\"https:\/\/newsestlyonnais.fr\/site\/2022\/03\/18\/villeurbanne-retour-sur-le-villeurdames\/\" \/>\n<meta property=\"og:locale\" content=\"fr_FR\" \/>\n<meta property=\"og:type\" content=\"article\" \/>\n<meta property=\"og:title\" content=\"VILLEURBANNE | Retour sur le Villeur&#039;dames - News Est Lyonnais\" \/>\n<meta property=\"og:description\" content=\"VILLEURBANNE | Retour sur le Villeur&#039;dames\" \/>\n<meta property=\"og:url\" content=\"https:\/\/newsestlyonnais.fr\/site\/2022\/03\/18\/villeurbanne-retour-sur-le-villeurdames\/\" \/>\n<meta property=\"og:site_name\" content=\"News Est Lyonnais\" \/>\n<meta property=\"article:author\" content=\"https:\/\/www.facebook.com\/pascal.oberson.1?fref=ts\" \/>\n<meta property=\"article:published_time\" content=\"2022-03-18T15:00:29+00:00\" \/>\n<meta property=\"article:modified_time\" content=\"2022-03-20T14:21:42+00:00\" \/>\n<meta property=\"og:image\" content=\"https:\/\/newsestlyonnais.fr\/site\/wp-content\/uploads\/2022\/03\/P1470031.jpg\" \/>\n\t<meta property=\"og:image:width\" content=\"1200\" \/>\n\t<meta property=\"og:image:height\" content=\"900\" \/>\n\t<meta property=\"og:image:type\" content=\"image\/jpeg\" \/>\n<meta name=\"author\" content=\"R\u00e9dac. NEWS\" \/>\n<meta name=\"twitter:card\" content=\"summary_large_image\" \/>\n<meta name=\"twitter:label1\" content=\"\u00c9crit par\" \/>\n\t<meta name=\"twitter:data1\" content=\"R\u00e9dac. NEWS\" \/>\n\t<meta name=\"twitter:label2\" content=\"Dur\u00e9e de lecture estim\u00e9e\" \/>\n\t<meta name=\"twitter:data2\" content=\"2 minutes\" \/>\n<script type=\"application\/ld+json\" class=\"yoast-schema-graph\">{\"@context\":\"https:\/\/schema.org\",\"@graph\":[{\"@type\":\"Article\",\"@id\":\"https:\/\/newsestlyonnais.fr\/site\/2022\/03\/18\/villeurbanne-retour-sur-le-villeurdames\/#article\",\"isPartOf\":{\"@id\":\"https:\/\/newsestlyonnais.fr\/site\/2022\/03\/18\/villeurbanne-retour-sur-le-villeurdames\/\"},\"author\":{\"name\":\"R\u00e9dac. NEWS\",\"@id\":\"https:\/\/newsestlyonnais.fr\/site\/#\/schema\/person\/3230d5615f390bb808365d673001e887\"},\"headline\":\"VILLEURBANNE | Retour sur le Villeur&rsquo;dames\",\"datePublished\":\"2022-03-18T15:00:29+00:00\",\"dateModified\":\"2022-03-20T14:21:42+00:00\",\"mainEntityOfPage\":{\"@id\":\"https:\/\/newsestlyonnais.fr\/site\/2022\/03\/18\/villeurbanne-retour-sur-le-villeurdames\/\"},\"wordCount\":290,\"commentCount\":0,\"publisher\":{\"@id\":\"https:\/\/newsestlyonnais.fr\/site\/#organization\"},\"image\":{\"@id\":\"https:\/\/newsestlyonnais.fr\/site\/2022\/03\/18\/villeurbanne-retour-sur-le-villeurdames\/#primaryimage\"},\"thumbnailUrl\":\"https:\/\/newsestlyonnais.fr\/site\/wp-content\/uploads\/2022\/03\/P1470031.jpg\",\"keywords\":[\"BADMINTON\",\"Villeur'bad\",\"VILLEURBANNE\"],\"articleSection\":[\"Bad | Racketlon | Squash\",\"F\u00e9minin (Actu au)\",\"Sports\",\"Villeurbanne\"],\"inLanguage\":\"fr-FR\",\"potentialAction\":[{\"@type\":\"CommentAction\",\"name\":\"Comment\",\"target\":[\"https:\/\/newsestlyonnais.fr\/site\/2022\/03\/18\/villeurbanne-retour-sur-le-villeurdames\/#respond\"]}]},{\"@type\":\"WebPage\",\"@id\":\"https:\/\/newsestlyonnais.fr\/site\/2022\/03\/18\/villeurbanne-retour-sur-le-villeurdames\/\",\"url\":\"https:\/\/newsestlyonnais.fr\/site\/2022\/03\/18\/villeurbanne-retour-sur-le-villeurdames\/\",\"name\":\"VILLEURBANNE | Retour sur le Villeur'dames - News Est Lyonnais\",\"isPartOf\":{\"@id\":\"https:\/\/newsestlyonnais.fr\/site\/#website\"},\"primaryImageOfPage\":{\"@id\":\"https:\/\/newsestlyonnais.fr\/site\/2022\/03\/18\/villeurbanne-retour-sur-le-villeurdames\/#primaryimage\"},\"image\":{\"@id\":\"https:\/\/newsestlyonnais.fr\/site\/2022\/03\/18\/villeurbanne-retour-sur-le-villeurdames\/#primaryimage\"},\"thumbnailUrl\":\"https:\/\/newsestlyonnais.fr\/site\/wp-content\/uploads\/2022\/03\/P1470031.jpg\",\"datePublished\":\"2022-03-18T15:00:29+00:00\",\"dateModified\":\"2022-03-20T14:21:42+00:00\",\"description\":\"VILLEURBANNE | Retour sur le Villeur'dames\",\"breadcrumb\":{\"@id\":\"https:\/\/newsestlyonnais.fr\/site\/2022\/03\/18\/villeurbanne-retour-sur-le-villeurdames\/#breadcrumb\"},\"inLanguage\":\"fr-FR\",\"potentialAction\":[{\"@type\":\"ReadAction\",\"target\":[\"https:\/\/newsestlyonnais.fr\/site\/2022\/03\/18\/villeurbanne-retour-sur-le-villeurdames\/\"]}]},{\"@type\":\"ImageObject\",\"inLanguage\":\"fr-FR\",\"@id\":\"https:\/\/newsestlyonnais.fr\/site\/2022\/03\/18\/villeurbanne-retour-sur-le-villeurdames\/#primaryimage\",\"url\":\"https:\/\/newsestlyonnais.fr\/site\/wp-content\/uploads\/2022\/03\/P1470031.jpg\",\"contentUrl\":\"https:\/\/newsestlyonnais.fr\/site\/wp-content\/uploads\/2022\/03\/P1470031.jpg\",\"width\":1200,\"height\":900},{\"@type\":\"BreadcrumbList\",\"@id\":\"https:\/\/newsestlyonnais.fr\/site\/2022\/03\/18\/villeurbanne-retour-sur-le-villeurdames\/#breadcrumb\",\"itemListElement\":[{\"@type\":\"ListItem\",\"position\":1,\"name\":\"Accueil\",\"item\":\"https:\/\/newsestlyonnais.fr\/site\/\"},{\"@type\":\"ListItem\",\"position\":2,\"name\":\"VILLEURBANNE | Retour sur le Villeur&rsquo;dames\"}]},{\"@type\":\"WebSite\",\"@id\":\"https:\/\/newsestlyonnais.fr\/site\/#website\",\"url\":\"https:\/\/newsestlyonnais.fr\/site\/\",\"name\":\"News Est Lyonnais\",\"description\":\"L&#039;actualit\u00e9 au plus pr\u00e8s\",\"publisher\":{\"@id\":\"https:\/\/newsestlyonnais.fr\/site\/#organization\"},\"potentialAction\":[{\"@type\":\"SearchAction\",\"target\":{\"@type\":\"EntryPoint\",\"urlTemplate\":\"https:\/\/newsestlyonnais.fr\/site\/?s={search_term_string}\"},\"query-input\":{\"@type\":\"PropertyValueSpecification\",\"valueRequired\":true,\"valueName\":\"search_term_string\"}}],\"inLanguage\":\"fr-FR\"},{\"@type\":\"Organization\",\"@id\":\"https:\/\/newsestlyonnais.fr\/site\/#organization\",\"name\":\"News EST LYONNAIS\",\"url\":\"https:\/\/newsestlyonnais.fr\/site\/\",\"logo\":{\"@type\":\"ImageObject\",\"inLanguage\":\"fr-FR\",\"@id\":\"https:\/\/newsestlyonnais.fr\/site\/#\/schema\/logo\/image\/\",\"url\":\"\",\"contentUrl\":\"\",\"caption\":\"News EST LYONNAIS\"},\"image\":{\"@id\":\"https:\/\/newsestlyonnais.fr\/site\/#\/schema\/logo\/image\/\"}},{\"@type\":\"Person\",\"@id\":\"https:\/\/newsestlyonnais.fr\/site\/#\/schema\/person\/3230d5615f390bb808365d673001e887\",\"name\":\"R\u00e9dac. NEWS\",\"sameAs\":[\"http:\/\/www.newsestlyonnais.fr\",\"https:\/\/www.facebook.com\/pascal.oberson.1?fref=ts\",\"https:\/\/fr.linkedin.com\/in\/pascal-oberson-b17045113\"],\"url\":\"https:\/\/newsestlyonnais.fr\/site\/author\/nel\/\"}]}<\/script>\n<!-- \/ Yoast SEO plugin. -->","yoast_head_json":{"title":"VILLEURBANNE | Retour sur le Villeur'dames - News Est Lyonnais","description":"VILLEURBANNE | Retour sur le Villeur'dames","robots":{"index":"index","follow":"follow","max-snippet":"max-snippet:-1","max-image-preview":"max-image-preview:large","max-video-preview":"max-video-preview:-1"},"canonical":"https:\/\/newsestlyonnais.fr\/site\/2022\/03\/18\/villeurbanne-retour-sur-le-villeurdames\/","og_locale":"fr_FR","og_type":"article","og_title":"VILLEURBANNE | Retour sur le Villeur'dames - News Est Lyonnais","og_description":"VILLEURBANNE | Retour sur le Villeur'dames","og_url":"https:\/\/newsestlyonnais.fr\/site\/2022\/03\/18\/villeurbanne-retour-sur-le-villeurdames\/","og_site_name":"News Est Lyonnais","article_author":"https:\/\/www.facebook.com\/pascal.oberson.1?fref=ts","article_published_time":"2022-03-18T15:00:29+00:00","article_modified_time":"2022-03-20T14:21:42+00:00","og_image":[{"width":1200,"height":900,"url":"https:\/\/newsestlyonnais.fr\/site\/wp-content\/uploads\/2022\/03\/P1470031.jpg","type":"image\/jpeg"}],"author":"R\u00e9dac. NEWS","twitter_card":"summary_large_image","twitter_misc":{"\u00c9crit par":"R\u00e9dac. NEWS","Dur\u00e9e de lecture estim\u00e9e":"2 minutes"},"schema":{"@context":"https:\/\/schema.org","@graph":[{"@type":"Article","@id":"https:\/\/newsestlyonnais.fr\/site\/2022\/03\/18\/villeurbanne-retour-sur-le-villeurdames\/#article","isPartOf":{"@id":"https:\/\/newsestlyonnais.fr\/site\/2022\/03\/18\/villeurbanne-retour-sur-le-villeurdames\/"},"author":{"name":"R\u00e9dac. NEWS","@id":"https:\/\/newsestlyonnais.fr\/site\/#\/schema\/person\/3230d5615f390bb808365d673001e887"},"headline":"VILLEURBANNE | Retour sur le Villeur&rsquo;dames","datePublished":"2022-03-18T15:00:29+00:00","dateModified":"2022-03-20T14:21:42+00:00","mainEntityOfPage":{"@id":"https:\/\/newsestlyonnais.fr\/site\/2022\/03\/18\/villeurbanne-retour-sur-le-villeurdames\/"},"wordCount":290,"commentCount":0,"publisher":{"@id":"https:\/\/newsestlyonnais.fr\/site\/#organization"},"image":{"@id":"https:\/\/newsestlyonnais.fr\/site\/2022\/03\/18\/villeurbanne-retour-sur-le-villeurdames\/#primaryimage"},"thumbnailUrl":"https:\/\/newsestlyonnais.fr\/site\/wp-content\/uploads\/2022\/03\/P1470031.jpg","keywords":["BADMINTON","Villeur'bad","VILLEURBANNE"],"articleSection":["Bad | Racketlon | Squash","F\u00e9minin (Actu au)","Sports","Villeurbanne"],"inLanguage":"fr-FR","potentialAction":[{"@type":"CommentAction","name":"Comment","target":["https:\/\/newsestlyonnais.fr\/site\/2022\/03\/18\/villeurbanne-retour-sur-le-villeurdames\/#respond"]}]},{"@type":"WebPage","@id":"https:\/\/newsestlyonnais.fr\/site\/2022\/03\/18\/villeurbanne-retour-sur-le-villeurdames\/","url":"https:\/\/newsestlyonnais.fr\/site\/2022\/03\/18\/villeurbanne-retour-sur-le-villeurdames\/","name":"VILLEURBANNE | Retour sur le Villeur'dames - News Est Lyonnais","isPartOf":{"@id":"https:\/\/newsestlyonnais.fr\/site\/#website"},"primaryImageOfPage":{"@id":"https:\/\/newsestlyonnais.fr\/site\/2022\/03\/18\/villeurbanne-retour-sur-le-villeurdames\/#primaryimage"},"image":{"@id":"https:\/\/newsestlyonnais.fr\/site\/2022\/03\/18\/villeurbanne-retour-sur-le-villeurdames\/#primaryimage"},"thumbnailUrl":"https:\/\/newsestlyonnais.fr\/site\/wp-content\/uploads\/2022\/03\/P1470031.jpg","datePublished":"2022-03-18T15:00:29+00:00","dateModified":"2022-03-20T14:21:42+00:00","description":"VILLEURBANNE | Retour sur le Villeur'dames","breadcrumb":{"@id":"https:\/\/newsestlyonnais.fr\/site\/2022\/03\/18\/villeurbanne-retour-sur-le-villeurdames\/#breadcrumb"},"inLanguage":"fr-FR","potentialAction":[{"@type":"ReadAction","target":["https:\/\/newsestlyonnais.fr\/site\/2022\/03\/18\/villeurbanne-retour-sur-le-villeurdames\/"]}]},{"@type":"ImageObject","inLanguage":"fr-FR","@id":"https:\/\/newsestlyonnais.fr\/site\/2022\/03\/18\/villeurbanne-retour-sur-le-villeurdames\/#primaryimage","url":"https:\/\/newsestlyonnais.fr\/site\/wp-content\/uploads\/2022\/03\/P1470031.jpg","contentUrl":"https:\/\/newsestlyonnais.fr\/site\/wp-content\/uploads\/2022\/03\/P1470031.jpg","width":1200,"height":900},{"@type":"BreadcrumbList","@id":"https:\/\/newsestlyonnais.fr\/site\/2022\/03\/18\/villeurbanne-retour-sur-le-villeurdames\/#breadcrumb","itemListElement":[{"@type":"ListItem","position":1,"name":"Accueil","item":"https:\/\/newsestlyonnais.fr\/site\/"},{"@type":"ListItem","position":2,"name":"VILLEURBANNE | Retour sur le Villeur&rsquo;dames"}]},{"@type":"WebSite","@id":"https:\/\/newsestlyonnais.fr\/site\/#website","url":"https:\/\/newsestlyonnais.fr\/site\/","name":"News Est Lyonnais","description":"L&#039;actualit\u00e9 au plus pr\u00e8s","publisher":{"@id":"https:\/\/newsestlyonnais.fr\/site\/#organization"},"potentialAction":[{"@type":"SearchAction","target":{"@type":"EntryPoint","urlTemplate":"https:\/\/newsestlyonnais.fr\/site\/?s={search_term_string}"},"query-input":{"@type":"PropertyValueSpecification","valueRequired":true,"valueName":"search_term_string"}}],"inLanguage":"fr-FR"},{"@type":"Organization","@id":"https:\/\/newsestlyonnais.fr\/site\/#organization","name":"News EST LYONNAIS","url":"https:\/\/newsestlyonnais.fr\/site\/","logo":{"@type":"ImageObject","inLanguage":"fr-FR","@id":"https:\/\/newsestlyonnais.fr\/site\/#\/schema\/logo\/image\/","url":"","contentUrl":"","caption":"News EST LYONNAIS"},"image":{"@id":"https:\/\/newsestlyonnais.fr\/site\/#\/schema\/logo\/image\/"}},{"@type":"Person","@id":"https:\/\/newsestlyonnais.fr\/site\/#\/schema\/person\/3230d5615f390bb808365d673001e887","name":"R\u00e9dac. NEWS","sameAs":["http:\/\/www.newsestlyonnais.fr","https:\/\/www.facebook.com\/pascal.oberson.1?fref=ts","https:\/\/fr.linkedin.com\/in\/pascal-oberson-b17045113"],"url":"https:\/\/newsestlyonnais.fr\/site\/author\/nel\/"}]}},"_links":{"self":[{"href":"https:\/\/newsestlyonnais.fr\/site\/wp-json\/wp\/v2\/posts\/150929","targetHints":{"allow":["GET"]}}],"collection":[{"href":"https:\/\/newsestlyonnais.fr\/site\/wp-json\/wp\/v2\/posts"}],"about":[{"href":"https:\/\/newsestlyonnais.fr\/site\/wp-json\/wp\/v2\/types\/post"}],"author":[{"embeddable":true,"href":"https:\/\/newsestlyonnais.fr\/site\/wp-json\/wp\/v2\/users\/4"}],"replies":[{"embeddable":true,"href":"https:\/\/newsestlyonnais.fr\/site\/wp-json\/wp\/v2\/comments?post=150929"}],"version-history":[{"count":0,"href":"https:\/\/newsestlyonnais.fr\/site\/wp-json\/wp\/v2\/posts\/150929\/revisions"}],"wp:featuredmedia":[{"embeddable":true,"href":"https:\/\/newsestlyonnais.fr\/site\/wp-json\/wp\/v2\/media\/151051"}],"wp:attachment":[{"href":"https:\/\/newsestlyonnais.fr\/site\/wp-json\/wp\/v2\/media?parent=150929"}],"wp:term":[{"taxonomy":"category","embeddable":true,"href":"https:\/\/newsestlyonnais.fr\/site\/wp-json\/wp\/v2\/categories?post=150929"},{"taxonomy":"post_tag","embeddable":true,"href":"https:\/\/newsestlyonnais.fr\/site\/wp-json\/wp\/v2\/tags?post=150929"}],"curies":[{"name":"wp","href":"https:\/\/api.w.org\/{rel}","templated":true}]}}