{"id":150995,"date":"2022-03-17T06:05:38","date_gmt":"2022-03-17T05:05:38","guid":{"rendered":"https:\/\/newsestlyonnais.fr\/site\/?p=150995"},"modified":"2022-03-21T11:58:13","modified_gmt":"2022-03-21T10:58:13","slug":"lyon-lions-du-8eme-lancement-de-loperation-tir-a-larc-au-feminin","status":"publish","type":"post","link":"https:\/\/newsestlyonnais.fr\/site\/2022\/03\/17\/lyon-lions-du-8eme-lancement-de-loperation-tir-a-larc-au-feminin\/","title":{"rendered":"LYON | Lions du 8\u00e8me < lancement de l'op\u00e9ration \"Tir \u00e0 l'Arc au F\u00e9minin\""},"content":{"rendered":"<div class=\"cxmmr5t8 oygrvhab hcukyx3x c1et5uql o9v6fnle ii04i59q\">\n<div dir=\"auto\">\n<p>Le club organise des portes-ouvertes pour venir d\u00e9couvrir le tir \u00e0 l&rsquo;arc en partenariat avec la <span style=\"color: #0000ff;\"><a style=\"color: #0000ff;\" href=\"https:\/\/www.facebook.com\/fftiralarc\/?__cft__%5b0%5d=AZXX11cc99N9yI1eUxb_-IK7o6ybtUBBB8doD1pt-EerSdBoex76PLE9gK02VMRjQlQI3WF2bi_jqTzq87sbfjZHZD2SQd-RBM1i5TAuwiXhZUCuhgNRzhYrp2VCyPW-zOe2SCXRLPUe-3OZN3hlyPdHa4kEAl0dnNMiU7YQkpeUPg&amp;__tn__=kK-y-R\">F\u00e9d\u00e9ration Fran\u00e7aise de Tir \u00e0 l&rsquo;Arc<\/a><\/span>. L&rsquo;op\u00e9ration Tir \u00e0 l&rsquo;Arc au Feminin est lanc\u00e9e !<\/p>\n<hr \/>\n<p><em><strong><img loading=\"lazy\" decoding=\"async\" class=\"alignleft wp-image-151000\" src=\"https:\/\/newsestlyonnais.fr\/site\/wp-content\/uploads\/2022\/03\/NEWSESTLYONNAIS-TIR-ARC-FEMININ-400x537.jpg\" alt=\"\" width=\"300\" height=\"403\" srcset=\"https:\/\/newsestlyonnais.fr\/site\/wp-content\/uploads\/2022\/03\/NEWSESTLYONNAIS-TIR-ARC-FEMININ-400x537.jpg 400w, https:\/\/newsestlyonnais.fr\/site\/wp-content\/uploads\/2022\/03\/NEWSESTLYONNAIS-TIR-ARC-FEMININ-650x873.jpg 650w, https:\/\/newsestlyonnais.fr\/site\/wp-content\/uploads\/2022\/03\/NEWSESTLYONNAIS-TIR-ARC-FEMININ-250x336.jpg 250w, https:\/\/newsestlyonnais.fr\/site\/wp-content\/uploads\/2022\/03\/NEWSESTLYONNAIS-TIR-ARC-FEMININ-150x201.jpg 150w, https:\/\/newsestlyonnais.fr\/site\/wp-content\/uploads\/2022\/03\/NEWSESTLYONNAIS-TIR-ARC-FEMININ-50x67.jpg 50w, https:\/\/newsestlyonnais.fr\/site\/wp-content\/uploads\/2022\/03\/NEWSESTLYONNAIS-TIR-ARC-FEMININ-100x134.jpg 100w, https:\/\/newsestlyonnais.fr\/site\/wp-content\/uploads\/2022\/03\/NEWSESTLYONNAIS-TIR-ARC-FEMININ-200x269.jpg 200w, https:\/\/newsestlyonnais.fr\/site\/wp-content\/uploads\/2022\/03\/NEWSESTLYONNAIS-TIR-ARC-FEMININ-300x403.jpg 300w, https:\/\/newsestlyonnais.fr\/site\/wp-content\/uploads\/2022\/03\/NEWSESTLYONNAIS-TIR-ARC-FEMININ-350x470.jpg 350w, https:\/\/newsestlyonnais.fr\/site\/wp-content\/uploads\/2022\/03\/NEWSESTLYONNAIS-TIR-ARC-FEMININ-450x604.jpg 450w, https:\/\/newsestlyonnais.fr\/site\/wp-content\/uploads\/2022\/03\/NEWSESTLYONNAIS-TIR-ARC-FEMININ-500x671.jpg 500w, https:\/\/newsestlyonnais.fr\/site\/wp-content\/uploads\/2022\/03\/NEWSESTLYONNAIS-TIR-ARC-FEMININ-550x738.jpg 550w, https:\/\/newsestlyonnais.fr\/site\/wp-content\/uploads\/2022\/03\/NEWSESTLYONNAIS-TIR-ARC-FEMININ.jpg 715w\" sizes=\"auto, (max-width: 300px) 100vw, 300px\" \/>Rejoignez-les<\/strong><\/em> :<\/p>\n<ul>\n<li><strong>Vendredi 18 mars<\/strong> de 20 h 15 \u00e0 21 h 45.<\/li>\n<li><strong>Samedi 19 mars<\/strong> de 9 h \u00e0 10 h 30 &amp; de 10 h 30 \u00e0 12 h.<\/li>\n<\/ul>\n<p><span style=\"background-color: #000000; color: #ffffff;\"><em><strong>Au gymnase Nelson Paillou, 23 avenue Francis de Pressens\u00e9 \u00e0 Lyon 8<\/strong><\/em>.<\/span><\/p>\n<hr \/>\n<p><strong>Sur inscription obligatoire avec pr\u00e9sentation du pass vaccinal \u00e0 jour <\/strong>:<\/p>\n<p><a href=\"https:\/\/l.facebook.com\/l.php?u=https%3A%2F%2Fxoyondo.com%2Fdp%2F2TaGY1HMPXIPbDO%3Ffbclid%3DIwAR2u1cvreyQJl9kCZZouLKp611MqHEVAmwXadFOuu3meZboe7-VgveQv-jc&amp;h=AT16WHep-2SDIpePA1KnmT9nKWNrwLTQf2hDiIE8K_WdltgSqtfK7IYny9_uedv1GvB7basyMUnrGukezBZlC6Z2VTFpcfgCEwVcP9MApkNo8fBUXsFJxO7aHImVaOXOsLZ6isw8eBeIZ8qBSg8&amp;__tn__=-UK-y-R&amp;c%5b0%5d=AT2455LScHSa_yTlT890boXV1rW9jXcUh9uXlPalc-NvPGSVl8_Hqfy3N2Q-D3aIjD7MEHzlUBYcNRi_NmMsXKa3ejMj9TPs1TdHiMU543q3TuXqhHuAMEOM-tKMFUvjrjBMrdGhO7ruWhIdtV9Dkw2HeI5XaY7JChYq1JtUxDnMQJFdMKqRIWPNo_XSMEKMXz_dA-c\"><span style=\"color: #0000ff;\">https:\/\/xoyondo.com\/dp\/2TaGY1HMPXIPbDO<\/span><\/a><\/p>\n<\/div>\n<\/div>\n<hr \/>\n<p>&nbsp;<\/p>\n","protected":false},"excerpt":{"rendered":"<p>Dans le cadre de la journ\u00e9e des droits des femmes 2022, le club lyonnais pr\u00e9sid\u00e9 par Laurent Beaudroit participe ce week-end \u00e0 cette action f\u00e9d\u00e9rale. <\/p>\n","protected":false},"author":4,"featured_media":151009,"comment_status":"open","ping_status":"open","sticky":false,"template":"","format":"standard","meta":{"footnotes":""},"categories":[3421,1625,2,3894],"tags":[2201,3497,2077,2327],"class_list":["post-150995","post","type-post","status-publish","format-standard","has-post-thumbnail","hentry","category-feminin-actu-au","category-lyon","category-sports","category-tir-a-larc","tag-feminines","tag-lions-du-8","tag-lyon","tag-tir-a-arc"],"yoast_head":"<!-- This site is optimized with the Yoast SEO plugin v27.2 - https:\/\/yoast.com\/product\/yoast-seo-wordpress\/ -->\n<title>LYON | Lions du 8\u00e8me &lt; lancement de l&#039;op\u00e9ration &quot;Tir \u00e0 l&#039;Arc au F\u00e9minin&quot; - News Est Lyonnais<\/title>\n<meta name=\"description\" content=\"LYON | Lions du 8\u00e8me &lt; lancement de l&#039;op\u00e9ration &quot;Tir \u00e0 l&#039;Arc au F\u00e9minin&quot;\" \/>\n<meta name=\"robots\" content=\"index, follow, max-snippet:-1, max-image-preview:large, max-video-preview:-1\" \/>\n<link rel=\"canonical\" href=\"https:\/\/newsestlyonnais.fr\/site\/2022\/03\/17\/lyon-lions-du-8eme-lancement-de-loperation-tir-a-larc-au-feminin\/\" \/>\n<meta property=\"og:locale\" content=\"fr_FR\" \/>\n<meta property=\"og:type\" content=\"article\" \/>\n<meta property=\"og:title\" content=\"LYON | Lions du 8\u00e8me &lt; lancement de l&#039;op\u00e9ration &quot;Tir \u00e0 l&#039;Arc au F\u00e9minin&quot; - News Est Lyonnais\" \/>\n<meta property=\"og:description\" content=\"LYON | Lions du 8\u00e8me &lt; lancement de l&#039;op\u00e9ration &quot;Tir \u00e0 l&#039;Arc au F\u00e9minin&quot;\" \/>\n<meta property=\"og:url\" content=\"https:\/\/newsestlyonnais.fr\/site\/2022\/03\/17\/lyon-lions-du-8eme-lancement-de-loperation-tir-a-larc-au-feminin\/\" \/>\n<meta property=\"og:site_name\" content=\"News Est Lyonnais\" \/>\n<meta property=\"article:author\" content=\"https:\/\/www.facebook.com\/pascal.oberson.1?fref=ts\" \/>\n<meta property=\"article:published_time\" content=\"2022-03-17T05:05:38+00:00\" \/>\n<meta property=\"article:modified_time\" content=\"2022-03-21T10:58:13+00:00\" \/>\n<meta property=\"og:image\" content=\"https:\/\/newsestlyonnais.fr\/site\/wp-content\/uploads\/2022\/03\/P1460876.jpg\" \/>\n\t<meta property=\"og:image:width\" content=\"1200\" \/>\n\t<meta property=\"og:image:height\" content=\"900\" \/>\n\t<meta property=\"og:image:type\" content=\"image\/jpeg\" \/>\n<meta name=\"author\" content=\"R\u00e9dac. NEWS\" \/>\n<meta name=\"twitter:card\" content=\"summary_large_image\" \/>\n<meta name=\"twitter:label1\" content=\"\u00c9crit par\" \/>\n\t<meta name=\"twitter:data1\" content=\"R\u00e9dac. NEWS\" \/>\n\t<meta name=\"twitter:label2\" content=\"Dur\u00e9e de lecture estim\u00e9e\" \/>\n\t<meta name=\"twitter:data2\" content=\"1 minute\" \/>\n<script type=\"application\/ld+json\" class=\"yoast-schema-graph\">{\"@context\":\"https:\/\/schema.org\",\"@graph\":[{\"@type\":\"Article\",\"@id\":\"https:\/\/newsestlyonnais.fr\/site\/2022\/03\/17\/lyon-lions-du-8eme-lancement-de-loperation-tir-a-larc-au-feminin\/#article\",\"isPartOf\":{\"@id\":\"https:\/\/newsestlyonnais.fr\/site\/2022\/03\/17\/lyon-lions-du-8eme-lancement-de-loperation-tir-a-larc-au-feminin\/\"},\"author\":{\"name\":\"R\u00e9dac. NEWS\",\"@id\":\"https:\/\/newsestlyonnais.fr\/site\/#\/schema\/person\/3230d5615f390bb808365d673001e887\"},\"headline\":\"LYON | Lions du 8\u00e8me < lancement de l'op\u00e9ration \\\"Tir \u00e0 l'Arc au F\u00e9minin\\\"\",\"datePublished\":\"2022-03-17T05:05:38+00:00\",\"dateModified\":\"2022-03-21T10:58:13+00:00\",\"mainEntityOfPage\":{\"@id\":\"https:\/\/newsestlyonnais.fr\/site\/2022\/03\/17\/lyon-lions-du-8eme-lancement-de-loperation-tir-a-larc-au-feminin\/\"},\"wordCount\":93,\"commentCount\":0,\"publisher\":{\"@id\":\"https:\/\/newsestlyonnais.fr\/site\/#organization\"},\"image\":{\"@id\":\"https:\/\/newsestlyonnais.fr\/site\/2022\/03\/17\/lyon-lions-du-8eme-lancement-de-loperation-tir-a-larc-au-feminin\/#primaryimage\"},\"thumbnailUrl\":\"https:\/\/newsestlyonnais.fr\/site\/wp-content\/uploads\/2022\/03\/P1460876.jpg\",\"keywords\":[\"FEMININES\",\"LIONS DU 8\u00b0\",\"LYON\",\"tir \u00e0 arc\"],\"articleSection\":[\"F\u00e9minin (Actu au)\",\"Lyon\",\"Sports\",\"Tir \u00e0 l'arc\"],\"inLanguage\":\"fr-FR\",\"potentialAction\":[{\"@type\":\"CommentAction\",\"name\":\"Comment\",\"target\":[\"https:\/\/newsestlyonnais.fr\/site\/2022\/03\/17\/lyon-lions-du-8eme-lancement-de-loperation-tir-a-larc-au-feminin\/#respond\"]}]},{\"@type\":\"WebPage\",\"@id\":\"https:\/\/newsestlyonnais.fr\/site\/2022\/03\/17\/lyon-lions-du-8eme-lancement-de-loperation-tir-a-larc-au-feminin\/\",\"url\":\"https:\/\/newsestlyonnais.fr\/site\/2022\/03\/17\/lyon-lions-du-8eme-lancement-de-loperation-tir-a-larc-au-feminin\/\",\"name\":\"LYON | Lions du 8\u00e8me < lancement de l'op\u00e9ration \\\"Tir \u00e0 l'Arc au F\u00e9minin\\\" - News Est Lyonnais\",\"isPartOf\":{\"@id\":\"https:\/\/newsestlyonnais.fr\/site\/#website\"},\"primaryImageOfPage\":{\"@id\":\"https:\/\/newsestlyonnais.fr\/site\/2022\/03\/17\/lyon-lions-du-8eme-lancement-de-loperation-tir-a-larc-au-feminin\/#primaryimage\"},\"image\":{\"@id\":\"https:\/\/newsestlyonnais.fr\/site\/2022\/03\/17\/lyon-lions-du-8eme-lancement-de-loperation-tir-a-larc-au-feminin\/#primaryimage\"},\"thumbnailUrl\":\"https:\/\/newsestlyonnais.fr\/site\/wp-content\/uploads\/2022\/03\/P1460876.jpg\",\"datePublished\":\"2022-03-17T05:05:38+00:00\",\"dateModified\":\"2022-03-21T10:58:13+00:00\",\"description\":\"LYON | Lions du 8\u00e8me &lt; lancement de l&#039;op\u00e9ration &quot;Tir \u00e0 l&#039;Arc au F\u00e9minin&quot;\",\"breadcrumb\":{\"@id\":\"https:\/\/newsestlyonnais.fr\/site\/2022\/03\/17\/lyon-lions-du-8eme-lancement-de-loperation-tir-a-larc-au-feminin\/#breadcrumb\"},\"inLanguage\":\"fr-FR\",\"potentialAction\":[{\"@type\":\"ReadAction\",\"target\":[\"https:\/\/newsestlyonnais.fr\/site\/2022\/03\/17\/lyon-lions-du-8eme-lancement-de-loperation-tir-a-larc-au-feminin\/\"]}]},{\"@type\":\"ImageObject\",\"inLanguage\":\"fr-FR\",\"@id\":\"https:\/\/newsestlyonnais.fr\/site\/2022\/03\/17\/lyon-lions-du-8eme-lancement-de-loperation-tir-a-larc-au-feminin\/#primaryimage\",\"url\":\"https:\/\/newsestlyonnais.fr\/site\/wp-content\/uploads\/2022\/03\/P1460876.jpg\",\"contentUrl\":\"https:\/\/newsestlyonnais.fr\/site\/wp-content\/uploads\/2022\/03\/P1460876.jpg\",\"width\":1200,\"height\":900},{\"@type\":\"BreadcrumbList\",\"@id\":\"https:\/\/newsestlyonnais.fr\/site\/2022\/03\/17\/lyon-lions-du-8eme-lancement-de-loperation-tir-a-larc-au-feminin\/#breadcrumb\",\"itemListElement\":[{\"@type\":\"ListItem\",\"position\":1,\"name\":\"Accueil\",\"item\":\"https:\/\/newsestlyonnais.fr\/site\/\"},{\"@type\":\"ListItem\",\"position\":2,\"name\":\"LYON | Lions du 8\u00e8me < lancement de l'op\u00e9ration \\\"Tir \u00e0 l'Arc au F\u00e9minin\\\"\"}]},{\"@type\":\"WebSite\",\"@id\":\"https:\/\/newsestlyonnais.fr\/site\/#website\",\"url\":\"https:\/\/newsestlyonnais.fr\/site\/\",\"name\":\"News Est Lyonnais\",\"description\":\"L&#039;actualit\u00e9 au plus pr\u00e8s\",\"publisher\":{\"@id\":\"https:\/\/newsestlyonnais.fr\/site\/#organization\"},\"potentialAction\":[{\"@type\":\"SearchAction\",\"target\":{\"@type\":\"EntryPoint\",\"urlTemplate\":\"https:\/\/newsestlyonnais.fr\/site\/?s={search_term_string}\"},\"query-input\":{\"@type\":\"PropertyValueSpecification\",\"valueRequired\":true,\"valueName\":\"search_term_string\"}}],\"inLanguage\":\"fr-FR\"},{\"@type\":\"Organization\",\"@id\":\"https:\/\/newsestlyonnais.fr\/site\/#organization\",\"name\":\"News EST LYONNAIS\",\"url\":\"https:\/\/newsestlyonnais.fr\/site\/\",\"logo\":{\"@type\":\"ImageObject\",\"inLanguage\":\"fr-FR\",\"@id\":\"https:\/\/newsestlyonnais.fr\/site\/#\/schema\/logo\/image\/\",\"url\":\"\",\"contentUrl\":\"\",\"caption\":\"News EST LYONNAIS\"},\"image\":{\"@id\":\"https:\/\/newsestlyonnais.fr\/site\/#\/schema\/logo\/image\/\"}},{\"@type\":\"Person\",\"@id\":\"https:\/\/newsestlyonnais.fr\/site\/#\/schema\/person\/3230d5615f390bb808365d673001e887\",\"name\":\"R\u00e9dac. NEWS\",\"sameAs\":[\"http:\/\/www.newsestlyonnais.fr\",\"https:\/\/www.facebook.com\/pascal.oberson.1?fref=ts\",\"https:\/\/fr.linkedin.com\/in\/pascal-oberson-b17045113\"],\"url\":\"https:\/\/newsestlyonnais.fr\/site\/author\/nel\/\"}]}<\/script>\n<!-- \/ Yoast SEO plugin. -->","yoast_head_json":{"title":"LYON | Lions du 8\u00e8me < lancement de l'op\u00e9ration \"Tir \u00e0 l'Arc au F\u00e9minin\" - News Est Lyonnais","description":"LYON | Lions du 8\u00e8me &lt; lancement de l&#039;op\u00e9ration &quot;Tir \u00e0 l&#039;Arc au F\u00e9minin&quot;","robots":{"index":"index","follow":"follow","max-snippet":"max-snippet:-1","max-image-preview":"max-image-preview:large","max-video-preview":"max-video-preview:-1"},"canonical":"https:\/\/newsestlyonnais.fr\/site\/2022\/03\/17\/lyon-lions-du-8eme-lancement-de-loperation-tir-a-larc-au-feminin\/","og_locale":"fr_FR","og_type":"article","og_title":"LYON | Lions du 8\u00e8me < lancement de l'op\u00e9ration \"Tir \u00e0 l'Arc au F\u00e9minin\" - News Est Lyonnais","og_description":"LYON | Lions du 8\u00e8me &lt; lancement de l&#039;op\u00e9ration &quot;Tir \u00e0 l&#039;Arc au F\u00e9minin&quot;","og_url":"https:\/\/newsestlyonnais.fr\/site\/2022\/03\/17\/lyon-lions-du-8eme-lancement-de-loperation-tir-a-larc-au-feminin\/","og_site_name":"News Est Lyonnais","article_author":"https:\/\/www.facebook.com\/pascal.oberson.1?fref=ts","article_published_time":"2022-03-17T05:05:38+00:00","article_modified_time":"2022-03-21T10:58:13+00:00","og_image":[{"width":1200,"height":900,"url":"https:\/\/newsestlyonnais.fr\/site\/wp-content\/uploads\/2022\/03\/P1460876.jpg","type":"image\/jpeg"}],"author":"R\u00e9dac. NEWS","twitter_card":"summary_large_image","twitter_misc":{"\u00c9crit par":"R\u00e9dac. NEWS","Dur\u00e9e de lecture estim\u00e9e":"1 minute"},"schema":{"@context":"https:\/\/schema.org","@graph":[{"@type":"Article","@id":"https:\/\/newsestlyonnais.fr\/site\/2022\/03\/17\/lyon-lions-du-8eme-lancement-de-loperation-tir-a-larc-au-feminin\/#article","isPartOf":{"@id":"https:\/\/newsestlyonnais.fr\/site\/2022\/03\/17\/lyon-lions-du-8eme-lancement-de-loperation-tir-a-larc-au-feminin\/"},"author":{"name":"R\u00e9dac. NEWS","@id":"https:\/\/newsestlyonnais.fr\/site\/#\/schema\/person\/3230d5615f390bb808365d673001e887"},"headline":"LYON | Lions du 8\u00e8me < lancement de l'op\u00e9ration \"Tir \u00e0 l'Arc au F\u00e9minin\"","datePublished":"2022-03-17T05:05:38+00:00","dateModified":"2022-03-21T10:58:13+00:00","mainEntityOfPage":{"@id":"https:\/\/newsestlyonnais.fr\/site\/2022\/03\/17\/lyon-lions-du-8eme-lancement-de-loperation-tir-a-larc-au-feminin\/"},"wordCount":93,"commentCount":0,"publisher":{"@id":"https:\/\/newsestlyonnais.fr\/site\/#organization"},"image":{"@id":"https:\/\/newsestlyonnais.fr\/site\/2022\/03\/17\/lyon-lions-du-8eme-lancement-de-loperation-tir-a-larc-au-feminin\/#primaryimage"},"thumbnailUrl":"https:\/\/newsestlyonnais.fr\/site\/wp-content\/uploads\/2022\/03\/P1460876.jpg","keywords":["FEMININES","LIONS DU 8\u00b0","LYON","tir \u00e0 arc"],"articleSection":["F\u00e9minin (Actu au)","Lyon","Sports","Tir \u00e0 l'arc"],"inLanguage":"fr-FR","potentialAction":[{"@type":"CommentAction","name":"Comment","target":["https:\/\/newsestlyonnais.fr\/site\/2022\/03\/17\/lyon-lions-du-8eme-lancement-de-loperation-tir-a-larc-au-feminin\/#respond"]}]},{"@type":"WebPage","@id":"https:\/\/newsestlyonnais.fr\/site\/2022\/03\/17\/lyon-lions-du-8eme-lancement-de-loperation-tir-a-larc-au-feminin\/","url":"https:\/\/newsestlyonnais.fr\/site\/2022\/03\/17\/lyon-lions-du-8eme-lancement-de-loperation-tir-a-larc-au-feminin\/","name":"LYON | Lions du 8\u00e8me < lancement de l'op\u00e9ration \"Tir \u00e0 l'Arc au F\u00e9minin\" - News Est Lyonnais","isPartOf":{"@id":"https:\/\/newsestlyonnais.fr\/site\/#website"},"primaryImageOfPage":{"@id":"https:\/\/newsestlyonnais.fr\/site\/2022\/03\/17\/lyon-lions-du-8eme-lancement-de-loperation-tir-a-larc-au-feminin\/#primaryimage"},"image":{"@id":"https:\/\/newsestlyonnais.fr\/site\/2022\/03\/17\/lyon-lions-du-8eme-lancement-de-loperation-tir-a-larc-au-feminin\/#primaryimage"},"thumbnailUrl":"https:\/\/newsestlyonnais.fr\/site\/wp-content\/uploads\/2022\/03\/P1460876.jpg","datePublished":"2022-03-17T05:05:38+00:00","dateModified":"2022-03-21T10:58:13+00:00","description":"LYON | Lions du 8\u00e8me &lt; lancement de l&#039;op\u00e9ration &quot;Tir \u00e0 l&#039;Arc au F\u00e9minin&quot;","breadcrumb":{"@id":"https:\/\/newsestlyonnais.fr\/site\/2022\/03\/17\/lyon-lions-du-8eme-lancement-de-loperation-tir-a-larc-au-feminin\/#breadcrumb"},"inLanguage":"fr-FR","potentialAction":[{"@type":"ReadAction","target":["https:\/\/newsestlyonnais.fr\/site\/2022\/03\/17\/lyon-lions-du-8eme-lancement-de-loperation-tir-a-larc-au-feminin\/"]}]},{"@type":"ImageObject","inLanguage":"fr-FR","@id":"https:\/\/newsestlyonnais.fr\/site\/2022\/03\/17\/lyon-lions-du-8eme-lancement-de-loperation-tir-a-larc-au-feminin\/#primaryimage","url":"https:\/\/newsestlyonnais.fr\/site\/wp-content\/uploads\/2022\/03\/P1460876.jpg","contentUrl":"https:\/\/newsestlyonnais.fr\/site\/wp-content\/uploads\/2022\/03\/P1460876.jpg","width":1200,"height":900},{"@type":"BreadcrumbList","@id":"https:\/\/newsestlyonnais.fr\/site\/2022\/03\/17\/lyon-lions-du-8eme-lancement-de-loperation-tir-a-larc-au-feminin\/#breadcrumb","itemListElement":[{"@type":"ListItem","position":1,"name":"Accueil","item":"https:\/\/newsestlyonnais.fr\/site\/"},{"@type":"ListItem","position":2,"name":"LYON | Lions du 8\u00e8me < lancement de l'op\u00e9ration \"Tir \u00e0 l'Arc au F\u00e9minin\""}]},{"@type":"WebSite","@id":"https:\/\/newsestlyonnais.fr\/site\/#website","url":"https:\/\/newsestlyonnais.fr\/site\/","name":"News Est Lyonnais","description":"L&#039;actualit\u00e9 au plus pr\u00e8s","publisher":{"@id":"https:\/\/newsestlyonnais.fr\/site\/#organization"},"potentialAction":[{"@type":"SearchAction","target":{"@type":"EntryPoint","urlTemplate":"https:\/\/newsestlyonnais.fr\/site\/?s={search_term_string}"},"query-input":{"@type":"PropertyValueSpecification","valueRequired":true,"valueName":"search_term_string"}}],"inLanguage":"fr-FR"},{"@type":"Organization","@id":"https:\/\/newsestlyonnais.fr\/site\/#organization","name":"News EST LYONNAIS","url":"https:\/\/newsestlyonnais.fr\/site\/","logo":{"@type":"ImageObject","inLanguage":"fr-FR","@id":"https:\/\/newsestlyonnais.fr\/site\/#\/schema\/logo\/image\/","url":"","contentUrl":"","caption":"News EST LYONNAIS"},"image":{"@id":"https:\/\/newsestlyonnais.fr\/site\/#\/schema\/logo\/image\/"}},{"@type":"Person","@id":"https:\/\/newsestlyonnais.fr\/site\/#\/schema\/person\/3230d5615f390bb808365d673001e887","name":"R\u00e9dac. NEWS","sameAs":["http:\/\/www.newsestlyonnais.fr","https:\/\/www.facebook.com\/pascal.oberson.1?fref=ts","https:\/\/fr.linkedin.com\/in\/pascal-oberson-b17045113"],"url":"https:\/\/newsestlyonnais.fr\/site\/author\/nel\/"}]}},"_links":{"self":[{"href":"https:\/\/newsestlyonnais.fr\/site\/wp-json\/wp\/v2\/posts\/150995","targetHints":{"allow":["GET"]}}],"collection":[{"href":"https:\/\/newsestlyonnais.fr\/site\/wp-json\/wp\/v2\/posts"}],"about":[{"href":"https:\/\/newsestlyonnais.fr\/site\/wp-json\/wp\/v2\/types\/post"}],"author":[{"embeddable":true,"href":"https:\/\/newsestlyonnais.fr\/site\/wp-json\/wp\/v2\/users\/4"}],"replies":[{"embeddable":true,"href":"https:\/\/newsestlyonnais.fr\/site\/wp-json\/wp\/v2\/comments?post=150995"}],"version-history":[{"count":0,"href":"https:\/\/newsestlyonnais.fr\/site\/wp-json\/wp\/v2\/posts\/150995\/revisions"}],"wp:featuredmedia":[{"embeddable":true,"href":"https:\/\/newsestlyonnais.fr\/site\/wp-json\/wp\/v2\/media\/151009"}],"wp:attachment":[{"href":"https:\/\/newsestlyonnais.fr\/site\/wp-json\/wp\/v2\/media?parent=150995"}],"wp:term":[{"taxonomy":"category","embeddable":true,"href":"https:\/\/newsestlyonnais.fr\/site\/wp-json\/wp\/v2\/categories?post=150995"},{"taxonomy":"post_tag","embeddable":true,"href":"https:\/\/newsestlyonnais.fr\/site\/wp-json\/wp\/v2\/tags?post=150995"}],"curies":[{"name":"wp","href":"https:\/\/api.w.org\/{rel}","templated":true}]}}