{"id":151011,"date":"2022-03-17T06:52:19","date_gmt":"2022-03-17T05:52:19","guid":{"rendered":"https:\/\/newsestlyonnais.fr\/site\/?p=151011"},"modified":"2022-03-17T06:52:19","modified_gmt":"2022-03-17T05:52:19","slug":"genas-signature-dune-convention-premieres-pages","status":"publish","type":"post","link":"https:\/\/newsestlyonnais.fr\/site\/2022\/03\/17\/genas-signature-dune-convention-premieres-pages\/","title":{"rendered":"GENAS | Signature d&rsquo;une convention Premi\u00e8res Pages"},"content":{"rendered":"<p>Apr\u00e8s un spectacle gratuit <em>\u00c0 table ! <\/em>, au Neutrino Th\u00e9\u00e2tre, <strong>Daniel Val\u00e9ro<\/strong>, maire de Genas, et <strong>Martine Publi\u00e9<\/strong>, vice-pr\u00e9sidente du D\u00e9partement du Rh\u00f4ne, en charge de la culture<strong>, ont sign\u00e9 la convention <em>Premi\u00e8res Pages.<\/em><\/strong><\/p>\n<p>Ce dispositif permet <strong>d&rsquo;accompagner les tout-petits genassiens dans la d\u00e9couverte des mots, des sons, des images et plus g\u00e9n\u00e9ralement, de la lecture.<\/strong><\/p>\n<hr \/>\n<p><span style=\"background-color: #000000; color: #ffffff;\">Premi\u00e8res Pages, c\u2019est un abonnement offert, \u00e0 la ludo-m\u00e9diath\u00e8que \u00ab Le Jardin des Imaginaires \u00bb pendant un an, aux membres des familles ayant un enfant n\u00e9 en 2021, ainsi qu&rsquo;un livre illustr\u00e9 de Lucie Albon (auteure illustratrice) install\u00e9e dans la r\u00e9gion, intitul\u00e9 Regarde, \u00e7a bouge !<\/span><\/p>\n<hr \/>\n<p>Fid\u00e8le aux engagements pris dans le cadre du label Ville amie des enfants, d\u00e9cern\u00e9 par le comit\u00e9 fran\u00e7ais pour l\u2019UNICEF, que la commune a obtenu pour la 3\u00e8me fois cons\u00e9cutive en janvier 2021, la Ville de Genas poursuit son projet ambitieux pour l\u2019enfance et la jeunesse, autour de <strong>5 engagements phares<\/strong> :<br \/>\n\u2022 assurer le bien-\u00eatre de chaque enfant \u00e0 travers une dynamique publique locale favorisant et accompagnant son \u00e9panouissement, son respect et son individualit\u00e9 ;<br \/>\n\u2022 affirmer sa volont\u00e9 de lutter contre l&rsquo;exclusion, contre toute forme de discrimination et d&rsquo;agir en faveur de l&rsquo;\u00e9quit\u00e9 ;<br \/>\n\u2022 permettre et proposer un parcours \u00e9ducatif de qualit\u00e9 \u00e0 chaque enfant et jeune de son territoire ;<br \/>\n\u2022 d\u00e9velopper, promouvoir, valoriser et prendre en consid\u00e9ration la participation et l&rsquo;engagement de chaque enfant et jeune ;<br \/>\n\u2022 nouer un partenariat avec l&rsquo;UNICEF France pour contribuer \u00e0 sa mission de veille, de sensibilisation et de respect des droits de l&rsquo;enfant en France et dans le monde.<\/p>\n<hr \/>\n<p><em><strong>Source : communiqu\u00e9 de la Ville de Genas et Photo \u00e0 la une &gt; droits r\u00e9serv\u00e9s Ville<\/strong><\/em><\/p>\n","protected":false},"excerpt":{"rendered":"<p>Mercredi, la Ville, associ\u00e9e au D\u00e9partement du Rh\u00f4ne, a convi\u00e9 les parents d\u2019enfants n\u00e9s en 2021, au lancement du<br \/>\ndispositif, autour d&rsquo;un \u00e9v\u00e9nement convivial et familial. <\/p>\n","protected":false},"author":4,"featured_media":151012,"comment_status":"open","ping_status":"open","sticky":false,"template":"","format":"standard","meta":{"footnotes":""},"categories":[2217,270,171,1598,2983],"tags":[2046,2005,4183],"class_list":["post-151011","post","type-post","status-publish","format-standard","has-post-thumbnail","hentry","category-breves-de-lest-lyonnais","category-cte-de-communes-c-c-e-l","category-enfance-jeunesse","category-genas","category-litterature-bd-mags-2","tag-convention","tag-genas","tag-premieres-pages"],"yoast_head":"<!-- This site is optimized with the Yoast SEO plugin v27.2 - https:\/\/yoast.com\/product\/yoast-seo-wordpress\/ -->\n<title>GENAS | Signature d&#039;une convention Premi\u00e8res Pages - News Est Lyonnais<\/title>\n<meta name=\"description\" content=\"GENAS | Signature d&#039;une convention Premi\u00e8res Pages\" \/>\n<meta name=\"robots\" content=\"index, follow, max-snippet:-1, max-image-preview:large, max-video-preview:-1\" \/>\n<link rel=\"canonical\" href=\"https:\/\/newsestlyonnais.fr\/site\/2022\/03\/17\/genas-signature-dune-convention-premieres-pages\/\" \/>\n<meta property=\"og:locale\" content=\"fr_FR\" \/>\n<meta property=\"og:type\" content=\"article\" \/>\n<meta property=\"og:title\" content=\"GENAS | Signature d&#039;une convention Premi\u00e8res Pages - News Est Lyonnais\" \/>\n<meta property=\"og:description\" content=\"GENAS | Signature d&#039;une convention Premi\u00e8res Pages\" \/>\n<meta property=\"og:url\" content=\"https:\/\/newsestlyonnais.fr\/site\/2022\/03\/17\/genas-signature-dune-convention-premieres-pages\/\" \/>\n<meta property=\"og:site_name\" content=\"News Est Lyonnais\" \/>\n<meta property=\"article:author\" content=\"https:\/\/www.facebook.com\/pascal.oberson.1?fref=ts\" \/>\n<meta property=\"article:published_time\" content=\"2022-03-17T05:52:19+00:00\" \/>\n<meta property=\"og:image\" content=\"https:\/\/newsestlyonnais.fr\/site\/wp-content\/uploads\/2022\/03\/GENAS.jpg\" \/>\n\t<meta property=\"og:image:width\" content=\"429\" \/>\n\t<meta property=\"og:image:height\" content=\"286\" \/>\n\t<meta property=\"og:image:type\" content=\"image\/jpeg\" \/>\n<meta name=\"author\" content=\"R\u00e9dac. NEWS\" \/>\n<meta name=\"twitter:card\" content=\"summary_large_image\" \/>\n<meta name=\"twitter:label1\" content=\"\u00c9crit par\" \/>\n\t<meta name=\"twitter:data1\" content=\"R\u00e9dac. NEWS\" \/>\n\t<meta name=\"twitter:label2\" content=\"Dur\u00e9e de lecture estim\u00e9e\" \/>\n\t<meta name=\"twitter:data2\" content=\"2 minutes\" \/>\n<script type=\"application\/ld+json\" class=\"yoast-schema-graph\">{\"@context\":\"https:\/\/schema.org\",\"@graph\":[{\"@type\":\"Article\",\"@id\":\"https:\/\/newsestlyonnais.fr\/site\/2022\/03\/17\/genas-signature-dune-convention-premieres-pages\/#article\",\"isPartOf\":{\"@id\":\"https:\/\/newsestlyonnais.fr\/site\/2022\/03\/17\/genas-signature-dune-convention-premieres-pages\/\"},\"author\":{\"name\":\"R\u00e9dac. NEWS\",\"@id\":\"https:\/\/newsestlyonnais.fr\/site\/#\/schema\/person\/3230d5615f390bb808365d673001e887\"},\"headline\":\"GENAS | Signature d&rsquo;une convention Premi\u00e8res Pages\",\"datePublished\":\"2022-03-17T05:52:19+00:00\",\"mainEntityOfPage\":{\"@id\":\"https:\/\/newsestlyonnais.fr\/site\/2022\/03\/17\/genas-signature-dune-convention-premieres-pages\/\"},\"wordCount\":299,\"commentCount\":0,\"publisher\":{\"@id\":\"https:\/\/newsestlyonnais.fr\/site\/#organization\"},\"image\":{\"@id\":\"https:\/\/newsestlyonnais.fr\/site\/2022\/03\/17\/genas-signature-dune-convention-premieres-pages\/#primaryimage\"},\"thumbnailUrl\":\"https:\/\/newsestlyonnais.fr\/site\/wp-content\/uploads\/2022\/03\/GENAS.jpg\",\"keywords\":[\"CONVENTION\",\"GENAS\",\"Premi\u00e8res Pages\"],\"articleSection\":[\"Br\u00e8ves de l'Est lyonnais\",\"CCEL | Communes\",\"Enfance | Jeunesse\",\"Genas\",\"Litt\u00e9rature | Bd | Mags\"],\"inLanguage\":\"fr-FR\",\"potentialAction\":[{\"@type\":\"CommentAction\",\"name\":\"Comment\",\"target\":[\"https:\/\/newsestlyonnais.fr\/site\/2022\/03\/17\/genas-signature-dune-convention-premieres-pages\/#respond\"]}]},{\"@type\":\"WebPage\",\"@id\":\"https:\/\/newsestlyonnais.fr\/site\/2022\/03\/17\/genas-signature-dune-convention-premieres-pages\/\",\"url\":\"https:\/\/newsestlyonnais.fr\/site\/2022\/03\/17\/genas-signature-dune-convention-premieres-pages\/\",\"name\":\"GENAS | Signature d'une convention Premi\u00e8res Pages - News Est Lyonnais\",\"isPartOf\":{\"@id\":\"https:\/\/newsestlyonnais.fr\/site\/#website\"},\"primaryImageOfPage\":{\"@id\":\"https:\/\/newsestlyonnais.fr\/site\/2022\/03\/17\/genas-signature-dune-convention-premieres-pages\/#primaryimage\"},\"image\":{\"@id\":\"https:\/\/newsestlyonnais.fr\/site\/2022\/03\/17\/genas-signature-dune-convention-premieres-pages\/#primaryimage\"},\"thumbnailUrl\":\"https:\/\/newsestlyonnais.fr\/site\/wp-content\/uploads\/2022\/03\/GENAS.jpg\",\"datePublished\":\"2022-03-17T05:52:19+00:00\",\"description\":\"GENAS | Signature d'une convention Premi\u00e8res Pages\",\"breadcrumb\":{\"@id\":\"https:\/\/newsestlyonnais.fr\/site\/2022\/03\/17\/genas-signature-dune-convention-premieres-pages\/#breadcrumb\"},\"inLanguage\":\"fr-FR\",\"potentialAction\":[{\"@type\":\"ReadAction\",\"target\":[\"https:\/\/newsestlyonnais.fr\/site\/2022\/03\/17\/genas-signature-dune-convention-premieres-pages\/\"]}]},{\"@type\":\"ImageObject\",\"inLanguage\":\"fr-FR\",\"@id\":\"https:\/\/newsestlyonnais.fr\/site\/2022\/03\/17\/genas-signature-dune-convention-premieres-pages\/#primaryimage\",\"url\":\"https:\/\/newsestlyonnais.fr\/site\/wp-content\/uploads\/2022\/03\/GENAS.jpg\",\"contentUrl\":\"https:\/\/newsestlyonnais.fr\/site\/wp-content\/uploads\/2022\/03\/GENAS.jpg\",\"width\":429,\"height\":286},{\"@type\":\"BreadcrumbList\",\"@id\":\"https:\/\/newsestlyonnais.fr\/site\/2022\/03\/17\/genas-signature-dune-convention-premieres-pages\/#breadcrumb\",\"itemListElement\":[{\"@type\":\"ListItem\",\"position\":1,\"name\":\"Accueil\",\"item\":\"https:\/\/newsestlyonnais.fr\/site\/\"},{\"@type\":\"ListItem\",\"position\":2,\"name\":\"GENAS | Signature d&rsquo;une convention Premi\u00e8res Pages\"}]},{\"@type\":\"WebSite\",\"@id\":\"https:\/\/newsestlyonnais.fr\/site\/#website\",\"url\":\"https:\/\/newsestlyonnais.fr\/site\/\",\"name\":\"News Est Lyonnais\",\"description\":\"L&#039;actualit\u00e9 au plus pr\u00e8s\",\"publisher\":{\"@id\":\"https:\/\/newsestlyonnais.fr\/site\/#organization\"},\"potentialAction\":[{\"@type\":\"SearchAction\",\"target\":{\"@type\":\"EntryPoint\",\"urlTemplate\":\"https:\/\/newsestlyonnais.fr\/site\/?s={search_term_string}\"},\"query-input\":{\"@type\":\"PropertyValueSpecification\",\"valueRequired\":true,\"valueName\":\"search_term_string\"}}],\"inLanguage\":\"fr-FR\"},{\"@type\":\"Organization\",\"@id\":\"https:\/\/newsestlyonnais.fr\/site\/#organization\",\"name\":\"News EST LYONNAIS\",\"url\":\"https:\/\/newsestlyonnais.fr\/site\/\",\"logo\":{\"@type\":\"ImageObject\",\"inLanguage\":\"fr-FR\",\"@id\":\"https:\/\/newsestlyonnais.fr\/site\/#\/schema\/logo\/image\/\",\"url\":\"\",\"contentUrl\":\"\",\"caption\":\"News EST LYONNAIS\"},\"image\":{\"@id\":\"https:\/\/newsestlyonnais.fr\/site\/#\/schema\/logo\/image\/\"}},{\"@type\":\"Person\",\"@id\":\"https:\/\/newsestlyonnais.fr\/site\/#\/schema\/person\/3230d5615f390bb808365d673001e887\",\"name\":\"R\u00e9dac. NEWS\",\"sameAs\":[\"http:\/\/www.newsestlyonnais.fr\",\"https:\/\/www.facebook.com\/pascal.oberson.1?fref=ts\",\"https:\/\/fr.linkedin.com\/in\/pascal-oberson-b17045113\"],\"url\":\"https:\/\/newsestlyonnais.fr\/site\/author\/nel\/\"}]}<\/script>\n<!-- \/ Yoast SEO plugin. -->","yoast_head_json":{"title":"GENAS | Signature d'une convention Premi\u00e8res Pages - News Est Lyonnais","description":"GENAS | Signature d'une convention Premi\u00e8res Pages","robots":{"index":"index","follow":"follow","max-snippet":"max-snippet:-1","max-image-preview":"max-image-preview:large","max-video-preview":"max-video-preview:-1"},"canonical":"https:\/\/newsestlyonnais.fr\/site\/2022\/03\/17\/genas-signature-dune-convention-premieres-pages\/","og_locale":"fr_FR","og_type":"article","og_title":"GENAS | Signature d'une convention Premi\u00e8res Pages - News Est Lyonnais","og_description":"GENAS | Signature d'une convention Premi\u00e8res Pages","og_url":"https:\/\/newsestlyonnais.fr\/site\/2022\/03\/17\/genas-signature-dune-convention-premieres-pages\/","og_site_name":"News Est Lyonnais","article_author":"https:\/\/www.facebook.com\/pascal.oberson.1?fref=ts","article_published_time":"2022-03-17T05:52:19+00:00","og_image":[{"width":429,"height":286,"url":"https:\/\/newsestlyonnais.fr\/site\/wp-content\/uploads\/2022\/03\/GENAS.jpg","type":"image\/jpeg"}],"author":"R\u00e9dac. NEWS","twitter_card":"summary_large_image","twitter_misc":{"\u00c9crit par":"R\u00e9dac. NEWS","Dur\u00e9e de lecture estim\u00e9e":"2 minutes"},"schema":{"@context":"https:\/\/schema.org","@graph":[{"@type":"Article","@id":"https:\/\/newsestlyonnais.fr\/site\/2022\/03\/17\/genas-signature-dune-convention-premieres-pages\/#article","isPartOf":{"@id":"https:\/\/newsestlyonnais.fr\/site\/2022\/03\/17\/genas-signature-dune-convention-premieres-pages\/"},"author":{"name":"R\u00e9dac. NEWS","@id":"https:\/\/newsestlyonnais.fr\/site\/#\/schema\/person\/3230d5615f390bb808365d673001e887"},"headline":"GENAS | Signature d&rsquo;une convention Premi\u00e8res Pages","datePublished":"2022-03-17T05:52:19+00:00","mainEntityOfPage":{"@id":"https:\/\/newsestlyonnais.fr\/site\/2022\/03\/17\/genas-signature-dune-convention-premieres-pages\/"},"wordCount":299,"commentCount":0,"publisher":{"@id":"https:\/\/newsestlyonnais.fr\/site\/#organization"},"image":{"@id":"https:\/\/newsestlyonnais.fr\/site\/2022\/03\/17\/genas-signature-dune-convention-premieres-pages\/#primaryimage"},"thumbnailUrl":"https:\/\/newsestlyonnais.fr\/site\/wp-content\/uploads\/2022\/03\/GENAS.jpg","keywords":["CONVENTION","GENAS","Premi\u00e8res Pages"],"articleSection":["Br\u00e8ves de l'Est lyonnais","CCEL | Communes","Enfance | Jeunesse","Genas","Litt\u00e9rature | Bd | Mags"],"inLanguage":"fr-FR","potentialAction":[{"@type":"CommentAction","name":"Comment","target":["https:\/\/newsestlyonnais.fr\/site\/2022\/03\/17\/genas-signature-dune-convention-premieres-pages\/#respond"]}]},{"@type":"WebPage","@id":"https:\/\/newsestlyonnais.fr\/site\/2022\/03\/17\/genas-signature-dune-convention-premieres-pages\/","url":"https:\/\/newsestlyonnais.fr\/site\/2022\/03\/17\/genas-signature-dune-convention-premieres-pages\/","name":"GENAS | Signature d'une convention Premi\u00e8res Pages - News Est Lyonnais","isPartOf":{"@id":"https:\/\/newsestlyonnais.fr\/site\/#website"},"primaryImageOfPage":{"@id":"https:\/\/newsestlyonnais.fr\/site\/2022\/03\/17\/genas-signature-dune-convention-premieres-pages\/#primaryimage"},"image":{"@id":"https:\/\/newsestlyonnais.fr\/site\/2022\/03\/17\/genas-signature-dune-convention-premieres-pages\/#primaryimage"},"thumbnailUrl":"https:\/\/newsestlyonnais.fr\/site\/wp-content\/uploads\/2022\/03\/GENAS.jpg","datePublished":"2022-03-17T05:52:19+00:00","description":"GENAS | Signature d'une convention Premi\u00e8res Pages","breadcrumb":{"@id":"https:\/\/newsestlyonnais.fr\/site\/2022\/03\/17\/genas-signature-dune-convention-premieres-pages\/#breadcrumb"},"inLanguage":"fr-FR","potentialAction":[{"@type":"ReadAction","target":["https:\/\/newsestlyonnais.fr\/site\/2022\/03\/17\/genas-signature-dune-convention-premieres-pages\/"]}]},{"@type":"ImageObject","inLanguage":"fr-FR","@id":"https:\/\/newsestlyonnais.fr\/site\/2022\/03\/17\/genas-signature-dune-convention-premieres-pages\/#primaryimage","url":"https:\/\/newsestlyonnais.fr\/site\/wp-content\/uploads\/2022\/03\/GENAS.jpg","contentUrl":"https:\/\/newsestlyonnais.fr\/site\/wp-content\/uploads\/2022\/03\/GENAS.jpg","width":429,"height":286},{"@type":"BreadcrumbList","@id":"https:\/\/newsestlyonnais.fr\/site\/2022\/03\/17\/genas-signature-dune-convention-premieres-pages\/#breadcrumb","itemListElement":[{"@type":"ListItem","position":1,"name":"Accueil","item":"https:\/\/newsestlyonnais.fr\/site\/"},{"@type":"ListItem","position":2,"name":"GENAS | Signature d&rsquo;une convention Premi\u00e8res Pages"}]},{"@type":"WebSite","@id":"https:\/\/newsestlyonnais.fr\/site\/#website","url":"https:\/\/newsestlyonnais.fr\/site\/","name":"News Est Lyonnais","description":"L&#039;actualit\u00e9 au plus pr\u00e8s","publisher":{"@id":"https:\/\/newsestlyonnais.fr\/site\/#organization"},"potentialAction":[{"@type":"SearchAction","target":{"@type":"EntryPoint","urlTemplate":"https:\/\/newsestlyonnais.fr\/site\/?s={search_term_string}"},"query-input":{"@type":"PropertyValueSpecification","valueRequired":true,"valueName":"search_term_string"}}],"inLanguage":"fr-FR"},{"@type":"Organization","@id":"https:\/\/newsestlyonnais.fr\/site\/#organization","name":"News EST LYONNAIS","url":"https:\/\/newsestlyonnais.fr\/site\/","logo":{"@type":"ImageObject","inLanguage":"fr-FR","@id":"https:\/\/newsestlyonnais.fr\/site\/#\/schema\/logo\/image\/","url":"","contentUrl":"","caption":"News EST LYONNAIS"},"image":{"@id":"https:\/\/newsestlyonnais.fr\/site\/#\/schema\/logo\/image\/"}},{"@type":"Person","@id":"https:\/\/newsestlyonnais.fr\/site\/#\/schema\/person\/3230d5615f390bb808365d673001e887","name":"R\u00e9dac. NEWS","sameAs":["http:\/\/www.newsestlyonnais.fr","https:\/\/www.facebook.com\/pascal.oberson.1?fref=ts","https:\/\/fr.linkedin.com\/in\/pascal-oberson-b17045113"],"url":"https:\/\/newsestlyonnais.fr\/site\/author\/nel\/"}]}},"_links":{"self":[{"href":"https:\/\/newsestlyonnais.fr\/site\/wp-json\/wp\/v2\/posts\/151011","targetHints":{"allow":["GET"]}}],"collection":[{"href":"https:\/\/newsestlyonnais.fr\/site\/wp-json\/wp\/v2\/posts"}],"about":[{"href":"https:\/\/newsestlyonnais.fr\/site\/wp-json\/wp\/v2\/types\/post"}],"author":[{"embeddable":true,"href":"https:\/\/newsestlyonnais.fr\/site\/wp-json\/wp\/v2\/users\/4"}],"replies":[{"embeddable":true,"href":"https:\/\/newsestlyonnais.fr\/site\/wp-json\/wp\/v2\/comments?post=151011"}],"version-history":[{"count":0,"href":"https:\/\/newsestlyonnais.fr\/site\/wp-json\/wp\/v2\/posts\/151011\/revisions"}],"wp:featuredmedia":[{"embeddable":true,"href":"https:\/\/newsestlyonnais.fr\/site\/wp-json\/wp\/v2\/media\/151012"}],"wp:attachment":[{"href":"https:\/\/newsestlyonnais.fr\/site\/wp-json\/wp\/v2\/media?parent=151011"}],"wp:term":[{"taxonomy":"category","embeddable":true,"href":"https:\/\/newsestlyonnais.fr\/site\/wp-json\/wp\/v2\/categories?post=151011"},{"taxonomy":"post_tag","embeddable":true,"href":"https:\/\/newsestlyonnais.fr\/site\/wp-json\/wp\/v2\/tags?post=151011"}],"curies":[{"name":"wp","href":"https:\/\/api.w.org\/{rel}","templated":true}]}}