{"id":15142,"date":"2016-11-02T07:26:28","date_gmt":"2016-11-02T06:26:28","guid":{"rendered":"http:\/\/newsestlyonnais.fr\/site\/?p=15142"},"modified":"2020-11-10T12:49:33","modified_gmt":"2020-11-10T11:49:33","slug":"bron-petanque-emma-picardnicolas-bousch-vainqueurs-doublettes-mixtes","status":"publish","type":"post","link":"https:\/\/newsestlyonnais.fr\/site\/2016\/11\/02\/bron-petanque-emma-picardnicolas-bousch-vainqueurs-doublettes-mixtes\/","title":{"rendered":"BRON | P\u00e9tanque > Emma Picard\/Nicolas Bousch vainqueurs du \u00ab\u00a0doublettes mixtes\u00a0\u00bb"},"content":{"rendered":"<h4>En ce mardi de la Toussaint, le Club de P\u00e9tanque de Bron-Terraillon (C.P.B.T.) organisait un concours en doublettes mixtes.<\/h4>\n<p>Une comp\u00e9tition officielle qui a rassembl\u00e9 86 \u00e9quipes et vu la participation de 29 jours \u00ab\u00a0Elite\u00a0\u00bb.<\/p>\n<ul>\n<li>dans le<strong> concours A<\/strong>: En finale, victoire de la doublette <strong>Emma Picard (P\u00e9tanque Ripag\u00e9rienne) \/Nicolas Bousch (C.P. Bron-Terraillon)<\/strong> face \u00e0 Suzanne Greusset\/Yuth Khim Him (Brosses P\u00e9tanque). <span style=\"text-decoration: underline\">Perdants demi-finales<\/span>: Pauline Zavari\/J\u00e9r\u00e9my Hubert (AS P\u00e9tanque Sol\u00e9rieux) et Ang\u00e9line Bezandry (CP Bron-Terraillon)\/Thierry Bezandry (P\u00e9tanque Ax\u00e9enne).<\/li>\n<li>Au <strong>concours B<\/strong>, succ\u00e8s de la paire non-homog\u00e8ne <strong>Mariem Guevara<\/strong> (P\u00e9tanque Ripag\u00e9rienne)\/<strong>Olivier Reygaza<\/strong> (AS P\u00e9tanque Vaulx Village) face \u00e0 Myriam Chaverot\/Franck Delazzer (Calade P\u00e9tanque).<\/li>\n<\/ul>\n<p>Retrouvez toute l&rsquo;ACTU du club sur: <a href=\"http:\/\/club.quomodo.com\/petanquebronterraillon\" target=\"_blank\" rel=\"noopener noreferrer\">http:\/\/club.quomodo.com\/petanquebronterraillon<\/a><\/p>\n","protected":false},"excerpt":{"rendered":"<p>En ce mardi de la Toussaint, le Club de P\u00e9tanque de Bron-Terraillon (C.P.B.T.) organisait un concours en doublettes mixtes. Une comp\u00e9tition officielle qui a rassembl\u00e9 86 \u00e9quipes et vu la participation de 29 jours \u00ab\u00a0Elite\u00a0\u00bb. dans le concours A: En finale, victoire de la doublette Emma Picard (P\u00e9tanque Ripag\u00e9rienne) \/Nicolas Bousch (C.P. Bron-Terraillon) face \u00e0 [&hellip;]<\/p>\n","protected":false},"author":4,"featured_media":12357,"comment_status":"open","ping_status":"open","sticky":false,"template":"","format":"standard","meta":{"footnotes":""},"categories":[2977,19,2978],"tags":[],"class_list":["post-15142","post","type-post","status-publish","format-standard","has-post-thumbnail","hentry","category-boules-petanque-sports","category-bron","category-petanque-sports"],"yoast_head":"<!-- This site is optimized with the Yoast SEO plugin v27.2 - https:\/\/yoast.com\/product\/yoast-seo-wordpress\/ -->\n<title>BRON : P\u00e9tanque: Emma Picard\/Nicolas Bousch vainqueurs du &quot;doublettes mixtes&quot; de Terraillon<\/title>\n<meta name=\"description\" content=\"BRON : P\u00e9tanque: Emma Picard\/Nicolas Bousch vainqueurs du &quot;doublettes mixtes&quot; de Terraillon\" \/>\n<meta name=\"robots\" content=\"index, follow, max-snippet:-1, max-image-preview:large, max-video-preview:-1\" \/>\n<link rel=\"canonical\" href=\"https:\/\/newsestlyonnais.fr\/site\/2016\/11\/02\/bron-petanque-emma-picardnicolas-bousch-vainqueurs-doublettes-mixtes\/\" \/>\n<meta property=\"og:locale\" content=\"fr_FR\" \/>\n<meta property=\"og:type\" content=\"article\" \/>\n<meta property=\"og:title\" content=\"BRON : P\u00e9tanque: Emma Picard\/Nicolas Bousch vainqueurs du &quot;doublettes mixtes&quot; de Terraillon\" \/>\n<meta property=\"og:description\" content=\"BRON : P\u00e9tanque: Emma Picard\/Nicolas Bousch vainqueurs du &quot;doublettes mixtes&quot; de Terraillon\" \/>\n<meta property=\"og:url\" content=\"https:\/\/newsestlyonnais.fr\/site\/2016\/11\/02\/bron-petanque-emma-picardnicolas-bousch-vainqueurs-doublettes-mixtes\/\" \/>\n<meta property=\"og:site_name\" content=\"News Est Lyonnais\" \/>\n<meta property=\"article:author\" content=\"https:\/\/www.facebook.com\/pascal.oberson.1?fref=ts\" \/>\n<meta property=\"article:published_time\" content=\"2016-11-02T06:26:28+00:00\" \/>\n<meta property=\"article:modified_time\" content=\"2020-11-10T11:49:33+00:00\" \/>\n<meta property=\"og:image\" content=\"https:\/\/i0.wp.com\/newsestlyonnais.fr\/site\/wp-content\/uploads\/2016\/09\/NEWSESTLYONNAIS-LOGO.jpg?fit=1000%2C696&ssl=1\" \/>\n\t<meta property=\"og:image:width\" content=\"1000\" \/>\n\t<meta property=\"og:image:height\" content=\"696\" \/>\n\t<meta property=\"og:image:type\" content=\"image\/jpeg\" \/>\n<meta name=\"author\" content=\"R\u00e9dac. NEWS\" \/>\n<meta name=\"twitter:card\" content=\"summary_large_image\" \/>\n<meta name=\"twitter:label1\" content=\"\u00c9crit par\" \/>\n\t<meta name=\"twitter:data1\" content=\"R\u00e9dac. NEWS\" \/>\n\t<meta name=\"twitter:label2\" content=\"Dur\u00e9e de lecture estim\u00e9e\" \/>\n\t<meta name=\"twitter:data2\" content=\"1 minute\" \/>\n<script type=\"application\/ld+json\" class=\"yoast-schema-graph\">{\"@context\":\"https:\/\/schema.org\",\"@graph\":[{\"@type\":\"Article\",\"@id\":\"https:\/\/newsestlyonnais.fr\/site\/2016\/11\/02\/bron-petanque-emma-picardnicolas-bousch-vainqueurs-doublettes-mixtes\/#article\",\"isPartOf\":{\"@id\":\"https:\/\/newsestlyonnais.fr\/site\/2016\/11\/02\/bron-petanque-emma-picardnicolas-bousch-vainqueurs-doublettes-mixtes\/\"},\"author\":{\"name\":\"R\u00e9dac. NEWS\",\"@id\":\"https:\/\/newsestlyonnais.fr\/site\/#\/schema\/person\/3230d5615f390bb808365d673001e887\"},\"headline\":\"BRON | P\u00e9tanque > Emma Picard\/Nicolas Bousch vainqueurs du \u00ab\u00a0doublettes mixtes\u00a0\u00bb\",\"datePublished\":\"2016-11-02T06:26:28+00:00\",\"dateModified\":\"2020-11-10T11:49:33+00:00\",\"mainEntityOfPage\":{\"@id\":\"https:\/\/newsestlyonnais.fr\/site\/2016\/11\/02\/bron-petanque-emma-picardnicolas-bousch-vainqueurs-doublettes-mixtes\/\"},\"wordCount\":147,\"commentCount\":0,\"publisher\":{\"@id\":\"https:\/\/newsestlyonnais.fr\/site\/#organization\"},\"image\":{\"@id\":\"https:\/\/newsestlyonnais.fr\/site\/2016\/11\/02\/bron-petanque-emma-picardnicolas-bousch-vainqueurs-doublettes-mixtes\/#primaryimage\"},\"thumbnailUrl\":\"https:\/\/newsestlyonnais.fr\/site\/wp-content\/uploads\/2016\/09\/NEWSESTLYONNAIS-LOGO.jpg\",\"articleSection\":[\"Boules | P\u00e9tanque\",\"Bron\",\"P\u00e9tanque\"],\"inLanguage\":\"fr-FR\",\"potentialAction\":[{\"@type\":\"CommentAction\",\"name\":\"Comment\",\"target\":[\"https:\/\/newsestlyonnais.fr\/site\/2016\/11\/02\/bron-petanque-emma-picardnicolas-bousch-vainqueurs-doublettes-mixtes\/#respond\"]}]},{\"@type\":\"WebPage\",\"@id\":\"https:\/\/newsestlyonnais.fr\/site\/2016\/11\/02\/bron-petanque-emma-picardnicolas-bousch-vainqueurs-doublettes-mixtes\/\",\"url\":\"https:\/\/newsestlyonnais.fr\/site\/2016\/11\/02\/bron-petanque-emma-picardnicolas-bousch-vainqueurs-doublettes-mixtes\/\",\"name\":\"BRON : P\u00e9tanque: Emma Picard\/Nicolas Bousch vainqueurs du \\\"doublettes mixtes\\\" de Terraillon\",\"isPartOf\":{\"@id\":\"https:\/\/newsestlyonnais.fr\/site\/#website\"},\"primaryImageOfPage\":{\"@id\":\"https:\/\/newsestlyonnais.fr\/site\/2016\/11\/02\/bron-petanque-emma-picardnicolas-bousch-vainqueurs-doublettes-mixtes\/#primaryimage\"},\"image\":{\"@id\":\"https:\/\/newsestlyonnais.fr\/site\/2016\/11\/02\/bron-petanque-emma-picardnicolas-bousch-vainqueurs-doublettes-mixtes\/#primaryimage\"},\"thumbnailUrl\":\"https:\/\/newsestlyonnais.fr\/site\/wp-content\/uploads\/2016\/09\/NEWSESTLYONNAIS-LOGO.jpg\",\"datePublished\":\"2016-11-02T06:26:28+00:00\",\"dateModified\":\"2020-11-10T11:49:33+00:00\",\"description\":\"BRON : P\u00e9tanque: Emma Picard\/Nicolas Bousch vainqueurs du \\\"doublettes mixtes\\\" de Terraillon\",\"breadcrumb\":{\"@id\":\"https:\/\/newsestlyonnais.fr\/site\/2016\/11\/02\/bron-petanque-emma-picardnicolas-bousch-vainqueurs-doublettes-mixtes\/#breadcrumb\"},\"inLanguage\":\"fr-FR\",\"potentialAction\":[{\"@type\":\"ReadAction\",\"target\":[\"https:\/\/newsestlyonnais.fr\/site\/2016\/11\/02\/bron-petanque-emma-picardnicolas-bousch-vainqueurs-doublettes-mixtes\/\"]}]},{\"@type\":\"ImageObject\",\"inLanguage\":\"fr-FR\",\"@id\":\"https:\/\/newsestlyonnais.fr\/site\/2016\/11\/02\/bron-petanque-emma-picardnicolas-bousch-vainqueurs-doublettes-mixtes\/#primaryimage\",\"url\":\"https:\/\/newsestlyonnais.fr\/site\/wp-content\/uploads\/2016\/09\/NEWSESTLYONNAIS-LOGO.jpg\",\"contentUrl\":\"https:\/\/newsestlyonnais.fr\/site\/wp-content\/uploads\/2016\/09\/NEWSESTLYONNAIS-LOGO.jpg\",\"width\":1000,\"height\":696,\"caption\":\"Newsestlyonnais-logo CPBT\"},{\"@type\":\"BreadcrumbList\",\"@id\":\"https:\/\/newsestlyonnais.fr\/site\/2016\/11\/02\/bron-petanque-emma-picardnicolas-bousch-vainqueurs-doublettes-mixtes\/#breadcrumb\",\"itemListElement\":[{\"@type\":\"ListItem\",\"position\":1,\"name\":\"Accueil\",\"item\":\"https:\/\/newsestlyonnais.fr\/site\/\"},{\"@type\":\"ListItem\",\"position\":2,\"name\":\"BRON | P\u00e9tanque > Emma Picard\/Nicolas Bousch vainqueurs du \u00ab\u00a0doublettes mixtes\u00a0\u00bb\"}]},{\"@type\":\"WebSite\",\"@id\":\"https:\/\/newsestlyonnais.fr\/site\/#website\",\"url\":\"https:\/\/newsestlyonnais.fr\/site\/\",\"name\":\"News Est Lyonnais\",\"description\":\"L&#039;actualit\u00e9 au plus pr\u00e8s\",\"publisher\":{\"@id\":\"https:\/\/newsestlyonnais.fr\/site\/#organization\"},\"potentialAction\":[{\"@type\":\"SearchAction\",\"target\":{\"@type\":\"EntryPoint\",\"urlTemplate\":\"https:\/\/newsestlyonnais.fr\/site\/?s={search_term_string}\"},\"query-input\":{\"@type\":\"PropertyValueSpecification\",\"valueRequired\":true,\"valueName\":\"search_term_string\"}}],\"inLanguage\":\"fr-FR\"},{\"@type\":\"Organization\",\"@id\":\"https:\/\/newsestlyonnais.fr\/site\/#organization\",\"name\":\"News EST LYONNAIS\",\"url\":\"https:\/\/newsestlyonnais.fr\/site\/\",\"logo\":{\"@type\":\"ImageObject\",\"inLanguage\":\"fr-FR\",\"@id\":\"https:\/\/newsestlyonnais.fr\/site\/#\/schema\/logo\/image\/\",\"url\":\"\",\"contentUrl\":\"\",\"caption\":\"News EST LYONNAIS\"},\"image\":{\"@id\":\"https:\/\/newsestlyonnais.fr\/site\/#\/schema\/logo\/image\/\"}},{\"@type\":\"Person\",\"@id\":\"https:\/\/newsestlyonnais.fr\/site\/#\/schema\/person\/3230d5615f390bb808365d673001e887\",\"name\":\"R\u00e9dac. NEWS\",\"sameAs\":[\"http:\/\/www.newsestlyonnais.fr\",\"https:\/\/www.facebook.com\/pascal.oberson.1?fref=ts\",\"https:\/\/fr.linkedin.com\/in\/pascal-oberson-b17045113\"],\"url\":\"https:\/\/newsestlyonnais.fr\/site\/author\/nel\/\"}]}<\/script>\n<!-- \/ Yoast SEO plugin. -->","yoast_head_json":{"title":"BRON : P\u00e9tanque: Emma Picard\/Nicolas Bousch vainqueurs du \"doublettes mixtes\" de Terraillon","description":"BRON : P\u00e9tanque: Emma Picard\/Nicolas Bousch vainqueurs du \"doublettes mixtes\" de Terraillon","robots":{"index":"index","follow":"follow","max-snippet":"max-snippet:-1","max-image-preview":"max-image-preview:large","max-video-preview":"max-video-preview:-1"},"canonical":"https:\/\/newsestlyonnais.fr\/site\/2016\/11\/02\/bron-petanque-emma-picardnicolas-bousch-vainqueurs-doublettes-mixtes\/","og_locale":"fr_FR","og_type":"article","og_title":"BRON : P\u00e9tanque: Emma Picard\/Nicolas Bousch vainqueurs du \"doublettes mixtes\" de Terraillon","og_description":"BRON : P\u00e9tanque: Emma Picard\/Nicolas Bousch vainqueurs du \"doublettes mixtes\" de Terraillon","og_url":"https:\/\/newsestlyonnais.fr\/site\/2016\/11\/02\/bron-petanque-emma-picardnicolas-bousch-vainqueurs-doublettes-mixtes\/","og_site_name":"News Est Lyonnais","article_author":"https:\/\/www.facebook.com\/pascal.oberson.1?fref=ts","article_published_time":"2016-11-02T06:26:28+00:00","article_modified_time":"2020-11-10T11:49:33+00:00","og_image":[{"width":1000,"height":696,"url":"https:\/\/i0.wp.com\/newsestlyonnais.fr\/site\/wp-content\/uploads\/2016\/09\/NEWSESTLYONNAIS-LOGO.jpg?fit=1000%2C696&ssl=1","type":"image\/jpeg"}],"author":"R\u00e9dac. NEWS","twitter_card":"summary_large_image","twitter_misc":{"\u00c9crit par":"R\u00e9dac. NEWS","Dur\u00e9e de lecture estim\u00e9e":"1 minute"},"schema":{"@context":"https:\/\/schema.org","@graph":[{"@type":"Article","@id":"https:\/\/newsestlyonnais.fr\/site\/2016\/11\/02\/bron-petanque-emma-picardnicolas-bousch-vainqueurs-doublettes-mixtes\/#article","isPartOf":{"@id":"https:\/\/newsestlyonnais.fr\/site\/2016\/11\/02\/bron-petanque-emma-picardnicolas-bousch-vainqueurs-doublettes-mixtes\/"},"author":{"name":"R\u00e9dac. NEWS","@id":"https:\/\/newsestlyonnais.fr\/site\/#\/schema\/person\/3230d5615f390bb808365d673001e887"},"headline":"BRON | P\u00e9tanque > Emma Picard\/Nicolas Bousch vainqueurs du \u00ab\u00a0doublettes mixtes\u00a0\u00bb","datePublished":"2016-11-02T06:26:28+00:00","dateModified":"2020-11-10T11:49:33+00:00","mainEntityOfPage":{"@id":"https:\/\/newsestlyonnais.fr\/site\/2016\/11\/02\/bron-petanque-emma-picardnicolas-bousch-vainqueurs-doublettes-mixtes\/"},"wordCount":147,"commentCount":0,"publisher":{"@id":"https:\/\/newsestlyonnais.fr\/site\/#organization"},"image":{"@id":"https:\/\/newsestlyonnais.fr\/site\/2016\/11\/02\/bron-petanque-emma-picardnicolas-bousch-vainqueurs-doublettes-mixtes\/#primaryimage"},"thumbnailUrl":"https:\/\/newsestlyonnais.fr\/site\/wp-content\/uploads\/2016\/09\/NEWSESTLYONNAIS-LOGO.jpg","articleSection":["Boules | P\u00e9tanque","Bron","P\u00e9tanque"],"inLanguage":"fr-FR","potentialAction":[{"@type":"CommentAction","name":"Comment","target":["https:\/\/newsestlyonnais.fr\/site\/2016\/11\/02\/bron-petanque-emma-picardnicolas-bousch-vainqueurs-doublettes-mixtes\/#respond"]}]},{"@type":"WebPage","@id":"https:\/\/newsestlyonnais.fr\/site\/2016\/11\/02\/bron-petanque-emma-picardnicolas-bousch-vainqueurs-doublettes-mixtes\/","url":"https:\/\/newsestlyonnais.fr\/site\/2016\/11\/02\/bron-petanque-emma-picardnicolas-bousch-vainqueurs-doublettes-mixtes\/","name":"BRON : P\u00e9tanque: Emma Picard\/Nicolas Bousch vainqueurs du \"doublettes mixtes\" de Terraillon","isPartOf":{"@id":"https:\/\/newsestlyonnais.fr\/site\/#website"},"primaryImageOfPage":{"@id":"https:\/\/newsestlyonnais.fr\/site\/2016\/11\/02\/bron-petanque-emma-picardnicolas-bousch-vainqueurs-doublettes-mixtes\/#primaryimage"},"image":{"@id":"https:\/\/newsestlyonnais.fr\/site\/2016\/11\/02\/bron-petanque-emma-picardnicolas-bousch-vainqueurs-doublettes-mixtes\/#primaryimage"},"thumbnailUrl":"https:\/\/newsestlyonnais.fr\/site\/wp-content\/uploads\/2016\/09\/NEWSESTLYONNAIS-LOGO.jpg","datePublished":"2016-11-02T06:26:28+00:00","dateModified":"2020-11-10T11:49:33+00:00","description":"BRON : P\u00e9tanque: Emma Picard\/Nicolas Bousch vainqueurs du \"doublettes mixtes\" de Terraillon","breadcrumb":{"@id":"https:\/\/newsestlyonnais.fr\/site\/2016\/11\/02\/bron-petanque-emma-picardnicolas-bousch-vainqueurs-doublettes-mixtes\/#breadcrumb"},"inLanguage":"fr-FR","potentialAction":[{"@type":"ReadAction","target":["https:\/\/newsestlyonnais.fr\/site\/2016\/11\/02\/bron-petanque-emma-picardnicolas-bousch-vainqueurs-doublettes-mixtes\/"]}]},{"@type":"ImageObject","inLanguage":"fr-FR","@id":"https:\/\/newsestlyonnais.fr\/site\/2016\/11\/02\/bron-petanque-emma-picardnicolas-bousch-vainqueurs-doublettes-mixtes\/#primaryimage","url":"https:\/\/newsestlyonnais.fr\/site\/wp-content\/uploads\/2016\/09\/NEWSESTLYONNAIS-LOGO.jpg","contentUrl":"https:\/\/newsestlyonnais.fr\/site\/wp-content\/uploads\/2016\/09\/NEWSESTLYONNAIS-LOGO.jpg","width":1000,"height":696,"caption":"Newsestlyonnais-logo CPBT"},{"@type":"BreadcrumbList","@id":"https:\/\/newsestlyonnais.fr\/site\/2016\/11\/02\/bron-petanque-emma-picardnicolas-bousch-vainqueurs-doublettes-mixtes\/#breadcrumb","itemListElement":[{"@type":"ListItem","position":1,"name":"Accueil","item":"https:\/\/newsestlyonnais.fr\/site\/"},{"@type":"ListItem","position":2,"name":"BRON | P\u00e9tanque > Emma Picard\/Nicolas Bousch vainqueurs du \u00ab\u00a0doublettes mixtes\u00a0\u00bb"}]},{"@type":"WebSite","@id":"https:\/\/newsestlyonnais.fr\/site\/#website","url":"https:\/\/newsestlyonnais.fr\/site\/","name":"News Est Lyonnais","description":"L&#039;actualit\u00e9 au plus pr\u00e8s","publisher":{"@id":"https:\/\/newsestlyonnais.fr\/site\/#organization"},"potentialAction":[{"@type":"SearchAction","target":{"@type":"EntryPoint","urlTemplate":"https:\/\/newsestlyonnais.fr\/site\/?s={search_term_string}"},"query-input":{"@type":"PropertyValueSpecification","valueRequired":true,"valueName":"search_term_string"}}],"inLanguage":"fr-FR"},{"@type":"Organization","@id":"https:\/\/newsestlyonnais.fr\/site\/#organization","name":"News EST LYONNAIS","url":"https:\/\/newsestlyonnais.fr\/site\/","logo":{"@type":"ImageObject","inLanguage":"fr-FR","@id":"https:\/\/newsestlyonnais.fr\/site\/#\/schema\/logo\/image\/","url":"","contentUrl":"","caption":"News EST LYONNAIS"},"image":{"@id":"https:\/\/newsestlyonnais.fr\/site\/#\/schema\/logo\/image\/"}},{"@type":"Person","@id":"https:\/\/newsestlyonnais.fr\/site\/#\/schema\/person\/3230d5615f390bb808365d673001e887","name":"R\u00e9dac. NEWS","sameAs":["http:\/\/www.newsestlyonnais.fr","https:\/\/www.facebook.com\/pascal.oberson.1?fref=ts","https:\/\/fr.linkedin.com\/in\/pascal-oberson-b17045113"],"url":"https:\/\/newsestlyonnais.fr\/site\/author\/nel\/"}]}},"_links":{"self":[{"href":"https:\/\/newsestlyonnais.fr\/site\/wp-json\/wp\/v2\/posts\/15142","targetHints":{"allow":["GET"]}}],"collection":[{"href":"https:\/\/newsestlyonnais.fr\/site\/wp-json\/wp\/v2\/posts"}],"about":[{"href":"https:\/\/newsestlyonnais.fr\/site\/wp-json\/wp\/v2\/types\/post"}],"author":[{"embeddable":true,"href":"https:\/\/newsestlyonnais.fr\/site\/wp-json\/wp\/v2\/users\/4"}],"replies":[{"embeddable":true,"href":"https:\/\/newsestlyonnais.fr\/site\/wp-json\/wp\/v2\/comments?post=15142"}],"version-history":[{"count":0,"href":"https:\/\/newsestlyonnais.fr\/site\/wp-json\/wp\/v2\/posts\/15142\/revisions"}],"wp:featuredmedia":[{"embeddable":true,"href":"https:\/\/newsestlyonnais.fr\/site\/wp-json\/wp\/v2\/media\/12357"}],"wp:attachment":[{"href":"https:\/\/newsestlyonnais.fr\/site\/wp-json\/wp\/v2\/media?parent=15142"}],"wp:term":[{"taxonomy":"category","embeddable":true,"href":"https:\/\/newsestlyonnais.fr\/site\/wp-json\/wp\/v2\/categories?post=15142"},{"taxonomy":"post_tag","embeddable":true,"href":"https:\/\/newsestlyonnais.fr\/site\/wp-json\/wp\/v2\/tags?post=15142"}],"curies":[{"name":"wp","href":"https:\/\/api.w.org\/{rel}","templated":true}]}}