{"id":151769,"date":"2022-03-26T09:32:50","date_gmt":"2022-03-26T08:32:50","guid":{"rendered":"https:\/\/newsestlyonnais.fr\/site\/?p=151769"},"modified":"2022-04-03T07:47:10","modified_gmt":"2022-04-03T06:47:10","slug":"jerome-tassara-on-a-explose-les-compteurs-en-terme-dadherents","status":"publish","type":"post","link":"https:\/\/newsestlyonnais.fr\/site\/2022\/03\/26\/jerome-tassara-on-a-explose-les-compteurs-en-terme-dadherents\/","title":{"rendered":"J\u00e9r\u00f4me Tassara \u00a0\u00bb on a explos\u00e9 les compteurs en terme d&rsquo;adh\u00e9rents \u00ab\u00a0"},"content":{"rendered":"<p><span style=\"background-color: #000000; color: #ffffff; font-size: 14pt;\"><strong>Depuis quand \u00eates-vous \u00e0 la pr\u00e9sidence et comment est constitu\u00e9 le bureau ?<\/strong><\/span><\/p>\n<p>\u00bb Depuis maintenant 5 ans et <strong>9 membres forment notre bureau dirigeant<\/strong>. A noter que deux de nos adh\u00e9rentes occupent le poste de secr\u00e9taire de nos instances : r\u00e9gionales (\u00e0 la ligue) pour Val\u00e9rie Blond et d\u00e9partementales (au comit\u00e9) pour Val\u00e9rie Dubus \u00bb.<\/p>\n<hr \/>\n<p><span style=\"background-color: #000000; color: #ffffff; font-size: 14pt;\"><strong>O\u00f9 en est son effectif ?<\/strong><\/span><\/p>\n<p>\u00bb On n&rsquo;a pas connu de baisse dans les adh\u00e9sions puisqu&rsquo;on est pass\u00e9 de 300 \u00e0 400 licenci\u00e9s, on a vraiment explos\u00e9 les compteurs ! De toute fa\u00e7on <strong>on aurait bloqu\u00e9 \u00e0 400, ceci en privil\u00e9giant les villeurbannais<\/strong>. On a particip\u00e9 \u00e0 la Biennale des Associations qui en principe am\u00e8ne du monde et on a \u00e9t\u00e9 contraints de refuser pratiquement une centaine de personnes qui souhaitaient nous rejoindre. On avait aussi organis\u00e9 des soir\u00e9es gratuites d&rsquo;essai en juin et septembre, qui ont eu un beau succ\u00e8s.<\/p>\n<p>On atteint les 40 heures de cr\u00e9neaux par semaine, bien s\u00e9par\u00e9s et r\u00e9partis dans divers gymnases (Iris, Molier, Camus, Fourni\u00e8re, David-Neel) sans oublier celui des Brosses pour nos tournois\u00bb.<\/p>\n<p><span style=\"background-color: #000000; color: #ffffff; font-size: 14pt;\"><strong>Quelle est l&rsquo;actualit\u00e9 du club ?<\/strong><\/span><\/p>\n<p><strong>\u00ab <\/strong>Pendant les confinements successifs, on avait mis en place des entrainements \u00e0 distance ce qui a permis de garder des liens avec nos adh\u00e9rents.<\/p>\n<p>Sinon on a mis fin \u00e0 la section \u00ab\u00a0mini-bad<strong>\u00a0\u00bb <\/strong>des 6\/9 ans par manque d&rsquo;encadrants et \u00e0 noter, la nouveaut\u00e9 de la derni\u00e8re rentr\u00e9e : l&rsquo;<strong>informatisation des adh\u00e9sions<\/strong>, ce qui a bien fonctionn\u00e9 \u00ab. <strong><br \/>\n<\/strong><\/p>\n<hr \/>\n<p><span style=\"background-color: #000000; color: #ffffff; font-size: 14pt;\"><strong>Qu\u2019en est-il sur un plan sportif ? <\/strong><\/span><\/p>\n<p>\u00bb En interclubs, ils nous manquent souvent des f\u00e9minines pour \u00eatre comp\u00e9titifs. On avait une \u00e9quipe mixte en r\u00e9gionale que l&rsquo;on n&rsquo;a pas renouvel\u00e9 et on en a engag\u00e9 5 en d\u00e9partementale de tous niveaux.<\/p>\n<p>Chez les jeunes, on va monter une formation en d\u00e9partementale mais il nous manque des cr\u00e9neaux le mercredi et le vendredi \u00bb.<\/p>\n<hr \/>\n<p><span style=\"color: #ffffff; font-size: 14pt; background-color: #000000;\"><strong>Les animations et projets du Villeurbad ?<\/strong><\/span><\/p>\n<p>\u00bb On a pu embaucher Maxime, en contrat de 20 heures et en charge des entrainements et du d\u00e9veloppement de notre communication, ainsi qu&rsquo;un alternant. Une newsletter trimestrielle est d&rsquo;ailleurs en cours de finalisation.<\/p>\n<p><strong>On a notamment 3 axes de fid\u00e9lisation de nos adh\u00e9rents pour les loisirs, les jeunes et les f\u00e9minines<\/strong> \u00bb.<\/p>\n<hr \/>\n<p><span style=\"background-color: #000000; color: #ffffff; font-size: 14pt;\"><strong>Et pour conclure ?<\/strong><\/span><\/p>\n<p>\u00bb On anticipe d\u00e8s \u00e0 pr\u00e9sent les ann\u00e9es suivantes et on devrait probablement compter sur 3 salari\u00e9s l&rsquo;an prochain \u00bb.<\/p>\n<hr \/>\n<p><span style=\"font-size: 14pt;\"><strong><span style=\"background-color: #000000;\"><span style=\"color: #ffffff;\">&gt;&gt; L\u2019ACTU du Badminton Club Villeurbannais : <\/span><span style=\"color: #ffcc00;\"><a style=\"background-color: #000000; color: #ffcc00;\" href=\"https:\/\/www.villeurbad.fr\">https:\/\/www.villeurbad.fr<\/a><\/span><\/span><\/strong><\/span><\/p>\n","protected":false},"excerpt":{"rendered":"<p>Le Pr\u00e9sident du Badminton Club Villeurbannais depuis 5 ans, que nous avons rencontr\u00e9 mi-mars lors du tournoi 100 % f\u00e9minin, le Villeur&rsquo;Dames.  <\/p>\n","protected":false},"author":4,"featured_media":151772,"comment_status":"open","ping_status":"open","sticky":false,"template":"","format":"standard","meta":{"footnotes":""},"categories":[1321,137,2,29],"tags":[2090,2679,4203],"class_list":["post-151769","post","type-post","status-publish","format-standard","has-post-thumbnail","hentry","category-bad-racketlon-squash","category-interviews","category-sports","category-villeurbanne","tag-badminton","tag-badminton-club-de-villeurbanne","tag-jerome-tassara"],"yoast_head":"<!-- This site is optimized with the Yoast SEO plugin v27.2 - https:\/\/yoast.com\/product\/yoast-seo-wordpress\/ -->\n<title>J\u00e9r\u00f4me Tassara &quot; on a explos\u00e9 les compteurs en terme d&#039;adh\u00e9rents &quot; - News Est Lyonnais<\/title>\n<meta name=\"description\" content=\"J\u00e9r\u00f4me Tassara &quot; on a explos\u00e9 les compteurs en terme d&#039;adh\u00e9rents &quot;\" \/>\n<meta name=\"robots\" content=\"index, follow, max-snippet:-1, max-image-preview:large, max-video-preview:-1\" \/>\n<link rel=\"canonical\" href=\"https:\/\/newsestlyonnais.fr\/site\/2022\/03\/26\/jerome-tassara-on-a-explose-les-compteurs-en-terme-dadherents\/\" \/>\n<meta property=\"og:locale\" content=\"fr_FR\" \/>\n<meta property=\"og:type\" content=\"article\" \/>\n<meta property=\"og:title\" content=\"J\u00e9r\u00f4me Tassara &quot; on a explos\u00e9 les compteurs en terme d&#039;adh\u00e9rents &quot; - News Est Lyonnais\" \/>\n<meta property=\"og:description\" content=\"J\u00e9r\u00f4me Tassara &quot; on a explos\u00e9 les compteurs en terme d&#039;adh\u00e9rents &quot;\" \/>\n<meta property=\"og:url\" content=\"https:\/\/newsestlyonnais.fr\/site\/2022\/03\/26\/jerome-tassara-on-a-explose-les-compteurs-en-terme-dadherents\/\" \/>\n<meta property=\"og:site_name\" content=\"News Est Lyonnais\" \/>\n<meta property=\"article:author\" content=\"https:\/\/www.facebook.com\/pascal.oberson.1?fref=ts\" \/>\n<meta property=\"article:published_time\" content=\"2022-03-26T08:32:50+00:00\" \/>\n<meta property=\"article:modified_time\" content=\"2022-04-03T06:47:10+00:00\" \/>\n<meta property=\"og:image\" content=\"https:\/\/newsestlyonnais.fr\/site\/wp-content\/uploads\/2022\/03\/P1470033.jpg\" \/>\n\t<meta property=\"og:image:width\" content=\"1200\" \/>\n\t<meta property=\"og:image:height\" content=\"900\" \/>\n\t<meta property=\"og:image:type\" content=\"image\/jpeg\" \/>\n<meta name=\"author\" content=\"R\u00e9dac. NEWS\" \/>\n<meta name=\"twitter:card\" content=\"summary_large_image\" \/>\n<meta name=\"twitter:label1\" content=\"\u00c9crit par\" \/>\n\t<meta name=\"twitter:data1\" content=\"R\u00e9dac. NEWS\" \/>\n\t<meta name=\"twitter:label2\" content=\"Dur\u00e9e de lecture estim\u00e9e\" \/>\n\t<meta name=\"twitter:data2\" content=\"2 minutes\" \/>\n<script type=\"application\/ld+json\" class=\"yoast-schema-graph\">{\"@context\":\"https:\/\/schema.org\",\"@graph\":[{\"@type\":\"Article\",\"@id\":\"https:\/\/newsestlyonnais.fr\/site\/2022\/03\/26\/jerome-tassara-on-a-explose-les-compteurs-en-terme-dadherents\/#article\",\"isPartOf\":{\"@id\":\"https:\/\/newsestlyonnais.fr\/site\/2022\/03\/26\/jerome-tassara-on-a-explose-les-compteurs-en-terme-dadherents\/\"},\"author\":{\"name\":\"R\u00e9dac. NEWS\",\"@id\":\"https:\/\/newsestlyonnais.fr\/site\/#\/schema\/person\/3230d5615f390bb808365d673001e887\"},\"headline\":\"J\u00e9r\u00f4me Tassara \u00a0\u00bb on a explos\u00e9 les compteurs en terme d&rsquo;adh\u00e9rents \u00ab\u00a0\",\"datePublished\":\"2022-03-26T08:32:50+00:00\",\"dateModified\":\"2022-04-03T06:47:10+00:00\",\"mainEntityOfPage\":{\"@id\":\"https:\/\/newsestlyonnais.fr\/site\/2022\/03\/26\/jerome-tassara-on-a-explose-les-compteurs-en-terme-dadherents\/\"},\"wordCount\":425,\"commentCount\":0,\"publisher\":{\"@id\":\"https:\/\/newsestlyonnais.fr\/site\/#organization\"},\"image\":{\"@id\":\"https:\/\/newsestlyonnais.fr\/site\/2022\/03\/26\/jerome-tassara-on-a-explose-les-compteurs-en-terme-dadherents\/#primaryimage\"},\"thumbnailUrl\":\"https:\/\/newsestlyonnais.fr\/site\/wp-content\/uploads\/2022\/03\/P1470033.jpg\",\"keywords\":[\"BADMINTON\",\"Badminton Club de Villeurbanne\",\"J\u00e9r\u00f4me Tassara\"],\"articleSection\":[\"Bad | Racketlon | Squash\",\"Interviews\",\"Sports\",\"Villeurbanne\"],\"inLanguage\":\"fr-FR\",\"potentialAction\":[{\"@type\":\"CommentAction\",\"name\":\"Comment\",\"target\":[\"https:\/\/newsestlyonnais.fr\/site\/2022\/03\/26\/jerome-tassara-on-a-explose-les-compteurs-en-terme-dadherents\/#respond\"]}]},{\"@type\":\"WebPage\",\"@id\":\"https:\/\/newsestlyonnais.fr\/site\/2022\/03\/26\/jerome-tassara-on-a-explose-les-compteurs-en-terme-dadherents\/\",\"url\":\"https:\/\/newsestlyonnais.fr\/site\/2022\/03\/26\/jerome-tassara-on-a-explose-les-compteurs-en-terme-dadherents\/\",\"name\":\"J\u00e9r\u00f4me Tassara \\\" on a explos\u00e9 les compteurs en terme d'adh\u00e9rents \\\" - News Est Lyonnais\",\"isPartOf\":{\"@id\":\"https:\/\/newsestlyonnais.fr\/site\/#website\"},\"primaryImageOfPage\":{\"@id\":\"https:\/\/newsestlyonnais.fr\/site\/2022\/03\/26\/jerome-tassara-on-a-explose-les-compteurs-en-terme-dadherents\/#primaryimage\"},\"image\":{\"@id\":\"https:\/\/newsestlyonnais.fr\/site\/2022\/03\/26\/jerome-tassara-on-a-explose-les-compteurs-en-terme-dadherents\/#primaryimage\"},\"thumbnailUrl\":\"https:\/\/newsestlyonnais.fr\/site\/wp-content\/uploads\/2022\/03\/P1470033.jpg\",\"datePublished\":\"2022-03-26T08:32:50+00:00\",\"dateModified\":\"2022-04-03T06:47:10+00:00\",\"description\":\"J\u00e9r\u00f4me Tassara \\\" on a explos\u00e9 les compteurs en terme d'adh\u00e9rents \\\"\",\"breadcrumb\":{\"@id\":\"https:\/\/newsestlyonnais.fr\/site\/2022\/03\/26\/jerome-tassara-on-a-explose-les-compteurs-en-terme-dadherents\/#breadcrumb\"},\"inLanguage\":\"fr-FR\",\"potentialAction\":[{\"@type\":\"ReadAction\",\"target\":[\"https:\/\/newsestlyonnais.fr\/site\/2022\/03\/26\/jerome-tassara-on-a-explose-les-compteurs-en-terme-dadherents\/\"]}]},{\"@type\":\"ImageObject\",\"inLanguage\":\"fr-FR\",\"@id\":\"https:\/\/newsestlyonnais.fr\/site\/2022\/03\/26\/jerome-tassara-on-a-explose-les-compteurs-en-terme-dadherents\/#primaryimage\",\"url\":\"https:\/\/newsestlyonnais.fr\/site\/wp-content\/uploads\/2022\/03\/P1470033.jpg\",\"contentUrl\":\"https:\/\/newsestlyonnais.fr\/site\/wp-content\/uploads\/2022\/03\/P1470033.jpg\",\"width\":1200,\"height\":900},{\"@type\":\"BreadcrumbList\",\"@id\":\"https:\/\/newsestlyonnais.fr\/site\/2022\/03\/26\/jerome-tassara-on-a-explose-les-compteurs-en-terme-dadherents\/#breadcrumb\",\"itemListElement\":[{\"@type\":\"ListItem\",\"position\":1,\"name\":\"Accueil\",\"item\":\"https:\/\/newsestlyonnais.fr\/site\/\"},{\"@type\":\"ListItem\",\"position\":2,\"name\":\"J\u00e9r\u00f4me Tassara \u00a0\u00bb on a explos\u00e9 les compteurs en terme d&rsquo;adh\u00e9rents \u00ab\u00a0\"}]},{\"@type\":\"WebSite\",\"@id\":\"https:\/\/newsestlyonnais.fr\/site\/#website\",\"url\":\"https:\/\/newsestlyonnais.fr\/site\/\",\"name\":\"News Est Lyonnais\",\"description\":\"L&#039;actualit\u00e9 au plus pr\u00e8s\",\"publisher\":{\"@id\":\"https:\/\/newsestlyonnais.fr\/site\/#organization\"},\"potentialAction\":[{\"@type\":\"SearchAction\",\"target\":{\"@type\":\"EntryPoint\",\"urlTemplate\":\"https:\/\/newsestlyonnais.fr\/site\/?s={search_term_string}\"},\"query-input\":{\"@type\":\"PropertyValueSpecification\",\"valueRequired\":true,\"valueName\":\"search_term_string\"}}],\"inLanguage\":\"fr-FR\"},{\"@type\":\"Organization\",\"@id\":\"https:\/\/newsestlyonnais.fr\/site\/#organization\",\"name\":\"News EST LYONNAIS\",\"url\":\"https:\/\/newsestlyonnais.fr\/site\/\",\"logo\":{\"@type\":\"ImageObject\",\"inLanguage\":\"fr-FR\",\"@id\":\"https:\/\/newsestlyonnais.fr\/site\/#\/schema\/logo\/image\/\",\"url\":\"\",\"contentUrl\":\"\",\"caption\":\"News EST LYONNAIS\"},\"image\":{\"@id\":\"https:\/\/newsestlyonnais.fr\/site\/#\/schema\/logo\/image\/\"}},{\"@type\":\"Person\",\"@id\":\"https:\/\/newsestlyonnais.fr\/site\/#\/schema\/person\/3230d5615f390bb808365d673001e887\",\"name\":\"R\u00e9dac. NEWS\",\"sameAs\":[\"http:\/\/www.newsestlyonnais.fr\",\"https:\/\/www.facebook.com\/pascal.oberson.1?fref=ts\",\"https:\/\/fr.linkedin.com\/in\/pascal-oberson-b17045113\"],\"url\":\"https:\/\/newsestlyonnais.fr\/site\/author\/nel\/\"}]}<\/script>\n<!-- \/ Yoast SEO plugin. -->","yoast_head_json":{"title":"J\u00e9r\u00f4me Tassara \" on a explos\u00e9 les compteurs en terme d'adh\u00e9rents \" - News Est Lyonnais","description":"J\u00e9r\u00f4me Tassara \" on a explos\u00e9 les compteurs en terme d'adh\u00e9rents \"","robots":{"index":"index","follow":"follow","max-snippet":"max-snippet:-1","max-image-preview":"max-image-preview:large","max-video-preview":"max-video-preview:-1"},"canonical":"https:\/\/newsestlyonnais.fr\/site\/2022\/03\/26\/jerome-tassara-on-a-explose-les-compteurs-en-terme-dadherents\/","og_locale":"fr_FR","og_type":"article","og_title":"J\u00e9r\u00f4me Tassara \" on a explos\u00e9 les compteurs en terme d'adh\u00e9rents \" - News Est Lyonnais","og_description":"J\u00e9r\u00f4me Tassara \" on a explos\u00e9 les compteurs en terme d'adh\u00e9rents \"","og_url":"https:\/\/newsestlyonnais.fr\/site\/2022\/03\/26\/jerome-tassara-on-a-explose-les-compteurs-en-terme-dadherents\/","og_site_name":"News Est Lyonnais","article_author":"https:\/\/www.facebook.com\/pascal.oberson.1?fref=ts","article_published_time":"2022-03-26T08:32:50+00:00","article_modified_time":"2022-04-03T06:47:10+00:00","og_image":[{"width":1200,"height":900,"url":"https:\/\/newsestlyonnais.fr\/site\/wp-content\/uploads\/2022\/03\/P1470033.jpg","type":"image\/jpeg"}],"author":"R\u00e9dac. NEWS","twitter_card":"summary_large_image","twitter_misc":{"\u00c9crit par":"R\u00e9dac. NEWS","Dur\u00e9e de lecture estim\u00e9e":"2 minutes"},"schema":{"@context":"https:\/\/schema.org","@graph":[{"@type":"Article","@id":"https:\/\/newsestlyonnais.fr\/site\/2022\/03\/26\/jerome-tassara-on-a-explose-les-compteurs-en-terme-dadherents\/#article","isPartOf":{"@id":"https:\/\/newsestlyonnais.fr\/site\/2022\/03\/26\/jerome-tassara-on-a-explose-les-compteurs-en-terme-dadherents\/"},"author":{"name":"R\u00e9dac. NEWS","@id":"https:\/\/newsestlyonnais.fr\/site\/#\/schema\/person\/3230d5615f390bb808365d673001e887"},"headline":"J\u00e9r\u00f4me Tassara \u00a0\u00bb on a explos\u00e9 les compteurs en terme d&rsquo;adh\u00e9rents \u00ab\u00a0","datePublished":"2022-03-26T08:32:50+00:00","dateModified":"2022-04-03T06:47:10+00:00","mainEntityOfPage":{"@id":"https:\/\/newsestlyonnais.fr\/site\/2022\/03\/26\/jerome-tassara-on-a-explose-les-compteurs-en-terme-dadherents\/"},"wordCount":425,"commentCount":0,"publisher":{"@id":"https:\/\/newsestlyonnais.fr\/site\/#organization"},"image":{"@id":"https:\/\/newsestlyonnais.fr\/site\/2022\/03\/26\/jerome-tassara-on-a-explose-les-compteurs-en-terme-dadherents\/#primaryimage"},"thumbnailUrl":"https:\/\/newsestlyonnais.fr\/site\/wp-content\/uploads\/2022\/03\/P1470033.jpg","keywords":["BADMINTON","Badminton Club de Villeurbanne","J\u00e9r\u00f4me Tassara"],"articleSection":["Bad | Racketlon | Squash","Interviews","Sports","Villeurbanne"],"inLanguage":"fr-FR","potentialAction":[{"@type":"CommentAction","name":"Comment","target":["https:\/\/newsestlyonnais.fr\/site\/2022\/03\/26\/jerome-tassara-on-a-explose-les-compteurs-en-terme-dadherents\/#respond"]}]},{"@type":"WebPage","@id":"https:\/\/newsestlyonnais.fr\/site\/2022\/03\/26\/jerome-tassara-on-a-explose-les-compteurs-en-terme-dadherents\/","url":"https:\/\/newsestlyonnais.fr\/site\/2022\/03\/26\/jerome-tassara-on-a-explose-les-compteurs-en-terme-dadherents\/","name":"J\u00e9r\u00f4me Tassara \" on a explos\u00e9 les compteurs en terme d'adh\u00e9rents \" - News Est Lyonnais","isPartOf":{"@id":"https:\/\/newsestlyonnais.fr\/site\/#website"},"primaryImageOfPage":{"@id":"https:\/\/newsestlyonnais.fr\/site\/2022\/03\/26\/jerome-tassara-on-a-explose-les-compteurs-en-terme-dadherents\/#primaryimage"},"image":{"@id":"https:\/\/newsestlyonnais.fr\/site\/2022\/03\/26\/jerome-tassara-on-a-explose-les-compteurs-en-terme-dadherents\/#primaryimage"},"thumbnailUrl":"https:\/\/newsestlyonnais.fr\/site\/wp-content\/uploads\/2022\/03\/P1470033.jpg","datePublished":"2022-03-26T08:32:50+00:00","dateModified":"2022-04-03T06:47:10+00:00","description":"J\u00e9r\u00f4me Tassara \" on a explos\u00e9 les compteurs en terme d'adh\u00e9rents \"","breadcrumb":{"@id":"https:\/\/newsestlyonnais.fr\/site\/2022\/03\/26\/jerome-tassara-on-a-explose-les-compteurs-en-terme-dadherents\/#breadcrumb"},"inLanguage":"fr-FR","potentialAction":[{"@type":"ReadAction","target":["https:\/\/newsestlyonnais.fr\/site\/2022\/03\/26\/jerome-tassara-on-a-explose-les-compteurs-en-terme-dadherents\/"]}]},{"@type":"ImageObject","inLanguage":"fr-FR","@id":"https:\/\/newsestlyonnais.fr\/site\/2022\/03\/26\/jerome-tassara-on-a-explose-les-compteurs-en-terme-dadherents\/#primaryimage","url":"https:\/\/newsestlyonnais.fr\/site\/wp-content\/uploads\/2022\/03\/P1470033.jpg","contentUrl":"https:\/\/newsestlyonnais.fr\/site\/wp-content\/uploads\/2022\/03\/P1470033.jpg","width":1200,"height":900},{"@type":"BreadcrumbList","@id":"https:\/\/newsestlyonnais.fr\/site\/2022\/03\/26\/jerome-tassara-on-a-explose-les-compteurs-en-terme-dadherents\/#breadcrumb","itemListElement":[{"@type":"ListItem","position":1,"name":"Accueil","item":"https:\/\/newsestlyonnais.fr\/site\/"},{"@type":"ListItem","position":2,"name":"J\u00e9r\u00f4me Tassara \u00a0\u00bb on a explos\u00e9 les compteurs en terme d&rsquo;adh\u00e9rents \u00ab\u00a0"}]},{"@type":"WebSite","@id":"https:\/\/newsestlyonnais.fr\/site\/#website","url":"https:\/\/newsestlyonnais.fr\/site\/","name":"News Est Lyonnais","description":"L&#039;actualit\u00e9 au plus pr\u00e8s","publisher":{"@id":"https:\/\/newsestlyonnais.fr\/site\/#organization"},"potentialAction":[{"@type":"SearchAction","target":{"@type":"EntryPoint","urlTemplate":"https:\/\/newsestlyonnais.fr\/site\/?s={search_term_string}"},"query-input":{"@type":"PropertyValueSpecification","valueRequired":true,"valueName":"search_term_string"}}],"inLanguage":"fr-FR"},{"@type":"Organization","@id":"https:\/\/newsestlyonnais.fr\/site\/#organization","name":"News EST LYONNAIS","url":"https:\/\/newsestlyonnais.fr\/site\/","logo":{"@type":"ImageObject","inLanguage":"fr-FR","@id":"https:\/\/newsestlyonnais.fr\/site\/#\/schema\/logo\/image\/","url":"","contentUrl":"","caption":"News EST LYONNAIS"},"image":{"@id":"https:\/\/newsestlyonnais.fr\/site\/#\/schema\/logo\/image\/"}},{"@type":"Person","@id":"https:\/\/newsestlyonnais.fr\/site\/#\/schema\/person\/3230d5615f390bb808365d673001e887","name":"R\u00e9dac. NEWS","sameAs":["http:\/\/www.newsestlyonnais.fr","https:\/\/www.facebook.com\/pascal.oberson.1?fref=ts","https:\/\/fr.linkedin.com\/in\/pascal-oberson-b17045113"],"url":"https:\/\/newsestlyonnais.fr\/site\/author\/nel\/"}]}},"_links":{"self":[{"href":"https:\/\/newsestlyonnais.fr\/site\/wp-json\/wp\/v2\/posts\/151769","targetHints":{"allow":["GET"]}}],"collection":[{"href":"https:\/\/newsestlyonnais.fr\/site\/wp-json\/wp\/v2\/posts"}],"about":[{"href":"https:\/\/newsestlyonnais.fr\/site\/wp-json\/wp\/v2\/types\/post"}],"author":[{"embeddable":true,"href":"https:\/\/newsestlyonnais.fr\/site\/wp-json\/wp\/v2\/users\/4"}],"replies":[{"embeddable":true,"href":"https:\/\/newsestlyonnais.fr\/site\/wp-json\/wp\/v2\/comments?post=151769"}],"version-history":[{"count":0,"href":"https:\/\/newsestlyonnais.fr\/site\/wp-json\/wp\/v2\/posts\/151769\/revisions"}],"wp:featuredmedia":[{"embeddable":true,"href":"https:\/\/newsestlyonnais.fr\/site\/wp-json\/wp\/v2\/media\/151772"}],"wp:attachment":[{"href":"https:\/\/newsestlyonnais.fr\/site\/wp-json\/wp\/v2\/media?parent=151769"}],"wp:term":[{"taxonomy":"category","embeddable":true,"href":"https:\/\/newsestlyonnais.fr\/site\/wp-json\/wp\/v2\/categories?post=151769"},{"taxonomy":"post_tag","embeddable":true,"href":"https:\/\/newsestlyonnais.fr\/site\/wp-json\/wp\/v2\/tags?post=151769"}],"curies":[{"name":"wp","href":"https:\/\/api.w.org\/{rel}","templated":true}]}}