{"id":152076,"date":"2022-04-10T17:06:32","date_gmt":"2022-04-10T16:06:32","guid":{"rendered":"https:\/\/newsestlyonnais.fr\/site\/?p=152076"},"modified":"2022-05-01T16:44:35","modified_gmt":"2022-05-01T15:44:35","slug":"chasse-aux-oeufs-les-dates-dans-lagglomeration","status":"publish","type":"post","link":"https:\/\/newsestlyonnais.fr\/site\/2022\/04\/10\/chasse-aux-oeufs-les-dates-dans-lagglomeration\/","title":{"rendered":"CHASSE AUX OEUFS | Les dates dans l&rsquo;agglom\u00e9ration"},"content":{"rendered":"<p><span style=\"background-color: #000000; color: #ffffff;\"><strong><img loading=\"lazy\" decoding=\"async\" class=\"alignleft size-medium wp-image-152107\" src=\"https:\/\/newsestlyonnais.fr\/site\/wp-content\/uploads\/2022\/03\/2019-04-paquodrome-400x282.jpg\" alt=\"\" width=\"400\" height=\"282\" srcset=\"https:\/\/newsestlyonnais.fr\/site\/wp-content\/uploads\/2022\/03\/2019-04-paquodrome-400x282.jpg 400w, https:\/\/newsestlyonnais.fr\/site\/wp-content\/uploads\/2022\/03\/2019-04-paquodrome-250x176.jpg 250w, https:\/\/newsestlyonnais.fr\/site\/wp-content\/uploads\/2022\/03\/2019-04-paquodrome-150x106.jpg 150w, https:\/\/newsestlyonnais.fr\/site\/wp-content\/uploads\/2022\/03\/2019-04-paquodrome-50x35.jpg 50w, https:\/\/newsestlyonnais.fr\/site\/wp-content\/uploads\/2022\/03\/2019-04-paquodrome-100x70.jpg 100w, https:\/\/newsestlyonnais.fr\/site\/wp-content\/uploads\/2022\/03\/2019-04-paquodrome-200x141.jpg 200w, https:\/\/newsestlyonnais.fr\/site\/wp-content\/uploads\/2022\/03\/2019-04-paquodrome-300x211.jpg 300w, https:\/\/newsestlyonnais.fr\/site\/wp-content\/uploads\/2022\/03\/2019-04-paquodrome-350x246.jpg 350w, https:\/\/newsestlyonnais.fr\/site\/wp-content\/uploads\/2022\/03\/2019-04-paquodrome.jpg 412w\" sizes=\"auto, (max-width: 400px) 100vw, 400px\" \/><span style=\"font-size: 12pt;\">BRON &gt; Tous au P\u00e2quodrome !<\/span><\/strong><\/span><\/p>\n<p><span style=\"text-decoration: underline;\"><strong>Dimanche 17 avril d\u00e8s 13 h :<\/strong><\/span><\/p>\n<p>L&rsquo;Hippodrome de Bron-Parilly organise une chasse aux oeufs sur le champ de course. R\u00e9solvez les \u00e9nigmes cach\u00e9es et remportez un Lapin au chocolat et des oeufs au chocolat pralin\u00e9 ! <span style=\"color: #0000ff;\"><strong><a style=\"color: #0000ff;\" href=\"https:\/\/www.ville-bron.fr\/agenda\/tous-au-paquodrome\">+ d&rsquo;infos<\/a><\/strong><\/span><\/p>\n<hr \/>\n<h3><\/h3>\n<p>&nbsp;<\/p>\n<h3><\/h3>\n<p><span style=\"background-color: #000000; color: #ffffff;\"><img loading=\"lazy\" decoding=\"async\" class=\"alignleft size-medium wp-image-152112\" src=\"https:\/\/newsestlyonnais.fr\/site\/wp-content\/uploads\/2022\/03\/chasse_aux_oeufs_2022-400x565.jpg\" alt=\"\" width=\"212\" height=\"300\" srcset=\"https:\/\/newsestlyonnais.fr\/site\/wp-content\/uploads\/2022\/03\/chasse_aux_oeufs_2022-400x565.jpg 400w, https:\/\/newsestlyonnais.fr\/site\/wp-content\/uploads\/2022\/03\/chasse_aux_oeufs_2022-650x919.jpg 650w, https:\/\/newsestlyonnais.fr\/site\/wp-content\/uploads\/2022\/03\/chasse_aux_oeufs_2022-250x353.jpg 250w, https:\/\/newsestlyonnais.fr\/site\/wp-content\/uploads\/2022\/03\/chasse_aux_oeufs_2022-768x1086.jpg 768w, https:\/\/newsestlyonnais.fr\/site\/wp-content\/uploads\/2022\/03\/chasse_aux_oeufs_2022-150x212.jpg 150w, https:\/\/newsestlyonnais.fr\/site\/wp-content\/uploads\/2022\/03\/chasse_aux_oeufs_2022-50x71.jpg 50w, https:\/\/newsestlyonnais.fr\/site\/wp-content\/uploads\/2022\/03\/chasse_aux_oeufs_2022-100x141.jpg 100w, https:\/\/newsestlyonnais.fr\/site\/wp-content\/uploads\/2022\/03\/chasse_aux_oeufs_2022-200x283.jpg 200w, https:\/\/newsestlyonnais.fr\/site\/wp-content\/uploads\/2022\/03\/chasse_aux_oeufs_2022-300x424.jpg 300w, https:\/\/newsestlyonnais.fr\/site\/wp-content\/uploads\/2022\/03\/chasse_aux_oeufs_2022-350x495.jpg 350w, https:\/\/newsestlyonnais.fr\/site\/wp-content\/uploads\/2022\/03\/chasse_aux_oeufs_2022-450x636.jpg 450w, https:\/\/newsestlyonnais.fr\/site\/wp-content\/uploads\/2022\/03\/chasse_aux_oeufs_2022-500x707.jpg 500w, https:\/\/newsestlyonnais.fr\/site\/wp-content\/uploads\/2022\/03\/chasse_aux_oeufs_2022-550x777.jpg 550w, https:\/\/newsestlyonnais.fr\/site\/wp-content\/uploads\/2022\/03\/chasse_aux_oeufs_2022-800x1131.jpg 800w, https:\/\/newsestlyonnais.fr\/site\/wp-content\/uploads\/2022\/03\/chasse_aux_oeufs_2022.jpg 849w\" sizes=\"auto, (max-width: 212px) 100vw, 212px\" \/><span style=\"font-size: 12pt;\">CALUIRE ET CUIRE &gt; Parc des Berges de Saint-Clair<\/span><\/span><\/p>\n<p><span style=\"text-decoration: underline;\"><strong>Lundi 18 avril de 9 h 30 \u00e0 12 h 30 :<\/strong><\/span><\/p>\n<p class=\"rtecenter\">Jeu in\u00e9dit r\u00e9serv\u00e9 aux Caluirards \u00e2g\u00e9s de 2 r\u00e9volus \u00e0 11 ans inclus.<\/p>\n<p class=\"rtecenter\"><em><strong>Inscrivez-vous avant le vendredi 8 avril sur :<\/strong><\/em><\/p>\n<p class=\"rtecenter\"><a href=\"https:\/\/demarches-ville-caluire.toodego.com\/vie-pratique\/chasse-aux-oeufs\/\" target=\"_blank\" rel=\"noopener\"><span style=\"color: #0000ff;\"><strong>https:\/\/demarches-ville-caluire.toodego.com\/vie-pratique\/chasse-aux-oeufs\/<\/strong><\/span><\/a><\/p>\n<hr \/>\n<div class=\"rtecenter\">\n<h3 class=\"rtecenter\"><\/h3>\n<p class=\"rtecenter\"><span style=\"background-color: #000000; color: #ffffff; font-size: 12pt;\"><strong>COLOMBIER-SAUGNIEU &gt; Chasse aux oeufs d\u00e9guis\u00e9e<\/strong><\/span><\/p>\n<p><span style=\"text-decoration: underline;\"><strong>Lundi 18 avril de 10 h \u00e0 12 h<\/strong><\/span><\/p>\n<p>Organis\u00e9e par l&rsquo;APE \u00e0 La Dauphinoise, route de Pont de Ch\u00e9ruy.<\/p>\n<hr \/>\n<div id=\"event_details\">\n<div>\n<p><span style=\"background-color: #000000; color: #ffffff;\"><strong>MARENNES &gt; Chasse aux oeufs<\/strong><\/span><\/p>\n<p><strong><u>Dimanche 10 avril de 10 h \u00e0 12 h<\/u><\/strong><\/p>\n<p>Organis\u00e9e par Marennes Enfance pour les enfants de Marennes de 0 \u00e0 10 ans. (Route de Chaponnay, Parking du Cimeti\u00e8re).<\/p>\n<hr \/>\n<p><span style=\"background-color: #000000; color: #ffffff;\"><strong>MEYZIEU &gt; Chasse aux \u0153ufs majolane <\/strong><\/span><\/p>\n<p><span style=\"text-decoration: underline;\"><strong>Du samedi 16 au samedi 30 avril<\/strong><\/span><\/p>\n<p>Cette ann\u00e9e une forme hybride, compos\u00e9e d\u2019animations ludiques et gourmandes. Elle s\u2019articulera autour de 2 temps forts s\u2019\u00e9talant sur la p\u00e9riode des vacances de P\u00e2ques, du 16 au 30 avril. Selon l&rsquo;\u00e2ge des enfants, 2 formules :<\/p>\n<ul>\n<li><strong>6\/11 ans<\/strong>, rallye-photo sur un parcours de 18 km dans toute la ville durant les vacances de P\u00e2ques (16 au 30 avril).<\/li>\n<li><strong>2\/5 ans<\/strong>, traditionnelle Chasse aux \u0153ufs cette ann\u00e9e au parc de la R\u00e9publique (samedi 30 avril 10 h \u00e0 11 h).<\/li>\n<\/ul>\n<p><strong>Inscription gratuite, mais obligatoire<\/strong> sur\u00a0<span style=\"color: #0000ff;\"><a style=\"color: #0000ff;\" href=\"https:\/\/mon.meyzieu.fr\/\" target=\"_blank\" rel=\"noopener\">mon.meyzieu.fr\u00a0<\/a><\/span>du 24 mars au 3 avril minuit pour les 2 formules.<strong> Ev\u00e9nement r\u00e9serv\u00e9 uniquement aux enfants Majolans ou \u00e0 ceux scolaris\u00e9s \u00e0 Meyzieu.<\/strong><\/p>\n<\/div>\n<hr \/>\n<div>\n<p><span style=\"background-color: #000000; color: #ffffff;\"><img loading=\"lazy\" decoding=\"async\" class=\"alignleft size-medium wp-image-152136\" src=\"https:\/\/newsestlyonnais.fr\/site\/wp-content\/uploads\/2022\/03\/affiche-chasse-oeufs-2022-400x587.jpg\" alt=\"\" width=\"204\" height=\"300\" srcset=\"https:\/\/newsestlyonnais.fr\/site\/wp-content\/uploads\/2022\/03\/affiche-chasse-oeufs-2022-400x587.jpg 400w, https:\/\/newsestlyonnais.fr\/site\/wp-content\/uploads\/2022\/03\/affiche-chasse-oeufs-2022-250x367.jpg 250w, https:\/\/newsestlyonnais.fr\/site\/wp-content\/uploads\/2022\/03\/affiche-chasse-oeufs-2022-150x220.jpg 150w, https:\/\/newsestlyonnais.fr\/site\/wp-content\/uploads\/2022\/03\/affiche-chasse-oeufs-2022-50x73.jpg 50w, https:\/\/newsestlyonnais.fr\/site\/wp-content\/uploads\/2022\/03\/affiche-chasse-oeufs-2022-100x147.jpg 100w, https:\/\/newsestlyonnais.fr\/site\/wp-content\/uploads\/2022\/03\/affiche-chasse-oeufs-2022-200x293.jpg 200w, https:\/\/newsestlyonnais.fr\/site\/wp-content\/uploads\/2022\/03\/affiche-chasse-oeufs-2022-300x440.jpg 300w, https:\/\/newsestlyonnais.fr\/site\/wp-content\/uploads\/2022\/03\/affiche-chasse-oeufs-2022-350x514.jpg 350w, https:\/\/newsestlyonnais.fr\/site\/wp-content\/uploads\/2022\/03\/affiche-chasse-oeufs-2022-450x660.jpg 450w, https:\/\/newsestlyonnais.fr\/site\/wp-content\/uploads\/2022\/03\/affiche-chasse-oeufs-2022-500x734.jpg 500w, https:\/\/newsestlyonnais.fr\/site\/wp-content\/uploads\/2022\/03\/affiche-chasse-oeufs-2022-550x807.jpg 550w, https:\/\/newsestlyonnais.fr\/site\/wp-content\/uploads\/2022\/03\/affiche-chasse-oeufs-2022.jpg 640w\" sizes=\"auto, (max-width: 204px) 100vw, 204px\" \/><span style=\"font-size: 12pt;\">MIRIBEL-JONAGE &gt; Chasse aux oeufs de P\u00e2ques et chasse aux tr\u00e9sors en autonomie<\/span><\/span><\/p>\n<p><span style=\"text-decoration: underline;\"><strong>Du samedi 16 avril au dimanche 1\u00b0 mai<\/strong> <\/span><\/p>\n<p>Un parcours en autonomie gr\u00e2ce un livret de jeux qui permettra aux participants de d\u00e9couvrir le sens de la course.<\/p>\n<p>Inscriptions en ligne : Liens des livrets \u00e0 t\u00e9l\u00e9charger sont mentionn\u00e9s dans l&rsquo;e-mail de confirmation de commande et disponibles au plus tard vendredi 15 avril<strong>. <span style=\"font-size: 8pt; color: #0000ff;\"><a style=\"color: #0000ff;\" href=\"https:\/\/reservation.grand-parc.fr\/ELISATH_RESERVATION_WEB\/FR\/PAGE_VA_VenteArticles.php?categorie=8&amp;prec=true\">https:\/\/reservation.grand-parc.fr\/ELISATH_RESERVATION_WEB\/FR\/PAGE_VA_VenteArticles.php?categorie=8&amp;prec=true<\/a><\/span><\/strong><\/p>\n<hr \/>\n<\/div>\n<\/div>\n<\/div>\n<div class=\"infos\">\n<p><span style=\"background-color: #000000; color: #ffffff;\"><strong>SIMANDRES &gt; Chasse aux oeufs<\/strong><\/span><\/p>\n<p><span style=\"text-decoration: underline;\"><strong>Lundi 18 avril<\/strong><\/span> \/ Simandr\u2019anim (Parc des Pachottes).<\/p>\n<\/div>\n<div>\n<hr \/>\n<p><span style=\"background-color: #000000; color: #ffcc00; font-size: 14pt;\"><strong>AIN : <\/strong><\/span><\/p>\n<p><span style=\"background-color: #000000; color: #ffffff;\"><strong>MIRIBEL &gt; Chasse aux Oeufs<\/strong><\/span><\/p>\n<p><span style=\"text-decoration: underline;\"><strong>Dimanche 10 avril <\/strong><\/span>de 10 h \u00e0 12 h : Sou des Ecoles des Echets (Ecole des Echets).<\/p>\n<hr \/>\n<\/div>\n","protected":false},"excerpt":{"rendered":"<p>Ce traditionnel \u00e9v\u00e8nement de P\u00e2ques se d\u00e9roulera sur plusieurs sites sous diverses formes. <\/p>\n","protected":false},"author":4,"featured_media":18294,"comment_status":"open","ping_status":"open","sticky":false,"template":"","format":"standard","meta":{"footnotes":""},"categories":[4153,19,1620,270,1280,171,24,28],"tags":[3674,3675],"class_list":["post-152076","post","type-post","status-publish","format-standard","has-post-thumbnail","hentry","category-ain-isere","category-bron","category-caluire","category-cte-de-communes-c-c-e-l","category-colombier-saugnieu","category-enfance-jeunesse","category-meyzieu","category-vaulx-en-velin","tag-chasse-aux-oeufs","tag-paques"],"yoast_head":"<!-- This site is optimized with the Yoast SEO plugin v27.2 - https:\/\/yoast.com\/product\/yoast-seo-wordpress\/ -->\n<title>CHASSE AUX OEUFS | Les dates dans l&#039;agglom\u00e9ration - News Est Lyonnais<\/title>\n<meta name=\"description\" content=\"CHASSE AUX OEUFS | Les dates dans l&#039;agglom\u00e9ration\" \/>\n<meta name=\"robots\" content=\"index, follow, max-snippet:-1, max-image-preview:large, max-video-preview:-1\" \/>\n<link rel=\"canonical\" href=\"https:\/\/newsestlyonnais.fr\/site\/2022\/04\/10\/chasse-aux-oeufs-les-dates-dans-lagglomeration\/\" \/>\n<meta property=\"og:locale\" content=\"fr_FR\" \/>\n<meta property=\"og:type\" content=\"article\" \/>\n<meta property=\"og:title\" content=\"CHASSE AUX OEUFS | Les dates dans l&#039;agglom\u00e9ration - News Est Lyonnais\" \/>\n<meta property=\"og:description\" content=\"CHASSE AUX OEUFS | Les dates dans l&#039;agglom\u00e9ration\" \/>\n<meta property=\"og:url\" content=\"https:\/\/newsestlyonnais.fr\/site\/2022\/04\/10\/chasse-aux-oeufs-les-dates-dans-lagglomeration\/\" \/>\n<meta property=\"og:site_name\" content=\"News Est Lyonnais\" \/>\n<meta property=\"article:author\" content=\"https:\/\/www.facebook.com\/pascal.oberson.1?fref=ts\" \/>\n<meta property=\"article:published_time\" content=\"2022-04-10T16:06:32+00:00\" \/>\n<meta property=\"article:modified_time\" content=\"2022-05-01T15:44:35+00:00\" \/>\n<meta property=\"og:image\" content=\"https:\/\/newsestlyonnais.fr\/site\/wp-content\/uploads\/2017\/01\/NEWSESTLYONNAIS-chasse-oeufs-paques-2016.jpg\" \/>\n\t<meta property=\"og:image:width\" content=\"1000\" \/>\n\t<meta property=\"og:image:height\" content=\"750\" \/>\n\t<meta property=\"og:image:type\" content=\"image\/jpeg\" \/>\n<meta name=\"author\" content=\"R\u00e9dac. NEWS\" \/>\n<meta name=\"twitter:card\" content=\"summary_large_image\" \/>\n<meta name=\"twitter:label1\" content=\"\u00c9crit par\" \/>\n\t<meta name=\"twitter:data1\" content=\"R\u00e9dac. NEWS\" \/>\n\t<meta name=\"twitter:label2\" content=\"Dur\u00e9e de lecture estim\u00e9e\" \/>\n\t<meta name=\"twitter:data2\" content=\"3 minutes\" \/>\n<script type=\"application\/ld+json\" class=\"yoast-schema-graph\">{\"@context\":\"https:\/\/schema.org\",\"@graph\":[{\"@type\":\"Article\",\"@id\":\"https:\/\/newsestlyonnais.fr\/site\/2022\/04\/10\/chasse-aux-oeufs-les-dates-dans-lagglomeration\/#article\",\"isPartOf\":{\"@id\":\"https:\/\/newsestlyonnais.fr\/site\/2022\/04\/10\/chasse-aux-oeufs-les-dates-dans-lagglomeration\/\"},\"author\":{\"name\":\"R\u00e9dac. NEWS\",\"@id\":\"https:\/\/newsestlyonnais.fr\/site\/#\/schema\/person\/3230d5615f390bb808365d673001e887\"},\"headline\":\"CHASSE AUX OEUFS | Les dates dans l&rsquo;agglom\u00e9ration\",\"datePublished\":\"2022-04-10T16:06:32+00:00\",\"dateModified\":\"2022-05-01T15:44:35+00:00\",\"mainEntityOfPage\":{\"@id\":\"https:\/\/newsestlyonnais.fr\/site\/2022\/04\/10\/chasse-aux-oeufs-les-dates-dans-lagglomeration\/\"},\"wordCount\":383,\"commentCount\":0,\"publisher\":{\"@id\":\"https:\/\/newsestlyonnais.fr\/site\/#organization\"},\"image\":{\"@id\":\"https:\/\/newsestlyonnais.fr\/site\/2022\/04\/10\/chasse-aux-oeufs-les-dates-dans-lagglomeration\/#primaryimage\"},\"thumbnailUrl\":\"https:\/\/newsestlyonnais.fr\/site\/wp-content\/uploads\/2017\/01\/NEWSESTLYONNAIS-chasse-oeufs-paques-2016.jpg\",\"keywords\":[\"CHASSE AUX OEUFS\",\"PAQUES\"],\"articleSection\":[\"Ain | Is\u00e8re\",\"Bron\",\"Caluire\",\"CCEL | Communes\",\"Colombier-Saugnieu\",\"Enfance | Jeunesse\",\"Meyzieu\",\"Vaulx-en-Velin\"],\"inLanguage\":\"fr-FR\",\"potentialAction\":[{\"@type\":\"CommentAction\",\"name\":\"Comment\",\"target\":[\"https:\/\/newsestlyonnais.fr\/site\/2022\/04\/10\/chasse-aux-oeufs-les-dates-dans-lagglomeration\/#respond\"]}]},{\"@type\":\"WebPage\",\"@id\":\"https:\/\/newsestlyonnais.fr\/site\/2022\/04\/10\/chasse-aux-oeufs-les-dates-dans-lagglomeration\/\",\"url\":\"https:\/\/newsestlyonnais.fr\/site\/2022\/04\/10\/chasse-aux-oeufs-les-dates-dans-lagglomeration\/\",\"name\":\"CHASSE AUX OEUFS | Les dates dans l'agglom\u00e9ration - News Est Lyonnais\",\"isPartOf\":{\"@id\":\"https:\/\/newsestlyonnais.fr\/site\/#website\"},\"primaryImageOfPage\":{\"@id\":\"https:\/\/newsestlyonnais.fr\/site\/2022\/04\/10\/chasse-aux-oeufs-les-dates-dans-lagglomeration\/#primaryimage\"},\"image\":{\"@id\":\"https:\/\/newsestlyonnais.fr\/site\/2022\/04\/10\/chasse-aux-oeufs-les-dates-dans-lagglomeration\/#primaryimage\"},\"thumbnailUrl\":\"https:\/\/newsestlyonnais.fr\/site\/wp-content\/uploads\/2017\/01\/NEWSESTLYONNAIS-chasse-oeufs-paques-2016.jpg\",\"datePublished\":\"2022-04-10T16:06:32+00:00\",\"dateModified\":\"2022-05-01T15:44:35+00:00\",\"description\":\"CHASSE AUX OEUFS | Les dates dans l'agglom\u00e9ration\",\"breadcrumb\":{\"@id\":\"https:\/\/newsestlyonnais.fr\/site\/2022\/04\/10\/chasse-aux-oeufs-les-dates-dans-lagglomeration\/#breadcrumb\"},\"inLanguage\":\"fr-FR\",\"potentialAction\":[{\"@type\":\"ReadAction\",\"target\":[\"https:\/\/newsestlyonnais.fr\/site\/2022\/04\/10\/chasse-aux-oeufs-les-dates-dans-lagglomeration\/\"]}]},{\"@type\":\"ImageObject\",\"inLanguage\":\"fr-FR\",\"@id\":\"https:\/\/newsestlyonnais.fr\/site\/2022\/04\/10\/chasse-aux-oeufs-les-dates-dans-lagglomeration\/#primaryimage\",\"url\":\"https:\/\/newsestlyonnais.fr\/site\/wp-content\/uploads\/2017\/01\/NEWSESTLYONNAIS-chasse-oeufs-paques-2016.jpg\",\"contentUrl\":\"https:\/\/newsestlyonnais.fr\/site\/wp-content\/uploads\/2017\/01\/NEWSESTLYONNAIS-chasse-oeufs-paques-2016.jpg\",\"width\":1000,\"height\":750,\"caption\":\"newsestlyonnais-chasse-oeufs-paques-2016\"},{\"@type\":\"BreadcrumbList\",\"@id\":\"https:\/\/newsestlyonnais.fr\/site\/2022\/04\/10\/chasse-aux-oeufs-les-dates-dans-lagglomeration\/#breadcrumb\",\"itemListElement\":[{\"@type\":\"ListItem\",\"position\":1,\"name\":\"Accueil\",\"item\":\"https:\/\/newsestlyonnais.fr\/site\/\"},{\"@type\":\"ListItem\",\"position\":2,\"name\":\"CHASSE AUX OEUFS | Les dates dans l&rsquo;agglom\u00e9ration\"}]},{\"@type\":\"WebSite\",\"@id\":\"https:\/\/newsestlyonnais.fr\/site\/#website\",\"url\":\"https:\/\/newsestlyonnais.fr\/site\/\",\"name\":\"News Est Lyonnais\",\"description\":\"L&#039;actualit\u00e9 au plus pr\u00e8s\",\"publisher\":{\"@id\":\"https:\/\/newsestlyonnais.fr\/site\/#organization\"},\"potentialAction\":[{\"@type\":\"SearchAction\",\"target\":{\"@type\":\"EntryPoint\",\"urlTemplate\":\"https:\/\/newsestlyonnais.fr\/site\/?s={search_term_string}\"},\"query-input\":{\"@type\":\"PropertyValueSpecification\",\"valueRequired\":true,\"valueName\":\"search_term_string\"}}],\"inLanguage\":\"fr-FR\"},{\"@type\":\"Organization\",\"@id\":\"https:\/\/newsestlyonnais.fr\/site\/#organization\",\"name\":\"News EST LYONNAIS\",\"url\":\"https:\/\/newsestlyonnais.fr\/site\/\",\"logo\":{\"@type\":\"ImageObject\",\"inLanguage\":\"fr-FR\",\"@id\":\"https:\/\/newsestlyonnais.fr\/site\/#\/schema\/logo\/image\/\",\"url\":\"\",\"contentUrl\":\"\",\"caption\":\"News EST LYONNAIS\"},\"image\":{\"@id\":\"https:\/\/newsestlyonnais.fr\/site\/#\/schema\/logo\/image\/\"}},{\"@type\":\"Person\",\"@id\":\"https:\/\/newsestlyonnais.fr\/site\/#\/schema\/person\/3230d5615f390bb808365d673001e887\",\"name\":\"R\u00e9dac. NEWS\",\"sameAs\":[\"http:\/\/www.newsestlyonnais.fr\",\"https:\/\/www.facebook.com\/pascal.oberson.1?fref=ts\",\"https:\/\/fr.linkedin.com\/in\/pascal-oberson-b17045113\"],\"url\":\"https:\/\/newsestlyonnais.fr\/site\/author\/nel\/\"}]}<\/script>\n<!-- \/ Yoast SEO plugin. -->","yoast_head_json":{"title":"CHASSE AUX OEUFS | Les dates dans l'agglom\u00e9ration - News Est Lyonnais","description":"CHASSE AUX OEUFS | Les dates dans l'agglom\u00e9ration","robots":{"index":"index","follow":"follow","max-snippet":"max-snippet:-1","max-image-preview":"max-image-preview:large","max-video-preview":"max-video-preview:-1"},"canonical":"https:\/\/newsestlyonnais.fr\/site\/2022\/04\/10\/chasse-aux-oeufs-les-dates-dans-lagglomeration\/","og_locale":"fr_FR","og_type":"article","og_title":"CHASSE AUX OEUFS | Les dates dans l'agglom\u00e9ration - News Est Lyonnais","og_description":"CHASSE AUX OEUFS | Les dates dans l'agglom\u00e9ration","og_url":"https:\/\/newsestlyonnais.fr\/site\/2022\/04\/10\/chasse-aux-oeufs-les-dates-dans-lagglomeration\/","og_site_name":"News Est Lyonnais","article_author":"https:\/\/www.facebook.com\/pascal.oberson.1?fref=ts","article_published_time":"2022-04-10T16:06:32+00:00","article_modified_time":"2022-05-01T15:44:35+00:00","og_image":[{"width":1000,"height":750,"url":"https:\/\/newsestlyonnais.fr\/site\/wp-content\/uploads\/2017\/01\/NEWSESTLYONNAIS-chasse-oeufs-paques-2016.jpg","type":"image\/jpeg"}],"author":"R\u00e9dac. NEWS","twitter_card":"summary_large_image","twitter_misc":{"\u00c9crit par":"R\u00e9dac. NEWS","Dur\u00e9e de lecture estim\u00e9e":"3 minutes"},"schema":{"@context":"https:\/\/schema.org","@graph":[{"@type":"Article","@id":"https:\/\/newsestlyonnais.fr\/site\/2022\/04\/10\/chasse-aux-oeufs-les-dates-dans-lagglomeration\/#article","isPartOf":{"@id":"https:\/\/newsestlyonnais.fr\/site\/2022\/04\/10\/chasse-aux-oeufs-les-dates-dans-lagglomeration\/"},"author":{"name":"R\u00e9dac. NEWS","@id":"https:\/\/newsestlyonnais.fr\/site\/#\/schema\/person\/3230d5615f390bb808365d673001e887"},"headline":"CHASSE AUX OEUFS | Les dates dans l&rsquo;agglom\u00e9ration","datePublished":"2022-04-10T16:06:32+00:00","dateModified":"2022-05-01T15:44:35+00:00","mainEntityOfPage":{"@id":"https:\/\/newsestlyonnais.fr\/site\/2022\/04\/10\/chasse-aux-oeufs-les-dates-dans-lagglomeration\/"},"wordCount":383,"commentCount":0,"publisher":{"@id":"https:\/\/newsestlyonnais.fr\/site\/#organization"},"image":{"@id":"https:\/\/newsestlyonnais.fr\/site\/2022\/04\/10\/chasse-aux-oeufs-les-dates-dans-lagglomeration\/#primaryimage"},"thumbnailUrl":"https:\/\/newsestlyonnais.fr\/site\/wp-content\/uploads\/2017\/01\/NEWSESTLYONNAIS-chasse-oeufs-paques-2016.jpg","keywords":["CHASSE AUX OEUFS","PAQUES"],"articleSection":["Ain | Is\u00e8re","Bron","Caluire","CCEL | Communes","Colombier-Saugnieu","Enfance | Jeunesse","Meyzieu","Vaulx-en-Velin"],"inLanguage":"fr-FR","potentialAction":[{"@type":"CommentAction","name":"Comment","target":["https:\/\/newsestlyonnais.fr\/site\/2022\/04\/10\/chasse-aux-oeufs-les-dates-dans-lagglomeration\/#respond"]}]},{"@type":"WebPage","@id":"https:\/\/newsestlyonnais.fr\/site\/2022\/04\/10\/chasse-aux-oeufs-les-dates-dans-lagglomeration\/","url":"https:\/\/newsestlyonnais.fr\/site\/2022\/04\/10\/chasse-aux-oeufs-les-dates-dans-lagglomeration\/","name":"CHASSE AUX OEUFS | Les dates dans l'agglom\u00e9ration - News Est Lyonnais","isPartOf":{"@id":"https:\/\/newsestlyonnais.fr\/site\/#website"},"primaryImageOfPage":{"@id":"https:\/\/newsestlyonnais.fr\/site\/2022\/04\/10\/chasse-aux-oeufs-les-dates-dans-lagglomeration\/#primaryimage"},"image":{"@id":"https:\/\/newsestlyonnais.fr\/site\/2022\/04\/10\/chasse-aux-oeufs-les-dates-dans-lagglomeration\/#primaryimage"},"thumbnailUrl":"https:\/\/newsestlyonnais.fr\/site\/wp-content\/uploads\/2017\/01\/NEWSESTLYONNAIS-chasse-oeufs-paques-2016.jpg","datePublished":"2022-04-10T16:06:32+00:00","dateModified":"2022-05-01T15:44:35+00:00","description":"CHASSE AUX OEUFS | Les dates dans l'agglom\u00e9ration","breadcrumb":{"@id":"https:\/\/newsestlyonnais.fr\/site\/2022\/04\/10\/chasse-aux-oeufs-les-dates-dans-lagglomeration\/#breadcrumb"},"inLanguage":"fr-FR","potentialAction":[{"@type":"ReadAction","target":["https:\/\/newsestlyonnais.fr\/site\/2022\/04\/10\/chasse-aux-oeufs-les-dates-dans-lagglomeration\/"]}]},{"@type":"ImageObject","inLanguage":"fr-FR","@id":"https:\/\/newsestlyonnais.fr\/site\/2022\/04\/10\/chasse-aux-oeufs-les-dates-dans-lagglomeration\/#primaryimage","url":"https:\/\/newsestlyonnais.fr\/site\/wp-content\/uploads\/2017\/01\/NEWSESTLYONNAIS-chasse-oeufs-paques-2016.jpg","contentUrl":"https:\/\/newsestlyonnais.fr\/site\/wp-content\/uploads\/2017\/01\/NEWSESTLYONNAIS-chasse-oeufs-paques-2016.jpg","width":1000,"height":750,"caption":"newsestlyonnais-chasse-oeufs-paques-2016"},{"@type":"BreadcrumbList","@id":"https:\/\/newsestlyonnais.fr\/site\/2022\/04\/10\/chasse-aux-oeufs-les-dates-dans-lagglomeration\/#breadcrumb","itemListElement":[{"@type":"ListItem","position":1,"name":"Accueil","item":"https:\/\/newsestlyonnais.fr\/site\/"},{"@type":"ListItem","position":2,"name":"CHASSE AUX OEUFS | Les dates dans l&rsquo;agglom\u00e9ration"}]},{"@type":"WebSite","@id":"https:\/\/newsestlyonnais.fr\/site\/#website","url":"https:\/\/newsestlyonnais.fr\/site\/","name":"News Est Lyonnais","description":"L&#039;actualit\u00e9 au plus pr\u00e8s","publisher":{"@id":"https:\/\/newsestlyonnais.fr\/site\/#organization"},"potentialAction":[{"@type":"SearchAction","target":{"@type":"EntryPoint","urlTemplate":"https:\/\/newsestlyonnais.fr\/site\/?s={search_term_string}"},"query-input":{"@type":"PropertyValueSpecification","valueRequired":true,"valueName":"search_term_string"}}],"inLanguage":"fr-FR"},{"@type":"Organization","@id":"https:\/\/newsestlyonnais.fr\/site\/#organization","name":"News EST LYONNAIS","url":"https:\/\/newsestlyonnais.fr\/site\/","logo":{"@type":"ImageObject","inLanguage":"fr-FR","@id":"https:\/\/newsestlyonnais.fr\/site\/#\/schema\/logo\/image\/","url":"","contentUrl":"","caption":"News EST LYONNAIS"},"image":{"@id":"https:\/\/newsestlyonnais.fr\/site\/#\/schema\/logo\/image\/"}},{"@type":"Person","@id":"https:\/\/newsestlyonnais.fr\/site\/#\/schema\/person\/3230d5615f390bb808365d673001e887","name":"R\u00e9dac. NEWS","sameAs":["http:\/\/www.newsestlyonnais.fr","https:\/\/www.facebook.com\/pascal.oberson.1?fref=ts","https:\/\/fr.linkedin.com\/in\/pascal-oberson-b17045113"],"url":"https:\/\/newsestlyonnais.fr\/site\/author\/nel\/"}]}},"_links":{"self":[{"href":"https:\/\/newsestlyonnais.fr\/site\/wp-json\/wp\/v2\/posts\/152076","targetHints":{"allow":["GET"]}}],"collection":[{"href":"https:\/\/newsestlyonnais.fr\/site\/wp-json\/wp\/v2\/posts"}],"about":[{"href":"https:\/\/newsestlyonnais.fr\/site\/wp-json\/wp\/v2\/types\/post"}],"author":[{"embeddable":true,"href":"https:\/\/newsestlyonnais.fr\/site\/wp-json\/wp\/v2\/users\/4"}],"replies":[{"embeddable":true,"href":"https:\/\/newsestlyonnais.fr\/site\/wp-json\/wp\/v2\/comments?post=152076"}],"version-history":[{"count":0,"href":"https:\/\/newsestlyonnais.fr\/site\/wp-json\/wp\/v2\/posts\/152076\/revisions"}],"wp:featuredmedia":[{"embeddable":true,"href":"https:\/\/newsestlyonnais.fr\/site\/wp-json\/wp\/v2\/media\/18294"}],"wp:attachment":[{"href":"https:\/\/newsestlyonnais.fr\/site\/wp-json\/wp\/v2\/media?parent=152076"}],"wp:term":[{"taxonomy":"category","embeddable":true,"href":"https:\/\/newsestlyonnais.fr\/site\/wp-json\/wp\/v2\/categories?post=152076"},{"taxonomy":"post_tag","embeddable":true,"href":"https:\/\/newsestlyonnais.fr\/site\/wp-json\/wp\/v2\/tags?post=152076"}],"curies":[{"name":"wp","href":"https:\/\/api.w.org\/{rel}","templated":true}]}}