{"id":152155,"date":"2022-04-01T07:50:34","date_gmt":"2022-04-01T06:50:34","guid":{"rendered":"https:\/\/newsestlyonnais.fr\/site\/?p=152155"},"modified":"2022-05-03T09:44:17","modified_gmt":"2022-05-03T08:44:17","slug":"miribel-les-evenements-davril","status":"publish","type":"post","link":"https:\/\/newsestlyonnais.fr\/site\/2022\/04\/01\/miribel-les-evenements-davril\/","title":{"rendered":"MIRIBEL | Les \u00e9v\u00e8nements d&rsquo;avril"},"content":{"rendered":"<ul>\n<li><strong><span style=\"text-decoration: underline;\">Vendredi 1\u00b0 avril<\/span> \u00e0 20 h 30 : Spectacle Danse hip-hop acrobatique<\/strong> \u00abSPIN-OFF\u00bb \/ Cie Hafid Sour &#8211; Ru\u00e9e des Arts. Dur\u00e9e 1 h &#8211; Tout public d\u00e8s 7 ans. (Th\u00e9\u00e2tre All\u00e9gro).<\/li>\n<li><strong><span style=\"text-decoration: underline;\">Samedi 2 avril<\/span> \u00e0 partir de 14 h : Carnaval 2022<\/strong>. Th\u00e9matique \u00ab\u00a0J&rsquo;aime ma plan\u00e8te\u00a0\u00bb. (D\u00e9part du cort\u00e8ge \u00e0 14 h de la place de la R\u00e9publique pour un grand d\u00e9fil\u00e9 dans la Grande rue jusqu\u2019\u00e0 la Poste puis retour vers la Place du March\u00e9).<\/li>\n<li><strong><span style=\"text-decoration: underline;\">Dimanche 3 avril<\/span> : Journ\u00e9e Familiale<\/strong> \/ Anciens Combattants (\u00e0 la salle polyvalente au Mas Rillier).<\/li>\n<li><strong><span style=\"text-decoration: underline;\">Mardi 5 avril<\/span> \u00e0 18 h : Assembl\u00e9e G\u00e9n\u00e9rale <\/strong>de \u00ab\u00a0Peuples Solidaires Miribel-C\u00f4ti\u00e8re\u00a0\u00bb. (Centre socio-culturel).<\/li>\n<li><strong><span style=\"text-decoration: underline;\">Jeudi 7 avril<\/span> de 17 h \u00e0 20 h : \u00ab\u00a0Portes Ouvertes \u00ab\u00a0<\/strong> du lyc\u00e9e Professionnel St Joseph (rue Henri Grobon).<\/li>\n<li><strong><span style=\"text-decoration: underline;\">Dimanche 10 avril<\/span> de 8 h \u00e0 19 h : Election Pr\u00e9sidentielle, 1\u00b0 tour de scrutin<\/strong> (dans les 6 bureaux de vote de la commune) <strong>&amp; de 10 h \u00e0 12 h : Chasse aux Oeufs\u00a0 <\/strong>\/ Sou des Ecoles des Echets (Ecole des Echets).<\/li>\n<\/ul>\n<hr \/>\n<ul>\n<li><strong><span style=\"text-decoration: underline;\">Mercredi 13 avril<\/span> \u00e0 18 h : R\u00e9union Publique<\/strong> concernant le PLU &#8211; D\u00e9claration de projets Doortal et Reveyron. Dossiers \u00e0 la concertation du public en Mairie. (\u00e0 l&rsquo;All\u00e9gro).<\/li>\n<li><strong><span style=\"text-decoration: underline;\">Jeudi 14 avril<\/span> \u00e0 12 h : Repas des anciens<\/strong> \/ Petits du Mas Rillier (salle polyvalente au Mas Rillier).<\/li>\n<li><strong><span style=\"text-decoration: underline;\">Jeudi 21 avril<\/span> \u00e0 19 h : R\u00e9union Publique du Conseil Municipal<\/strong> (\u00e0 l\u2019All\u00e9gro).<\/li>\n<li><strong><span style=\"text-decoration: underline;\">Dimanche 24 avril<\/span> de 8 h \u00e0 19 h : Election Pr\u00e9sidentielle, 1\u00b0 tour de scrutin<\/strong> (dans les 6 bureaux de vote de la commune).<\/li>\n<li><strong><span style=\"text-decoration: underline;\">Samedi 30 avril &amp; Dimanche 1\u00b0 mai<\/span> : Concours de boules<\/strong> \/ Championnat de l&rsquo;Ain en doublettes. (au Parc des Sports la Chanal. Clos \u00ab\u00a0Ren\u00e9 Mirmand\u00a0\u00bb. 4\u00b0 division \u00e0 13 h 30 le samedi &amp; 3\u00b0 division \u00e0 8 h le dimanche <strong>&amp; Exposition Photos<\/strong> \/ Echo des Echets (qui devient Photo Passion des Echets) (\u00e0 la salle des f\u00eates des Echets).<\/li>\n<\/ul>\n<hr \/>\n<p><span style=\"background-color: #000000; font-size: 14pt;\"><em><strong><span style=\"color: #ffffff;\">Retrouvez l\u2019ACTU de la commune sur :<\/span><span style=\"color: #ffcc00;\"> <a style=\"background-color: #000000; color: #ffcc00;\" href=\"https:\/\/www.miribel.fr\">https:\/\/www.miribel.fr<\/a><\/span><\/strong><\/em><\/span><\/p>\n<hr \/>\n","protected":false},"excerpt":{"rendered":"<p>Nombreuses sont les programmations sur la commune durant ce mois.<\/p>\n","protected":false},"author":4,"featured_media":118432,"comment_status":"open","ping_status":"open","sticky":false,"template":"","format":"standard","meta":{"footnotes":""},"categories":[156,4153],"tags":[1991,3198,3197],"class_list":["post-152155","post","type-post","status-publish","format-standard","has-post-thumbnail","hentry","category-ain","category-ain-isere","tag-agenda","tag-ain","tag-miribel"],"yoast_head":"<!-- This site is optimized with the Yoast SEO plugin v27.2 - https:\/\/yoast.com\/product\/yoast-seo-wordpress\/ -->\n<title>MIRIBEL | Les \u00e9v\u00e8nements d&#039;avril - News Est Lyonnais<\/title>\n<meta name=\"description\" content=\"MIRIBEL | Les \u00e9v\u00e8nements d&#039;avril\" \/>\n<meta name=\"robots\" content=\"index, follow, max-snippet:-1, max-image-preview:large, max-video-preview:-1\" \/>\n<link rel=\"canonical\" href=\"https:\/\/newsestlyonnais.fr\/site\/2022\/04\/01\/miribel-les-evenements-davril\/\" \/>\n<meta property=\"og:locale\" content=\"fr_FR\" \/>\n<meta property=\"og:type\" content=\"article\" \/>\n<meta property=\"og:title\" content=\"MIRIBEL | Les \u00e9v\u00e8nements d&#039;avril - News Est Lyonnais\" \/>\n<meta property=\"og:description\" content=\"MIRIBEL | Les \u00e9v\u00e8nements d&#039;avril\" \/>\n<meta property=\"og:url\" content=\"https:\/\/newsestlyonnais.fr\/site\/2022\/04\/01\/miribel-les-evenements-davril\/\" \/>\n<meta property=\"og:site_name\" content=\"News Est Lyonnais\" \/>\n<meta property=\"article:author\" content=\"https:\/\/www.facebook.com\/pascal.oberson.1?fref=ts\" \/>\n<meta property=\"article:published_time\" content=\"2022-04-01T06:50:34+00:00\" \/>\n<meta property=\"article:modified_time\" content=\"2022-05-03T08:44:17+00:00\" \/>\n<meta property=\"og:image\" content=\"https:\/\/newsestlyonnais.fr\/site\/wp-content\/uploads\/2020\/11\/miribel-01.png\" \/>\n\t<meta property=\"og:image:width\" content=\"300\" \/>\n\t<meta property=\"og:image:height\" content=\"330\" \/>\n\t<meta property=\"og:image:type\" content=\"image\/png\" \/>\n<meta name=\"author\" content=\"R\u00e9dac. NEWS\" \/>\n<meta name=\"twitter:card\" content=\"summary_large_image\" \/>\n<meta name=\"twitter:label1\" content=\"\u00c9crit par\" \/>\n\t<meta name=\"twitter:data1\" content=\"R\u00e9dac. NEWS\" \/>\n\t<meta name=\"twitter:label2\" content=\"Dur\u00e9e de lecture estim\u00e9e\" \/>\n\t<meta name=\"twitter:data2\" content=\"2 minutes\" \/>\n<script type=\"application\/ld+json\" class=\"yoast-schema-graph\">{\"@context\":\"https:\/\/schema.org\",\"@graph\":[{\"@type\":\"Article\",\"@id\":\"https:\/\/newsestlyonnais.fr\/site\/2022\/04\/01\/miribel-les-evenements-davril\/#article\",\"isPartOf\":{\"@id\":\"https:\/\/newsestlyonnais.fr\/site\/2022\/04\/01\/miribel-les-evenements-davril\/\"},\"author\":{\"name\":\"R\u00e9dac. NEWS\",\"@id\":\"https:\/\/newsestlyonnais.fr\/site\/#\/schema\/person\/3230d5615f390bb808365d673001e887\"},\"headline\":\"MIRIBEL | Les \u00e9v\u00e8nements d&rsquo;avril\",\"datePublished\":\"2022-04-01T06:50:34+00:00\",\"dateModified\":\"2022-05-03T08:44:17+00:00\",\"mainEntityOfPage\":{\"@id\":\"https:\/\/newsestlyonnais.fr\/site\/2022\/04\/01\/miribel-les-evenements-davril\/\"},\"wordCount\":294,\"commentCount\":0,\"publisher\":{\"@id\":\"https:\/\/newsestlyonnais.fr\/site\/#organization\"},\"image\":{\"@id\":\"https:\/\/newsestlyonnais.fr\/site\/2022\/04\/01\/miribel-les-evenements-davril\/#primaryimage\"},\"thumbnailUrl\":\"https:\/\/newsestlyonnais.fr\/site\/wp-content\/uploads\/2020\/11\/miribel-01.png\",\"keywords\":[\"AGENDA\",\"AIN\",\"MIRIBEL\"],\"articleSection\":[\"Ain (01)\",\"Ain | Is\u00e8re\"],\"inLanguage\":\"fr-FR\",\"potentialAction\":[{\"@type\":\"CommentAction\",\"name\":\"Comment\",\"target\":[\"https:\/\/newsestlyonnais.fr\/site\/2022\/04\/01\/miribel-les-evenements-davril\/#respond\"]}]},{\"@type\":\"WebPage\",\"@id\":\"https:\/\/newsestlyonnais.fr\/site\/2022\/04\/01\/miribel-les-evenements-davril\/\",\"url\":\"https:\/\/newsestlyonnais.fr\/site\/2022\/04\/01\/miribel-les-evenements-davril\/\",\"name\":\"MIRIBEL | Les \u00e9v\u00e8nements d'avril - News Est Lyonnais\",\"isPartOf\":{\"@id\":\"https:\/\/newsestlyonnais.fr\/site\/#website\"},\"primaryImageOfPage\":{\"@id\":\"https:\/\/newsestlyonnais.fr\/site\/2022\/04\/01\/miribel-les-evenements-davril\/#primaryimage\"},\"image\":{\"@id\":\"https:\/\/newsestlyonnais.fr\/site\/2022\/04\/01\/miribel-les-evenements-davril\/#primaryimage\"},\"thumbnailUrl\":\"https:\/\/newsestlyonnais.fr\/site\/wp-content\/uploads\/2020\/11\/miribel-01.png\",\"datePublished\":\"2022-04-01T06:50:34+00:00\",\"dateModified\":\"2022-05-03T08:44:17+00:00\",\"description\":\"MIRIBEL | Les \u00e9v\u00e8nements d'avril\",\"breadcrumb\":{\"@id\":\"https:\/\/newsestlyonnais.fr\/site\/2022\/04\/01\/miribel-les-evenements-davril\/#breadcrumb\"},\"inLanguage\":\"fr-FR\",\"potentialAction\":[{\"@type\":\"ReadAction\",\"target\":[\"https:\/\/newsestlyonnais.fr\/site\/2022\/04\/01\/miribel-les-evenements-davril\/\"]}]},{\"@type\":\"ImageObject\",\"inLanguage\":\"fr-FR\",\"@id\":\"https:\/\/newsestlyonnais.fr\/site\/2022\/04\/01\/miribel-les-evenements-davril\/#primaryimage\",\"url\":\"https:\/\/newsestlyonnais.fr\/site\/wp-content\/uploads\/2020\/11\/miribel-01.png\",\"contentUrl\":\"https:\/\/newsestlyonnais.fr\/site\/wp-content\/uploads\/2020\/11\/miribel-01.png\",\"width\":300,\"height\":330},{\"@type\":\"BreadcrumbList\",\"@id\":\"https:\/\/newsestlyonnais.fr\/site\/2022\/04\/01\/miribel-les-evenements-davril\/#breadcrumb\",\"itemListElement\":[{\"@type\":\"ListItem\",\"position\":1,\"name\":\"Accueil\",\"item\":\"https:\/\/newsestlyonnais.fr\/site\/\"},{\"@type\":\"ListItem\",\"position\":2,\"name\":\"MIRIBEL | Les \u00e9v\u00e8nements d&rsquo;avril\"}]},{\"@type\":\"WebSite\",\"@id\":\"https:\/\/newsestlyonnais.fr\/site\/#website\",\"url\":\"https:\/\/newsestlyonnais.fr\/site\/\",\"name\":\"News Est Lyonnais\",\"description\":\"L&#039;actualit\u00e9 au plus pr\u00e8s\",\"publisher\":{\"@id\":\"https:\/\/newsestlyonnais.fr\/site\/#organization\"},\"potentialAction\":[{\"@type\":\"SearchAction\",\"target\":{\"@type\":\"EntryPoint\",\"urlTemplate\":\"https:\/\/newsestlyonnais.fr\/site\/?s={search_term_string}\"},\"query-input\":{\"@type\":\"PropertyValueSpecification\",\"valueRequired\":true,\"valueName\":\"search_term_string\"}}],\"inLanguage\":\"fr-FR\"},{\"@type\":\"Organization\",\"@id\":\"https:\/\/newsestlyonnais.fr\/site\/#organization\",\"name\":\"News EST LYONNAIS\",\"url\":\"https:\/\/newsestlyonnais.fr\/site\/\",\"logo\":{\"@type\":\"ImageObject\",\"inLanguage\":\"fr-FR\",\"@id\":\"https:\/\/newsestlyonnais.fr\/site\/#\/schema\/logo\/image\/\",\"url\":\"\",\"contentUrl\":\"\",\"caption\":\"News EST LYONNAIS\"},\"image\":{\"@id\":\"https:\/\/newsestlyonnais.fr\/site\/#\/schema\/logo\/image\/\"}},{\"@type\":\"Person\",\"@id\":\"https:\/\/newsestlyonnais.fr\/site\/#\/schema\/person\/3230d5615f390bb808365d673001e887\",\"name\":\"R\u00e9dac. NEWS\",\"sameAs\":[\"http:\/\/www.newsestlyonnais.fr\",\"https:\/\/www.facebook.com\/pascal.oberson.1?fref=ts\",\"https:\/\/fr.linkedin.com\/in\/pascal-oberson-b17045113\"],\"url\":\"https:\/\/newsestlyonnais.fr\/site\/author\/nel\/\"}]}<\/script>\n<!-- \/ Yoast SEO plugin. -->","yoast_head_json":{"title":"MIRIBEL | Les \u00e9v\u00e8nements d'avril - News Est Lyonnais","description":"MIRIBEL | Les \u00e9v\u00e8nements d'avril","robots":{"index":"index","follow":"follow","max-snippet":"max-snippet:-1","max-image-preview":"max-image-preview:large","max-video-preview":"max-video-preview:-1"},"canonical":"https:\/\/newsestlyonnais.fr\/site\/2022\/04\/01\/miribel-les-evenements-davril\/","og_locale":"fr_FR","og_type":"article","og_title":"MIRIBEL | Les \u00e9v\u00e8nements d'avril - News Est Lyonnais","og_description":"MIRIBEL | Les \u00e9v\u00e8nements d'avril","og_url":"https:\/\/newsestlyonnais.fr\/site\/2022\/04\/01\/miribel-les-evenements-davril\/","og_site_name":"News Est Lyonnais","article_author":"https:\/\/www.facebook.com\/pascal.oberson.1?fref=ts","article_published_time":"2022-04-01T06:50:34+00:00","article_modified_time":"2022-05-03T08:44:17+00:00","og_image":[{"width":300,"height":330,"url":"https:\/\/newsestlyonnais.fr\/site\/wp-content\/uploads\/2020\/11\/miribel-01.png","type":"image\/png"}],"author":"R\u00e9dac. NEWS","twitter_card":"summary_large_image","twitter_misc":{"\u00c9crit par":"R\u00e9dac. NEWS","Dur\u00e9e de lecture estim\u00e9e":"2 minutes"},"schema":{"@context":"https:\/\/schema.org","@graph":[{"@type":"Article","@id":"https:\/\/newsestlyonnais.fr\/site\/2022\/04\/01\/miribel-les-evenements-davril\/#article","isPartOf":{"@id":"https:\/\/newsestlyonnais.fr\/site\/2022\/04\/01\/miribel-les-evenements-davril\/"},"author":{"name":"R\u00e9dac. NEWS","@id":"https:\/\/newsestlyonnais.fr\/site\/#\/schema\/person\/3230d5615f390bb808365d673001e887"},"headline":"MIRIBEL | Les \u00e9v\u00e8nements d&rsquo;avril","datePublished":"2022-04-01T06:50:34+00:00","dateModified":"2022-05-03T08:44:17+00:00","mainEntityOfPage":{"@id":"https:\/\/newsestlyonnais.fr\/site\/2022\/04\/01\/miribel-les-evenements-davril\/"},"wordCount":294,"commentCount":0,"publisher":{"@id":"https:\/\/newsestlyonnais.fr\/site\/#organization"},"image":{"@id":"https:\/\/newsestlyonnais.fr\/site\/2022\/04\/01\/miribel-les-evenements-davril\/#primaryimage"},"thumbnailUrl":"https:\/\/newsestlyonnais.fr\/site\/wp-content\/uploads\/2020\/11\/miribel-01.png","keywords":["AGENDA","AIN","MIRIBEL"],"articleSection":["Ain (01)","Ain | Is\u00e8re"],"inLanguage":"fr-FR","potentialAction":[{"@type":"CommentAction","name":"Comment","target":["https:\/\/newsestlyonnais.fr\/site\/2022\/04\/01\/miribel-les-evenements-davril\/#respond"]}]},{"@type":"WebPage","@id":"https:\/\/newsestlyonnais.fr\/site\/2022\/04\/01\/miribel-les-evenements-davril\/","url":"https:\/\/newsestlyonnais.fr\/site\/2022\/04\/01\/miribel-les-evenements-davril\/","name":"MIRIBEL | Les \u00e9v\u00e8nements d'avril - News Est Lyonnais","isPartOf":{"@id":"https:\/\/newsestlyonnais.fr\/site\/#website"},"primaryImageOfPage":{"@id":"https:\/\/newsestlyonnais.fr\/site\/2022\/04\/01\/miribel-les-evenements-davril\/#primaryimage"},"image":{"@id":"https:\/\/newsestlyonnais.fr\/site\/2022\/04\/01\/miribel-les-evenements-davril\/#primaryimage"},"thumbnailUrl":"https:\/\/newsestlyonnais.fr\/site\/wp-content\/uploads\/2020\/11\/miribel-01.png","datePublished":"2022-04-01T06:50:34+00:00","dateModified":"2022-05-03T08:44:17+00:00","description":"MIRIBEL | Les \u00e9v\u00e8nements d'avril","breadcrumb":{"@id":"https:\/\/newsestlyonnais.fr\/site\/2022\/04\/01\/miribel-les-evenements-davril\/#breadcrumb"},"inLanguage":"fr-FR","potentialAction":[{"@type":"ReadAction","target":["https:\/\/newsestlyonnais.fr\/site\/2022\/04\/01\/miribel-les-evenements-davril\/"]}]},{"@type":"ImageObject","inLanguage":"fr-FR","@id":"https:\/\/newsestlyonnais.fr\/site\/2022\/04\/01\/miribel-les-evenements-davril\/#primaryimage","url":"https:\/\/newsestlyonnais.fr\/site\/wp-content\/uploads\/2020\/11\/miribel-01.png","contentUrl":"https:\/\/newsestlyonnais.fr\/site\/wp-content\/uploads\/2020\/11\/miribel-01.png","width":300,"height":330},{"@type":"BreadcrumbList","@id":"https:\/\/newsestlyonnais.fr\/site\/2022\/04\/01\/miribel-les-evenements-davril\/#breadcrumb","itemListElement":[{"@type":"ListItem","position":1,"name":"Accueil","item":"https:\/\/newsestlyonnais.fr\/site\/"},{"@type":"ListItem","position":2,"name":"MIRIBEL | Les \u00e9v\u00e8nements d&rsquo;avril"}]},{"@type":"WebSite","@id":"https:\/\/newsestlyonnais.fr\/site\/#website","url":"https:\/\/newsestlyonnais.fr\/site\/","name":"News Est Lyonnais","description":"L&#039;actualit\u00e9 au plus pr\u00e8s","publisher":{"@id":"https:\/\/newsestlyonnais.fr\/site\/#organization"},"potentialAction":[{"@type":"SearchAction","target":{"@type":"EntryPoint","urlTemplate":"https:\/\/newsestlyonnais.fr\/site\/?s={search_term_string}"},"query-input":{"@type":"PropertyValueSpecification","valueRequired":true,"valueName":"search_term_string"}}],"inLanguage":"fr-FR"},{"@type":"Organization","@id":"https:\/\/newsestlyonnais.fr\/site\/#organization","name":"News EST LYONNAIS","url":"https:\/\/newsestlyonnais.fr\/site\/","logo":{"@type":"ImageObject","inLanguage":"fr-FR","@id":"https:\/\/newsestlyonnais.fr\/site\/#\/schema\/logo\/image\/","url":"","contentUrl":"","caption":"News EST LYONNAIS"},"image":{"@id":"https:\/\/newsestlyonnais.fr\/site\/#\/schema\/logo\/image\/"}},{"@type":"Person","@id":"https:\/\/newsestlyonnais.fr\/site\/#\/schema\/person\/3230d5615f390bb808365d673001e887","name":"R\u00e9dac. NEWS","sameAs":["http:\/\/www.newsestlyonnais.fr","https:\/\/www.facebook.com\/pascal.oberson.1?fref=ts","https:\/\/fr.linkedin.com\/in\/pascal-oberson-b17045113"],"url":"https:\/\/newsestlyonnais.fr\/site\/author\/nel\/"}]}},"_links":{"self":[{"href":"https:\/\/newsestlyonnais.fr\/site\/wp-json\/wp\/v2\/posts\/152155","targetHints":{"allow":["GET"]}}],"collection":[{"href":"https:\/\/newsestlyonnais.fr\/site\/wp-json\/wp\/v2\/posts"}],"about":[{"href":"https:\/\/newsestlyonnais.fr\/site\/wp-json\/wp\/v2\/types\/post"}],"author":[{"embeddable":true,"href":"https:\/\/newsestlyonnais.fr\/site\/wp-json\/wp\/v2\/users\/4"}],"replies":[{"embeddable":true,"href":"https:\/\/newsestlyonnais.fr\/site\/wp-json\/wp\/v2\/comments?post=152155"}],"version-history":[{"count":0,"href":"https:\/\/newsestlyonnais.fr\/site\/wp-json\/wp\/v2\/posts\/152155\/revisions"}],"wp:featuredmedia":[{"embeddable":true,"href":"https:\/\/newsestlyonnais.fr\/site\/wp-json\/wp\/v2\/media\/118432"}],"wp:attachment":[{"href":"https:\/\/newsestlyonnais.fr\/site\/wp-json\/wp\/v2\/media?parent=152155"}],"wp:term":[{"taxonomy":"category","embeddable":true,"href":"https:\/\/newsestlyonnais.fr\/site\/wp-json\/wp\/v2\/categories?post=152155"},{"taxonomy":"post_tag","embeddable":true,"href":"https:\/\/newsestlyonnais.fr\/site\/wp-json\/wp\/v2\/tags?post=152155"}],"curies":[{"name":"wp","href":"https:\/\/api.w.org\/{rel}","templated":true}]}}