{"id":15220,"date":"2016-11-03T07:33:41","date_gmt":"2016-11-03T06:33:41","guid":{"rendered":"http:\/\/newsestlyonnais.fr\/site\/?p=15220"},"modified":"2020-11-19T11:05:39","modified_gmt":"2020-11-19T10:05:39","slug":"lyon-3-lyonnais-ont-choisi-nom-futur-parc-site-rvi","status":"publish","type":"post","link":"https:\/\/newsestlyonnais.fr\/site\/2016\/11\/03\/lyon-3-lyonnais-ont-choisi-nom-futur-parc-site-rvi\/","title":{"rendered":"LYON 3 | Les Lyonnais ont choisi le nom du FUTUR parc du site RVI"},"content":{"rendered":"<h4><b>La Ville de Lyon et la Mairie du 3\u00b0 ont propos\u00e9 aux habitants de voter en ligne pour choisir le nom du futur parc situ\u00e9 sur l\u2019ancienne friche RVI. <\/b><\/h4>\n<p class=\"ox-0c8163b6f9-MsoNormal\">Deux propositions \u00e9taient en lice et le vote s\u2019est d\u00e9roul\u00e9 en ligne du 12 au 28 octobre 2016:<b><br \/>\n<\/b><\/p>\n<ul>\n<li class=\"ox-0c8163b6f9-MsoNormal\"><strong>Parc Z\u00e9nith :<\/strong><span class=\"ox-0c8163b6f9-apple-converted-space\">\u00a0<\/span>en r\u00e9f\u00e9rence au pass\u00e9 industriel du site, puisque le carburateur Z\u00e9nith a \u00e9t\u00e9 cr\u00e9\u00e9 dans les anciennes usines Rochet-Schneider. Et, Z\u00e9nith, c\u2019est aussi le point du ciel situ\u00e9 directement au-dessus de nos t\u00eates !<\/li>\n<li class=\"ox-0c8163b6f9-MsoNormal\"><strong>Parc Juste Feuillat :<\/strong><span class=\"ox-0c8163b6f9-apple-converted-space\">\u00a0<\/span>Juste Feuillat (1822-1877), ing\u00e9nieur et Pr\u00e9sident du Conseil G\u00e9n\u00e9ral du Rh\u00f4ne, \u0153uvra en faveur de la formation des jeunes et des apprentis, ce qui fait \u00e9cho au Campus Pro Lyon-Rh\u00f4ne-Alpes qui jouxte le parc.<\/li>\n<\/ul>\n<p class=\"ox-0c8163b6f9-MsoNormal\">C\u2019est la proposition \u00ab <strong>Parc Z\u00e9nith\u00a0\u00bb qui remporte la majorit\u00e9 des suffrages,<\/strong> avec pr\u00e8s de 53 % des votes (695 voix) contre 47 % pour \u00ab\u00a0Juste Feuillat\u00a0\u00bb (617 voix).<\/p>\n<ul>\n<li class=\"ox-0c8163b6f9-MsoNormal\">Au total, <span style=\"text-decoration: underline;\">1312 habitants ont particip\u00e9 au vote.<\/span><b> <\/b><\/li>\n<\/ul>\n<p>Le r\u00e9sultat du vote a \u00e9t\u00e9 annonc\u00e9 par Thierry PHILIP, Maire du 3\u00b0 arrondissement et Vice-pr\u00e9sident de la M\u00e9tropole de Lyon, et Alain GIORDANO, adjoint au Maire de Lyon d\u00e9l\u00e9gu\u00e9 aux espaces verts et au cadre de vie,lors du Conseil du 3\u00b0 arrondissement du 2 novembre. La d\u00e9nomination sera officialis\u00e9e par d\u00e9lib\u00e9ration lors d\u2019un prochain Conseil municipal.<\/p>\n<p><span style=\"text-decoration: underline;\"><em>Source: Communiqu\u00e9 Mairie de Lyon 3\u00b0.<\/em><\/span><\/p>\n<hr \/>\n<ul>\n<li><strong>Retrouvez toute l&rsquo;ACTU de l&rsquo;arrondissement sur: <a href=\"http:\/\/www.mairie3.lyon.fr\/page\/accueil_3.html\" target=\"_blank\" rel=\"noopener noreferrer\">http:\/\/www.mairie3.lyon.fr\/page\/accueil_3.html<\/a><\/strong><\/li>\n<\/ul>\n","protected":false},"excerpt":{"rendered":"<p>La Ville de Lyon et la Mairie du 3\u00b0 ont propos\u00e9 aux habitants de voter en ligne pour choisir le nom du futur parc situ\u00e9 sur l\u2019ancienne friche RVI. Deux propositions \u00e9taient en lice et le vote s\u2019est d\u00e9roul\u00e9 en ligne du 12 au 28 octobre 2016: Parc Z\u00e9nith :\u00a0en r\u00e9f\u00e9rence au pass\u00e9 industriel du [&hellip;]<\/p>\n","protected":false},"author":4,"featured_media":15226,"comment_status":"open","ping_status":"open","sticky":false,"template":"","format":"standard","meta":{"footnotes":""},"categories":[1625,172],"tags":[],"class_list":["post-15220","post","type-post","status-publish","format-standard","has-post-thumbnail","hentry","category-lyon","category-travaux-amenagements"],"yoast_head":"<!-- This site is optimized with the Yoast SEO plugin v27.2 - https:\/\/yoast.com\/product\/yoast-seo-wordpress\/ -->\n<title>LYON 3 | Les Lyonnais ont choisi le nom du FUTUR parc du site RVI - News Est Lyonnais<\/title>\n<meta name=\"robots\" content=\"index, follow, max-snippet:-1, max-image-preview:large, max-video-preview:-1\" \/>\n<link rel=\"canonical\" href=\"https:\/\/newsestlyonnais.fr\/site\/2016\/11\/03\/lyon-3-lyonnais-ont-choisi-nom-futur-parc-site-rvi\/\" \/>\n<meta property=\"og:locale\" content=\"fr_FR\" \/>\n<meta property=\"og:type\" content=\"article\" \/>\n<meta property=\"og:title\" content=\"LYON 3 | Les Lyonnais ont choisi le nom du FUTUR parc du site RVI - News Est Lyonnais\" \/>\n<meta property=\"og:description\" content=\"La Ville de Lyon et la Mairie du 3\u00b0 ont propos\u00e9 aux habitants de voter en ligne pour choisir le nom du futur parc situ\u00e9 sur l\u2019ancienne friche RVI. Deux propositions \u00e9taient en lice et le vote s\u2019est d\u00e9roul\u00e9 en ligne du 12 au 28 octobre 2016: Parc Z\u00e9nith :\u00a0en r\u00e9f\u00e9rence au pass\u00e9 industriel du [&hellip;]\" \/>\n<meta property=\"og:url\" content=\"https:\/\/newsestlyonnais.fr\/site\/2016\/11\/03\/lyon-3-lyonnais-ont-choisi-nom-futur-parc-site-rvi\/\" \/>\n<meta property=\"og:site_name\" content=\"News Est Lyonnais\" \/>\n<meta property=\"article:author\" content=\"https:\/\/www.facebook.com\/pascal.oberson.1?fref=ts\" \/>\n<meta property=\"article:published_time\" content=\"2016-11-03T06:33:41+00:00\" \/>\n<meta property=\"article:modified_time\" content=\"2020-11-19T10:05:39+00:00\" \/>\n<meta property=\"og:image\" content=\"https:\/\/i1.wp.com\/newsestlyonnais.fr\/site\/wp-content\/uploads\/2016\/11\/NEWSESTLYONNAIS-PARC-ZENITH.jpg?fit=1000%2C750&ssl=1\" \/>\n\t<meta property=\"og:image:width\" content=\"1000\" \/>\n\t<meta property=\"og:image:height\" content=\"750\" \/>\n\t<meta property=\"og:image:type\" content=\"image\/jpeg\" \/>\n<meta name=\"author\" content=\"R\u00e9dac. NEWS\" \/>\n<meta name=\"twitter:card\" content=\"summary_large_image\" \/>\n<meta name=\"twitter:label1\" content=\"\u00c9crit par\" \/>\n\t<meta name=\"twitter:data1\" content=\"R\u00e9dac. NEWS\" \/>\n\t<meta name=\"twitter:label2\" content=\"Dur\u00e9e de lecture estim\u00e9e\" \/>\n\t<meta name=\"twitter:data2\" content=\"1 minute\" \/>\n<script type=\"application\/ld+json\" class=\"yoast-schema-graph\">{\"@context\":\"https:\/\/schema.org\",\"@graph\":[{\"@type\":\"Article\",\"@id\":\"https:\/\/newsestlyonnais.fr\/site\/2016\/11\/03\/lyon-3-lyonnais-ont-choisi-nom-futur-parc-site-rvi\/#article\",\"isPartOf\":{\"@id\":\"https:\/\/newsestlyonnais.fr\/site\/2016\/11\/03\/lyon-3-lyonnais-ont-choisi-nom-futur-parc-site-rvi\/\"},\"author\":{\"name\":\"R\u00e9dac. NEWS\",\"@id\":\"https:\/\/newsestlyonnais.fr\/site\/#\/schema\/person\/3230d5615f390bb808365d673001e887\"},\"headline\":\"LYON 3 | Les Lyonnais ont choisi le nom du FUTUR parc du site RVI\",\"datePublished\":\"2016-11-03T06:33:41+00:00\",\"dateModified\":\"2020-11-19T10:05:39+00:00\",\"mainEntityOfPage\":{\"@id\":\"https:\/\/newsestlyonnais.fr\/site\/2016\/11\/03\/lyon-3-lyonnais-ont-choisi-nom-futur-parc-site-rvi\/\"},\"wordCount\":262,\"commentCount\":0,\"publisher\":{\"@id\":\"https:\/\/newsestlyonnais.fr\/site\/#organization\"},\"image\":{\"@id\":\"https:\/\/newsestlyonnais.fr\/site\/2016\/11\/03\/lyon-3-lyonnais-ont-choisi-nom-futur-parc-site-rvi\/#primaryimage\"},\"thumbnailUrl\":\"https:\/\/newsestlyonnais.fr\/site\/wp-content\/uploads\/2016\/11\/NEWSESTLYONNAIS-PARC-ZENITH.jpg\",\"articleSection\":[\"Lyon\",\"Travaux | Am\u00e9nagements\"],\"inLanguage\":\"fr-FR\",\"potentialAction\":[{\"@type\":\"CommentAction\",\"name\":\"Comment\",\"target\":[\"https:\/\/newsestlyonnais.fr\/site\/2016\/11\/03\/lyon-3-lyonnais-ont-choisi-nom-futur-parc-site-rvi\/#respond\"]}]},{\"@type\":\"WebPage\",\"@id\":\"https:\/\/newsestlyonnais.fr\/site\/2016\/11\/03\/lyon-3-lyonnais-ont-choisi-nom-futur-parc-site-rvi\/\",\"url\":\"https:\/\/newsestlyonnais.fr\/site\/2016\/11\/03\/lyon-3-lyonnais-ont-choisi-nom-futur-parc-site-rvi\/\",\"name\":\"LYON 3 | Les Lyonnais ont choisi le nom du FUTUR parc du site RVI - News Est Lyonnais\",\"isPartOf\":{\"@id\":\"https:\/\/newsestlyonnais.fr\/site\/#website\"},\"primaryImageOfPage\":{\"@id\":\"https:\/\/newsestlyonnais.fr\/site\/2016\/11\/03\/lyon-3-lyonnais-ont-choisi-nom-futur-parc-site-rvi\/#primaryimage\"},\"image\":{\"@id\":\"https:\/\/newsestlyonnais.fr\/site\/2016\/11\/03\/lyon-3-lyonnais-ont-choisi-nom-futur-parc-site-rvi\/#primaryimage\"},\"thumbnailUrl\":\"https:\/\/newsestlyonnais.fr\/site\/wp-content\/uploads\/2016\/11\/NEWSESTLYONNAIS-PARC-ZENITH.jpg\",\"datePublished\":\"2016-11-03T06:33:41+00:00\",\"dateModified\":\"2020-11-19T10:05:39+00:00\",\"breadcrumb\":{\"@id\":\"https:\/\/newsestlyonnais.fr\/site\/2016\/11\/03\/lyon-3-lyonnais-ont-choisi-nom-futur-parc-site-rvi\/#breadcrumb\"},\"inLanguage\":\"fr-FR\",\"potentialAction\":[{\"@type\":\"ReadAction\",\"target\":[\"https:\/\/newsestlyonnais.fr\/site\/2016\/11\/03\/lyon-3-lyonnais-ont-choisi-nom-futur-parc-site-rvi\/\"]}]},{\"@type\":\"ImageObject\",\"inLanguage\":\"fr-FR\",\"@id\":\"https:\/\/newsestlyonnais.fr\/site\/2016\/11\/03\/lyon-3-lyonnais-ont-choisi-nom-futur-parc-site-rvi\/#primaryimage\",\"url\":\"https:\/\/newsestlyonnais.fr\/site\/wp-content\/uploads\/2016\/11\/NEWSESTLYONNAIS-PARC-ZENITH.jpg\",\"contentUrl\":\"https:\/\/newsestlyonnais.fr\/site\/wp-content\/uploads\/2016\/11\/NEWSESTLYONNAIS-PARC-ZENITH.jpg\",\"width\":1000,\"height\":750},{\"@type\":\"BreadcrumbList\",\"@id\":\"https:\/\/newsestlyonnais.fr\/site\/2016\/11\/03\/lyon-3-lyonnais-ont-choisi-nom-futur-parc-site-rvi\/#breadcrumb\",\"itemListElement\":[{\"@type\":\"ListItem\",\"position\":1,\"name\":\"Accueil\",\"item\":\"https:\/\/newsestlyonnais.fr\/site\/\"},{\"@type\":\"ListItem\",\"position\":2,\"name\":\"LYON 3 | Les Lyonnais ont choisi le nom du FUTUR parc du site RVI\"}]},{\"@type\":\"WebSite\",\"@id\":\"https:\/\/newsestlyonnais.fr\/site\/#website\",\"url\":\"https:\/\/newsestlyonnais.fr\/site\/\",\"name\":\"News Est Lyonnais\",\"description\":\"L&#039;actualit\u00e9 au plus pr\u00e8s\",\"publisher\":{\"@id\":\"https:\/\/newsestlyonnais.fr\/site\/#organization\"},\"potentialAction\":[{\"@type\":\"SearchAction\",\"target\":{\"@type\":\"EntryPoint\",\"urlTemplate\":\"https:\/\/newsestlyonnais.fr\/site\/?s={search_term_string}\"},\"query-input\":{\"@type\":\"PropertyValueSpecification\",\"valueRequired\":true,\"valueName\":\"search_term_string\"}}],\"inLanguage\":\"fr-FR\"},{\"@type\":\"Organization\",\"@id\":\"https:\/\/newsestlyonnais.fr\/site\/#organization\",\"name\":\"News EST LYONNAIS\",\"url\":\"https:\/\/newsestlyonnais.fr\/site\/\",\"logo\":{\"@type\":\"ImageObject\",\"inLanguage\":\"fr-FR\",\"@id\":\"https:\/\/newsestlyonnais.fr\/site\/#\/schema\/logo\/image\/\",\"url\":\"\",\"contentUrl\":\"\",\"caption\":\"News EST LYONNAIS\"},\"image\":{\"@id\":\"https:\/\/newsestlyonnais.fr\/site\/#\/schema\/logo\/image\/\"}},{\"@type\":\"Person\",\"@id\":\"https:\/\/newsestlyonnais.fr\/site\/#\/schema\/person\/3230d5615f390bb808365d673001e887\",\"name\":\"R\u00e9dac. NEWS\",\"sameAs\":[\"http:\/\/www.newsestlyonnais.fr\",\"https:\/\/www.facebook.com\/pascal.oberson.1?fref=ts\",\"https:\/\/fr.linkedin.com\/in\/pascal-oberson-b17045113\"],\"url\":\"https:\/\/newsestlyonnais.fr\/site\/author\/nel\/\"}]}<\/script>\n<!-- \/ Yoast SEO plugin. -->","yoast_head_json":{"title":"LYON 3 | Les Lyonnais ont choisi le nom du FUTUR parc du site RVI - News Est Lyonnais","robots":{"index":"index","follow":"follow","max-snippet":"max-snippet:-1","max-image-preview":"max-image-preview:large","max-video-preview":"max-video-preview:-1"},"canonical":"https:\/\/newsestlyonnais.fr\/site\/2016\/11\/03\/lyon-3-lyonnais-ont-choisi-nom-futur-parc-site-rvi\/","og_locale":"fr_FR","og_type":"article","og_title":"LYON 3 | Les Lyonnais ont choisi le nom du FUTUR parc du site RVI - News Est Lyonnais","og_description":"La Ville de Lyon et la Mairie du 3\u00b0 ont propos\u00e9 aux habitants de voter en ligne pour choisir le nom du futur parc situ\u00e9 sur l\u2019ancienne friche RVI. Deux propositions \u00e9taient en lice et le vote s\u2019est d\u00e9roul\u00e9 en ligne du 12 au 28 octobre 2016: Parc Z\u00e9nith :\u00a0en r\u00e9f\u00e9rence au pass\u00e9 industriel du [&hellip;]","og_url":"https:\/\/newsestlyonnais.fr\/site\/2016\/11\/03\/lyon-3-lyonnais-ont-choisi-nom-futur-parc-site-rvi\/","og_site_name":"News Est Lyonnais","article_author":"https:\/\/www.facebook.com\/pascal.oberson.1?fref=ts","article_published_time":"2016-11-03T06:33:41+00:00","article_modified_time":"2020-11-19T10:05:39+00:00","og_image":[{"width":1000,"height":750,"url":"https:\/\/i1.wp.com\/newsestlyonnais.fr\/site\/wp-content\/uploads\/2016\/11\/NEWSESTLYONNAIS-PARC-ZENITH.jpg?fit=1000%2C750&ssl=1","type":"image\/jpeg"}],"author":"R\u00e9dac. NEWS","twitter_card":"summary_large_image","twitter_misc":{"\u00c9crit par":"R\u00e9dac. NEWS","Dur\u00e9e de lecture estim\u00e9e":"1 minute"},"schema":{"@context":"https:\/\/schema.org","@graph":[{"@type":"Article","@id":"https:\/\/newsestlyonnais.fr\/site\/2016\/11\/03\/lyon-3-lyonnais-ont-choisi-nom-futur-parc-site-rvi\/#article","isPartOf":{"@id":"https:\/\/newsestlyonnais.fr\/site\/2016\/11\/03\/lyon-3-lyonnais-ont-choisi-nom-futur-parc-site-rvi\/"},"author":{"name":"R\u00e9dac. NEWS","@id":"https:\/\/newsestlyonnais.fr\/site\/#\/schema\/person\/3230d5615f390bb808365d673001e887"},"headline":"LYON 3 | Les Lyonnais ont choisi le nom du FUTUR parc du site RVI","datePublished":"2016-11-03T06:33:41+00:00","dateModified":"2020-11-19T10:05:39+00:00","mainEntityOfPage":{"@id":"https:\/\/newsestlyonnais.fr\/site\/2016\/11\/03\/lyon-3-lyonnais-ont-choisi-nom-futur-parc-site-rvi\/"},"wordCount":262,"commentCount":0,"publisher":{"@id":"https:\/\/newsestlyonnais.fr\/site\/#organization"},"image":{"@id":"https:\/\/newsestlyonnais.fr\/site\/2016\/11\/03\/lyon-3-lyonnais-ont-choisi-nom-futur-parc-site-rvi\/#primaryimage"},"thumbnailUrl":"https:\/\/newsestlyonnais.fr\/site\/wp-content\/uploads\/2016\/11\/NEWSESTLYONNAIS-PARC-ZENITH.jpg","articleSection":["Lyon","Travaux | Am\u00e9nagements"],"inLanguage":"fr-FR","potentialAction":[{"@type":"CommentAction","name":"Comment","target":["https:\/\/newsestlyonnais.fr\/site\/2016\/11\/03\/lyon-3-lyonnais-ont-choisi-nom-futur-parc-site-rvi\/#respond"]}]},{"@type":"WebPage","@id":"https:\/\/newsestlyonnais.fr\/site\/2016\/11\/03\/lyon-3-lyonnais-ont-choisi-nom-futur-parc-site-rvi\/","url":"https:\/\/newsestlyonnais.fr\/site\/2016\/11\/03\/lyon-3-lyonnais-ont-choisi-nom-futur-parc-site-rvi\/","name":"LYON 3 | Les Lyonnais ont choisi le nom du FUTUR parc du site RVI - News Est Lyonnais","isPartOf":{"@id":"https:\/\/newsestlyonnais.fr\/site\/#website"},"primaryImageOfPage":{"@id":"https:\/\/newsestlyonnais.fr\/site\/2016\/11\/03\/lyon-3-lyonnais-ont-choisi-nom-futur-parc-site-rvi\/#primaryimage"},"image":{"@id":"https:\/\/newsestlyonnais.fr\/site\/2016\/11\/03\/lyon-3-lyonnais-ont-choisi-nom-futur-parc-site-rvi\/#primaryimage"},"thumbnailUrl":"https:\/\/newsestlyonnais.fr\/site\/wp-content\/uploads\/2016\/11\/NEWSESTLYONNAIS-PARC-ZENITH.jpg","datePublished":"2016-11-03T06:33:41+00:00","dateModified":"2020-11-19T10:05:39+00:00","breadcrumb":{"@id":"https:\/\/newsestlyonnais.fr\/site\/2016\/11\/03\/lyon-3-lyonnais-ont-choisi-nom-futur-parc-site-rvi\/#breadcrumb"},"inLanguage":"fr-FR","potentialAction":[{"@type":"ReadAction","target":["https:\/\/newsestlyonnais.fr\/site\/2016\/11\/03\/lyon-3-lyonnais-ont-choisi-nom-futur-parc-site-rvi\/"]}]},{"@type":"ImageObject","inLanguage":"fr-FR","@id":"https:\/\/newsestlyonnais.fr\/site\/2016\/11\/03\/lyon-3-lyonnais-ont-choisi-nom-futur-parc-site-rvi\/#primaryimage","url":"https:\/\/newsestlyonnais.fr\/site\/wp-content\/uploads\/2016\/11\/NEWSESTLYONNAIS-PARC-ZENITH.jpg","contentUrl":"https:\/\/newsestlyonnais.fr\/site\/wp-content\/uploads\/2016\/11\/NEWSESTLYONNAIS-PARC-ZENITH.jpg","width":1000,"height":750},{"@type":"BreadcrumbList","@id":"https:\/\/newsestlyonnais.fr\/site\/2016\/11\/03\/lyon-3-lyonnais-ont-choisi-nom-futur-parc-site-rvi\/#breadcrumb","itemListElement":[{"@type":"ListItem","position":1,"name":"Accueil","item":"https:\/\/newsestlyonnais.fr\/site\/"},{"@type":"ListItem","position":2,"name":"LYON 3 | Les Lyonnais ont choisi le nom du FUTUR parc du site RVI"}]},{"@type":"WebSite","@id":"https:\/\/newsestlyonnais.fr\/site\/#website","url":"https:\/\/newsestlyonnais.fr\/site\/","name":"News Est Lyonnais","description":"L&#039;actualit\u00e9 au plus pr\u00e8s","publisher":{"@id":"https:\/\/newsestlyonnais.fr\/site\/#organization"},"potentialAction":[{"@type":"SearchAction","target":{"@type":"EntryPoint","urlTemplate":"https:\/\/newsestlyonnais.fr\/site\/?s={search_term_string}"},"query-input":{"@type":"PropertyValueSpecification","valueRequired":true,"valueName":"search_term_string"}}],"inLanguage":"fr-FR"},{"@type":"Organization","@id":"https:\/\/newsestlyonnais.fr\/site\/#organization","name":"News EST LYONNAIS","url":"https:\/\/newsestlyonnais.fr\/site\/","logo":{"@type":"ImageObject","inLanguage":"fr-FR","@id":"https:\/\/newsestlyonnais.fr\/site\/#\/schema\/logo\/image\/","url":"","contentUrl":"","caption":"News EST LYONNAIS"},"image":{"@id":"https:\/\/newsestlyonnais.fr\/site\/#\/schema\/logo\/image\/"}},{"@type":"Person","@id":"https:\/\/newsestlyonnais.fr\/site\/#\/schema\/person\/3230d5615f390bb808365d673001e887","name":"R\u00e9dac. NEWS","sameAs":["http:\/\/www.newsestlyonnais.fr","https:\/\/www.facebook.com\/pascal.oberson.1?fref=ts","https:\/\/fr.linkedin.com\/in\/pascal-oberson-b17045113"],"url":"https:\/\/newsestlyonnais.fr\/site\/author\/nel\/"}]}},"_links":{"self":[{"href":"https:\/\/newsestlyonnais.fr\/site\/wp-json\/wp\/v2\/posts\/15220","targetHints":{"allow":["GET"]}}],"collection":[{"href":"https:\/\/newsestlyonnais.fr\/site\/wp-json\/wp\/v2\/posts"}],"about":[{"href":"https:\/\/newsestlyonnais.fr\/site\/wp-json\/wp\/v2\/types\/post"}],"author":[{"embeddable":true,"href":"https:\/\/newsestlyonnais.fr\/site\/wp-json\/wp\/v2\/users\/4"}],"replies":[{"embeddable":true,"href":"https:\/\/newsestlyonnais.fr\/site\/wp-json\/wp\/v2\/comments?post=15220"}],"version-history":[{"count":0,"href":"https:\/\/newsestlyonnais.fr\/site\/wp-json\/wp\/v2\/posts\/15220\/revisions"}],"wp:featuredmedia":[{"embeddable":true,"href":"https:\/\/newsestlyonnais.fr\/site\/wp-json\/wp\/v2\/media\/15226"}],"wp:attachment":[{"href":"https:\/\/newsestlyonnais.fr\/site\/wp-json\/wp\/v2\/media?parent=15220"}],"wp:term":[{"taxonomy":"category","embeddable":true,"href":"https:\/\/newsestlyonnais.fr\/site\/wp-json\/wp\/v2\/categories?post=15220"},{"taxonomy":"post_tag","embeddable":true,"href":"https:\/\/newsestlyonnais.fr\/site\/wp-json\/wp\/v2\/tags?post=15220"}],"curies":[{"name":"wp","href":"https:\/\/api.w.org\/{rel}","templated":true}]}}