{"id":152271,"date":"2022-04-03T07:45:48","date_gmt":"2022-04-03T06:45:48","guid":{"rendered":"https:\/\/newsestlyonnais.fr\/site\/?p=152271"},"modified":"2022-04-03T07:54:11","modified_gmt":"2022-04-03T06:54:11","slug":"adrien-berger-au-club-on-est-axe-sur-la-formation-avec-une-notion-de-partage","status":"publish","type":"post","link":"https:\/\/newsestlyonnais.fr\/site\/2022\/04\/03\/adrien-berger-au-club-on-est-axe-sur-la-formation-avec-une-notion-de-partage\/","title":{"rendered":"Adrien Berger \u00a0\u00bb au club, on est ax\u00e9 sur la formation avec une notion de partage \u00ab\u00a0"},"content":{"rendered":"<div class=\"entry-body\">\n<p><span style=\"background-color: #000000; color: #ffffff; font-size: 14pt;\">Depuis quand \u00eates-vous \u00e0 la pr\u00e9sidence et comment est constitu\u00e9 le bureau ?<\/span><\/p>\n<p>\u00a0\u00bb <strong>J&rsquo;ai succ\u00e9d\u00e9 en 2019 \u00e0 Nathalie Leroy<\/strong>, qui est rest\u00e9e b\u00e9n\u00e9vole active du club. Je suis bien \u00e9paul\u00e9 par un comit\u00e9 directeur de 9 personnes dont 6 membres du bureau \u00ab\u00a0.<\/p>\n<p><span style=\"background-color: #000000; color: #ffffff; font-size: 14pt;\"><strong>Vous \u00eates vous-m\u00eame grimpeur ?<\/strong><\/span><\/p>\n<p>\u00ab\u00a0<strong>Oui depuis 25 ans<\/strong>, j&rsquo;avais quitt\u00e9 le club quelques ann\u00e9es, j&rsquo;y suis revenu d&rsquo;abord comme grimpeur (en 2016) de niveau 7A\/7B, puis comme pr\u00e9sident 3 ans plus tard \u00a0\u00bb .<\/p>\n<hr \/>\n<p><strong><span style=\"background-color: #000000; color: #ffffff; font-size: 14pt;\">Quel est l&rsquo;effectif actuel du club ?<\/span><\/strong><\/p>\n<p>\u00bb Nous comptons \u00e0 ce jour <strong>225 licenci\u00e9s \u00e9galement r\u00e9partis<\/strong> (50 % femmes \/ hommes et 50 % majeurs \/ mineurs). Au niveau de la pratique, 80 % le font en loisirs contre 20 % en comp\u00e9tition \u00a0\u00bb .<\/p>\n<p><span style=\"background-color: #000000; color: #ffffff; font-size: 14pt;\"><strong>Les activit\u00e9s propos\u00e9es ?<\/strong><\/span><\/p>\n<p><img loading=\"lazy\" decoding=\"async\" class=\"alignleft size-thumbnail wp-image-151859\" src=\"https:\/\/newsestlyonnais.fr\/site\/wp-content\/uploads\/2022\/03\/P1470153-250x188.jpg\" alt=\"\" width=\"150\" height=\"113\" srcset=\"https:\/\/newsestlyonnais.fr\/site\/wp-content\/uploads\/2022\/03\/P1470153-250x188.jpg 250w, https:\/\/newsestlyonnais.fr\/site\/wp-content\/uploads\/2022\/03\/P1470153-400x300.jpg 400w, https:\/\/newsestlyonnais.fr\/site\/wp-content\/uploads\/2022\/03\/P1470153-650x488.jpg 650w, https:\/\/newsestlyonnais.fr\/site\/wp-content\/uploads\/2022\/03\/P1470153-768x576.jpg 768w, https:\/\/newsestlyonnais.fr\/site\/wp-content\/uploads\/2022\/03\/P1470153-150x113.jpg 150w, https:\/\/newsestlyonnais.fr\/site\/wp-content\/uploads\/2022\/03\/P1470153-50x38.jpg 50w, https:\/\/newsestlyonnais.fr\/site\/wp-content\/uploads\/2022\/03\/P1470153-100x75.jpg 100w, https:\/\/newsestlyonnais.fr\/site\/wp-content\/uploads\/2022\/03\/P1470153-200x150.jpg 200w, https:\/\/newsestlyonnais.fr\/site\/wp-content\/uploads\/2022\/03\/P1470153-300x225.jpg 300w, https:\/\/newsestlyonnais.fr\/site\/wp-content\/uploads\/2022\/03\/P1470153-350x263.jpg 350w, https:\/\/newsestlyonnais.fr\/site\/wp-content\/uploads\/2022\/03\/P1470153-450x338.jpg 450w, https:\/\/newsestlyonnais.fr\/site\/wp-content\/uploads\/2022\/03\/P1470153-500x375.jpg 500w, https:\/\/newsestlyonnais.fr\/site\/wp-content\/uploads\/2022\/03\/P1470153-550x413.jpg 550w, https:\/\/newsestlyonnais.fr\/site\/wp-content\/uploads\/2022\/03\/P1470153-800x600.jpg 800w, https:\/\/newsestlyonnais.fr\/site\/wp-content\/uploads\/2022\/03\/P1470153.jpg 1200w\" sizes=\"auto, (max-width: 150px) 100vw, 150px\" \/>\u00a0\u00bb <strong>Diff\u00e9rents cr\u00e9neaux de pratique<\/strong> sont ouverts et mis en place par nos salari\u00e9s : Thomas Thenot (BE, pour la perf), Alexis Sainte-Croix (employ\u00e9 de la FFE, pour les 16\/18 ans) et Dominique Ghazarian (BE, pour les plus jeunes).<\/p>\n<p>Les <strong>cours enfants<\/strong>, dispens\u00e9s le mercredi toute la journ\u00e9e sont pleins et le \u00ab\u00a0<strong>b\u00e9b\u00e9 escalade<\/strong>\u00a0\u00bb en place depuis maintenant 2 ans connait un beau succ\u00e8s. Un cr\u00e9neau sp\u00e9cial \u00ab\u00a0<strong>adultes d\u00e9butants<\/strong>\u00a0\u00bb est \u00e9galement propos\u00e9 <strong>pour les amener \u00e0 l&rsquo;autonomie.<\/strong><\/p>\n<p>On organise des sorties en falaises encadr\u00e9es (\u00e0 la journ\u00e9e ou week-end) afin d&rsquo;enseigner \u00e0 nos adh\u00e9rents les principales techniques pour y acc\u00e9der. Des pratiques diff\u00e9rentes pour rendre les gens autonomes qui auront plaisir \u00e0 sortir. On participe \u00e0 leur s\u00e9curisation dans des espaces ext\u00e9rieurs afin d&rsquo;identifier le danger \u00a0\u00bb .<\/p>\n<p><span style=\"background-color: #000000; color: #ffffff; font-size: 14pt;\"><strong>Quelle est l\u2019actualit\u00e9 du club ?<\/strong><\/span><\/p>\n<p><strong>\u00ab <\/strong>On vient d&rsquo;accueillir la Coupe du Rh\u00f4ne et de la M\u00e9tropole de Lyon ainsi que le championnat d\u00e9partemental de difficult\u00e9 et handi jeunes et v\u00e9t\u00e9rans avec <strong>160 grimpeurs sur un week-end. <\/strong>Un vrai moment de comp\u00e9tition qui a permis de se retrouver autour d&rsquo;un projet club \u00ab.<\/p>\n<p><span style=\"background-color: #000000; color: #ffffff; font-size: 14pt;\"><strong>Les projets du club ?<\/strong><\/span><\/p>\n<p>\u00bb On a vocation \u00e0 \u00eatre club formateur et ils sont <strong>principalement ax\u00e9s sur la formation.<\/strong><\/p>\n<p>On a ouvert la saison derni\u00e8re, ce volet \u00e0 la professionnalisation en recrutant un professeur d&rsquo;escalade avec un BE sp\u00e9cifique.<\/p>\n<p>On a le souhait de devenir un des clubs repr\u00e9sentatifs de la pratique de l&rsquo;escalade dans l&rsquo;est lyonnais. La structure sur la commune nous le permet. Et on veut maintenir au club cette notion de partage et de rencontre \u00bb.<\/p>\n<hr \/>\n<p><span style=\"background-color: #000000; color: #ffffff; font-size: 14pt;\"><strong>Et pour conclure ?<\/strong><\/span><\/p>\n<p>\u00bb On remercie la commune pour son soutien au quotidien sur nos actions. On dispose d&rsquo;un mur de 11 m\u00e8tres de haut sur 13\/14 m avec 35 voies pour la comp\u00e9tition et 90 pour les entrainements, allant du 4C au 8B.<\/p>\n<p><strong>Si vous \u00eates adulte, d\u00e9butant ou confirm\u00e9, n&rsquo;h\u00e9sitez pas !<\/strong> On propose une s\u00e9ance d&rsquo;essai et \u00e0 l&rsquo;AL Jonage, on grimpe tous les jours (du lundi au samedi) \u00bb.<\/p>\n<hr \/>\n<p><strong><span style=\"background-color: #000000;\"><span style=\"color: #ffffff;\">&gt;&gt; <strong class=\"bread-current bread-364\" title=\"Amicale La\u00efque de Jonage\">Amicale La\u00efque de Jonage<\/strong> &gt; contact :<\/span><span style=\"color: #ffcc00;\"> <a style=\"background-color: #000000; color: #ffcc00;\" href=\"amicalelaique.jonage@gmail.com\">amicalelaique.jonage@gmail.com<\/a><\/span><\/span><br \/>\n<\/strong><\/p>\n<\/div>\n","protected":false},"excerpt":{"rendered":"<p>Rencontre avec le pr\u00e9sident et grimpeur du club d&rsquo;escalade de l&rsquo;Amicale La\u00efque de Jonage.<\/p>\n","protected":false},"author":4,"featured_media":152273,"comment_status":"open","ping_status":"open","sticky":false,"template":"","format":"standard","meta":{"footnotes":""},"categories":[3899,137,1303],"tags":[4213,4214,2094],"class_list":["post-152271","post","type-post","status-publish","format-standard","has-post-thumbnail","hentry","category-escalade-golf","category-interviews","category-jonage","tag-adrien-berger","tag-al-jonage","tag-escalade"],"yoast_head":"<!-- This site is optimized with the Yoast SEO plugin v27.2 - https:\/\/yoast.com\/product\/yoast-seo-wordpress\/ -->\n<title>Adrien Berger &quot; au club, on est ax\u00e9 sur la formation avec une notion de partage &quot; - News Est Lyonnais<\/title>\n<meta name=\"description\" content=\"Adrien Berger &quot; au club, on est ax\u00e9 sur la formation avec une notion de partage &quot;\" \/>\n<meta name=\"robots\" content=\"index, follow, max-snippet:-1, max-image-preview:large, max-video-preview:-1\" \/>\n<link rel=\"canonical\" href=\"https:\/\/newsestlyonnais.fr\/site\/2022\/04\/03\/adrien-berger-au-club-on-est-axe-sur-la-formation-avec-une-notion-de-partage\/\" \/>\n<meta property=\"og:locale\" content=\"fr_FR\" \/>\n<meta property=\"og:type\" content=\"article\" \/>\n<meta property=\"og:title\" content=\"Adrien Berger &quot; au club, on est ax\u00e9 sur la formation avec une notion de partage &quot; - News Est Lyonnais\" \/>\n<meta property=\"og:description\" content=\"Adrien Berger &quot; au club, on est ax\u00e9 sur la formation avec une notion de partage &quot;\" \/>\n<meta property=\"og:url\" content=\"https:\/\/newsestlyonnais.fr\/site\/2022\/04\/03\/adrien-berger-au-club-on-est-axe-sur-la-formation-avec-une-notion-de-partage\/\" \/>\n<meta property=\"og:site_name\" content=\"News Est Lyonnais\" \/>\n<meta property=\"article:author\" content=\"https:\/\/www.facebook.com\/pascal.oberson.1?fref=ts\" \/>\n<meta property=\"article:published_time\" content=\"2022-04-03T06:45:48+00:00\" \/>\n<meta property=\"article:modified_time\" content=\"2022-04-03T06:54:11+00:00\" \/>\n<meta property=\"og:image\" content=\"https:\/\/newsestlyonnais.fr\/site\/wp-content\/uploads\/2022\/04\/P1470152.jpg\" \/>\n\t<meta property=\"og:image:width\" content=\"1200\" \/>\n\t<meta property=\"og:image:height\" content=\"900\" \/>\n\t<meta property=\"og:image:type\" content=\"image\/jpeg\" \/>\n<meta name=\"author\" content=\"R\u00e9dac. NEWS\" \/>\n<meta name=\"twitter:card\" content=\"summary_large_image\" \/>\n<meta name=\"twitter:label1\" content=\"\u00c9crit par\" \/>\n\t<meta name=\"twitter:data1\" content=\"R\u00e9dac. NEWS\" \/>\n\t<meta name=\"twitter:label2\" content=\"Dur\u00e9e de lecture estim\u00e9e\" \/>\n\t<meta name=\"twitter:data2\" content=\"3 minutes\" \/>\n<script type=\"application\/ld+json\" class=\"yoast-schema-graph\">{\"@context\":\"https:\/\/schema.org\",\"@graph\":[{\"@type\":\"Article\",\"@id\":\"https:\/\/newsestlyonnais.fr\/site\/2022\/04\/03\/adrien-berger-au-club-on-est-axe-sur-la-formation-avec-une-notion-de-partage\/#article\",\"isPartOf\":{\"@id\":\"https:\/\/newsestlyonnais.fr\/site\/2022\/04\/03\/adrien-berger-au-club-on-est-axe-sur-la-formation-avec-une-notion-de-partage\/\"},\"author\":{\"name\":\"R\u00e9dac. NEWS\",\"@id\":\"https:\/\/newsestlyonnais.fr\/site\/#\/schema\/person\/3230d5615f390bb808365d673001e887\"},\"headline\":\"Adrien Berger \u00a0\u00bb au club, on est ax\u00e9 sur la formation avec une notion de partage \u00ab\u00a0\",\"datePublished\":\"2022-04-03T06:45:48+00:00\",\"dateModified\":\"2022-04-03T06:54:11+00:00\",\"mainEntityOfPage\":{\"@id\":\"https:\/\/newsestlyonnais.fr\/site\/2022\/04\/03\/adrien-berger-au-club-on-est-axe-sur-la-formation-avec-une-notion-de-partage\/\"},\"wordCount\":499,\"commentCount\":0,\"publisher\":{\"@id\":\"https:\/\/newsestlyonnais.fr\/site\/#organization\"},\"image\":{\"@id\":\"https:\/\/newsestlyonnais.fr\/site\/2022\/04\/03\/adrien-berger-au-club-on-est-axe-sur-la-formation-avec-une-notion-de-partage\/#primaryimage\"},\"thumbnailUrl\":\"https:\/\/newsestlyonnais.fr\/site\/wp-content\/uploads\/2022\/04\/P1470152.jpg\",\"keywords\":[\"Adrien Berger\",\"AL JONAGE\",\"ESCALADE\"],\"articleSection\":[\"Escalade | Golf\",\"Interviews\",\"Jonage\"],\"inLanguage\":\"fr-FR\",\"potentialAction\":[{\"@type\":\"CommentAction\",\"name\":\"Comment\",\"target\":[\"https:\/\/newsestlyonnais.fr\/site\/2022\/04\/03\/adrien-berger-au-club-on-est-axe-sur-la-formation-avec-une-notion-de-partage\/#respond\"]}]},{\"@type\":\"WebPage\",\"@id\":\"https:\/\/newsestlyonnais.fr\/site\/2022\/04\/03\/adrien-berger-au-club-on-est-axe-sur-la-formation-avec-une-notion-de-partage\/\",\"url\":\"https:\/\/newsestlyonnais.fr\/site\/2022\/04\/03\/adrien-berger-au-club-on-est-axe-sur-la-formation-avec-une-notion-de-partage\/\",\"name\":\"Adrien Berger \\\" au club, on est ax\u00e9 sur la formation avec une notion de partage \\\" - News Est Lyonnais\",\"isPartOf\":{\"@id\":\"https:\/\/newsestlyonnais.fr\/site\/#website\"},\"primaryImageOfPage\":{\"@id\":\"https:\/\/newsestlyonnais.fr\/site\/2022\/04\/03\/adrien-berger-au-club-on-est-axe-sur-la-formation-avec-une-notion-de-partage\/#primaryimage\"},\"image\":{\"@id\":\"https:\/\/newsestlyonnais.fr\/site\/2022\/04\/03\/adrien-berger-au-club-on-est-axe-sur-la-formation-avec-une-notion-de-partage\/#primaryimage\"},\"thumbnailUrl\":\"https:\/\/newsestlyonnais.fr\/site\/wp-content\/uploads\/2022\/04\/P1470152.jpg\",\"datePublished\":\"2022-04-03T06:45:48+00:00\",\"dateModified\":\"2022-04-03T06:54:11+00:00\",\"description\":\"Adrien Berger \\\" au club, on est ax\u00e9 sur la formation avec une notion de partage \\\"\",\"breadcrumb\":{\"@id\":\"https:\/\/newsestlyonnais.fr\/site\/2022\/04\/03\/adrien-berger-au-club-on-est-axe-sur-la-formation-avec-une-notion-de-partage\/#breadcrumb\"},\"inLanguage\":\"fr-FR\",\"potentialAction\":[{\"@type\":\"ReadAction\",\"target\":[\"https:\/\/newsestlyonnais.fr\/site\/2022\/04\/03\/adrien-berger-au-club-on-est-axe-sur-la-formation-avec-une-notion-de-partage\/\"]}]},{\"@type\":\"ImageObject\",\"inLanguage\":\"fr-FR\",\"@id\":\"https:\/\/newsestlyonnais.fr\/site\/2022\/04\/03\/adrien-berger-au-club-on-est-axe-sur-la-formation-avec-une-notion-de-partage\/#primaryimage\",\"url\":\"https:\/\/newsestlyonnais.fr\/site\/wp-content\/uploads\/2022\/04\/P1470152.jpg\",\"contentUrl\":\"https:\/\/newsestlyonnais.fr\/site\/wp-content\/uploads\/2022\/04\/P1470152.jpg\",\"width\":1200,\"height\":900},{\"@type\":\"BreadcrumbList\",\"@id\":\"https:\/\/newsestlyonnais.fr\/site\/2022\/04\/03\/adrien-berger-au-club-on-est-axe-sur-la-formation-avec-une-notion-de-partage\/#breadcrumb\",\"itemListElement\":[{\"@type\":\"ListItem\",\"position\":1,\"name\":\"Accueil\",\"item\":\"https:\/\/newsestlyonnais.fr\/site\/\"},{\"@type\":\"ListItem\",\"position\":2,\"name\":\"Adrien Berger \u00a0\u00bb au club, on est ax\u00e9 sur la formation avec une notion de partage \u00ab\u00a0\"}]},{\"@type\":\"WebSite\",\"@id\":\"https:\/\/newsestlyonnais.fr\/site\/#website\",\"url\":\"https:\/\/newsestlyonnais.fr\/site\/\",\"name\":\"News Est Lyonnais\",\"description\":\"L&#039;actualit\u00e9 au plus pr\u00e8s\",\"publisher\":{\"@id\":\"https:\/\/newsestlyonnais.fr\/site\/#organization\"},\"potentialAction\":[{\"@type\":\"SearchAction\",\"target\":{\"@type\":\"EntryPoint\",\"urlTemplate\":\"https:\/\/newsestlyonnais.fr\/site\/?s={search_term_string}\"},\"query-input\":{\"@type\":\"PropertyValueSpecification\",\"valueRequired\":true,\"valueName\":\"search_term_string\"}}],\"inLanguage\":\"fr-FR\"},{\"@type\":\"Organization\",\"@id\":\"https:\/\/newsestlyonnais.fr\/site\/#organization\",\"name\":\"News EST LYONNAIS\",\"url\":\"https:\/\/newsestlyonnais.fr\/site\/\",\"logo\":{\"@type\":\"ImageObject\",\"inLanguage\":\"fr-FR\",\"@id\":\"https:\/\/newsestlyonnais.fr\/site\/#\/schema\/logo\/image\/\",\"url\":\"\",\"contentUrl\":\"\",\"caption\":\"News EST LYONNAIS\"},\"image\":{\"@id\":\"https:\/\/newsestlyonnais.fr\/site\/#\/schema\/logo\/image\/\"}},{\"@type\":\"Person\",\"@id\":\"https:\/\/newsestlyonnais.fr\/site\/#\/schema\/person\/3230d5615f390bb808365d673001e887\",\"name\":\"R\u00e9dac. NEWS\",\"sameAs\":[\"http:\/\/www.newsestlyonnais.fr\",\"https:\/\/www.facebook.com\/pascal.oberson.1?fref=ts\",\"https:\/\/fr.linkedin.com\/in\/pascal-oberson-b17045113\"],\"url\":\"https:\/\/newsestlyonnais.fr\/site\/author\/nel\/\"}]}<\/script>\n<!-- \/ Yoast SEO plugin. -->","yoast_head_json":{"title":"Adrien Berger \" au club, on est ax\u00e9 sur la formation avec une notion de partage \" - News Est Lyonnais","description":"Adrien Berger \" au club, on est ax\u00e9 sur la formation avec une notion de partage \"","robots":{"index":"index","follow":"follow","max-snippet":"max-snippet:-1","max-image-preview":"max-image-preview:large","max-video-preview":"max-video-preview:-1"},"canonical":"https:\/\/newsestlyonnais.fr\/site\/2022\/04\/03\/adrien-berger-au-club-on-est-axe-sur-la-formation-avec-une-notion-de-partage\/","og_locale":"fr_FR","og_type":"article","og_title":"Adrien Berger \" au club, on est ax\u00e9 sur la formation avec une notion de partage \" - News Est Lyonnais","og_description":"Adrien Berger \" au club, on est ax\u00e9 sur la formation avec une notion de partage \"","og_url":"https:\/\/newsestlyonnais.fr\/site\/2022\/04\/03\/adrien-berger-au-club-on-est-axe-sur-la-formation-avec-une-notion-de-partage\/","og_site_name":"News Est Lyonnais","article_author":"https:\/\/www.facebook.com\/pascal.oberson.1?fref=ts","article_published_time":"2022-04-03T06:45:48+00:00","article_modified_time":"2022-04-03T06:54:11+00:00","og_image":[{"width":1200,"height":900,"url":"https:\/\/newsestlyonnais.fr\/site\/wp-content\/uploads\/2022\/04\/P1470152.jpg","type":"image\/jpeg"}],"author":"R\u00e9dac. NEWS","twitter_card":"summary_large_image","twitter_misc":{"\u00c9crit par":"R\u00e9dac. NEWS","Dur\u00e9e de lecture estim\u00e9e":"3 minutes"},"schema":{"@context":"https:\/\/schema.org","@graph":[{"@type":"Article","@id":"https:\/\/newsestlyonnais.fr\/site\/2022\/04\/03\/adrien-berger-au-club-on-est-axe-sur-la-formation-avec-une-notion-de-partage\/#article","isPartOf":{"@id":"https:\/\/newsestlyonnais.fr\/site\/2022\/04\/03\/adrien-berger-au-club-on-est-axe-sur-la-formation-avec-une-notion-de-partage\/"},"author":{"name":"R\u00e9dac. NEWS","@id":"https:\/\/newsestlyonnais.fr\/site\/#\/schema\/person\/3230d5615f390bb808365d673001e887"},"headline":"Adrien Berger \u00a0\u00bb au club, on est ax\u00e9 sur la formation avec une notion de partage \u00ab\u00a0","datePublished":"2022-04-03T06:45:48+00:00","dateModified":"2022-04-03T06:54:11+00:00","mainEntityOfPage":{"@id":"https:\/\/newsestlyonnais.fr\/site\/2022\/04\/03\/adrien-berger-au-club-on-est-axe-sur-la-formation-avec-une-notion-de-partage\/"},"wordCount":499,"commentCount":0,"publisher":{"@id":"https:\/\/newsestlyonnais.fr\/site\/#organization"},"image":{"@id":"https:\/\/newsestlyonnais.fr\/site\/2022\/04\/03\/adrien-berger-au-club-on-est-axe-sur-la-formation-avec-une-notion-de-partage\/#primaryimage"},"thumbnailUrl":"https:\/\/newsestlyonnais.fr\/site\/wp-content\/uploads\/2022\/04\/P1470152.jpg","keywords":["Adrien Berger","AL JONAGE","ESCALADE"],"articleSection":["Escalade | Golf","Interviews","Jonage"],"inLanguage":"fr-FR","potentialAction":[{"@type":"CommentAction","name":"Comment","target":["https:\/\/newsestlyonnais.fr\/site\/2022\/04\/03\/adrien-berger-au-club-on-est-axe-sur-la-formation-avec-une-notion-de-partage\/#respond"]}]},{"@type":"WebPage","@id":"https:\/\/newsestlyonnais.fr\/site\/2022\/04\/03\/adrien-berger-au-club-on-est-axe-sur-la-formation-avec-une-notion-de-partage\/","url":"https:\/\/newsestlyonnais.fr\/site\/2022\/04\/03\/adrien-berger-au-club-on-est-axe-sur-la-formation-avec-une-notion-de-partage\/","name":"Adrien Berger \" au club, on est ax\u00e9 sur la formation avec une notion de partage \" - News Est Lyonnais","isPartOf":{"@id":"https:\/\/newsestlyonnais.fr\/site\/#website"},"primaryImageOfPage":{"@id":"https:\/\/newsestlyonnais.fr\/site\/2022\/04\/03\/adrien-berger-au-club-on-est-axe-sur-la-formation-avec-une-notion-de-partage\/#primaryimage"},"image":{"@id":"https:\/\/newsestlyonnais.fr\/site\/2022\/04\/03\/adrien-berger-au-club-on-est-axe-sur-la-formation-avec-une-notion-de-partage\/#primaryimage"},"thumbnailUrl":"https:\/\/newsestlyonnais.fr\/site\/wp-content\/uploads\/2022\/04\/P1470152.jpg","datePublished":"2022-04-03T06:45:48+00:00","dateModified":"2022-04-03T06:54:11+00:00","description":"Adrien Berger \" au club, on est ax\u00e9 sur la formation avec une notion de partage \"","breadcrumb":{"@id":"https:\/\/newsestlyonnais.fr\/site\/2022\/04\/03\/adrien-berger-au-club-on-est-axe-sur-la-formation-avec-une-notion-de-partage\/#breadcrumb"},"inLanguage":"fr-FR","potentialAction":[{"@type":"ReadAction","target":["https:\/\/newsestlyonnais.fr\/site\/2022\/04\/03\/adrien-berger-au-club-on-est-axe-sur-la-formation-avec-une-notion-de-partage\/"]}]},{"@type":"ImageObject","inLanguage":"fr-FR","@id":"https:\/\/newsestlyonnais.fr\/site\/2022\/04\/03\/adrien-berger-au-club-on-est-axe-sur-la-formation-avec-une-notion-de-partage\/#primaryimage","url":"https:\/\/newsestlyonnais.fr\/site\/wp-content\/uploads\/2022\/04\/P1470152.jpg","contentUrl":"https:\/\/newsestlyonnais.fr\/site\/wp-content\/uploads\/2022\/04\/P1470152.jpg","width":1200,"height":900},{"@type":"BreadcrumbList","@id":"https:\/\/newsestlyonnais.fr\/site\/2022\/04\/03\/adrien-berger-au-club-on-est-axe-sur-la-formation-avec-une-notion-de-partage\/#breadcrumb","itemListElement":[{"@type":"ListItem","position":1,"name":"Accueil","item":"https:\/\/newsestlyonnais.fr\/site\/"},{"@type":"ListItem","position":2,"name":"Adrien Berger \u00a0\u00bb au club, on est ax\u00e9 sur la formation avec une notion de partage \u00ab\u00a0"}]},{"@type":"WebSite","@id":"https:\/\/newsestlyonnais.fr\/site\/#website","url":"https:\/\/newsestlyonnais.fr\/site\/","name":"News Est Lyonnais","description":"L&#039;actualit\u00e9 au plus pr\u00e8s","publisher":{"@id":"https:\/\/newsestlyonnais.fr\/site\/#organization"},"potentialAction":[{"@type":"SearchAction","target":{"@type":"EntryPoint","urlTemplate":"https:\/\/newsestlyonnais.fr\/site\/?s={search_term_string}"},"query-input":{"@type":"PropertyValueSpecification","valueRequired":true,"valueName":"search_term_string"}}],"inLanguage":"fr-FR"},{"@type":"Organization","@id":"https:\/\/newsestlyonnais.fr\/site\/#organization","name":"News EST LYONNAIS","url":"https:\/\/newsestlyonnais.fr\/site\/","logo":{"@type":"ImageObject","inLanguage":"fr-FR","@id":"https:\/\/newsestlyonnais.fr\/site\/#\/schema\/logo\/image\/","url":"","contentUrl":"","caption":"News EST LYONNAIS"},"image":{"@id":"https:\/\/newsestlyonnais.fr\/site\/#\/schema\/logo\/image\/"}},{"@type":"Person","@id":"https:\/\/newsestlyonnais.fr\/site\/#\/schema\/person\/3230d5615f390bb808365d673001e887","name":"R\u00e9dac. NEWS","sameAs":["http:\/\/www.newsestlyonnais.fr","https:\/\/www.facebook.com\/pascal.oberson.1?fref=ts","https:\/\/fr.linkedin.com\/in\/pascal-oberson-b17045113"],"url":"https:\/\/newsestlyonnais.fr\/site\/author\/nel\/"}]}},"_links":{"self":[{"href":"https:\/\/newsestlyonnais.fr\/site\/wp-json\/wp\/v2\/posts\/152271","targetHints":{"allow":["GET"]}}],"collection":[{"href":"https:\/\/newsestlyonnais.fr\/site\/wp-json\/wp\/v2\/posts"}],"about":[{"href":"https:\/\/newsestlyonnais.fr\/site\/wp-json\/wp\/v2\/types\/post"}],"author":[{"embeddable":true,"href":"https:\/\/newsestlyonnais.fr\/site\/wp-json\/wp\/v2\/users\/4"}],"replies":[{"embeddable":true,"href":"https:\/\/newsestlyonnais.fr\/site\/wp-json\/wp\/v2\/comments?post=152271"}],"version-history":[{"count":0,"href":"https:\/\/newsestlyonnais.fr\/site\/wp-json\/wp\/v2\/posts\/152271\/revisions"}],"wp:featuredmedia":[{"embeddable":true,"href":"https:\/\/newsestlyonnais.fr\/site\/wp-json\/wp\/v2\/media\/152273"}],"wp:attachment":[{"href":"https:\/\/newsestlyonnais.fr\/site\/wp-json\/wp\/v2\/media?parent=152271"}],"wp:term":[{"taxonomy":"category","embeddable":true,"href":"https:\/\/newsestlyonnais.fr\/site\/wp-json\/wp\/v2\/categories?post=152271"},{"taxonomy":"post_tag","embeddable":true,"href":"https:\/\/newsestlyonnais.fr\/site\/wp-json\/wp\/v2\/tags?post=152271"}],"curies":[{"name":"wp","href":"https:\/\/api.w.org\/{rel}","templated":true}]}}