{"id":15242,"date":"2016-11-03T13:28:34","date_gmt":"2016-11-03T12:28:34","guid":{"rendered":"http:\/\/newsestlyonnais.fr\/site\/?p=15242"},"modified":"2020-11-16T15:46:27","modified_gmt":"2020-11-16T14:46:27","slug":"villeurbanne-ecran-offert-a-la-mjc","status":"publish","type":"post","link":"https:\/\/newsestlyonnais.fr\/site\/2016\/11\/03\/villeurbanne-ecran-offert-a-la-mjc\/","title":{"rendered":"VILLEURBANNE | \u00ab\u00a0ECRAN OFFERT \u00a0\u00bb \u00e0 la MJC"},"content":{"rendered":"<h4><span id=\"fbPhotoSnowliftCaption\" class=\"fbPhotosPhotoCaption\"><span class=\"hasCaption\">Envie de projeter votre documentaire, fiction, film d&rsquo;animation ? Rendez-vous le <strong>26 novembre \u00e0 19 heures 30<\/strong> pour une soir\u00e9e d\u00e9di\u00e9e \u00e0 la cr\u00e9ation audiovisuelle.<\/span><\/span><\/h4>\n<p>Profitez de l&rsquo;\u00e9cran offert pour projeter sur grand \u00e9cran vos cr\u00e9ations !<\/p>\n<p>Conditions : 15 minutes maximum et pr\u00e9sence obligatoire pour pr\u00e9senter votre film le 26 novembre.<\/p>\n<p><span style=\"text-decoration: underline;\"><em><strong>Date limite de participation : vendredi 18 novembre 2016<\/strong><\/em><\/span><\/p>\n<p>Plus d&rsquo;infos : <a href=\"http:\/\/www.mjc-villeurbanne.org\/?p=1498\" target=\"_blank\" rel=\"nofollow noopener noreferrer\">http:\/\/www.mjc-villeurbanne.org\/?p=1498<\/a><\/p>\n<p>L\u2019occasion de d\u00e9couvrir le travail de jeunes r\u00e9alisateurs de la r\u00e9gion\u00a0: documentaires, fictions, films d\u2019animations\u2026<\/p>\n<p><strong>TARIF<\/strong> : ENTR\u00c9E LIBRE<\/p>\n","protected":false},"excerpt":{"rendered":"<p>Envie de projeter votre documentaire, fiction, film d&rsquo;animation ? Rendez-vous le 26 novembre \u00e0 19 heures 30 pour une soir\u00e9e d\u00e9di\u00e9e \u00e0 la cr\u00e9ation audiovisuelle. Profitez de l&rsquo;\u00e9cran offert pour projeter sur grand \u00e9cran vos cr\u00e9ations ! Conditions : 15 minutes maximum et pr\u00e9sence obligatoire pour pr\u00e9senter votre film le 26 novembre. Date limite de [&hellip;]<\/p>\n","protected":false},"author":4,"featured_media":15244,"comment_status":"open","ping_status":"open","sticky":false,"template":"","format":"standard","meta":{"footnotes":""},"categories":[3003,29],"tags":[],"class_list":["post-15242","post","type-post","status-publish","format-standard","has-post-thumbnail","hentry","category-bibliotheque-mediatheque-mjc","category-villeurbanne"],"yoast_head":"<!-- This site is optimized with the Yoast SEO plugin v27.2 - https:\/\/yoast.com\/product\/yoast-seo-wordpress\/ -->\n<title>VILLEURBANNE | &quot;ECRAN OFFERT &quot; \u00e0 la MJC<\/title>\n<meta name=\"description\" content=\"VILLEURBANNE | &quot;ECRAN OFFERT &quot; \u00e0 la MJC\" \/>\n<meta name=\"robots\" content=\"index, follow, max-snippet:-1, max-image-preview:large, max-video-preview:-1\" \/>\n<link rel=\"canonical\" href=\"https:\/\/newsestlyonnais.fr\/site\/2016\/11\/03\/villeurbanne-ecran-offert-a-la-mjc\/\" \/>\n<meta property=\"og:locale\" content=\"fr_FR\" \/>\n<meta property=\"og:type\" content=\"article\" \/>\n<meta property=\"og:title\" content=\"VILLEURBANNE | &quot;ECRAN OFFERT &quot; \u00e0 la MJC\" \/>\n<meta property=\"og:description\" content=\"VILLEURBANNE | &quot;ECRAN OFFERT &quot; \u00e0 la MJC\" \/>\n<meta property=\"og:url\" content=\"https:\/\/newsestlyonnais.fr\/site\/2016\/11\/03\/villeurbanne-ecran-offert-a-la-mjc\/\" \/>\n<meta property=\"og:site_name\" content=\"News Est Lyonnais\" \/>\n<meta property=\"article:author\" content=\"https:\/\/www.facebook.com\/pascal.oberson.1?fref=ts\" \/>\n<meta property=\"article:published_time\" content=\"2016-11-03T12:28:34+00:00\" \/>\n<meta property=\"article:modified_time\" content=\"2020-11-16T14:46:27+00:00\" \/>\n<meta property=\"og:image\" content=\"https:\/\/i1.wp.com\/newsestlyonnais.fr\/site\/wp-content\/uploads\/2016\/11\/NEWSESTLYONNAIS-MJC-ECRAN-OFFERT.jpg?fit=1000%2C750&ssl=1\" \/>\n\t<meta property=\"og:image:width\" content=\"1000\" \/>\n\t<meta property=\"og:image:height\" content=\"750\" \/>\n\t<meta property=\"og:image:type\" content=\"image\/jpeg\" \/>\n<meta name=\"author\" content=\"R\u00e9dac. NEWS\" \/>\n<meta name=\"twitter:card\" content=\"summary_large_image\" \/>\n<meta name=\"twitter:label1\" content=\"\u00c9crit par\" \/>\n\t<meta name=\"twitter:data1\" content=\"R\u00e9dac. NEWS\" \/>\n<script type=\"application\/ld+json\" class=\"yoast-schema-graph\">{\"@context\":\"https:\/\/schema.org\",\"@graph\":[{\"@type\":\"Article\",\"@id\":\"https:\/\/newsestlyonnais.fr\/site\/2016\/11\/03\/villeurbanne-ecran-offert-a-la-mjc\/#article\",\"isPartOf\":{\"@id\":\"https:\/\/newsestlyonnais.fr\/site\/2016\/11\/03\/villeurbanne-ecran-offert-a-la-mjc\/\"},\"author\":{\"name\":\"R\u00e9dac. NEWS\",\"@id\":\"https:\/\/newsestlyonnais.fr\/site\/#\/schema\/person\/3230d5615f390bb808365d673001e887\"},\"headline\":\"VILLEURBANNE | \u00ab\u00a0ECRAN OFFERT \u00a0\u00bb \u00e0 la MJC\",\"datePublished\":\"2016-11-03T12:28:34+00:00\",\"dateModified\":\"2020-11-16T14:46:27+00:00\",\"mainEntityOfPage\":{\"@id\":\"https:\/\/newsestlyonnais.fr\/site\/2016\/11\/03\/villeurbanne-ecran-offert-a-la-mjc\/\"},\"wordCount\":94,\"commentCount\":0,\"publisher\":{\"@id\":\"https:\/\/newsestlyonnais.fr\/site\/#organization\"},\"image\":{\"@id\":\"https:\/\/newsestlyonnais.fr\/site\/2016\/11\/03\/villeurbanne-ecran-offert-a-la-mjc\/#primaryimage\"},\"thumbnailUrl\":\"https:\/\/newsestlyonnais.fr\/site\/wp-content\/uploads\/2016\/11\/NEWSESTLYONNAIS-MJC-ECRAN-OFFERT.jpg\",\"articleSection\":[\"Biblioth\u00e8que | M\u00e9diath\u00e8que | MJC\",\"Villeurbanne\"],\"inLanguage\":\"fr-FR\",\"potentialAction\":[{\"@type\":\"CommentAction\",\"name\":\"Comment\",\"target\":[\"https:\/\/newsestlyonnais.fr\/site\/2016\/11\/03\/villeurbanne-ecran-offert-a-la-mjc\/#respond\"]}]},{\"@type\":\"WebPage\",\"@id\":\"https:\/\/newsestlyonnais.fr\/site\/2016\/11\/03\/villeurbanne-ecran-offert-a-la-mjc\/\",\"url\":\"https:\/\/newsestlyonnais.fr\/site\/2016\/11\/03\/villeurbanne-ecran-offert-a-la-mjc\/\",\"name\":\"VILLEURBANNE | \\\"ECRAN OFFERT \\\" \u00e0 la MJC\",\"isPartOf\":{\"@id\":\"https:\/\/newsestlyonnais.fr\/site\/#website\"},\"primaryImageOfPage\":{\"@id\":\"https:\/\/newsestlyonnais.fr\/site\/2016\/11\/03\/villeurbanne-ecran-offert-a-la-mjc\/#primaryimage\"},\"image\":{\"@id\":\"https:\/\/newsestlyonnais.fr\/site\/2016\/11\/03\/villeurbanne-ecran-offert-a-la-mjc\/#primaryimage\"},\"thumbnailUrl\":\"https:\/\/newsestlyonnais.fr\/site\/wp-content\/uploads\/2016\/11\/NEWSESTLYONNAIS-MJC-ECRAN-OFFERT.jpg\",\"datePublished\":\"2016-11-03T12:28:34+00:00\",\"dateModified\":\"2020-11-16T14:46:27+00:00\",\"description\":\"VILLEURBANNE | \\\"ECRAN OFFERT \\\" \u00e0 la MJC\",\"breadcrumb\":{\"@id\":\"https:\/\/newsestlyonnais.fr\/site\/2016\/11\/03\/villeurbanne-ecran-offert-a-la-mjc\/#breadcrumb\"},\"inLanguage\":\"fr-FR\",\"potentialAction\":[{\"@type\":\"ReadAction\",\"target\":[\"https:\/\/newsestlyonnais.fr\/site\/2016\/11\/03\/villeurbanne-ecran-offert-a-la-mjc\/\"]}]},{\"@type\":\"ImageObject\",\"inLanguage\":\"fr-FR\",\"@id\":\"https:\/\/newsestlyonnais.fr\/site\/2016\/11\/03\/villeurbanne-ecran-offert-a-la-mjc\/#primaryimage\",\"url\":\"https:\/\/newsestlyonnais.fr\/site\/wp-content\/uploads\/2016\/11\/NEWSESTLYONNAIS-MJC-ECRAN-OFFERT.jpg\",\"contentUrl\":\"https:\/\/newsestlyonnais.fr\/site\/wp-content\/uploads\/2016\/11\/NEWSESTLYONNAIS-MJC-ECRAN-OFFERT.jpg\",\"width\":1000,\"height\":750},{\"@type\":\"BreadcrumbList\",\"@id\":\"https:\/\/newsestlyonnais.fr\/site\/2016\/11\/03\/villeurbanne-ecran-offert-a-la-mjc\/#breadcrumb\",\"itemListElement\":[{\"@type\":\"ListItem\",\"position\":1,\"name\":\"Accueil\",\"item\":\"https:\/\/newsestlyonnais.fr\/site\/\"},{\"@type\":\"ListItem\",\"position\":2,\"name\":\"VILLEURBANNE | \u00ab\u00a0ECRAN OFFERT \u00a0\u00bb \u00e0 la MJC\"}]},{\"@type\":\"WebSite\",\"@id\":\"https:\/\/newsestlyonnais.fr\/site\/#website\",\"url\":\"https:\/\/newsestlyonnais.fr\/site\/\",\"name\":\"News Est Lyonnais\",\"description\":\"L&#039;actualit\u00e9 au plus pr\u00e8s\",\"publisher\":{\"@id\":\"https:\/\/newsestlyonnais.fr\/site\/#organization\"},\"potentialAction\":[{\"@type\":\"SearchAction\",\"target\":{\"@type\":\"EntryPoint\",\"urlTemplate\":\"https:\/\/newsestlyonnais.fr\/site\/?s={search_term_string}\"},\"query-input\":{\"@type\":\"PropertyValueSpecification\",\"valueRequired\":true,\"valueName\":\"search_term_string\"}}],\"inLanguage\":\"fr-FR\"},{\"@type\":\"Organization\",\"@id\":\"https:\/\/newsestlyonnais.fr\/site\/#organization\",\"name\":\"News EST LYONNAIS\",\"url\":\"https:\/\/newsestlyonnais.fr\/site\/\",\"logo\":{\"@type\":\"ImageObject\",\"inLanguage\":\"fr-FR\",\"@id\":\"https:\/\/newsestlyonnais.fr\/site\/#\/schema\/logo\/image\/\",\"url\":\"\",\"contentUrl\":\"\",\"caption\":\"News EST LYONNAIS\"},\"image\":{\"@id\":\"https:\/\/newsestlyonnais.fr\/site\/#\/schema\/logo\/image\/\"}},{\"@type\":\"Person\",\"@id\":\"https:\/\/newsestlyonnais.fr\/site\/#\/schema\/person\/3230d5615f390bb808365d673001e887\",\"name\":\"R\u00e9dac. NEWS\",\"sameAs\":[\"http:\/\/www.newsestlyonnais.fr\",\"https:\/\/www.facebook.com\/pascal.oberson.1?fref=ts\",\"https:\/\/fr.linkedin.com\/in\/pascal-oberson-b17045113\"],\"url\":\"https:\/\/newsestlyonnais.fr\/site\/author\/nel\/\"}]}<\/script>\n<!-- \/ Yoast SEO plugin. -->","yoast_head_json":{"title":"VILLEURBANNE | \"ECRAN OFFERT \" \u00e0 la MJC","description":"VILLEURBANNE | \"ECRAN OFFERT \" \u00e0 la MJC","robots":{"index":"index","follow":"follow","max-snippet":"max-snippet:-1","max-image-preview":"max-image-preview:large","max-video-preview":"max-video-preview:-1"},"canonical":"https:\/\/newsestlyonnais.fr\/site\/2016\/11\/03\/villeurbanne-ecran-offert-a-la-mjc\/","og_locale":"fr_FR","og_type":"article","og_title":"VILLEURBANNE | \"ECRAN OFFERT \" \u00e0 la MJC","og_description":"VILLEURBANNE | \"ECRAN OFFERT \" \u00e0 la MJC","og_url":"https:\/\/newsestlyonnais.fr\/site\/2016\/11\/03\/villeurbanne-ecran-offert-a-la-mjc\/","og_site_name":"News Est Lyonnais","article_author":"https:\/\/www.facebook.com\/pascal.oberson.1?fref=ts","article_published_time":"2016-11-03T12:28:34+00:00","article_modified_time":"2020-11-16T14:46:27+00:00","og_image":[{"width":1000,"height":750,"url":"https:\/\/i1.wp.com\/newsestlyonnais.fr\/site\/wp-content\/uploads\/2016\/11\/NEWSESTLYONNAIS-MJC-ECRAN-OFFERT.jpg?fit=1000%2C750&ssl=1","type":"image\/jpeg"}],"author":"R\u00e9dac. NEWS","twitter_card":"summary_large_image","twitter_misc":{"\u00c9crit par":"R\u00e9dac. NEWS"},"schema":{"@context":"https:\/\/schema.org","@graph":[{"@type":"Article","@id":"https:\/\/newsestlyonnais.fr\/site\/2016\/11\/03\/villeurbanne-ecran-offert-a-la-mjc\/#article","isPartOf":{"@id":"https:\/\/newsestlyonnais.fr\/site\/2016\/11\/03\/villeurbanne-ecran-offert-a-la-mjc\/"},"author":{"name":"R\u00e9dac. NEWS","@id":"https:\/\/newsestlyonnais.fr\/site\/#\/schema\/person\/3230d5615f390bb808365d673001e887"},"headline":"VILLEURBANNE | \u00ab\u00a0ECRAN OFFERT \u00a0\u00bb \u00e0 la MJC","datePublished":"2016-11-03T12:28:34+00:00","dateModified":"2020-11-16T14:46:27+00:00","mainEntityOfPage":{"@id":"https:\/\/newsestlyonnais.fr\/site\/2016\/11\/03\/villeurbanne-ecran-offert-a-la-mjc\/"},"wordCount":94,"commentCount":0,"publisher":{"@id":"https:\/\/newsestlyonnais.fr\/site\/#organization"},"image":{"@id":"https:\/\/newsestlyonnais.fr\/site\/2016\/11\/03\/villeurbanne-ecran-offert-a-la-mjc\/#primaryimage"},"thumbnailUrl":"https:\/\/newsestlyonnais.fr\/site\/wp-content\/uploads\/2016\/11\/NEWSESTLYONNAIS-MJC-ECRAN-OFFERT.jpg","articleSection":["Biblioth\u00e8que | M\u00e9diath\u00e8que | MJC","Villeurbanne"],"inLanguage":"fr-FR","potentialAction":[{"@type":"CommentAction","name":"Comment","target":["https:\/\/newsestlyonnais.fr\/site\/2016\/11\/03\/villeurbanne-ecran-offert-a-la-mjc\/#respond"]}]},{"@type":"WebPage","@id":"https:\/\/newsestlyonnais.fr\/site\/2016\/11\/03\/villeurbanne-ecran-offert-a-la-mjc\/","url":"https:\/\/newsestlyonnais.fr\/site\/2016\/11\/03\/villeurbanne-ecran-offert-a-la-mjc\/","name":"VILLEURBANNE | \"ECRAN OFFERT \" \u00e0 la MJC","isPartOf":{"@id":"https:\/\/newsestlyonnais.fr\/site\/#website"},"primaryImageOfPage":{"@id":"https:\/\/newsestlyonnais.fr\/site\/2016\/11\/03\/villeurbanne-ecran-offert-a-la-mjc\/#primaryimage"},"image":{"@id":"https:\/\/newsestlyonnais.fr\/site\/2016\/11\/03\/villeurbanne-ecran-offert-a-la-mjc\/#primaryimage"},"thumbnailUrl":"https:\/\/newsestlyonnais.fr\/site\/wp-content\/uploads\/2016\/11\/NEWSESTLYONNAIS-MJC-ECRAN-OFFERT.jpg","datePublished":"2016-11-03T12:28:34+00:00","dateModified":"2020-11-16T14:46:27+00:00","description":"VILLEURBANNE | \"ECRAN OFFERT \" \u00e0 la MJC","breadcrumb":{"@id":"https:\/\/newsestlyonnais.fr\/site\/2016\/11\/03\/villeurbanne-ecran-offert-a-la-mjc\/#breadcrumb"},"inLanguage":"fr-FR","potentialAction":[{"@type":"ReadAction","target":["https:\/\/newsestlyonnais.fr\/site\/2016\/11\/03\/villeurbanne-ecran-offert-a-la-mjc\/"]}]},{"@type":"ImageObject","inLanguage":"fr-FR","@id":"https:\/\/newsestlyonnais.fr\/site\/2016\/11\/03\/villeurbanne-ecran-offert-a-la-mjc\/#primaryimage","url":"https:\/\/newsestlyonnais.fr\/site\/wp-content\/uploads\/2016\/11\/NEWSESTLYONNAIS-MJC-ECRAN-OFFERT.jpg","contentUrl":"https:\/\/newsestlyonnais.fr\/site\/wp-content\/uploads\/2016\/11\/NEWSESTLYONNAIS-MJC-ECRAN-OFFERT.jpg","width":1000,"height":750},{"@type":"BreadcrumbList","@id":"https:\/\/newsestlyonnais.fr\/site\/2016\/11\/03\/villeurbanne-ecran-offert-a-la-mjc\/#breadcrumb","itemListElement":[{"@type":"ListItem","position":1,"name":"Accueil","item":"https:\/\/newsestlyonnais.fr\/site\/"},{"@type":"ListItem","position":2,"name":"VILLEURBANNE | \u00ab\u00a0ECRAN OFFERT \u00a0\u00bb \u00e0 la MJC"}]},{"@type":"WebSite","@id":"https:\/\/newsestlyonnais.fr\/site\/#website","url":"https:\/\/newsestlyonnais.fr\/site\/","name":"News Est Lyonnais","description":"L&#039;actualit\u00e9 au plus pr\u00e8s","publisher":{"@id":"https:\/\/newsestlyonnais.fr\/site\/#organization"},"potentialAction":[{"@type":"SearchAction","target":{"@type":"EntryPoint","urlTemplate":"https:\/\/newsestlyonnais.fr\/site\/?s={search_term_string}"},"query-input":{"@type":"PropertyValueSpecification","valueRequired":true,"valueName":"search_term_string"}}],"inLanguage":"fr-FR"},{"@type":"Organization","@id":"https:\/\/newsestlyonnais.fr\/site\/#organization","name":"News EST LYONNAIS","url":"https:\/\/newsestlyonnais.fr\/site\/","logo":{"@type":"ImageObject","inLanguage":"fr-FR","@id":"https:\/\/newsestlyonnais.fr\/site\/#\/schema\/logo\/image\/","url":"","contentUrl":"","caption":"News EST LYONNAIS"},"image":{"@id":"https:\/\/newsestlyonnais.fr\/site\/#\/schema\/logo\/image\/"}},{"@type":"Person","@id":"https:\/\/newsestlyonnais.fr\/site\/#\/schema\/person\/3230d5615f390bb808365d673001e887","name":"R\u00e9dac. NEWS","sameAs":["http:\/\/www.newsestlyonnais.fr","https:\/\/www.facebook.com\/pascal.oberson.1?fref=ts","https:\/\/fr.linkedin.com\/in\/pascal-oberson-b17045113"],"url":"https:\/\/newsestlyonnais.fr\/site\/author\/nel\/"}]}},"_links":{"self":[{"href":"https:\/\/newsestlyonnais.fr\/site\/wp-json\/wp\/v2\/posts\/15242","targetHints":{"allow":["GET"]}}],"collection":[{"href":"https:\/\/newsestlyonnais.fr\/site\/wp-json\/wp\/v2\/posts"}],"about":[{"href":"https:\/\/newsestlyonnais.fr\/site\/wp-json\/wp\/v2\/types\/post"}],"author":[{"embeddable":true,"href":"https:\/\/newsestlyonnais.fr\/site\/wp-json\/wp\/v2\/users\/4"}],"replies":[{"embeddable":true,"href":"https:\/\/newsestlyonnais.fr\/site\/wp-json\/wp\/v2\/comments?post=15242"}],"version-history":[{"count":0,"href":"https:\/\/newsestlyonnais.fr\/site\/wp-json\/wp\/v2\/posts\/15242\/revisions"}],"wp:featuredmedia":[{"embeddable":true,"href":"https:\/\/newsestlyonnais.fr\/site\/wp-json\/wp\/v2\/media\/15244"}],"wp:attachment":[{"href":"https:\/\/newsestlyonnais.fr\/site\/wp-json\/wp\/v2\/media?parent=15242"}],"wp:term":[{"taxonomy":"category","embeddable":true,"href":"https:\/\/newsestlyonnais.fr\/site\/wp-json\/wp\/v2\/categories?post=15242"},{"taxonomy":"post_tag","embeddable":true,"href":"https:\/\/newsestlyonnais.fr\/site\/wp-json\/wp\/v2\/tags?post=15242"}],"curies":[{"name":"wp","href":"https:\/\/api.w.org\/{rel}","templated":true}]}}