{"id":15264,"date":"2016-11-03T15:01:46","date_gmt":"2016-11-03T14:01:46","guid":{"rendered":"http:\/\/newsestlyonnais.fr\/site\/?p=15264"},"modified":"2020-11-16T20:45:53","modified_gmt":"2020-11-16T19:45:53","slug":"lyon-3-fermeture-provisoire-de-lagence-tcl-de-grange-blanche","status":"publish","type":"post","link":"https:\/\/newsestlyonnais.fr\/site\/2016\/11\/03\/lyon-3-fermeture-provisoire-de-lagence-tcl-de-grange-blanche\/","title":{"rendered":"LYON 3 | Fermeture provisoire de l&rsquo;agence TCL de Grange Blanche"},"content":{"rendered":"<h4>Apr\u00e8s La Soie, Part-Dieu et Bellecour, <span style=\"text-decoration: underline\"><strong>l\u2019agence Grange Blanche<\/strong><\/span> <strong>fermera temporairement ses portes <span style=\"text-decoration: underline\">le mardi 8 novembre au soir<\/span>, <\/strong>pour d\u2019importants travaux de r\u00e9novation.<\/h4>\n<p>Depuis 2014, TCL a lanc\u00e9 un nouveau concept d\u2019agences pour am\u00e9liorer la relation client en proposant des lieux plus spacieux avec un meilleur accueil, plus de services et moins d\u2019attente.<\/p>\n<h4>La r\u00e9ouverture est pr\u00e9vue pour mi-mars 2017.<\/h4>\n<p>Pendant cette p\u00e9riode, les clients pourront acheter leurs titres de transports via d\u2019autres points de vente situ\u00e9s \u00e0 proximit\u00e9 de l\u2019agence :<\/p>\n<ul>\n<li>Les distributeurs automatiques situ\u00e9s sur les quais des stations du m\u00e9tro D et des tramways T2 et T5<\/li>\n<li>Les guichets automatiques bancaires :<br \/>\n&#8211; Cr\u00e9dit Mutuel : 4 place Ambroise Courtois, Lyon 8\u00b0<br \/>\n&#8211; CIC Lyonnaise de Banque : 102 avenue des Fr\u00e8res Lumi\u00e8re, Lyon 8\u00b0<\/li>\n<li>Les points service :<br \/>\n&#8211; Tabac Presse : 64 rue du Professeur Florence, Lyon 3\u00b0<br \/>\n&#8211; Tabac Monplaisir : 133 avenue des Fr\u00e8res Lumi\u00e8re, Lyon 8\u00b0<br \/>\nL\u2019agence mobile TCL sera pr\u00e9sente en d\u00e9but et fin de mois sur la place d\u2019Arsonval<br \/>\n(toutes les dates sur <a href=\"http:\/\/tcl.fr\" target=\"_blank\" rel=\"noopener noreferrer\">tcl.fr<\/a>)<\/li>\n<\/ul>\n","protected":false},"excerpt":{"rendered":"<p>Apr\u00e8s La Soie, Part-Dieu et Bellecour, l\u2019agence Grange Blanche fermera temporairement ses portes le mardi 8 novembre au soir, pour d\u2019importants travaux de r\u00e9novation. Depuis 2014, TCL a lanc\u00e9 un nouveau concept d\u2019agences pour am\u00e9liorer la relation client en proposant des lieux plus spacieux avec un meilleur accueil, plus de services et moins d\u2019attente. La [&hellip;]<\/p>\n","protected":false},"author":4,"featured_media":0,"comment_status":"open","ping_status":"open","sticky":false,"template":"","format":"standard","meta":{"footnotes":""},"categories":[1625,309,13,172],"tags":[],"class_list":["post-15264","post","type-post","status-publish","format-standard","hentry","category-lyon","category-pratique","category-transports-circulation","category-travaux-amenagements"],"yoast_head":"<!-- This site is optimized with the Yoast SEO plugin v27.2 - https:\/\/yoast.com\/product\/yoast-seo-wordpress\/ -->\n<title>LYON 3 | Fermeture provisoire de l&#039;agence TCL de Grange Blanche - News Est Lyonnais<\/title>\n<meta name=\"robots\" content=\"index, follow, max-snippet:-1, max-image-preview:large, max-video-preview:-1\" \/>\n<link rel=\"canonical\" href=\"https:\/\/newsestlyonnais.fr\/site\/2016\/11\/03\/lyon-3-fermeture-provisoire-de-lagence-tcl-de-grange-blanche\/\" \/>\n<meta property=\"og:locale\" content=\"fr_FR\" \/>\n<meta property=\"og:type\" content=\"article\" \/>\n<meta property=\"og:title\" content=\"LYON 3 | Fermeture provisoire de l&#039;agence TCL de Grange Blanche - News Est Lyonnais\" \/>\n<meta property=\"og:description\" content=\"Apr\u00e8s La Soie, Part-Dieu et Bellecour, l\u2019agence Grange Blanche fermera temporairement ses portes le mardi 8 novembre au soir, pour d\u2019importants travaux de r\u00e9novation. Depuis 2014, TCL a lanc\u00e9 un nouveau concept d\u2019agences pour am\u00e9liorer la relation client en proposant des lieux plus spacieux avec un meilleur accueil, plus de services et moins d\u2019attente. La [&hellip;]\" \/>\n<meta property=\"og:url\" content=\"https:\/\/newsestlyonnais.fr\/site\/2016\/11\/03\/lyon-3-fermeture-provisoire-de-lagence-tcl-de-grange-blanche\/\" \/>\n<meta property=\"og:site_name\" content=\"News Est Lyonnais\" \/>\n<meta property=\"article:author\" content=\"https:\/\/www.facebook.com\/pascal.oberson.1?fref=ts\" \/>\n<meta property=\"article:published_time\" content=\"2016-11-03T14:01:46+00:00\" \/>\n<meta property=\"article:modified_time\" content=\"2020-11-16T19:45:53+00:00\" \/>\n<meta name=\"author\" content=\"R\u00e9dac. NEWS\" \/>\n<meta name=\"twitter:card\" content=\"summary_large_image\" \/>\n<meta name=\"twitter:label1\" content=\"\u00c9crit par\" \/>\n\t<meta name=\"twitter:data1\" content=\"R\u00e9dac. NEWS\" \/>\n\t<meta name=\"twitter:label2\" content=\"Dur\u00e9e de lecture estim\u00e9e\" \/>\n\t<meta name=\"twitter:data2\" content=\"1 minute\" \/>\n<script type=\"application\/ld+json\" class=\"yoast-schema-graph\">{\"@context\":\"https:\/\/schema.org\",\"@graph\":[{\"@type\":\"Article\",\"@id\":\"https:\/\/newsestlyonnais.fr\/site\/2016\/11\/03\/lyon-3-fermeture-provisoire-de-lagence-tcl-de-grange-blanche\/#article\",\"isPartOf\":{\"@id\":\"https:\/\/newsestlyonnais.fr\/site\/2016\/11\/03\/lyon-3-fermeture-provisoire-de-lagence-tcl-de-grange-blanche\/\"},\"author\":{\"name\":\"R\u00e9dac. NEWS\",\"@id\":\"https:\/\/newsestlyonnais.fr\/site\/#\/schema\/person\/3230d5615f390bb808365d673001e887\"},\"headline\":\"LYON 3 | Fermeture provisoire de l&rsquo;agence TCL de Grange Blanche\",\"datePublished\":\"2016-11-03T14:01:46+00:00\",\"dateModified\":\"2020-11-16T19:45:53+00:00\",\"mainEntityOfPage\":{\"@id\":\"https:\/\/newsestlyonnais.fr\/site\/2016\/11\/03\/lyon-3-fermeture-provisoire-de-lagence-tcl-de-grange-blanche\/\"},\"wordCount\":191,\"commentCount\":0,\"publisher\":{\"@id\":\"https:\/\/newsestlyonnais.fr\/site\/#organization\"},\"articleSection\":[\"Lyon\",\"Pratique\",\"Transports | Circulation\",\"Travaux | Am\u00e9nagements\"],\"inLanguage\":\"fr-FR\",\"potentialAction\":[{\"@type\":\"CommentAction\",\"name\":\"Comment\",\"target\":[\"https:\/\/newsestlyonnais.fr\/site\/2016\/11\/03\/lyon-3-fermeture-provisoire-de-lagence-tcl-de-grange-blanche\/#respond\"]}]},{\"@type\":\"WebPage\",\"@id\":\"https:\/\/newsestlyonnais.fr\/site\/2016\/11\/03\/lyon-3-fermeture-provisoire-de-lagence-tcl-de-grange-blanche\/\",\"url\":\"https:\/\/newsestlyonnais.fr\/site\/2016\/11\/03\/lyon-3-fermeture-provisoire-de-lagence-tcl-de-grange-blanche\/\",\"name\":\"LYON 3 | Fermeture provisoire de l'agence TCL de Grange Blanche - News Est Lyonnais\",\"isPartOf\":{\"@id\":\"https:\/\/newsestlyonnais.fr\/site\/#website\"},\"datePublished\":\"2016-11-03T14:01:46+00:00\",\"dateModified\":\"2020-11-16T19:45:53+00:00\",\"breadcrumb\":{\"@id\":\"https:\/\/newsestlyonnais.fr\/site\/2016\/11\/03\/lyon-3-fermeture-provisoire-de-lagence-tcl-de-grange-blanche\/#breadcrumb\"},\"inLanguage\":\"fr-FR\",\"potentialAction\":[{\"@type\":\"ReadAction\",\"target\":[\"https:\/\/newsestlyonnais.fr\/site\/2016\/11\/03\/lyon-3-fermeture-provisoire-de-lagence-tcl-de-grange-blanche\/\"]}]},{\"@type\":\"BreadcrumbList\",\"@id\":\"https:\/\/newsestlyonnais.fr\/site\/2016\/11\/03\/lyon-3-fermeture-provisoire-de-lagence-tcl-de-grange-blanche\/#breadcrumb\",\"itemListElement\":[{\"@type\":\"ListItem\",\"position\":1,\"name\":\"Accueil\",\"item\":\"https:\/\/newsestlyonnais.fr\/site\/\"},{\"@type\":\"ListItem\",\"position\":2,\"name\":\"LYON 3 | Fermeture provisoire de l&rsquo;agence TCL de Grange Blanche\"}]},{\"@type\":\"WebSite\",\"@id\":\"https:\/\/newsestlyonnais.fr\/site\/#website\",\"url\":\"https:\/\/newsestlyonnais.fr\/site\/\",\"name\":\"News Est Lyonnais\",\"description\":\"L&#039;actualit\u00e9 au plus pr\u00e8s\",\"publisher\":{\"@id\":\"https:\/\/newsestlyonnais.fr\/site\/#organization\"},\"potentialAction\":[{\"@type\":\"SearchAction\",\"target\":{\"@type\":\"EntryPoint\",\"urlTemplate\":\"https:\/\/newsestlyonnais.fr\/site\/?s={search_term_string}\"},\"query-input\":{\"@type\":\"PropertyValueSpecification\",\"valueRequired\":true,\"valueName\":\"search_term_string\"}}],\"inLanguage\":\"fr-FR\"},{\"@type\":\"Organization\",\"@id\":\"https:\/\/newsestlyonnais.fr\/site\/#organization\",\"name\":\"News EST LYONNAIS\",\"url\":\"https:\/\/newsestlyonnais.fr\/site\/\",\"logo\":{\"@type\":\"ImageObject\",\"inLanguage\":\"fr-FR\",\"@id\":\"https:\/\/newsestlyonnais.fr\/site\/#\/schema\/logo\/image\/\",\"url\":\"\",\"contentUrl\":\"\",\"caption\":\"News EST LYONNAIS\"},\"image\":{\"@id\":\"https:\/\/newsestlyonnais.fr\/site\/#\/schema\/logo\/image\/\"}},{\"@type\":\"Person\",\"@id\":\"https:\/\/newsestlyonnais.fr\/site\/#\/schema\/person\/3230d5615f390bb808365d673001e887\",\"name\":\"R\u00e9dac. NEWS\",\"sameAs\":[\"http:\/\/www.newsestlyonnais.fr\",\"https:\/\/www.facebook.com\/pascal.oberson.1?fref=ts\",\"https:\/\/fr.linkedin.com\/in\/pascal-oberson-b17045113\"],\"url\":\"https:\/\/newsestlyonnais.fr\/site\/author\/nel\/\"}]}<\/script>\n<!-- \/ Yoast SEO plugin. -->","yoast_head_json":{"title":"LYON 3 | Fermeture provisoire de l'agence TCL de Grange Blanche - News Est Lyonnais","robots":{"index":"index","follow":"follow","max-snippet":"max-snippet:-1","max-image-preview":"max-image-preview:large","max-video-preview":"max-video-preview:-1"},"canonical":"https:\/\/newsestlyonnais.fr\/site\/2016\/11\/03\/lyon-3-fermeture-provisoire-de-lagence-tcl-de-grange-blanche\/","og_locale":"fr_FR","og_type":"article","og_title":"LYON 3 | Fermeture provisoire de l'agence TCL de Grange Blanche - News Est Lyonnais","og_description":"Apr\u00e8s La Soie, Part-Dieu et Bellecour, l\u2019agence Grange Blanche fermera temporairement ses portes le mardi 8 novembre au soir, pour d\u2019importants travaux de r\u00e9novation. Depuis 2014, TCL a lanc\u00e9 un nouveau concept d\u2019agences pour am\u00e9liorer la relation client en proposant des lieux plus spacieux avec un meilleur accueil, plus de services et moins d\u2019attente. La [&hellip;]","og_url":"https:\/\/newsestlyonnais.fr\/site\/2016\/11\/03\/lyon-3-fermeture-provisoire-de-lagence-tcl-de-grange-blanche\/","og_site_name":"News Est Lyonnais","article_author":"https:\/\/www.facebook.com\/pascal.oberson.1?fref=ts","article_published_time":"2016-11-03T14:01:46+00:00","article_modified_time":"2020-11-16T19:45:53+00:00","author":"R\u00e9dac. NEWS","twitter_card":"summary_large_image","twitter_misc":{"\u00c9crit par":"R\u00e9dac. NEWS","Dur\u00e9e de lecture estim\u00e9e":"1 minute"},"schema":{"@context":"https:\/\/schema.org","@graph":[{"@type":"Article","@id":"https:\/\/newsestlyonnais.fr\/site\/2016\/11\/03\/lyon-3-fermeture-provisoire-de-lagence-tcl-de-grange-blanche\/#article","isPartOf":{"@id":"https:\/\/newsestlyonnais.fr\/site\/2016\/11\/03\/lyon-3-fermeture-provisoire-de-lagence-tcl-de-grange-blanche\/"},"author":{"name":"R\u00e9dac. NEWS","@id":"https:\/\/newsestlyonnais.fr\/site\/#\/schema\/person\/3230d5615f390bb808365d673001e887"},"headline":"LYON 3 | Fermeture provisoire de l&rsquo;agence TCL de Grange Blanche","datePublished":"2016-11-03T14:01:46+00:00","dateModified":"2020-11-16T19:45:53+00:00","mainEntityOfPage":{"@id":"https:\/\/newsestlyonnais.fr\/site\/2016\/11\/03\/lyon-3-fermeture-provisoire-de-lagence-tcl-de-grange-blanche\/"},"wordCount":191,"commentCount":0,"publisher":{"@id":"https:\/\/newsestlyonnais.fr\/site\/#organization"},"articleSection":["Lyon","Pratique","Transports | Circulation","Travaux | Am\u00e9nagements"],"inLanguage":"fr-FR","potentialAction":[{"@type":"CommentAction","name":"Comment","target":["https:\/\/newsestlyonnais.fr\/site\/2016\/11\/03\/lyon-3-fermeture-provisoire-de-lagence-tcl-de-grange-blanche\/#respond"]}]},{"@type":"WebPage","@id":"https:\/\/newsestlyonnais.fr\/site\/2016\/11\/03\/lyon-3-fermeture-provisoire-de-lagence-tcl-de-grange-blanche\/","url":"https:\/\/newsestlyonnais.fr\/site\/2016\/11\/03\/lyon-3-fermeture-provisoire-de-lagence-tcl-de-grange-blanche\/","name":"LYON 3 | Fermeture provisoire de l'agence TCL de Grange Blanche - News Est Lyonnais","isPartOf":{"@id":"https:\/\/newsestlyonnais.fr\/site\/#website"},"datePublished":"2016-11-03T14:01:46+00:00","dateModified":"2020-11-16T19:45:53+00:00","breadcrumb":{"@id":"https:\/\/newsestlyonnais.fr\/site\/2016\/11\/03\/lyon-3-fermeture-provisoire-de-lagence-tcl-de-grange-blanche\/#breadcrumb"},"inLanguage":"fr-FR","potentialAction":[{"@type":"ReadAction","target":["https:\/\/newsestlyonnais.fr\/site\/2016\/11\/03\/lyon-3-fermeture-provisoire-de-lagence-tcl-de-grange-blanche\/"]}]},{"@type":"BreadcrumbList","@id":"https:\/\/newsestlyonnais.fr\/site\/2016\/11\/03\/lyon-3-fermeture-provisoire-de-lagence-tcl-de-grange-blanche\/#breadcrumb","itemListElement":[{"@type":"ListItem","position":1,"name":"Accueil","item":"https:\/\/newsestlyonnais.fr\/site\/"},{"@type":"ListItem","position":2,"name":"LYON 3 | Fermeture provisoire de l&rsquo;agence TCL de Grange Blanche"}]},{"@type":"WebSite","@id":"https:\/\/newsestlyonnais.fr\/site\/#website","url":"https:\/\/newsestlyonnais.fr\/site\/","name":"News Est Lyonnais","description":"L&#039;actualit\u00e9 au plus pr\u00e8s","publisher":{"@id":"https:\/\/newsestlyonnais.fr\/site\/#organization"},"potentialAction":[{"@type":"SearchAction","target":{"@type":"EntryPoint","urlTemplate":"https:\/\/newsestlyonnais.fr\/site\/?s={search_term_string}"},"query-input":{"@type":"PropertyValueSpecification","valueRequired":true,"valueName":"search_term_string"}}],"inLanguage":"fr-FR"},{"@type":"Organization","@id":"https:\/\/newsestlyonnais.fr\/site\/#organization","name":"News EST LYONNAIS","url":"https:\/\/newsestlyonnais.fr\/site\/","logo":{"@type":"ImageObject","inLanguage":"fr-FR","@id":"https:\/\/newsestlyonnais.fr\/site\/#\/schema\/logo\/image\/","url":"","contentUrl":"","caption":"News EST LYONNAIS"},"image":{"@id":"https:\/\/newsestlyonnais.fr\/site\/#\/schema\/logo\/image\/"}},{"@type":"Person","@id":"https:\/\/newsestlyonnais.fr\/site\/#\/schema\/person\/3230d5615f390bb808365d673001e887","name":"R\u00e9dac. NEWS","sameAs":["http:\/\/www.newsestlyonnais.fr","https:\/\/www.facebook.com\/pascal.oberson.1?fref=ts","https:\/\/fr.linkedin.com\/in\/pascal-oberson-b17045113"],"url":"https:\/\/newsestlyonnais.fr\/site\/author\/nel\/"}]}},"_links":{"self":[{"href":"https:\/\/newsestlyonnais.fr\/site\/wp-json\/wp\/v2\/posts\/15264","targetHints":{"allow":["GET"]}}],"collection":[{"href":"https:\/\/newsestlyonnais.fr\/site\/wp-json\/wp\/v2\/posts"}],"about":[{"href":"https:\/\/newsestlyonnais.fr\/site\/wp-json\/wp\/v2\/types\/post"}],"author":[{"embeddable":true,"href":"https:\/\/newsestlyonnais.fr\/site\/wp-json\/wp\/v2\/users\/4"}],"replies":[{"embeddable":true,"href":"https:\/\/newsestlyonnais.fr\/site\/wp-json\/wp\/v2\/comments?post=15264"}],"version-history":[{"count":0,"href":"https:\/\/newsestlyonnais.fr\/site\/wp-json\/wp\/v2\/posts\/15264\/revisions"}],"wp:attachment":[{"href":"https:\/\/newsestlyonnais.fr\/site\/wp-json\/wp\/v2\/media?parent=15264"}],"wp:term":[{"taxonomy":"category","embeddable":true,"href":"https:\/\/newsestlyonnais.fr\/site\/wp-json\/wp\/v2\/categories?post=15264"},{"taxonomy":"post_tag","embeddable":true,"href":"https:\/\/newsestlyonnais.fr\/site\/wp-json\/wp\/v2\/tags?post=15264"}],"curies":[{"name":"wp","href":"https:\/\/api.w.org\/{rel}","templated":true}]}}