{"id":152804,"date":"2022-04-28T06:43:53","date_gmt":"2022-04-28T05:43:53","guid":{"rendered":"https:\/\/newsestlyonnais.fr\/site\/?p=152804"},"modified":"2022-05-01T16:27:42","modified_gmt":"2022-05-01T15:27:42","slug":"saint-priest-un-vide-grenier-avec-lamicale-laique-danse","status":"publish","type":"post","link":"https:\/\/newsestlyonnais.fr\/site\/2022\/04\/28\/saint-priest-un-vide-grenier-avec-lamicale-laique-danse\/","title":{"rendered":"SAINT-PRIEST | Un vide-grenier avec l&rsquo;Amicale La\u00efque Danse (1\u00b0 mai)"},"content":{"rendered":"<p><img loading=\"lazy\" decoding=\"async\" class=\"alignleft wp-image-152362\" src=\"https:\/\/newsestlyonnais.fr\/site\/wp-content\/uploads\/2022\/04\/Microsoft-Word-Publication-NewEst-Lyonnais.docx-Copier-page-001-400x566.jpg\" alt=\"\" width=\"300\" height=\"425\" srcset=\"https:\/\/newsestlyonnais.fr\/site\/wp-content\/uploads\/2022\/04\/Microsoft-Word-Publication-NewEst-Lyonnais.docx-Copier-page-001-400x566.jpg 400w, https:\/\/newsestlyonnais.fr\/site\/wp-content\/uploads\/2022\/04\/Microsoft-Word-Publication-NewEst-Lyonnais.docx-Copier-page-001-650x920.jpg 650w, https:\/\/newsestlyonnais.fr\/site\/wp-content\/uploads\/2022\/04\/Microsoft-Word-Publication-NewEst-Lyonnais.docx-Copier-page-001-250x354.jpg 250w, https:\/\/newsestlyonnais.fr\/site\/wp-content\/uploads\/2022\/04\/Microsoft-Word-Publication-NewEst-Lyonnais.docx-Copier-page-001-768x1087.jpg 768w, https:\/\/newsestlyonnais.fr\/site\/wp-content\/uploads\/2022\/04\/Microsoft-Word-Publication-NewEst-Lyonnais.docx-Copier-page-001-150x212.jpg 150w, https:\/\/newsestlyonnais.fr\/site\/wp-content\/uploads\/2022\/04\/Microsoft-Word-Publication-NewEst-Lyonnais.docx-Copier-page-001-50x71.jpg 50w, https:\/\/newsestlyonnais.fr\/site\/wp-content\/uploads\/2022\/04\/Microsoft-Word-Publication-NewEst-Lyonnais.docx-Copier-page-001-100x142.jpg 100w, https:\/\/newsestlyonnais.fr\/site\/wp-content\/uploads\/2022\/04\/Microsoft-Word-Publication-NewEst-Lyonnais.docx-Copier-page-001-200x283.jpg 200w, https:\/\/newsestlyonnais.fr\/site\/wp-content\/uploads\/2022\/04\/Microsoft-Word-Publication-NewEst-Lyonnais.docx-Copier-page-001-300x425.jpg 300w, https:\/\/newsestlyonnais.fr\/site\/wp-content\/uploads\/2022\/04\/Microsoft-Word-Publication-NewEst-Lyonnais.docx-Copier-page-001-350x495.jpg 350w, https:\/\/newsestlyonnais.fr\/site\/wp-content\/uploads\/2022\/04\/Microsoft-Word-Publication-NewEst-Lyonnais.docx-Copier-page-001-450x637.jpg 450w, https:\/\/newsestlyonnais.fr\/site\/wp-content\/uploads\/2022\/04\/Microsoft-Word-Publication-NewEst-Lyonnais.docx-Copier-page-001-500x708.jpg 500w, https:\/\/newsestlyonnais.fr\/site\/wp-content\/uploads\/2022\/04\/Microsoft-Word-Publication-NewEst-Lyonnais.docx-Copier-page-001-550x778.jpg 550w, https:\/\/newsestlyonnais.fr\/site\/wp-content\/uploads\/2022\/04\/Microsoft-Word-Publication-NewEst-Lyonnais.docx-Copier-page-001-800x1132.jpg 800w, https:\/\/newsestlyonnais.fr\/site\/wp-content\/uploads\/2022\/04\/Microsoft-Word-Publication-NewEst-Lyonnais.docx-Copier-page-001.jpg 848w\" sizes=\"auto, (max-width: 300px) 100vw, 300px\" \/>Ce vide-grenier aura lieu \u00e0 l&rsquo;Espace Mosa\u00efque.<\/p>\n<p><strong>Inscriptions et infos<\/strong> : <span style=\"text-decoration: underline;\">exclusivement par mail<\/span> : ald.stpriest@orange.fr<\/p>\n<p><strong>Tarifs<\/strong> : 8 euros la table de 1,2 m + 2 chaises &amp; 9 euros contre le mur<\/p>\n<p><strong>Entr\u00e9e public<\/strong> : 1 euro par adulte<\/p>\n<hr \/>\n<p><span style=\"background-color: #000000; color: #ffffff;\"><em><strong>Dimanche 1\u00b0 Mai \/ de 8 h 30 \u00e0 17 h<\/strong><\/em><\/span><\/p>\n<p><span style=\"background-color: #000000; color: #ffffff;\"><em><strong>Espace Mosa\u00efque \/ 47 rue A. Briand \/ Saint-Priest<br \/>\n<\/strong><\/em><\/span><\/p>\n<hr \/>\n<ul>\n<li><span style=\"background-color: #000000;\"><span style=\"color: #ffffff;\">L&rsquo;ACTU du club : <\/span><a href=\"https:\/\/dansesaintpriest-ald.clubeo.com\"><span style=\"color: #ffcc00;\"><strong>https:\/\/dansesaintpriest-ald.clubeo.com<\/strong><\/span><\/a><\/span><\/li>\n<\/ul>\n<hr \/>\n<hr \/>\n<p>&nbsp;<\/p>\n","protected":false},"excerpt":{"rendered":"<p>L&rsquo;association pr\u00e9sid\u00e9e par V\u00e9ronique Frecon, qui compte \u00e0 ce jour 59 adh\u00e9rents organise sa traditionnelle manifestation le dimanche 1\u00b0 mai prochain.<\/p>\n","protected":false},"author":4,"featured_media":152810,"comment_status":"open","ping_status":"open","sticky":false,"template":"","format":"standard","meta":{"footnotes":""},"categories":[3002,3006,1296],"tags":[2625,2039,3020],"class_list":["post-152804","post","type-post","status-publish","format-standard","has-post-thumbnail","hentry","category-brocantes-collections-3","category-musique-danse-humour","category-sain-priest","tag-danse","tag-saint-priest","tag-vide-grenier"],"yoast_head":"<!-- This site is optimized with the Yoast SEO plugin v27.2 - https:\/\/yoast.com\/product\/yoast-seo-wordpress\/ -->\n<title>SAINT-PRIEST | Un vide-grenier avec l&#039;Amicale La\u00efque Danse (1\u00b0 mai) - News Est Lyonnais<\/title>\n<meta name=\"description\" content=\"SAINT-PRIEST | Un vide-grenier avec l&#039;Amicale La\u00efque Danse\" \/>\n<meta name=\"robots\" content=\"index, follow, max-snippet:-1, max-image-preview:large, max-video-preview:-1\" \/>\n<link rel=\"canonical\" href=\"https:\/\/newsestlyonnais.fr\/site\/2022\/04\/28\/saint-priest-un-vide-grenier-avec-lamicale-laique-danse\/\" \/>\n<meta property=\"og:locale\" content=\"fr_FR\" \/>\n<meta property=\"og:type\" content=\"article\" \/>\n<meta property=\"og:title\" content=\"SAINT-PRIEST | Un vide-grenier avec l&#039;Amicale La\u00efque Danse (1\u00b0 mai) - News Est Lyonnais\" \/>\n<meta property=\"og:description\" content=\"SAINT-PRIEST | Un vide-grenier avec l&#039;Amicale La\u00efque Danse\" \/>\n<meta property=\"og:url\" content=\"https:\/\/newsestlyonnais.fr\/site\/2022\/04\/28\/saint-priest-un-vide-grenier-avec-lamicale-laique-danse\/\" \/>\n<meta property=\"og:site_name\" content=\"News Est Lyonnais\" \/>\n<meta property=\"article:author\" content=\"https:\/\/www.facebook.com\/pascal.oberson.1?fref=ts\" \/>\n<meta property=\"article:published_time\" content=\"2022-04-28T05:43:53+00:00\" \/>\n<meta property=\"article:modified_time\" content=\"2022-05-01T15:27:42+00:00\" \/>\n<meta property=\"og:image\" content=\"https:\/\/newsestlyonnais.fr\/site\/wp-content\/uploads\/2022\/04\/20220411_214645.jpg\" \/>\n\t<meta property=\"og:image:width\" content=\"1200\" \/>\n\t<meta property=\"og:image:height\" content=\"900\" \/>\n\t<meta property=\"og:image:type\" content=\"image\/jpeg\" \/>\n<meta name=\"author\" content=\"R\u00e9dac. NEWS\" \/>\n<meta name=\"twitter:card\" content=\"summary_large_image\" \/>\n<meta name=\"twitter:label1\" content=\"\u00c9crit par\" \/>\n\t<meta name=\"twitter:data1\" content=\"R\u00e9dac. NEWS\" \/>\n\t<meta name=\"twitter:label2\" content=\"Dur\u00e9e de lecture estim\u00e9e\" \/>\n\t<meta name=\"twitter:data2\" content=\"1 minute\" \/>\n<script type=\"application\/ld+json\" class=\"yoast-schema-graph\">{\"@context\":\"https:\/\/schema.org\",\"@graph\":[{\"@type\":\"Article\",\"@id\":\"https:\/\/newsestlyonnais.fr\/site\/2022\/04\/28\/saint-priest-un-vide-grenier-avec-lamicale-laique-danse\/#article\",\"isPartOf\":{\"@id\":\"https:\/\/newsestlyonnais.fr\/site\/2022\/04\/28\/saint-priest-un-vide-grenier-avec-lamicale-laique-danse\/\"},\"author\":{\"name\":\"R\u00e9dac. NEWS\",\"@id\":\"https:\/\/newsestlyonnais.fr\/site\/#\/schema\/person\/3230d5615f390bb808365d673001e887\"},\"headline\":\"SAINT-PRIEST | Un vide-grenier avec l&rsquo;Amicale La\u00efque Danse (1\u00b0 mai)\",\"datePublished\":\"2022-04-28T05:43:53+00:00\",\"dateModified\":\"2022-05-01T15:27:42+00:00\",\"mainEntityOfPage\":{\"@id\":\"https:\/\/newsestlyonnais.fr\/site\/2022\/04\/28\/saint-priest-un-vide-grenier-avec-lamicale-laique-danse\/\"},\"wordCount\":67,\"commentCount\":0,\"publisher\":{\"@id\":\"https:\/\/newsestlyonnais.fr\/site\/#organization\"},\"image\":{\"@id\":\"https:\/\/newsestlyonnais.fr\/site\/2022\/04\/28\/saint-priest-un-vide-grenier-avec-lamicale-laique-danse\/#primaryimage\"},\"thumbnailUrl\":\"https:\/\/newsestlyonnais.fr\/site\/wp-content\/uploads\/2022\/04\/20220411_214645.jpg\",\"keywords\":[\"danse\",\"SAINT PRIEST\",\"VIDE-GRENIER\"],\"articleSection\":[\"Brocantes | Collections\",\"Musique | Danse | Humour\",\"Saint-Priest\"],\"inLanguage\":\"fr-FR\",\"potentialAction\":[{\"@type\":\"CommentAction\",\"name\":\"Comment\",\"target\":[\"https:\/\/newsestlyonnais.fr\/site\/2022\/04\/28\/saint-priest-un-vide-grenier-avec-lamicale-laique-danse\/#respond\"]}]},{\"@type\":\"WebPage\",\"@id\":\"https:\/\/newsestlyonnais.fr\/site\/2022\/04\/28\/saint-priest-un-vide-grenier-avec-lamicale-laique-danse\/\",\"url\":\"https:\/\/newsestlyonnais.fr\/site\/2022\/04\/28\/saint-priest-un-vide-grenier-avec-lamicale-laique-danse\/\",\"name\":\"SAINT-PRIEST | Un vide-grenier avec l'Amicale La\u00efque Danse (1\u00b0 mai) - News Est Lyonnais\",\"isPartOf\":{\"@id\":\"https:\/\/newsestlyonnais.fr\/site\/#website\"},\"primaryImageOfPage\":{\"@id\":\"https:\/\/newsestlyonnais.fr\/site\/2022\/04\/28\/saint-priest-un-vide-grenier-avec-lamicale-laique-danse\/#primaryimage\"},\"image\":{\"@id\":\"https:\/\/newsestlyonnais.fr\/site\/2022\/04\/28\/saint-priest-un-vide-grenier-avec-lamicale-laique-danse\/#primaryimage\"},\"thumbnailUrl\":\"https:\/\/newsestlyonnais.fr\/site\/wp-content\/uploads\/2022\/04\/20220411_214645.jpg\",\"datePublished\":\"2022-04-28T05:43:53+00:00\",\"dateModified\":\"2022-05-01T15:27:42+00:00\",\"description\":\"SAINT-PRIEST | Un vide-grenier avec l'Amicale La\u00efque Danse\",\"breadcrumb\":{\"@id\":\"https:\/\/newsestlyonnais.fr\/site\/2022\/04\/28\/saint-priest-un-vide-grenier-avec-lamicale-laique-danse\/#breadcrumb\"},\"inLanguage\":\"fr-FR\",\"potentialAction\":[{\"@type\":\"ReadAction\",\"target\":[\"https:\/\/newsestlyonnais.fr\/site\/2022\/04\/28\/saint-priest-un-vide-grenier-avec-lamicale-laique-danse\/\"]}]},{\"@type\":\"ImageObject\",\"inLanguage\":\"fr-FR\",\"@id\":\"https:\/\/newsestlyonnais.fr\/site\/2022\/04\/28\/saint-priest-un-vide-grenier-avec-lamicale-laique-danse\/#primaryimage\",\"url\":\"https:\/\/newsestlyonnais.fr\/site\/wp-content\/uploads\/2022\/04\/20220411_214645.jpg\",\"contentUrl\":\"https:\/\/newsestlyonnais.fr\/site\/wp-content\/uploads\/2022\/04\/20220411_214645.jpg\",\"width\":1200,\"height\":900},{\"@type\":\"BreadcrumbList\",\"@id\":\"https:\/\/newsestlyonnais.fr\/site\/2022\/04\/28\/saint-priest-un-vide-grenier-avec-lamicale-laique-danse\/#breadcrumb\",\"itemListElement\":[{\"@type\":\"ListItem\",\"position\":1,\"name\":\"Accueil\",\"item\":\"https:\/\/newsestlyonnais.fr\/site\/\"},{\"@type\":\"ListItem\",\"position\":2,\"name\":\"SAINT-PRIEST | Un vide-grenier avec l&rsquo;Amicale La\u00efque Danse (1\u00b0 mai)\"}]},{\"@type\":\"WebSite\",\"@id\":\"https:\/\/newsestlyonnais.fr\/site\/#website\",\"url\":\"https:\/\/newsestlyonnais.fr\/site\/\",\"name\":\"News Est Lyonnais\",\"description\":\"L&#039;actualit\u00e9 au plus pr\u00e8s\",\"publisher\":{\"@id\":\"https:\/\/newsestlyonnais.fr\/site\/#organization\"},\"potentialAction\":[{\"@type\":\"SearchAction\",\"target\":{\"@type\":\"EntryPoint\",\"urlTemplate\":\"https:\/\/newsestlyonnais.fr\/site\/?s={search_term_string}\"},\"query-input\":{\"@type\":\"PropertyValueSpecification\",\"valueRequired\":true,\"valueName\":\"search_term_string\"}}],\"inLanguage\":\"fr-FR\"},{\"@type\":\"Organization\",\"@id\":\"https:\/\/newsestlyonnais.fr\/site\/#organization\",\"name\":\"News EST LYONNAIS\",\"url\":\"https:\/\/newsestlyonnais.fr\/site\/\",\"logo\":{\"@type\":\"ImageObject\",\"inLanguage\":\"fr-FR\",\"@id\":\"https:\/\/newsestlyonnais.fr\/site\/#\/schema\/logo\/image\/\",\"url\":\"\",\"contentUrl\":\"\",\"caption\":\"News EST LYONNAIS\"},\"image\":{\"@id\":\"https:\/\/newsestlyonnais.fr\/site\/#\/schema\/logo\/image\/\"}},{\"@type\":\"Person\",\"@id\":\"https:\/\/newsestlyonnais.fr\/site\/#\/schema\/person\/3230d5615f390bb808365d673001e887\",\"name\":\"R\u00e9dac. NEWS\",\"sameAs\":[\"http:\/\/www.newsestlyonnais.fr\",\"https:\/\/www.facebook.com\/pascal.oberson.1?fref=ts\",\"https:\/\/fr.linkedin.com\/in\/pascal-oberson-b17045113\"],\"url\":\"https:\/\/newsestlyonnais.fr\/site\/author\/nel\/\"}]}<\/script>\n<!-- \/ Yoast SEO plugin. -->","yoast_head_json":{"title":"SAINT-PRIEST | Un vide-grenier avec l'Amicale La\u00efque Danse (1\u00b0 mai) - News Est Lyonnais","description":"SAINT-PRIEST | Un vide-grenier avec l'Amicale La\u00efque Danse","robots":{"index":"index","follow":"follow","max-snippet":"max-snippet:-1","max-image-preview":"max-image-preview:large","max-video-preview":"max-video-preview:-1"},"canonical":"https:\/\/newsestlyonnais.fr\/site\/2022\/04\/28\/saint-priest-un-vide-grenier-avec-lamicale-laique-danse\/","og_locale":"fr_FR","og_type":"article","og_title":"SAINT-PRIEST | Un vide-grenier avec l'Amicale La\u00efque Danse (1\u00b0 mai) - News Est Lyonnais","og_description":"SAINT-PRIEST | Un vide-grenier avec l'Amicale La\u00efque Danse","og_url":"https:\/\/newsestlyonnais.fr\/site\/2022\/04\/28\/saint-priest-un-vide-grenier-avec-lamicale-laique-danse\/","og_site_name":"News Est Lyonnais","article_author":"https:\/\/www.facebook.com\/pascal.oberson.1?fref=ts","article_published_time":"2022-04-28T05:43:53+00:00","article_modified_time":"2022-05-01T15:27:42+00:00","og_image":[{"width":1200,"height":900,"url":"https:\/\/newsestlyonnais.fr\/site\/wp-content\/uploads\/2022\/04\/20220411_214645.jpg","type":"image\/jpeg"}],"author":"R\u00e9dac. NEWS","twitter_card":"summary_large_image","twitter_misc":{"\u00c9crit par":"R\u00e9dac. NEWS","Dur\u00e9e de lecture estim\u00e9e":"1 minute"},"schema":{"@context":"https:\/\/schema.org","@graph":[{"@type":"Article","@id":"https:\/\/newsestlyonnais.fr\/site\/2022\/04\/28\/saint-priest-un-vide-grenier-avec-lamicale-laique-danse\/#article","isPartOf":{"@id":"https:\/\/newsestlyonnais.fr\/site\/2022\/04\/28\/saint-priest-un-vide-grenier-avec-lamicale-laique-danse\/"},"author":{"name":"R\u00e9dac. NEWS","@id":"https:\/\/newsestlyonnais.fr\/site\/#\/schema\/person\/3230d5615f390bb808365d673001e887"},"headline":"SAINT-PRIEST | Un vide-grenier avec l&rsquo;Amicale La\u00efque Danse (1\u00b0 mai)","datePublished":"2022-04-28T05:43:53+00:00","dateModified":"2022-05-01T15:27:42+00:00","mainEntityOfPage":{"@id":"https:\/\/newsestlyonnais.fr\/site\/2022\/04\/28\/saint-priest-un-vide-grenier-avec-lamicale-laique-danse\/"},"wordCount":67,"commentCount":0,"publisher":{"@id":"https:\/\/newsestlyonnais.fr\/site\/#organization"},"image":{"@id":"https:\/\/newsestlyonnais.fr\/site\/2022\/04\/28\/saint-priest-un-vide-grenier-avec-lamicale-laique-danse\/#primaryimage"},"thumbnailUrl":"https:\/\/newsestlyonnais.fr\/site\/wp-content\/uploads\/2022\/04\/20220411_214645.jpg","keywords":["danse","SAINT PRIEST","VIDE-GRENIER"],"articleSection":["Brocantes | Collections","Musique | Danse | Humour","Saint-Priest"],"inLanguage":"fr-FR","potentialAction":[{"@type":"CommentAction","name":"Comment","target":["https:\/\/newsestlyonnais.fr\/site\/2022\/04\/28\/saint-priest-un-vide-grenier-avec-lamicale-laique-danse\/#respond"]}]},{"@type":"WebPage","@id":"https:\/\/newsestlyonnais.fr\/site\/2022\/04\/28\/saint-priest-un-vide-grenier-avec-lamicale-laique-danse\/","url":"https:\/\/newsestlyonnais.fr\/site\/2022\/04\/28\/saint-priest-un-vide-grenier-avec-lamicale-laique-danse\/","name":"SAINT-PRIEST | Un vide-grenier avec l'Amicale La\u00efque Danse (1\u00b0 mai) - News Est Lyonnais","isPartOf":{"@id":"https:\/\/newsestlyonnais.fr\/site\/#website"},"primaryImageOfPage":{"@id":"https:\/\/newsestlyonnais.fr\/site\/2022\/04\/28\/saint-priest-un-vide-grenier-avec-lamicale-laique-danse\/#primaryimage"},"image":{"@id":"https:\/\/newsestlyonnais.fr\/site\/2022\/04\/28\/saint-priest-un-vide-grenier-avec-lamicale-laique-danse\/#primaryimage"},"thumbnailUrl":"https:\/\/newsestlyonnais.fr\/site\/wp-content\/uploads\/2022\/04\/20220411_214645.jpg","datePublished":"2022-04-28T05:43:53+00:00","dateModified":"2022-05-01T15:27:42+00:00","description":"SAINT-PRIEST | Un vide-grenier avec l'Amicale La\u00efque Danse","breadcrumb":{"@id":"https:\/\/newsestlyonnais.fr\/site\/2022\/04\/28\/saint-priest-un-vide-grenier-avec-lamicale-laique-danse\/#breadcrumb"},"inLanguage":"fr-FR","potentialAction":[{"@type":"ReadAction","target":["https:\/\/newsestlyonnais.fr\/site\/2022\/04\/28\/saint-priest-un-vide-grenier-avec-lamicale-laique-danse\/"]}]},{"@type":"ImageObject","inLanguage":"fr-FR","@id":"https:\/\/newsestlyonnais.fr\/site\/2022\/04\/28\/saint-priest-un-vide-grenier-avec-lamicale-laique-danse\/#primaryimage","url":"https:\/\/newsestlyonnais.fr\/site\/wp-content\/uploads\/2022\/04\/20220411_214645.jpg","contentUrl":"https:\/\/newsestlyonnais.fr\/site\/wp-content\/uploads\/2022\/04\/20220411_214645.jpg","width":1200,"height":900},{"@type":"BreadcrumbList","@id":"https:\/\/newsestlyonnais.fr\/site\/2022\/04\/28\/saint-priest-un-vide-grenier-avec-lamicale-laique-danse\/#breadcrumb","itemListElement":[{"@type":"ListItem","position":1,"name":"Accueil","item":"https:\/\/newsestlyonnais.fr\/site\/"},{"@type":"ListItem","position":2,"name":"SAINT-PRIEST | Un vide-grenier avec l&rsquo;Amicale La\u00efque Danse (1\u00b0 mai)"}]},{"@type":"WebSite","@id":"https:\/\/newsestlyonnais.fr\/site\/#website","url":"https:\/\/newsestlyonnais.fr\/site\/","name":"News Est Lyonnais","description":"L&#039;actualit\u00e9 au plus pr\u00e8s","publisher":{"@id":"https:\/\/newsestlyonnais.fr\/site\/#organization"},"potentialAction":[{"@type":"SearchAction","target":{"@type":"EntryPoint","urlTemplate":"https:\/\/newsestlyonnais.fr\/site\/?s={search_term_string}"},"query-input":{"@type":"PropertyValueSpecification","valueRequired":true,"valueName":"search_term_string"}}],"inLanguage":"fr-FR"},{"@type":"Organization","@id":"https:\/\/newsestlyonnais.fr\/site\/#organization","name":"News EST LYONNAIS","url":"https:\/\/newsestlyonnais.fr\/site\/","logo":{"@type":"ImageObject","inLanguage":"fr-FR","@id":"https:\/\/newsestlyonnais.fr\/site\/#\/schema\/logo\/image\/","url":"","contentUrl":"","caption":"News EST LYONNAIS"},"image":{"@id":"https:\/\/newsestlyonnais.fr\/site\/#\/schema\/logo\/image\/"}},{"@type":"Person","@id":"https:\/\/newsestlyonnais.fr\/site\/#\/schema\/person\/3230d5615f390bb808365d673001e887","name":"R\u00e9dac. NEWS","sameAs":["http:\/\/www.newsestlyonnais.fr","https:\/\/www.facebook.com\/pascal.oberson.1?fref=ts","https:\/\/fr.linkedin.com\/in\/pascal-oberson-b17045113"],"url":"https:\/\/newsestlyonnais.fr\/site\/author\/nel\/"}]}},"_links":{"self":[{"href":"https:\/\/newsestlyonnais.fr\/site\/wp-json\/wp\/v2\/posts\/152804","targetHints":{"allow":["GET"]}}],"collection":[{"href":"https:\/\/newsestlyonnais.fr\/site\/wp-json\/wp\/v2\/posts"}],"about":[{"href":"https:\/\/newsestlyonnais.fr\/site\/wp-json\/wp\/v2\/types\/post"}],"author":[{"embeddable":true,"href":"https:\/\/newsestlyonnais.fr\/site\/wp-json\/wp\/v2\/users\/4"}],"replies":[{"embeddable":true,"href":"https:\/\/newsestlyonnais.fr\/site\/wp-json\/wp\/v2\/comments?post=152804"}],"version-history":[{"count":0,"href":"https:\/\/newsestlyonnais.fr\/site\/wp-json\/wp\/v2\/posts\/152804\/revisions"}],"wp:featuredmedia":[{"embeddable":true,"href":"https:\/\/newsestlyonnais.fr\/site\/wp-json\/wp\/v2\/media\/152810"}],"wp:attachment":[{"href":"https:\/\/newsestlyonnais.fr\/site\/wp-json\/wp\/v2\/media?parent=152804"}],"wp:term":[{"taxonomy":"category","embeddable":true,"href":"https:\/\/newsestlyonnais.fr\/site\/wp-json\/wp\/v2\/categories?post=152804"},{"taxonomy":"post_tag","embeddable":true,"href":"https:\/\/newsestlyonnais.fr\/site\/wp-json\/wp\/v2\/tags?post=152804"}],"curies":[{"name":"wp","href":"https:\/\/api.w.org\/{rel}","templated":true}]}}