{"id":152941,"date":"2022-04-18T17:29:47","date_gmt":"2022-04-18T16:29:47","guid":{"rendered":"https:\/\/newsestlyonnais.fr\/site\/?p=152941"},"modified":"2022-04-18T17:29:47","modified_gmt":"2022-04-18T16:29:47","slug":"pierre-giacomin-je-souhaite-maintenir-le-devoir-de-memoire-sur-le-territoire-de-lest-lyonnais","status":"publish","type":"post","link":"https:\/\/newsestlyonnais.fr\/site\/2022\/04\/18\/pierre-giacomin-je-souhaite-maintenir-le-devoir-de-memoire-sur-le-territoire-de-lest-lyonnais\/","title":{"rendered":"Pierre Giacomin \u00ab\u00a0je souhaite maintenir le devoir de m\u00e9moire sur le territoire de l&rsquo;Est Lyonnais\u00a0\u00bb"},"content":{"rendered":"<p><span style=\"background-color: #000000; color: #ffffff; font-size: 14pt;\"><strong>Depuis quand faites vous partie de l&rsquo;association ?<\/strong><\/span><\/p>\n<p>\u00ab <strong>Je n&rsquo;ai rien combattu mais j&rsquo;\u00e9tais adh\u00e9rent depuis 2014 comme soldat de France<\/strong>.<\/p>\n<p>J&rsquo;occupais la vice-pr\u00e9sidence depuis 2020 et j&rsquo;en suis devenu le pr\u00e9sident, lors de l&rsquo;assembl\u00e9e g\u00e9n\u00e9rale de janvier 2021. J&rsquo;ai succ\u00e9d\u00e9 \u00e0 Didier Huchette, en place durant 3 ans et qui a quitt\u00e9 la r\u00e9gion. Je ne voulais pas sp\u00e9cialement l&rsquo;\u00eatre mais il en fallait un et j&rsquo;ai \u00e9t\u00e9 sollicit\u00e9 par des membres.<\/p>\n<p><strong>Personne ne voulait prendre la place et s&rsquo;il n&rsquo; y avait plus de bureau, l&rsquo;association allait disparaitre.<\/strong> Je l&rsquo;ai fait pour maintenir le devoir de m\u00e9moire et en hommage \u00e0 son fondateur, Jean-Louis Mabrut, d\u00e9c\u00e9d\u00e9 en 2020 et qui avait aussi \u00e9t\u00e9 pr\u00e9sident de l&rsquo;UNC du Rh\u00f4ne \u00bb.<\/p>\n<p><span style=\"background-color: #000000; color: #ffffff; font-size: 14pt;\"><strong>Comment est constitu\u00e9 le bureau de l&rsquo;UNC locale ?<\/strong><\/span><\/p>\n<p>\u00bb Il a \u00e9t\u00e9 renouvel\u00e9 lors de notre assembl\u00e9e g\u00e9n\u00e9rale de f\u00e9vrier dernier. Il est compos\u00e9 d&rsquo;un vice-pr\u00e9sident (Fernand Rouget), d&rsquo;un tr\u00e9sorier (Ren\u00e9 Pillet), d&rsquo;une secr\u00e9taire (Jo\u00eblle Cointet) et de membres sympathisants (Paule Moureu et Paulette Brosselin) \u00ab.<\/p>\n<hr \/>\n<p><strong><span style=\"background-color: #000000; color: #ffffff; font-size: 14pt;\">Combien d&rsquo;adh\u00e9rents recens\u00e9s \u00e0 ce jour ?<\/span><br \/>\n<\/strong><\/p>\n<p>\u00bb Comme dans toute association, <strong>les combattants prennent de l&rsquo;\u00e2ge et on en perd d&rsquo;ann\u00e9e en ann\u00e9e<\/strong>. Et heureusement que depuis que le service militaire a disparu on a consid\u00e9r\u00e9 les Soldats de France comme des combattants.<\/p>\n<p><strong>Nous \u00e9tions 119 adh\u00e9rents en 2019, 99 en 2020, 79 en 2021 et cette ann\u00e9e nous ne sommes plus que 50.<\/strong><\/p>\n<p>Que s&rsquo;est il pass\u00e9 ? il n&rsquo; y a plus de combattants de 39\/45 ni d&rsquo;Indochine, il reste ceux qui ont combattu en Alg\u00e9rie, Tunisie et Maroc. On a eu de la chance sur les deux derni\u00e8res ann\u00e9es avec peu de d\u00e9c\u00e8s, dont un seul du covid. Par contre on a connu une baisse, d&rsquo;une dizaine de pensionn\u00e9s militaires des classes 62 et 64, qui avaient adh\u00e9r\u00e9 \u00e0 l&rsquo;UNC et n&rsquo;ont pas renouvel\u00e9 leur adh\u00e9sion. On a aussi perdu une trentaine (ils ne sont plus que 2) de Soldats de France qui avaient rejoint la section quand Jean-Louis Mabrut l&rsquo;a cr\u00e9\u00e9e et qui n&rsquo;ont pas repris leur cotisation.<\/p>\n<p>On a pu recruter quelques militaires de carri\u00e8re qui ont fait des op\u00e9rations ext\u00e9rieures (OPEX) \u00e0 Djibouti, ex-Yougoslavie, Tchad et Liban. On va faire des relances mais si on est 60, ce sera le bout du monde ! \u00ab <strong><br \/>\n<\/strong><\/p>\n<hr \/>\n<p><span style=\"background-color: #000000; color: #ffffff; font-size: 14pt;\"><strong>Cette baisse est-elle g\u00e9n\u00e9rale ?<\/strong><\/span><\/p>\n<p>\u00bb Oui, il y a 18 sections de l&rsquo;UNC sur le d\u00e9partement du Rh\u00f4ne et il y a une baisse constat\u00e9e des effectifs aux alentours de 1.000 adh\u00e9rents.<\/p>\n<p>I<strong>l serait bien de se regrouper avec les associations voisines<\/strong> comme Saint-Priest, Chassieu et Colombier-Saugnieu. <strong>Ceci pour maintenir le devoir de m\u00e9moire sur tout le territoire de l&rsquo;Est Lyonnais<\/strong> \u00bb .<\/p>\n<hr \/>\n<p><span style=\"background-color: #000000; color: #ffffff; font-size: 14pt;\"><strong>Quelles sont vos actions tout au long de l&rsquo;ann\u00e9e ?<\/strong><\/span><\/p>\n<p>\u00bb Pour justement perp\u00e9trer ce devoir de m\u00e9moire que je viens d&rsquo;\u00e9voquer, <strong>on participe aux deux comm\u00e9morations officielles tenues sur la commune (8 mai et 11 novembre) et le 5 d\u00e9cembre, \u00e0 la Journ\u00e9e de comm\u00e9moration de la guerre d&rsquo;Alg\u00e9rie<\/strong> au cimeti\u00e8re d&rsquo;Azieu. Mais malheureusement ces comm\u00e9morations ont toutes \u00e9t\u00e9 annul\u00e9es en 2020 et 2021.<\/p>\n<p>En octobre 2021, on a men\u00e9 une action avec l&rsquo;UMAC, autre association locale d&rsquo;anciens combattants pr\u00e9sid\u00e9e par Daniel Lortet : un spectacle \u00ab\u00a0hommage aux poilus\u00a0\u00bb qui a attir\u00e9 250 personnes.<\/p>\n<p>On va emmener en car, les 23 et 24 juin prochains <strong>\u00e0 la maison d&rsquo;Izieu<\/strong>, 4 classes de CM2, soit environ 200 \u00e9l\u00e8ves. <strong>Il faut apprendre aux jeunes de 12 ans ce qu&rsquo;a \u00e9t\u00e9 cette trag\u00e9die<\/strong>. C&rsquo;est notre d\u00e9pense la plus importante de l&rsquo;ann\u00e9e qui est financ\u00e9e par notre participation \u00e0 la restauration (buvette et repas de midi) dont nous avons la charge lors du salon des artisans organis\u00e9 par Agisse.<\/p>\n<p>On a d&rsquo;autre part <strong>une section \u00ab\u00a0porte-drapeaux\u00a0\u00bb<\/strong> qui fait partie de l&rsquo;association nationale et repr\u00e9sent\u00e9e par Ren\u00e9 Pillet (84 ans). Elle a pour mission d&rsquo;assister aux enterrements sur tout le d\u00e9partement du Rh\u00f4ne lorsqu&rsquo;un membre d&rsquo;une section d\u00e9c\u00e8de. Parmi eux on compte 3 jeunes genassiens (Samuel Siaud, Marin D\u00e9biteur et Mathilde Brunaux). <strong>On souhaiterait qu&rsquo;ils prennent la rel\u00e8ve et puissent avoir un statut<\/strong>, cela a \u00e9t\u00e9 propos\u00e9 au niveau d\u00e9partemental et une commission a \u00e9t\u00e9 ouverte \u00e0 l&rsquo;UNC Paris \u00bb.<\/p>\n<hr \/>\n<p><span style=\"background-color: #000000; color: #ffffff; font-size: 14pt;\"><strong>Et pour conclure ?<\/strong><\/span><\/p>\n<p>\u00bb <strong>On a plein de projets, tous dans le devoir de m\u00e9moire et l&rsquo;aide aux combattants<\/strong>.<\/p>\n<p>Enfin, on accueille tous ceux qui ont fait l&rsquo;arm\u00e9e, les Opex, gendarmes \u00e0 la retraite, tous sympathisants \u00e0 partir de 18 ans et connaissant les valeurs militaires \u00bb .<\/p>\n<hr \/>\n<p><em><strong>&gt;&gt; <span style=\"background-color: #000000; color: #ffcc00;\">Contact : <\/span><\/strong><\/em><strong><span style=\"background-color: #000000; color: #ffcc00;\">UNC (Union Nationale des Combattants de Genas)<\/span> \/ <\/strong>13, all\u00e9e des Platanes \/ Genas<br \/>\nPr\u00e9sident : Pierre Giacomin \/ <strong><span style=\"color: #000000;\">T\u00e9l<\/span><\/strong>. 06 25 23 12 42 \/ <strong>Mail<\/strong> : <a href=\"mailto:unc69.genas.prdt@gmail.com\"><span style=\"color: #0000ff;\">unc69.genas.prdt@gmail.com<\/span>\u00a0<\/a><\/p>\n<hr \/>\n<hr \/>\n<p><img loading=\"lazy\" decoding=\"async\" class=\"aligncenter size-large wp-image-153303\" src=\"https:\/\/newsestlyonnais.fr\/site\/wp-content\/uploads\/2022\/04\/20211111_103008-650x488.jpg\" alt=\"\" width=\"650\" height=\"488\" srcset=\"https:\/\/newsestlyonnais.fr\/site\/wp-content\/uploads\/2022\/04\/20211111_103008-650x488.jpg 650w, https:\/\/newsestlyonnais.fr\/site\/wp-content\/uploads\/2022\/04\/20211111_103008-400x300.jpg 400w, https:\/\/newsestlyonnais.fr\/site\/wp-content\/uploads\/2022\/04\/20211111_103008-250x188.jpg 250w, https:\/\/newsestlyonnais.fr\/site\/wp-content\/uploads\/2022\/04\/20211111_103008-768x576.jpg 768w, https:\/\/newsestlyonnais.fr\/site\/wp-content\/uploads\/2022\/04\/20211111_103008-150x113.jpg 150w, https:\/\/newsestlyonnais.fr\/site\/wp-content\/uploads\/2022\/04\/20211111_103008-50x38.jpg 50w, https:\/\/newsestlyonnais.fr\/site\/wp-content\/uploads\/2022\/04\/20211111_103008-100x75.jpg 100w, https:\/\/newsestlyonnais.fr\/site\/wp-content\/uploads\/2022\/04\/20211111_103008-200x150.jpg 200w, https:\/\/newsestlyonnais.fr\/site\/wp-content\/uploads\/2022\/04\/20211111_103008-300x225.jpg 300w, https:\/\/newsestlyonnais.fr\/site\/wp-content\/uploads\/2022\/04\/20211111_103008-350x263.jpg 350w, https:\/\/newsestlyonnais.fr\/site\/wp-content\/uploads\/2022\/04\/20211111_103008-450x338.jpg 450w, https:\/\/newsestlyonnais.fr\/site\/wp-content\/uploads\/2022\/04\/20211111_103008-500x375.jpg 500w, https:\/\/newsestlyonnais.fr\/site\/wp-content\/uploads\/2022\/04\/20211111_103008-550x413.jpg 550w, https:\/\/newsestlyonnais.fr\/site\/wp-content\/uploads\/2022\/04\/20211111_103008-800x600.jpg 800w, https:\/\/newsestlyonnais.fr\/site\/wp-content\/uploads\/2022\/04\/20211111_103008.jpg 1200w\" sizes=\"auto, (max-width: 650px) 100vw, 650px\" \/><\/p>\n","protected":false},"excerpt":{"rendered":"<p>Pr\u00e9sident de l&rsquo;Union Nationale des Combattants de Genas depuis janvier 2021, il \u00e9voque les probl\u00e8mes et projets d&rsquo;une association en forte baisse d&rsquo;effectif.<\/p>\n","protected":false},"author":4,"featured_media":152943,"comment_status":"open","ping_status":"open","sticky":false,"template":"","format":"standard","meta":{"footnotes":""},"categories":[270,1598,3348,137,1219],"tags":[2674,2005,4235,2673],"class_list":["post-152941","post","type-post","status-publish","format-standard","has-post-thumbnail","hentry","category-cte-de-communes-c-c-e-l","category-genas","category-histoire-patrimoine","category-interviews","category-religion-seniors-souvenir","tag-anciens-combattants","tag-genas","tag-pierre-giacomin","tag-unc"],"yoast_head":"<!-- This site is optimized with the Yoast SEO plugin v27.2 - https:\/\/yoast.com\/product\/yoast-seo-wordpress\/ -->\n<title>Pierre Giacomin &quot;je souhaite maintenir le devoir de m\u00e9moire sur le territoire de l&#039;Est Lyonnais&quot; - News Est Lyonnais<\/title>\n<meta name=\"description\" content=\"Pierre Giacomin &quot;je souhaite maintenir le devoir de m\u00e9moire sur le territoire de l&#039;Est Lyonnais&quot;\" \/>\n<meta name=\"robots\" content=\"index, follow, max-snippet:-1, max-image-preview:large, max-video-preview:-1\" \/>\n<link rel=\"canonical\" href=\"https:\/\/newsestlyonnais.fr\/site\/2022\/04\/18\/pierre-giacomin-je-souhaite-maintenir-le-devoir-de-memoire-sur-le-territoire-de-lest-lyonnais\/\" \/>\n<meta property=\"og:locale\" content=\"fr_FR\" \/>\n<meta property=\"og:type\" content=\"article\" \/>\n<meta property=\"og:title\" content=\"Pierre Giacomin &quot;je souhaite maintenir le devoir de m\u00e9moire sur le territoire de l&#039;Est Lyonnais&quot; - News Est Lyonnais\" \/>\n<meta property=\"og:description\" content=\"Pierre Giacomin &quot;je souhaite maintenir le devoir de m\u00e9moire sur le territoire de l&#039;Est Lyonnais&quot;\" \/>\n<meta property=\"og:url\" content=\"https:\/\/newsestlyonnais.fr\/site\/2022\/04\/18\/pierre-giacomin-je-souhaite-maintenir-le-devoir-de-memoire-sur-le-territoire-de-lest-lyonnais\/\" \/>\n<meta property=\"og:site_name\" content=\"News Est Lyonnais\" \/>\n<meta property=\"article:author\" content=\"https:\/\/www.facebook.com\/pascal.oberson.1?fref=ts\" \/>\n<meta property=\"article:published_time\" content=\"2022-04-18T16:29:47+00:00\" \/>\n<meta property=\"og:image\" content=\"https:\/\/newsestlyonnais.fr\/site\/wp-content\/uploads\/2022\/04\/P1470016.jpg\" \/>\n\t<meta property=\"og:image:width\" content=\"2048\" \/>\n\t<meta property=\"og:image:height\" content=\"1536\" \/>\n\t<meta property=\"og:image:type\" content=\"image\/jpeg\" \/>\n<meta name=\"author\" content=\"R\u00e9dac. NEWS\" \/>\n<meta name=\"twitter:card\" content=\"summary_large_image\" \/>\n<meta name=\"twitter:label1\" content=\"\u00c9crit par\" \/>\n\t<meta name=\"twitter:data1\" content=\"R\u00e9dac. NEWS\" \/>\n\t<meta name=\"twitter:label2\" content=\"Dur\u00e9e de lecture estim\u00e9e\" \/>\n\t<meta name=\"twitter:data2\" content=\"5 minutes\" \/>\n<script type=\"application\/ld+json\" class=\"yoast-schema-graph\">{\"@context\":\"https:\/\/schema.org\",\"@graph\":[{\"@type\":\"Article\",\"@id\":\"https:\/\/newsestlyonnais.fr\/site\/2022\/04\/18\/pierre-giacomin-je-souhaite-maintenir-le-devoir-de-memoire-sur-le-territoire-de-lest-lyonnais\/#article\",\"isPartOf\":{\"@id\":\"https:\/\/newsestlyonnais.fr\/site\/2022\/04\/18\/pierre-giacomin-je-souhaite-maintenir-le-devoir-de-memoire-sur-le-territoire-de-lest-lyonnais\/\"},\"author\":{\"name\":\"R\u00e9dac. NEWS\",\"@id\":\"https:\/\/newsestlyonnais.fr\/site\/#\/schema\/person\/3230d5615f390bb808365d673001e887\"},\"headline\":\"Pierre Giacomin \u00ab\u00a0je souhaite maintenir le devoir de m\u00e9moire sur le territoire de l&rsquo;Est Lyonnais\u00a0\u00bb\",\"datePublished\":\"2022-04-18T16:29:47+00:00\",\"mainEntityOfPage\":{\"@id\":\"https:\/\/newsestlyonnais.fr\/site\/2022\/04\/18\/pierre-giacomin-je-souhaite-maintenir-le-devoir-de-memoire-sur-le-territoire-de-lest-lyonnais\/\"},\"wordCount\":841,\"commentCount\":0,\"publisher\":{\"@id\":\"https:\/\/newsestlyonnais.fr\/site\/#organization\"},\"image\":{\"@id\":\"https:\/\/newsestlyonnais.fr\/site\/2022\/04\/18\/pierre-giacomin-je-souhaite-maintenir-le-devoir-de-memoire-sur-le-territoire-de-lest-lyonnais\/#primaryimage\"},\"thumbnailUrl\":\"https:\/\/newsestlyonnais.fr\/site\/wp-content\/uploads\/2022\/04\/P1470016.jpg\",\"keywords\":[\"ANCIENS COMBATTANTS\",\"GENAS\",\"Pierre Giacomin\",\"UNC\"],\"articleSection\":[\"CCEL | Communes\",\"Genas\",\"Histoire | Patrimoine\",\"Interviews\",\"Religion | Seniors | Souvenir\"],\"inLanguage\":\"fr-FR\",\"potentialAction\":[{\"@type\":\"CommentAction\",\"name\":\"Comment\",\"target\":[\"https:\/\/newsestlyonnais.fr\/site\/2022\/04\/18\/pierre-giacomin-je-souhaite-maintenir-le-devoir-de-memoire-sur-le-territoire-de-lest-lyonnais\/#respond\"]}]},{\"@type\":\"WebPage\",\"@id\":\"https:\/\/newsestlyonnais.fr\/site\/2022\/04\/18\/pierre-giacomin-je-souhaite-maintenir-le-devoir-de-memoire-sur-le-territoire-de-lest-lyonnais\/\",\"url\":\"https:\/\/newsestlyonnais.fr\/site\/2022\/04\/18\/pierre-giacomin-je-souhaite-maintenir-le-devoir-de-memoire-sur-le-territoire-de-lest-lyonnais\/\",\"name\":\"Pierre Giacomin \\\"je souhaite maintenir le devoir de m\u00e9moire sur le territoire de l'Est Lyonnais\\\" - News Est Lyonnais\",\"isPartOf\":{\"@id\":\"https:\/\/newsestlyonnais.fr\/site\/#website\"},\"primaryImageOfPage\":{\"@id\":\"https:\/\/newsestlyonnais.fr\/site\/2022\/04\/18\/pierre-giacomin-je-souhaite-maintenir-le-devoir-de-memoire-sur-le-territoire-de-lest-lyonnais\/#primaryimage\"},\"image\":{\"@id\":\"https:\/\/newsestlyonnais.fr\/site\/2022\/04\/18\/pierre-giacomin-je-souhaite-maintenir-le-devoir-de-memoire-sur-le-territoire-de-lest-lyonnais\/#primaryimage\"},\"thumbnailUrl\":\"https:\/\/newsestlyonnais.fr\/site\/wp-content\/uploads\/2022\/04\/P1470016.jpg\",\"datePublished\":\"2022-04-18T16:29:47+00:00\",\"description\":\"Pierre Giacomin \\\"je souhaite maintenir le devoir de m\u00e9moire sur le territoire de l'Est Lyonnais\\\"\",\"breadcrumb\":{\"@id\":\"https:\/\/newsestlyonnais.fr\/site\/2022\/04\/18\/pierre-giacomin-je-souhaite-maintenir-le-devoir-de-memoire-sur-le-territoire-de-lest-lyonnais\/#breadcrumb\"},\"inLanguage\":\"fr-FR\",\"potentialAction\":[{\"@type\":\"ReadAction\",\"target\":[\"https:\/\/newsestlyonnais.fr\/site\/2022\/04\/18\/pierre-giacomin-je-souhaite-maintenir-le-devoir-de-memoire-sur-le-territoire-de-lest-lyonnais\/\"]}]},{\"@type\":\"ImageObject\",\"inLanguage\":\"fr-FR\",\"@id\":\"https:\/\/newsestlyonnais.fr\/site\/2022\/04\/18\/pierre-giacomin-je-souhaite-maintenir-le-devoir-de-memoire-sur-le-territoire-de-lest-lyonnais\/#primaryimage\",\"url\":\"https:\/\/newsestlyonnais.fr\/site\/wp-content\/uploads\/2022\/04\/P1470016.jpg\",\"contentUrl\":\"https:\/\/newsestlyonnais.fr\/site\/wp-content\/uploads\/2022\/04\/P1470016.jpg\",\"width\":2048,\"height\":1536},{\"@type\":\"BreadcrumbList\",\"@id\":\"https:\/\/newsestlyonnais.fr\/site\/2022\/04\/18\/pierre-giacomin-je-souhaite-maintenir-le-devoir-de-memoire-sur-le-territoire-de-lest-lyonnais\/#breadcrumb\",\"itemListElement\":[{\"@type\":\"ListItem\",\"position\":1,\"name\":\"Accueil\",\"item\":\"https:\/\/newsestlyonnais.fr\/site\/\"},{\"@type\":\"ListItem\",\"position\":2,\"name\":\"Pierre Giacomin \u00ab\u00a0je souhaite maintenir le devoir de m\u00e9moire sur le territoire de l&rsquo;Est Lyonnais\u00a0\u00bb\"}]},{\"@type\":\"WebSite\",\"@id\":\"https:\/\/newsestlyonnais.fr\/site\/#website\",\"url\":\"https:\/\/newsestlyonnais.fr\/site\/\",\"name\":\"News Est Lyonnais\",\"description\":\"L&#039;actualit\u00e9 au plus pr\u00e8s\",\"publisher\":{\"@id\":\"https:\/\/newsestlyonnais.fr\/site\/#organization\"},\"potentialAction\":[{\"@type\":\"SearchAction\",\"target\":{\"@type\":\"EntryPoint\",\"urlTemplate\":\"https:\/\/newsestlyonnais.fr\/site\/?s={search_term_string}\"},\"query-input\":{\"@type\":\"PropertyValueSpecification\",\"valueRequired\":true,\"valueName\":\"search_term_string\"}}],\"inLanguage\":\"fr-FR\"},{\"@type\":\"Organization\",\"@id\":\"https:\/\/newsestlyonnais.fr\/site\/#organization\",\"name\":\"News EST LYONNAIS\",\"url\":\"https:\/\/newsestlyonnais.fr\/site\/\",\"logo\":{\"@type\":\"ImageObject\",\"inLanguage\":\"fr-FR\",\"@id\":\"https:\/\/newsestlyonnais.fr\/site\/#\/schema\/logo\/image\/\",\"url\":\"\",\"contentUrl\":\"\",\"caption\":\"News EST LYONNAIS\"},\"image\":{\"@id\":\"https:\/\/newsestlyonnais.fr\/site\/#\/schema\/logo\/image\/\"}},{\"@type\":\"Person\",\"@id\":\"https:\/\/newsestlyonnais.fr\/site\/#\/schema\/person\/3230d5615f390bb808365d673001e887\",\"name\":\"R\u00e9dac. NEWS\",\"sameAs\":[\"http:\/\/www.newsestlyonnais.fr\",\"https:\/\/www.facebook.com\/pascal.oberson.1?fref=ts\",\"https:\/\/fr.linkedin.com\/in\/pascal-oberson-b17045113\"],\"url\":\"https:\/\/newsestlyonnais.fr\/site\/author\/nel\/\"}]}<\/script>\n<!-- \/ Yoast SEO plugin. -->","yoast_head_json":{"title":"Pierre Giacomin \"je souhaite maintenir le devoir de m\u00e9moire sur le territoire de l'Est Lyonnais\" - News Est Lyonnais","description":"Pierre Giacomin \"je souhaite maintenir le devoir de m\u00e9moire sur le territoire de l'Est Lyonnais\"","robots":{"index":"index","follow":"follow","max-snippet":"max-snippet:-1","max-image-preview":"max-image-preview:large","max-video-preview":"max-video-preview:-1"},"canonical":"https:\/\/newsestlyonnais.fr\/site\/2022\/04\/18\/pierre-giacomin-je-souhaite-maintenir-le-devoir-de-memoire-sur-le-territoire-de-lest-lyonnais\/","og_locale":"fr_FR","og_type":"article","og_title":"Pierre Giacomin \"je souhaite maintenir le devoir de m\u00e9moire sur le territoire de l'Est Lyonnais\" - News Est Lyonnais","og_description":"Pierre Giacomin \"je souhaite maintenir le devoir de m\u00e9moire sur le territoire de l'Est Lyonnais\"","og_url":"https:\/\/newsestlyonnais.fr\/site\/2022\/04\/18\/pierre-giacomin-je-souhaite-maintenir-le-devoir-de-memoire-sur-le-territoire-de-lest-lyonnais\/","og_site_name":"News Est Lyonnais","article_author":"https:\/\/www.facebook.com\/pascal.oberson.1?fref=ts","article_published_time":"2022-04-18T16:29:47+00:00","og_image":[{"width":2048,"height":1536,"url":"https:\/\/newsestlyonnais.fr\/site\/wp-content\/uploads\/2022\/04\/P1470016.jpg","type":"image\/jpeg"}],"author":"R\u00e9dac. NEWS","twitter_card":"summary_large_image","twitter_misc":{"\u00c9crit par":"R\u00e9dac. NEWS","Dur\u00e9e de lecture estim\u00e9e":"5 minutes"},"schema":{"@context":"https:\/\/schema.org","@graph":[{"@type":"Article","@id":"https:\/\/newsestlyonnais.fr\/site\/2022\/04\/18\/pierre-giacomin-je-souhaite-maintenir-le-devoir-de-memoire-sur-le-territoire-de-lest-lyonnais\/#article","isPartOf":{"@id":"https:\/\/newsestlyonnais.fr\/site\/2022\/04\/18\/pierre-giacomin-je-souhaite-maintenir-le-devoir-de-memoire-sur-le-territoire-de-lest-lyonnais\/"},"author":{"name":"R\u00e9dac. NEWS","@id":"https:\/\/newsestlyonnais.fr\/site\/#\/schema\/person\/3230d5615f390bb808365d673001e887"},"headline":"Pierre Giacomin \u00ab\u00a0je souhaite maintenir le devoir de m\u00e9moire sur le territoire de l&rsquo;Est Lyonnais\u00a0\u00bb","datePublished":"2022-04-18T16:29:47+00:00","mainEntityOfPage":{"@id":"https:\/\/newsestlyonnais.fr\/site\/2022\/04\/18\/pierre-giacomin-je-souhaite-maintenir-le-devoir-de-memoire-sur-le-territoire-de-lest-lyonnais\/"},"wordCount":841,"commentCount":0,"publisher":{"@id":"https:\/\/newsestlyonnais.fr\/site\/#organization"},"image":{"@id":"https:\/\/newsestlyonnais.fr\/site\/2022\/04\/18\/pierre-giacomin-je-souhaite-maintenir-le-devoir-de-memoire-sur-le-territoire-de-lest-lyonnais\/#primaryimage"},"thumbnailUrl":"https:\/\/newsestlyonnais.fr\/site\/wp-content\/uploads\/2022\/04\/P1470016.jpg","keywords":["ANCIENS COMBATTANTS","GENAS","Pierre Giacomin","UNC"],"articleSection":["CCEL | Communes","Genas","Histoire | Patrimoine","Interviews","Religion | Seniors | Souvenir"],"inLanguage":"fr-FR","potentialAction":[{"@type":"CommentAction","name":"Comment","target":["https:\/\/newsestlyonnais.fr\/site\/2022\/04\/18\/pierre-giacomin-je-souhaite-maintenir-le-devoir-de-memoire-sur-le-territoire-de-lest-lyonnais\/#respond"]}]},{"@type":"WebPage","@id":"https:\/\/newsestlyonnais.fr\/site\/2022\/04\/18\/pierre-giacomin-je-souhaite-maintenir-le-devoir-de-memoire-sur-le-territoire-de-lest-lyonnais\/","url":"https:\/\/newsestlyonnais.fr\/site\/2022\/04\/18\/pierre-giacomin-je-souhaite-maintenir-le-devoir-de-memoire-sur-le-territoire-de-lest-lyonnais\/","name":"Pierre Giacomin \"je souhaite maintenir le devoir de m\u00e9moire sur le territoire de l'Est Lyonnais\" - News Est Lyonnais","isPartOf":{"@id":"https:\/\/newsestlyonnais.fr\/site\/#website"},"primaryImageOfPage":{"@id":"https:\/\/newsestlyonnais.fr\/site\/2022\/04\/18\/pierre-giacomin-je-souhaite-maintenir-le-devoir-de-memoire-sur-le-territoire-de-lest-lyonnais\/#primaryimage"},"image":{"@id":"https:\/\/newsestlyonnais.fr\/site\/2022\/04\/18\/pierre-giacomin-je-souhaite-maintenir-le-devoir-de-memoire-sur-le-territoire-de-lest-lyonnais\/#primaryimage"},"thumbnailUrl":"https:\/\/newsestlyonnais.fr\/site\/wp-content\/uploads\/2022\/04\/P1470016.jpg","datePublished":"2022-04-18T16:29:47+00:00","description":"Pierre Giacomin \"je souhaite maintenir le devoir de m\u00e9moire sur le territoire de l'Est Lyonnais\"","breadcrumb":{"@id":"https:\/\/newsestlyonnais.fr\/site\/2022\/04\/18\/pierre-giacomin-je-souhaite-maintenir-le-devoir-de-memoire-sur-le-territoire-de-lest-lyonnais\/#breadcrumb"},"inLanguage":"fr-FR","potentialAction":[{"@type":"ReadAction","target":["https:\/\/newsestlyonnais.fr\/site\/2022\/04\/18\/pierre-giacomin-je-souhaite-maintenir-le-devoir-de-memoire-sur-le-territoire-de-lest-lyonnais\/"]}]},{"@type":"ImageObject","inLanguage":"fr-FR","@id":"https:\/\/newsestlyonnais.fr\/site\/2022\/04\/18\/pierre-giacomin-je-souhaite-maintenir-le-devoir-de-memoire-sur-le-territoire-de-lest-lyonnais\/#primaryimage","url":"https:\/\/newsestlyonnais.fr\/site\/wp-content\/uploads\/2022\/04\/P1470016.jpg","contentUrl":"https:\/\/newsestlyonnais.fr\/site\/wp-content\/uploads\/2022\/04\/P1470016.jpg","width":2048,"height":1536},{"@type":"BreadcrumbList","@id":"https:\/\/newsestlyonnais.fr\/site\/2022\/04\/18\/pierre-giacomin-je-souhaite-maintenir-le-devoir-de-memoire-sur-le-territoire-de-lest-lyonnais\/#breadcrumb","itemListElement":[{"@type":"ListItem","position":1,"name":"Accueil","item":"https:\/\/newsestlyonnais.fr\/site\/"},{"@type":"ListItem","position":2,"name":"Pierre Giacomin \u00ab\u00a0je souhaite maintenir le devoir de m\u00e9moire sur le territoire de l&rsquo;Est Lyonnais\u00a0\u00bb"}]},{"@type":"WebSite","@id":"https:\/\/newsestlyonnais.fr\/site\/#website","url":"https:\/\/newsestlyonnais.fr\/site\/","name":"News Est Lyonnais","description":"L&#039;actualit\u00e9 au plus pr\u00e8s","publisher":{"@id":"https:\/\/newsestlyonnais.fr\/site\/#organization"},"potentialAction":[{"@type":"SearchAction","target":{"@type":"EntryPoint","urlTemplate":"https:\/\/newsestlyonnais.fr\/site\/?s={search_term_string}"},"query-input":{"@type":"PropertyValueSpecification","valueRequired":true,"valueName":"search_term_string"}}],"inLanguage":"fr-FR"},{"@type":"Organization","@id":"https:\/\/newsestlyonnais.fr\/site\/#organization","name":"News EST LYONNAIS","url":"https:\/\/newsestlyonnais.fr\/site\/","logo":{"@type":"ImageObject","inLanguage":"fr-FR","@id":"https:\/\/newsestlyonnais.fr\/site\/#\/schema\/logo\/image\/","url":"","contentUrl":"","caption":"News EST LYONNAIS"},"image":{"@id":"https:\/\/newsestlyonnais.fr\/site\/#\/schema\/logo\/image\/"}},{"@type":"Person","@id":"https:\/\/newsestlyonnais.fr\/site\/#\/schema\/person\/3230d5615f390bb808365d673001e887","name":"R\u00e9dac. NEWS","sameAs":["http:\/\/www.newsestlyonnais.fr","https:\/\/www.facebook.com\/pascal.oberson.1?fref=ts","https:\/\/fr.linkedin.com\/in\/pascal-oberson-b17045113"],"url":"https:\/\/newsestlyonnais.fr\/site\/author\/nel\/"}]}},"_links":{"self":[{"href":"https:\/\/newsestlyonnais.fr\/site\/wp-json\/wp\/v2\/posts\/152941","targetHints":{"allow":["GET"]}}],"collection":[{"href":"https:\/\/newsestlyonnais.fr\/site\/wp-json\/wp\/v2\/posts"}],"about":[{"href":"https:\/\/newsestlyonnais.fr\/site\/wp-json\/wp\/v2\/types\/post"}],"author":[{"embeddable":true,"href":"https:\/\/newsestlyonnais.fr\/site\/wp-json\/wp\/v2\/users\/4"}],"replies":[{"embeddable":true,"href":"https:\/\/newsestlyonnais.fr\/site\/wp-json\/wp\/v2\/comments?post=152941"}],"version-history":[{"count":0,"href":"https:\/\/newsestlyonnais.fr\/site\/wp-json\/wp\/v2\/posts\/152941\/revisions"}],"wp:featuredmedia":[{"embeddable":true,"href":"https:\/\/newsestlyonnais.fr\/site\/wp-json\/wp\/v2\/media\/152943"}],"wp:attachment":[{"href":"https:\/\/newsestlyonnais.fr\/site\/wp-json\/wp\/v2\/media?parent=152941"}],"wp:term":[{"taxonomy":"category","embeddable":true,"href":"https:\/\/newsestlyonnais.fr\/site\/wp-json\/wp\/v2\/categories?post=152941"},{"taxonomy":"post_tag","embeddable":true,"href":"https:\/\/newsestlyonnais.fr\/site\/wp-json\/wp\/v2\/tags?post=152941"}],"curies":[{"name":"wp","href":"https:\/\/api.w.org\/{rel}","templated":true}]}}