{"id":15316,"date":"2016-11-04T07:00:04","date_gmt":"2016-11-04T06:00:04","guid":{"rendered":"http:\/\/newsestlyonnais.fr\/site\/?p=15316"},"modified":"2020-11-16T16:19:36","modified_gmt":"2020-11-16T15:19:36","slug":"villeurbanne-faire-week-end-commune","status":"publish","type":"post","link":"https:\/\/newsestlyonnais.fr\/site\/2016\/11\/04\/villeurbanne-faire-week-end-commune\/","title":{"rendered":"VILLEURBANNE | Que faire ce week-end sur la commune ?"},"content":{"rendered":"<h4>A noter parmi les nombreux \u00e9v\u00e8nements qui se d\u00e9rouleront sur Villeurbanne:<\/h4>\n<ul>\n<li><em><strong>Vendredi 4 novembre de 17 h \u00e0 19 h: (M\u00e9diath\u00e8que du Tonkin) : Caf\u00e9trico(th\u00e9)<br \/>\n<\/strong>Carr\u00e9s, \u00e9charpes pour les d\u00e9butants, gants, bonnets, chaussettes, pulls, etc\u2026 pour les initi\u00e9(e)s : tout peut \u00eatre int\u00e9ressant ! Il est ouvert \u00e0 tous, d\u00e9butants ou non : chacun devrait y trouver son compte. <\/em>Plus d&rsquo;infos sur<em>: <a href=\"http:\/\/mediatheques.villeurbanne.fr\/2016\/11\/ateliers-cafetricothe\/\" target=\"_blank\" rel=\"noopener noreferrer\">http:\/\/mediatheques.villeurbanne.fr\/2016\/11\/ateliers-cafetricothe\/<\/a><br \/>\n<\/em><\/li>\n<li><strong>Vendredi 4 novembre \u00e0 17 h 32, 18 h 32 ou 19 h 33<\/strong> (<strong>station de tram T3 Part-Dieu-Villette<\/strong>): <strong>Le long de l&rsquo;axe : Saison 2: <\/strong>KompleX Kapharna\u00fcM donne rendez-vous au public, \u00e0 la station de tram T3 Part-Dieu-Villette. Prendre, au choix, le tramway de 17 h 32, de 18 h 32 ou 19 h 33, pr\u00e9cises ! Et descendre \u00e0 D\u00e9cines Centre. Au programme, parcours p\u00e9destre, artistique et nocturne \u00e0 la lisi\u00e8re de la ville !<\/li>\n<li><strong><em>Samedi 5 novembre (Espace Double Mixte): <\/em><\/strong><em>Le <\/em><em><span style=\"text-decoration: underline\">15\u00e8me salon Studyrama Grandes Ecoles de Lyon<\/span> <\/em><em>est le rendez-vous \u00e0 ne pas manquer pour trouver sa Pr\u00e9pa, sa grande Ecole de Commerce, de Management ou d\u2019Ing\u00e9nieur . Retrouvez toutes les formations admissibles apr\u00e8s un Bac, une Pr\u00e9pa, ou un Bac+2\/3. <\/em>Plus d&rsquo;infos sur:<em> <a href=\"http:\/\/www.studyrama.com\/salons\/salon-studyrama-grandes-ecoles-de-lyon-14\" target=\"_blank\" rel=\"noopener noreferrer\">http:\/\/www.studyrama.com\/salons\/salon-studyrama-grandes-ecoles-de-lyon-14 <\/a><\/em><\/li>\n<li><em><em><strong>Jusqu&rsquo;au dimanche 6 novembre (\u00e0 l&rsquo;IAC) :Exposition &#8211; Jason Dodge.<\/strong> Vous avez jusqu&rsquo;au dimanche 6 novembre pour d\u00e9couvrir \u00ab\u00a0<em>Behind this machine anyone with a mind who cares can enter\u00a0\u00bb*.<\/em> Apr\u00e8s sa participation \u00e0 diff\u00e9rentes expositions collectives (1966-79, 2013, Dimensions variables, 2012), Jason Dodge r\u00e9alise sa plus importante exposition personnelle en France \u00e0 ce jour.<br \/>\n<em>*Derri\u00e8re cette machine tout esprit attentif peut entrer. Plus d&rsquo;infos sur: <a href=\"http:\/\/i-ac.eu\/fr\/expositions\/24_in-situ\/2016\/363_JASON-DODGE\" target=\"_blank\" rel=\"noopener noreferrer\">http:\/\/i-ac.eu\/fr\/expositions\/24_in-situ\/2016\/363_JASON-DODGE<\/a><br \/>\n<\/em><\/em><\/em><\/li>\n<\/ul>\n","protected":false},"excerpt":{"rendered":"<p>A noter parmi les nombreux \u00e9v\u00e8nements qui se d\u00e9rouleront sur Villeurbanne: Vendredi 4 novembre de 17 h \u00e0 19 h: (M\u00e9diath\u00e8que du Tonkin) : Caf\u00e9trico(th\u00e9) Carr\u00e9s, \u00e9charpes pour les d\u00e9butants, gants, bonnets, chaussettes, pulls, etc\u2026 pour les initi\u00e9(e)s : tout peut \u00eatre int\u00e9ressant ! Il est ouvert \u00e0 tous, d\u00e9butants ou non : chacun devrait [&hellip;]<\/p>\n","protected":false},"author":4,"featured_media":12277,"comment_status":"open","ping_status":"open","sticky":false,"template":"","format":"standard","meta":{"footnotes":""},"categories":[29],"tags":[],"class_list":["post-15316","post","type-post","status-publish","format-standard","has-post-thumbnail","hentry","category-villeurbanne"],"yoast_head":"<!-- This site is optimized with the Yoast SEO plugin v27.2 - https:\/\/yoast.com\/product\/yoast-seo-wordpress\/ -->\n<title>VILLEURBANNE | Que faire ce week-end sur la commune ? - News Est Lyonnais<\/title>\n<meta name=\"robots\" content=\"index, follow, max-snippet:-1, max-image-preview:large, max-video-preview:-1\" \/>\n<link rel=\"canonical\" href=\"https:\/\/newsestlyonnais.fr\/site\/2016\/11\/04\/villeurbanne-faire-week-end-commune\/\" \/>\n<meta property=\"og:locale\" content=\"fr_FR\" \/>\n<meta property=\"og:type\" content=\"article\" \/>\n<meta property=\"og:title\" content=\"VILLEURBANNE | Que faire ce week-end sur la commune ? - News Est Lyonnais\" \/>\n<meta property=\"og:description\" content=\"A noter parmi les nombreux \u00e9v\u00e8nements qui se d\u00e9rouleront sur Villeurbanne: Vendredi 4 novembre de 17 h \u00e0 19 h: (M\u00e9diath\u00e8que du Tonkin) : Caf\u00e9trico(th\u00e9) Carr\u00e9s, \u00e9charpes pour les d\u00e9butants, gants, bonnets, chaussettes, pulls, etc\u2026 pour les initi\u00e9(e)s : tout peut \u00eatre int\u00e9ressant ! Il est ouvert \u00e0 tous, d\u00e9butants ou non : chacun devrait [&hellip;]\" \/>\n<meta property=\"og:url\" content=\"https:\/\/newsestlyonnais.fr\/site\/2016\/11\/04\/villeurbanne-faire-week-end-commune\/\" \/>\n<meta property=\"og:site_name\" content=\"News Est Lyonnais\" \/>\n<meta property=\"article:author\" content=\"https:\/\/www.facebook.com\/pascal.oberson.1?fref=ts\" \/>\n<meta property=\"article:published_time\" content=\"2016-11-04T06:00:04+00:00\" \/>\n<meta property=\"article:modified_time\" content=\"2020-11-16T15:19:36+00:00\" \/>\n<meta property=\"og:image\" content=\"https:\/\/i0.wp.com\/newsestlyonnais.fr\/site\/wp-content\/uploads\/2016\/09\/NEWSESTLYONNAIS-PANNEAUVILLEURBANNE.jpg?fit=1000%2C750&ssl=1\" \/>\n\t<meta property=\"og:image:width\" content=\"1000\" \/>\n\t<meta property=\"og:image:height\" content=\"750\" \/>\n\t<meta property=\"og:image:type\" content=\"image\/jpeg\" \/>\n<meta name=\"author\" content=\"R\u00e9dac. NEWS\" \/>\n<meta name=\"twitter:card\" content=\"summary_large_image\" \/>\n<meta name=\"twitter:label1\" content=\"\u00c9crit par\" \/>\n\t<meta name=\"twitter:data1\" content=\"R\u00e9dac. NEWS\" \/>\n\t<meta name=\"twitter:label2\" content=\"Dur\u00e9e de lecture estim\u00e9e\" \/>\n\t<meta name=\"twitter:data2\" content=\"1 minute\" \/>\n<script type=\"application\/ld+json\" class=\"yoast-schema-graph\">{\"@context\":\"https:\/\/schema.org\",\"@graph\":[{\"@type\":\"Article\",\"@id\":\"https:\/\/newsestlyonnais.fr\/site\/2016\/11\/04\/villeurbanne-faire-week-end-commune\/#article\",\"isPartOf\":{\"@id\":\"https:\/\/newsestlyonnais.fr\/site\/2016\/11\/04\/villeurbanne-faire-week-end-commune\/\"},\"author\":{\"name\":\"R\u00e9dac. NEWS\",\"@id\":\"https:\/\/newsestlyonnais.fr\/site\/#\/schema\/person\/3230d5615f390bb808365d673001e887\"},\"headline\":\"VILLEURBANNE | Que faire ce week-end sur la commune ?\",\"datePublished\":\"2016-11-04T06:00:04+00:00\",\"dateModified\":\"2020-11-16T15:19:36+00:00\",\"mainEntityOfPage\":{\"@id\":\"https:\/\/newsestlyonnais.fr\/site\/2016\/11\/04\/villeurbanne-faire-week-end-commune\/\"},\"wordCount\":275,\"commentCount\":0,\"publisher\":{\"@id\":\"https:\/\/newsestlyonnais.fr\/site\/#organization\"},\"image\":{\"@id\":\"https:\/\/newsestlyonnais.fr\/site\/2016\/11\/04\/villeurbanne-faire-week-end-commune\/#primaryimage\"},\"thumbnailUrl\":\"https:\/\/newsestlyonnais.fr\/site\/wp-content\/uploads\/2016\/09\/NEWSESTLYONNAIS-PANNEAUVILLEURBANNE.jpg\",\"articleSection\":[\"Villeurbanne\"],\"inLanguage\":\"fr-FR\",\"potentialAction\":[{\"@type\":\"CommentAction\",\"name\":\"Comment\",\"target\":[\"https:\/\/newsestlyonnais.fr\/site\/2016\/11\/04\/villeurbanne-faire-week-end-commune\/#respond\"]}]},{\"@type\":\"WebPage\",\"@id\":\"https:\/\/newsestlyonnais.fr\/site\/2016\/11\/04\/villeurbanne-faire-week-end-commune\/\",\"url\":\"https:\/\/newsestlyonnais.fr\/site\/2016\/11\/04\/villeurbanne-faire-week-end-commune\/\",\"name\":\"VILLEURBANNE | Que faire ce week-end sur la commune ? - News Est Lyonnais\",\"isPartOf\":{\"@id\":\"https:\/\/newsestlyonnais.fr\/site\/#website\"},\"primaryImageOfPage\":{\"@id\":\"https:\/\/newsestlyonnais.fr\/site\/2016\/11\/04\/villeurbanne-faire-week-end-commune\/#primaryimage\"},\"image\":{\"@id\":\"https:\/\/newsestlyonnais.fr\/site\/2016\/11\/04\/villeurbanne-faire-week-end-commune\/#primaryimage\"},\"thumbnailUrl\":\"https:\/\/newsestlyonnais.fr\/site\/wp-content\/uploads\/2016\/09\/NEWSESTLYONNAIS-PANNEAUVILLEURBANNE.jpg\",\"datePublished\":\"2016-11-04T06:00:04+00:00\",\"dateModified\":\"2020-11-16T15:19:36+00:00\",\"breadcrumb\":{\"@id\":\"https:\/\/newsestlyonnais.fr\/site\/2016\/11\/04\/villeurbanne-faire-week-end-commune\/#breadcrumb\"},\"inLanguage\":\"fr-FR\",\"potentialAction\":[{\"@type\":\"ReadAction\",\"target\":[\"https:\/\/newsestlyonnais.fr\/site\/2016\/11\/04\/villeurbanne-faire-week-end-commune\/\"]}]},{\"@type\":\"ImageObject\",\"inLanguage\":\"fr-FR\",\"@id\":\"https:\/\/newsestlyonnais.fr\/site\/2016\/11\/04\/villeurbanne-faire-week-end-commune\/#primaryimage\",\"url\":\"https:\/\/newsestlyonnais.fr\/site\/wp-content\/uploads\/2016\/09\/NEWSESTLYONNAIS-PANNEAUVILLEURBANNE.jpg\",\"contentUrl\":\"https:\/\/newsestlyonnais.fr\/site\/wp-content\/uploads\/2016\/09\/NEWSESTLYONNAIS-PANNEAUVILLEURBANNE.jpg\",\"width\":1000,\"height\":750,\"caption\":\"newsestlyonnais-panneauvilleurbanne\"},{\"@type\":\"BreadcrumbList\",\"@id\":\"https:\/\/newsestlyonnais.fr\/site\/2016\/11\/04\/villeurbanne-faire-week-end-commune\/#breadcrumb\",\"itemListElement\":[{\"@type\":\"ListItem\",\"position\":1,\"name\":\"Accueil\",\"item\":\"https:\/\/newsestlyonnais.fr\/site\/\"},{\"@type\":\"ListItem\",\"position\":2,\"name\":\"VILLEURBANNE | Que faire ce week-end sur la commune ?\"}]},{\"@type\":\"WebSite\",\"@id\":\"https:\/\/newsestlyonnais.fr\/site\/#website\",\"url\":\"https:\/\/newsestlyonnais.fr\/site\/\",\"name\":\"News Est Lyonnais\",\"description\":\"L&#039;actualit\u00e9 au plus pr\u00e8s\",\"publisher\":{\"@id\":\"https:\/\/newsestlyonnais.fr\/site\/#organization\"},\"potentialAction\":[{\"@type\":\"SearchAction\",\"target\":{\"@type\":\"EntryPoint\",\"urlTemplate\":\"https:\/\/newsestlyonnais.fr\/site\/?s={search_term_string}\"},\"query-input\":{\"@type\":\"PropertyValueSpecification\",\"valueRequired\":true,\"valueName\":\"search_term_string\"}}],\"inLanguage\":\"fr-FR\"},{\"@type\":\"Organization\",\"@id\":\"https:\/\/newsestlyonnais.fr\/site\/#organization\",\"name\":\"News EST LYONNAIS\",\"url\":\"https:\/\/newsestlyonnais.fr\/site\/\",\"logo\":{\"@type\":\"ImageObject\",\"inLanguage\":\"fr-FR\",\"@id\":\"https:\/\/newsestlyonnais.fr\/site\/#\/schema\/logo\/image\/\",\"url\":\"\",\"contentUrl\":\"\",\"caption\":\"News EST LYONNAIS\"},\"image\":{\"@id\":\"https:\/\/newsestlyonnais.fr\/site\/#\/schema\/logo\/image\/\"}},{\"@type\":\"Person\",\"@id\":\"https:\/\/newsestlyonnais.fr\/site\/#\/schema\/person\/3230d5615f390bb808365d673001e887\",\"name\":\"R\u00e9dac. NEWS\",\"sameAs\":[\"http:\/\/www.newsestlyonnais.fr\",\"https:\/\/www.facebook.com\/pascal.oberson.1?fref=ts\",\"https:\/\/fr.linkedin.com\/in\/pascal-oberson-b17045113\"],\"url\":\"https:\/\/newsestlyonnais.fr\/site\/author\/nel\/\"}]}<\/script>\n<!-- \/ Yoast SEO plugin. -->","yoast_head_json":{"title":"VILLEURBANNE | Que faire ce week-end sur la commune ? - News Est Lyonnais","robots":{"index":"index","follow":"follow","max-snippet":"max-snippet:-1","max-image-preview":"max-image-preview:large","max-video-preview":"max-video-preview:-1"},"canonical":"https:\/\/newsestlyonnais.fr\/site\/2016\/11\/04\/villeurbanne-faire-week-end-commune\/","og_locale":"fr_FR","og_type":"article","og_title":"VILLEURBANNE | Que faire ce week-end sur la commune ? - News Est Lyonnais","og_description":"A noter parmi les nombreux \u00e9v\u00e8nements qui se d\u00e9rouleront sur Villeurbanne: Vendredi 4 novembre de 17 h \u00e0 19 h: (M\u00e9diath\u00e8que du Tonkin) : Caf\u00e9trico(th\u00e9) Carr\u00e9s, \u00e9charpes pour les d\u00e9butants, gants, bonnets, chaussettes, pulls, etc\u2026 pour les initi\u00e9(e)s : tout peut \u00eatre int\u00e9ressant ! Il est ouvert \u00e0 tous, d\u00e9butants ou non : chacun devrait [&hellip;]","og_url":"https:\/\/newsestlyonnais.fr\/site\/2016\/11\/04\/villeurbanne-faire-week-end-commune\/","og_site_name":"News Est Lyonnais","article_author":"https:\/\/www.facebook.com\/pascal.oberson.1?fref=ts","article_published_time":"2016-11-04T06:00:04+00:00","article_modified_time":"2020-11-16T15:19:36+00:00","og_image":[{"width":1000,"height":750,"url":"https:\/\/i0.wp.com\/newsestlyonnais.fr\/site\/wp-content\/uploads\/2016\/09\/NEWSESTLYONNAIS-PANNEAUVILLEURBANNE.jpg?fit=1000%2C750&ssl=1","type":"image\/jpeg"}],"author":"R\u00e9dac. NEWS","twitter_card":"summary_large_image","twitter_misc":{"\u00c9crit par":"R\u00e9dac. NEWS","Dur\u00e9e de lecture estim\u00e9e":"1 minute"},"schema":{"@context":"https:\/\/schema.org","@graph":[{"@type":"Article","@id":"https:\/\/newsestlyonnais.fr\/site\/2016\/11\/04\/villeurbanne-faire-week-end-commune\/#article","isPartOf":{"@id":"https:\/\/newsestlyonnais.fr\/site\/2016\/11\/04\/villeurbanne-faire-week-end-commune\/"},"author":{"name":"R\u00e9dac. NEWS","@id":"https:\/\/newsestlyonnais.fr\/site\/#\/schema\/person\/3230d5615f390bb808365d673001e887"},"headline":"VILLEURBANNE | Que faire ce week-end sur la commune ?","datePublished":"2016-11-04T06:00:04+00:00","dateModified":"2020-11-16T15:19:36+00:00","mainEntityOfPage":{"@id":"https:\/\/newsestlyonnais.fr\/site\/2016\/11\/04\/villeurbanne-faire-week-end-commune\/"},"wordCount":275,"commentCount":0,"publisher":{"@id":"https:\/\/newsestlyonnais.fr\/site\/#organization"},"image":{"@id":"https:\/\/newsestlyonnais.fr\/site\/2016\/11\/04\/villeurbanne-faire-week-end-commune\/#primaryimage"},"thumbnailUrl":"https:\/\/newsestlyonnais.fr\/site\/wp-content\/uploads\/2016\/09\/NEWSESTLYONNAIS-PANNEAUVILLEURBANNE.jpg","articleSection":["Villeurbanne"],"inLanguage":"fr-FR","potentialAction":[{"@type":"CommentAction","name":"Comment","target":["https:\/\/newsestlyonnais.fr\/site\/2016\/11\/04\/villeurbanne-faire-week-end-commune\/#respond"]}]},{"@type":"WebPage","@id":"https:\/\/newsestlyonnais.fr\/site\/2016\/11\/04\/villeurbanne-faire-week-end-commune\/","url":"https:\/\/newsestlyonnais.fr\/site\/2016\/11\/04\/villeurbanne-faire-week-end-commune\/","name":"VILLEURBANNE | Que faire ce week-end sur la commune ? - News Est Lyonnais","isPartOf":{"@id":"https:\/\/newsestlyonnais.fr\/site\/#website"},"primaryImageOfPage":{"@id":"https:\/\/newsestlyonnais.fr\/site\/2016\/11\/04\/villeurbanne-faire-week-end-commune\/#primaryimage"},"image":{"@id":"https:\/\/newsestlyonnais.fr\/site\/2016\/11\/04\/villeurbanne-faire-week-end-commune\/#primaryimage"},"thumbnailUrl":"https:\/\/newsestlyonnais.fr\/site\/wp-content\/uploads\/2016\/09\/NEWSESTLYONNAIS-PANNEAUVILLEURBANNE.jpg","datePublished":"2016-11-04T06:00:04+00:00","dateModified":"2020-11-16T15:19:36+00:00","breadcrumb":{"@id":"https:\/\/newsestlyonnais.fr\/site\/2016\/11\/04\/villeurbanne-faire-week-end-commune\/#breadcrumb"},"inLanguage":"fr-FR","potentialAction":[{"@type":"ReadAction","target":["https:\/\/newsestlyonnais.fr\/site\/2016\/11\/04\/villeurbanne-faire-week-end-commune\/"]}]},{"@type":"ImageObject","inLanguage":"fr-FR","@id":"https:\/\/newsestlyonnais.fr\/site\/2016\/11\/04\/villeurbanne-faire-week-end-commune\/#primaryimage","url":"https:\/\/newsestlyonnais.fr\/site\/wp-content\/uploads\/2016\/09\/NEWSESTLYONNAIS-PANNEAUVILLEURBANNE.jpg","contentUrl":"https:\/\/newsestlyonnais.fr\/site\/wp-content\/uploads\/2016\/09\/NEWSESTLYONNAIS-PANNEAUVILLEURBANNE.jpg","width":1000,"height":750,"caption":"newsestlyonnais-panneauvilleurbanne"},{"@type":"BreadcrumbList","@id":"https:\/\/newsestlyonnais.fr\/site\/2016\/11\/04\/villeurbanne-faire-week-end-commune\/#breadcrumb","itemListElement":[{"@type":"ListItem","position":1,"name":"Accueil","item":"https:\/\/newsestlyonnais.fr\/site\/"},{"@type":"ListItem","position":2,"name":"VILLEURBANNE | Que faire ce week-end sur la commune ?"}]},{"@type":"WebSite","@id":"https:\/\/newsestlyonnais.fr\/site\/#website","url":"https:\/\/newsestlyonnais.fr\/site\/","name":"News Est Lyonnais","description":"L&#039;actualit\u00e9 au plus pr\u00e8s","publisher":{"@id":"https:\/\/newsestlyonnais.fr\/site\/#organization"},"potentialAction":[{"@type":"SearchAction","target":{"@type":"EntryPoint","urlTemplate":"https:\/\/newsestlyonnais.fr\/site\/?s={search_term_string}"},"query-input":{"@type":"PropertyValueSpecification","valueRequired":true,"valueName":"search_term_string"}}],"inLanguage":"fr-FR"},{"@type":"Organization","@id":"https:\/\/newsestlyonnais.fr\/site\/#organization","name":"News EST LYONNAIS","url":"https:\/\/newsestlyonnais.fr\/site\/","logo":{"@type":"ImageObject","inLanguage":"fr-FR","@id":"https:\/\/newsestlyonnais.fr\/site\/#\/schema\/logo\/image\/","url":"","contentUrl":"","caption":"News EST LYONNAIS"},"image":{"@id":"https:\/\/newsestlyonnais.fr\/site\/#\/schema\/logo\/image\/"}},{"@type":"Person","@id":"https:\/\/newsestlyonnais.fr\/site\/#\/schema\/person\/3230d5615f390bb808365d673001e887","name":"R\u00e9dac. NEWS","sameAs":["http:\/\/www.newsestlyonnais.fr","https:\/\/www.facebook.com\/pascal.oberson.1?fref=ts","https:\/\/fr.linkedin.com\/in\/pascal-oberson-b17045113"],"url":"https:\/\/newsestlyonnais.fr\/site\/author\/nel\/"}]}},"_links":{"self":[{"href":"https:\/\/newsestlyonnais.fr\/site\/wp-json\/wp\/v2\/posts\/15316","targetHints":{"allow":["GET"]}}],"collection":[{"href":"https:\/\/newsestlyonnais.fr\/site\/wp-json\/wp\/v2\/posts"}],"about":[{"href":"https:\/\/newsestlyonnais.fr\/site\/wp-json\/wp\/v2\/types\/post"}],"author":[{"embeddable":true,"href":"https:\/\/newsestlyonnais.fr\/site\/wp-json\/wp\/v2\/users\/4"}],"replies":[{"embeddable":true,"href":"https:\/\/newsestlyonnais.fr\/site\/wp-json\/wp\/v2\/comments?post=15316"}],"version-history":[{"count":0,"href":"https:\/\/newsestlyonnais.fr\/site\/wp-json\/wp\/v2\/posts\/15316\/revisions"}],"wp:featuredmedia":[{"embeddable":true,"href":"https:\/\/newsestlyonnais.fr\/site\/wp-json\/wp\/v2\/media\/12277"}],"wp:attachment":[{"href":"https:\/\/newsestlyonnais.fr\/site\/wp-json\/wp\/v2\/media?parent=15316"}],"wp:term":[{"taxonomy":"category","embeddable":true,"href":"https:\/\/newsestlyonnais.fr\/site\/wp-json\/wp\/v2\/categories?post=15316"},{"taxonomy":"post_tag","embeddable":true,"href":"https:\/\/newsestlyonnais.fr\/site\/wp-json\/wp\/v2\/tags?post=15316"}],"curies":[{"name":"wp","href":"https:\/\/api.w.org\/{rel}","templated":true}]}}