{"id":153183,"date":"2022-04-17T16:15:28","date_gmt":"2022-04-17T15:15:28","guid":{"rendered":"https:\/\/newsestlyonnais.fr\/site\/?p=153183"},"modified":"2022-04-19T18:24:25","modified_gmt":"2022-04-19T17:24:25","slug":"chassieu-plus-de-300-a-courir-ce-dimanche-matin","status":"publish","type":"post","link":"https:\/\/newsestlyonnais.fr\/site\/2022\/04\/17\/chassieu-plus-de-300-a-courir-ce-dimanche-matin\/","title":{"rendered":"CHASSIEU | Plus de 300 \u00e0 courir ce dimanche matin"},"content":{"rendered":"<p><strong>C&rsquo;est Anthony Frontera (AS Caluire) qui s&rsquo;est impos\u00e9 sur les 10 kilom\u00e8tres en 31&rsquo;45 tout comme Karine Pignol (SA Montbrisonnais) en 38&rsquo;59 chez les f\u00e9minines.<\/strong><\/p>\n<p><img loading=\"lazy\" decoding=\"async\" class=\"alignleft size-thumbnail wp-image-23750\" src=\"https:\/\/newsestlyonnais.fr\/site\/wp-content\/uploads\/2017\/03\/NEWSESTLYONNAIS-MICRO-150x150.png\" alt=\"NEWSESTLYONNAIS MICRO\" width=\"150\" height=\"150\" \/>\u00a0\u00bb Petite d\u00e9ception, avec 300 coureurs plus les enfants, mais ce n&rsquo;est pas si mal au vu de son d\u00e9roulement un dimanche de P\u00e2ques et pendant les vacances scolaires. C&rsquo;\u00e9tait compliqu\u00e9 \u00e0 organiser car toutes les courses sont \u00e0 la peine avec une jauge \u00e0 &#8211; 30 ou &#8211; 50 %. Mais on a souhait\u00e9 maintenir la course et en plus on a eu beau temps ! \u00a0\u00bb <strong>confiait Evelyne Decullier (225 Events) une des co-organisatrices de l&rsquo;\u00e9preuve avec Chassieu Athl\u00e9<\/strong>.<\/p>\n<hr \/>\n<p><span style=\"background-color: #000000; color: #ffffff;\"><strong>L&rsquo;\u00e9preuve en chiffres : <\/strong><\/span><\/p>\n<ul>\n<li>250 coureurs sur le 10 km<\/li>\n<li>50 sur le 5 km<\/li>\n<li>15 sur les courses enfants : 10 &gt; \u00e9veil &amp; 5 &gt; poussins<\/li>\n<li>une quarantaine de b\u00e9n\u00e9voles<\/li>\n<\/ul>\n<hr \/>\n<p><span style=\"background-color: #000000; color: #ffffff;\"><strong>Retrouvez prochainement compte rendu et galerie de photos<\/strong><\/span><\/p>\n<hr \/>\n<p><strong><span style=\"background-color: #000000; color: #ffffff;\">Classements complets sur :<\/span> <span style=\"background-color: #ffcc00;\"><a style=\"background-color: #ffcc00;\" href=\"https:\/\/sgchrono.fr\/results\/10-km-de-chassieu-2022\/\">https:\/\/sgchrono.fr\/results\/10-km-de-chassieu-2022\/<\/a><\/span><\/strong><\/p>\n<div id='gallery-1' class='gallery galleryid-153183 gallery-columns-3 gallery-size-thumbnail'><figure class='gallery-item'>\n\t\t\t<div class='gallery-icon landscape'>\n\t\t\t\t<a href='https:\/\/newsestlyonnais.fr\/site\/2022\/04\/17\/chassieu-plus-de-300-a-courir-ce-dimanche-matin\/p1470508\/'><img loading=\"lazy\" decoding=\"async\" width=\"150\" height=\"113\" src=\"https:\/\/newsestlyonnais.fr\/site\/wp-content\/uploads\/2022\/04\/P1470508-250x188.jpg\" class=\"attachment-thumbnail size-thumbnail\" alt=\"\" aria-describedby=\"gallery-1-153196\" srcset=\"https:\/\/newsestlyonnais.fr\/site\/wp-content\/uploads\/2022\/04\/P1470508-250x188.jpg 250w, https:\/\/newsestlyonnais.fr\/site\/wp-content\/uploads\/2022\/04\/P1470508-400x300.jpg 400w, https:\/\/newsestlyonnais.fr\/site\/wp-content\/uploads\/2022\/04\/P1470508-650x488.jpg 650w, https:\/\/newsestlyonnais.fr\/site\/wp-content\/uploads\/2022\/04\/P1470508-768x576.jpg 768w, https:\/\/newsestlyonnais.fr\/site\/wp-content\/uploads\/2022\/04\/P1470508-150x113.jpg 150w, https:\/\/newsestlyonnais.fr\/site\/wp-content\/uploads\/2022\/04\/P1470508-50x38.jpg 50w, https:\/\/newsestlyonnais.fr\/site\/wp-content\/uploads\/2022\/04\/P1470508-100x75.jpg 100w, https:\/\/newsestlyonnais.fr\/site\/wp-content\/uploads\/2022\/04\/P1470508-200x150.jpg 200w, https:\/\/newsestlyonnais.fr\/site\/wp-content\/uploads\/2022\/04\/P1470508-300x225.jpg 300w, https:\/\/newsestlyonnais.fr\/site\/wp-content\/uploads\/2022\/04\/P1470508-350x263.jpg 350w, https:\/\/newsestlyonnais.fr\/site\/wp-content\/uploads\/2022\/04\/P1470508-450x338.jpg 450w, https:\/\/newsestlyonnais.fr\/site\/wp-content\/uploads\/2022\/04\/P1470508-500x375.jpg 500w, https:\/\/newsestlyonnais.fr\/site\/wp-content\/uploads\/2022\/04\/P1470508-550x413.jpg 550w, https:\/\/newsestlyonnais.fr\/site\/wp-content\/uploads\/2022\/04\/P1470508-800x600.jpg 800w, https:\/\/newsestlyonnais.fr\/site\/wp-content\/uploads\/2022\/04\/P1470508.jpg 1200w\" sizes=\"auto, (max-width: 150px) 100vw, 150px\" \/><\/a>\n\t\t\t<\/div>\n\t\t\t\t<figcaption class='wp-caption-text gallery-caption' id='gallery-1-153196'>\n\t\t\t\tElisa Ferahtia (Bordeaux Athl\u00e9) s&rsquo;impose sur le 5 km \n\t\t\t\t<\/figcaption><\/figure><figure class='gallery-item'>\n\t\t\t<div class='gallery-icon landscape'>\n\t\t\t\t<a href='https:\/\/newsestlyonnais.fr\/site\/2022\/04\/17\/chassieu-plus-de-300-a-courir-ce-dimanche-matin\/p1470500\/'><img loading=\"lazy\" decoding=\"async\" width=\"150\" height=\"113\" src=\"https:\/\/newsestlyonnais.fr\/site\/wp-content\/uploads\/2022\/04\/P1470500-250x188.jpg\" class=\"attachment-thumbnail size-thumbnail\" alt=\"\" aria-describedby=\"gallery-1-153194\" srcset=\"https:\/\/newsestlyonnais.fr\/site\/wp-content\/uploads\/2022\/04\/P1470500-250x188.jpg 250w, https:\/\/newsestlyonnais.fr\/site\/wp-content\/uploads\/2022\/04\/P1470500-400x300.jpg 400w, https:\/\/newsestlyonnais.fr\/site\/wp-content\/uploads\/2022\/04\/P1470500-650x488.jpg 650w, https:\/\/newsestlyonnais.fr\/site\/wp-content\/uploads\/2022\/04\/P1470500-768x576.jpg 768w, https:\/\/newsestlyonnais.fr\/site\/wp-content\/uploads\/2022\/04\/P1470500-150x113.jpg 150w, https:\/\/newsestlyonnais.fr\/site\/wp-content\/uploads\/2022\/04\/P1470500-50x38.jpg 50w, https:\/\/newsestlyonnais.fr\/site\/wp-content\/uploads\/2022\/04\/P1470500-100x75.jpg 100w, https:\/\/newsestlyonnais.fr\/site\/wp-content\/uploads\/2022\/04\/P1470500-200x150.jpg 200w, https:\/\/newsestlyonnais.fr\/site\/wp-content\/uploads\/2022\/04\/P1470500-300x225.jpg 300w, https:\/\/newsestlyonnais.fr\/site\/wp-content\/uploads\/2022\/04\/P1470500-350x263.jpg 350w, https:\/\/newsestlyonnais.fr\/site\/wp-content\/uploads\/2022\/04\/P1470500-450x338.jpg 450w, https:\/\/newsestlyonnais.fr\/site\/wp-content\/uploads\/2022\/04\/P1470500-500x375.jpg 500w, https:\/\/newsestlyonnais.fr\/site\/wp-content\/uploads\/2022\/04\/P1470500-550x413.jpg 550w, https:\/\/newsestlyonnais.fr\/site\/wp-content\/uploads\/2022\/04\/P1470500-800x600.jpg 800w, https:\/\/newsestlyonnais.fr\/site\/wp-content\/uploads\/2022\/04\/P1470500.jpg 1200w\" sizes=\"auto, (max-width: 150px) 100vw, 150px\" \/><\/a>\n\t\t\t<\/div>\n\t\t\t\t<figcaption class='wp-caption-text gallery-caption' id='gallery-1-153194'>\n\t\t\t\tYlian Jacquin (ASUL Bron) vient de remporter le 5 km\n\t\t\t\t<\/figcaption><\/figure><figure class='gallery-item'>\n\t\t\t<div class='gallery-icon landscape'>\n\t\t\t\t<a href='https:\/\/newsestlyonnais.fr\/site\/2022\/04\/17\/chassieu-plus-de-300-a-courir-ce-dimanche-matin\/p1470522\/'><img loading=\"lazy\" decoding=\"async\" width=\"150\" height=\"113\" src=\"https:\/\/newsestlyonnais.fr\/site\/wp-content\/uploads\/2022\/04\/P1470522-250x188.jpg\" class=\"attachment-thumbnail size-thumbnail\" alt=\"\" aria-describedby=\"gallery-1-153198\" srcset=\"https:\/\/newsestlyonnais.fr\/site\/wp-content\/uploads\/2022\/04\/P1470522-250x188.jpg 250w, https:\/\/newsestlyonnais.fr\/site\/wp-content\/uploads\/2022\/04\/P1470522-400x300.jpg 400w, https:\/\/newsestlyonnais.fr\/site\/wp-content\/uploads\/2022\/04\/P1470522-650x488.jpg 650w, https:\/\/newsestlyonnais.fr\/site\/wp-content\/uploads\/2022\/04\/P1470522-768x576.jpg 768w, https:\/\/newsestlyonnais.fr\/site\/wp-content\/uploads\/2022\/04\/P1470522-150x113.jpg 150w, https:\/\/newsestlyonnais.fr\/site\/wp-content\/uploads\/2022\/04\/P1470522-50x38.jpg 50w, https:\/\/newsestlyonnais.fr\/site\/wp-content\/uploads\/2022\/04\/P1470522-100x75.jpg 100w, https:\/\/newsestlyonnais.fr\/site\/wp-content\/uploads\/2022\/04\/P1470522-200x150.jpg 200w, https:\/\/newsestlyonnais.fr\/site\/wp-content\/uploads\/2022\/04\/P1470522-300x225.jpg 300w, https:\/\/newsestlyonnais.fr\/site\/wp-content\/uploads\/2022\/04\/P1470522-350x263.jpg 350w, https:\/\/newsestlyonnais.fr\/site\/wp-content\/uploads\/2022\/04\/P1470522-450x338.jpg 450w, https:\/\/newsestlyonnais.fr\/site\/wp-content\/uploads\/2022\/04\/P1470522-500x375.jpg 500w, https:\/\/newsestlyonnais.fr\/site\/wp-content\/uploads\/2022\/04\/P1470522-550x413.jpg 550w, https:\/\/newsestlyonnais.fr\/site\/wp-content\/uploads\/2022\/04\/P1470522-800x600.jpg 800w, https:\/\/newsestlyonnais.fr\/site\/wp-content\/uploads\/2022\/04\/P1470522.jpg 1200w\" sizes=\"auto, (max-width: 150px) 100vw, 150px\" \/><\/a>\n\t\t\t<\/div>\n\t\t\t\t<figcaption class='wp-caption-text gallery-caption' id='gallery-1-153198'>\n\t\t\t\t250 coureurs sur le 10 km\n\t\t\t\t<\/figcaption><\/figure><figure class='gallery-item'>\n\t\t\t<div class='gallery-icon landscape'>\n\t\t\t\t<a href='https:\/\/newsestlyonnais.fr\/site\/2022\/04\/17\/chassieu-plus-de-300-a-courir-ce-dimanche-matin\/p1470539\/'><img loading=\"lazy\" decoding=\"async\" width=\"150\" height=\"113\" src=\"https:\/\/newsestlyonnais.fr\/site\/wp-content\/uploads\/2022\/04\/P1470539-250x188.jpg\" class=\"attachment-thumbnail size-thumbnail\" alt=\"\" srcset=\"https:\/\/newsestlyonnais.fr\/site\/wp-content\/uploads\/2022\/04\/P1470539-250x188.jpg 250w, https:\/\/newsestlyonnais.fr\/site\/wp-content\/uploads\/2022\/04\/P1470539-400x300.jpg 400w, https:\/\/newsestlyonnais.fr\/site\/wp-content\/uploads\/2022\/04\/P1470539-650x488.jpg 650w, https:\/\/newsestlyonnais.fr\/site\/wp-content\/uploads\/2022\/04\/P1470539-768x576.jpg 768w, https:\/\/newsestlyonnais.fr\/site\/wp-content\/uploads\/2022\/04\/P1470539-150x113.jpg 150w, https:\/\/newsestlyonnais.fr\/site\/wp-content\/uploads\/2022\/04\/P1470539-50x38.jpg 50w, https:\/\/newsestlyonnais.fr\/site\/wp-content\/uploads\/2022\/04\/P1470539-100x75.jpg 100w, https:\/\/newsestlyonnais.fr\/site\/wp-content\/uploads\/2022\/04\/P1470539-200x150.jpg 200w, https:\/\/newsestlyonnais.fr\/site\/wp-content\/uploads\/2022\/04\/P1470539-300x225.jpg 300w, https:\/\/newsestlyonnais.fr\/site\/wp-content\/uploads\/2022\/04\/P1470539-350x263.jpg 350w, https:\/\/newsestlyonnais.fr\/site\/wp-content\/uploads\/2022\/04\/P1470539-450x338.jpg 450w, https:\/\/newsestlyonnais.fr\/site\/wp-content\/uploads\/2022\/04\/P1470539-500x375.jpg 500w, https:\/\/newsestlyonnais.fr\/site\/wp-content\/uploads\/2022\/04\/P1470539-550x413.jpg 550w, https:\/\/newsestlyonnais.fr\/site\/wp-content\/uploads\/2022\/04\/P1470539-800x600.jpg 800w, https:\/\/newsestlyonnais.fr\/site\/wp-content\/uploads\/2022\/04\/P1470539.jpg 1200w\" sizes=\"auto, (max-width: 150px) 100vw, 150px\" \/><\/a>\n\t\t\t<\/div><\/figure><figure class='gallery-item'>\n\t\t\t<div class='gallery-icon landscape'>\n\t\t\t\t<a href='https:\/\/newsestlyonnais.fr\/site\/2022\/04\/17\/chassieu-plus-de-300-a-courir-ce-dimanche-matin\/p1470580\/'><img loading=\"lazy\" decoding=\"async\" width=\"150\" height=\"113\" src=\"https:\/\/newsestlyonnais.fr\/site\/wp-content\/uploads\/2022\/04\/P1470580-250x188.jpg\" class=\"attachment-thumbnail size-thumbnail\" alt=\"\" srcset=\"https:\/\/newsestlyonnais.fr\/site\/wp-content\/uploads\/2022\/04\/P1470580-250x188.jpg 250w, https:\/\/newsestlyonnais.fr\/site\/wp-content\/uploads\/2022\/04\/P1470580-400x300.jpg 400w, https:\/\/newsestlyonnais.fr\/site\/wp-content\/uploads\/2022\/04\/P1470580-650x488.jpg 650w, https:\/\/newsestlyonnais.fr\/site\/wp-content\/uploads\/2022\/04\/P1470580-768x576.jpg 768w, https:\/\/newsestlyonnais.fr\/site\/wp-content\/uploads\/2022\/04\/P1470580-150x113.jpg 150w, https:\/\/newsestlyonnais.fr\/site\/wp-content\/uploads\/2022\/04\/P1470580-50x38.jpg 50w, https:\/\/newsestlyonnais.fr\/site\/wp-content\/uploads\/2022\/04\/P1470580-100x75.jpg 100w, https:\/\/newsestlyonnais.fr\/site\/wp-content\/uploads\/2022\/04\/P1470580-200x150.jpg 200w, https:\/\/newsestlyonnais.fr\/site\/wp-content\/uploads\/2022\/04\/P1470580-300x225.jpg 300w, https:\/\/newsestlyonnais.fr\/site\/wp-content\/uploads\/2022\/04\/P1470580-350x263.jpg 350w, https:\/\/newsestlyonnais.fr\/site\/wp-content\/uploads\/2022\/04\/P1470580-450x338.jpg 450w, https:\/\/newsestlyonnais.fr\/site\/wp-content\/uploads\/2022\/04\/P1470580-500x375.jpg 500w, https:\/\/newsestlyonnais.fr\/site\/wp-content\/uploads\/2022\/04\/P1470580-550x413.jpg 550w, https:\/\/newsestlyonnais.fr\/site\/wp-content\/uploads\/2022\/04\/P1470580-800x600.jpg 800w, https:\/\/newsestlyonnais.fr\/site\/wp-content\/uploads\/2022\/04\/P1470580.jpg 1200w\" sizes=\"auto, (max-width: 150px) 100vw, 150px\" \/><\/a>\n\t\t\t<\/div><\/figure><figure class='gallery-item'>\n\t\t\t<div class='gallery-icon landscape'>\n\t\t\t\t<a href='https:\/\/newsestlyonnais.fr\/site\/2022\/04\/17\/chassieu-plus-de-300-a-courir-ce-dimanche-matin\/p1470510\/'><img loading=\"lazy\" decoding=\"async\" width=\"150\" height=\"113\" src=\"https:\/\/newsestlyonnais.fr\/site\/wp-content\/uploads\/2022\/04\/P1470510-250x188.jpg\" class=\"attachment-thumbnail size-thumbnail\" alt=\"\" srcset=\"https:\/\/newsestlyonnais.fr\/site\/wp-content\/uploads\/2022\/04\/P1470510-250x188.jpg 250w, https:\/\/newsestlyonnais.fr\/site\/wp-content\/uploads\/2022\/04\/P1470510-400x300.jpg 400w, https:\/\/newsestlyonnais.fr\/site\/wp-content\/uploads\/2022\/04\/P1470510-650x488.jpg 650w, https:\/\/newsestlyonnais.fr\/site\/wp-content\/uploads\/2022\/04\/P1470510-768x576.jpg 768w, https:\/\/newsestlyonnais.fr\/site\/wp-content\/uploads\/2022\/04\/P1470510-150x113.jpg 150w, https:\/\/newsestlyonnais.fr\/site\/wp-content\/uploads\/2022\/04\/P1470510-50x38.jpg 50w, https:\/\/newsestlyonnais.fr\/site\/wp-content\/uploads\/2022\/04\/P1470510-100x75.jpg 100w, https:\/\/newsestlyonnais.fr\/site\/wp-content\/uploads\/2022\/04\/P1470510-200x150.jpg 200w, https:\/\/newsestlyonnais.fr\/site\/wp-content\/uploads\/2022\/04\/P1470510-300x225.jpg 300w, https:\/\/newsestlyonnais.fr\/site\/wp-content\/uploads\/2022\/04\/P1470510-350x263.jpg 350w, https:\/\/newsestlyonnais.fr\/site\/wp-content\/uploads\/2022\/04\/P1470510-450x338.jpg 450w, https:\/\/newsestlyonnais.fr\/site\/wp-content\/uploads\/2022\/04\/P1470510-500x375.jpg 500w, https:\/\/newsestlyonnais.fr\/site\/wp-content\/uploads\/2022\/04\/P1470510-550x413.jpg 550w, https:\/\/newsestlyonnais.fr\/site\/wp-content\/uploads\/2022\/04\/P1470510-800x600.jpg 800w, https:\/\/newsestlyonnais.fr\/site\/wp-content\/uploads\/2022\/04\/P1470510.jpg 1200w\" sizes=\"auto, (max-width: 150px) 100vw, 150px\" \/><\/a>\n\t\t\t<\/div><\/figure><figure class='gallery-item'>\n\t\t\t<div class='gallery-icon landscape'>\n\t\t\t\t<a href='https:\/\/newsestlyonnais.fr\/site\/2022\/04\/17\/chassieu-plus-de-300-a-courir-ce-dimanche-matin\/p1470512\/'><img loading=\"lazy\" decoding=\"async\" width=\"150\" height=\"113\" src=\"https:\/\/newsestlyonnais.fr\/site\/wp-content\/uploads\/2022\/04\/P1470512-250x188.jpg\" class=\"attachment-thumbnail size-thumbnail\" alt=\"\" aria-describedby=\"gallery-1-153214\" srcset=\"https:\/\/newsestlyonnais.fr\/site\/wp-content\/uploads\/2022\/04\/P1470512-250x188.jpg 250w, https:\/\/newsestlyonnais.fr\/site\/wp-content\/uploads\/2022\/04\/P1470512-400x300.jpg 400w, https:\/\/newsestlyonnais.fr\/site\/wp-content\/uploads\/2022\/04\/P1470512-650x488.jpg 650w, https:\/\/newsestlyonnais.fr\/site\/wp-content\/uploads\/2022\/04\/P1470512-768x576.jpg 768w, https:\/\/newsestlyonnais.fr\/site\/wp-content\/uploads\/2022\/04\/P1470512-150x113.jpg 150w, https:\/\/newsestlyonnais.fr\/site\/wp-content\/uploads\/2022\/04\/P1470512-50x38.jpg 50w, https:\/\/newsestlyonnais.fr\/site\/wp-content\/uploads\/2022\/04\/P1470512-100x75.jpg 100w, https:\/\/newsestlyonnais.fr\/site\/wp-content\/uploads\/2022\/04\/P1470512-200x150.jpg 200w, https:\/\/newsestlyonnais.fr\/site\/wp-content\/uploads\/2022\/04\/P1470512-300x225.jpg 300w, https:\/\/newsestlyonnais.fr\/site\/wp-content\/uploads\/2022\/04\/P1470512-350x263.jpg 350w, https:\/\/newsestlyonnais.fr\/site\/wp-content\/uploads\/2022\/04\/P1470512-450x338.jpg 450w, https:\/\/newsestlyonnais.fr\/site\/wp-content\/uploads\/2022\/04\/P1470512-500x375.jpg 500w, https:\/\/newsestlyonnais.fr\/site\/wp-content\/uploads\/2022\/04\/P1470512-550x413.jpg 550w, https:\/\/newsestlyonnais.fr\/site\/wp-content\/uploads\/2022\/04\/P1470512-800x600.jpg 800w, https:\/\/newsestlyonnais.fr\/site\/wp-content\/uploads\/2022\/04\/P1470512.jpg 1200w\" sizes=\"auto, (max-width: 150px) 100vw, 150px\" \/><\/a>\n\t\t\t<\/div>\n\t\t\t\t<figcaption class='wp-caption-text gallery-caption' id='gallery-1-153214'>\n\t\t\t\tAnthony Frontera futur vainqueur du 10 km !\n\t\t\t\t<\/figcaption><\/figure><figure class='gallery-item'>\n\t\t\t<div class='gallery-icon landscape'>\n\t\t\t\t<a href='https:\/\/newsestlyonnais.fr\/site\/2022\/04\/17\/chassieu-plus-de-300-a-courir-ce-dimanche-matin\/p1470574\/'><img loading=\"lazy\" decoding=\"async\" width=\"150\" height=\"113\" src=\"https:\/\/newsestlyonnais.fr\/site\/wp-content\/uploads\/2022\/04\/P1470574-250x188.jpg\" class=\"attachment-thumbnail size-thumbnail\" alt=\"\" aria-describedby=\"gallery-1-153213\" srcset=\"https:\/\/newsestlyonnais.fr\/site\/wp-content\/uploads\/2022\/04\/P1470574-250x188.jpg 250w, https:\/\/newsestlyonnais.fr\/site\/wp-content\/uploads\/2022\/04\/P1470574-400x300.jpg 400w, https:\/\/newsestlyonnais.fr\/site\/wp-content\/uploads\/2022\/04\/P1470574-650x488.jpg 650w, https:\/\/newsestlyonnais.fr\/site\/wp-content\/uploads\/2022\/04\/P1470574-768x576.jpg 768w, https:\/\/newsestlyonnais.fr\/site\/wp-content\/uploads\/2022\/04\/P1470574-150x113.jpg 150w, https:\/\/newsestlyonnais.fr\/site\/wp-content\/uploads\/2022\/04\/P1470574-50x38.jpg 50w, https:\/\/newsestlyonnais.fr\/site\/wp-content\/uploads\/2022\/04\/P1470574-100x75.jpg 100w, https:\/\/newsestlyonnais.fr\/site\/wp-content\/uploads\/2022\/04\/P1470574-200x150.jpg 200w, https:\/\/newsestlyonnais.fr\/site\/wp-content\/uploads\/2022\/04\/P1470574-300x225.jpg 300w, https:\/\/newsestlyonnais.fr\/site\/wp-content\/uploads\/2022\/04\/P1470574-350x263.jpg 350w, https:\/\/newsestlyonnais.fr\/site\/wp-content\/uploads\/2022\/04\/P1470574-450x338.jpg 450w, https:\/\/newsestlyonnais.fr\/site\/wp-content\/uploads\/2022\/04\/P1470574-500x375.jpg 500w, https:\/\/newsestlyonnais.fr\/site\/wp-content\/uploads\/2022\/04\/P1470574-550x413.jpg 550w, https:\/\/newsestlyonnais.fr\/site\/wp-content\/uploads\/2022\/04\/P1470574-800x600.jpg 800w, https:\/\/newsestlyonnais.fr\/site\/wp-content\/uploads\/2022\/04\/P1470574.jpg 1200w\" sizes=\"auto, (max-width: 150px) 100vw, 150px\" \/><\/a>\n\t\t\t<\/div>\n\t\t\t\t<figcaption class='wp-caption-text gallery-caption' id='gallery-1-153213'>\n\t\t\t\tKarine Pignol entre au stade et va remporter la course des 10 km\n\t\t\t\t<\/figcaption><\/figure><figure class='gallery-item'>\n\t\t\t<div class='gallery-icon landscape'>\n\t\t\t\t<a href='https:\/\/newsestlyonnais.fr\/site\/2022\/04\/17\/chassieu-plus-de-300-a-courir-ce-dimanche-matin\/p1470485\/'><img loading=\"lazy\" decoding=\"async\" width=\"150\" height=\"113\" src=\"https:\/\/newsestlyonnais.fr\/site\/wp-content\/uploads\/2022\/04\/P1470485-250x188.jpg\" class=\"attachment-thumbnail size-thumbnail\" alt=\"\" aria-describedby=\"gallery-1-153191\" srcset=\"https:\/\/newsestlyonnais.fr\/site\/wp-content\/uploads\/2022\/04\/P1470485-250x188.jpg 250w, https:\/\/newsestlyonnais.fr\/site\/wp-content\/uploads\/2022\/04\/P1470485-400x300.jpg 400w, https:\/\/newsestlyonnais.fr\/site\/wp-content\/uploads\/2022\/04\/P1470485-650x488.jpg 650w, https:\/\/newsestlyonnais.fr\/site\/wp-content\/uploads\/2022\/04\/P1470485-768x576.jpg 768w, https:\/\/newsestlyonnais.fr\/site\/wp-content\/uploads\/2022\/04\/P1470485-150x113.jpg 150w, https:\/\/newsestlyonnais.fr\/site\/wp-content\/uploads\/2022\/04\/P1470485-50x38.jpg 50w, https:\/\/newsestlyonnais.fr\/site\/wp-content\/uploads\/2022\/04\/P1470485-100x75.jpg 100w, https:\/\/newsestlyonnais.fr\/site\/wp-content\/uploads\/2022\/04\/P1470485-200x150.jpg 200w, https:\/\/newsestlyonnais.fr\/site\/wp-content\/uploads\/2022\/04\/P1470485-300x225.jpg 300w, https:\/\/newsestlyonnais.fr\/site\/wp-content\/uploads\/2022\/04\/P1470485-350x263.jpg 350w, https:\/\/newsestlyonnais.fr\/site\/wp-content\/uploads\/2022\/04\/P1470485-450x338.jpg 450w, https:\/\/newsestlyonnais.fr\/site\/wp-content\/uploads\/2022\/04\/P1470485-500x375.jpg 500w, https:\/\/newsestlyonnais.fr\/site\/wp-content\/uploads\/2022\/04\/P1470485-550x413.jpg 550w, https:\/\/newsestlyonnais.fr\/site\/wp-content\/uploads\/2022\/04\/P1470485-800x600.jpg 800w, https:\/\/newsestlyonnais.fr\/site\/wp-content\/uploads\/2022\/04\/P1470485.jpg 1200w\" sizes=\"auto, (max-width: 150px) 100vw, 150px\" \/><\/a>\n\t\t\t<\/div>\n\t\t\t\t<figcaption class='wp-caption-text gallery-caption' id='gallery-1-153191'>\n\t\t\t\tL&rsquo;AFA Feyzin-V\u00e9nissieux sur le 10 km avec 4 marcheurs !\n\t\t\t\t<\/figcaption><\/figure><figure class='gallery-item'>\n\t\t\t<div class='gallery-icon portrait'>\n\t\t\t\t<a href='https:\/\/newsestlyonnais.fr\/site\/2022\/04\/17\/chassieu-plus-de-300-a-courir-ce-dimanche-matin\/p1470541\/'><img loading=\"lazy\" decoding=\"async\" width=\"113\" height=\"150\" src=\"https:\/\/newsestlyonnais.fr\/site\/wp-content\/uploads\/2022\/04\/P1470541-250x333.jpg\" class=\"attachment-thumbnail size-thumbnail\" alt=\"\" aria-describedby=\"gallery-1-153209\" srcset=\"https:\/\/newsestlyonnais.fr\/site\/wp-content\/uploads\/2022\/04\/P1470541-250x333.jpg 250w, https:\/\/newsestlyonnais.fr\/site\/wp-content\/uploads\/2022\/04\/P1470541-400x533.jpg 400w, https:\/\/newsestlyonnais.fr\/site\/wp-content\/uploads\/2022\/04\/P1470541-650x867.jpg 650w, https:\/\/newsestlyonnais.fr\/site\/wp-content\/uploads\/2022\/04\/P1470541-768x1024.jpg 768w, https:\/\/newsestlyonnais.fr\/site\/wp-content\/uploads\/2022\/04\/P1470541-150x200.jpg 150w, https:\/\/newsestlyonnais.fr\/site\/wp-content\/uploads\/2022\/04\/P1470541-50x67.jpg 50w, https:\/\/newsestlyonnais.fr\/site\/wp-content\/uploads\/2022\/04\/P1470541-100x133.jpg 100w, https:\/\/newsestlyonnais.fr\/site\/wp-content\/uploads\/2022\/04\/P1470541-200x267.jpg 200w, https:\/\/newsestlyonnais.fr\/site\/wp-content\/uploads\/2022\/04\/P1470541-300x400.jpg 300w, https:\/\/newsestlyonnais.fr\/site\/wp-content\/uploads\/2022\/04\/P1470541-350x467.jpg 350w, https:\/\/newsestlyonnais.fr\/site\/wp-content\/uploads\/2022\/04\/P1470541-450x600.jpg 450w, https:\/\/newsestlyonnais.fr\/site\/wp-content\/uploads\/2022\/04\/P1470541-500x667.jpg 500w, https:\/\/newsestlyonnais.fr\/site\/wp-content\/uploads\/2022\/04\/P1470541-550x733.jpg 550w, https:\/\/newsestlyonnais.fr\/site\/wp-content\/uploads\/2022\/04\/P1470541-800x1067.jpg 800w, https:\/\/newsestlyonnais.fr\/site\/wp-content\/uploads\/2022\/04\/P1470541.jpg 900w\" sizes=\"auto, (max-width: 113px) 100vw, 113px\" \/><\/a>\n\t\t\t<\/div>\n\t\t\t\t<figcaption class='wp-caption-text gallery-caption' id='gallery-1-153209'>\n\t\t\t\tFaustin Garreau a couvert les 10 km en 47&prime; 36 \u00e0 la marche !\n\t\t\t\t<\/figcaption><\/figure><figure class='gallery-item'>\n\t\t\t<div class='gallery-icon landscape'>\n\t\t\t\t<a href='https:\/\/newsestlyonnais.fr\/site\/2022\/04\/17\/chassieu-plus-de-300-a-courir-ce-dimanche-matin\/p1470493\/'><img loading=\"lazy\" decoding=\"async\" width=\"150\" height=\"113\" src=\"https:\/\/newsestlyonnais.fr\/site\/wp-content\/uploads\/2022\/04\/P1470493-250x188.jpg\" class=\"attachment-thumbnail size-thumbnail\" alt=\"\" aria-describedby=\"gallery-1-153192\" srcset=\"https:\/\/newsestlyonnais.fr\/site\/wp-content\/uploads\/2022\/04\/P1470493-250x188.jpg 250w, https:\/\/newsestlyonnais.fr\/site\/wp-content\/uploads\/2022\/04\/P1470493-400x300.jpg 400w, https:\/\/newsestlyonnais.fr\/site\/wp-content\/uploads\/2022\/04\/P1470493-650x488.jpg 650w, https:\/\/newsestlyonnais.fr\/site\/wp-content\/uploads\/2022\/04\/P1470493-768x576.jpg 768w, https:\/\/newsestlyonnais.fr\/site\/wp-content\/uploads\/2022\/04\/P1470493-150x113.jpg 150w, https:\/\/newsestlyonnais.fr\/site\/wp-content\/uploads\/2022\/04\/P1470493-50x38.jpg 50w, https:\/\/newsestlyonnais.fr\/site\/wp-content\/uploads\/2022\/04\/P1470493-100x75.jpg 100w, https:\/\/newsestlyonnais.fr\/site\/wp-content\/uploads\/2022\/04\/P1470493-200x150.jpg 200w, https:\/\/newsestlyonnais.fr\/site\/wp-content\/uploads\/2022\/04\/P1470493-300x225.jpg 300w, https:\/\/newsestlyonnais.fr\/site\/wp-content\/uploads\/2022\/04\/P1470493-350x263.jpg 350w, https:\/\/newsestlyonnais.fr\/site\/wp-content\/uploads\/2022\/04\/P1470493-450x338.jpg 450w, https:\/\/newsestlyonnais.fr\/site\/wp-content\/uploads\/2022\/04\/P1470493-500x375.jpg 500w, https:\/\/newsestlyonnais.fr\/site\/wp-content\/uploads\/2022\/04\/P1470493-550x413.jpg 550w, https:\/\/newsestlyonnais.fr\/site\/wp-content\/uploads\/2022\/04\/P1470493-800x600.jpg 800w, https:\/\/newsestlyonnais.fr\/site\/wp-content\/uploads\/2022\/04\/P1470493.jpg 1200w\" sizes=\"auto, (max-width: 150px) 100vw, 150px\" \/><\/a>\n\t\t\t<\/div>\n\t\t\t\t<figcaption class='wp-caption-text gallery-caption' id='gallery-1-153192'>\n\t\t\t\tLa Foul\u00e9e Muroise pr\u00e9sente avec notamment son pr\u00e9sident Td Nguyen Khac \n\t\t\t\t<\/figcaption><\/figure>\n\t\t<\/div>\n\n","protected":false},"excerpt":{"rendered":"<p>En plein week-end pascal et pendant les vacances scolaires, cette course apr\u00e8s 2 ans d&rsquo;interruption a malgr\u00e9 tout connu une belle participation.<\/p>\n","protected":false},"author":4,"featured_media":153186,"comment_status":"open","ping_status":"open","sticky":false,"template":"","format":"standard","meta":{"footnotes":""},"categories":[2968,1283,2],"tags":[4233,1996,2410,2283],"class_list":["post-153183","post","type-post","status-publish","format-standard","has-post-thumbnail","hentry","category-athle-course-pied-marche","category-chassieu-communes-diverses","category-sports","tag-225-events","tag-chassieu","tag-chassieu-athle","tag-course-pedestre"],"yoast_head":"<!-- This site is optimized with the Yoast SEO plugin v27.2 - https:\/\/yoast.com\/product\/yoast-seo-wordpress\/ -->\n<title>CHASSIEU | Plus de 300 \u00e0 courir ce dimanche matin - News Est Lyonnais<\/title>\n<meta name=\"description\" content=\"CHASSIEU | Plus de 300 \u00e0 courir ce dimanche matin\" \/>\n<meta name=\"robots\" content=\"index, follow, max-snippet:-1, max-image-preview:large, max-video-preview:-1\" \/>\n<link rel=\"canonical\" href=\"https:\/\/newsestlyonnais.fr\/site\/2022\/04\/17\/chassieu-plus-de-300-a-courir-ce-dimanche-matin\/\" \/>\n<meta property=\"og:locale\" content=\"fr_FR\" \/>\n<meta property=\"og:type\" content=\"article\" \/>\n<meta property=\"og:title\" content=\"CHASSIEU | Plus de 300 \u00e0 courir ce dimanche matin - News Est Lyonnais\" \/>\n<meta property=\"og:description\" content=\"CHASSIEU | Plus de 300 \u00e0 courir ce dimanche matin\" \/>\n<meta property=\"og:url\" content=\"https:\/\/newsestlyonnais.fr\/site\/2022\/04\/17\/chassieu-plus-de-300-a-courir-ce-dimanche-matin\/\" \/>\n<meta property=\"og:site_name\" content=\"News Est Lyonnais\" \/>\n<meta property=\"article:author\" content=\"https:\/\/www.facebook.com\/pascal.oberson.1?fref=ts\" \/>\n<meta property=\"article:published_time\" content=\"2022-04-17T15:15:28+00:00\" \/>\n<meta property=\"article:modified_time\" content=\"2022-04-19T17:24:25+00:00\" \/>\n<meta property=\"og:image\" content=\"https:\/\/newsestlyonnais.fr\/site\/wp-content\/uploads\/2022\/04\/P1470483.jpg\" \/>\n\t<meta property=\"og:image:width\" content=\"1200\" \/>\n\t<meta property=\"og:image:height\" content=\"900\" \/>\n\t<meta property=\"og:image:type\" content=\"image\/jpeg\" \/>\n<meta name=\"author\" content=\"R\u00e9dac. NEWS\" \/>\n<meta name=\"twitter:card\" content=\"summary_large_image\" \/>\n<meta name=\"twitter:label1\" content=\"\u00c9crit par\" \/>\n\t<meta name=\"twitter:data1\" content=\"R\u00e9dac. NEWS\" \/>\n\t<meta name=\"twitter:label2\" content=\"Dur\u00e9e de lecture estim\u00e9e\" \/>\n\t<meta name=\"twitter:data2\" content=\"1 minute\" \/>\n<script type=\"application\/ld+json\" class=\"yoast-schema-graph\">{\"@context\":\"https:\/\/schema.org\",\"@graph\":[{\"@type\":\"Article\",\"@id\":\"https:\/\/newsestlyonnais.fr\/site\/2022\/04\/17\/chassieu-plus-de-300-a-courir-ce-dimanche-matin\/#article\",\"isPartOf\":{\"@id\":\"https:\/\/newsestlyonnais.fr\/site\/2022\/04\/17\/chassieu-plus-de-300-a-courir-ce-dimanche-matin\/\"},\"author\":{\"name\":\"R\u00e9dac. NEWS\",\"@id\":\"https:\/\/newsestlyonnais.fr\/site\/#\/schema\/person\/3230d5615f390bb808365d673001e887\"},\"headline\":\"CHASSIEU | Plus de 300 \u00e0 courir ce dimanche matin\",\"datePublished\":\"2022-04-17T15:15:28+00:00\",\"dateModified\":\"2022-04-19T17:24:25+00:00\",\"mainEntityOfPage\":{\"@id\":\"https:\/\/newsestlyonnais.fr\/site\/2022\/04\/17\/chassieu-plus-de-300-a-courir-ce-dimanche-matin\/\"},\"wordCount\":155,\"commentCount\":0,\"publisher\":{\"@id\":\"https:\/\/newsestlyonnais.fr\/site\/#organization\"},\"image\":{\"@id\":\"https:\/\/newsestlyonnais.fr\/site\/2022\/04\/17\/chassieu-plus-de-300-a-courir-ce-dimanche-matin\/#primaryimage\"},\"thumbnailUrl\":\"https:\/\/newsestlyonnais.fr\/site\/wp-content\/uploads\/2022\/04\/P1470483.jpg\",\"keywords\":[\"225 EVENTS\",\"Chassieu\",\"CHASSIEU ATHLE\",\"course p\u00e9destre\"],\"articleSection\":[\"Athl\u00e9 | Course pied | Marche\",\"Chassieu | Communes diverses\",\"Sports\"],\"inLanguage\":\"fr-FR\",\"potentialAction\":[{\"@type\":\"CommentAction\",\"name\":\"Comment\",\"target\":[\"https:\/\/newsestlyonnais.fr\/site\/2022\/04\/17\/chassieu-plus-de-300-a-courir-ce-dimanche-matin\/#respond\"]}]},{\"@type\":\"WebPage\",\"@id\":\"https:\/\/newsestlyonnais.fr\/site\/2022\/04\/17\/chassieu-plus-de-300-a-courir-ce-dimanche-matin\/\",\"url\":\"https:\/\/newsestlyonnais.fr\/site\/2022\/04\/17\/chassieu-plus-de-300-a-courir-ce-dimanche-matin\/\",\"name\":\"CHASSIEU | Plus de 300 \u00e0 courir ce dimanche matin - News Est Lyonnais\",\"isPartOf\":{\"@id\":\"https:\/\/newsestlyonnais.fr\/site\/#website\"},\"primaryImageOfPage\":{\"@id\":\"https:\/\/newsestlyonnais.fr\/site\/2022\/04\/17\/chassieu-plus-de-300-a-courir-ce-dimanche-matin\/#primaryimage\"},\"image\":{\"@id\":\"https:\/\/newsestlyonnais.fr\/site\/2022\/04\/17\/chassieu-plus-de-300-a-courir-ce-dimanche-matin\/#primaryimage\"},\"thumbnailUrl\":\"https:\/\/newsestlyonnais.fr\/site\/wp-content\/uploads\/2022\/04\/P1470483.jpg\",\"datePublished\":\"2022-04-17T15:15:28+00:00\",\"dateModified\":\"2022-04-19T17:24:25+00:00\",\"description\":\"CHASSIEU | Plus de 300 \u00e0 courir ce dimanche matin\",\"breadcrumb\":{\"@id\":\"https:\/\/newsestlyonnais.fr\/site\/2022\/04\/17\/chassieu-plus-de-300-a-courir-ce-dimanche-matin\/#breadcrumb\"},\"inLanguage\":\"fr-FR\",\"potentialAction\":[{\"@type\":\"ReadAction\",\"target\":[\"https:\/\/newsestlyonnais.fr\/site\/2022\/04\/17\/chassieu-plus-de-300-a-courir-ce-dimanche-matin\/\"]}]},{\"@type\":\"ImageObject\",\"inLanguage\":\"fr-FR\",\"@id\":\"https:\/\/newsestlyonnais.fr\/site\/2022\/04\/17\/chassieu-plus-de-300-a-courir-ce-dimanche-matin\/#primaryimage\",\"url\":\"https:\/\/newsestlyonnais.fr\/site\/wp-content\/uploads\/2022\/04\/P1470483.jpg\",\"contentUrl\":\"https:\/\/newsestlyonnais.fr\/site\/wp-content\/uploads\/2022\/04\/P1470483.jpg\",\"width\":1200,\"height\":900},{\"@type\":\"BreadcrumbList\",\"@id\":\"https:\/\/newsestlyonnais.fr\/site\/2022\/04\/17\/chassieu-plus-de-300-a-courir-ce-dimanche-matin\/#breadcrumb\",\"itemListElement\":[{\"@type\":\"ListItem\",\"position\":1,\"name\":\"Accueil\",\"item\":\"https:\/\/newsestlyonnais.fr\/site\/\"},{\"@type\":\"ListItem\",\"position\":2,\"name\":\"CHASSIEU | Plus de 300 \u00e0 courir ce dimanche matin\"}]},{\"@type\":\"WebSite\",\"@id\":\"https:\/\/newsestlyonnais.fr\/site\/#website\",\"url\":\"https:\/\/newsestlyonnais.fr\/site\/\",\"name\":\"News Est Lyonnais\",\"description\":\"L&#039;actualit\u00e9 au plus pr\u00e8s\",\"publisher\":{\"@id\":\"https:\/\/newsestlyonnais.fr\/site\/#organization\"},\"potentialAction\":[{\"@type\":\"SearchAction\",\"target\":{\"@type\":\"EntryPoint\",\"urlTemplate\":\"https:\/\/newsestlyonnais.fr\/site\/?s={search_term_string}\"},\"query-input\":{\"@type\":\"PropertyValueSpecification\",\"valueRequired\":true,\"valueName\":\"search_term_string\"}}],\"inLanguage\":\"fr-FR\"},{\"@type\":\"Organization\",\"@id\":\"https:\/\/newsestlyonnais.fr\/site\/#organization\",\"name\":\"News EST LYONNAIS\",\"url\":\"https:\/\/newsestlyonnais.fr\/site\/\",\"logo\":{\"@type\":\"ImageObject\",\"inLanguage\":\"fr-FR\",\"@id\":\"https:\/\/newsestlyonnais.fr\/site\/#\/schema\/logo\/image\/\",\"url\":\"\",\"contentUrl\":\"\",\"caption\":\"News EST LYONNAIS\"},\"image\":{\"@id\":\"https:\/\/newsestlyonnais.fr\/site\/#\/schema\/logo\/image\/\"}},{\"@type\":\"Person\",\"@id\":\"https:\/\/newsestlyonnais.fr\/site\/#\/schema\/person\/3230d5615f390bb808365d673001e887\",\"name\":\"R\u00e9dac. NEWS\",\"sameAs\":[\"http:\/\/www.newsestlyonnais.fr\",\"https:\/\/www.facebook.com\/pascal.oberson.1?fref=ts\",\"https:\/\/fr.linkedin.com\/in\/pascal-oberson-b17045113\"],\"url\":\"https:\/\/newsestlyonnais.fr\/site\/author\/nel\/\"}]}<\/script>\n<!-- \/ Yoast SEO plugin. -->","yoast_head_json":{"title":"CHASSIEU | Plus de 300 \u00e0 courir ce dimanche matin - News Est Lyonnais","description":"CHASSIEU | Plus de 300 \u00e0 courir ce dimanche matin","robots":{"index":"index","follow":"follow","max-snippet":"max-snippet:-1","max-image-preview":"max-image-preview:large","max-video-preview":"max-video-preview:-1"},"canonical":"https:\/\/newsestlyonnais.fr\/site\/2022\/04\/17\/chassieu-plus-de-300-a-courir-ce-dimanche-matin\/","og_locale":"fr_FR","og_type":"article","og_title":"CHASSIEU | Plus de 300 \u00e0 courir ce dimanche matin - News Est Lyonnais","og_description":"CHASSIEU | Plus de 300 \u00e0 courir ce dimanche matin","og_url":"https:\/\/newsestlyonnais.fr\/site\/2022\/04\/17\/chassieu-plus-de-300-a-courir-ce-dimanche-matin\/","og_site_name":"News Est Lyonnais","article_author":"https:\/\/www.facebook.com\/pascal.oberson.1?fref=ts","article_published_time":"2022-04-17T15:15:28+00:00","article_modified_time":"2022-04-19T17:24:25+00:00","og_image":[{"width":1200,"height":900,"url":"https:\/\/newsestlyonnais.fr\/site\/wp-content\/uploads\/2022\/04\/P1470483.jpg","type":"image\/jpeg"}],"author":"R\u00e9dac. NEWS","twitter_card":"summary_large_image","twitter_misc":{"\u00c9crit par":"R\u00e9dac. NEWS","Dur\u00e9e de lecture estim\u00e9e":"1 minute"},"schema":{"@context":"https:\/\/schema.org","@graph":[{"@type":"Article","@id":"https:\/\/newsestlyonnais.fr\/site\/2022\/04\/17\/chassieu-plus-de-300-a-courir-ce-dimanche-matin\/#article","isPartOf":{"@id":"https:\/\/newsestlyonnais.fr\/site\/2022\/04\/17\/chassieu-plus-de-300-a-courir-ce-dimanche-matin\/"},"author":{"name":"R\u00e9dac. NEWS","@id":"https:\/\/newsestlyonnais.fr\/site\/#\/schema\/person\/3230d5615f390bb808365d673001e887"},"headline":"CHASSIEU | Plus de 300 \u00e0 courir ce dimanche matin","datePublished":"2022-04-17T15:15:28+00:00","dateModified":"2022-04-19T17:24:25+00:00","mainEntityOfPage":{"@id":"https:\/\/newsestlyonnais.fr\/site\/2022\/04\/17\/chassieu-plus-de-300-a-courir-ce-dimanche-matin\/"},"wordCount":155,"commentCount":0,"publisher":{"@id":"https:\/\/newsestlyonnais.fr\/site\/#organization"},"image":{"@id":"https:\/\/newsestlyonnais.fr\/site\/2022\/04\/17\/chassieu-plus-de-300-a-courir-ce-dimanche-matin\/#primaryimage"},"thumbnailUrl":"https:\/\/newsestlyonnais.fr\/site\/wp-content\/uploads\/2022\/04\/P1470483.jpg","keywords":["225 EVENTS","Chassieu","CHASSIEU ATHLE","course p\u00e9destre"],"articleSection":["Athl\u00e9 | Course pied | Marche","Chassieu | Communes diverses","Sports"],"inLanguage":"fr-FR","potentialAction":[{"@type":"CommentAction","name":"Comment","target":["https:\/\/newsestlyonnais.fr\/site\/2022\/04\/17\/chassieu-plus-de-300-a-courir-ce-dimanche-matin\/#respond"]}]},{"@type":"WebPage","@id":"https:\/\/newsestlyonnais.fr\/site\/2022\/04\/17\/chassieu-plus-de-300-a-courir-ce-dimanche-matin\/","url":"https:\/\/newsestlyonnais.fr\/site\/2022\/04\/17\/chassieu-plus-de-300-a-courir-ce-dimanche-matin\/","name":"CHASSIEU | Plus de 300 \u00e0 courir ce dimanche matin - News Est Lyonnais","isPartOf":{"@id":"https:\/\/newsestlyonnais.fr\/site\/#website"},"primaryImageOfPage":{"@id":"https:\/\/newsestlyonnais.fr\/site\/2022\/04\/17\/chassieu-plus-de-300-a-courir-ce-dimanche-matin\/#primaryimage"},"image":{"@id":"https:\/\/newsestlyonnais.fr\/site\/2022\/04\/17\/chassieu-plus-de-300-a-courir-ce-dimanche-matin\/#primaryimage"},"thumbnailUrl":"https:\/\/newsestlyonnais.fr\/site\/wp-content\/uploads\/2022\/04\/P1470483.jpg","datePublished":"2022-04-17T15:15:28+00:00","dateModified":"2022-04-19T17:24:25+00:00","description":"CHASSIEU | Plus de 300 \u00e0 courir ce dimanche matin","breadcrumb":{"@id":"https:\/\/newsestlyonnais.fr\/site\/2022\/04\/17\/chassieu-plus-de-300-a-courir-ce-dimanche-matin\/#breadcrumb"},"inLanguage":"fr-FR","potentialAction":[{"@type":"ReadAction","target":["https:\/\/newsestlyonnais.fr\/site\/2022\/04\/17\/chassieu-plus-de-300-a-courir-ce-dimanche-matin\/"]}]},{"@type":"ImageObject","inLanguage":"fr-FR","@id":"https:\/\/newsestlyonnais.fr\/site\/2022\/04\/17\/chassieu-plus-de-300-a-courir-ce-dimanche-matin\/#primaryimage","url":"https:\/\/newsestlyonnais.fr\/site\/wp-content\/uploads\/2022\/04\/P1470483.jpg","contentUrl":"https:\/\/newsestlyonnais.fr\/site\/wp-content\/uploads\/2022\/04\/P1470483.jpg","width":1200,"height":900},{"@type":"BreadcrumbList","@id":"https:\/\/newsestlyonnais.fr\/site\/2022\/04\/17\/chassieu-plus-de-300-a-courir-ce-dimanche-matin\/#breadcrumb","itemListElement":[{"@type":"ListItem","position":1,"name":"Accueil","item":"https:\/\/newsestlyonnais.fr\/site\/"},{"@type":"ListItem","position":2,"name":"CHASSIEU | Plus de 300 \u00e0 courir ce dimanche matin"}]},{"@type":"WebSite","@id":"https:\/\/newsestlyonnais.fr\/site\/#website","url":"https:\/\/newsestlyonnais.fr\/site\/","name":"News Est Lyonnais","description":"L&#039;actualit\u00e9 au plus pr\u00e8s","publisher":{"@id":"https:\/\/newsestlyonnais.fr\/site\/#organization"},"potentialAction":[{"@type":"SearchAction","target":{"@type":"EntryPoint","urlTemplate":"https:\/\/newsestlyonnais.fr\/site\/?s={search_term_string}"},"query-input":{"@type":"PropertyValueSpecification","valueRequired":true,"valueName":"search_term_string"}}],"inLanguage":"fr-FR"},{"@type":"Organization","@id":"https:\/\/newsestlyonnais.fr\/site\/#organization","name":"News EST LYONNAIS","url":"https:\/\/newsestlyonnais.fr\/site\/","logo":{"@type":"ImageObject","inLanguage":"fr-FR","@id":"https:\/\/newsestlyonnais.fr\/site\/#\/schema\/logo\/image\/","url":"","contentUrl":"","caption":"News EST LYONNAIS"},"image":{"@id":"https:\/\/newsestlyonnais.fr\/site\/#\/schema\/logo\/image\/"}},{"@type":"Person","@id":"https:\/\/newsestlyonnais.fr\/site\/#\/schema\/person\/3230d5615f390bb808365d673001e887","name":"R\u00e9dac. NEWS","sameAs":["http:\/\/www.newsestlyonnais.fr","https:\/\/www.facebook.com\/pascal.oberson.1?fref=ts","https:\/\/fr.linkedin.com\/in\/pascal-oberson-b17045113"],"url":"https:\/\/newsestlyonnais.fr\/site\/author\/nel\/"}]}},"_links":{"self":[{"href":"https:\/\/newsestlyonnais.fr\/site\/wp-json\/wp\/v2\/posts\/153183","targetHints":{"allow":["GET"]}}],"collection":[{"href":"https:\/\/newsestlyonnais.fr\/site\/wp-json\/wp\/v2\/posts"}],"about":[{"href":"https:\/\/newsestlyonnais.fr\/site\/wp-json\/wp\/v2\/types\/post"}],"author":[{"embeddable":true,"href":"https:\/\/newsestlyonnais.fr\/site\/wp-json\/wp\/v2\/users\/4"}],"replies":[{"embeddable":true,"href":"https:\/\/newsestlyonnais.fr\/site\/wp-json\/wp\/v2\/comments?post=153183"}],"version-history":[{"count":0,"href":"https:\/\/newsestlyonnais.fr\/site\/wp-json\/wp\/v2\/posts\/153183\/revisions"}],"wp:featuredmedia":[{"embeddable":true,"href":"https:\/\/newsestlyonnais.fr\/site\/wp-json\/wp\/v2\/media\/153186"}],"wp:attachment":[{"href":"https:\/\/newsestlyonnais.fr\/site\/wp-json\/wp\/v2\/media?parent=153183"}],"wp:term":[{"taxonomy":"category","embeddable":true,"href":"https:\/\/newsestlyonnais.fr\/site\/wp-json\/wp\/v2\/categories?post=153183"},{"taxonomy":"post_tag","embeddable":true,"href":"https:\/\/newsestlyonnais.fr\/site\/wp-json\/wp\/v2\/tags?post=153183"}],"curies":[{"name":"wp","href":"https:\/\/api.w.org\/{rel}","templated":true}]}}