{"id":153662,"date":"2022-04-25T05:15:17","date_gmt":"2022-04-25T04:15:17","guid":{"rendered":"https:\/\/newsestlyonnais.fr\/site\/?p=153662"},"modified":"2022-04-29T07:22:28","modified_gmt":"2022-04-29T06:22:28","slug":"gwenaelle-collomb-je-suis-bien-entouree-avec-un-bureau-100-feminin-et-compose-de-10-membres","status":"publish","type":"post","link":"https:\/\/newsestlyonnais.fr\/site\/2022\/04\/25\/gwenaelle-collomb-je-suis-bien-entouree-avec-un-bureau-100-feminin-et-compose-de-10-membres\/","title":{"rendered":"Gwenaelle Collomb \u00a0\u00bb Je suis bien entour\u00e9e avec un bureau 100 % f\u00e9minin et compos\u00e9 de 10 membres \u00ab\u00a0"},"content":{"rendered":"<p><span style=\"background-color: #000000; color: #ffffff; font-size: 14pt;\"><strong>Depuis quand \u00eates-vous au bureau, \u00e0 la pr\u00e9sidence ?<\/strong><\/span><\/p>\n<p>\u00bb Je suis entr\u00e9e au bureau en 2018 pour donner un coup de main en occupant le poste de secr\u00e9taire. <strong>J&rsquo;en suis devenu pr\u00e9sidente pendant le confinement en mars 2020<\/strong>. Je suis bien entour\u00e9e avec un bureau 100 % f\u00e9minin compos\u00e9 de 10 membres (4 au comit\u00e9 directeur, 6 au conseil d&rsquo;administration). On peut aussi compter sur des b\u00e9n\u00e9voles, des parent(e)s d&rsquo;adh\u00e9rent(e)s, qui nous aident pour l&rsquo;organisation d&rsquo;\u00e9v\u00e8nements.<\/p>\n<p><strong>Je suis pass\u00e9e par tous les statuts au sein du club<\/strong> de gymnaste, monitrice, juge, secr\u00e9taire et enfin pr\u00e9sidente\u00a0\u00bb\u00bb.<\/p>\n<p><span style=\"background-color: #000000; color: #ffffff; font-size: 14pt;\"><strong>Vous avez \u00e9galement pratiqu\u00e9 la GRS (Gymnastique Rythmique et Sportive) ? <\/strong><\/span><\/p>\n<p>\u00bb J&rsquo;ai effectivement \u00e9t\u00e9 gymnaste (au club depuis 1990) et particip\u00e9 \u00e0 de nombreuses comp\u00e9titions individuellement ou collectivement. Avec le club genassien, j&rsquo;ai \u00e9t\u00e9 5 fois vice-championne nationale Ufolep en \u00e9quipes, de la fin des ann\u00e9es 90 \u00e0 2004 \u00ab\u00a0.<\/p>\n<hr \/>\n<p><span style=\"background-color: #000000; color: #ffffff; font-size: 14pt;\"><strong>Concernant le club, o\u00f9 en est son effectif ?<\/strong><\/span><\/p>\n<p>\u00bb <strong>L&rsquo;association a \u00e9t\u00e9 cr\u00e9\u00e9e en avril 1984<\/strong>, en tant que sous-section de l&rsquo;ESGA JUDO JUJITSU GRS GE, elle a pris son ind\u00e9pendance en d\u00e9cembre 1993.<\/p>\n<p><strong>Notre club qui est affili\u00e9 \u00e0 l&rsquo;UFOLEP est compos\u00e9 de 130 membres<\/strong> comprenant des gymnastes (dont un homme !), 4 monitrices et les membres du bureau.<\/p>\n<p>Parmi elles, une trentaine de licenci\u00e9es sont inscrites dans la <strong>nouvelle section \u00ab\u00a0Jump\u00a0\u00bb<\/strong>: des ados et adultes de 16 \u00e0 58 ans qui sont dirig\u00e9es par 2 \u00e9ducatrices municipales et qui pratiquent de mani\u00e8re ludique et sans comp\u00e9tition<\/p>\n<p>On est <strong>un des plus gros clubs de l&rsquo;agglom\u00e9ration au niveau des adh\u00e9rents<\/strong> \u00bb.<\/p>\n<hr \/>\n<p><span style=\"background-color: #000000; color: #ffffff; font-size: 14pt;\"><strong>Quels sont les projets mis en place ?<\/strong><\/span><\/p>\n<p><strong>\u00ab <\/strong> On avait d\u00e9marr\u00e9 l&rsquo;an dernier et poursuivi cette saison, <strong>des stages internes<\/strong> pour les tous petits pendant les vacances scolaires. On a \u00e9galement mis en place <strong>des stages sp\u00e9cifiques<\/strong> (danse classique, zumba, bollywood, souplesse, acrobatie, expressions), gr\u00e2ce \u00e0 de nouveaux partenaires afin d&rsquo;aider nos groupes.<\/p>\n<p>On a aussi investi dans <strong>une super mascotte \u00ab\u00a0Stitch\u00a0\u00bb<\/strong>, qui a \u00e9t\u00e9 d\u00e9sign\u00e9e par nos adh\u00e9rentes parmi les 3 propos\u00e9es et qui nous accompagne sur toutes nos manifestations, galas et comp\u00e9titions \u00ab.<\/p>\n<hr \/>\n<p><span style=\"background-color: #000000; color: #ffffff; font-size: 14pt;\"><strong>Qu\u2019en est-il sur un plan sportif ? <\/strong><\/span><\/p>\n<p>\u00bb Lors de la premi\u00e8re comp\u00e9tition au niveau d\u00e9partemental qui a eu lieu en mars \u00e0 Genas, on a obtenu de bons r\u00e9sultats laissant pr\u00e9sager du bon. 13 \u00e9quipes du club (8 en circuit national et 5 en jeunesse) participaient au championnat r\u00e9gional \u00e0 St Quentin Fallavier.<\/p>\n<p>On avait potentiellement 4 \u00e9quipes qui pouvaient se qualifier pour le championnat national programm\u00e9 du 4 au 6 juin \u00e0 Lormont (Gironde) et 3 ont pu d\u00e9crocher leur billet \u00ab\u00a0.<\/p>\n<hr \/>\n<p><span style=\"background-color: #000000; color: #ffffff; font-size: 14pt;\"><strong data-wp-editing=\"1\">Les prochaines dates dans l&rsquo;agenda du club ?<\/strong><\/span><\/p>\n<p>\u00bb Nos traditionnels galas qui se d\u00e9rouleront \u00e0 la halle des sports : celui d&rsquo;\u00e9t\u00e9 en juin cl\u00f4turant la saison puis celui de No\u00ebl.<\/p>\n<p>On sera d&rsquo;autre part pr\u00e9sents sur les manifestations locales, comme le Forum des Associations d\u00e9but septembre et pour le d\u00e9fil\u00e9 du 8 d\u00e9cembre \u00bb .<\/p>\n<hr \/>\n<p><span style=\"background-color: #000000; color: #ffffff; font-size: 14pt;\"><strong>Et pour conclure ?<\/strong><\/span><\/p>\n<p>\u00bb <strong>Je dirais que c&rsquo;est un grand bonheur de pouvoir retrouver nos gymnastes et de montrer leur travail devant un public<\/strong>. L&rsquo;Ufolep reste une f\u00e9d\u00e9ration, c&rsquo;est de la comp\u00e9tition mais les valeurs pr\u00f4n\u00e9es de \u00ab\u00a0sport pour tous\u00a0\u00bb correspondent parfaitement \u00e0 celles mises en avant dans notre club <strong>\u00bb.<br \/>\n<\/strong><\/p>\n<hr \/>\n<p><span style=\"background-color: #000000; font-size: 14pt;\"><span style=\"color: #ffffff;\"><strong>&gt;&gt; L\u2019ACTU de l&rsquo; <span class=\"website-name\">Esga Grs Genas <\/span><\/strong><\/span><strong><span style=\"color: #ffffff;\">sur :<\/span> <span style=\"color: #ffcc00;\"><a style=\"background-color: #000000; color: #ffcc00;\" href=\"https:\/\/grsgenas.site123.me\">https:\/\/grsgenas.site123.me<\/a><\/span><\/strong><\/span><\/p>\n<div id='gallery-1' class='gallery galleryid-153662 gallery-columns-2 gallery-size-thumbnail'><figure class='gallery-item'>\n\t\t\t<div class='gallery-icon landscape'>\n\t\t\t\t<a href='https:\/\/newsestlyonnais.fr\/site\/2022\/04\/25\/gwenaelle-collomb-je-suis-bien-entouree-avec-un-bureau-100-feminin-et-compose-de-10-membres\/p1470125\/'><img loading=\"lazy\" decoding=\"async\" width=\"150\" height=\"113\" src=\"https:\/\/newsestlyonnais.fr\/site\/wp-content\/uploads\/2022\/04\/P1470125-250x188.jpg\" class=\"attachment-thumbnail size-thumbnail\" alt=\"\" aria-describedby=\"gallery-1-153675\" srcset=\"https:\/\/newsestlyonnais.fr\/site\/wp-content\/uploads\/2022\/04\/P1470125-250x188.jpg 250w, https:\/\/newsestlyonnais.fr\/site\/wp-content\/uploads\/2022\/04\/P1470125-400x300.jpg 400w, https:\/\/newsestlyonnais.fr\/site\/wp-content\/uploads\/2022\/04\/P1470125-650x488.jpg 650w, https:\/\/newsestlyonnais.fr\/site\/wp-content\/uploads\/2022\/04\/P1470125-768x576.jpg 768w, https:\/\/newsestlyonnais.fr\/site\/wp-content\/uploads\/2022\/04\/P1470125-150x113.jpg 150w, https:\/\/newsestlyonnais.fr\/site\/wp-content\/uploads\/2022\/04\/P1470125-50x38.jpg 50w, https:\/\/newsestlyonnais.fr\/site\/wp-content\/uploads\/2022\/04\/P1470125-100x75.jpg 100w, https:\/\/newsestlyonnais.fr\/site\/wp-content\/uploads\/2022\/04\/P1470125-200x150.jpg 200w, https:\/\/newsestlyonnais.fr\/site\/wp-content\/uploads\/2022\/04\/P1470125-300x225.jpg 300w, https:\/\/newsestlyonnais.fr\/site\/wp-content\/uploads\/2022\/04\/P1470125-350x263.jpg 350w, https:\/\/newsestlyonnais.fr\/site\/wp-content\/uploads\/2022\/04\/P1470125-450x338.jpg 450w, https:\/\/newsestlyonnais.fr\/site\/wp-content\/uploads\/2022\/04\/P1470125-500x375.jpg 500w, https:\/\/newsestlyonnais.fr\/site\/wp-content\/uploads\/2022\/04\/P1470125-550x413.jpg 550w, https:\/\/newsestlyonnais.fr\/site\/wp-content\/uploads\/2022\/04\/P1470125-800x600.jpg 800w, https:\/\/newsestlyonnais.fr\/site\/wp-content\/uploads\/2022\/04\/P1470125.jpg 1200w\" sizes=\"auto, (max-width: 150px) 100vw, 150px\" \/><\/a>\n\t\t\t<\/div>\n\t\t\t\t<figcaption class='wp-caption-text gallery-caption' id='gallery-1-153675'>\n\t\t\t\tUne partie de l&rsquo;\u00e9quipe dirigeante du club \n\t\t\t\t<\/figcaption><\/figure><figure class='gallery-item'>\n\t\t\t<div class='gallery-icon landscape'>\n\t\t\t\t<a href='https:\/\/newsestlyonnais.fr\/site\/2022\/04\/25\/gwenaelle-collomb-je-suis-bien-entouree-avec-un-bureau-100-feminin-et-compose-de-10-membres\/p1470122\/'><img loading=\"lazy\" decoding=\"async\" width=\"150\" height=\"113\" src=\"https:\/\/newsestlyonnais.fr\/site\/wp-content\/uploads\/2022\/04\/P1470122-250x188.jpg\" class=\"attachment-thumbnail size-thumbnail\" alt=\"\" srcset=\"https:\/\/newsestlyonnais.fr\/site\/wp-content\/uploads\/2022\/04\/P1470122-250x188.jpg 250w, https:\/\/newsestlyonnais.fr\/site\/wp-content\/uploads\/2022\/04\/P1470122-400x300.jpg 400w, https:\/\/newsestlyonnais.fr\/site\/wp-content\/uploads\/2022\/04\/P1470122-650x488.jpg 650w, https:\/\/newsestlyonnais.fr\/site\/wp-content\/uploads\/2022\/04\/P1470122-768x576.jpg 768w, https:\/\/newsestlyonnais.fr\/site\/wp-content\/uploads\/2022\/04\/P1470122-150x113.jpg 150w, https:\/\/newsestlyonnais.fr\/site\/wp-content\/uploads\/2022\/04\/P1470122-50x38.jpg 50w, https:\/\/newsestlyonnais.fr\/site\/wp-content\/uploads\/2022\/04\/P1470122-100x75.jpg 100w, https:\/\/newsestlyonnais.fr\/site\/wp-content\/uploads\/2022\/04\/P1470122-200x150.jpg 200w, https:\/\/newsestlyonnais.fr\/site\/wp-content\/uploads\/2022\/04\/P1470122-300x225.jpg 300w, https:\/\/newsestlyonnais.fr\/site\/wp-content\/uploads\/2022\/04\/P1470122-350x263.jpg 350w, https:\/\/newsestlyonnais.fr\/site\/wp-content\/uploads\/2022\/04\/P1470122-450x338.jpg 450w, https:\/\/newsestlyonnais.fr\/site\/wp-content\/uploads\/2022\/04\/P1470122-500x375.jpg 500w, https:\/\/newsestlyonnais.fr\/site\/wp-content\/uploads\/2022\/04\/P1470122-550x413.jpg 550w, https:\/\/newsestlyonnais.fr\/site\/wp-content\/uploads\/2022\/04\/P1470122-800x600.jpg 800w, https:\/\/newsestlyonnais.fr\/site\/wp-content\/uploads\/2022\/04\/P1470122.jpg 1200w\" sizes=\"auto, (max-width: 150px) 100vw, 150px\" \/><\/a>\n\t\t\t<\/div><\/figure>\n\t\t<\/div>\n\n","protected":false},"excerpt":{"rendered":"<p>Pr\u00e9sidente de l&rsquo;ESGA GRS Genas depuis le mois de mars 2020, elle est entr\u00e9e au club en 1990 comme gymnaste, puis est devenue monitrice, juge et secr\u00e9taire ! <\/p>\n","protected":false},"author":4,"featured_media":153664,"comment_status":"open","ping_status":"open","sticky":false,"template":"","format":"standard","meta":{"footnotes":""},"categories":[270,3421,1598,1319,137,2],"tags":[4251,2005,2722,4250,2720],"class_list":["post-153662","post","type-post","status-publish","format-standard","has-post-thumbnail","hentry","category-cte-de-communes-c-c-e-l","category-feminin-actu-au","category-genas","category-gymnastique-grs-gv","category-interviews","category-sports","tag-esga-grs-genas","tag-genas","tag-grs","tag-gwenaelle-collomb","tag-ufolep"],"yoast_head":"<!-- This site is optimized with the Yoast SEO plugin v27.2 - https:\/\/yoast.com\/product\/yoast-seo-wordpress\/ -->\n<title>Gwenaelle Collomb &quot; Je suis bien entour\u00e9e avec un bureau 100 % f\u00e9minin et compos\u00e9 de 10 membres &quot; - News Est Lyonnais<\/title>\n<meta name=\"description\" content=\"Gwenaelle Collomb &quot; Je suis bien entour\u00e9e avec un bureau 100 % f\u00e9minin et compos\u00e9 de 10 membres &quot;\" \/>\n<meta name=\"robots\" content=\"index, follow, max-snippet:-1, max-image-preview:large, max-video-preview:-1\" \/>\n<link rel=\"canonical\" href=\"https:\/\/newsestlyonnais.fr\/site\/2022\/04\/25\/gwenaelle-collomb-je-suis-bien-entouree-avec-un-bureau-100-feminin-et-compose-de-10-membres\/\" \/>\n<meta property=\"og:locale\" content=\"fr_FR\" \/>\n<meta property=\"og:type\" content=\"article\" \/>\n<meta property=\"og:title\" content=\"Gwenaelle Collomb &quot; Je suis bien entour\u00e9e avec un bureau 100 % f\u00e9minin et compos\u00e9 de 10 membres &quot; - News Est Lyonnais\" \/>\n<meta property=\"og:description\" content=\"Gwenaelle Collomb &quot; Je suis bien entour\u00e9e avec un bureau 100 % f\u00e9minin et compos\u00e9 de 10 membres &quot;\" \/>\n<meta property=\"og:url\" content=\"https:\/\/newsestlyonnais.fr\/site\/2022\/04\/25\/gwenaelle-collomb-je-suis-bien-entouree-avec-un-bureau-100-feminin-et-compose-de-10-membres\/\" \/>\n<meta property=\"og:site_name\" content=\"News Est Lyonnais\" \/>\n<meta property=\"article:author\" content=\"https:\/\/www.facebook.com\/pascal.oberson.1?fref=ts\" \/>\n<meta property=\"article:published_time\" content=\"2022-04-25T04:15:17+00:00\" \/>\n<meta property=\"article:modified_time\" content=\"2022-04-29T06:22:28+00:00\" \/>\n<meta property=\"og:image\" content=\"https:\/\/newsestlyonnais.fr\/site\/wp-content\/uploads\/2022\/04\/P1470127.jpg\" \/>\n\t<meta property=\"og:image:width\" content=\"1200\" \/>\n\t<meta property=\"og:image:height\" content=\"900\" \/>\n\t<meta property=\"og:image:type\" content=\"image\/jpeg\" \/>\n<meta name=\"author\" content=\"R\u00e9dac. NEWS\" \/>\n<meta name=\"twitter:card\" content=\"summary_large_image\" \/>\n<meta name=\"twitter:label1\" content=\"\u00c9crit par\" \/>\n\t<meta name=\"twitter:data1\" content=\"R\u00e9dac. NEWS\" \/>\n\t<meta name=\"twitter:label2\" content=\"Dur\u00e9e de lecture estim\u00e9e\" \/>\n\t<meta name=\"twitter:data2\" content=\"3 minutes\" \/>\n<script type=\"application\/ld+json\" class=\"yoast-schema-graph\">{\"@context\":\"https:\/\/schema.org\",\"@graph\":[{\"@type\":\"Article\",\"@id\":\"https:\/\/newsestlyonnais.fr\/site\/2022\/04\/25\/gwenaelle-collomb-je-suis-bien-entouree-avec-un-bureau-100-feminin-et-compose-de-10-membres\/#article\",\"isPartOf\":{\"@id\":\"https:\/\/newsestlyonnais.fr\/site\/2022\/04\/25\/gwenaelle-collomb-je-suis-bien-entouree-avec-un-bureau-100-feminin-et-compose-de-10-membres\/\"},\"author\":{\"name\":\"R\u00e9dac. NEWS\",\"@id\":\"https:\/\/newsestlyonnais.fr\/site\/#\/schema\/person\/3230d5615f390bb808365d673001e887\"},\"headline\":\"Gwenaelle Collomb \u00a0\u00bb Je suis bien entour\u00e9e avec un bureau 100 % f\u00e9minin et compos\u00e9 de 10 membres \u00ab\u00a0\",\"datePublished\":\"2022-04-25T04:15:17+00:00\",\"dateModified\":\"2022-04-29T06:22:28+00:00\",\"mainEntityOfPage\":{\"@id\":\"https:\/\/newsestlyonnais.fr\/site\/2022\/04\/25\/gwenaelle-collomb-je-suis-bien-entouree-avec-un-bureau-100-feminin-et-compose-de-10-membres\/\"},\"wordCount\":588,\"commentCount\":0,\"publisher\":{\"@id\":\"https:\/\/newsestlyonnais.fr\/site\/#organization\"},\"image\":{\"@id\":\"https:\/\/newsestlyonnais.fr\/site\/2022\/04\/25\/gwenaelle-collomb-je-suis-bien-entouree-avec-un-bureau-100-feminin-et-compose-de-10-membres\/#primaryimage\"},\"thumbnailUrl\":\"https:\/\/newsestlyonnais.fr\/site\/wp-content\/uploads\/2022\/04\/P1470127.jpg\",\"keywords\":[\"Esga Grs Genas\",\"GENAS\",\"GRS\",\"Gwenaelle Collomb\",\"UFOLEP\"],\"articleSection\":[\"CCEL | Communes\",\"F\u00e9minin (Actu au)\",\"Genas\",\"Gymnastique | Grs | Gv\",\"Interviews\",\"Sports\"],\"inLanguage\":\"fr-FR\",\"potentialAction\":[{\"@type\":\"CommentAction\",\"name\":\"Comment\",\"target\":[\"https:\/\/newsestlyonnais.fr\/site\/2022\/04\/25\/gwenaelle-collomb-je-suis-bien-entouree-avec-un-bureau-100-feminin-et-compose-de-10-membres\/#respond\"]}]},{\"@type\":\"WebPage\",\"@id\":\"https:\/\/newsestlyonnais.fr\/site\/2022\/04\/25\/gwenaelle-collomb-je-suis-bien-entouree-avec-un-bureau-100-feminin-et-compose-de-10-membres\/\",\"url\":\"https:\/\/newsestlyonnais.fr\/site\/2022\/04\/25\/gwenaelle-collomb-je-suis-bien-entouree-avec-un-bureau-100-feminin-et-compose-de-10-membres\/\",\"name\":\"Gwenaelle Collomb \\\" Je suis bien entour\u00e9e avec un bureau 100 % f\u00e9minin et compos\u00e9 de 10 membres \\\" - News Est Lyonnais\",\"isPartOf\":{\"@id\":\"https:\/\/newsestlyonnais.fr\/site\/#website\"},\"primaryImageOfPage\":{\"@id\":\"https:\/\/newsestlyonnais.fr\/site\/2022\/04\/25\/gwenaelle-collomb-je-suis-bien-entouree-avec-un-bureau-100-feminin-et-compose-de-10-membres\/#primaryimage\"},\"image\":{\"@id\":\"https:\/\/newsestlyonnais.fr\/site\/2022\/04\/25\/gwenaelle-collomb-je-suis-bien-entouree-avec-un-bureau-100-feminin-et-compose-de-10-membres\/#primaryimage\"},\"thumbnailUrl\":\"https:\/\/newsestlyonnais.fr\/site\/wp-content\/uploads\/2022\/04\/P1470127.jpg\",\"datePublished\":\"2022-04-25T04:15:17+00:00\",\"dateModified\":\"2022-04-29T06:22:28+00:00\",\"description\":\"Gwenaelle Collomb \\\" Je suis bien entour\u00e9e avec un bureau 100 % f\u00e9minin et compos\u00e9 de 10 membres \\\"\",\"breadcrumb\":{\"@id\":\"https:\/\/newsestlyonnais.fr\/site\/2022\/04\/25\/gwenaelle-collomb-je-suis-bien-entouree-avec-un-bureau-100-feminin-et-compose-de-10-membres\/#breadcrumb\"},\"inLanguage\":\"fr-FR\",\"potentialAction\":[{\"@type\":\"ReadAction\",\"target\":[\"https:\/\/newsestlyonnais.fr\/site\/2022\/04\/25\/gwenaelle-collomb-je-suis-bien-entouree-avec-un-bureau-100-feminin-et-compose-de-10-membres\/\"]}]},{\"@type\":\"ImageObject\",\"inLanguage\":\"fr-FR\",\"@id\":\"https:\/\/newsestlyonnais.fr\/site\/2022\/04\/25\/gwenaelle-collomb-je-suis-bien-entouree-avec-un-bureau-100-feminin-et-compose-de-10-membres\/#primaryimage\",\"url\":\"https:\/\/newsestlyonnais.fr\/site\/wp-content\/uploads\/2022\/04\/P1470127.jpg\",\"contentUrl\":\"https:\/\/newsestlyonnais.fr\/site\/wp-content\/uploads\/2022\/04\/P1470127.jpg\",\"width\":1200,\"height\":900},{\"@type\":\"BreadcrumbList\",\"@id\":\"https:\/\/newsestlyonnais.fr\/site\/2022\/04\/25\/gwenaelle-collomb-je-suis-bien-entouree-avec-un-bureau-100-feminin-et-compose-de-10-membres\/#breadcrumb\",\"itemListElement\":[{\"@type\":\"ListItem\",\"position\":1,\"name\":\"Accueil\",\"item\":\"https:\/\/newsestlyonnais.fr\/site\/\"},{\"@type\":\"ListItem\",\"position\":2,\"name\":\"Gwenaelle Collomb \u00a0\u00bb Je suis bien entour\u00e9e avec un bureau 100 % f\u00e9minin et compos\u00e9 de 10 membres \u00ab\u00a0\"}]},{\"@type\":\"WebSite\",\"@id\":\"https:\/\/newsestlyonnais.fr\/site\/#website\",\"url\":\"https:\/\/newsestlyonnais.fr\/site\/\",\"name\":\"News Est Lyonnais\",\"description\":\"L&#039;actualit\u00e9 au plus pr\u00e8s\",\"publisher\":{\"@id\":\"https:\/\/newsestlyonnais.fr\/site\/#organization\"},\"potentialAction\":[{\"@type\":\"SearchAction\",\"target\":{\"@type\":\"EntryPoint\",\"urlTemplate\":\"https:\/\/newsestlyonnais.fr\/site\/?s={search_term_string}\"},\"query-input\":{\"@type\":\"PropertyValueSpecification\",\"valueRequired\":true,\"valueName\":\"search_term_string\"}}],\"inLanguage\":\"fr-FR\"},{\"@type\":\"Organization\",\"@id\":\"https:\/\/newsestlyonnais.fr\/site\/#organization\",\"name\":\"News EST LYONNAIS\",\"url\":\"https:\/\/newsestlyonnais.fr\/site\/\",\"logo\":{\"@type\":\"ImageObject\",\"inLanguage\":\"fr-FR\",\"@id\":\"https:\/\/newsestlyonnais.fr\/site\/#\/schema\/logo\/image\/\",\"url\":\"\",\"contentUrl\":\"\",\"caption\":\"News EST LYONNAIS\"},\"image\":{\"@id\":\"https:\/\/newsestlyonnais.fr\/site\/#\/schema\/logo\/image\/\"}},{\"@type\":\"Person\",\"@id\":\"https:\/\/newsestlyonnais.fr\/site\/#\/schema\/person\/3230d5615f390bb808365d673001e887\",\"name\":\"R\u00e9dac. NEWS\",\"sameAs\":[\"http:\/\/www.newsestlyonnais.fr\",\"https:\/\/www.facebook.com\/pascal.oberson.1?fref=ts\",\"https:\/\/fr.linkedin.com\/in\/pascal-oberson-b17045113\"],\"url\":\"https:\/\/newsestlyonnais.fr\/site\/author\/nel\/\"}]}<\/script>\n<!-- \/ Yoast SEO plugin. -->","yoast_head_json":{"title":"Gwenaelle Collomb \" Je suis bien entour\u00e9e avec un bureau 100 % f\u00e9minin et compos\u00e9 de 10 membres \" - News Est Lyonnais","description":"Gwenaelle Collomb \" Je suis bien entour\u00e9e avec un bureau 100 % f\u00e9minin et compos\u00e9 de 10 membres \"","robots":{"index":"index","follow":"follow","max-snippet":"max-snippet:-1","max-image-preview":"max-image-preview:large","max-video-preview":"max-video-preview:-1"},"canonical":"https:\/\/newsestlyonnais.fr\/site\/2022\/04\/25\/gwenaelle-collomb-je-suis-bien-entouree-avec-un-bureau-100-feminin-et-compose-de-10-membres\/","og_locale":"fr_FR","og_type":"article","og_title":"Gwenaelle Collomb \" Je suis bien entour\u00e9e avec un bureau 100 % f\u00e9minin et compos\u00e9 de 10 membres \" - News Est Lyonnais","og_description":"Gwenaelle Collomb \" Je suis bien entour\u00e9e avec un bureau 100 % f\u00e9minin et compos\u00e9 de 10 membres \"","og_url":"https:\/\/newsestlyonnais.fr\/site\/2022\/04\/25\/gwenaelle-collomb-je-suis-bien-entouree-avec-un-bureau-100-feminin-et-compose-de-10-membres\/","og_site_name":"News Est Lyonnais","article_author":"https:\/\/www.facebook.com\/pascal.oberson.1?fref=ts","article_published_time":"2022-04-25T04:15:17+00:00","article_modified_time":"2022-04-29T06:22:28+00:00","og_image":[{"width":1200,"height":900,"url":"https:\/\/newsestlyonnais.fr\/site\/wp-content\/uploads\/2022\/04\/P1470127.jpg","type":"image\/jpeg"}],"author":"R\u00e9dac. NEWS","twitter_card":"summary_large_image","twitter_misc":{"\u00c9crit par":"R\u00e9dac. NEWS","Dur\u00e9e de lecture estim\u00e9e":"3 minutes"},"schema":{"@context":"https:\/\/schema.org","@graph":[{"@type":"Article","@id":"https:\/\/newsestlyonnais.fr\/site\/2022\/04\/25\/gwenaelle-collomb-je-suis-bien-entouree-avec-un-bureau-100-feminin-et-compose-de-10-membres\/#article","isPartOf":{"@id":"https:\/\/newsestlyonnais.fr\/site\/2022\/04\/25\/gwenaelle-collomb-je-suis-bien-entouree-avec-un-bureau-100-feminin-et-compose-de-10-membres\/"},"author":{"name":"R\u00e9dac. NEWS","@id":"https:\/\/newsestlyonnais.fr\/site\/#\/schema\/person\/3230d5615f390bb808365d673001e887"},"headline":"Gwenaelle Collomb \u00a0\u00bb Je suis bien entour\u00e9e avec un bureau 100 % f\u00e9minin et compos\u00e9 de 10 membres \u00ab\u00a0","datePublished":"2022-04-25T04:15:17+00:00","dateModified":"2022-04-29T06:22:28+00:00","mainEntityOfPage":{"@id":"https:\/\/newsestlyonnais.fr\/site\/2022\/04\/25\/gwenaelle-collomb-je-suis-bien-entouree-avec-un-bureau-100-feminin-et-compose-de-10-membres\/"},"wordCount":588,"commentCount":0,"publisher":{"@id":"https:\/\/newsestlyonnais.fr\/site\/#organization"},"image":{"@id":"https:\/\/newsestlyonnais.fr\/site\/2022\/04\/25\/gwenaelle-collomb-je-suis-bien-entouree-avec-un-bureau-100-feminin-et-compose-de-10-membres\/#primaryimage"},"thumbnailUrl":"https:\/\/newsestlyonnais.fr\/site\/wp-content\/uploads\/2022\/04\/P1470127.jpg","keywords":["Esga Grs Genas","GENAS","GRS","Gwenaelle Collomb","UFOLEP"],"articleSection":["CCEL | Communes","F\u00e9minin (Actu au)","Genas","Gymnastique | Grs | Gv","Interviews","Sports"],"inLanguage":"fr-FR","potentialAction":[{"@type":"CommentAction","name":"Comment","target":["https:\/\/newsestlyonnais.fr\/site\/2022\/04\/25\/gwenaelle-collomb-je-suis-bien-entouree-avec-un-bureau-100-feminin-et-compose-de-10-membres\/#respond"]}]},{"@type":"WebPage","@id":"https:\/\/newsestlyonnais.fr\/site\/2022\/04\/25\/gwenaelle-collomb-je-suis-bien-entouree-avec-un-bureau-100-feminin-et-compose-de-10-membres\/","url":"https:\/\/newsestlyonnais.fr\/site\/2022\/04\/25\/gwenaelle-collomb-je-suis-bien-entouree-avec-un-bureau-100-feminin-et-compose-de-10-membres\/","name":"Gwenaelle Collomb \" Je suis bien entour\u00e9e avec un bureau 100 % f\u00e9minin et compos\u00e9 de 10 membres \" - News Est Lyonnais","isPartOf":{"@id":"https:\/\/newsestlyonnais.fr\/site\/#website"},"primaryImageOfPage":{"@id":"https:\/\/newsestlyonnais.fr\/site\/2022\/04\/25\/gwenaelle-collomb-je-suis-bien-entouree-avec-un-bureau-100-feminin-et-compose-de-10-membres\/#primaryimage"},"image":{"@id":"https:\/\/newsestlyonnais.fr\/site\/2022\/04\/25\/gwenaelle-collomb-je-suis-bien-entouree-avec-un-bureau-100-feminin-et-compose-de-10-membres\/#primaryimage"},"thumbnailUrl":"https:\/\/newsestlyonnais.fr\/site\/wp-content\/uploads\/2022\/04\/P1470127.jpg","datePublished":"2022-04-25T04:15:17+00:00","dateModified":"2022-04-29T06:22:28+00:00","description":"Gwenaelle Collomb \" Je suis bien entour\u00e9e avec un bureau 100 % f\u00e9minin et compos\u00e9 de 10 membres \"","breadcrumb":{"@id":"https:\/\/newsestlyonnais.fr\/site\/2022\/04\/25\/gwenaelle-collomb-je-suis-bien-entouree-avec-un-bureau-100-feminin-et-compose-de-10-membres\/#breadcrumb"},"inLanguage":"fr-FR","potentialAction":[{"@type":"ReadAction","target":["https:\/\/newsestlyonnais.fr\/site\/2022\/04\/25\/gwenaelle-collomb-je-suis-bien-entouree-avec-un-bureau-100-feminin-et-compose-de-10-membres\/"]}]},{"@type":"ImageObject","inLanguage":"fr-FR","@id":"https:\/\/newsestlyonnais.fr\/site\/2022\/04\/25\/gwenaelle-collomb-je-suis-bien-entouree-avec-un-bureau-100-feminin-et-compose-de-10-membres\/#primaryimage","url":"https:\/\/newsestlyonnais.fr\/site\/wp-content\/uploads\/2022\/04\/P1470127.jpg","contentUrl":"https:\/\/newsestlyonnais.fr\/site\/wp-content\/uploads\/2022\/04\/P1470127.jpg","width":1200,"height":900},{"@type":"BreadcrumbList","@id":"https:\/\/newsestlyonnais.fr\/site\/2022\/04\/25\/gwenaelle-collomb-je-suis-bien-entouree-avec-un-bureau-100-feminin-et-compose-de-10-membres\/#breadcrumb","itemListElement":[{"@type":"ListItem","position":1,"name":"Accueil","item":"https:\/\/newsestlyonnais.fr\/site\/"},{"@type":"ListItem","position":2,"name":"Gwenaelle Collomb \u00a0\u00bb Je suis bien entour\u00e9e avec un bureau 100 % f\u00e9minin et compos\u00e9 de 10 membres \u00ab\u00a0"}]},{"@type":"WebSite","@id":"https:\/\/newsestlyonnais.fr\/site\/#website","url":"https:\/\/newsestlyonnais.fr\/site\/","name":"News Est Lyonnais","description":"L&#039;actualit\u00e9 au plus pr\u00e8s","publisher":{"@id":"https:\/\/newsestlyonnais.fr\/site\/#organization"},"potentialAction":[{"@type":"SearchAction","target":{"@type":"EntryPoint","urlTemplate":"https:\/\/newsestlyonnais.fr\/site\/?s={search_term_string}"},"query-input":{"@type":"PropertyValueSpecification","valueRequired":true,"valueName":"search_term_string"}}],"inLanguage":"fr-FR"},{"@type":"Organization","@id":"https:\/\/newsestlyonnais.fr\/site\/#organization","name":"News EST LYONNAIS","url":"https:\/\/newsestlyonnais.fr\/site\/","logo":{"@type":"ImageObject","inLanguage":"fr-FR","@id":"https:\/\/newsestlyonnais.fr\/site\/#\/schema\/logo\/image\/","url":"","contentUrl":"","caption":"News EST LYONNAIS"},"image":{"@id":"https:\/\/newsestlyonnais.fr\/site\/#\/schema\/logo\/image\/"}},{"@type":"Person","@id":"https:\/\/newsestlyonnais.fr\/site\/#\/schema\/person\/3230d5615f390bb808365d673001e887","name":"R\u00e9dac. NEWS","sameAs":["http:\/\/www.newsestlyonnais.fr","https:\/\/www.facebook.com\/pascal.oberson.1?fref=ts","https:\/\/fr.linkedin.com\/in\/pascal-oberson-b17045113"],"url":"https:\/\/newsestlyonnais.fr\/site\/author\/nel\/"}]}},"_links":{"self":[{"href":"https:\/\/newsestlyonnais.fr\/site\/wp-json\/wp\/v2\/posts\/153662","targetHints":{"allow":["GET"]}}],"collection":[{"href":"https:\/\/newsestlyonnais.fr\/site\/wp-json\/wp\/v2\/posts"}],"about":[{"href":"https:\/\/newsestlyonnais.fr\/site\/wp-json\/wp\/v2\/types\/post"}],"author":[{"embeddable":true,"href":"https:\/\/newsestlyonnais.fr\/site\/wp-json\/wp\/v2\/users\/4"}],"replies":[{"embeddable":true,"href":"https:\/\/newsestlyonnais.fr\/site\/wp-json\/wp\/v2\/comments?post=153662"}],"version-history":[{"count":0,"href":"https:\/\/newsestlyonnais.fr\/site\/wp-json\/wp\/v2\/posts\/153662\/revisions"}],"wp:featuredmedia":[{"embeddable":true,"href":"https:\/\/newsestlyonnais.fr\/site\/wp-json\/wp\/v2\/media\/153664"}],"wp:attachment":[{"href":"https:\/\/newsestlyonnais.fr\/site\/wp-json\/wp\/v2\/media?parent=153662"}],"wp:term":[{"taxonomy":"category","embeddable":true,"href":"https:\/\/newsestlyonnais.fr\/site\/wp-json\/wp\/v2\/categories?post=153662"},{"taxonomy":"post_tag","embeddable":true,"href":"https:\/\/newsestlyonnais.fr\/site\/wp-json\/wp\/v2\/tags?post=153662"}],"curies":[{"name":"wp","href":"https:\/\/api.w.org\/{rel}","templated":true}]}}