{"id":153744,"date":"2022-04-25T17:33:44","date_gmt":"2022-04-25T16:33:44","guid":{"rendered":"https:\/\/newsestlyonnais.fr\/site\/?p=153744"},"modified":"2022-04-30T07:32:33","modified_gmt":"2022-04-30T06:32:33","slug":"sylvain-meyer-on-peut-se-permettre-de-faire-du-haut-de-gamme","status":"publish","type":"post","link":"https:\/\/newsestlyonnais.fr\/site\/2022\/04\/25\/sylvain-meyer-on-peut-se-permettre-de-faire-du-haut-de-gamme\/","title":{"rendered":"Sylvain Meyer \u00ab\u00a0on peut se permettre de faire du haut de gamme\u00a0\u00bb"},"content":{"rendered":"<p><span style=\"background-color: #000000; color: #ffffff; font-size: 14pt;\"><strong>Depuis quand \u00eates-vous au bureau, \u00e0 la pr\u00e9sidence ?<\/strong><\/span><\/p>\n<p>\u00bb <strong>J&rsquo;ai d&rsquo;abord \u00e9t\u00e9 secr\u00e9taire adjoint<\/strong> de 2000 \u00e0 2003 et de 2004 \u00e0 2008 et j&rsquo;ai assur\u00e9 un int\u00e9rim \u00e0 la pr\u00e9sidence en mai et juin 2008 suite \u00e0 la d\u00e9mission de Jean-Michel Legrand. J&rsquo;ai \u00e9t\u00e9 sollicit\u00e9 et <strong>j&rsquo;ai \u00e9t\u00e9 \u00e9lu lors de l&rsquo;AG de juillet 2008<\/strong> avec l&rsquo;objectif de faire valider notre adh\u00e9sion \u00e0 l&rsquo;Entente Sud Lyonnais. J&rsquo;en suis \u00e0 mon 4\u00b0 mandat qui prendra fin en juillet 2024<\/p>\n<p>Je suis \u00e9galement secr\u00e9taire g\u00e9n\u00e9ral de l&rsquo;Entente Sud Lyonnais, dont l&rsquo;ASUL Bron Athl\u00e9tisme est une des 5 sections locales. Etant d&rsquo;autre part jury et athl\u00e8te, j&rsquo;avoue qu&rsquo;il est difficile de tout bien faire !<\/p>\n<p><strong>Je suis bien entour\u00e9 avec 11 personnes au comit\u00e9 directeur<\/strong> dont 4 membres du bureau et <strong>nous employons 2 entraineurs<\/strong> : David Lemoine et Franck Matamba \u00bb.<\/p>\n<p><span style=\"background-color: #000000; color: #ffffff;\"><strong><span style=\"font-size: 14pt;\">Vous pratiquez donc \u00e9galement la course \u00e0 pied ?<\/span> <\/strong><\/span><\/p>\n<p>\u00bb Oui,<strong> j&rsquo;ai d\u00e9but\u00e9 l&rsquo;athl\u00e9tisme en club en Septembre 87<\/strong>, avant mes 14 ans et j&rsquo;essaie de courir encore. J&rsquo;ai commenc\u00e9 \u00e0 l&rsquo;AJ Blois-Onzain (Loir et Cher) et <strong>int\u00e9gr\u00e9 l&rsquo;ASUL Bron en Novembre 92<\/strong> lorsque j&rsquo;ai rejoint la ville pour mes \u00e9tudes.<\/p>\n<p>J&rsquo;ai fait du cross, de la piste et de la route et je suis revenu \u00e0 mes premi\u00e8res amours, le trail. J&rsquo;ai entre autre, couru le Francheville Trail, le Trail des Passerelles de Monteynard, Lyon \/ Sainte-Catherine. Je me fais encore plaisir, reste un peu comp\u00e9titeur et d\u00e9panne en interclubs \u00ab .<\/p>\n<hr \/>\n<p><span style=\"background-color: #000000; color: #ffffff; font-size: 14pt;\"><strong>Concernant le club, o\u00f9 en est son effectif ?<\/strong><\/span><\/p>\n<p>\u00bb <strong>On recense 1527 licenci\u00e9s sur l&rsquo;ensemble de l&rsquo;Entente Sud Lyonnais et \u00e0 l&rsquo;ASUL Bron Athl\u00e9 on approche des 600<\/strong>. On esp\u00e8re les passer cette ann\u00e9e, ce qui est possible puisque nous avons des gens qui se renseignent sur la marche nordique.<\/p>\n<p><strong>On est exactement 580 (276 femmes et 304 hommes) dont 339 jeunes (des cat\u00e9gories baby aux juniors)<\/strong>. 2017 a \u00e9t\u00e9 la derni\u00e8re ann\u00e9e o\u00f9 on a connu une baisse et depuis tous les ans on a battu notre record de licenci\u00e9s (345 en 2017 \/ 410 en 2018 \/ 471 en 2019 \/ 509 en 2020 \/ 526 en 2021).<\/p>\n<p>Concernant les jeunes, on a fait le choix de ne pas prendre trop d&rsquo;enfants par rapport \u00e0 l&rsquo;encadrement, on pr\u00e9f\u00e8re faire du travail de qualit\u00e9 \u00bb.<\/p>\n<hr \/>\n<p><span style=\"background-color: #000000; color: #ffffff; font-size: 14pt;\">Quelles activit\u00e9s proposez vous ? <\/span><strong><br \/>\n<\/strong><\/p>\n<p><strong>\u00ab <\/strong>On a fait le choix d&rsquo;un prix de licence plus \u00e9lev\u00e9, avec une r\u00e9duction pour les brondillant(e)s<strong>, il a doubl\u00e9 en 15 ans mais on n&rsquo;a jamais eu autant de licenci\u00e9s ! <\/strong><\/p>\n<p><strong>On a des entraineurs de super qualit\u00e9 et de tr\u00e8s bonnes installations, on peut se permettre de faire du haut de gamme. On a des comp\u00e9tences, il est normal de les valoriser.<\/strong><\/p>\n<p>D&rsquo;autre part, on prend en charge les d\u00e9placements dans tous les championnats en dehors du d\u00e9partement et on fournit les b\u00e2tons en marche nordique \u00ab.<\/p>\n<hr \/>\n<p><span style=\"color: #ffffff; font-size: 14pt; background-color: #000000;\"><strong data-wp-editing=\"1\">Les prochaines organisations ?<\/strong><\/span><\/p>\n<p>\u00bb Une <strong>soir\u00e9e perche<\/strong> (15 ou 20 mai) \/ le<strong> meeting interr\u00e9gional <\/strong>le jeudi 30 Juin \u00e0 partir de 18 h \/ la <strong>Brondimarche<\/strong> en septembre \/ les <strong>10 km de Bron<\/strong>, le 1\u00b0 dimanche de mars 2023\u00bb .<\/p>\n<hr \/>\n<p><span style=\"background-color: #000000; color: #ffffff; font-size: 14pt;\"><strong>Et les projets du club ?<\/strong><\/span><\/p>\n<p>\u00bb <strong>Ils sont nombreux et vari\u00e9s,<\/strong> on va par exemple <strong>rajeunir progressivement nos entraineurs<\/strong>. On accueille ainsi des stagiaires STAPS et on investit dans la formation de moniteurs. Notre politique ch\u00e8re permet de former nos entraineurs et il faut investir pour avoir des gens comp\u00e9tents. On a plusieurs tuteurs de nos entraineurs DE (Franck, Djamel, Bernard et Jean-Pierre).<\/p>\n<p><strong>On va d\u00e9velopper le concept de l&rsquo;Athl\u00e9 Fit, <\/strong>lanc\u00e9 par la F.F.A<strong>. <\/strong>et que nous avions test\u00e9 en fin de saison derni\u00e8re avec Gr\u00e2ce Matamba (alternante BPJEPS). Il permet de se maintenir en forme en musique et de fa\u00e7on moderne avec les disciplines de l&rsquo;athl\u00e9tisme.<\/p>\n<p>On a \u00e9t\u00e9 sollicit\u00e9 et encourag\u00e9 par la F.F.A., comme une soixantaine de clubs pour <strong>proposer une pratique physique dans le cadre du sport sant\u00e9<\/strong> pour tous les go\u00fbts dans l&rsquo;athl\u00e9. On avait d\u00e9j\u00e0 l&rsquo;habitude de faire des tests de forme et on va poser notre candidature.<\/p>\n<p>On va enfin mettre en place <strong>une nouvelle architecture pour nos licenci\u00e9s passant cadets<\/strong> en leur proposant une pratique plus g\u00e9n\u00e9raliste. Le but \u00e9tant qu&rsquo;ils ne se sp\u00e9cialisent pas d\u00e8s cette cat\u00e9gorie d&rsquo;\u00e2ge mais qu&rsquo;ils voient les diff\u00e9rentes disciplines de l&rsquo;athl\u00e9 \u00bb.<strong><br \/>\n<\/strong><\/p>\n<hr \/>\n<p><span style=\"background-color: #000000; color: #ffffff; font-size: 14pt;\"><strong>Et pour conclure ?<\/strong><\/span><\/p>\n<p>\u00a0\u00bb Je privil\u00e9gie le bon rapport entre les gens, notamment la mentalit\u00e9 et les valeurs humaines. <strong>J&rsquo;esp\u00e8re de mes athl\u00e8tes qu&rsquo;ils soient comp\u00e9titifs pour gagner mais je veux que ce soit dans le respect de l&rsquo;autre<\/strong>.<\/p>\n<p><strong>On n&rsquo;a pas le m\u00eame maillot que les autres concurrents mais la m\u00eame passion<\/strong>, ce qui refl\u00e8te les valeurs du sport. Le leitmotiv \u00e9tant qu&rsquo;on est l\u00e0 pour se faire plaisir ! \u00a0\u00bb<\/p>\n<hr \/>\n<p><strong><span style=\"font-size: 14pt; background-color: #000000;\"><span style=\"color: #ffffff;\">L\u2019ACTU du club sur : <\/span><a style=\"background-color: #000000;\" href=\"http:\/\/asubron.athle.com\"><span style=\"color: #ffcc00;\">http:\/\/asubron.athle.com<\/span><\/a><\/span><\/strong><\/p>\n<hr \/>\n<p><span style=\"background-color: #000000; color: #ffcc00; font-size: 14pt;\"><strong>Prochaine interview &gt; <\/strong>Sophie Martin vainqueur du \u00ab Bretagne Ultra Trail \u00bb<\/span><\/p>\n","protected":false},"excerpt":{"rendered":"<p>Pr\u00e9sident du club d&rsquo;athl\u00e9 de l&rsquo;ASUL Bron depuis 2008 et qui exerce son 4\u00b0 mandat, il est \u00e9galement jury et athl\u00e8te.<\/p>\n","protected":false},"author":4,"featured_media":153746,"comment_status":"open","ping_status":"open","sticky":false,"template":"","format":"standard","meta":{"footnotes":""},"categories":[2968,19,137,2],"tags":[2712,2072,4253],"class_list":["post-153744","post","type-post","status-publish","format-standard","has-post-thumbnail","hentry","category-athle-course-pied-marche","category-bron","category-interviews","category-sports","tag-asul-bron","tag-bron","tag-sylvain-meyer"],"yoast_head":"<!-- This site is optimized with the Yoast SEO plugin v27.2 - https:\/\/yoast.com\/product\/yoast-seo-wordpress\/ -->\n<title>Sylvain Meyer &quot;on peut se permettre de faire du haut de gamme&quot; - News Est Lyonnais<\/title>\n<meta name=\"description\" content=\"Sylvain Meyer &quot;on peut se permettre de faire du haut de gamme&quot;\" \/>\n<meta name=\"robots\" content=\"index, follow, max-snippet:-1, max-image-preview:large, max-video-preview:-1\" \/>\n<link rel=\"canonical\" href=\"https:\/\/newsestlyonnais.fr\/site\/2022\/04\/25\/sylvain-meyer-on-peut-se-permettre-de-faire-du-haut-de-gamme\/\" \/>\n<meta property=\"og:locale\" content=\"fr_FR\" \/>\n<meta property=\"og:type\" content=\"article\" \/>\n<meta property=\"og:title\" content=\"Sylvain Meyer &quot;on peut se permettre de faire du haut de gamme&quot; - News Est Lyonnais\" \/>\n<meta property=\"og:description\" content=\"Sylvain Meyer &quot;on peut se permettre de faire du haut de gamme&quot;\" \/>\n<meta property=\"og:url\" content=\"https:\/\/newsestlyonnais.fr\/site\/2022\/04\/25\/sylvain-meyer-on-peut-se-permettre-de-faire-du-haut-de-gamme\/\" \/>\n<meta property=\"og:site_name\" content=\"News Est Lyonnais\" \/>\n<meta property=\"article:author\" content=\"https:\/\/www.facebook.com\/pascal.oberson.1?fref=ts\" \/>\n<meta property=\"article:published_time\" content=\"2022-04-25T16:33:44+00:00\" \/>\n<meta property=\"article:modified_time\" content=\"2022-04-30T06:32:33+00:00\" \/>\n<meta property=\"og:image\" content=\"https:\/\/newsestlyonnais.fr\/site\/wp-content\/uploads\/2022\/04\/P1470079.jpg\" \/>\n\t<meta property=\"og:image:width\" content=\"1200\" \/>\n\t<meta property=\"og:image:height\" content=\"900\" \/>\n\t<meta property=\"og:image:type\" content=\"image\/jpeg\" \/>\n<meta name=\"author\" content=\"R\u00e9dac. NEWS\" \/>\n<meta name=\"twitter:card\" content=\"summary_large_image\" \/>\n<meta name=\"twitter:label1\" content=\"\u00c9crit par\" \/>\n\t<meta name=\"twitter:data1\" content=\"R\u00e9dac. NEWS\" \/>\n\t<meta name=\"twitter:label2\" content=\"Dur\u00e9e de lecture estim\u00e9e\" \/>\n\t<meta name=\"twitter:data2\" content=\"4 minutes\" \/>\n<script type=\"application\/ld+json\" class=\"yoast-schema-graph\">{\"@context\":\"https:\/\/schema.org\",\"@graph\":[{\"@type\":\"Article\",\"@id\":\"https:\/\/newsestlyonnais.fr\/site\/2022\/04\/25\/sylvain-meyer-on-peut-se-permettre-de-faire-du-haut-de-gamme\/#article\",\"isPartOf\":{\"@id\":\"https:\/\/newsestlyonnais.fr\/site\/2022\/04\/25\/sylvain-meyer-on-peut-se-permettre-de-faire-du-haut-de-gamme\/\"},\"author\":{\"name\":\"R\u00e9dac. NEWS\",\"@id\":\"https:\/\/newsestlyonnais.fr\/site\/#\/schema\/person\/3230d5615f390bb808365d673001e887\"},\"headline\":\"Sylvain Meyer \u00ab\u00a0on peut se permettre de faire du haut de gamme\u00a0\u00bb\",\"datePublished\":\"2022-04-25T16:33:44+00:00\",\"dateModified\":\"2022-04-30T06:32:33+00:00\",\"mainEntityOfPage\":{\"@id\":\"https:\/\/newsestlyonnais.fr\/site\/2022\/04\/25\/sylvain-meyer-on-peut-se-permettre-de-faire-du-haut-de-gamme\/\"},\"wordCount\":844,\"commentCount\":0,\"publisher\":{\"@id\":\"https:\/\/newsestlyonnais.fr\/site\/#organization\"},\"image\":{\"@id\":\"https:\/\/newsestlyonnais.fr\/site\/2022\/04\/25\/sylvain-meyer-on-peut-se-permettre-de-faire-du-haut-de-gamme\/#primaryimage\"},\"thumbnailUrl\":\"https:\/\/newsestlyonnais.fr\/site\/wp-content\/uploads\/2022\/04\/P1470079.jpg\",\"keywords\":[\"ASUL BRON\",\"BRON\",\"Sylvain Meyer\"],\"articleSection\":[\"Athl\u00e9 | Course pied | Marche\",\"Bron\",\"Interviews\",\"Sports\"],\"inLanguage\":\"fr-FR\",\"potentialAction\":[{\"@type\":\"CommentAction\",\"name\":\"Comment\",\"target\":[\"https:\/\/newsestlyonnais.fr\/site\/2022\/04\/25\/sylvain-meyer-on-peut-se-permettre-de-faire-du-haut-de-gamme\/#respond\"]}]},{\"@type\":\"WebPage\",\"@id\":\"https:\/\/newsestlyonnais.fr\/site\/2022\/04\/25\/sylvain-meyer-on-peut-se-permettre-de-faire-du-haut-de-gamme\/\",\"url\":\"https:\/\/newsestlyonnais.fr\/site\/2022\/04\/25\/sylvain-meyer-on-peut-se-permettre-de-faire-du-haut-de-gamme\/\",\"name\":\"Sylvain Meyer \\\"on peut se permettre de faire du haut de gamme\\\" - News Est Lyonnais\",\"isPartOf\":{\"@id\":\"https:\/\/newsestlyonnais.fr\/site\/#website\"},\"primaryImageOfPage\":{\"@id\":\"https:\/\/newsestlyonnais.fr\/site\/2022\/04\/25\/sylvain-meyer-on-peut-se-permettre-de-faire-du-haut-de-gamme\/#primaryimage\"},\"image\":{\"@id\":\"https:\/\/newsestlyonnais.fr\/site\/2022\/04\/25\/sylvain-meyer-on-peut-se-permettre-de-faire-du-haut-de-gamme\/#primaryimage\"},\"thumbnailUrl\":\"https:\/\/newsestlyonnais.fr\/site\/wp-content\/uploads\/2022\/04\/P1470079.jpg\",\"datePublished\":\"2022-04-25T16:33:44+00:00\",\"dateModified\":\"2022-04-30T06:32:33+00:00\",\"description\":\"Sylvain Meyer \\\"on peut se permettre de faire du haut de gamme\\\"\",\"breadcrumb\":{\"@id\":\"https:\/\/newsestlyonnais.fr\/site\/2022\/04\/25\/sylvain-meyer-on-peut-se-permettre-de-faire-du-haut-de-gamme\/#breadcrumb\"},\"inLanguage\":\"fr-FR\",\"potentialAction\":[{\"@type\":\"ReadAction\",\"target\":[\"https:\/\/newsestlyonnais.fr\/site\/2022\/04\/25\/sylvain-meyer-on-peut-se-permettre-de-faire-du-haut-de-gamme\/\"]}]},{\"@type\":\"ImageObject\",\"inLanguage\":\"fr-FR\",\"@id\":\"https:\/\/newsestlyonnais.fr\/site\/2022\/04\/25\/sylvain-meyer-on-peut-se-permettre-de-faire-du-haut-de-gamme\/#primaryimage\",\"url\":\"https:\/\/newsestlyonnais.fr\/site\/wp-content\/uploads\/2022\/04\/P1470079.jpg\",\"contentUrl\":\"https:\/\/newsestlyonnais.fr\/site\/wp-content\/uploads\/2022\/04\/P1470079.jpg\",\"width\":1200,\"height\":900},{\"@type\":\"BreadcrumbList\",\"@id\":\"https:\/\/newsestlyonnais.fr\/site\/2022\/04\/25\/sylvain-meyer-on-peut-se-permettre-de-faire-du-haut-de-gamme\/#breadcrumb\",\"itemListElement\":[{\"@type\":\"ListItem\",\"position\":1,\"name\":\"Accueil\",\"item\":\"https:\/\/newsestlyonnais.fr\/site\/\"},{\"@type\":\"ListItem\",\"position\":2,\"name\":\"Sylvain Meyer \u00ab\u00a0on peut se permettre de faire du haut de gamme\u00a0\u00bb\"}]},{\"@type\":\"WebSite\",\"@id\":\"https:\/\/newsestlyonnais.fr\/site\/#website\",\"url\":\"https:\/\/newsestlyonnais.fr\/site\/\",\"name\":\"News Est Lyonnais\",\"description\":\"L&#039;actualit\u00e9 au plus pr\u00e8s\",\"publisher\":{\"@id\":\"https:\/\/newsestlyonnais.fr\/site\/#organization\"},\"potentialAction\":[{\"@type\":\"SearchAction\",\"target\":{\"@type\":\"EntryPoint\",\"urlTemplate\":\"https:\/\/newsestlyonnais.fr\/site\/?s={search_term_string}\"},\"query-input\":{\"@type\":\"PropertyValueSpecification\",\"valueRequired\":true,\"valueName\":\"search_term_string\"}}],\"inLanguage\":\"fr-FR\"},{\"@type\":\"Organization\",\"@id\":\"https:\/\/newsestlyonnais.fr\/site\/#organization\",\"name\":\"News EST LYONNAIS\",\"url\":\"https:\/\/newsestlyonnais.fr\/site\/\",\"logo\":{\"@type\":\"ImageObject\",\"inLanguage\":\"fr-FR\",\"@id\":\"https:\/\/newsestlyonnais.fr\/site\/#\/schema\/logo\/image\/\",\"url\":\"\",\"contentUrl\":\"\",\"caption\":\"News EST LYONNAIS\"},\"image\":{\"@id\":\"https:\/\/newsestlyonnais.fr\/site\/#\/schema\/logo\/image\/\"}},{\"@type\":\"Person\",\"@id\":\"https:\/\/newsestlyonnais.fr\/site\/#\/schema\/person\/3230d5615f390bb808365d673001e887\",\"name\":\"R\u00e9dac. NEWS\",\"sameAs\":[\"http:\/\/www.newsestlyonnais.fr\",\"https:\/\/www.facebook.com\/pascal.oberson.1?fref=ts\",\"https:\/\/fr.linkedin.com\/in\/pascal-oberson-b17045113\"],\"url\":\"https:\/\/newsestlyonnais.fr\/site\/author\/nel\/\"}]}<\/script>\n<!-- \/ Yoast SEO plugin. -->","yoast_head_json":{"title":"Sylvain Meyer \"on peut se permettre de faire du haut de gamme\" - News Est Lyonnais","description":"Sylvain Meyer \"on peut se permettre de faire du haut de gamme\"","robots":{"index":"index","follow":"follow","max-snippet":"max-snippet:-1","max-image-preview":"max-image-preview:large","max-video-preview":"max-video-preview:-1"},"canonical":"https:\/\/newsestlyonnais.fr\/site\/2022\/04\/25\/sylvain-meyer-on-peut-se-permettre-de-faire-du-haut-de-gamme\/","og_locale":"fr_FR","og_type":"article","og_title":"Sylvain Meyer \"on peut se permettre de faire du haut de gamme\" - News Est Lyonnais","og_description":"Sylvain Meyer \"on peut se permettre de faire du haut de gamme\"","og_url":"https:\/\/newsestlyonnais.fr\/site\/2022\/04\/25\/sylvain-meyer-on-peut-se-permettre-de-faire-du-haut-de-gamme\/","og_site_name":"News Est Lyonnais","article_author":"https:\/\/www.facebook.com\/pascal.oberson.1?fref=ts","article_published_time":"2022-04-25T16:33:44+00:00","article_modified_time":"2022-04-30T06:32:33+00:00","og_image":[{"width":1200,"height":900,"url":"https:\/\/newsestlyonnais.fr\/site\/wp-content\/uploads\/2022\/04\/P1470079.jpg","type":"image\/jpeg"}],"author":"R\u00e9dac. NEWS","twitter_card":"summary_large_image","twitter_misc":{"\u00c9crit par":"R\u00e9dac. NEWS","Dur\u00e9e de lecture estim\u00e9e":"4 minutes"},"schema":{"@context":"https:\/\/schema.org","@graph":[{"@type":"Article","@id":"https:\/\/newsestlyonnais.fr\/site\/2022\/04\/25\/sylvain-meyer-on-peut-se-permettre-de-faire-du-haut-de-gamme\/#article","isPartOf":{"@id":"https:\/\/newsestlyonnais.fr\/site\/2022\/04\/25\/sylvain-meyer-on-peut-se-permettre-de-faire-du-haut-de-gamme\/"},"author":{"name":"R\u00e9dac. NEWS","@id":"https:\/\/newsestlyonnais.fr\/site\/#\/schema\/person\/3230d5615f390bb808365d673001e887"},"headline":"Sylvain Meyer \u00ab\u00a0on peut se permettre de faire du haut de gamme\u00a0\u00bb","datePublished":"2022-04-25T16:33:44+00:00","dateModified":"2022-04-30T06:32:33+00:00","mainEntityOfPage":{"@id":"https:\/\/newsestlyonnais.fr\/site\/2022\/04\/25\/sylvain-meyer-on-peut-se-permettre-de-faire-du-haut-de-gamme\/"},"wordCount":844,"commentCount":0,"publisher":{"@id":"https:\/\/newsestlyonnais.fr\/site\/#organization"},"image":{"@id":"https:\/\/newsestlyonnais.fr\/site\/2022\/04\/25\/sylvain-meyer-on-peut-se-permettre-de-faire-du-haut-de-gamme\/#primaryimage"},"thumbnailUrl":"https:\/\/newsestlyonnais.fr\/site\/wp-content\/uploads\/2022\/04\/P1470079.jpg","keywords":["ASUL BRON","BRON","Sylvain Meyer"],"articleSection":["Athl\u00e9 | Course pied | Marche","Bron","Interviews","Sports"],"inLanguage":"fr-FR","potentialAction":[{"@type":"CommentAction","name":"Comment","target":["https:\/\/newsestlyonnais.fr\/site\/2022\/04\/25\/sylvain-meyer-on-peut-se-permettre-de-faire-du-haut-de-gamme\/#respond"]}]},{"@type":"WebPage","@id":"https:\/\/newsestlyonnais.fr\/site\/2022\/04\/25\/sylvain-meyer-on-peut-se-permettre-de-faire-du-haut-de-gamme\/","url":"https:\/\/newsestlyonnais.fr\/site\/2022\/04\/25\/sylvain-meyer-on-peut-se-permettre-de-faire-du-haut-de-gamme\/","name":"Sylvain Meyer \"on peut se permettre de faire du haut de gamme\" - News Est Lyonnais","isPartOf":{"@id":"https:\/\/newsestlyonnais.fr\/site\/#website"},"primaryImageOfPage":{"@id":"https:\/\/newsestlyonnais.fr\/site\/2022\/04\/25\/sylvain-meyer-on-peut-se-permettre-de-faire-du-haut-de-gamme\/#primaryimage"},"image":{"@id":"https:\/\/newsestlyonnais.fr\/site\/2022\/04\/25\/sylvain-meyer-on-peut-se-permettre-de-faire-du-haut-de-gamme\/#primaryimage"},"thumbnailUrl":"https:\/\/newsestlyonnais.fr\/site\/wp-content\/uploads\/2022\/04\/P1470079.jpg","datePublished":"2022-04-25T16:33:44+00:00","dateModified":"2022-04-30T06:32:33+00:00","description":"Sylvain Meyer \"on peut se permettre de faire du haut de gamme\"","breadcrumb":{"@id":"https:\/\/newsestlyonnais.fr\/site\/2022\/04\/25\/sylvain-meyer-on-peut-se-permettre-de-faire-du-haut-de-gamme\/#breadcrumb"},"inLanguage":"fr-FR","potentialAction":[{"@type":"ReadAction","target":["https:\/\/newsestlyonnais.fr\/site\/2022\/04\/25\/sylvain-meyer-on-peut-se-permettre-de-faire-du-haut-de-gamme\/"]}]},{"@type":"ImageObject","inLanguage":"fr-FR","@id":"https:\/\/newsestlyonnais.fr\/site\/2022\/04\/25\/sylvain-meyer-on-peut-se-permettre-de-faire-du-haut-de-gamme\/#primaryimage","url":"https:\/\/newsestlyonnais.fr\/site\/wp-content\/uploads\/2022\/04\/P1470079.jpg","contentUrl":"https:\/\/newsestlyonnais.fr\/site\/wp-content\/uploads\/2022\/04\/P1470079.jpg","width":1200,"height":900},{"@type":"BreadcrumbList","@id":"https:\/\/newsestlyonnais.fr\/site\/2022\/04\/25\/sylvain-meyer-on-peut-se-permettre-de-faire-du-haut-de-gamme\/#breadcrumb","itemListElement":[{"@type":"ListItem","position":1,"name":"Accueil","item":"https:\/\/newsestlyonnais.fr\/site\/"},{"@type":"ListItem","position":2,"name":"Sylvain Meyer \u00ab\u00a0on peut se permettre de faire du haut de gamme\u00a0\u00bb"}]},{"@type":"WebSite","@id":"https:\/\/newsestlyonnais.fr\/site\/#website","url":"https:\/\/newsestlyonnais.fr\/site\/","name":"News Est Lyonnais","description":"L&#039;actualit\u00e9 au plus pr\u00e8s","publisher":{"@id":"https:\/\/newsestlyonnais.fr\/site\/#organization"},"potentialAction":[{"@type":"SearchAction","target":{"@type":"EntryPoint","urlTemplate":"https:\/\/newsestlyonnais.fr\/site\/?s={search_term_string}"},"query-input":{"@type":"PropertyValueSpecification","valueRequired":true,"valueName":"search_term_string"}}],"inLanguage":"fr-FR"},{"@type":"Organization","@id":"https:\/\/newsestlyonnais.fr\/site\/#organization","name":"News EST LYONNAIS","url":"https:\/\/newsestlyonnais.fr\/site\/","logo":{"@type":"ImageObject","inLanguage":"fr-FR","@id":"https:\/\/newsestlyonnais.fr\/site\/#\/schema\/logo\/image\/","url":"","contentUrl":"","caption":"News EST LYONNAIS"},"image":{"@id":"https:\/\/newsestlyonnais.fr\/site\/#\/schema\/logo\/image\/"}},{"@type":"Person","@id":"https:\/\/newsestlyonnais.fr\/site\/#\/schema\/person\/3230d5615f390bb808365d673001e887","name":"R\u00e9dac. NEWS","sameAs":["http:\/\/www.newsestlyonnais.fr","https:\/\/www.facebook.com\/pascal.oberson.1?fref=ts","https:\/\/fr.linkedin.com\/in\/pascal-oberson-b17045113"],"url":"https:\/\/newsestlyonnais.fr\/site\/author\/nel\/"}]}},"_links":{"self":[{"href":"https:\/\/newsestlyonnais.fr\/site\/wp-json\/wp\/v2\/posts\/153744","targetHints":{"allow":["GET"]}}],"collection":[{"href":"https:\/\/newsestlyonnais.fr\/site\/wp-json\/wp\/v2\/posts"}],"about":[{"href":"https:\/\/newsestlyonnais.fr\/site\/wp-json\/wp\/v2\/types\/post"}],"author":[{"embeddable":true,"href":"https:\/\/newsestlyonnais.fr\/site\/wp-json\/wp\/v2\/users\/4"}],"replies":[{"embeddable":true,"href":"https:\/\/newsestlyonnais.fr\/site\/wp-json\/wp\/v2\/comments?post=153744"}],"version-history":[{"count":0,"href":"https:\/\/newsestlyonnais.fr\/site\/wp-json\/wp\/v2\/posts\/153744\/revisions"}],"wp:featuredmedia":[{"embeddable":true,"href":"https:\/\/newsestlyonnais.fr\/site\/wp-json\/wp\/v2\/media\/153746"}],"wp:attachment":[{"href":"https:\/\/newsestlyonnais.fr\/site\/wp-json\/wp\/v2\/media?parent=153744"}],"wp:term":[{"taxonomy":"category","embeddable":true,"href":"https:\/\/newsestlyonnais.fr\/site\/wp-json\/wp\/v2\/categories?post=153744"},{"taxonomy":"post_tag","embeddable":true,"href":"https:\/\/newsestlyonnais.fr\/site\/wp-json\/wp\/v2\/tags?post=153744"}],"curies":[{"name":"wp","href":"https:\/\/api.w.org\/{rel}","templated":true}]}}