{"id":153996,"date":"2022-04-28T09:43:28","date_gmt":"2022-04-28T08:43:28","guid":{"rendered":"https:\/\/newsestlyonnais.fr\/site\/?p=153996"},"modified":"2022-05-06T14:10:17","modified_gmt":"2022-05-06T13:10:17","slug":"les-hippodromes-de-lyon-celebrent-leur-labellisation-equures","status":"publish","type":"post","link":"https:\/\/newsestlyonnais.fr\/site\/2022\/04\/28\/les-hippodromes-de-lyon-celebrent-leur-labellisation-equures\/","title":{"rendered":"Les Hippodromes de Lyon c\u00e9l\u00e8brent leur labellisation EquuRES"},"content":{"rendered":"<p><span style=\"background-color: #000000; color: #ffffff;\"><strong>Des progr\u00e8s probants<\/strong><\/span><\/p>\n<p>A l&rsquo;occasion de la r\u00e9union de courses qui accueillera la course du quint\u00e9+ national sur l&rsquo;hippodrome de Parilly \u00e0 13 h 50 (Grand Prix de Parilly), la Soci\u00e9t\u00e9 des Courses Lyonnaises c\u00e9l\u00e8brera la reconduction de sa <strong>labellisation EquuRES<\/strong>.<\/p>\n<p>Gr\u00e2ce aux efforts et am\u00e9liorations r\u00e9alis\u00e9es depuis 2017, les hippodromes de Lyon (Parilly et Carr\u00e9 de Soie) passent de l&rsquo;\u00e9chelon \u00ab\u00a0Engagement\u00a0\u00bb \u00e0 l&rsquo;<strong>\u00e9chelon \u00ab\u00a0Progression\u00a0\u00bb<\/strong>.<\/p>\n<p>Pour exemples, la gestion de l\u2019eau et des \u00e9nergies ont \u00e9t\u00e9 rationalis\u00e9es, les entretiens m\u00e9caniques et manuels des sols sont maintenant privil\u00e9gi\u00e9s avec l\u2019utilisation d\u2019un peigne \u00e0 gazon et un d\u00e9sherbage s\u00e9lectif m\u00e9canique. Les sols sont uniquement dynamis\u00e9s par enzymes naturelles et bact\u00e9ries positives. <strong>D\u00e9sormais les Hippodromes de Lyon s&rsquo;inscrivent dans une d\u00e9marche \u00ab z\u00e9ro phyto \u00bb.<\/strong><\/p>\n<p><span style=\"background-color: #000000; color: #ffffff;\"><strong>Le programme de la matin\u00e9e<\/strong><\/span><\/p>\n<ul>\n<li>10 h =&gt; <strong>Accueil des m\u00e9dias<\/strong> et autres participants \u00e0 l&rsquo;accueil de l&rsquo;hippodrome<\/li>\n<li>10 h 15 =&gt; <strong>Visite de l\u2019hippodrome de Parilly<\/strong> : progr\u00e8s et investissements effectu\u00e9s<\/li>\n<li>11 h =&gt; <strong>Plantation de l&rsquo;arbre souvenir <\/strong>\u00ab\u00a0Labellisation Progression\u00a0\u00bb<\/li>\n<li>11 h 15 =&gt; <strong>Pr\u00e9sentation du label EquuRES<\/strong> et du Colloque sant\u00e9 bien-\u00eatre \u00e9quin<\/li>\n<\/ul>\n<p>Apr\u00e8s le d\u00e9jeuner&#8230;<\/p>\n<ul>\n<li>13 h 50 =&gt; <strong>Grand Prix de Parilly<\/strong> (Quint\u00e9+)<\/li>\n<li>14 h 25 =&gt; <strong>Prix Label EquuRES<\/strong><\/li>\n<\/ul>\n<hr \/>\n<p><span style=\"background-color: #000000; color: #ffffff;\"><strong>Le label EquuRES<\/strong><\/span><\/p>\n<p>Le <span style=\"color: #3366ff;\"><a style=\"color: #3366ff;\" href=\"http:\/\/r.newsletter.leshippodromesdelyon.fr\/mk\/cl\/f\/Z749UJhlYdP6gKu3M-HQEFAS098d4MlPDJoA-yOIBFjGURMqk4i7e5jVrmcww2ACRhI-W4kzz0VMpBhlvp-wlH9QunKlZ-U0RMjBsHWuSVop-MRshJ807UlHed475ETt9PqcQ3F3SvgUPDZGYjfpWpSo8spijZamm4QmFrxkBQ-nmsjwJeXPGz7HBX2RYifYof0655kHysiqQaWUYCB1c2y0fX8\">label EquuRES<\/a><\/span> est la <strong>seule d\u00e9marche de qualit\u00e9 en faveur de l&rsquo;environnement<\/strong> et du bien-\u00eatre animal sp\u00e9cifiquement d\u00e9velopp\u00e9e pour les structures \u00e9quines, quelles que soient leur localisation, leur taille et leur activit\u00e9.<\/p>\n<p>Les <strong>10 th\u00e9matiques<\/strong> d&rsquo;action du Label permettent aux professionnels d&rsquo;entrer dans une d\u00e9marche globale d&rsquo;am\u00e9lioration continue. \u00c9conomies d&rsquo;\u00e9nergie, ma\u00eetrise des flux, protection des ressources et de la biodiversit\u00e9, pr\u00e9servation de la qualit\u00e9 des sols, de l&rsquo;eau, de l&rsquo;air, garantie de la bonne sant\u00e9 et du bien-\u00eatre animal, autant de sujets pour lesquels le Label EquuRES apporte des solutions concr\u00e8tes.<\/p>\n<p>Le label EquuRES correspond au niveau 2 du r\u00e9f\u00e9rentiel de la certification environnementale des exploitations agricoles (CEEA), aussi connue sous le nom de HVE2. Il est aujourd\u2019hui la seule d\u00e9marche environnementale de qualit\u00e9 de la fili\u00e8re \u00e9quine reconnue par le Minist\u00e8re de l\u2019Agriculture.<\/p>\n<hr \/>\n<p><span style=\"font-size: 14pt; background-color: #000000;\"><span style=\"color: #ffffff;\">Source &gt; communiqu\u00e9 des <\/span><a style=\"background-color: #000000;\" href=\"https:\/\/www.leshippodromesdelyon.fr\"><span style=\"color: #ffcc00;\">Hippodromes de Lyon<\/span><\/a><\/span><\/p>\n","protected":false},"excerpt":{"rendered":"<p>Apr\u00e8s une premi\u00e8re labellisation en 2017, la Soci\u00e9t\u00e9 des Courses Lyonnaises c\u00e9l\u00e8brera jeudi 5 mai, le passage \u00e0 l&rsquo;\u00e9chelon \u00ab\u00a0Progression\u00a0\u00bb des 2 hippodromes pour les 3 ans \u00e0 venir.<\/p>\n","protected":false},"author":4,"featured_media":97381,"comment_status":"open","ping_status":"open","sticky":false,"template":"","format":"standard","meta":{"footnotes":""},"categories":[19,1152,1625,3010,28],"tags":[3063,2569,2711],"class_list":["post-153996","post","type-post","status-publish","format-standard","has-post-thumbnail","hentry","category-bron","category-hippisme-piscines","category-lyon","category-nature-environnement-culture-et-loisirs","category-vaulx-en-velin","tag-carre-de-soie","tag-hippodrome","tag-parilly"],"yoast_head":"<!-- This site is optimized with the Yoast SEO plugin v27.2 - https:\/\/yoast.com\/product\/yoast-seo-wordpress\/ -->\n<title>Les Hippodromes de Lyon c\u00e9l\u00e8brent leur labellisation EquuRES - News Est Lyonnais<\/title>\n<meta name=\"description\" content=\"Les Hippodromes de Lyon c\u00e9l\u00e8brent leur labellisation EquuRES\" \/>\n<meta name=\"robots\" content=\"index, follow, max-snippet:-1, max-image-preview:large, max-video-preview:-1\" \/>\n<link rel=\"canonical\" href=\"https:\/\/newsestlyonnais.fr\/site\/2022\/04\/28\/les-hippodromes-de-lyon-celebrent-leur-labellisation-equures\/\" \/>\n<meta property=\"og:locale\" content=\"fr_FR\" \/>\n<meta property=\"og:type\" content=\"article\" \/>\n<meta property=\"og:title\" content=\"Les Hippodromes de Lyon c\u00e9l\u00e8brent leur labellisation EquuRES - News Est Lyonnais\" \/>\n<meta property=\"og:description\" content=\"Les Hippodromes de Lyon c\u00e9l\u00e8brent leur labellisation EquuRES\" \/>\n<meta property=\"og:url\" content=\"https:\/\/newsestlyonnais.fr\/site\/2022\/04\/28\/les-hippodromes-de-lyon-celebrent-leur-labellisation-equures\/\" \/>\n<meta property=\"og:site_name\" content=\"News Est Lyonnais\" \/>\n<meta property=\"article:author\" content=\"https:\/\/www.facebook.com\/pascal.oberson.1?fref=ts\" \/>\n<meta property=\"article:published_time\" content=\"2022-04-28T08:43:28+00:00\" \/>\n<meta property=\"article:modified_time\" content=\"2022-05-06T13:10:17+00:00\" \/>\n<meta property=\"og:image\" content=\"https:\/\/newsestlyonnais.fr\/site\/wp-content\/uploads\/2020\/03\/NEWSESTLYONNAIS-HIPPODROMES-2.jpg\" \/>\n\t<meta property=\"og:image:width\" content=\"1200\" \/>\n\t<meta property=\"og:image:height\" content=\"800\" \/>\n\t<meta property=\"og:image:type\" content=\"image\/jpeg\" \/>\n<meta name=\"author\" content=\"R\u00e9dac. NEWS\" \/>\n<meta name=\"twitter:card\" content=\"summary_large_image\" \/>\n<meta name=\"twitter:label1\" content=\"\u00c9crit par\" \/>\n\t<meta name=\"twitter:data1\" content=\"R\u00e9dac. NEWS\" \/>\n\t<meta name=\"twitter:label2\" content=\"Dur\u00e9e de lecture estim\u00e9e\" \/>\n\t<meta name=\"twitter:data2\" content=\"2 minutes\" \/>\n<script type=\"application\/ld+json\" class=\"yoast-schema-graph\">{\"@context\":\"https:\/\/schema.org\",\"@graph\":[{\"@type\":\"Article\",\"@id\":\"https:\/\/newsestlyonnais.fr\/site\/2022\/04\/28\/les-hippodromes-de-lyon-celebrent-leur-labellisation-equures\/#article\",\"isPartOf\":{\"@id\":\"https:\/\/newsestlyonnais.fr\/site\/2022\/04\/28\/les-hippodromes-de-lyon-celebrent-leur-labellisation-equures\/\"},\"author\":{\"name\":\"R\u00e9dac. NEWS\",\"@id\":\"https:\/\/newsestlyonnais.fr\/site\/#\/schema\/person\/3230d5615f390bb808365d673001e887\"},\"headline\":\"Les Hippodromes de Lyon c\u00e9l\u00e8brent leur labellisation EquuRES\",\"datePublished\":\"2022-04-28T08:43:28+00:00\",\"dateModified\":\"2022-05-06T13:10:17+00:00\",\"mainEntityOfPage\":{\"@id\":\"https:\/\/newsestlyonnais.fr\/site\/2022\/04\/28\/les-hippodromes-de-lyon-celebrent-leur-labellisation-equures\/\"},\"wordCount\":396,\"commentCount\":0,\"publisher\":{\"@id\":\"https:\/\/newsestlyonnais.fr\/site\/#organization\"},\"image\":{\"@id\":\"https:\/\/newsestlyonnais.fr\/site\/2022\/04\/28\/les-hippodromes-de-lyon-celebrent-leur-labellisation-equures\/#primaryimage\"},\"thumbnailUrl\":\"https:\/\/newsestlyonnais.fr\/site\/wp-content\/uploads\/2020\/03\/NEWSESTLYONNAIS-HIPPODROMES-2.jpg\",\"keywords\":[\"CARRE DE SOIE\",\"HIPPODROME\",\"PARILLY\"],\"articleSection\":[\"Bron\",\"Hippisme | Piscines\",\"Lyon\",\"Nature | Environnement | Chasse\",\"Vaulx-en-Velin\"],\"inLanguage\":\"fr-FR\",\"potentialAction\":[{\"@type\":\"CommentAction\",\"name\":\"Comment\",\"target\":[\"https:\/\/newsestlyonnais.fr\/site\/2022\/04\/28\/les-hippodromes-de-lyon-celebrent-leur-labellisation-equures\/#respond\"]}]},{\"@type\":\"WebPage\",\"@id\":\"https:\/\/newsestlyonnais.fr\/site\/2022\/04\/28\/les-hippodromes-de-lyon-celebrent-leur-labellisation-equures\/\",\"url\":\"https:\/\/newsestlyonnais.fr\/site\/2022\/04\/28\/les-hippodromes-de-lyon-celebrent-leur-labellisation-equures\/\",\"name\":\"Les Hippodromes de Lyon c\u00e9l\u00e8brent leur labellisation EquuRES - News Est Lyonnais\",\"isPartOf\":{\"@id\":\"https:\/\/newsestlyonnais.fr\/site\/#website\"},\"primaryImageOfPage\":{\"@id\":\"https:\/\/newsestlyonnais.fr\/site\/2022\/04\/28\/les-hippodromes-de-lyon-celebrent-leur-labellisation-equures\/#primaryimage\"},\"image\":{\"@id\":\"https:\/\/newsestlyonnais.fr\/site\/2022\/04\/28\/les-hippodromes-de-lyon-celebrent-leur-labellisation-equures\/#primaryimage\"},\"thumbnailUrl\":\"https:\/\/newsestlyonnais.fr\/site\/wp-content\/uploads\/2020\/03\/NEWSESTLYONNAIS-HIPPODROMES-2.jpg\",\"datePublished\":\"2022-04-28T08:43:28+00:00\",\"dateModified\":\"2022-05-06T13:10:17+00:00\",\"description\":\"Les Hippodromes de Lyon c\u00e9l\u00e8brent leur labellisation EquuRES\",\"breadcrumb\":{\"@id\":\"https:\/\/newsestlyonnais.fr\/site\/2022\/04\/28\/les-hippodromes-de-lyon-celebrent-leur-labellisation-equures\/#breadcrumb\"},\"inLanguage\":\"fr-FR\",\"potentialAction\":[{\"@type\":\"ReadAction\",\"target\":[\"https:\/\/newsestlyonnais.fr\/site\/2022\/04\/28\/les-hippodromes-de-lyon-celebrent-leur-labellisation-equures\/\"]}]},{\"@type\":\"ImageObject\",\"inLanguage\":\"fr-FR\",\"@id\":\"https:\/\/newsestlyonnais.fr\/site\/2022\/04\/28\/les-hippodromes-de-lyon-celebrent-leur-labellisation-equures\/#primaryimage\",\"url\":\"https:\/\/newsestlyonnais.fr\/site\/wp-content\/uploads\/2020\/03\/NEWSESTLYONNAIS-HIPPODROMES-2.jpg\",\"contentUrl\":\"https:\/\/newsestlyonnais.fr\/site\/wp-content\/uploads\/2020\/03\/NEWSESTLYONNAIS-HIPPODROMES-2.jpg\",\"width\":1200,\"height\":800},{\"@type\":\"BreadcrumbList\",\"@id\":\"https:\/\/newsestlyonnais.fr\/site\/2022\/04\/28\/les-hippodromes-de-lyon-celebrent-leur-labellisation-equures\/#breadcrumb\",\"itemListElement\":[{\"@type\":\"ListItem\",\"position\":1,\"name\":\"Accueil\",\"item\":\"https:\/\/newsestlyonnais.fr\/site\/\"},{\"@type\":\"ListItem\",\"position\":2,\"name\":\"Les Hippodromes de Lyon c\u00e9l\u00e8brent leur labellisation EquuRES\"}]},{\"@type\":\"WebSite\",\"@id\":\"https:\/\/newsestlyonnais.fr\/site\/#website\",\"url\":\"https:\/\/newsestlyonnais.fr\/site\/\",\"name\":\"News Est Lyonnais\",\"description\":\"L&#039;actualit\u00e9 au plus pr\u00e8s\",\"publisher\":{\"@id\":\"https:\/\/newsestlyonnais.fr\/site\/#organization\"},\"potentialAction\":[{\"@type\":\"SearchAction\",\"target\":{\"@type\":\"EntryPoint\",\"urlTemplate\":\"https:\/\/newsestlyonnais.fr\/site\/?s={search_term_string}\"},\"query-input\":{\"@type\":\"PropertyValueSpecification\",\"valueRequired\":true,\"valueName\":\"search_term_string\"}}],\"inLanguage\":\"fr-FR\"},{\"@type\":\"Organization\",\"@id\":\"https:\/\/newsestlyonnais.fr\/site\/#organization\",\"name\":\"News EST LYONNAIS\",\"url\":\"https:\/\/newsestlyonnais.fr\/site\/\",\"logo\":{\"@type\":\"ImageObject\",\"inLanguage\":\"fr-FR\",\"@id\":\"https:\/\/newsestlyonnais.fr\/site\/#\/schema\/logo\/image\/\",\"url\":\"\",\"contentUrl\":\"\",\"caption\":\"News EST LYONNAIS\"},\"image\":{\"@id\":\"https:\/\/newsestlyonnais.fr\/site\/#\/schema\/logo\/image\/\"}},{\"@type\":\"Person\",\"@id\":\"https:\/\/newsestlyonnais.fr\/site\/#\/schema\/person\/3230d5615f390bb808365d673001e887\",\"name\":\"R\u00e9dac. NEWS\",\"sameAs\":[\"http:\/\/www.newsestlyonnais.fr\",\"https:\/\/www.facebook.com\/pascal.oberson.1?fref=ts\",\"https:\/\/fr.linkedin.com\/in\/pascal-oberson-b17045113\"],\"url\":\"https:\/\/newsestlyonnais.fr\/site\/author\/nel\/\"}]}<\/script>\n<!-- \/ Yoast SEO plugin. -->","yoast_head_json":{"title":"Les Hippodromes de Lyon c\u00e9l\u00e8brent leur labellisation EquuRES - News Est Lyonnais","description":"Les Hippodromes de Lyon c\u00e9l\u00e8brent leur labellisation EquuRES","robots":{"index":"index","follow":"follow","max-snippet":"max-snippet:-1","max-image-preview":"max-image-preview:large","max-video-preview":"max-video-preview:-1"},"canonical":"https:\/\/newsestlyonnais.fr\/site\/2022\/04\/28\/les-hippodromes-de-lyon-celebrent-leur-labellisation-equures\/","og_locale":"fr_FR","og_type":"article","og_title":"Les Hippodromes de Lyon c\u00e9l\u00e8brent leur labellisation EquuRES - News Est Lyonnais","og_description":"Les Hippodromes de Lyon c\u00e9l\u00e8brent leur labellisation EquuRES","og_url":"https:\/\/newsestlyonnais.fr\/site\/2022\/04\/28\/les-hippodromes-de-lyon-celebrent-leur-labellisation-equures\/","og_site_name":"News Est Lyonnais","article_author":"https:\/\/www.facebook.com\/pascal.oberson.1?fref=ts","article_published_time":"2022-04-28T08:43:28+00:00","article_modified_time":"2022-05-06T13:10:17+00:00","og_image":[{"width":1200,"height":800,"url":"https:\/\/newsestlyonnais.fr\/site\/wp-content\/uploads\/2020\/03\/NEWSESTLYONNAIS-HIPPODROMES-2.jpg","type":"image\/jpeg"}],"author":"R\u00e9dac. NEWS","twitter_card":"summary_large_image","twitter_misc":{"\u00c9crit par":"R\u00e9dac. NEWS","Dur\u00e9e de lecture estim\u00e9e":"2 minutes"},"schema":{"@context":"https:\/\/schema.org","@graph":[{"@type":"Article","@id":"https:\/\/newsestlyonnais.fr\/site\/2022\/04\/28\/les-hippodromes-de-lyon-celebrent-leur-labellisation-equures\/#article","isPartOf":{"@id":"https:\/\/newsestlyonnais.fr\/site\/2022\/04\/28\/les-hippodromes-de-lyon-celebrent-leur-labellisation-equures\/"},"author":{"name":"R\u00e9dac. NEWS","@id":"https:\/\/newsestlyonnais.fr\/site\/#\/schema\/person\/3230d5615f390bb808365d673001e887"},"headline":"Les Hippodromes de Lyon c\u00e9l\u00e8brent leur labellisation EquuRES","datePublished":"2022-04-28T08:43:28+00:00","dateModified":"2022-05-06T13:10:17+00:00","mainEntityOfPage":{"@id":"https:\/\/newsestlyonnais.fr\/site\/2022\/04\/28\/les-hippodromes-de-lyon-celebrent-leur-labellisation-equures\/"},"wordCount":396,"commentCount":0,"publisher":{"@id":"https:\/\/newsestlyonnais.fr\/site\/#organization"},"image":{"@id":"https:\/\/newsestlyonnais.fr\/site\/2022\/04\/28\/les-hippodromes-de-lyon-celebrent-leur-labellisation-equures\/#primaryimage"},"thumbnailUrl":"https:\/\/newsestlyonnais.fr\/site\/wp-content\/uploads\/2020\/03\/NEWSESTLYONNAIS-HIPPODROMES-2.jpg","keywords":["CARRE DE SOIE","HIPPODROME","PARILLY"],"articleSection":["Bron","Hippisme | Piscines","Lyon","Nature | Environnement | Chasse","Vaulx-en-Velin"],"inLanguage":"fr-FR","potentialAction":[{"@type":"CommentAction","name":"Comment","target":["https:\/\/newsestlyonnais.fr\/site\/2022\/04\/28\/les-hippodromes-de-lyon-celebrent-leur-labellisation-equures\/#respond"]}]},{"@type":"WebPage","@id":"https:\/\/newsestlyonnais.fr\/site\/2022\/04\/28\/les-hippodromes-de-lyon-celebrent-leur-labellisation-equures\/","url":"https:\/\/newsestlyonnais.fr\/site\/2022\/04\/28\/les-hippodromes-de-lyon-celebrent-leur-labellisation-equures\/","name":"Les Hippodromes de Lyon c\u00e9l\u00e8brent leur labellisation EquuRES - News Est Lyonnais","isPartOf":{"@id":"https:\/\/newsestlyonnais.fr\/site\/#website"},"primaryImageOfPage":{"@id":"https:\/\/newsestlyonnais.fr\/site\/2022\/04\/28\/les-hippodromes-de-lyon-celebrent-leur-labellisation-equures\/#primaryimage"},"image":{"@id":"https:\/\/newsestlyonnais.fr\/site\/2022\/04\/28\/les-hippodromes-de-lyon-celebrent-leur-labellisation-equures\/#primaryimage"},"thumbnailUrl":"https:\/\/newsestlyonnais.fr\/site\/wp-content\/uploads\/2020\/03\/NEWSESTLYONNAIS-HIPPODROMES-2.jpg","datePublished":"2022-04-28T08:43:28+00:00","dateModified":"2022-05-06T13:10:17+00:00","description":"Les Hippodromes de Lyon c\u00e9l\u00e8brent leur labellisation EquuRES","breadcrumb":{"@id":"https:\/\/newsestlyonnais.fr\/site\/2022\/04\/28\/les-hippodromes-de-lyon-celebrent-leur-labellisation-equures\/#breadcrumb"},"inLanguage":"fr-FR","potentialAction":[{"@type":"ReadAction","target":["https:\/\/newsestlyonnais.fr\/site\/2022\/04\/28\/les-hippodromes-de-lyon-celebrent-leur-labellisation-equures\/"]}]},{"@type":"ImageObject","inLanguage":"fr-FR","@id":"https:\/\/newsestlyonnais.fr\/site\/2022\/04\/28\/les-hippodromes-de-lyon-celebrent-leur-labellisation-equures\/#primaryimage","url":"https:\/\/newsestlyonnais.fr\/site\/wp-content\/uploads\/2020\/03\/NEWSESTLYONNAIS-HIPPODROMES-2.jpg","contentUrl":"https:\/\/newsestlyonnais.fr\/site\/wp-content\/uploads\/2020\/03\/NEWSESTLYONNAIS-HIPPODROMES-2.jpg","width":1200,"height":800},{"@type":"BreadcrumbList","@id":"https:\/\/newsestlyonnais.fr\/site\/2022\/04\/28\/les-hippodromes-de-lyon-celebrent-leur-labellisation-equures\/#breadcrumb","itemListElement":[{"@type":"ListItem","position":1,"name":"Accueil","item":"https:\/\/newsestlyonnais.fr\/site\/"},{"@type":"ListItem","position":2,"name":"Les Hippodromes de Lyon c\u00e9l\u00e8brent leur labellisation EquuRES"}]},{"@type":"WebSite","@id":"https:\/\/newsestlyonnais.fr\/site\/#website","url":"https:\/\/newsestlyonnais.fr\/site\/","name":"News Est Lyonnais","description":"L&#039;actualit\u00e9 au plus pr\u00e8s","publisher":{"@id":"https:\/\/newsestlyonnais.fr\/site\/#organization"},"potentialAction":[{"@type":"SearchAction","target":{"@type":"EntryPoint","urlTemplate":"https:\/\/newsestlyonnais.fr\/site\/?s={search_term_string}"},"query-input":{"@type":"PropertyValueSpecification","valueRequired":true,"valueName":"search_term_string"}}],"inLanguage":"fr-FR"},{"@type":"Organization","@id":"https:\/\/newsestlyonnais.fr\/site\/#organization","name":"News EST LYONNAIS","url":"https:\/\/newsestlyonnais.fr\/site\/","logo":{"@type":"ImageObject","inLanguage":"fr-FR","@id":"https:\/\/newsestlyonnais.fr\/site\/#\/schema\/logo\/image\/","url":"","contentUrl":"","caption":"News EST LYONNAIS"},"image":{"@id":"https:\/\/newsestlyonnais.fr\/site\/#\/schema\/logo\/image\/"}},{"@type":"Person","@id":"https:\/\/newsestlyonnais.fr\/site\/#\/schema\/person\/3230d5615f390bb808365d673001e887","name":"R\u00e9dac. NEWS","sameAs":["http:\/\/www.newsestlyonnais.fr","https:\/\/www.facebook.com\/pascal.oberson.1?fref=ts","https:\/\/fr.linkedin.com\/in\/pascal-oberson-b17045113"],"url":"https:\/\/newsestlyonnais.fr\/site\/author\/nel\/"}]}},"_links":{"self":[{"href":"https:\/\/newsestlyonnais.fr\/site\/wp-json\/wp\/v2\/posts\/153996","targetHints":{"allow":["GET"]}}],"collection":[{"href":"https:\/\/newsestlyonnais.fr\/site\/wp-json\/wp\/v2\/posts"}],"about":[{"href":"https:\/\/newsestlyonnais.fr\/site\/wp-json\/wp\/v2\/types\/post"}],"author":[{"embeddable":true,"href":"https:\/\/newsestlyonnais.fr\/site\/wp-json\/wp\/v2\/users\/4"}],"replies":[{"embeddable":true,"href":"https:\/\/newsestlyonnais.fr\/site\/wp-json\/wp\/v2\/comments?post=153996"}],"version-history":[{"count":0,"href":"https:\/\/newsestlyonnais.fr\/site\/wp-json\/wp\/v2\/posts\/153996\/revisions"}],"wp:featuredmedia":[{"embeddable":true,"href":"https:\/\/newsestlyonnais.fr\/site\/wp-json\/wp\/v2\/media\/97381"}],"wp:attachment":[{"href":"https:\/\/newsestlyonnais.fr\/site\/wp-json\/wp\/v2\/media?parent=153996"}],"wp:term":[{"taxonomy":"category","embeddable":true,"href":"https:\/\/newsestlyonnais.fr\/site\/wp-json\/wp\/v2\/categories?post=153996"},{"taxonomy":"post_tag","embeddable":true,"href":"https:\/\/newsestlyonnais.fr\/site\/wp-json\/wp\/v2\/tags?post=153996"}],"curies":[{"name":"wp","href":"https:\/\/api.w.org\/{rel}","templated":true}]}}