{"id":154119,"date":"2022-04-29T10:42:18","date_gmt":"2022-04-29T09:42:18","guid":{"rendered":"https:\/\/newsestlyonnais.fr\/site\/?p=154119"},"modified":"2022-05-01T16:27:37","modified_gmt":"2022-05-01T15:27:37","slug":"genas-le-defi-de-deux-etudiantes-de-participer-au-4l-trophy","status":"publish","type":"post","link":"https:\/\/newsestlyonnais.fr\/site\/2022\/04\/29\/genas-le-defi-de-deux-etudiantes-de-participer-au-4l-trophy\/","title":{"rendered":"GENAS | Le d\u00e9fi de deux \u00e9tudiantes de participer au 4L Trophy"},"content":{"rendered":"<p>Dans le cadre d\u2019un dispf d\u2019accompagnement de projets qui s\u2019adresse aux 12-25 ans (Pro\u2019jeunes), <strong>la ville de Genas finance un \u00e9quipage qui participera \u00e0 un \u00e9v\u00e8nement sportif et humanitaire important : Le 4 L trophy.<\/strong><\/p>\n<p>\u00a0\u00bb Nous sommes Victoria et L\u00e9a, deux \u00e9tudiantes qui se sont donn\u00e9es le d\u00e9fi de participer au 4L Trophy ! \u00c0 l\u2019approche de notre d\u00e9part, pr\u00e9vu le lundi 2 mai 2022, nous organisons une vente de brioches sur le march\u00e9 de Genas ce dimanche 1\u00b0 mai 2022. L\u2019argent r\u00e9colt\u00e9 nous permettra de finaliser notre pr\u00e9paration. Alors on compte sur vous et sur votre participation ! \u00a0\u00bb confient la pilote et sa co-pilote.<\/p>\n<hr \/>\n<p><em><strong><span style=\"background-color: #000000; color: #ffffff;\"><img loading=\"lazy\" decoding=\"async\" class=\"alignleft size-thumbnail wp-image-154127\" src=\"https:\/\/newsestlyonnais.fr\/site\/wp-content\/uploads\/2022\/04\/raid-4l-trophy-25-ans-250x235.png\" alt=\"\" width=\"150\" height=\"141\" srcset=\"https:\/\/newsestlyonnais.fr\/site\/wp-content\/uploads\/2022\/04\/raid-4l-trophy-25-ans-250x235.png 250w, https:\/\/newsestlyonnais.fr\/site\/wp-content\/uploads\/2022\/04\/raid-4l-trophy-25-ans-150x141.png 150w, https:\/\/newsestlyonnais.fr\/site\/wp-content\/uploads\/2022\/04\/raid-4l-trophy-25-ans-50x47.png 50w, https:\/\/newsestlyonnais.fr\/site\/wp-content\/uploads\/2022\/04\/raid-4l-trophy-25-ans-100x94.png 100w, https:\/\/newsestlyonnais.fr\/site\/wp-content\/uploads\/2022\/04\/raid-4l-trophy-25-ans-200x188.png 200w, https:\/\/newsestlyonnais.fr\/site\/wp-content\/uploads\/2022\/04\/raid-4l-trophy-25-ans-300x283.png 300w, https:\/\/newsestlyonnais.fr\/site\/wp-content\/uploads\/2022\/04\/raid-4l-trophy-25-ans-350x330.png 350w, https:\/\/newsestlyonnais.fr\/site\/wp-content\/uploads\/2022\/04\/raid-4l-trophy-25-ans.png 396w\" sizes=\"auto, (max-width: 150px) 100vw, 150px\" \/><span style=\"font-size: 14pt;\">+ d&rsquo;infos sur la 26\u00b0 \u00e9dition <\/span><\/span><\/strong><\/em><em><strong><span style=\"background-color: #000000; color: #ffffff;\">au Maroc du 5 au 15 mai 2022<\/span> <\/strong><\/em><\/p>\n<p><em><strong><span style=\"color: #0000ff;\"><a style=\"color: #0000ff;\" href=\"https:\/\/www.4ltrophy.com\"><span style=\"font-size: 12pt;\">https:\/\/www.4ltrophy.com<\/span><\/a><\/span><\/strong><\/em><\/p>\n<hr \/>\n<p>&nbsp;<\/p>\n","protected":false},"excerpt":{"rendered":"<p>Victoria et L\u00e9a seront pr\u00e9sentes ce dimanche sur le march\u00e9 de la place de la r\u00e9publique avec leur voiture.<\/p>\n","protected":false},"author":4,"featured_media":154122,"comment_status":"open","ping_status":"open","sticky":false,"template":"","format":"standard","meta":{"footnotes":""},"categories":[270,171,1598,18],"tags":[4263,2005],"class_list":["post-154119","post","type-post","status-publish","format-standard","has-post-thumbnail","hentry","category-cte-de-communes-c-c-e-l","category-enfance-jeunesse","category-genas","category-sante-bien-etre-solidarite","tag-4l-trophy","tag-genas"],"yoast_head":"<!-- This site is optimized with the Yoast SEO plugin v27.2 - https:\/\/yoast.com\/product\/yoast-seo-wordpress\/ -->\n<title>GENAS | Le d\u00e9fi de deux \u00e9tudiantes de participer au 4L Trophy - News Est Lyonnais<\/title>\n<meta name=\"description\" content=\"GENAS | Le d\u00e9fi de deux \u00e9tudiantes de participer au 4L Trophy\" \/>\n<meta name=\"robots\" content=\"index, follow, max-snippet:-1, max-image-preview:large, max-video-preview:-1\" \/>\n<link rel=\"canonical\" href=\"https:\/\/newsestlyonnais.fr\/site\/2022\/04\/29\/genas-le-defi-de-deux-etudiantes-de-participer-au-4l-trophy\/\" \/>\n<meta property=\"og:locale\" content=\"fr_FR\" \/>\n<meta property=\"og:type\" content=\"article\" \/>\n<meta property=\"og:title\" content=\"GENAS | Le d\u00e9fi de deux \u00e9tudiantes de participer au 4L Trophy - News Est Lyonnais\" \/>\n<meta property=\"og:description\" content=\"GENAS | Le d\u00e9fi de deux \u00e9tudiantes de participer au 4L Trophy\" \/>\n<meta property=\"og:url\" content=\"https:\/\/newsestlyonnais.fr\/site\/2022\/04\/29\/genas-le-defi-de-deux-etudiantes-de-participer-au-4l-trophy\/\" \/>\n<meta property=\"og:site_name\" content=\"News Est Lyonnais\" \/>\n<meta property=\"article:author\" content=\"https:\/\/www.facebook.com\/pascal.oberson.1?fref=ts\" \/>\n<meta property=\"article:published_time\" content=\"2022-04-29T09:42:18+00:00\" \/>\n<meta property=\"article:modified_time\" content=\"2022-05-01T15:27:37+00:00\" \/>\n<meta property=\"og:image\" content=\"https:\/\/newsestlyonnais.fr\/site\/wp-content\/uploads\/2022\/04\/IMG-0745.jpg\" \/>\n\t<meta property=\"og:image:width\" content=\"900\" \/>\n\t<meta property=\"og:image:height\" content=\"1200\" \/>\n\t<meta property=\"og:image:type\" content=\"image\/jpeg\" \/>\n<meta name=\"author\" content=\"R\u00e9dac. NEWS\" \/>\n<meta name=\"twitter:card\" content=\"summary_large_image\" \/>\n<meta name=\"twitter:label1\" content=\"\u00c9crit par\" \/>\n\t<meta name=\"twitter:data1\" content=\"R\u00e9dac. NEWS\" \/>\n\t<meta name=\"twitter:label2\" content=\"Dur\u00e9e de lecture estim\u00e9e\" \/>\n\t<meta name=\"twitter:data2\" content=\"1 minute\" \/>\n<script type=\"application\/ld+json\" class=\"yoast-schema-graph\">{\"@context\":\"https:\/\/schema.org\",\"@graph\":[{\"@type\":\"Article\",\"@id\":\"https:\/\/newsestlyonnais.fr\/site\/2022\/04\/29\/genas-le-defi-de-deux-etudiantes-de-participer-au-4l-trophy\/#article\",\"isPartOf\":{\"@id\":\"https:\/\/newsestlyonnais.fr\/site\/2022\/04\/29\/genas-le-defi-de-deux-etudiantes-de-participer-au-4l-trophy\/\"},\"author\":{\"name\":\"R\u00e9dac. NEWS\",\"@id\":\"https:\/\/newsestlyonnais.fr\/site\/#\/schema\/person\/3230d5615f390bb808365d673001e887\"},\"headline\":\"GENAS | Le d\u00e9fi de deux \u00e9tudiantes de participer au 4L Trophy\",\"datePublished\":\"2022-04-29T09:42:18+00:00\",\"dateModified\":\"2022-05-01T15:27:37+00:00\",\"mainEntityOfPage\":{\"@id\":\"https:\/\/newsestlyonnais.fr\/site\/2022\/04\/29\/genas-le-defi-de-deux-etudiantes-de-participer-au-4l-trophy\/\"},\"wordCount\":136,\"commentCount\":0,\"publisher\":{\"@id\":\"https:\/\/newsestlyonnais.fr\/site\/#organization\"},\"image\":{\"@id\":\"https:\/\/newsestlyonnais.fr\/site\/2022\/04\/29\/genas-le-defi-de-deux-etudiantes-de-participer-au-4l-trophy\/#primaryimage\"},\"thumbnailUrl\":\"https:\/\/newsestlyonnais.fr\/site\/wp-content\/uploads\/2022\/04\/IMG-0745.jpg\",\"keywords\":[\"4L Trophy\",\"GENAS\"],\"articleSection\":[\"CCEL | Communes\",\"Enfance | Jeunesse\",\"Genas\",\"Sant\u00e9 | Bien Etre | Solidarit\u00e9\"],\"inLanguage\":\"fr-FR\",\"potentialAction\":[{\"@type\":\"CommentAction\",\"name\":\"Comment\",\"target\":[\"https:\/\/newsestlyonnais.fr\/site\/2022\/04\/29\/genas-le-defi-de-deux-etudiantes-de-participer-au-4l-trophy\/#respond\"]}]},{\"@type\":\"WebPage\",\"@id\":\"https:\/\/newsestlyonnais.fr\/site\/2022\/04\/29\/genas-le-defi-de-deux-etudiantes-de-participer-au-4l-trophy\/\",\"url\":\"https:\/\/newsestlyonnais.fr\/site\/2022\/04\/29\/genas-le-defi-de-deux-etudiantes-de-participer-au-4l-trophy\/\",\"name\":\"GENAS | Le d\u00e9fi de deux \u00e9tudiantes de participer au 4L Trophy - News Est Lyonnais\",\"isPartOf\":{\"@id\":\"https:\/\/newsestlyonnais.fr\/site\/#website\"},\"primaryImageOfPage\":{\"@id\":\"https:\/\/newsestlyonnais.fr\/site\/2022\/04\/29\/genas-le-defi-de-deux-etudiantes-de-participer-au-4l-trophy\/#primaryimage\"},\"image\":{\"@id\":\"https:\/\/newsestlyonnais.fr\/site\/2022\/04\/29\/genas-le-defi-de-deux-etudiantes-de-participer-au-4l-trophy\/#primaryimage\"},\"thumbnailUrl\":\"https:\/\/newsestlyonnais.fr\/site\/wp-content\/uploads\/2022\/04\/IMG-0745.jpg\",\"datePublished\":\"2022-04-29T09:42:18+00:00\",\"dateModified\":\"2022-05-01T15:27:37+00:00\",\"description\":\"GENAS | Le d\u00e9fi de deux \u00e9tudiantes de participer au 4L Trophy\",\"breadcrumb\":{\"@id\":\"https:\/\/newsestlyonnais.fr\/site\/2022\/04\/29\/genas-le-defi-de-deux-etudiantes-de-participer-au-4l-trophy\/#breadcrumb\"},\"inLanguage\":\"fr-FR\",\"potentialAction\":[{\"@type\":\"ReadAction\",\"target\":[\"https:\/\/newsestlyonnais.fr\/site\/2022\/04\/29\/genas-le-defi-de-deux-etudiantes-de-participer-au-4l-trophy\/\"]}]},{\"@type\":\"ImageObject\",\"inLanguage\":\"fr-FR\",\"@id\":\"https:\/\/newsestlyonnais.fr\/site\/2022\/04\/29\/genas-le-defi-de-deux-etudiantes-de-participer-au-4l-trophy\/#primaryimage\",\"url\":\"https:\/\/newsestlyonnais.fr\/site\/wp-content\/uploads\/2022\/04\/IMG-0745.jpg\",\"contentUrl\":\"https:\/\/newsestlyonnais.fr\/site\/wp-content\/uploads\/2022\/04\/IMG-0745.jpg\",\"width\":900,\"height\":1200},{\"@type\":\"BreadcrumbList\",\"@id\":\"https:\/\/newsestlyonnais.fr\/site\/2022\/04\/29\/genas-le-defi-de-deux-etudiantes-de-participer-au-4l-trophy\/#breadcrumb\",\"itemListElement\":[{\"@type\":\"ListItem\",\"position\":1,\"name\":\"Accueil\",\"item\":\"https:\/\/newsestlyonnais.fr\/site\/\"},{\"@type\":\"ListItem\",\"position\":2,\"name\":\"GENAS | Le d\u00e9fi de deux \u00e9tudiantes de participer au 4L Trophy\"}]},{\"@type\":\"WebSite\",\"@id\":\"https:\/\/newsestlyonnais.fr\/site\/#website\",\"url\":\"https:\/\/newsestlyonnais.fr\/site\/\",\"name\":\"News Est Lyonnais\",\"description\":\"L&#039;actualit\u00e9 au plus pr\u00e8s\",\"publisher\":{\"@id\":\"https:\/\/newsestlyonnais.fr\/site\/#organization\"},\"potentialAction\":[{\"@type\":\"SearchAction\",\"target\":{\"@type\":\"EntryPoint\",\"urlTemplate\":\"https:\/\/newsestlyonnais.fr\/site\/?s={search_term_string}\"},\"query-input\":{\"@type\":\"PropertyValueSpecification\",\"valueRequired\":true,\"valueName\":\"search_term_string\"}}],\"inLanguage\":\"fr-FR\"},{\"@type\":\"Organization\",\"@id\":\"https:\/\/newsestlyonnais.fr\/site\/#organization\",\"name\":\"News EST LYONNAIS\",\"url\":\"https:\/\/newsestlyonnais.fr\/site\/\",\"logo\":{\"@type\":\"ImageObject\",\"inLanguage\":\"fr-FR\",\"@id\":\"https:\/\/newsestlyonnais.fr\/site\/#\/schema\/logo\/image\/\",\"url\":\"\",\"contentUrl\":\"\",\"caption\":\"News EST LYONNAIS\"},\"image\":{\"@id\":\"https:\/\/newsestlyonnais.fr\/site\/#\/schema\/logo\/image\/\"}},{\"@type\":\"Person\",\"@id\":\"https:\/\/newsestlyonnais.fr\/site\/#\/schema\/person\/3230d5615f390bb808365d673001e887\",\"name\":\"R\u00e9dac. NEWS\",\"sameAs\":[\"http:\/\/www.newsestlyonnais.fr\",\"https:\/\/www.facebook.com\/pascal.oberson.1?fref=ts\",\"https:\/\/fr.linkedin.com\/in\/pascal-oberson-b17045113\"],\"url\":\"https:\/\/newsestlyonnais.fr\/site\/author\/nel\/\"}]}<\/script>\n<!-- \/ Yoast SEO plugin. -->","yoast_head_json":{"title":"GENAS | Le d\u00e9fi de deux \u00e9tudiantes de participer au 4L Trophy - News Est Lyonnais","description":"GENAS | Le d\u00e9fi de deux \u00e9tudiantes de participer au 4L Trophy","robots":{"index":"index","follow":"follow","max-snippet":"max-snippet:-1","max-image-preview":"max-image-preview:large","max-video-preview":"max-video-preview:-1"},"canonical":"https:\/\/newsestlyonnais.fr\/site\/2022\/04\/29\/genas-le-defi-de-deux-etudiantes-de-participer-au-4l-trophy\/","og_locale":"fr_FR","og_type":"article","og_title":"GENAS | Le d\u00e9fi de deux \u00e9tudiantes de participer au 4L Trophy - News Est Lyonnais","og_description":"GENAS | Le d\u00e9fi de deux \u00e9tudiantes de participer au 4L Trophy","og_url":"https:\/\/newsestlyonnais.fr\/site\/2022\/04\/29\/genas-le-defi-de-deux-etudiantes-de-participer-au-4l-trophy\/","og_site_name":"News Est Lyonnais","article_author":"https:\/\/www.facebook.com\/pascal.oberson.1?fref=ts","article_published_time":"2022-04-29T09:42:18+00:00","article_modified_time":"2022-05-01T15:27:37+00:00","og_image":[{"width":900,"height":1200,"url":"https:\/\/newsestlyonnais.fr\/site\/wp-content\/uploads\/2022\/04\/IMG-0745.jpg","type":"image\/jpeg"}],"author":"R\u00e9dac. NEWS","twitter_card":"summary_large_image","twitter_misc":{"\u00c9crit par":"R\u00e9dac. NEWS","Dur\u00e9e de lecture estim\u00e9e":"1 minute"},"schema":{"@context":"https:\/\/schema.org","@graph":[{"@type":"Article","@id":"https:\/\/newsestlyonnais.fr\/site\/2022\/04\/29\/genas-le-defi-de-deux-etudiantes-de-participer-au-4l-trophy\/#article","isPartOf":{"@id":"https:\/\/newsestlyonnais.fr\/site\/2022\/04\/29\/genas-le-defi-de-deux-etudiantes-de-participer-au-4l-trophy\/"},"author":{"name":"R\u00e9dac. NEWS","@id":"https:\/\/newsestlyonnais.fr\/site\/#\/schema\/person\/3230d5615f390bb808365d673001e887"},"headline":"GENAS | Le d\u00e9fi de deux \u00e9tudiantes de participer au 4L Trophy","datePublished":"2022-04-29T09:42:18+00:00","dateModified":"2022-05-01T15:27:37+00:00","mainEntityOfPage":{"@id":"https:\/\/newsestlyonnais.fr\/site\/2022\/04\/29\/genas-le-defi-de-deux-etudiantes-de-participer-au-4l-trophy\/"},"wordCount":136,"commentCount":0,"publisher":{"@id":"https:\/\/newsestlyonnais.fr\/site\/#organization"},"image":{"@id":"https:\/\/newsestlyonnais.fr\/site\/2022\/04\/29\/genas-le-defi-de-deux-etudiantes-de-participer-au-4l-trophy\/#primaryimage"},"thumbnailUrl":"https:\/\/newsestlyonnais.fr\/site\/wp-content\/uploads\/2022\/04\/IMG-0745.jpg","keywords":["4L Trophy","GENAS"],"articleSection":["CCEL | Communes","Enfance | Jeunesse","Genas","Sant\u00e9 | Bien Etre | Solidarit\u00e9"],"inLanguage":"fr-FR","potentialAction":[{"@type":"CommentAction","name":"Comment","target":["https:\/\/newsestlyonnais.fr\/site\/2022\/04\/29\/genas-le-defi-de-deux-etudiantes-de-participer-au-4l-trophy\/#respond"]}]},{"@type":"WebPage","@id":"https:\/\/newsestlyonnais.fr\/site\/2022\/04\/29\/genas-le-defi-de-deux-etudiantes-de-participer-au-4l-trophy\/","url":"https:\/\/newsestlyonnais.fr\/site\/2022\/04\/29\/genas-le-defi-de-deux-etudiantes-de-participer-au-4l-trophy\/","name":"GENAS | Le d\u00e9fi de deux \u00e9tudiantes de participer au 4L Trophy - News Est Lyonnais","isPartOf":{"@id":"https:\/\/newsestlyonnais.fr\/site\/#website"},"primaryImageOfPage":{"@id":"https:\/\/newsestlyonnais.fr\/site\/2022\/04\/29\/genas-le-defi-de-deux-etudiantes-de-participer-au-4l-trophy\/#primaryimage"},"image":{"@id":"https:\/\/newsestlyonnais.fr\/site\/2022\/04\/29\/genas-le-defi-de-deux-etudiantes-de-participer-au-4l-trophy\/#primaryimage"},"thumbnailUrl":"https:\/\/newsestlyonnais.fr\/site\/wp-content\/uploads\/2022\/04\/IMG-0745.jpg","datePublished":"2022-04-29T09:42:18+00:00","dateModified":"2022-05-01T15:27:37+00:00","description":"GENAS | Le d\u00e9fi de deux \u00e9tudiantes de participer au 4L Trophy","breadcrumb":{"@id":"https:\/\/newsestlyonnais.fr\/site\/2022\/04\/29\/genas-le-defi-de-deux-etudiantes-de-participer-au-4l-trophy\/#breadcrumb"},"inLanguage":"fr-FR","potentialAction":[{"@type":"ReadAction","target":["https:\/\/newsestlyonnais.fr\/site\/2022\/04\/29\/genas-le-defi-de-deux-etudiantes-de-participer-au-4l-trophy\/"]}]},{"@type":"ImageObject","inLanguage":"fr-FR","@id":"https:\/\/newsestlyonnais.fr\/site\/2022\/04\/29\/genas-le-defi-de-deux-etudiantes-de-participer-au-4l-trophy\/#primaryimage","url":"https:\/\/newsestlyonnais.fr\/site\/wp-content\/uploads\/2022\/04\/IMG-0745.jpg","contentUrl":"https:\/\/newsestlyonnais.fr\/site\/wp-content\/uploads\/2022\/04\/IMG-0745.jpg","width":900,"height":1200},{"@type":"BreadcrumbList","@id":"https:\/\/newsestlyonnais.fr\/site\/2022\/04\/29\/genas-le-defi-de-deux-etudiantes-de-participer-au-4l-trophy\/#breadcrumb","itemListElement":[{"@type":"ListItem","position":1,"name":"Accueil","item":"https:\/\/newsestlyonnais.fr\/site\/"},{"@type":"ListItem","position":2,"name":"GENAS | Le d\u00e9fi de deux \u00e9tudiantes de participer au 4L Trophy"}]},{"@type":"WebSite","@id":"https:\/\/newsestlyonnais.fr\/site\/#website","url":"https:\/\/newsestlyonnais.fr\/site\/","name":"News Est Lyonnais","description":"L&#039;actualit\u00e9 au plus pr\u00e8s","publisher":{"@id":"https:\/\/newsestlyonnais.fr\/site\/#organization"},"potentialAction":[{"@type":"SearchAction","target":{"@type":"EntryPoint","urlTemplate":"https:\/\/newsestlyonnais.fr\/site\/?s={search_term_string}"},"query-input":{"@type":"PropertyValueSpecification","valueRequired":true,"valueName":"search_term_string"}}],"inLanguage":"fr-FR"},{"@type":"Organization","@id":"https:\/\/newsestlyonnais.fr\/site\/#organization","name":"News EST LYONNAIS","url":"https:\/\/newsestlyonnais.fr\/site\/","logo":{"@type":"ImageObject","inLanguage":"fr-FR","@id":"https:\/\/newsestlyonnais.fr\/site\/#\/schema\/logo\/image\/","url":"","contentUrl":"","caption":"News EST LYONNAIS"},"image":{"@id":"https:\/\/newsestlyonnais.fr\/site\/#\/schema\/logo\/image\/"}},{"@type":"Person","@id":"https:\/\/newsestlyonnais.fr\/site\/#\/schema\/person\/3230d5615f390bb808365d673001e887","name":"R\u00e9dac. NEWS","sameAs":["http:\/\/www.newsestlyonnais.fr","https:\/\/www.facebook.com\/pascal.oberson.1?fref=ts","https:\/\/fr.linkedin.com\/in\/pascal-oberson-b17045113"],"url":"https:\/\/newsestlyonnais.fr\/site\/author\/nel\/"}]}},"_links":{"self":[{"href":"https:\/\/newsestlyonnais.fr\/site\/wp-json\/wp\/v2\/posts\/154119","targetHints":{"allow":["GET"]}}],"collection":[{"href":"https:\/\/newsestlyonnais.fr\/site\/wp-json\/wp\/v2\/posts"}],"about":[{"href":"https:\/\/newsestlyonnais.fr\/site\/wp-json\/wp\/v2\/types\/post"}],"author":[{"embeddable":true,"href":"https:\/\/newsestlyonnais.fr\/site\/wp-json\/wp\/v2\/users\/4"}],"replies":[{"embeddable":true,"href":"https:\/\/newsestlyonnais.fr\/site\/wp-json\/wp\/v2\/comments?post=154119"}],"version-history":[{"count":0,"href":"https:\/\/newsestlyonnais.fr\/site\/wp-json\/wp\/v2\/posts\/154119\/revisions"}],"wp:featuredmedia":[{"embeddable":true,"href":"https:\/\/newsestlyonnais.fr\/site\/wp-json\/wp\/v2\/media\/154122"}],"wp:attachment":[{"href":"https:\/\/newsestlyonnais.fr\/site\/wp-json\/wp\/v2\/media?parent=154119"}],"wp:term":[{"taxonomy":"category","embeddable":true,"href":"https:\/\/newsestlyonnais.fr\/site\/wp-json\/wp\/v2\/categories?post=154119"},{"taxonomy":"post_tag","embeddable":true,"href":"https:\/\/newsestlyonnais.fr\/site\/wp-json\/wp\/v2\/tags?post=154119"}],"curies":[{"name":"wp","href":"https:\/\/api.w.org\/{rel}","templated":true}]}}