{"id":154207,"date":"2022-05-01T08:50:28","date_gmt":"2022-05-01T07:50:28","guid":{"rendered":"https:\/\/newsestlyonnais.fr\/site\/?p=154207"},"modified":"2022-05-10T13:52:18","modified_gmt":"2022-05-10T12:52:18","slug":"lionel-salmon-on-nest-pas-un-club-elitiste-le-maillot-de-balan-sexporte-bien","status":"publish","type":"post","link":"https:\/\/newsestlyonnais.fr\/site\/2022\/05\/01\/lionel-salmon-on-nest-pas-un-club-elitiste-le-maillot-de-balan-sexporte-bien\/","title":{"rendered":"Lionel Salmon \u00a0\u00bb on n&rsquo;est pas un club \u00e9litiste, le maillot de Balan s&rsquo;exporte bien \u00ab\u00a0"},"content":{"rendered":"<p><span style=\"background-color: #000000; color: #ffffff; font-size: 14pt;\"><strong>Depuis quand \u00eates-vous au bureau, \u00e0 la pr\u00e9sidence ?<\/strong><\/span><\/p>\n<p>\u00bb Je suis membre du bureau depuis une quinzaine d&rsquo;ann\u00e9es, j&rsquo;ai notamment <strong>exerc\u00e9 deux mandats comme tr\u00e9sorier.<\/strong> <strong>J&rsquo;ai succ\u00e9d\u00e9 \u00e0 la pr\u00e9sidence \u00e0 Jean-Claude Herbomel en f\u00e9vrier 2017 et j&rsquo;entame mon deuxi\u00e8me mandat<\/strong>.<\/p>\n<p><strong>14 personnes composent le bureau<\/strong>, les membres intervenant dans diff\u00e9rentes commissions, <strong>c&rsquo;est un vrai travail d&rsquo;\u00e9quipe<\/strong>. On est en train de cr\u00e9er une communication charg\u00e9e des partenariats.<\/p>\n<p>Je suis d&rsquo;autre part et ce depuis une douzaine d&rsquo;ann\u00e9es, un des 4 entraineurs du club \u00bb.<\/p>\n<p><span style=\"background-color: #000000; color: #ffffff; font-size: 14pt;\"><strong>Vous \u00eates \u00e9galement coureur ? <\/strong><\/span><\/p>\n<p>\u00bb Oui quand je ne suis pas bless\u00e9 comme actuellement. Je suis un peu endurant mais pas rapide. J&rsquo;ai pas mal couru de 100 bornes, des 24 heures et des marathons et l&rsquo;hiver en pr\u00e9paration de la saison, sur des cross.<\/p>\n<p>J&rsquo;aime bien les courses par \u00e9quipes comme le Tour de l&rsquo;Ain, le Tour du Pays de Gex, j&rsquo;ai aussi disput\u00e9 Paris-Courchevel avec mon entreprise. Cela cr\u00e9e une \u00e9mulation et souvent pour la bonne cause \u00ab .<\/p>\n<hr \/>\n<p><strong><span style=\"background-color: #000000; color: #ffffff; font-size: 14pt;\">Concernant le club, o\u00f9 en est son effectif ?<\/span><\/strong><\/p>\n<p>\u00bb On est revenu \u00e0 un effectif coh\u00e9rent, <strong>cette saison on est \u00e0 99 licenci\u00e9s <\/strong>(32 femmes et 67 hommes, de 22 \u00e0 76 ans).<\/p>\n<p>On est <strong>un club de course hors-stade<\/strong> et on accueille les jeunes (\u00e0 partir de 16 ans) et les adultes. On avait un peu baiss\u00e9 lors des 2 ann\u00e9es covid, car on \u00e9tait 107 auparavant. C&rsquo;est un effectif qui nous va bien car on n&rsquo;a pas les infrastructures adapt\u00e9es pour en prendre plus.<\/p>\n<p><strong>Le club s&rsquo;est rajeuni<\/strong> avec l&rsquo;arriv\u00e9e de quelques nouveaux, nos modalit\u00e9s d&rsquo;entrainement ont chang\u00e9 avec le covid. Des sous-groupes se sont cr\u00e9\u00e9s et les gens ont chang\u00e9 leurs habitudes \u00ab\u00a0.<\/p>\n<hr \/>\n<p><span style=\"background-color: #000000; color: #ffffff; font-size: 14pt;\"><strong>Quelles activit\u00e9s proposez vous ?<\/strong><\/span> <strong><br \/>\n<\/strong><\/p>\n<p><strong>\u00ab <\/strong> <strong>Un running hors stade en loisir ou comp\u00e9tition<\/strong>. Du cross, de l&rsquo;ultra, du trail, toutes les disciplines sont repr\u00e9sent\u00e9es et pour tout niveau. <strong>Le maillot de Balan s&rsquo;exporte sur les courses r\u00e9gionales, nationales et m\u00eame internationales<\/strong>.<\/p>\n<p><strong>On n&rsquo;est pas un club \u00e9litiste<\/strong>, c&rsquo;est courir avant tout ! \u00ab<\/p>\n<hr \/>\n<p><span style=\"background-color: #000000; color: #ffffff; font-size: 14pt;\"><strong>Et au niveau sportif ?<\/strong><\/span><\/p>\n<p>\u00bb <strong>On aime bien venir \u00e0 l&rsquo;Heure sur Piste<\/strong> organis\u00e9e par l&rsquo;AaAL, avec qui s&rsquo;est cr\u00e9\u00e9 un partenariat amical qui permet un \u00e9change de services. On vient de participer avec 5 coureurs, pour la 3\u00b0 fois \u00e0 l&rsquo;\u00e9preuve. On avait gagn\u00e9 \u00e0 2 reprises le challenge du club le plus repr\u00e9sent\u00e9.<\/p>\n<p>On fait r\u00e9guli\u00e8rement des podiums sur des courses r\u00e9gionales en fonction des cat\u00e9gories.<\/p>\n<p>Sinon quelques belles perfs ont \u00e9t\u00e9 r\u00e9alis\u00e9es individuellement par des membres de l&rsquo;ASC Balan : <strong>Yves Dugas, <\/strong>a \u00e9t\u00e9 sacr\u00e9 champion de France des 24 heures en Master 7&Prime;. <strong>Alis\u00e9e Casanova<\/strong> est devenue championne de l&rsquo;Ain de cross et <strong>Bruno Lapendry<\/strong> s&rsquo;est qualifi\u00e9 pour le championnat du monde Ironman de triathlon \u00ab .<\/p>\n<p><span style=\"background-color: #000000; color: #ffffff; font-size: 14pt;\"><strong>Les projets du club ?<\/strong><\/span><\/p>\n<p>\u00a0\u00bb Nous faisons notre sortie club de l&rsquo;ann\u00e9e, les 4 et 5 juin. On sera 25 \u00e0 partir en bus sur un week-end dans le Jura pour participer au \u00ab\u00a0<strong class=\"notranslate\">Transju&rsquo;trail\u00a0\u00bb <\/strong>sur plusieurs distances. <strong class=\"notranslate\"><br \/>\n<\/strong><\/p>\n<p>Un groupe sera aussi pr\u00e9sent au <strong>championnat d&rsquo;Europe Master de Trail \u00e0 la F\u00e9claz<\/strong> en juillet.<\/p>\n<p>Sinon plus g\u00e9n\u00e9ralement on souhaite fid\u00e9liser nos licenci\u00e9s en diversifiant, notamment en proposant plus d&rsquo;entrainements de trail. M\u00eame si \u00e0 Balan on n&rsquo;est pas id\u00e9alement plac\u00e9 mais en d\u00e9localisant un peu \u00ab .<\/p>\n<hr \/>\n<p><span style=\"background-color: #000000; color: #ffffff; font-size: 14pt;\"><strong data-wp-editing=\"1\">Et la prochaine organisation ?<\/strong><\/span><\/p>\n<p><img loading=\"lazy\" decoding=\"async\" class=\"alignleft wp-image-152596 size-medium\" src=\"https:\/\/newsestlyonnais.fr\/site\/wp-content\/uploads\/2022\/04\/NEWSESTLYONNAIS-SENTIER-LONES2022-400x554.jpg\" alt=\"\" width=\"217\" height=\"300\" srcset=\"https:\/\/newsestlyonnais.fr\/site\/wp-content\/uploads\/2022\/04\/NEWSESTLYONNAIS-SENTIER-LONES2022-400x554.jpg 400w, https:\/\/newsestlyonnais.fr\/site\/wp-content\/uploads\/2022\/04\/NEWSESTLYONNAIS-SENTIER-LONES2022-250x346.jpg 250w, https:\/\/newsestlyonnais.fr\/site\/wp-content\/uploads\/2022\/04\/NEWSESTLYONNAIS-SENTIER-LONES2022-150x208.jpg 150w, https:\/\/newsestlyonnais.fr\/site\/wp-content\/uploads\/2022\/04\/NEWSESTLYONNAIS-SENTIER-LONES2022-50x69.jpg 50w, https:\/\/newsestlyonnais.fr\/site\/wp-content\/uploads\/2022\/04\/NEWSESTLYONNAIS-SENTIER-LONES2022-100x138.jpg 100w, https:\/\/newsestlyonnais.fr\/site\/wp-content\/uploads\/2022\/04\/NEWSESTLYONNAIS-SENTIER-LONES2022-200x277.jpg 200w, https:\/\/newsestlyonnais.fr\/site\/wp-content\/uploads\/2022\/04\/NEWSESTLYONNAIS-SENTIER-LONES2022-300x415.jpg 300w, https:\/\/newsestlyonnais.fr\/site\/wp-content\/uploads\/2022\/04\/NEWSESTLYONNAIS-SENTIER-LONES2022-350x485.jpg 350w, https:\/\/newsestlyonnais.fr\/site\/wp-content\/uploads\/2022\/04\/NEWSESTLYONNAIS-SENTIER-LONES2022-450x623.jpg 450w, https:\/\/newsestlyonnais.fr\/site\/wp-content\/uploads\/2022\/04\/NEWSESTLYONNAIS-SENTIER-LONES2022-500x692.jpg 500w, https:\/\/newsestlyonnais.fr\/site\/wp-content\/uploads\/2022\/04\/NEWSESTLYONNAIS-SENTIER-LONES2022-550x762.jpg 550w, https:\/\/newsestlyonnais.fr\/site\/wp-content\/uploads\/2022\/04\/NEWSESTLYONNAIS-SENTIER-LONES2022.jpg 613w\" sizes=\"auto, (max-width: 217px) 100vw, 217px\" \/>\u00bb Notre \u00e9v\u00e8nement de l&rsquo;ann\u00e9e, qui est <strong>le Sentier des L\u00f4nes<\/strong>. <strong>La 5\u00b0 \u00e9dition, <\/strong>apr\u00e8s deux ans d&rsquo;absence<strong>, aura lieu le dimanche 18 septembre 2022.<\/strong> On a souhait\u00e9 repartir sur quelque chose qu&rsquo;on connait et on propose \u00e0 nouveau <strong>un 8 km et un 15 km en course nature<\/strong>. En 2019, on avait accueilli 300 coureurs mais on est conscients que les pelotons sont moins garnis qu&rsquo;avant.<\/p>\n<p>Au niveau des <strong>lots offerts \u00e0 l&rsquo;inscription,<\/strong> on a voulu mettre en avant des produits locaux : lentilles bios cultiv\u00e9es \u00e0 Thil et jus de fruits par un producteur de Balan.<\/p>\n<p>D&rsquo;autre part<strong> un \u20ac \u00e0 minima, sera revers\u00e9<\/strong> \u00e0 l&rsquo;association <a href=\"https:\/\/www.france-adot.org\/adot-departementales\/adot-01\/\"><span style=\"color: #0000ff;\">France Adot 01<\/span><\/a>, dans le cadre d&rsquo;un partenariat mis en place depuis plusieurs ann\u00e9es <strong>\u00ab\u00a0<\/strong> .<\/p>\n<p><span style=\"color: #ffcc00;\"><span style=\"background-color: #000000;\">Inscriptions ouvertes <\/span>: <\/span><span style=\"font-size: 8pt; color: #0000ff;\"><strong><a style=\"color: #0000ff;\" href=\"https:\/\/inscriptions-terrederunning.com\/inscriptions2022sentierdeslones\/select_competition\">https:\/\/inscriptions-terrederunning.com\/inscriptions2022sentierdeslones\/select_competition\u00a0<\/a>\u00a0<\/strong><\/span><\/p>\n<hr \/>\n<p><span style=\"background-color: #000000; color: #ffffff; font-size: 14pt;\">Et pour conclure ?\u00a0<\/span><\/p>\n<p>\u00bb Nos s\u00e9ances ont lieu les mardis et jeudis soirs \u00e0 19 h au parc des sports de Balan et des groupes se forment suivant les affinit\u00e9s en semaine et le week-end.<\/p>\n<p>On pr\u00f4ne avant tout la convivialit\u00e9 et le d\u00e9passement de soi.<strong> Il y a de la place pour tout le monde, du jogger du dimanche au comp\u00e9titeur ! \u00ab\u00a0<\/strong><\/p>\n<hr \/>\n<hr \/>\n<p><strong><span style=\"background-color: #000000; font-size: 18pt;\"><span style=\"color: #ffffff;\">L\u2019ACTU du club sur :<\/span><span style=\"color: #ffcc00;\"><a style=\"background-color: #000000; color: #ffcc00;\" href=\"http:\/\/ascbalan.athle.com\">http:\/\/ascbalan.athle.com<\/a><\/span><\/span><br \/>\n<\/strong><\/p>\n<hr \/>\n<p><span style=\"background-color: #000000; font-size: 14pt; color: #ffcc00;\"><strong>&gt; Prochaine interview &gt; Nicolas Pournin (Pr\u00e9sident du Vaulx-en-Velin Triathlon)<\/strong><\/span><\/p>\n","protected":false},"excerpt":{"rendered":"<p>Pr\u00e9sident de l&rsquo;ASC Balan Athl\u00e9tisme depuis f\u00e9vrier 2017, il nous pr\u00e9sente les activit\u00e9s d&rsquo;un club qui a f\u00eat\u00e9 ses 40 ans en 2017 et pr\u00e9pare la prochaine \u00e9dition du \u00ab\u00a0Sentier des L\u00f4nes\u00a0\u00bb. <\/p>\n","protected":false},"author":4,"featured_media":154208,"comment_status":"open","ping_status":"open","sticky":false,"template":"","format":"standard","meta":{"footnotes":""},"categories":[156,4153,2968,137,2],"tags":[2514,2162,2532,4267,2946],"class_list":["post-154207","post","type-post","status-publish","format-standard","has-post-thumbnail","hentry","category-ain","category-ain-isere","category-athle-course-pied-marche","category-interviews","category-sports","tag-asc-balan","tag-athletisme","tag-balan","tag-lionel-salmon","tag-sentier-des-lones"],"yoast_head":"<!-- This site is optimized with the Yoast SEO plugin v27.2 - https:\/\/yoast.com\/product\/yoast-seo-wordpress\/ -->\n<title>Lionel Salmon &quot; on n&#039;est pas un club \u00e9litiste, le maillot de Balan s&#039;exporte bien &quot; - News Est Lyonnais<\/title>\n<meta name=\"description\" content=\"Lionel Salmon &quot; on n&#039;est pas un club \u00e9litiste, le maillot de Balan s&#039;exporte bien &quot;\" \/>\n<meta name=\"robots\" content=\"index, follow, max-snippet:-1, max-image-preview:large, max-video-preview:-1\" \/>\n<link rel=\"canonical\" href=\"https:\/\/newsestlyonnais.fr\/site\/2022\/05\/01\/lionel-salmon-on-nest-pas-un-club-elitiste-le-maillot-de-balan-sexporte-bien\/\" \/>\n<meta property=\"og:locale\" content=\"fr_FR\" \/>\n<meta property=\"og:type\" content=\"article\" \/>\n<meta property=\"og:title\" content=\"Lionel Salmon &quot; on n&#039;est pas un club \u00e9litiste, le maillot de Balan s&#039;exporte bien &quot; - News Est Lyonnais\" \/>\n<meta property=\"og:description\" content=\"Lionel Salmon &quot; on n&#039;est pas un club \u00e9litiste, le maillot de Balan s&#039;exporte bien &quot;\" \/>\n<meta property=\"og:url\" content=\"https:\/\/newsestlyonnais.fr\/site\/2022\/05\/01\/lionel-salmon-on-nest-pas-un-club-elitiste-le-maillot-de-balan-sexporte-bien\/\" \/>\n<meta property=\"og:site_name\" content=\"News Est Lyonnais\" \/>\n<meta property=\"article:author\" content=\"https:\/\/www.facebook.com\/pascal.oberson.1?fref=ts\" \/>\n<meta property=\"article:published_time\" content=\"2022-05-01T07:50:28+00:00\" \/>\n<meta property=\"article:modified_time\" content=\"2022-05-10T12:52:18+00:00\" \/>\n<meta property=\"og:image\" content=\"https:\/\/newsestlyonnais.fr\/site\/wp-content\/uploads\/2022\/05\/20220429_192310.jpg\" \/>\n\t<meta property=\"og:image:width\" content=\"1200\" \/>\n\t<meta property=\"og:image:height\" content=\"675\" \/>\n\t<meta property=\"og:image:type\" content=\"image\/jpeg\" \/>\n<meta name=\"author\" content=\"R\u00e9dac. NEWS\" \/>\n<meta name=\"twitter:card\" content=\"summary_large_image\" \/>\n<meta name=\"twitter:label1\" content=\"\u00c9crit par\" \/>\n\t<meta name=\"twitter:data1\" content=\"R\u00e9dac. NEWS\" \/>\n\t<meta name=\"twitter:label2\" content=\"Dur\u00e9e de lecture estim\u00e9e\" \/>\n\t<meta name=\"twitter:data2\" content=\"4 minutes\" \/>\n<script type=\"application\/ld+json\" class=\"yoast-schema-graph\">{\"@context\":\"https:\/\/schema.org\",\"@graph\":[{\"@type\":\"Article\",\"@id\":\"https:\/\/newsestlyonnais.fr\/site\/2022\/05\/01\/lionel-salmon-on-nest-pas-un-club-elitiste-le-maillot-de-balan-sexporte-bien\/#article\",\"isPartOf\":{\"@id\":\"https:\/\/newsestlyonnais.fr\/site\/2022\/05\/01\/lionel-salmon-on-nest-pas-un-club-elitiste-le-maillot-de-balan-sexporte-bien\/\"},\"author\":{\"name\":\"R\u00e9dac. NEWS\",\"@id\":\"https:\/\/newsestlyonnais.fr\/site\/#\/schema\/person\/3230d5615f390bb808365d673001e887\"},\"headline\":\"Lionel Salmon \u00a0\u00bb on n&rsquo;est pas un club \u00e9litiste, le maillot de Balan s&rsquo;exporte bien \u00ab\u00a0\",\"datePublished\":\"2022-05-01T07:50:28+00:00\",\"dateModified\":\"2022-05-10T12:52:18+00:00\",\"mainEntityOfPage\":{\"@id\":\"https:\/\/newsestlyonnais.fr\/site\/2022\/05\/01\/lionel-salmon-on-nest-pas-un-club-elitiste-le-maillot-de-balan-sexporte-bien\/\"},\"wordCount\":803,\"commentCount\":0,\"publisher\":{\"@id\":\"https:\/\/newsestlyonnais.fr\/site\/#organization\"},\"image\":{\"@id\":\"https:\/\/newsestlyonnais.fr\/site\/2022\/05\/01\/lionel-salmon-on-nest-pas-un-club-elitiste-le-maillot-de-balan-sexporte-bien\/#primaryimage\"},\"thumbnailUrl\":\"https:\/\/newsestlyonnais.fr\/site\/wp-content\/uploads\/2022\/05\/20220429_192310.jpg\",\"keywords\":[\"ASC BALAN\",\"ATHLETISME\",\"BALAN\",\"LIONEL SALMON\",\"SENTIER DES LONES\"],\"articleSection\":[\"Ain (01)\",\"Ain | Is\u00e8re\",\"Athl\u00e9 | Course pied | Marche\",\"Interviews\",\"Sports\"],\"inLanguage\":\"fr-FR\",\"potentialAction\":[{\"@type\":\"CommentAction\",\"name\":\"Comment\",\"target\":[\"https:\/\/newsestlyonnais.fr\/site\/2022\/05\/01\/lionel-salmon-on-nest-pas-un-club-elitiste-le-maillot-de-balan-sexporte-bien\/#respond\"]}]},{\"@type\":\"WebPage\",\"@id\":\"https:\/\/newsestlyonnais.fr\/site\/2022\/05\/01\/lionel-salmon-on-nest-pas-un-club-elitiste-le-maillot-de-balan-sexporte-bien\/\",\"url\":\"https:\/\/newsestlyonnais.fr\/site\/2022\/05\/01\/lionel-salmon-on-nest-pas-un-club-elitiste-le-maillot-de-balan-sexporte-bien\/\",\"name\":\"Lionel Salmon \\\" on n'est pas un club \u00e9litiste, le maillot de Balan s'exporte bien \\\" - News Est Lyonnais\",\"isPartOf\":{\"@id\":\"https:\/\/newsestlyonnais.fr\/site\/#website\"},\"primaryImageOfPage\":{\"@id\":\"https:\/\/newsestlyonnais.fr\/site\/2022\/05\/01\/lionel-salmon-on-nest-pas-un-club-elitiste-le-maillot-de-balan-sexporte-bien\/#primaryimage\"},\"image\":{\"@id\":\"https:\/\/newsestlyonnais.fr\/site\/2022\/05\/01\/lionel-salmon-on-nest-pas-un-club-elitiste-le-maillot-de-balan-sexporte-bien\/#primaryimage\"},\"thumbnailUrl\":\"https:\/\/newsestlyonnais.fr\/site\/wp-content\/uploads\/2022\/05\/20220429_192310.jpg\",\"datePublished\":\"2022-05-01T07:50:28+00:00\",\"dateModified\":\"2022-05-10T12:52:18+00:00\",\"description\":\"Lionel Salmon \\\" on n'est pas un club \u00e9litiste, le maillot de Balan s'exporte bien \\\"\",\"breadcrumb\":{\"@id\":\"https:\/\/newsestlyonnais.fr\/site\/2022\/05\/01\/lionel-salmon-on-nest-pas-un-club-elitiste-le-maillot-de-balan-sexporte-bien\/#breadcrumb\"},\"inLanguage\":\"fr-FR\",\"potentialAction\":[{\"@type\":\"ReadAction\",\"target\":[\"https:\/\/newsestlyonnais.fr\/site\/2022\/05\/01\/lionel-salmon-on-nest-pas-un-club-elitiste-le-maillot-de-balan-sexporte-bien\/\"]}]},{\"@type\":\"ImageObject\",\"inLanguage\":\"fr-FR\",\"@id\":\"https:\/\/newsestlyonnais.fr\/site\/2022\/05\/01\/lionel-salmon-on-nest-pas-un-club-elitiste-le-maillot-de-balan-sexporte-bien\/#primaryimage\",\"url\":\"https:\/\/newsestlyonnais.fr\/site\/wp-content\/uploads\/2022\/05\/20220429_192310.jpg\",\"contentUrl\":\"https:\/\/newsestlyonnais.fr\/site\/wp-content\/uploads\/2022\/05\/20220429_192310.jpg\",\"width\":1200,\"height\":675},{\"@type\":\"BreadcrumbList\",\"@id\":\"https:\/\/newsestlyonnais.fr\/site\/2022\/05\/01\/lionel-salmon-on-nest-pas-un-club-elitiste-le-maillot-de-balan-sexporte-bien\/#breadcrumb\",\"itemListElement\":[{\"@type\":\"ListItem\",\"position\":1,\"name\":\"Accueil\",\"item\":\"https:\/\/newsestlyonnais.fr\/site\/\"},{\"@type\":\"ListItem\",\"position\":2,\"name\":\"Lionel Salmon \u00a0\u00bb on n&rsquo;est pas un club \u00e9litiste, le maillot de Balan s&rsquo;exporte bien \u00ab\u00a0\"}]},{\"@type\":\"WebSite\",\"@id\":\"https:\/\/newsestlyonnais.fr\/site\/#website\",\"url\":\"https:\/\/newsestlyonnais.fr\/site\/\",\"name\":\"News Est Lyonnais\",\"description\":\"L&#039;actualit\u00e9 au plus pr\u00e8s\",\"publisher\":{\"@id\":\"https:\/\/newsestlyonnais.fr\/site\/#organization\"},\"potentialAction\":[{\"@type\":\"SearchAction\",\"target\":{\"@type\":\"EntryPoint\",\"urlTemplate\":\"https:\/\/newsestlyonnais.fr\/site\/?s={search_term_string}\"},\"query-input\":{\"@type\":\"PropertyValueSpecification\",\"valueRequired\":true,\"valueName\":\"search_term_string\"}}],\"inLanguage\":\"fr-FR\"},{\"@type\":\"Organization\",\"@id\":\"https:\/\/newsestlyonnais.fr\/site\/#organization\",\"name\":\"News EST LYONNAIS\",\"url\":\"https:\/\/newsestlyonnais.fr\/site\/\",\"logo\":{\"@type\":\"ImageObject\",\"inLanguage\":\"fr-FR\",\"@id\":\"https:\/\/newsestlyonnais.fr\/site\/#\/schema\/logo\/image\/\",\"url\":\"\",\"contentUrl\":\"\",\"caption\":\"News EST LYONNAIS\"},\"image\":{\"@id\":\"https:\/\/newsestlyonnais.fr\/site\/#\/schema\/logo\/image\/\"}},{\"@type\":\"Person\",\"@id\":\"https:\/\/newsestlyonnais.fr\/site\/#\/schema\/person\/3230d5615f390bb808365d673001e887\",\"name\":\"R\u00e9dac. NEWS\",\"sameAs\":[\"http:\/\/www.newsestlyonnais.fr\",\"https:\/\/www.facebook.com\/pascal.oberson.1?fref=ts\",\"https:\/\/fr.linkedin.com\/in\/pascal-oberson-b17045113\"],\"url\":\"https:\/\/newsestlyonnais.fr\/site\/author\/nel\/\"}]}<\/script>\n<!-- \/ Yoast SEO plugin. -->","yoast_head_json":{"title":"Lionel Salmon \" on n'est pas un club \u00e9litiste, le maillot de Balan s'exporte bien \" - News Est Lyonnais","description":"Lionel Salmon \" on n'est pas un club \u00e9litiste, le maillot de Balan s'exporte bien \"","robots":{"index":"index","follow":"follow","max-snippet":"max-snippet:-1","max-image-preview":"max-image-preview:large","max-video-preview":"max-video-preview:-1"},"canonical":"https:\/\/newsestlyonnais.fr\/site\/2022\/05\/01\/lionel-salmon-on-nest-pas-un-club-elitiste-le-maillot-de-balan-sexporte-bien\/","og_locale":"fr_FR","og_type":"article","og_title":"Lionel Salmon \" on n'est pas un club \u00e9litiste, le maillot de Balan s'exporte bien \" - News Est Lyonnais","og_description":"Lionel Salmon \" on n'est pas un club \u00e9litiste, le maillot de Balan s'exporte bien \"","og_url":"https:\/\/newsestlyonnais.fr\/site\/2022\/05\/01\/lionel-salmon-on-nest-pas-un-club-elitiste-le-maillot-de-balan-sexporte-bien\/","og_site_name":"News Est Lyonnais","article_author":"https:\/\/www.facebook.com\/pascal.oberson.1?fref=ts","article_published_time":"2022-05-01T07:50:28+00:00","article_modified_time":"2022-05-10T12:52:18+00:00","og_image":[{"width":1200,"height":675,"url":"https:\/\/newsestlyonnais.fr\/site\/wp-content\/uploads\/2022\/05\/20220429_192310.jpg","type":"image\/jpeg"}],"author":"R\u00e9dac. NEWS","twitter_card":"summary_large_image","twitter_misc":{"\u00c9crit par":"R\u00e9dac. NEWS","Dur\u00e9e de lecture estim\u00e9e":"4 minutes"},"schema":{"@context":"https:\/\/schema.org","@graph":[{"@type":"Article","@id":"https:\/\/newsestlyonnais.fr\/site\/2022\/05\/01\/lionel-salmon-on-nest-pas-un-club-elitiste-le-maillot-de-balan-sexporte-bien\/#article","isPartOf":{"@id":"https:\/\/newsestlyonnais.fr\/site\/2022\/05\/01\/lionel-salmon-on-nest-pas-un-club-elitiste-le-maillot-de-balan-sexporte-bien\/"},"author":{"name":"R\u00e9dac. NEWS","@id":"https:\/\/newsestlyonnais.fr\/site\/#\/schema\/person\/3230d5615f390bb808365d673001e887"},"headline":"Lionel Salmon \u00a0\u00bb on n&rsquo;est pas un club \u00e9litiste, le maillot de Balan s&rsquo;exporte bien \u00ab\u00a0","datePublished":"2022-05-01T07:50:28+00:00","dateModified":"2022-05-10T12:52:18+00:00","mainEntityOfPage":{"@id":"https:\/\/newsestlyonnais.fr\/site\/2022\/05\/01\/lionel-salmon-on-nest-pas-un-club-elitiste-le-maillot-de-balan-sexporte-bien\/"},"wordCount":803,"commentCount":0,"publisher":{"@id":"https:\/\/newsestlyonnais.fr\/site\/#organization"},"image":{"@id":"https:\/\/newsestlyonnais.fr\/site\/2022\/05\/01\/lionel-salmon-on-nest-pas-un-club-elitiste-le-maillot-de-balan-sexporte-bien\/#primaryimage"},"thumbnailUrl":"https:\/\/newsestlyonnais.fr\/site\/wp-content\/uploads\/2022\/05\/20220429_192310.jpg","keywords":["ASC BALAN","ATHLETISME","BALAN","LIONEL SALMON","SENTIER DES LONES"],"articleSection":["Ain (01)","Ain | Is\u00e8re","Athl\u00e9 | Course pied | Marche","Interviews","Sports"],"inLanguage":"fr-FR","potentialAction":[{"@type":"CommentAction","name":"Comment","target":["https:\/\/newsestlyonnais.fr\/site\/2022\/05\/01\/lionel-salmon-on-nest-pas-un-club-elitiste-le-maillot-de-balan-sexporte-bien\/#respond"]}]},{"@type":"WebPage","@id":"https:\/\/newsestlyonnais.fr\/site\/2022\/05\/01\/lionel-salmon-on-nest-pas-un-club-elitiste-le-maillot-de-balan-sexporte-bien\/","url":"https:\/\/newsestlyonnais.fr\/site\/2022\/05\/01\/lionel-salmon-on-nest-pas-un-club-elitiste-le-maillot-de-balan-sexporte-bien\/","name":"Lionel Salmon \" on n'est pas un club \u00e9litiste, le maillot de Balan s'exporte bien \" - News Est Lyonnais","isPartOf":{"@id":"https:\/\/newsestlyonnais.fr\/site\/#website"},"primaryImageOfPage":{"@id":"https:\/\/newsestlyonnais.fr\/site\/2022\/05\/01\/lionel-salmon-on-nest-pas-un-club-elitiste-le-maillot-de-balan-sexporte-bien\/#primaryimage"},"image":{"@id":"https:\/\/newsestlyonnais.fr\/site\/2022\/05\/01\/lionel-salmon-on-nest-pas-un-club-elitiste-le-maillot-de-balan-sexporte-bien\/#primaryimage"},"thumbnailUrl":"https:\/\/newsestlyonnais.fr\/site\/wp-content\/uploads\/2022\/05\/20220429_192310.jpg","datePublished":"2022-05-01T07:50:28+00:00","dateModified":"2022-05-10T12:52:18+00:00","description":"Lionel Salmon \" on n'est pas un club \u00e9litiste, le maillot de Balan s'exporte bien \"","breadcrumb":{"@id":"https:\/\/newsestlyonnais.fr\/site\/2022\/05\/01\/lionel-salmon-on-nest-pas-un-club-elitiste-le-maillot-de-balan-sexporte-bien\/#breadcrumb"},"inLanguage":"fr-FR","potentialAction":[{"@type":"ReadAction","target":["https:\/\/newsestlyonnais.fr\/site\/2022\/05\/01\/lionel-salmon-on-nest-pas-un-club-elitiste-le-maillot-de-balan-sexporte-bien\/"]}]},{"@type":"ImageObject","inLanguage":"fr-FR","@id":"https:\/\/newsestlyonnais.fr\/site\/2022\/05\/01\/lionel-salmon-on-nest-pas-un-club-elitiste-le-maillot-de-balan-sexporte-bien\/#primaryimage","url":"https:\/\/newsestlyonnais.fr\/site\/wp-content\/uploads\/2022\/05\/20220429_192310.jpg","contentUrl":"https:\/\/newsestlyonnais.fr\/site\/wp-content\/uploads\/2022\/05\/20220429_192310.jpg","width":1200,"height":675},{"@type":"BreadcrumbList","@id":"https:\/\/newsestlyonnais.fr\/site\/2022\/05\/01\/lionel-salmon-on-nest-pas-un-club-elitiste-le-maillot-de-balan-sexporte-bien\/#breadcrumb","itemListElement":[{"@type":"ListItem","position":1,"name":"Accueil","item":"https:\/\/newsestlyonnais.fr\/site\/"},{"@type":"ListItem","position":2,"name":"Lionel Salmon \u00a0\u00bb on n&rsquo;est pas un club \u00e9litiste, le maillot de Balan s&rsquo;exporte bien \u00ab\u00a0"}]},{"@type":"WebSite","@id":"https:\/\/newsestlyonnais.fr\/site\/#website","url":"https:\/\/newsestlyonnais.fr\/site\/","name":"News Est Lyonnais","description":"L&#039;actualit\u00e9 au plus pr\u00e8s","publisher":{"@id":"https:\/\/newsestlyonnais.fr\/site\/#organization"},"potentialAction":[{"@type":"SearchAction","target":{"@type":"EntryPoint","urlTemplate":"https:\/\/newsestlyonnais.fr\/site\/?s={search_term_string}"},"query-input":{"@type":"PropertyValueSpecification","valueRequired":true,"valueName":"search_term_string"}}],"inLanguage":"fr-FR"},{"@type":"Organization","@id":"https:\/\/newsestlyonnais.fr\/site\/#organization","name":"News EST LYONNAIS","url":"https:\/\/newsestlyonnais.fr\/site\/","logo":{"@type":"ImageObject","inLanguage":"fr-FR","@id":"https:\/\/newsestlyonnais.fr\/site\/#\/schema\/logo\/image\/","url":"","contentUrl":"","caption":"News EST LYONNAIS"},"image":{"@id":"https:\/\/newsestlyonnais.fr\/site\/#\/schema\/logo\/image\/"}},{"@type":"Person","@id":"https:\/\/newsestlyonnais.fr\/site\/#\/schema\/person\/3230d5615f390bb808365d673001e887","name":"R\u00e9dac. NEWS","sameAs":["http:\/\/www.newsestlyonnais.fr","https:\/\/www.facebook.com\/pascal.oberson.1?fref=ts","https:\/\/fr.linkedin.com\/in\/pascal-oberson-b17045113"],"url":"https:\/\/newsestlyonnais.fr\/site\/author\/nel\/"}]}},"_links":{"self":[{"href":"https:\/\/newsestlyonnais.fr\/site\/wp-json\/wp\/v2\/posts\/154207","targetHints":{"allow":["GET"]}}],"collection":[{"href":"https:\/\/newsestlyonnais.fr\/site\/wp-json\/wp\/v2\/posts"}],"about":[{"href":"https:\/\/newsestlyonnais.fr\/site\/wp-json\/wp\/v2\/types\/post"}],"author":[{"embeddable":true,"href":"https:\/\/newsestlyonnais.fr\/site\/wp-json\/wp\/v2\/users\/4"}],"replies":[{"embeddable":true,"href":"https:\/\/newsestlyonnais.fr\/site\/wp-json\/wp\/v2\/comments?post=154207"}],"version-history":[{"count":0,"href":"https:\/\/newsestlyonnais.fr\/site\/wp-json\/wp\/v2\/posts\/154207\/revisions"}],"wp:featuredmedia":[{"embeddable":true,"href":"https:\/\/newsestlyonnais.fr\/site\/wp-json\/wp\/v2\/media\/154208"}],"wp:attachment":[{"href":"https:\/\/newsestlyonnais.fr\/site\/wp-json\/wp\/v2\/media?parent=154207"}],"wp:term":[{"taxonomy":"category","embeddable":true,"href":"https:\/\/newsestlyonnais.fr\/site\/wp-json\/wp\/v2\/categories?post=154207"},{"taxonomy":"post_tag","embeddable":true,"href":"https:\/\/newsestlyonnais.fr\/site\/wp-json\/wp\/v2\/tags?post=154207"}],"curies":[{"name":"wp","href":"https:\/\/api.w.org\/{rel}","templated":true}]}}