{"id":15422,"date":"2016-11-07T06:18:22","date_gmt":"2016-11-07T05:18:22","guid":{"rendered":"http:\/\/newsestlyonnais.fr\/site\/?p=15422"},"modified":"2020-10-27T16:33:31","modified_gmt":"2020-10-27T15:33:31","slug":"lyon-metropole-handi-second-succes-du-week-end-pour-les-basketteurs","status":"publish","type":"post","link":"https:\/\/newsestlyonnais.fr\/site\/2016\/11\/07\/lyon-metropole-handi-second-succes-du-week-end-pour-les-basketteurs\/","title":{"rendered":"Lyon M\u00e9tropole Handi | Second succ\u00e8s du week-end pour les basketteurs"},"content":{"rendered":"<div class=\"ox-93049b5f7e-gmail-\">\n<h4 class=\"ox-93049b5f7e-gmail-_1mf ox-93049b5f7e-gmail-_1mj\">Apr\u00e8s leur brillant succ\u00e8s samedi \u00e0 Corbeil, les lyonnais \u00e9taient oppos\u00e9s ce dimanche \u00e0 Gennevilliers \u00e0 l&rsquo;occasion du match en retard de la 3\u00b0 journ\u00e9e.<\/h4>\n<div class=\"ox-93049b5f7e-gmail-_1mf ox-93049b5f7e-gmail-_1mj\">Un adversaire qui avait effectu\u00e9 un recrutement de grande qualit\u00e9 durant l&rsquo;inter-saison et affiche ouvertement ses objectifs de haut de tableau.<\/div>\n<\/div>\n<div class=\"ox-93049b5f7e-gmail-\"><\/div>\n<div class=\"ox-93049b5f7e-gmail-\">\n<div class=\"ox-93049b5f7e-gmail-_1mf ox-93049b5f7e-gmail-_1mj\">Le d\u00e9but du match a \u00e9t\u00e9 \u00e0 l&rsquo;avantage des lyonnais avec un pressing tout-terrain tr\u00e8s agressif qui emp\u00eache les locaux de d\u00e9velopper leur jeu et m\u00eame de r\u00e9cup\u00e9rer quelques ballons. En attaque, le jeu rapide permet de prendre un avantage de 10 points apr\u00e8s 6 minutes de jeu. Mais un rel\u00e2chement des visiteurs va permettre \u00e0 Gennevilliers de revenir \u00e0 2 points, <strong><u>16-18.<\/u><\/strong><u><br \/>\n<\/u><\/div>\n<div class=\"ox-93049b5f7e-gmail-_1mf ox-93049b5f7e-gmail-_1mj\"><\/div>\n<\/div>\n<div class=\"ox-93049b5f7e-gmail-\">\n<div class=\"ox-93049b5f7e-gmail-_1mf ox-93049b5f7e-gmail-_1mj\">Le deuxi\u00e8me quart temps va laisser place \u00e0 un gros travail dans les deux raquettes chez les pivots ! \u00c0 ce petit jeu, les \u00ab\u00a0big mens\u00a0\u00bb lyonnais vont \u00eatre dominateurs sous le cercle, mais les locaux vont rester au contact gr\u00e2ce \u00e0 une belle adresse ext\u00e9rieure, <strong><u>31-33 \u00e0 la mi-temps.<\/u><\/strong><\/div>\n<\/div>\n<div class=\"ox-93049b5f7e-gmail-\"><\/div>\n<div class=\"ox-93049b5f7e-gmail-\">\n<div class=\"ox-93049b5f7e-gmail-_1mf ox-93049b5f7e-gmail-_1mj\">Au retour des vestiaires, la grosse bagarre dans la zone restrictive reprend de plus belle entre les deux g\u00e9ants locaux El Hadaoui &#8211; Khelafi et la triplette lyonnaise Boulafa &#8211; Szkopik &#8211; Dahmani. Les deux \u00e9quipes se rendent coup sur coup mais les Gones r\u00e9ussissent \u00e0 prendre 3 points suppl\u00e9mentaires d&rsquo;avance, <strong><u>46-51 \u00e0 la fin du troisi\u00e8me quart.<\/u><\/strong><\/div>\n<div class=\"ox-93049b5f7e-gmail-_1mf ox-93049b5f7e-gmail-_1mj\"><\/div>\n<\/div>\n<div class=\"ox-93049b5f7e-gmail-\">\n<div class=\"ox-93049b5f7e-gmail-_1mf ox-93049b5f7e-gmail-_1mj\">Les dix derni\u00e8res minutes vont \u00eatre irrespirables et ce n&rsquo;est pas les nombreux supporters qui ont pu suivre le direct tv qui diront le contraire. Gennevilliers rentre d\u00e9termin\u00e9 dans ce dernier quart temps et <u>va revenir \u00e0 1 petit point des lyonnais \u00e0 l&rsquo;entame de la derni\u00e8re minute<\/u>. Mais les blancs et rouges vont respecter tr\u00e8s pr\u00e9cis\u00e9ment leurs consignes et cela va payer ! C&rsquo;est d&rsquo;abord le capitaine Boulafa \u00e0 l&rsquo;ext\u00e9rieur qui donne 3 points d&rsquo;avances, suivi d&rsquo;une grosse d\u00e9fense permettant de r\u00e9cup\u00e9rer le ballon, et enfin Dahmani qui quelques minutes avant, \u00e9tait tout proche de se blesser gravement, qui cl\u00f4ture le match, bien aid\u00e9 par Moreton et Dram\u00e9 en offrant 5 points d&rsquo;avance. <b><u>Score final 59-64<\/u><\/b><\/div>\n<\/div>\n<div class=\"ox-93049b5f7e-gmail-\"><\/div>\n<div class=\"ox-93049b5f7e-gmail-\">\n<div class=\"ox-93049b5f7e-gmail-_1mf ox-93049b5f7e-gmail-_1mj\">En r\u00e9sum\u00e9, un match de haut-niveau propos\u00e9 par les deux \u00e9quipes. Les lyonnais rigoureux et solidaires dans la difficult\u00e9 face \u00e0 cette belle \u00e9quipe de Gennevilliers auront su rester concentr\u00e9s et appliqu\u00e9s afin de remporter ce match. \u00c0 noter le tr\u00e8s bon apport du banc lors de cette rencontre ! Un beau week-end pour ce groupe avec 2 victoires en 2 matchs.<\/div>\n<\/div>\n<div class=\"ox-93049b5f7e-gmail-\">\n<div class=\"ox-93049b5f7e-gmail-_1mf ox-93049b5f7e-gmail-_1mj\">&#8211; Prochain match dans 2 semaines \u00e0 Lyon contre <span class=\"ox-93049b5f7e-gmail-_5u8u\">Meylan Grenoble Handibasket<\/span> !<\/div>\n<p><strong>\u00a0 LYON MHBC bat CVHG Genevilliers 64\/59 (18-16 \/ 16-15 \/ 18-15 \/ 12-13)<\/strong><\/p>\n<\/div>\n<div class=\"ox-93049b5f7e-gmail-_1mf ox-93049b5f7e-gmail-_1mj\">\n<p>\u00a0Marqueurs lyonnais: Boulafa (18 pts) Szkopik (17) Dram\u00e9 (15) Dahmani (14)<\/p>\n<\/div>\n<ul>\n<li>ACTU du club sur: <a href=\"http:\/\/club.quomodo.com\/lyon_metropole_handibasket_club\" target=\"_blank\" rel=\"noopener noreferrer\">http:\/\/club.quomodo.com\/lyon_metropole_handibasket_club<\/a><\/li>\n<\/ul>\n<div class=\"ox-93049b5f7e-gmail-_1mf ox-93049b5f7e-gmail-_1mj\"><\/div>\n","protected":false},"excerpt":{"rendered":"<p>Apr\u00e8s leur brillant succ\u00e8s samedi \u00e0 Corbeil, les lyonnais \u00e9taient oppos\u00e9s ce dimanche \u00e0 Gennevilliers \u00e0 l&rsquo;occasion du match en retard de la 3\u00b0 journ\u00e9e. Un adversaire qui avait effectu\u00e9 un recrutement de grande qualit\u00e9 durant l&rsquo;inter-saison et affiche ouvertement ses objectifs de haut de tableau. Le d\u00e9but du match a \u00e9t\u00e9 \u00e0 l&rsquo;avantage des [&hellip;]<\/p>\n","protected":false},"author":4,"featured_media":15430,"comment_status":"open","ping_status":"open","sticky":false,"template":"","format":"standard","meta":{"footnotes":""},"categories":[1357,2975,166,3015,1625],"tags":[],"class_list":["post-15422","post","type-post","status-publish","format-standard","has-post-thumbnail","hentry","category-basket","category-basket-hand-volley-sports","category-divers-sports","category-handi-adapte","category-lyon"],"yoast_head":"<!-- This site is optimized with the Yoast SEO plugin v27.2 - https:\/\/yoast.com\/product\/yoast-seo-wordpress\/ -->\n<title>Lyon M\u00e9tropole Handi | Second succ\u00e8s du week-end pour les basketteurs - News Est Lyonnais<\/title>\n<meta name=\"robots\" content=\"index, follow, max-snippet:-1, max-image-preview:large, max-video-preview:-1\" \/>\n<link rel=\"canonical\" href=\"https:\/\/newsestlyonnais.fr\/site\/2016\/11\/07\/lyon-metropole-handi-second-succes-du-week-end-pour-les-basketteurs\/\" \/>\n<meta property=\"og:locale\" content=\"fr_FR\" \/>\n<meta property=\"og:type\" content=\"article\" \/>\n<meta property=\"og:title\" content=\"Lyon M\u00e9tropole Handi | Second succ\u00e8s du week-end pour les basketteurs - News Est Lyonnais\" \/>\n<meta property=\"og:description\" content=\"Apr\u00e8s leur brillant succ\u00e8s samedi \u00e0 Corbeil, les lyonnais \u00e9taient oppos\u00e9s ce dimanche \u00e0 Gennevilliers \u00e0 l&rsquo;occasion du match en retard de la 3\u00b0 journ\u00e9e. Un adversaire qui avait effectu\u00e9 un recrutement de grande qualit\u00e9 durant l&rsquo;inter-saison et affiche ouvertement ses objectifs de haut de tableau. Le d\u00e9but du match a \u00e9t\u00e9 \u00e0 l&rsquo;avantage des [&hellip;]\" \/>\n<meta property=\"og:url\" content=\"https:\/\/newsestlyonnais.fr\/site\/2016\/11\/07\/lyon-metropole-handi-second-succes-du-week-end-pour-les-basketteurs\/\" \/>\n<meta property=\"og:site_name\" content=\"News Est Lyonnais\" \/>\n<meta property=\"article:author\" content=\"https:\/\/www.facebook.com\/pascal.oberson.1?fref=ts\" \/>\n<meta property=\"article:published_time\" content=\"2016-11-07T05:18:22+00:00\" \/>\n<meta property=\"article:modified_time\" content=\"2020-10-27T15:33:31+00:00\" \/>\n<meta property=\"og:image\" content=\"https:\/\/i1.wp.com\/newsestlyonnais.fr\/site\/wp-content\/uploads\/2016\/11\/NEWSESTLYONNAIS-LOGOHANDIBASKET.png?fit=1000%2C750&ssl=1\" \/>\n\t<meta property=\"og:image:width\" content=\"1000\" \/>\n\t<meta property=\"og:image:height\" content=\"750\" \/>\n\t<meta property=\"og:image:type\" content=\"image\/png\" \/>\n<meta name=\"author\" content=\"R\u00e9dac. NEWS\" \/>\n<meta name=\"twitter:card\" content=\"summary_large_image\" \/>\n<meta name=\"twitter:label1\" content=\"\u00c9crit par\" \/>\n\t<meta name=\"twitter:data1\" content=\"R\u00e9dac. NEWS\" \/>\n\t<meta name=\"twitter:label2\" content=\"Dur\u00e9e de lecture estim\u00e9e\" \/>\n\t<meta name=\"twitter:data2\" content=\"2 minutes\" \/>\n<script type=\"application\/ld+json\" class=\"yoast-schema-graph\">{\"@context\":\"https:\/\/schema.org\",\"@graph\":[{\"@type\":\"Article\",\"@id\":\"https:\/\/newsestlyonnais.fr\/site\/2016\/11\/07\/lyon-metropole-handi-second-succes-du-week-end-pour-les-basketteurs\/#article\",\"isPartOf\":{\"@id\":\"https:\/\/newsestlyonnais.fr\/site\/2016\/11\/07\/lyon-metropole-handi-second-succes-du-week-end-pour-les-basketteurs\/\"},\"author\":{\"name\":\"R\u00e9dac. NEWS\",\"@id\":\"https:\/\/newsestlyonnais.fr\/site\/#\/schema\/person\/3230d5615f390bb808365d673001e887\"},\"headline\":\"Lyon M\u00e9tropole Handi | Second succ\u00e8s du week-end pour les basketteurs\",\"datePublished\":\"2016-11-07T05:18:22+00:00\",\"dateModified\":\"2020-10-27T15:33:31+00:00\",\"mainEntityOfPage\":{\"@id\":\"https:\/\/newsestlyonnais.fr\/site\/2016\/11\/07\/lyon-metropole-handi-second-succes-du-week-end-pour-les-basketteurs\/\"},\"wordCount\":463,\"commentCount\":0,\"publisher\":{\"@id\":\"https:\/\/newsestlyonnais.fr\/site\/#organization\"},\"image\":{\"@id\":\"https:\/\/newsestlyonnais.fr\/site\/2016\/11\/07\/lyon-metropole-handi-second-succes-du-week-end-pour-les-basketteurs\/#primaryimage\"},\"thumbnailUrl\":\"https:\/\/newsestlyonnais.fr\/site\/wp-content\/uploads\/2016\/11\/NEWSESTLYONNAIS-LOGOHANDIBASKET.png\",\"articleSection\":[\"Basket\",\"Basket | Hand | Volley\",\"Divers Sports\",\"Handi &amp; adapt\u00e9\",\"Lyon\"],\"inLanguage\":\"fr-FR\",\"potentialAction\":[{\"@type\":\"CommentAction\",\"name\":\"Comment\",\"target\":[\"https:\/\/newsestlyonnais.fr\/site\/2016\/11\/07\/lyon-metropole-handi-second-succes-du-week-end-pour-les-basketteurs\/#respond\"]}]},{\"@type\":\"WebPage\",\"@id\":\"https:\/\/newsestlyonnais.fr\/site\/2016\/11\/07\/lyon-metropole-handi-second-succes-du-week-end-pour-les-basketteurs\/\",\"url\":\"https:\/\/newsestlyonnais.fr\/site\/2016\/11\/07\/lyon-metropole-handi-second-succes-du-week-end-pour-les-basketteurs\/\",\"name\":\"Lyon M\u00e9tropole Handi | Second succ\u00e8s du week-end pour les basketteurs - News Est Lyonnais\",\"isPartOf\":{\"@id\":\"https:\/\/newsestlyonnais.fr\/site\/#website\"},\"primaryImageOfPage\":{\"@id\":\"https:\/\/newsestlyonnais.fr\/site\/2016\/11\/07\/lyon-metropole-handi-second-succes-du-week-end-pour-les-basketteurs\/#primaryimage\"},\"image\":{\"@id\":\"https:\/\/newsestlyonnais.fr\/site\/2016\/11\/07\/lyon-metropole-handi-second-succes-du-week-end-pour-les-basketteurs\/#primaryimage\"},\"thumbnailUrl\":\"https:\/\/newsestlyonnais.fr\/site\/wp-content\/uploads\/2016\/11\/NEWSESTLYONNAIS-LOGOHANDIBASKET.png\",\"datePublished\":\"2016-11-07T05:18:22+00:00\",\"dateModified\":\"2020-10-27T15:33:31+00:00\",\"breadcrumb\":{\"@id\":\"https:\/\/newsestlyonnais.fr\/site\/2016\/11\/07\/lyon-metropole-handi-second-succes-du-week-end-pour-les-basketteurs\/#breadcrumb\"},\"inLanguage\":\"fr-FR\",\"potentialAction\":[{\"@type\":\"ReadAction\",\"target\":[\"https:\/\/newsestlyonnais.fr\/site\/2016\/11\/07\/lyon-metropole-handi-second-succes-du-week-end-pour-les-basketteurs\/\"]}]},{\"@type\":\"ImageObject\",\"inLanguage\":\"fr-FR\",\"@id\":\"https:\/\/newsestlyonnais.fr\/site\/2016\/11\/07\/lyon-metropole-handi-second-succes-du-week-end-pour-les-basketteurs\/#primaryimage\",\"url\":\"https:\/\/newsestlyonnais.fr\/site\/wp-content\/uploads\/2016\/11\/NEWSESTLYONNAIS-LOGOHANDIBASKET.png\",\"contentUrl\":\"https:\/\/newsestlyonnais.fr\/site\/wp-content\/uploads\/2016\/11\/NEWSESTLYONNAIS-LOGOHANDIBASKET.png\",\"width\":1000,\"height\":750,\"caption\":\"newsestlyonnais-logohandibasket\"},{\"@type\":\"BreadcrumbList\",\"@id\":\"https:\/\/newsestlyonnais.fr\/site\/2016\/11\/07\/lyon-metropole-handi-second-succes-du-week-end-pour-les-basketteurs\/#breadcrumb\",\"itemListElement\":[{\"@type\":\"ListItem\",\"position\":1,\"name\":\"Accueil\",\"item\":\"https:\/\/newsestlyonnais.fr\/site\/\"},{\"@type\":\"ListItem\",\"position\":2,\"name\":\"Lyon M\u00e9tropole Handi | Second succ\u00e8s du week-end pour les basketteurs\"}]},{\"@type\":\"WebSite\",\"@id\":\"https:\/\/newsestlyonnais.fr\/site\/#website\",\"url\":\"https:\/\/newsestlyonnais.fr\/site\/\",\"name\":\"News Est Lyonnais\",\"description\":\"L&#039;actualit\u00e9 au plus pr\u00e8s\",\"publisher\":{\"@id\":\"https:\/\/newsestlyonnais.fr\/site\/#organization\"},\"potentialAction\":[{\"@type\":\"SearchAction\",\"target\":{\"@type\":\"EntryPoint\",\"urlTemplate\":\"https:\/\/newsestlyonnais.fr\/site\/?s={search_term_string}\"},\"query-input\":{\"@type\":\"PropertyValueSpecification\",\"valueRequired\":true,\"valueName\":\"search_term_string\"}}],\"inLanguage\":\"fr-FR\"},{\"@type\":\"Organization\",\"@id\":\"https:\/\/newsestlyonnais.fr\/site\/#organization\",\"name\":\"News EST LYONNAIS\",\"url\":\"https:\/\/newsestlyonnais.fr\/site\/\",\"logo\":{\"@type\":\"ImageObject\",\"inLanguage\":\"fr-FR\",\"@id\":\"https:\/\/newsestlyonnais.fr\/site\/#\/schema\/logo\/image\/\",\"url\":\"\",\"contentUrl\":\"\",\"caption\":\"News EST LYONNAIS\"},\"image\":{\"@id\":\"https:\/\/newsestlyonnais.fr\/site\/#\/schema\/logo\/image\/\"}},{\"@type\":\"Person\",\"@id\":\"https:\/\/newsestlyonnais.fr\/site\/#\/schema\/person\/3230d5615f390bb808365d673001e887\",\"name\":\"R\u00e9dac. NEWS\",\"sameAs\":[\"http:\/\/www.newsestlyonnais.fr\",\"https:\/\/www.facebook.com\/pascal.oberson.1?fref=ts\",\"https:\/\/fr.linkedin.com\/in\/pascal-oberson-b17045113\"],\"url\":\"https:\/\/newsestlyonnais.fr\/site\/author\/nel\/\"}]}<\/script>\n<!-- \/ Yoast SEO plugin. -->","yoast_head_json":{"title":"Lyon M\u00e9tropole Handi | Second succ\u00e8s du week-end pour les basketteurs - News Est Lyonnais","robots":{"index":"index","follow":"follow","max-snippet":"max-snippet:-1","max-image-preview":"max-image-preview:large","max-video-preview":"max-video-preview:-1"},"canonical":"https:\/\/newsestlyonnais.fr\/site\/2016\/11\/07\/lyon-metropole-handi-second-succes-du-week-end-pour-les-basketteurs\/","og_locale":"fr_FR","og_type":"article","og_title":"Lyon M\u00e9tropole Handi | Second succ\u00e8s du week-end pour les basketteurs - News Est Lyonnais","og_description":"Apr\u00e8s leur brillant succ\u00e8s samedi \u00e0 Corbeil, les lyonnais \u00e9taient oppos\u00e9s ce dimanche \u00e0 Gennevilliers \u00e0 l&rsquo;occasion du match en retard de la 3\u00b0 journ\u00e9e. Un adversaire qui avait effectu\u00e9 un recrutement de grande qualit\u00e9 durant l&rsquo;inter-saison et affiche ouvertement ses objectifs de haut de tableau. Le d\u00e9but du match a \u00e9t\u00e9 \u00e0 l&rsquo;avantage des [&hellip;]","og_url":"https:\/\/newsestlyonnais.fr\/site\/2016\/11\/07\/lyon-metropole-handi-second-succes-du-week-end-pour-les-basketteurs\/","og_site_name":"News Est Lyonnais","article_author":"https:\/\/www.facebook.com\/pascal.oberson.1?fref=ts","article_published_time":"2016-11-07T05:18:22+00:00","article_modified_time":"2020-10-27T15:33:31+00:00","og_image":[{"width":1000,"height":750,"url":"https:\/\/i1.wp.com\/newsestlyonnais.fr\/site\/wp-content\/uploads\/2016\/11\/NEWSESTLYONNAIS-LOGOHANDIBASKET.png?fit=1000%2C750&ssl=1","type":"image\/png"}],"author":"R\u00e9dac. NEWS","twitter_card":"summary_large_image","twitter_misc":{"\u00c9crit par":"R\u00e9dac. NEWS","Dur\u00e9e de lecture estim\u00e9e":"2 minutes"},"schema":{"@context":"https:\/\/schema.org","@graph":[{"@type":"Article","@id":"https:\/\/newsestlyonnais.fr\/site\/2016\/11\/07\/lyon-metropole-handi-second-succes-du-week-end-pour-les-basketteurs\/#article","isPartOf":{"@id":"https:\/\/newsestlyonnais.fr\/site\/2016\/11\/07\/lyon-metropole-handi-second-succes-du-week-end-pour-les-basketteurs\/"},"author":{"name":"R\u00e9dac. NEWS","@id":"https:\/\/newsestlyonnais.fr\/site\/#\/schema\/person\/3230d5615f390bb808365d673001e887"},"headline":"Lyon M\u00e9tropole Handi | Second succ\u00e8s du week-end pour les basketteurs","datePublished":"2016-11-07T05:18:22+00:00","dateModified":"2020-10-27T15:33:31+00:00","mainEntityOfPage":{"@id":"https:\/\/newsestlyonnais.fr\/site\/2016\/11\/07\/lyon-metropole-handi-second-succes-du-week-end-pour-les-basketteurs\/"},"wordCount":463,"commentCount":0,"publisher":{"@id":"https:\/\/newsestlyonnais.fr\/site\/#organization"},"image":{"@id":"https:\/\/newsestlyonnais.fr\/site\/2016\/11\/07\/lyon-metropole-handi-second-succes-du-week-end-pour-les-basketteurs\/#primaryimage"},"thumbnailUrl":"https:\/\/newsestlyonnais.fr\/site\/wp-content\/uploads\/2016\/11\/NEWSESTLYONNAIS-LOGOHANDIBASKET.png","articleSection":["Basket","Basket | Hand | Volley","Divers Sports","Handi &amp; adapt\u00e9","Lyon"],"inLanguage":"fr-FR","potentialAction":[{"@type":"CommentAction","name":"Comment","target":["https:\/\/newsestlyonnais.fr\/site\/2016\/11\/07\/lyon-metropole-handi-second-succes-du-week-end-pour-les-basketteurs\/#respond"]}]},{"@type":"WebPage","@id":"https:\/\/newsestlyonnais.fr\/site\/2016\/11\/07\/lyon-metropole-handi-second-succes-du-week-end-pour-les-basketteurs\/","url":"https:\/\/newsestlyonnais.fr\/site\/2016\/11\/07\/lyon-metropole-handi-second-succes-du-week-end-pour-les-basketteurs\/","name":"Lyon M\u00e9tropole Handi | Second succ\u00e8s du week-end pour les basketteurs - News Est Lyonnais","isPartOf":{"@id":"https:\/\/newsestlyonnais.fr\/site\/#website"},"primaryImageOfPage":{"@id":"https:\/\/newsestlyonnais.fr\/site\/2016\/11\/07\/lyon-metropole-handi-second-succes-du-week-end-pour-les-basketteurs\/#primaryimage"},"image":{"@id":"https:\/\/newsestlyonnais.fr\/site\/2016\/11\/07\/lyon-metropole-handi-second-succes-du-week-end-pour-les-basketteurs\/#primaryimage"},"thumbnailUrl":"https:\/\/newsestlyonnais.fr\/site\/wp-content\/uploads\/2016\/11\/NEWSESTLYONNAIS-LOGOHANDIBASKET.png","datePublished":"2016-11-07T05:18:22+00:00","dateModified":"2020-10-27T15:33:31+00:00","breadcrumb":{"@id":"https:\/\/newsestlyonnais.fr\/site\/2016\/11\/07\/lyon-metropole-handi-second-succes-du-week-end-pour-les-basketteurs\/#breadcrumb"},"inLanguage":"fr-FR","potentialAction":[{"@type":"ReadAction","target":["https:\/\/newsestlyonnais.fr\/site\/2016\/11\/07\/lyon-metropole-handi-second-succes-du-week-end-pour-les-basketteurs\/"]}]},{"@type":"ImageObject","inLanguage":"fr-FR","@id":"https:\/\/newsestlyonnais.fr\/site\/2016\/11\/07\/lyon-metropole-handi-second-succes-du-week-end-pour-les-basketteurs\/#primaryimage","url":"https:\/\/newsestlyonnais.fr\/site\/wp-content\/uploads\/2016\/11\/NEWSESTLYONNAIS-LOGOHANDIBASKET.png","contentUrl":"https:\/\/newsestlyonnais.fr\/site\/wp-content\/uploads\/2016\/11\/NEWSESTLYONNAIS-LOGOHANDIBASKET.png","width":1000,"height":750,"caption":"newsestlyonnais-logohandibasket"},{"@type":"BreadcrumbList","@id":"https:\/\/newsestlyonnais.fr\/site\/2016\/11\/07\/lyon-metropole-handi-second-succes-du-week-end-pour-les-basketteurs\/#breadcrumb","itemListElement":[{"@type":"ListItem","position":1,"name":"Accueil","item":"https:\/\/newsestlyonnais.fr\/site\/"},{"@type":"ListItem","position":2,"name":"Lyon M\u00e9tropole Handi | Second succ\u00e8s du week-end pour les basketteurs"}]},{"@type":"WebSite","@id":"https:\/\/newsestlyonnais.fr\/site\/#website","url":"https:\/\/newsestlyonnais.fr\/site\/","name":"News Est Lyonnais","description":"L&#039;actualit\u00e9 au plus pr\u00e8s","publisher":{"@id":"https:\/\/newsestlyonnais.fr\/site\/#organization"},"potentialAction":[{"@type":"SearchAction","target":{"@type":"EntryPoint","urlTemplate":"https:\/\/newsestlyonnais.fr\/site\/?s={search_term_string}"},"query-input":{"@type":"PropertyValueSpecification","valueRequired":true,"valueName":"search_term_string"}}],"inLanguage":"fr-FR"},{"@type":"Organization","@id":"https:\/\/newsestlyonnais.fr\/site\/#organization","name":"News EST LYONNAIS","url":"https:\/\/newsestlyonnais.fr\/site\/","logo":{"@type":"ImageObject","inLanguage":"fr-FR","@id":"https:\/\/newsestlyonnais.fr\/site\/#\/schema\/logo\/image\/","url":"","contentUrl":"","caption":"News EST LYONNAIS"},"image":{"@id":"https:\/\/newsestlyonnais.fr\/site\/#\/schema\/logo\/image\/"}},{"@type":"Person","@id":"https:\/\/newsestlyonnais.fr\/site\/#\/schema\/person\/3230d5615f390bb808365d673001e887","name":"R\u00e9dac. NEWS","sameAs":["http:\/\/www.newsestlyonnais.fr","https:\/\/www.facebook.com\/pascal.oberson.1?fref=ts","https:\/\/fr.linkedin.com\/in\/pascal-oberson-b17045113"],"url":"https:\/\/newsestlyonnais.fr\/site\/author\/nel\/"}]}},"_links":{"self":[{"href":"https:\/\/newsestlyonnais.fr\/site\/wp-json\/wp\/v2\/posts\/15422","targetHints":{"allow":["GET"]}}],"collection":[{"href":"https:\/\/newsestlyonnais.fr\/site\/wp-json\/wp\/v2\/posts"}],"about":[{"href":"https:\/\/newsestlyonnais.fr\/site\/wp-json\/wp\/v2\/types\/post"}],"author":[{"embeddable":true,"href":"https:\/\/newsestlyonnais.fr\/site\/wp-json\/wp\/v2\/users\/4"}],"replies":[{"embeddable":true,"href":"https:\/\/newsestlyonnais.fr\/site\/wp-json\/wp\/v2\/comments?post=15422"}],"version-history":[{"count":0,"href":"https:\/\/newsestlyonnais.fr\/site\/wp-json\/wp\/v2\/posts\/15422\/revisions"}],"wp:featuredmedia":[{"embeddable":true,"href":"https:\/\/newsestlyonnais.fr\/site\/wp-json\/wp\/v2\/media\/15430"}],"wp:attachment":[{"href":"https:\/\/newsestlyonnais.fr\/site\/wp-json\/wp\/v2\/media?parent=15422"}],"wp:term":[{"taxonomy":"category","embeddable":true,"href":"https:\/\/newsestlyonnais.fr\/site\/wp-json\/wp\/v2\/categories?post=15422"},{"taxonomy":"post_tag","embeddable":true,"href":"https:\/\/newsestlyonnais.fr\/site\/wp-json\/wp\/v2\/tags?post=15422"}],"curies":[{"name":"wp","href":"https:\/\/api.w.org\/{rel}","templated":true}]}}