{"id":154278,"date":"2022-05-02T13:09:15","date_gmt":"2022-05-02T12:09:15","guid":{"rendered":"https:\/\/newsestlyonnais.fr\/site\/?p=154278"},"modified":"2022-05-04T17:33:18","modified_gmt":"2022-05-04T16:33:18","slug":"vaulx-en-velin-rugby-a-xiii-les-lions-du-v-v-r-l-sinclinent-sur-le-fil-face-aux-catalans","status":"publish","type":"post","link":"https:\/\/newsestlyonnais.fr\/site\/2022\/05\/02\/vaulx-en-velin-rugby-a-xiii-les-lions-du-v-v-r-l-sinclinent-sur-le-fil-face-aux-catalans\/","title":{"rendered":"VAULX-EN-VELIN Rugby \u00e0 XIII | Les Lions du V.V.R.L. s&rsquo;inclinent sur le fil face aux Catalans"},"content":{"rendered":"<p>Si les visiteurs attaquent tambour battant la premi\u00e8re p\u00e9riode, ils vont inscrire un drop par Dufrenne d\u00e8s leur premi\u00e8re incursion dans le camp des Vaudais. Mais \u00e0 partir du quart d&rsquo;heure de jeu, les joueurs de Colin Niez imposent leur domination et vont inscrire coup sur coup 2 essais \u00e0 la 16\u00b0 par Colin Niez et \u00e0 la 18\u00b0 minutes par Souleyman Chaabi apr\u00e8s un exploit personnel et deux feintes de passes de Souleyman qui transforme lui m\u00eame l&rsquo;essai et le score est alors de 10 \u00e0 1.<\/p>\n<p>Les visiteurs reprennent la direction des op\u00e9rations et vont arriver \u00e0 leur fin \u00e0 la 35\u00b0 minute par le pilier Funda qui marque un essai transform\u00e9 et <strong>le score est de 10 \u00e0 7 \u00e0 la pause.<\/strong><\/p>\n<p>A la reprise les deux \u00e9quipes vont partir \u00e0 l&rsquo;attaque mais sans r\u00e9sultat, les fautes devenant plus nombreuses. A l&rsquo;heure de jeu, la d\u00e9fense des locaux va craquer et encaisser 2 essais coup sur coup par le talonneur Traquini (60\u00b0) et Benet \u00e0 la 64\u00b0 minute reprenant une passe au pied de son ailier. 17 \u00e0 10 le break est fait. Les locaux vont jeter toutes leurs forces dans la bataille avec des charges de L\u00e9o Van Voorthuysen, Aldin Benadda et Colin Niez.<\/p>\n<p>A la 75\u00b0 minute, une attaque grand champ permet \u00e0 Nadjime dernier servi de griller son vis \u00e0 vis et marquer en coin un essai transform\u00e9 par Souleyman. Il reste 4 minutes \u00e0 jouer mais rien ne sera chang\u00e9 au score avec une d\u00e9fense sans faute des catalans.<\/p>\n<hr \/>\n<p>\u00a0\u00bb C&rsquo;est donc sur une d\u00e9faite sur le plus petit des \u00e9carts 16 \u00e0 17 pour les Lions que l&rsquo;arbitre siffle la fin de la rencontre. Une rencontre d&rsquo;un bon niveau avec deux \u00e9quipes qui \u00e9taient tr\u00e8s proches aujourd&rsquo;hui. \u00ab\u00a0<strong> selon Jacques Cavezzan.<\/strong><\/p>\n<hr \/>\n<p><strong><span style=\"background-color: #000000; color: #ffffff;\">&gt;&gt; Au stade Pierre Mendes-France \u00e0 Saint-Priest : ILLE XIII bat VVRL 17\/16 (mi-temps 7\/10)<\/span>\u00a0<\/strong><\/p>\n<p><strong>Pour VVRL (PHOTO A LA UNE) :<\/strong> 3 essais de Colin Niez (16\u00b0), Souleyman Chaabi(18\u00b0) et Nadjime Antoya (75\u00b0), 2 transformations de Souleyman<\/p>\n<p><strong>Pour ILLE<\/strong>: 3 essais de Funda (35\u00b0), Traquini (60\u00b0) et Benet (64\u00b0), 2 transformations et 1 drop de Dufrenne.<\/p>\n<hr \/>\n<hr \/>\n<p><img loading=\"lazy\" decoding=\"async\" class=\"aligncenter wp-image-154298 size-large\" src=\"https:\/\/newsestlyonnais.fr\/site\/wp-content\/uploads\/2022\/05\/Leo-bloque-par-deux-catalans-650x488.jpg\" alt=\"\" width=\"650\" height=\"488\" srcset=\"https:\/\/newsestlyonnais.fr\/site\/wp-content\/uploads\/2022\/05\/Leo-bloque-par-deux-catalans-650x488.jpg 650w, https:\/\/newsestlyonnais.fr\/site\/wp-content\/uploads\/2022\/05\/Leo-bloque-par-deux-catalans-400x300.jpg 400w, https:\/\/newsestlyonnais.fr\/site\/wp-content\/uploads\/2022\/05\/Leo-bloque-par-deux-catalans-250x188.jpg 250w, https:\/\/newsestlyonnais.fr\/site\/wp-content\/uploads\/2022\/05\/Leo-bloque-par-deux-catalans-768x576.jpg 768w, https:\/\/newsestlyonnais.fr\/site\/wp-content\/uploads\/2022\/05\/Leo-bloque-par-deux-catalans-150x113.jpg 150w, https:\/\/newsestlyonnais.fr\/site\/wp-content\/uploads\/2022\/05\/Leo-bloque-par-deux-catalans-50x38.jpg 50w, https:\/\/newsestlyonnais.fr\/site\/wp-content\/uploads\/2022\/05\/Leo-bloque-par-deux-catalans-100x75.jpg 100w, https:\/\/newsestlyonnais.fr\/site\/wp-content\/uploads\/2022\/05\/Leo-bloque-par-deux-catalans-200x150.jpg 200w, https:\/\/newsestlyonnais.fr\/site\/wp-content\/uploads\/2022\/05\/Leo-bloque-par-deux-catalans-300x225.jpg 300w, https:\/\/newsestlyonnais.fr\/site\/wp-content\/uploads\/2022\/05\/Leo-bloque-par-deux-catalans-350x263.jpg 350w, https:\/\/newsestlyonnais.fr\/site\/wp-content\/uploads\/2022\/05\/Leo-bloque-par-deux-catalans-450x338.jpg 450w, https:\/\/newsestlyonnais.fr\/site\/wp-content\/uploads\/2022\/05\/Leo-bloque-par-deux-catalans-500x375.jpg 500w, https:\/\/newsestlyonnais.fr\/site\/wp-content\/uploads\/2022\/05\/Leo-bloque-par-deux-catalans-550x413.jpg 550w, https:\/\/newsestlyonnais.fr\/site\/wp-content\/uploads\/2022\/05\/Leo-bloque-par-deux-catalans-800x600.jpg 800w, https:\/\/newsestlyonnais.fr\/site\/wp-content\/uploads\/2022\/05\/Leo-bloque-par-deux-catalans.jpg 910w\" sizes=\"auto, (max-width: 650px) 100vw, 650px\" \/><\/p>\n","protected":false},"excerpt":{"rendered":"<p>Un quart de finale de f\u00e9d\u00e9rale disput\u00e9 samedi dernier sur le stade champ\u00eatre san-priod. <\/p>\n","protected":false},"author":4,"featured_media":154296,"comment_status":"open","ping_status":"open","sticky":false,"template":"","format":"standard","meta":{"footnotes":""},"categories":[168,2,28],"tags":[2033,2006,3672],"class_list":["post-154278","post","type-post","status-publish","format-standard","has-post-thumbnail","hentry","category-rugby-a-xiii","category-sports","category-vaulx-en-velin","tag-rugby-a-xiii","tag-vaulx-en-velin","tag-vaulx-en-velin-rugby-league"],"yoast_head":"<!-- This site is optimized with the Yoast SEO plugin v27.2 - https:\/\/yoast.com\/product\/yoast-seo-wordpress\/ -->\n<title>VAULX-EN-VELIN Rugby \u00e0 XIII | Les Lions du V.V.R.L. s&#039;inclinent sur le fil face aux Catalans - News Est Lyonnais<\/title>\n<meta name=\"description\" content=\"VAULX-EN-VELIN Rugby \u00e0 XIII | Les Lions du V.V.R.L. s&#039;inclinent sur le fil face aux Catalans\" \/>\n<meta name=\"robots\" content=\"index, follow, max-snippet:-1, max-image-preview:large, max-video-preview:-1\" \/>\n<link rel=\"canonical\" href=\"https:\/\/newsestlyonnais.fr\/site\/2022\/05\/02\/vaulx-en-velin-rugby-a-xiii-les-lions-du-v-v-r-l-sinclinent-sur-le-fil-face-aux-catalans\/\" \/>\n<meta property=\"og:locale\" content=\"fr_FR\" \/>\n<meta property=\"og:type\" content=\"article\" \/>\n<meta property=\"og:title\" content=\"VAULX-EN-VELIN Rugby \u00e0 XIII | Les Lions du V.V.R.L. s&#039;inclinent sur le fil face aux Catalans - News Est Lyonnais\" \/>\n<meta property=\"og:description\" content=\"VAULX-EN-VELIN Rugby \u00e0 XIII | Les Lions du V.V.R.L. s&#039;inclinent sur le fil face aux Catalans\" \/>\n<meta property=\"og:url\" content=\"https:\/\/newsestlyonnais.fr\/site\/2022\/05\/02\/vaulx-en-velin-rugby-a-xiii-les-lions-du-v-v-r-l-sinclinent-sur-le-fil-face-aux-catalans\/\" \/>\n<meta property=\"og:site_name\" content=\"News Est Lyonnais\" \/>\n<meta property=\"article:author\" content=\"https:\/\/www.facebook.com\/pascal.oberson.1?fref=ts\" \/>\n<meta property=\"article:published_time\" content=\"2022-05-02T12:09:15+00:00\" \/>\n<meta property=\"article:modified_time\" content=\"2022-05-04T16:33:18+00:00\" \/>\n<meta property=\"og:image\" content=\"https:\/\/newsestlyonnais.fr\/site\/wp-content\/uploads\/2022\/05\/1-La-formation-des-Verts-et-noirs-de-VVRL.jpg\" \/>\n\t<meta property=\"og:image:width\" content=\"1200\" \/>\n\t<meta property=\"og:image:height\" content=\"900\" \/>\n\t<meta property=\"og:image:type\" content=\"image\/jpeg\" \/>\n<meta name=\"author\" content=\"R\u00e9dac. NEWS\" \/>\n<meta name=\"twitter:card\" content=\"summary_large_image\" \/>\n<meta name=\"twitter:label1\" content=\"\u00c9crit par\" \/>\n\t<meta name=\"twitter:data1\" content=\"R\u00e9dac. NEWS\" \/>\n\t<meta name=\"twitter:label2\" content=\"Dur\u00e9e de lecture estim\u00e9e\" \/>\n\t<meta name=\"twitter:data2\" content=\"3 minutes\" \/>\n<script type=\"application\/ld+json\" class=\"yoast-schema-graph\">{\"@context\":\"https:\/\/schema.org\",\"@graph\":[{\"@type\":\"Article\",\"@id\":\"https:\/\/newsestlyonnais.fr\/site\/2022\/05\/02\/vaulx-en-velin-rugby-a-xiii-les-lions-du-v-v-r-l-sinclinent-sur-le-fil-face-aux-catalans\/#article\",\"isPartOf\":{\"@id\":\"https:\/\/newsestlyonnais.fr\/site\/2022\/05\/02\/vaulx-en-velin-rugby-a-xiii-les-lions-du-v-v-r-l-sinclinent-sur-le-fil-face-aux-catalans\/\"},\"author\":{\"name\":\"R\u00e9dac. NEWS\",\"@id\":\"https:\/\/newsestlyonnais.fr\/site\/#\/schema\/person\/3230d5615f390bb808365d673001e887\"},\"headline\":\"VAULX-EN-VELIN Rugby \u00e0 XIII | Les Lions du V.V.R.L. s&rsquo;inclinent sur le fil face aux Catalans\",\"datePublished\":\"2022-05-02T12:09:15+00:00\",\"dateModified\":\"2022-05-04T16:33:18+00:00\",\"mainEntityOfPage\":{\"@id\":\"https:\/\/newsestlyonnais.fr\/site\/2022\/05\/02\/vaulx-en-velin-rugby-a-xiii-les-lions-du-v-v-r-l-sinclinent-sur-le-fil-face-aux-catalans\/\"},\"wordCount\":347,\"commentCount\":0,\"publisher\":{\"@id\":\"https:\/\/newsestlyonnais.fr\/site\/#organization\"},\"image\":{\"@id\":\"https:\/\/newsestlyonnais.fr\/site\/2022\/05\/02\/vaulx-en-velin-rugby-a-xiii-les-lions-du-v-v-r-l-sinclinent-sur-le-fil-face-aux-catalans\/#primaryimage\"},\"thumbnailUrl\":\"https:\/\/newsestlyonnais.fr\/site\/wp-content\/uploads\/2022\/05\/1-La-formation-des-Verts-et-noirs-de-VVRL.jpg\",\"keywords\":[\"RUGBY A XIII\",\"VAULX EN VELIN\",\"Vaulx-en-Velin Rugby League\"],\"articleSection\":[\"RUGBY \u00e0 XIII\",\"Sports\",\"Vaulx-en-Velin\"],\"inLanguage\":\"fr-FR\",\"potentialAction\":[{\"@type\":\"CommentAction\",\"name\":\"Comment\",\"target\":[\"https:\/\/newsestlyonnais.fr\/site\/2022\/05\/02\/vaulx-en-velin-rugby-a-xiii-les-lions-du-v-v-r-l-sinclinent-sur-le-fil-face-aux-catalans\/#respond\"]}]},{\"@type\":\"WebPage\",\"@id\":\"https:\/\/newsestlyonnais.fr\/site\/2022\/05\/02\/vaulx-en-velin-rugby-a-xiii-les-lions-du-v-v-r-l-sinclinent-sur-le-fil-face-aux-catalans\/\",\"url\":\"https:\/\/newsestlyonnais.fr\/site\/2022\/05\/02\/vaulx-en-velin-rugby-a-xiii-les-lions-du-v-v-r-l-sinclinent-sur-le-fil-face-aux-catalans\/\",\"name\":\"VAULX-EN-VELIN Rugby \u00e0 XIII | Les Lions du V.V.R.L. s'inclinent sur le fil face aux Catalans - News Est Lyonnais\",\"isPartOf\":{\"@id\":\"https:\/\/newsestlyonnais.fr\/site\/#website\"},\"primaryImageOfPage\":{\"@id\":\"https:\/\/newsestlyonnais.fr\/site\/2022\/05\/02\/vaulx-en-velin-rugby-a-xiii-les-lions-du-v-v-r-l-sinclinent-sur-le-fil-face-aux-catalans\/#primaryimage\"},\"image\":{\"@id\":\"https:\/\/newsestlyonnais.fr\/site\/2022\/05\/02\/vaulx-en-velin-rugby-a-xiii-les-lions-du-v-v-r-l-sinclinent-sur-le-fil-face-aux-catalans\/#primaryimage\"},\"thumbnailUrl\":\"https:\/\/newsestlyonnais.fr\/site\/wp-content\/uploads\/2022\/05\/1-La-formation-des-Verts-et-noirs-de-VVRL.jpg\",\"datePublished\":\"2022-05-02T12:09:15+00:00\",\"dateModified\":\"2022-05-04T16:33:18+00:00\",\"description\":\"VAULX-EN-VELIN Rugby \u00e0 XIII | Les Lions du V.V.R.L. s'inclinent sur le fil face aux Catalans\",\"breadcrumb\":{\"@id\":\"https:\/\/newsestlyonnais.fr\/site\/2022\/05\/02\/vaulx-en-velin-rugby-a-xiii-les-lions-du-v-v-r-l-sinclinent-sur-le-fil-face-aux-catalans\/#breadcrumb\"},\"inLanguage\":\"fr-FR\",\"potentialAction\":[{\"@type\":\"ReadAction\",\"target\":[\"https:\/\/newsestlyonnais.fr\/site\/2022\/05\/02\/vaulx-en-velin-rugby-a-xiii-les-lions-du-v-v-r-l-sinclinent-sur-le-fil-face-aux-catalans\/\"]}]},{\"@type\":\"ImageObject\",\"inLanguage\":\"fr-FR\",\"@id\":\"https:\/\/newsestlyonnais.fr\/site\/2022\/05\/02\/vaulx-en-velin-rugby-a-xiii-les-lions-du-v-v-r-l-sinclinent-sur-le-fil-face-aux-catalans\/#primaryimage\",\"url\":\"https:\/\/newsestlyonnais.fr\/site\/wp-content\/uploads\/2022\/05\/1-La-formation-des-Verts-et-noirs-de-VVRL.jpg\",\"contentUrl\":\"https:\/\/newsestlyonnais.fr\/site\/wp-content\/uploads\/2022\/05\/1-La-formation-des-Verts-et-noirs-de-VVRL.jpg\",\"width\":1200,\"height\":900},{\"@type\":\"BreadcrumbList\",\"@id\":\"https:\/\/newsestlyonnais.fr\/site\/2022\/05\/02\/vaulx-en-velin-rugby-a-xiii-les-lions-du-v-v-r-l-sinclinent-sur-le-fil-face-aux-catalans\/#breadcrumb\",\"itemListElement\":[{\"@type\":\"ListItem\",\"position\":1,\"name\":\"Accueil\",\"item\":\"https:\/\/newsestlyonnais.fr\/site\/\"},{\"@type\":\"ListItem\",\"position\":2,\"name\":\"VAULX-EN-VELIN Rugby \u00e0 XIII | Les Lions du V.V.R.L. s&rsquo;inclinent sur le fil face aux Catalans\"}]},{\"@type\":\"WebSite\",\"@id\":\"https:\/\/newsestlyonnais.fr\/site\/#website\",\"url\":\"https:\/\/newsestlyonnais.fr\/site\/\",\"name\":\"News Est Lyonnais\",\"description\":\"L&#039;actualit\u00e9 au plus pr\u00e8s\",\"publisher\":{\"@id\":\"https:\/\/newsestlyonnais.fr\/site\/#organization\"},\"potentialAction\":[{\"@type\":\"SearchAction\",\"target\":{\"@type\":\"EntryPoint\",\"urlTemplate\":\"https:\/\/newsestlyonnais.fr\/site\/?s={search_term_string}\"},\"query-input\":{\"@type\":\"PropertyValueSpecification\",\"valueRequired\":true,\"valueName\":\"search_term_string\"}}],\"inLanguage\":\"fr-FR\"},{\"@type\":\"Organization\",\"@id\":\"https:\/\/newsestlyonnais.fr\/site\/#organization\",\"name\":\"News EST LYONNAIS\",\"url\":\"https:\/\/newsestlyonnais.fr\/site\/\",\"logo\":{\"@type\":\"ImageObject\",\"inLanguage\":\"fr-FR\",\"@id\":\"https:\/\/newsestlyonnais.fr\/site\/#\/schema\/logo\/image\/\",\"url\":\"\",\"contentUrl\":\"\",\"caption\":\"News EST LYONNAIS\"},\"image\":{\"@id\":\"https:\/\/newsestlyonnais.fr\/site\/#\/schema\/logo\/image\/\"}},{\"@type\":\"Person\",\"@id\":\"https:\/\/newsestlyonnais.fr\/site\/#\/schema\/person\/3230d5615f390bb808365d673001e887\",\"name\":\"R\u00e9dac. NEWS\",\"sameAs\":[\"http:\/\/www.newsestlyonnais.fr\",\"https:\/\/www.facebook.com\/pascal.oberson.1?fref=ts\",\"https:\/\/fr.linkedin.com\/in\/pascal-oberson-b17045113\"],\"url\":\"https:\/\/newsestlyonnais.fr\/site\/author\/nel\/\"}]}<\/script>\n<!-- \/ Yoast SEO plugin. -->","yoast_head_json":{"title":"VAULX-EN-VELIN Rugby \u00e0 XIII | Les Lions du V.V.R.L. s'inclinent sur le fil face aux Catalans - News Est Lyonnais","description":"VAULX-EN-VELIN Rugby \u00e0 XIII | Les Lions du V.V.R.L. s'inclinent sur le fil face aux Catalans","robots":{"index":"index","follow":"follow","max-snippet":"max-snippet:-1","max-image-preview":"max-image-preview:large","max-video-preview":"max-video-preview:-1"},"canonical":"https:\/\/newsestlyonnais.fr\/site\/2022\/05\/02\/vaulx-en-velin-rugby-a-xiii-les-lions-du-v-v-r-l-sinclinent-sur-le-fil-face-aux-catalans\/","og_locale":"fr_FR","og_type":"article","og_title":"VAULX-EN-VELIN Rugby \u00e0 XIII | Les Lions du V.V.R.L. s'inclinent sur le fil face aux Catalans - News Est Lyonnais","og_description":"VAULX-EN-VELIN Rugby \u00e0 XIII | Les Lions du V.V.R.L. s'inclinent sur le fil face aux Catalans","og_url":"https:\/\/newsestlyonnais.fr\/site\/2022\/05\/02\/vaulx-en-velin-rugby-a-xiii-les-lions-du-v-v-r-l-sinclinent-sur-le-fil-face-aux-catalans\/","og_site_name":"News Est Lyonnais","article_author":"https:\/\/www.facebook.com\/pascal.oberson.1?fref=ts","article_published_time":"2022-05-02T12:09:15+00:00","article_modified_time":"2022-05-04T16:33:18+00:00","og_image":[{"width":1200,"height":900,"url":"https:\/\/newsestlyonnais.fr\/site\/wp-content\/uploads\/2022\/05\/1-La-formation-des-Verts-et-noirs-de-VVRL.jpg","type":"image\/jpeg"}],"author":"R\u00e9dac. NEWS","twitter_card":"summary_large_image","twitter_misc":{"\u00c9crit par":"R\u00e9dac. NEWS","Dur\u00e9e de lecture estim\u00e9e":"3 minutes"},"schema":{"@context":"https:\/\/schema.org","@graph":[{"@type":"Article","@id":"https:\/\/newsestlyonnais.fr\/site\/2022\/05\/02\/vaulx-en-velin-rugby-a-xiii-les-lions-du-v-v-r-l-sinclinent-sur-le-fil-face-aux-catalans\/#article","isPartOf":{"@id":"https:\/\/newsestlyonnais.fr\/site\/2022\/05\/02\/vaulx-en-velin-rugby-a-xiii-les-lions-du-v-v-r-l-sinclinent-sur-le-fil-face-aux-catalans\/"},"author":{"name":"R\u00e9dac. NEWS","@id":"https:\/\/newsestlyonnais.fr\/site\/#\/schema\/person\/3230d5615f390bb808365d673001e887"},"headline":"VAULX-EN-VELIN Rugby \u00e0 XIII | Les Lions du V.V.R.L. s&rsquo;inclinent sur le fil face aux Catalans","datePublished":"2022-05-02T12:09:15+00:00","dateModified":"2022-05-04T16:33:18+00:00","mainEntityOfPage":{"@id":"https:\/\/newsestlyonnais.fr\/site\/2022\/05\/02\/vaulx-en-velin-rugby-a-xiii-les-lions-du-v-v-r-l-sinclinent-sur-le-fil-face-aux-catalans\/"},"wordCount":347,"commentCount":0,"publisher":{"@id":"https:\/\/newsestlyonnais.fr\/site\/#organization"},"image":{"@id":"https:\/\/newsestlyonnais.fr\/site\/2022\/05\/02\/vaulx-en-velin-rugby-a-xiii-les-lions-du-v-v-r-l-sinclinent-sur-le-fil-face-aux-catalans\/#primaryimage"},"thumbnailUrl":"https:\/\/newsestlyonnais.fr\/site\/wp-content\/uploads\/2022\/05\/1-La-formation-des-Verts-et-noirs-de-VVRL.jpg","keywords":["RUGBY A XIII","VAULX EN VELIN","Vaulx-en-Velin Rugby League"],"articleSection":["RUGBY \u00e0 XIII","Sports","Vaulx-en-Velin"],"inLanguage":"fr-FR","potentialAction":[{"@type":"CommentAction","name":"Comment","target":["https:\/\/newsestlyonnais.fr\/site\/2022\/05\/02\/vaulx-en-velin-rugby-a-xiii-les-lions-du-v-v-r-l-sinclinent-sur-le-fil-face-aux-catalans\/#respond"]}]},{"@type":"WebPage","@id":"https:\/\/newsestlyonnais.fr\/site\/2022\/05\/02\/vaulx-en-velin-rugby-a-xiii-les-lions-du-v-v-r-l-sinclinent-sur-le-fil-face-aux-catalans\/","url":"https:\/\/newsestlyonnais.fr\/site\/2022\/05\/02\/vaulx-en-velin-rugby-a-xiii-les-lions-du-v-v-r-l-sinclinent-sur-le-fil-face-aux-catalans\/","name":"VAULX-EN-VELIN Rugby \u00e0 XIII | Les Lions du V.V.R.L. s'inclinent sur le fil face aux Catalans - News Est Lyonnais","isPartOf":{"@id":"https:\/\/newsestlyonnais.fr\/site\/#website"},"primaryImageOfPage":{"@id":"https:\/\/newsestlyonnais.fr\/site\/2022\/05\/02\/vaulx-en-velin-rugby-a-xiii-les-lions-du-v-v-r-l-sinclinent-sur-le-fil-face-aux-catalans\/#primaryimage"},"image":{"@id":"https:\/\/newsestlyonnais.fr\/site\/2022\/05\/02\/vaulx-en-velin-rugby-a-xiii-les-lions-du-v-v-r-l-sinclinent-sur-le-fil-face-aux-catalans\/#primaryimage"},"thumbnailUrl":"https:\/\/newsestlyonnais.fr\/site\/wp-content\/uploads\/2022\/05\/1-La-formation-des-Verts-et-noirs-de-VVRL.jpg","datePublished":"2022-05-02T12:09:15+00:00","dateModified":"2022-05-04T16:33:18+00:00","description":"VAULX-EN-VELIN Rugby \u00e0 XIII | Les Lions du V.V.R.L. s'inclinent sur le fil face aux Catalans","breadcrumb":{"@id":"https:\/\/newsestlyonnais.fr\/site\/2022\/05\/02\/vaulx-en-velin-rugby-a-xiii-les-lions-du-v-v-r-l-sinclinent-sur-le-fil-face-aux-catalans\/#breadcrumb"},"inLanguage":"fr-FR","potentialAction":[{"@type":"ReadAction","target":["https:\/\/newsestlyonnais.fr\/site\/2022\/05\/02\/vaulx-en-velin-rugby-a-xiii-les-lions-du-v-v-r-l-sinclinent-sur-le-fil-face-aux-catalans\/"]}]},{"@type":"ImageObject","inLanguage":"fr-FR","@id":"https:\/\/newsestlyonnais.fr\/site\/2022\/05\/02\/vaulx-en-velin-rugby-a-xiii-les-lions-du-v-v-r-l-sinclinent-sur-le-fil-face-aux-catalans\/#primaryimage","url":"https:\/\/newsestlyonnais.fr\/site\/wp-content\/uploads\/2022\/05\/1-La-formation-des-Verts-et-noirs-de-VVRL.jpg","contentUrl":"https:\/\/newsestlyonnais.fr\/site\/wp-content\/uploads\/2022\/05\/1-La-formation-des-Verts-et-noirs-de-VVRL.jpg","width":1200,"height":900},{"@type":"BreadcrumbList","@id":"https:\/\/newsestlyonnais.fr\/site\/2022\/05\/02\/vaulx-en-velin-rugby-a-xiii-les-lions-du-v-v-r-l-sinclinent-sur-le-fil-face-aux-catalans\/#breadcrumb","itemListElement":[{"@type":"ListItem","position":1,"name":"Accueil","item":"https:\/\/newsestlyonnais.fr\/site\/"},{"@type":"ListItem","position":2,"name":"VAULX-EN-VELIN Rugby \u00e0 XIII | Les Lions du V.V.R.L. s&rsquo;inclinent sur le fil face aux Catalans"}]},{"@type":"WebSite","@id":"https:\/\/newsestlyonnais.fr\/site\/#website","url":"https:\/\/newsestlyonnais.fr\/site\/","name":"News Est Lyonnais","description":"L&#039;actualit\u00e9 au plus pr\u00e8s","publisher":{"@id":"https:\/\/newsestlyonnais.fr\/site\/#organization"},"potentialAction":[{"@type":"SearchAction","target":{"@type":"EntryPoint","urlTemplate":"https:\/\/newsestlyonnais.fr\/site\/?s={search_term_string}"},"query-input":{"@type":"PropertyValueSpecification","valueRequired":true,"valueName":"search_term_string"}}],"inLanguage":"fr-FR"},{"@type":"Organization","@id":"https:\/\/newsestlyonnais.fr\/site\/#organization","name":"News EST LYONNAIS","url":"https:\/\/newsestlyonnais.fr\/site\/","logo":{"@type":"ImageObject","inLanguage":"fr-FR","@id":"https:\/\/newsestlyonnais.fr\/site\/#\/schema\/logo\/image\/","url":"","contentUrl":"","caption":"News EST LYONNAIS"},"image":{"@id":"https:\/\/newsestlyonnais.fr\/site\/#\/schema\/logo\/image\/"}},{"@type":"Person","@id":"https:\/\/newsestlyonnais.fr\/site\/#\/schema\/person\/3230d5615f390bb808365d673001e887","name":"R\u00e9dac. NEWS","sameAs":["http:\/\/www.newsestlyonnais.fr","https:\/\/www.facebook.com\/pascal.oberson.1?fref=ts","https:\/\/fr.linkedin.com\/in\/pascal-oberson-b17045113"],"url":"https:\/\/newsestlyonnais.fr\/site\/author\/nel\/"}]}},"_links":{"self":[{"href":"https:\/\/newsestlyonnais.fr\/site\/wp-json\/wp\/v2\/posts\/154278","targetHints":{"allow":["GET"]}}],"collection":[{"href":"https:\/\/newsestlyonnais.fr\/site\/wp-json\/wp\/v2\/posts"}],"about":[{"href":"https:\/\/newsestlyonnais.fr\/site\/wp-json\/wp\/v2\/types\/post"}],"author":[{"embeddable":true,"href":"https:\/\/newsestlyonnais.fr\/site\/wp-json\/wp\/v2\/users\/4"}],"replies":[{"embeddable":true,"href":"https:\/\/newsestlyonnais.fr\/site\/wp-json\/wp\/v2\/comments?post=154278"}],"version-history":[{"count":0,"href":"https:\/\/newsestlyonnais.fr\/site\/wp-json\/wp\/v2\/posts\/154278\/revisions"}],"wp:featuredmedia":[{"embeddable":true,"href":"https:\/\/newsestlyonnais.fr\/site\/wp-json\/wp\/v2\/media\/154296"}],"wp:attachment":[{"href":"https:\/\/newsestlyonnais.fr\/site\/wp-json\/wp\/v2\/media?parent=154278"}],"wp:term":[{"taxonomy":"category","embeddable":true,"href":"https:\/\/newsestlyonnais.fr\/site\/wp-json\/wp\/v2\/categories?post=154278"},{"taxonomy":"post_tag","embeddable":true,"href":"https:\/\/newsestlyonnais.fr\/site\/wp-json\/wp\/v2\/tags?post=154278"}],"curies":[{"name":"wp","href":"https:\/\/api.w.org\/{rel}","templated":true}]}}