{"id":154592,"date":"2022-05-06T14:04:20","date_gmt":"2022-05-06T13:04:20","guid":{"rendered":"https:\/\/newsestlyonnais.fr\/site\/?p=154592"},"modified":"2022-05-11T10:35:00","modified_gmt":"2022-05-11T09:35:00","slug":"meyzieu-permanence-des-operateurs-fibre","status":"publish","type":"post","link":"https:\/\/newsestlyonnais.fr\/site\/2022\/05\/06\/meyzieu-permanence-des-operateurs-fibre\/","title":{"rendered":"MEYZIEU | Permanence des op\u00e9rateurs Fibre"},"content":{"rendered":"<p>Mercredi 4 mai, suite \u00e0 la r\u00e9union publique de pr\u00e9sentation du plan de reprise int\u00e9grale du r\u00e9seau fibre d\u2019ici \u00e0 fin 2022, <strong>trois des quatre op\u00e9rateurs commerciaux (SFR, Orange et Free) tiendront une permanence lundi 9 mai <\/strong><strong>en matin\u00e9e, \u00e0 Meyzieu.<\/strong><\/p>\n<p><strong>La situation d\u00e9sastreuse de l\u2019\u00e9tat du r\u00e9seau fibre \u00e0 Meyzieu est tout \u00e0 fait anormale<\/strong> : de ce fait, les 4 op\u00e9rateurs fibre ont d\u00e9velopp\u00e9 des solutions sp\u00e9cifiques et individuelles pour leurs clients majolans impact\u00e9s par un dysfonctionnement de leur abonnement \u00e0 la fibre.<\/p>\n<p>En se rendant \u00e0 cette permanence, les Majolans seront identifi\u00e9s par les op\u00e9rateurs, qui s\u2019engagent \u00e0 leur faire b\u00e9n\u00e9ficier d\u2019un suivi personnalis\u00e9, afin de r\u00e9soudre au plus vite et de mani\u00e8re p\u00e9renne leurs d\u00e9sagr\u00e9ments.<\/p>\n<hr \/>\n<p><span style=\"background-color: #000000; color: #ffffff;\"><strong>HORAIRES de pr\u00e9sence des op\u00e9rateurs<\/strong> <\/span>:<\/p>\n<ul>\n<li><strong>SFR<\/strong> -&gt; de 12 h \u00e0 13 h<\/li>\n<li><strong>Orange<\/strong> -&gt; de 9 h \u00e0 13 h<\/li>\n<li><strong>Free<\/strong> -&gt; de 8 h 30 \u00e0 13 h<\/li>\n<\/ul>\n<p>En compl\u00e9ment, pour ceux qui ne seront pas disponibles ce lundi 9 mai en matin\u00e9e, les 4 op\u00e9rateurs fibre se sont \u00e9galement engag\u00e9s, lors de la r\u00e9union publique du 4 mai, \u00e0 tenir ces prochains mois d\u2019autres permanences \u00e0 Meyzieu, au rythme d\u2019une par mois.<\/p>\n<p><em><strong>La prochaine date de permanence n\u2019est \u00e0 ce jour pas fix\u00e9e.<\/strong><\/em><\/p>\n<hr \/>\n<p><span style=\"background-color: #000000; color: #ffffff;\"><strong>Lundi 9 mai \/ de 8 h 30 \u00e0 13 h \/ Maison des associations, 20 place Jean Monnet<\/strong><\/span><\/p>\n<hr \/>\n<p><em><strong>Source : communiqu\u00e9 de la Ville de Meyzieu<\/strong><\/em><\/p>\n","protected":false},"excerpt":{"rendered":"<p>La mobilisation de la Ville de Meyzieu et des Majolans porte ses fruits !<\/p>\n","protected":false},"author":4,"featured_media":101256,"comment_status":"open","ping_status":"open","sticky":false,"template":"","format":"standard","meta":{"footnotes":""},"categories":[2172,24],"tags":[4272,2081],"class_list":["post-154592","post","type-post","status-publish","format-standard","has-post-thumbnail","hentry","category-informatique-numerique","category-meyzieu","tag-fibre","tag-meyzieu"],"yoast_head":"<!-- This site is optimized with the Yoast SEO plugin v27.2 - https:\/\/yoast.com\/product\/yoast-seo-wordpress\/ -->\n<title>MEYZIEU | Permanence des op\u00e9rateurs Fibre - News Est Lyonnais<\/title>\n<meta name=\"description\" content=\"MEYZIEU | Permanence des op\u00e9rateurs Fibre\" \/>\n<meta name=\"robots\" content=\"index, follow, max-snippet:-1, max-image-preview:large, max-video-preview:-1\" \/>\n<link rel=\"canonical\" href=\"https:\/\/newsestlyonnais.fr\/site\/2022\/05\/06\/meyzieu-permanence-des-operateurs-fibre\/\" \/>\n<meta property=\"og:locale\" content=\"fr_FR\" \/>\n<meta property=\"og:type\" content=\"article\" \/>\n<meta property=\"og:title\" content=\"MEYZIEU | Permanence des op\u00e9rateurs Fibre - News Est Lyonnais\" \/>\n<meta property=\"og:description\" content=\"MEYZIEU | Permanence des op\u00e9rateurs Fibre\" \/>\n<meta property=\"og:url\" content=\"https:\/\/newsestlyonnais.fr\/site\/2022\/05\/06\/meyzieu-permanence-des-operateurs-fibre\/\" \/>\n<meta property=\"og:site_name\" content=\"News Est Lyonnais\" \/>\n<meta property=\"article:author\" content=\"https:\/\/www.facebook.com\/pascal.oberson.1?fref=ts\" \/>\n<meta property=\"article:published_time\" content=\"2022-05-06T13:04:20+00:00\" \/>\n<meta property=\"article:modified_time\" content=\"2022-05-11T09:35:00+00:00\" \/>\n<meta property=\"og:image\" content=\"https:\/\/newsestlyonnais.fr\/site\/wp-content\/uploads\/2020\/05\/NEWSESTLYONNAIS-VUE-MEYZIEU.jpg\" \/>\n\t<meta property=\"og:image:width\" content=\"1280\" \/>\n\t<meta property=\"og:image:height\" content=\"960\" \/>\n\t<meta property=\"og:image:type\" content=\"image\/jpeg\" \/>\n<meta name=\"author\" content=\"R\u00e9dac. NEWS\" \/>\n<meta name=\"twitter:card\" content=\"summary_large_image\" \/>\n<meta name=\"twitter:label1\" content=\"\u00c9crit par\" \/>\n\t<meta name=\"twitter:data1\" content=\"R\u00e9dac. NEWS\" \/>\n\t<meta name=\"twitter:label2\" content=\"Dur\u00e9e de lecture estim\u00e9e\" \/>\n\t<meta name=\"twitter:data2\" content=\"2 minutes\" \/>\n<script type=\"application\/ld+json\" class=\"yoast-schema-graph\">{\"@context\":\"https:\/\/schema.org\",\"@graph\":[{\"@type\":\"Article\",\"@id\":\"https:\/\/newsestlyonnais.fr\/site\/2022\/05\/06\/meyzieu-permanence-des-operateurs-fibre\/#article\",\"isPartOf\":{\"@id\":\"https:\/\/newsestlyonnais.fr\/site\/2022\/05\/06\/meyzieu-permanence-des-operateurs-fibre\/\"},\"author\":{\"name\":\"R\u00e9dac. NEWS\",\"@id\":\"https:\/\/newsestlyonnais.fr\/site\/#\/schema\/person\/3230d5615f390bb808365d673001e887\"},\"headline\":\"MEYZIEU | Permanence des op\u00e9rateurs Fibre\",\"datePublished\":\"2022-05-06T13:04:20+00:00\",\"dateModified\":\"2022-05-11T09:35:00+00:00\",\"mainEntityOfPage\":{\"@id\":\"https:\/\/newsestlyonnais.fr\/site\/2022\/05\/06\/meyzieu-permanence-des-operateurs-fibre\/\"},\"wordCount\":239,\"commentCount\":0,\"publisher\":{\"@id\":\"https:\/\/newsestlyonnais.fr\/site\/#organization\"},\"image\":{\"@id\":\"https:\/\/newsestlyonnais.fr\/site\/2022\/05\/06\/meyzieu-permanence-des-operateurs-fibre\/#primaryimage\"},\"thumbnailUrl\":\"https:\/\/newsestlyonnais.fr\/site\/wp-content\/uploads\/2020\/05\/NEWSESTLYONNAIS-VUE-MEYZIEU.jpg\",\"keywords\":[\"Fibre\",\"MEYZIEU\"],\"articleSection\":[\"Informatique | Num\u00e9rique\",\"Meyzieu\"],\"inLanguage\":\"fr-FR\",\"potentialAction\":[{\"@type\":\"CommentAction\",\"name\":\"Comment\",\"target\":[\"https:\/\/newsestlyonnais.fr\/site\/2022\/05\/06\/meyzieu-permanence-des-operateurs-fibre\/#respond\"]}]},{\"@type\":\"WebPage\",\"@id\":\"https:\/\/newsestlyonnais.fr\/site\/2022\/05\/06\/meyzieu-permanence-des-operateurs-fibre\/\",\"url\":\"https:\/\/newsestlyonnais.fr\/site\/2022\/05\/06\/meyzieu-permanence-des-operateurs-fibre\/\",\"name\":\"MEYZIEU | Permanence des op\u00e9rateurs Fibre - News Est Lyonnais\",\"isPartOf\":{\"@id\":\"https:\/\/newsestlyonnais.fr\/site\/#website\"},\"primaryImageOfPage\":{\"@id\":\"https:\/\/newsestlyonnais.fr\/site\/2022\/05\/06\/meyzieu-permanence-des-operateurs-fibre\/#primaryimage\"},\"image\":{\"@id\":\"https:\/\/newsestlyonnais.fr\/site\/2022\/05\/06\/meyzieu-permanence-des-operateurs-fibre\/#primaryimage\"},\"thumbnailUrl\":\"https:\/\/newsestlyonnais.fr\/site\/wp-content\/uploads\/2020\/05\/NEWSESTLYONNAIS-VUE-MEYZIEU.jpg\",\"datePublished\":\"2022-05-06T13:04:20+00:00\",\"dateModified\":\"2022-05-11T09:35:00+00:00\",\"description\":\"MEYZIEU | Permanence des op\u00e9rateurs Fibre\",\"breadcrumb\":{\"@id\":\"https:\/\/newsestlyonnais.fr\/site\/2022\/05\/06\/meyzieu-permanence-des-operateurs-fibre\/#breadcrumb\"},\"inLanguage\":\"fr-FR\",\"potentialAction\":[{\"@type\":\"ReadAction\",\"target\":[\"https:\/\/newsestlyonnais.fr\/site\/2022\/05\/06\/meyzieu-permanence-des-operateurs-fibre\/\"]}]},{\"@type\":\"ImageObject\",\"inLanguage\":\"fr-FR\",\"@id\":\"https:\/\/newsestlyonnais.fr\/site\/2022\/05\/06\/meyzieu-permanence-des-operateurs-fibre\/#primaryimage\",\"url\":\"https:\/\/newsestlyonnais.fr\/site\/wp-content\/uploads\/2020\/05\/NEWSESTLYONNAIS-VUE-MEYZIEU.jpg\",\"contentUrl\":\"https:\/\/newsestlyonnais.fr\/site\/wp-content\/uploads\/2020\/05\/NEWSESTLYONNAIS-VUE-MEYZIEU.jpg\",\"width\":1280,\"height\":960},{\"@type\":\"BreadcrumbList\",\"@id\":\"https:\/\/newsestlyonnais.fr\/site\/2022\/05\/06\/meyzieu-permanence-des-operateurs-fibre\/#breadcrumb\",\"itemListElement\":[{\"@type\":\"ListItem\",\"position\":1,\"name\":\"Accueil\",\"item\":\"https:\/\/newsestlyonnais.fr\/site\/\"},{\"@type\":\"ListItem\",\"position\":2,\"name\":\"MEYZIEU | Permanence des op\u00e9rateurs Fibre\"}]},{\"@type\":\"WebSite\",\"@id\":\"https:\/\/newsestlyonnais.fr\/site\/#website\",\"url\":\"https:\/\/newsestlyonnais.fr\/site\/\",\"name\":\"News Est Lyonnais\",\"description\":\"L&#039;actualit\u00e9 au plus pr\u00e8s\",\"publisher\":{\"@id\":\"https:\/\/newsestlyonnais.fr\/site\/#organization\"},\"potentialAction\":[{\"@type\":\"SearchAction\",\"target\":{\"@type\":\"EntryPoint\",\"urlTemplate\":\"https:\/\/newsestlyonnais.fr\/site\/?s={search_term_string}\"},\"query-input\":{\"@type\":\"PropertyValueSpecification\",\"valueRequired\":true,\"valueName\":\"search_term_string\"}}],\"inLanguage\":\"fr-FR\"},{\"@type\":\"Organization\",\"@id\":\"https:\/\/newsestlyonnais.fr\/site\/#organization\",\"name\":\"News EST LYONNAIS\",\"url\":\"https:\/\/newsestlyonnais.fr\/site\/\",\"logo\":{\"@type\":\"ImageObject\",\"inLanguage\":\"fr-FR\",\"@id\":\"https:\/\/newsestlyonnais.fr\/site\/#\/schema\/logo\/image\/\",\"url\":\"\",\"contentUrl\":\"\",\"caption\":\"News EST LYONNAIS\"},\"image\":{\"@id\":\"https:\/\/newsestlyonnais.fr\/site\/#\/schema\/logo\/image\/\"}},{\"@type\":\"Person\",\"@id\":\"https:\/\/newsestlyonnais.fr\/site\/#\/schema\/person\/3230d5615f390bb808365d673001e887\",\"name\":\"R\u00e9dac. NEWS\",\"sameAs\":[\"http:\/\/www.newsestlyonnais.fr\",\"https:\/\/www.facebook.com\/pascal.oberson.1?fref=ts\",\"https:\/\/fr.linkedin.com\/in\/pascal-oberson-b17045113\"],\"url\":\"https:\/\/newsestlyonnais.fr\/site\/author\/nel\/\"}]}<\/script>\n<!-- \/ Yoast SEO plugin. -->","yoast_head_json":{"title":"MEYZIEU | Permanence des op\u00e9rateurs Fibre - News Est Lyonnais","description":"MEYZIEU | Permanence des op\u00e9rateurs Fibre","robots":{"index":"index","follow":"follow","max-snippet":"max-snippet:-1","max-image-preview":"max-image-preview:large","max-video-preview":"max-video-preview:-1"},"canonical":"https:\/\/newsestlyonnais.fr\/site\/2022\/05\/06\/meyzieu-permanence-des-operateurs-fibre\/","og_locale":"fr_FR","og_type":"article","og_title":"MEYZIEU | Permanence des op\u00e9rateurs Fibre - News Est Lyonnais","og_description":"MEYZIEU | Permanence des op\u00e9rateurs Fibre","og_url":"https:\/\/newsestlyonnais.fr\/site\/2022\/05\/06\/meyzieu-permanence-des-operateurs-fibre\/","og_site_name":"News Est Lyonnais","article_author":"https:\/\/www.facebook.com\/pascal.oberson.1?fref=ts","article_published_time":"2022-05-06T13:04:20+00:00","article_modified_time":"2022-05-11T09:35:00+00:00","og_image":[{"width":1280,"height":960,"url":"https:\/\/newsestlyonnais.fr\/site\/wp-content\/uploads\/2020\/05\/NEWSESTLYONNAIS-VUE-MEYZIEU.jpg","type":"image\/jpeg"}],"author":"R\u00e9dac. NEWS","twitter_card":"summary_large_image","twitter_misc":{"\u00c9crit par":"R\u00e9dac. NEWS","Dur\u00e9e de lecture estim\u00e9e":"2 minutes"},"schema":{"@context":"https:\/\/schema.org","@graph":[{"@type":"Article","@id":"https:\/\/newsestlyonnais.fr\/site\/2022\/05\/06\/meyzieu-permanence-des-operateurs-fibre\/#article","isPartOf":{"@id":"https:\/\/newsestlyonnais.fr\/site\/2022\/05\/06\/meyzieu-permanence-des-operateurs-fibre\/"},"author":{"name":"R\u00e9dac. NEWS","@id":"https:\/\/newsestlyonnais.fr\/site\/#\/schema\/person\/3230d5615f390bb808365d673001e887"},"headline":"MEYZIEU | Permanence des op\u00e9rateurs Fibre","datePublished":"2022-05-06T13:04:20+00:00","dateModified":"2022-05-11T09:35:00+00:00","mainEntityOfPage":{"@id":"https:\/\/newsestlyonnais.fr\/site\/2022\/05\/06\/meyzieu-permanence-des-operateurs-fibre\/"},"wordCount":239,"commentCount":0,"publisher":{"@id":"https:\/\/newsestlyonnais.fr\/site\/#organization"},"image":{"@id":"https:\/\/newsestlyonnais.fr\/site\/2022\/05\/06\/meyzieu-permanence-des-operateurs-fibre\/#primaryimage"},"thumbnailUrl":"https:\/\/newsestlyonnais.fr\/site\/wp-content\/uploads\/2020\/05\/NEWSESTLYONNAIS-VUE-MEYZIEU.jpg","keywords":["Fibre","MEYZIEU"],"articleSection":["Informatique | Num\u00e9rique","Meyzieu"],"inLanguage":"fr-FR","potentialAction":[{"@type":"CommentAction","name":"Comment","target":["https:\/\/newsestlyonnais.fr\/site\/2022\/05\/06\/meyzieu-permanence-des-operateurs-fibre\/#respond"]}]},{"@type":"WebPage","@id":"https:\/\/newsestlyonnais.fr\/site\/2022\/05\/06\/meyzieu-permanence-des-operateurs-fibre\/","url":"https:\/\/newsestlyonnais.fr\/site\/2022\/05\/06\/meyzieu-permanence-des-operateurs-fibre\/","name":"MEYZIEU | Permanence des op\u00e9rateurs Fibre - News Est Lyonnais","isPartOf":{"@id":"https:\/\/newsestlyonnais.fr\/site\/#website"},"primaryImageOfPage":{"@id":"https:\/\/newsestlyonnais.fr\/site\/2022\/05\/06\/meyzieu-permanence-des-operateurs-fibre\/#primaryimage"},"image":{"@id":"https:\/\/newsestlyonnais.fr\/site\/2022\/05\/06\/meyzieu-permanence-des-operateurs-fibre\/#primaryimage"},"thumbnailUrl":"https:\/\/newsestlyonnais.fr\/site\/wp-content\/uploads\/2020\/05\/NEWSESTLYONNAIS-VUE-MEYZIEU.jpg","datePublished":"2022-05-06T13:04:20+00:00","dateModified":"2022-05-11T09:35:00+00:00","description":"MEYZIEU | Permanence des op\u00e9rateurs Fibre","breadcrumb":{"@id":"https:\/\/newsestlyonnais.fr\/site\/2022\/05\/06\/meyzieu-permanence-des-operateurs-fibre\/#breadcrumb"},"inLanguage":"fr-FR","potentialAction":[{"@type":"ReadAction","target":["https:\/\/newsestlyonnais.fr\/site\/2022\/05\/06\/meyzieu-permanence-des-operateurs-fibre\/"]}]},{"@type":"ImageObject","inLanguage":"fr-FR","@id":"https:\/\/newsestlyonnais.fr\/site\/2022\/05\/06\/meyzieu-permanence-des-operateurs-fibre\/#primaryimage","url":"https:\/\/newsestlyonnais.fr\/site\/wp-content\/uploads\/2020\/05\/NEWSESTLYONNAIS-VUE-MEYZIEU.jpg","contentUrl":"https:\/\/newsestlyonnais.fr\/site\/wp-content\/uploads\/2020\/05\/NEWSESTLYONNAIS-VUE-MEYZIEU.jpg","width":1280,"height":960},{"@type":"BreadcrumbList","@id":"https:\/\/newsestlyonnais.fr\/site\/2022\/05\/06\/meyzieu-permanence-des-operateurs-fibre\/#breadcrumb","itemListElement":[{"@type":"ListItem","position":1,"name":"Accueil","item":"https:\/\/newsestlyonnais.fr\/site\/"},{"@type":"ListItem","position":2,"name":"MEYZIEU | Permanence des op\u00e9rateurs Fibre"}]},{"@type":"WebSite","@id":"https:\/\/newsestlyonnais.fr\/site\/#website","url":"https:\/\/newsestlyonnais.fr\/site\/","name":"News Est Lyonnais","description":"L&#039;actualit\u00e9 au plus pr\u00e8s","publisher":{"@id":"https:\/\/newsestlyonnais.fr\/site\/#organization"},"potentialAction":[{"@type":"SearchAction","target":{"@type":"EntryPoint","urlTemplate":"https:\/\/newsestlyonnais.fr\/site\/?s={search_term_string}"},"query-input":{"@type":"PropertyValueSpecification","valueRequired":true,"valueName":"search_term_string"}}],"inLanguage":"fr-FR"},{"@type":"Organization","@id":"https:\/\/newsestlyonnais.fr\/site\/#organization","name":"News EST LYONNAIS","url":"https:\/\/newsestlyonnais.fr\/site\/","logo":{"@type":"ImageObject","inLanguage":"fr-FR","@id":"https:\/\/newsestlyonnais.fr\/site\/#\/schema\/logo\/image\/","url":"","contentUrl":"","caption":"News EST LYONNAIS"},"image":{"@id":"https:\/\/newsestlyonnais.fr\/site\/#\/schema\/logo\/image\/"}},{"@type":"Person","@id":"https:\/\/newsestlyonnais.fr\/site\/#\/schema\/person\/3230d5615f390bb808365d673001e887","name":"R\u00e9dac. NEWS","sameAs":["http:\/\/www.newsestlyonnais.fr","https:\/\/www.facebook.com\/pascal.oberson.1?fref=ts","https:\/\/fr.linkedin.com\/in\/pascal-oberson-b17045113"],"url":"https:\/\/newsestlyonnais.fr\/site\/author\/nel\/"}]}},"_links":{"self":[{"href":"https:\/\/newsestlyonnais.fr\/site\/wp-json\/wp\/v2\/posts\/154592","targetHints":{"allow":["GET"]}}],"collection":[{"href":"https:\/\/newsestlyonnais.fr\/site\/wp-json\/wp\/v2\/posts"}],"about":[{"href":"https:\/\/newsestlyonnais.fr\/site\/wp-json\/wp\/v2\/types\/post"}],"author":[{"embeddable":true,"href":"https:\/\/newsestlyonnais.fr\/site\/wp-json\/wp\/v2\/users\/4"}],"replies":[{"embeddable":true,"href":"https:\/\/newsestlyonnais.fr\/site\/wp-json\/wp\/v2\/comments?post=154592"}],"version-history":[{"count":0,"href":"https:\/\/newsestlyonnais.fr\/site\/wp-json\/wp\/v2\/posts\/154592\/revisions"}],"wp:featuredmedia":[{"embeddable":true,"href":"https:\/\/newsestlyonnais.fr\/site\/wp-json\/wp\/v2\/media\/101256"}],"wp:attachment":[{"href":"https:\/\/newsestlyonnais.fr\/site\/wp-json\/wp\/v2\/media?parent=154592"}],"wp:term":[{"taxonomy":"category","embeddable":true,"href":"https:\/\/newsestlyonnais.fr\/site\/wp-json\/wp\/v2\/categories?post=154592"},{"taxonomy":"post_tag","embeddable":true,"href":"https:\/\/newsestlyonnais.fr\/site\/wp-json\/wp\/v2\/tags?post=154592"}],"curies":[{"name":"wp","href":"https:\/\/api.w.org\/{rel}","templated":true}]}}