{"id":15472,"date":"2016-11-08T06:24:34","date_gmt":"2016-11-08T05:24:34","guid":{"rendered":"http:\/\/newsestlyonnais.fr\/site\/?p=15472"},"modified":"2020-11-16T14:22:23","modified_gmt":"2020-11-16T13:22:23","slug":"bron-16-prix-litteraire-genets-proclame-samedi-19-novembre","status":"publish","type":"post","link":"https:\/\/newsestlyonnais.fr\/site\/2016\/11\/08\/bron-16-prix-litteraire-genets-proclame-samedi-19-novembre\/","title":{"rendered":"BRON | Le 16\u00b0 Prix litt\u00e9raire des Gen\u00eats proclam\u00e9 samedi 19 Novembre"},"content":{"rendered":"<h4><span style=\"color: #444444; font-family: Arial; font-size: small;\">Pour les amoureux du livre et de la litt\u00e9rature fran\u00e7aise, le Prix litt\u00e9raire des Gen\u00eats est un rendez-vous incontournable !<\/span><\/h4>\n<div>La proclamation du <strong>16\u00b0 PRIX DES GEN\u00caTS<\/strong> , un prix brondillant qui est un clin d\u2019\u0153il aux prix parisiens, se d\u00e9roulera le <span style=\"text-decoration: underline;\">samedi 16 Novembre \u00e0 11 heures \u00e0 l&rsquo;annexe Les Gen\u00eats.<\/span><\/div>\n<div><\/div>\n<div>Le jury de l\u2019Annexe Les Gen\u00eats, compos\u00e9 de six femmes et quatre hommes proclamera son prix litt\u00e9raire choisi parmi 10 livres s\u00e9lectionn\u00e9s par un comit\u00e9 de lecture.<\/div>\n<div><\/div>\n<div><span style=\"text-decoration: underline;\">M\u00e9diath\u00e8que Jean Pr\u00e9vost<\/span>: 2 Place Cumbernauld T\u00e9l. 04.72.36.13.80<\/div>\n<div>\n<div><a href=\"http:\/\/www.mediathequebron.fr\" target=\"_blank\" rel=\"noopener noreferrer\">http:\/\/www.mediathequebron.fr<\/a><\/div>\n<\/div>\n","protected":false},"excerpt":{"rendered":"<p>Pour les amoureux du livre et de la litt\u00e9rature fran\u00e7aise, le Prix litt\u00e9raire des Gen\u00eats est un rendez-vous incontournable ! La proclamation du 16\u00b0 PRIX DES GEN\u00caTS , un prix brondillant qui est un clin d\u2019\u0153il aux prix parisiens, se d\u00e9roulera le samedi 16 Novembre \u00e0 11 heures \u00e0 l&rsquo;annexe Les Gen\u00eats. Le jury de [&hellip;]<\/p>\n","protected":false},"author":4,"featured_media":6901,"comment_status":"open","ping_status":"open","sticky":false,"template":"","format":"standard","meta":{"footnotes":""},"categories":[3003,19,2983],"tags":[],"class_list":["post-15472","post","type-post","status-publish","format-standard","has-post-thumbnail","hentry","category-bibliotheque-mediatheque-mjc","category-bron","category-litterature-bd-mags-2"],"yoast_head":"<!-- This site is optimized with the Yoast SEO plugin v27.2 - https:\/\/yoast.com\/product\/yoast-seo-wordpress\/ -->\n<title>BRON: Le 16\u00b0 Prix litt\u00e9raire des Gen\u00eats sera proclam\u00e9 samedi 19 Novembre<\/title>\n<meta name=\"description\" content=\"BRON: Le 16\u00b0 Prix litt\u00e9raire des Gen\u00eats sera proclam\u00e9 samedi 19 Novembre\" \/>\n<meta name=\"robots\" content=\"index, follow, max-snippet:-1, max-image-preview:large, max-video-preview:-1\" \/>\n<link rel=\"canonical\" href=\"https:\/\/newsestlyonnais.fr\/site\/2016\/11\/08\/bron-16-prix-litteraire-genets-proclame-samedi-19-novembre\/\" \/>\n<meta property=\"og:locale\" content=\"fr_FR\" \/>\n<meta property=\"og:type\" content=\"article\" \/>\n<meta property=\"og:title\" content=\"BRON: Le 16\u00b0 Prix litt\u00e9raire des Gen\u00eats sera proclam\u00e9 samedi 19 Novembre\" \/>\n<meta property=\"og:description\" content=\"BRON: Le 16\u00b0 Prix litt\u00e9raire des Gen\u00eats sera proclam\u00e9 samedi 19 Novembre\" \/>\n<meta property=\"og:url\" content=\"https:\/\/newsestlyonnais.fr\/site\/2016\/11\/08\/bron-16-prix-litteraire-genets-proclame-samedi-19-novembre\/\" \/>\n<meta property=\"og:site_name\" content=\"News Est Lyonnais\" \/>\n<meta property=\"article:author\" content=\"https:\/\/www.facebook.com\/pascal.oberson.1?fref=ts\" \/>\n<meta property=\"article:published_time\" content=\"2016-11-08T05:24:34+00:00\" \/>\n<meta property=\"article:modified_time\" content=\"2020-11-16T13:22:23+00:00\" \/>\n<meta property=\"og:image\" content=\"https:\/\/i0.wp.com\/newsestlyonnais.fr\/site\/wp-content\/uploads\/2016\/04\/NEWSESTLYONNAIS-MEDIATHEQUE.jpg?fit=1000%2C750&ssl=1\" \/>\n\t<meta property=\"og:image:width\" content=\"1000\" \/>\n\t<meta property=\"og:image:height\" content=\"750\" \/>\n\t<meta property=\"og:image:type\" content=\"image\/jpeg\" \/>\n<meta name=\"author\" content=\"R\u00e9dac. NEWS\" \/>\n<meta name=\"twitter:card\" content=\"summary_large_image\" \/>\n<meta name=\"twitter:label1\" content=\"\u00c9crit par\" \/>\n\t<meta name=\"twitter:data1\" content=\"R\u00e9dac. NEWS\" \/>\n<script type=\"application\/ld+json\" class=\"yoast-schema-graph\">{\"@context\":\"https:\/\/schema.org\",\"@graph\":[{\"@type\":\"Article\",\"@id\":\"https:\/\/newsestlyonnais.fr\/site\/2016\/11\/08\/bron-16-prix-litteraire-genets-proclame-samedi-19-novembre\/#article\",\"isPartOf\":{\"@id\":\"https:\/\/newsestlyonnais.fr\/site\/2016\/11\/08\/bron-16-prix-litteraire-genets-proclame-samedi-19-novembre\/\"},\"author\":{\"name\":\"R\u00e9dac. NEWS\",\"@id\":\"https:\/\/newsestlyonnais.fr\/site\/#\/schema\/person\/3230d5615f390bb808365d673001e887\"},\"headline\":\"BRON | Le 16\u00b0 Prix litt\u00e9raire des Gen\u00eats proclam\u00e9 samedi 19 Novembre\",\"datePublished\":\"2016-11-08T05:24:34+00:00\",\"dateModified\":\"2020-11-16T13:22:23+00:00\",\"mainEntityOfPage\":{\"@id\":\"https:\/\/newsestlyonnais.fr\/site\/2016\/11\/08\/bron-16-prix-litteraire-genets-proclame-samedi-19-novembre\/\"},\"wordCount\":110,\"commentCount\":0,\"publisher\":{\"@id\":\"https:\/\/newsestlyonnais.fr\/site\/#organization\"},\"image\":{\"@id\":\"https:\/\/newsestlyonnais.fr\/site\/2016\/11\/08\/bron-16-prix-litteraire-genets-proclame-samedi-19-novembre\/#primaryimage\"},\"thumbnailUrl\":\"https:\/\/newsestlyonnais.fr\/site\/wp-content\/uploads\/2016\/04\/NEWSESTLYONNAIS-MEDIATHEQUE.jpg\",\"articleSection\":[\"Biblioth\u00e8que | M\u00e9diath\u00e8que | MJC\",\"Bron\",\"Litt\u00e9rature | Bd | Mags\"],\"inLanguage\":\"fr-FR\",\"potentialAction\":[{\"@type\":\"CommentAction\",\"name\":\"Comment\",\"target\":[\"https:\/\/newsestlyonnais.fr\/site\/2016\/11\/08\/bron-16-prix-litteraire-genets-proclame-samedi-19-novembre\/#respond\"]}]},{\"@type\":\"WebPage\",\"@id\":\"https:\/\/newsestlyonnais.fr\/site\/2016\/11\/08\/bron-16-prix-litteraire-genets-proclame-samedi-19-novembre\/\",\"url\":\"https:\/\/newsestlyonnais.fr\/site\/2016\/11\/08\/bron-16-prix-litteraire-genets-proclame-samedi-19-novembre\/\",\"name\":\"BRON: Le 16\u00b0 Prix litt\u00e9raire des Gen\u00eats sera proclam\u00e9 samedi 19 Novembre\",\"isPartOf\":{\"@id\":\"https:\/\/newsestlyonnais.fr\/site\/#website\"},\"primaryImageOfPage\":{\"@id\":\"https:\/\/newsestlyonnais.fr\/site\/2016\/11\/08\/bron-16-prix-litteraire-genets-proclame-samedi-19-novembre\/#primaryimage\"},\"image\":{\"@id\":\"https:\/\/newsestlyonnais.fr\/site\/2016\/11\/08\/bron-16-prix-litteraire-genets-proclame-samedi-19-novembre\/#primaryimage\"},\"thumbnailUrl\":\"https:\/\/newsestlyonnais.fr\/site\/wp-content\/uploads\/2016\/04\/NEWSESTLYONNAIS-MEDIATHEQUE.jpg\",\"datePublished\":\"2016-11-08T05:24:34+00:00\",\"dateModified\":\"2020-11-16T13:22:23+00:00\",\"description\":\"BRON: Le 16\u00b0 Prix litt\u00e9raire des Gen\u00eats sera proclam\u00e9 samedi 19 Novembre\",\"breadcrumb\":{\"@id\":\"https:\/\/newsestlyonnais.fr\/site\/2016\/11\/08\/bron-16-prix-litteraire-genets-proclame-samedi-19-novembre\/#breadcrumb\"},\"inLanguage\":\"fr-FR\",\"potentialAction\":[{\"@type\":\"ReadAction\",\"target\":[\"https:\/\/newsestlyonnais.fr\/site\/2016\/11\/08\/bron-16-prix-litteraire-genets-proclame-samedi-19-novembre\/\"]}]},{\"@type\":\"ImageObject\",\"inLanguage\":\"fr-FR\",\"@id\":\"https:\/\/newsestlyonnais.fr\/site\/2016\/11\/08\/bron-16-prix-litteraire-genets-proclame-samedi-19-novembre\/#primaryimage\",\"url\":\"https:\/\/newsestlyonnais.fr\/site\/wp-content\/uploads\/2016\/04\/NEWSESTLYONNAIS-MEDIATHEQUE.jpg\",\"contentUrl\":\"https:\/\/newsestlyonnais.fr\/site\/wp-content\/uploads\/2016\/04\/NEWSESTLYONNAIS-MEDIATHEQUE.jpg\",\"width\":1000,\"height\":750,\"caption\":\"\u00e0 BRON\"},{\"@type\":\"BreadcrumbList\",\"@id\":\"https:\/\/newsestlyonnais.fr\/site\/2016\/11\/08\/bron-16-prix-litteraire-genets-proclame-samedi-19-novembre\/#breadcrumb\",\"itemListElement\":[{\"@type\":\"ListItem\",\"position\":1,\"name\":\"Accueil\",\"item\":\"https:\/\/newsestlyonnais.fr\/site\/\"},{\"@type\":\"ListItem\",\"position\":2,\"name\":\"BRON | Le 16\u00b0 Prix litt\u00e9raire des Gen\u00eats proclam\u00e9 samedi 19 Novembre\"}]},{\"@type\":\"WebSite\",\"@id\":\"https:\/\/newsestlyonnais.fr\/site\/#website\",\"url\":\"https:\/\/newsestlyonnais.fr\/site\/\",\"name\":\"News Est Lyonnais\",\"description\":\"L&#039;actualit\u00e9 au plus pr\u00e8s\",\"publisher\":{\"@id\":\"https:\/\/newsestlyonnais.fr\/site\/#organization\"},\"potentialAction\":[{\"@type\":\"SearchAction\",\"target\":{\"@type\":\"EntryPoint\",\"urlTemplate\":\"https:\/\/newsestlyonnais.fr\/site\/?s={search_term_string}\"},\"query-input\":{\"@type\":\"PropertyValueSpecification\",\"valueRequired\":true,\"valueName\":\"search_term_string\"}}],\"inLanguage\":\"fr-FR\"},{\"@type\":\"Organization\",\"@id\":\"https:\/\/newsestlyonnais.fr\/site\/#organization\",\"name\":\"News EST LYONNAIS\",\"url\":\"https:\/\/newsestlyonnais.fr\/site\/\",\"logo\":{\"@type\":\"ImageObject\",\"inLanguage\":\"fr-FR\",\"@id\":\"https:\/\/newsestlyonnais.fr\/site\/#\/schema\/logo\/image\/\",\"url\":\"\",\"contentUrl\":\"\",\"caption\":\"News EST LYONNAIS\"},\"image\":{\"@id\":\"https:\/\/newsestlyonnais.fr\/site\/#\/schema\/logo\/image\/\"}},{\"@type\":\"Person\",\"@id\":\"https:\/\/newsestlyonnais.fr\/site\/#\/schema\/person\/3230d5615f390bb808365d673001e887\",\"name\":\"R\u00e9dac. NEWS\",\"sameAs\":[\"http:\/\/www.newsestlyonnais.fr\",\"https:\/\/www.facebook.com\/pascal.oberson.1?fref=ts\",\"https:\/\/fr.linkedin.com\/in\/pascal-oberson-b17045113\"],\"url\":\"https:\/\/newsestlyonnais.fr\/site\/author\/nel\/\"}]}<\/script>\n<!-- \/ Yoast SEO plugin. -->","yoast_head_json":{"title":"BRON: Le 16\u00b0 Prix litt\u00e9raire des Gen\u00eats sera proclam\u00e9 samedi 19 Novembre","description":"BRON: Le 16\u00b0 Prix litt\u00e9raire des Gen\u00eats sera proclam\u00e9 samedi 19 Novembre","robots":{"index":"index","follow":"follow","max-snippet":"max-snippet:-1","max-image-preview":"max-image-preview:large","max-video-preview":"max-video-preview:-1"},"canonical":"https:\/\/newsestlyonnais.fr\/site\/2016\/11\/08\/bron-16-prix-litteraire-genets-proclame-samedi-19-novembre\/","og_locale":"fr_FR","og_type":"article","og_title":"BRON: Le 16\u00b0 Prix litt\u00e9raire des Gen\u00eats sera proclam\u00e9 samedi 19 Novembre","og_description":"BRON: Le 16\u00b0 Prix litt\u00e9raire des Gen\u00eats sera proclam\u00e9 samedi 19 Novembre","og_url":"https:\/\/newsestlyonnais.fr\/site\/2016\/11\/08\/bron-16-prix-litteraire-genets-proclame-samedi-19-novembre\/","og_site_name":"News Est Lyonnais","article_author":"https:\/\/www.facebook.com\/pascal.oberson.1?fref=ts","article_published_time":"2016-11-08T05:24:34+00:00","article_modified_time":"2020-11-16T13:22:23+00:00","og_image":[{"width":1000,"height":750,"url":"https:\/\/i0.wp.com\/newsestlyonnais.fr\/site\/wp-content\/uploads\/2016\/04\/NEWSESTLYONNAIS-MEDIATHEQUE.jpg?fit=1000%2C750&ssl=1","type":"image\/jpeg"}],"author":"R\u00e9dac. NEWS","twitter_card":"summary_large_image","twitter_misc":{"\u00c9crit par":"R\u00e9dac. NEWS"},"schema":{"@context":"https:\/\/schema.org","@graph":[{"@type":"Article","@id":"https:\/\/newsestlyonnais.fr\/site\/2016\/11\/08\/bron-16-prix-litteraire-genets-proclame-samedi-19-novembre\/#article","isPartOf":{"@id":"https:\/\/newsestlyonnais.fr\/site\/2016\/11\/08\/bron-16-prix-litteraire-genets-proclame-samedi-19-novembre\/"},"author":{"name":"R\u00e9dac. NEWS","@id":"https:\/\/newsestlyonnais.fr\/site\/#\/schema\/person\/3230d5615f390bb808365d673001e887"},"headline":"BRON | Le 16\u00b0 Prix litt\u00e9raire des Gen\u00eats proclam\u00e9 samedi 19 Novembre","datePublished":"2016-11-08T05:24:34+00:00","dateModified":"2020-11-16T13:22:23+00:00","mainEntityOfPage":{"@id":"https:\/\/newsestlyonnais.fr\/site\/2016\/11\/08\/bron-16-prix-litteraire-genets-proclame-samedi-19-novembre\/"},"wordCount":110,"commentCount":0,"publisher":{"@id":"https:\/\/newsestlyonnais.fr\/site\/#organization"},"image":{"@id":"https:\/\/newsestlyonnais.fr\/site\/2016\/11\/08\/bron-16-prix-litteraire-genets-proclame-samedi-19-novembre\/#primaryimage"},"thumbnailUrl":"https:\/\/newsestlyonnais.fr\/site\/wp-content\/uploads\/2016\/04\/NEWSESTLYONNAIS-MEDIATHEQUE.jpg","articleSection":["Biblioth\u00e8que | M\u00e9diath\u00e8que | MJC","Bron","Litt\u00e9rature | Bd | Mags"],"inLanguage":"fr-FR","potentialAction":[{"@type":"CommentAction","name":"Comment","target":["https:\/\/newsestlyonnais.fr\/site\/2016\/11\/08\/bron-16-prix-litteraire-genets-proclame-samedi-19-novembre\/#respond"]}]},{"@type":"WebPage","@id":"https:\/\/newsestlyonnais.fr\/site\/2016\/11\/08\/bron-16-prix-litteraire-genets-proclame-samedi-19-novembre\/","url":"https:\/\/newsestlyonnais.fr\/site\/2016\/11\/08\/bron-16-prix-litteraire-genets-proclame-samedi-19-novembre\/","name":"BRON: Le 16\u00b0 Prix litt\u00e9raire des Gen\u00eats sera proclam\u00e9 samedi 19 Novembre","isPartOf":{"@id":"https:\/\/newsestlyonnais.fr\/site\/#website"},"primaryImageOfPage":{"@id":"https:\/\/newsestlyonnais.fr\/site\/2016\/11\/08\/bron-16-prix-litteraire-genets-proclame-samedi-19-novembre\/#primaryimage"},"image":{"@id":"https:\/\/newsestlyonnais.fr\/site\/2016\/11\/08\/bron-16-prix-litteraire-genets-proclame-samedi-19-novembre\/#primaryimage"},"thumbnailUrl":"https:\/\/newsestlyonnais.fr\/site\/wp-content\/uploads\/2016\/04\/NEWSESTLYONNAIS-MEDIATHEQUE.jpg","datePublished":"2016-11-08T05:24:34+00:00","dateModified":"2020-11-16T13:22:23+00:00","description":"BRON: Le 16\u00b0 Prix litt\u00e9raire des Gen\u00eats sera proclam\u00e9 samedi 19 Novembre","breadcrumb":{"@id":"https:\/\/newsestlyonnais.fr\/site\/2016\/11\/08\/bron-16-prix-litteraire-genets-proclame-samedi-19-novembre\/#breadcrumb"},"inLanguage":"fr-FR","potentialAction":[{"@type":"ReadAction","target":["https:\/\/newsestlyonnais.fr\/site\/2016\/11\/08\/bron-16-prix-litteraire-genets-proclame-samedi-19-novembre\/"]}]},{"@type":"ImageObject","inLanguage":"fr-FR","@id":"https:\/\/newsestlyonnais.fr\/site\/2016\/11\/08\/bron-16-prix-litteraire-genets-proclame-samedi-19-novembre\/#primaryimage","url":"https:\/\/newsestlyonnais.fr\/site\/wp-content\/uploads\/2016\/04\/NEWSESTLYONNAIS-MEDIATHEQUE.jpg","contentUrl":"https:\/\/newsestlyonnais.fr\/site\/wp-content\/uploads\/2016\/04\/NEWSESTLYONNAIS-MEDIATHEQUE.jpg","width":1000,"height":750,"caption":"\u00e0 BRON"},{"@type":"BreadcrumbList","@id":"https:\/\/newsestlyonnais.fr\/site\/2016\/11\/08\/bron-16-prix-litteraire-genets-proclame-samedi-19-novembre\/#breadcrumb","itemListElement":[{"@type":"ListItem","position":1,"name":"Accueil","item":"https:\/\/newsestlyonnais.fr\/site\/"},{"@type":"ListItem","position":2,"name":"BRON | Le 16\u00b0 Prix litt\u00e9raire des Gen\u00eats proclam\u00e9 samedi 19 Novembre"}]},{"@type":"WebSite","@id":"https:\/\/newsestlyonnais.fr\/site\/#website","url":"https:\/\/newsestlyonnais.fr\/site\/","name":"News Est Lyonnais","description":"L&#039;actualit\u00e9 au plus pr\u00e8s","publisher":{"@id":"https:\/\/newsestlyonnais.fr\/site\/#organization"},"potentialAction":[{"@type":"SearchAction","target":{"@type":"EntryPoint","urlTemplate":"https:\/\/newsestlyonnais.fr\/site\/?s={search_term_string}"},"query-input":{"@type":"PropertyValueSpecification","valueRequired":true,"valueName":"search_term_string"}}],"inLanguage":"fr-FR"},{"@type":"Organization","@id":"https:\/\/newsestlyonnais.fr\/site\/#organization","name":"News EST LYONNAIS","url":"https:\/\/newsestlyonnais.fr\/site\/","logo":{"@type":"ImageObject","inLanguage":"fr-FR","@id":"https:\/\/newsestlyonnais.fr\/site\/#\/schema\/logo\/image\/","url":"","contentUrl":"","caption":"News EST LYONNAIS"},"image":{"@id":"https:\/\/newsestlyonnais.fr\/site\/#\/schema\/logo\/image\/"}},{"@type":"Person","@id":"https:\/\/newsestlyonnais.fr\/site\/#\/schema\/person\/3230d5615f390bb808365d673001e887","name":"R\u00e9dac. NEWS","sameAs":["http:\/\/www.newsestlyonnais.fr","https:\/\/www.facebook.com\/pascal.oberson.1?fref=ts","https:\/\/fr.linkedin.com\/in\/pascal-oberson-b17045113"],"url":"https:\/\/newsestlyonnais.fr\/site\/author\/nel\/"}]}},"_links":{"self":[{"href":"https:\/\/newsestlyonnais.fr\/site\/wp-json\/wp\/v2\/posts\/15472","targetHints":{"allow":["GET"]}}],"collection":[{"href":"https:\/\/newsestlyonnais.fr\/site\/wp-json\/wp\/v2\/posts"}],"about":[{"href":"https:\/\/newsestlyonnais.fr\/site\/wp-json\/wp\/v2\/types\/post"}],"author":[{"embeddable":true,"href":"https:\/\/newsestlyonnais.fr\/site\/wp-json\/wp\/v2\/users\/4"}],"replies":[{"embeddable":true,"href":"https:\/\/newsestlyonnais.fr\/site\/wp-json\/wp\/v2\/comments?post=15472"}],"version-history":[{"count":0,"href":"https:\/\/newsestlyonnais.fr\/site\/wp-json\/wp\/v2\/posts\/15472\/revisions"}],"wp:featuredmedia":[{"embeddable":true,"href":"https:\/\/newsestlyonnais.fr\/site\/wp-json\/wp\/v2\/media\/6901"}],"wp:attachment":[{"href":"https:\/\/newsestlyonnais.fr\/site\/wp-json\/wp\/v2\/media?parent=15472"}],"wp:term":[{"taxonomy":"category","embeddable":true,"href":"https:\/\/newsestlyonnais.fr\/site\/wp-json\/wp\/v2\/categories?post=15472"},{"taxonomy":"post_tag","embeddable":true,"href":"https:\/\/newsestlyonnais.fr\/site\/wp-json\/wp\/v2\/tags?post=15472"}],"curies":[{"name":"wp","href":"https:\/\/api.w.org\/{rel}","templated":true}]}}