{"id":154735,"date":"2022-05-10T05:49:58","date_gmt":"2022-05-10T04:49:58","guid":{"rendered":"https:\/\/newsestlyonnais.fr\/site\/?p=154735"},"modified":"2022-05-16T14:20:58","modified_gmt":"2022-05-16T13:20:58","slug":"bron-lactualite-de-la-commune","status":"publish","type":"post","link":"https:\/\/newsestlyonnais.fr\/site\/2022\/05\/10\/bron-lactualite-de-la-commune\/","title":{"rendered":"BRON | L&rsquo;actualit\u00e9 de la commune"},"content":{"rendered":"<p><span style=\"font-family: Arial,Helvetica,sans-serif;\"><span style=\"background-color: #000000; color: #ffffff;\"><b><span style=\"font-size: 14pt;\">Signature du label \u201cUnicef-Ville amie des enfants\u201d<\/span> <\/b><\/span>renouvel\u00e9 jusqu\u2019en 2026 ce <span style=\"color: #000000;\">mercredi 11 mai 2022 \u00e0 14 heures, au parc Rosa Parks, 40-32 rue Marcel-Bramet<\/span><\/span><span style=\"font-family: Arial,Helvetica,sans-serif;\"><span style=\"color: #000000;\"> \u00e0 Terraillon<\/span>, dans le cadre de la 5<sup>e<\/sup> \u00e9dition d\u2019UNIday, \u00e9v\u00e9nement festif de l\u2019Unicef, qui a pour but de c\u00e9l\u00e9brer les droits de l\u2019enfant et l\u2019engagement des jeunes partout en France.<\/span><\/p>\n<p><span style=\"font-family: Arial,Helvetica,sans-serif;\">Seront pr\u00e9sents : Claude Ducos-Merial, Pr\u00e9sidente du Comit\u00e9 du Rh\u00f4ne pour l\u2019Unicef, J\u00e9r\u00e9mie Br\u00e9aud, Maire de Bron, Conseiller r\u00e9gional d\u00e9l\u00e9gu\u00e9 aux Grands \u00c9v\u00e8nements, et Fran\u00e7ois-Xavier P\u00e9nicaud, Adjoint d\u00e9l\u00e9gu\u00e9 \u00e0 l\u2019\u00c9ducation.<\/span><\/p>\n<hr \/>\n<p><b><span style=\"background-color: #000000; color: #ffffff;\"><span style=\"font-size: 14pt;\">Inauguration des nouveaux vitraux de l\u2019Eglise Saint-Denis,<\/span> <span style=\"background-color: #ffffff; color: #000000;\">apr\u00e8s plusieurs reports li\u00e9s au contexte sanitaire,<\/span><\/span><\/b>s<span style=\"color: #000000;\">amedi 14 mai \u00e0 11 h, en l&rsquo;Eglise, place Curial.<\/span><\/p>\n<p>C\u00e9r\u00e9monie en pr\u00e9sence des participants \u00e0 ce projet lanc\u00e9 en 2018, ma\u00eetres-verriers, photographe, association Dauphi-Bron, Commission Dioc\u00e9saine d\u2019Art Sacr\u00e9 de Lyon, \u00e9quipe paroissiale, ainsi que du Maire de Bron, J\u00e9r\u00e9mie Br\u00e9aud. La c\u00e9r\u00e9monie sera rythm\u00e9e par les interludes musicaux &#8211; duo clarinettes et hautbois &#8211; de l&rsquo;Harmonie La Glaneuse. Venez d\u00e9couvrir ces 13 pi\u00e8ces qui apportent une nouvelle force \u00e0 l\u2019Eglise !<\/p>\n<hr \/>\n<p><span style=\"background-color: #000000; color: #ffffff; font-size: 14pt;\"><strong>Comp\u00e9tition d&rsquo;escrime &lsquo;Duel en Duo\u00a0\u00bb<\/strong><\/span><\/p>\n<p>Organis\u00e9e par l&rsquo;Acad\u00e9mie d&rsquo;Escrime de Bron, samedi 14 et dimanche 15 mai au gymnase Tola Vologe.<\/p>\n<p><img loading=\"lazy\" decoding=\"async\" class=\"aligncenter size-large wp-image-154740\" src=\"https:\/\/newsestlyonnais.fr\/site\/wp-content\/uploads\/2022\/05\/NEWSESTLYONNAIS-COMPET-ESCRIME-650x459.jpg\" alt=\"\" width=\"650\" height=\"459\" srcset=\"https:\/\/newsestlyonnais.fr\/site\/wp-content\/uploads\/2022\/05\/NEWSESTLYONNAIS-COMPET-ESCRIME-650x459.jpg 650w, https:\/\/newsestlyonnais.fr\/site\/wp-content\/uploads\/2022\/05\/NEWSESTLYONNAIS-COMPET-ESCRIME-400x283.jpg 400w, https:\/\/newsestlyonnais.fr\/site\/wp-content\/uploads\/2022\/05\/NEWSESTLYONNAIS-COMPET-ESCRIME-250x177.jpg 250w, https:\/\/newsestlyonnais.fr\/site\/wp-content\/uploads\/2022\/05\/NEWSESTLYONNAIS-COMPET-ESCRIME-768x543.jpg 768w, https:\/\/newsestlyonnais.fr\/site\/wp-content\/uploads\/2022\/05\/NEWSESTLYONNAIS-COMPET-ESCRIME-150x106.jpg 150w, https:\/\/newsestlyonnais.fr\/site\/wp-content\/uploads\/2022\/05\/NEWSESTLYONNAIS-COMPET-ESCRIME-50x35.jpg 50w, https:\/\/newsestlyonnais.fr\/site\/wp-content\/uploads\/2022\/05\/NEWSESTLYONNAIS-COMPET-ESCRIME-100x71.jpg 100w, https:\/\/newsestlyonnais.fr\/site\/wp-content\/uploads\/2022\/05\/NEWSESTLYONNAIS-COMPET-ESCRIME-200x141.jpg 200w, https:\/\/newsestlyonnais.fr\/site\/wp-content\/uploads\/2022\/05\/NEWSESTLYONNAIS-COMPET-ESCRIME-300x212.jpg 300w, https:\/\/newsestlyonnais.fr\/site\/wp-content\/uploads\/2022\/05\/NEWSESTLYONNAIS-COMPET-ESCRIME-350x247.jpg 350w, https:\/\/newsestlyonnais.fr\/site\/wp-content\/uploads\/2022\/05\/NEWSESTLYONNAIS-COMPET-ESCRIME-450x318.jpg 450w, https:\/\/newsestlyonnais.fr\/site\/wp-content\/uploads\/2022\/05\/NEWSESTLYONNAIS-COMPET-ESCRIME-500x353.jpg 500w, https:\/\/newsestlyonnais.fr\/site\/wp-content\/uploads\/2022\/05\/NEWSESTLYONNAIS-COMPET-ESCRIME-550x389.jpg 550w, https:\/\/newsestlyonnais.fr\/site\/wp-content\/uploads\/2022\/05\/NEWSESTLYONNAIS-COMPET-ESCRIME-800x565.jpg 800w, https:\/\/newsestlyonnais.fr\/site\/wp-content\/uploads\/2022\/05\/NEWSESTLYONNAIS-COMPET-ESCRIME.jpg 1200w\" sizes=\"auto, (max-width: 650px) 100vw, 650px\" \/><\/p>\n<hr \/>\n<hr \/>\n<p><span style=\"background-color: #000000; color: #ffffff;\"><em><strong>PHOTO A LA UNE<\/strong><\/em><\/span> &gt; l&rsquo;Eglise Saint-Denis avec ses nouveaux vitraux \/ copyright Mathias Ridde &#8211; Ville de Bron, non libre de droit.<\/p>\n<hr \/>\n<p>&nbsp;<\/p>\n","protected":false},"excerpt":{"rendered":"<p>Inauguration de nouveaux vitraux, signature du label \u201cUnicef-Ville amie des enfants\u201d et comp\u00e9tition d&rsquo;escrime &lsquo;Duel en Duo\u00a0\u00bb sont les prochains \u00e9v\u00e8nements locaux \u00e0 signaler.<\/p>\n","protected":false},"author":4,"featured_media":154738,"comment_status":"open","ping_status":"open","sticky":false,"template":"","format":"standard","meta":{"footnotes":""},"categories":[3000,19,171,1219,18,172],"tags":[],"class_list":["post-154735","post","type-post","status-publish","format-standard","has-post-thumbnail","hentry","category-billard-echecs-escrime","category-bron","category-enfance-jeunesse","category-religion-seniors-souvenir","category-sante-bien-etre-solidarite","category-travaux-amenagements"],"yoast_head":"<!-- This site is optimized with the Yoast SEO plugin v27.2 - https:\/\/yoast.com\/product\/yoast-seo-wordpress\/ -->\n<title>BRON | L&#039;actualit\u00e9 de la commune - News Est Lyonnais<\/title>\n<meta name=\"description\" content=\"BRON | L&#039;actualit\u00e9 de la commune\" \/>\n<meta name=\"robots\" content=\"index, follow, max-snippet:-1, max-image-preview:large, max-video-preview:-1\" \/>\n<link rel=\"canonical\" href=\"https:\/\/newsestlyonnais.fr\/site\/2022\/05\/10\/bron-lactualite-de-la-commune\/\" \/>\n<meta property=\"og:locale\" content=\"fr_FR\" \/>\n<meta property=\"og:type\" content=\"article\" \/>\n<meta property=\"og:title\" content=\"BRON | L&#039;actualit\u00e9 de la commune - News Est Lyonnais\" \/>\n<meta property=\"og:description\" content=\"BRON | L&#039;actualit\u00e9 de la commune\" \/>\n<meta property=\"og:url\" content=\"https:\/\/newsestlyonnais.fr\/site\/2022\/05\/10\/bron-lactualite-de-la-commune\/\" \/>\n<meta property=\"og:site_name\" content=\"News Est Lyonnais\" \/>\n<meta property=\"article:author\" content=\"https:\/\/www.facebook.com\/pascal.oberson.1?fref=ts\" \/>\n<meta property=\"article:published_time\" content=\"2022-05-10T04:49:58+00:00\" \/>\n<meta property=\"article:modified_time\" content=\"2022-05-16T13:20:58+00:00\" \/>\n<meta property=\"og:image\" content=\"https:\/\/newsestlyonnais.fr\/site\/wp-content\/uploads\/2022\/05\/VITRAUXEGLISESAINTDENISBRONweb2.jpg\" \/>\n\t<meta property=\"og:image:width\" content=\"1200\" \/>\n\t<meta property=\"og:image:height\" content=\"800\" \/>\n\t<meta property=\"og:image:type\" content=\"image\/jpeg\" \/>\n<meta name=\"author\" content=\"R\u00e9dac. NEWS\" \/>\n<meta name=\"twitter:card\" content=\"summary_large_image\" \/>\n<meta name=\"twitter:label1\" content=\"\u00c9crit par\" \/>\n\t<meta name=\"twitter:data1\" content=\"R\u00e9dac. NEWS\" \/>\n\t<meta name=\"twitter:label2\" content=\"Dur\u00e9e de lecture estim\u00e9e\" \/>\n\t<meta name=\"twitter:data2\" content=\"2 minutes\" \/>\n<script type=\"application\/ld+json\" class=\"yoast-schema-graph\">{\"@context\":\"https:\/\/schema.org\",\"@graph\":[{\"@type\":\"Article\",\"@id\":\"https:\/\/newsestlyonnais.fr\/site\/2022\/05\/10\/bron-lactualite-de-la-commune\/#article\",\"isPartOf\":{\"@id\":\"https:\/\/newsestlyonnais.fr\/site\/2022\/05\/10\/bron-lactualite-de-la-commune\/\"},\"author\":{\"name\":\"R\u00e9dac. NEWS\",\"@id\":\"https:\/\/newsestlyonnais.fr\/site\/#\/schema\/person\/3230d5615f390bb808365d673001e887\"},\"headline\":\"BRON | L&rsquo;actualit\u00e9 de la commune\",\"datePublished\":\"2022-05-10T04:49:58+00:00\",\"dateModified\":\"2022-05-16T13:20:58+00:00\",\"mainEntityOfPage\":{\"@id\":\"https:\/\/newsestlyonnais.fr\/site\/2022\/05\/10\/bron-lactualite-de-la-commune\/\"},\"wordCount\":255,\"commentCount\":0,\"publisher\":{\"@id\":\"https:\/\/newsestlyonnais.fr\/site\/#organization\"},\"image\":{\"@id\":\"https:\/\/newsestlyonnais.fr\/site\/2022\/05\/10\/bron-lactualite-de-la-commune\/#primaryimage\"},\"thumbnailUrl\":\"https:\/\/newsestlyonnais.fr\/site\/wp-content\/uploads\/2022\/05\/VITRAUXEGLISESAINTDENISBRONweb2.jpg\",\"articleSection\":[\"Billard | Echecs | Escrime\",\"Bron\",\"Enfance | Jeunesse\",\"Religion | Seniors | Souvenir\",\"Sant\u00e9 | Bien Etre | Solidarit\u00e9\",\"Travaux | Am\u00e9nagements\"],\"inLanguage\":\"fr-FR\",\"potentialAction\":[{\"@type\":\"CommentAction\",\"name\":\"Comment\",\"target\":[\"https:\/\/newsestlyonnais.fr\/site\/2022\/05\/10\/bron-lactualite-de-la-commune\/#respond\"]}]},{\"@type\":\"WebPage\",\"@id\":\"https:\/\/newsestlyonnais.fr\/site\/2022\/05\/10\/bron-lactualite-de-la-commune\/\",\"url\":\"https:\/\/newsestlyonnais.fr\/site\/2022\/05\/10\/bron-lactualite-de-la-commune\/\",\"name\":\"BRON | L'actualit\u00e9 de la commune - News Est Lyonnais\",\"isPartOf\":{\"@id\":\"https:\/\/newsestlyonnais.fr\/site\/#website\"},\"primaryImageOfPage\":{\"@id\":\"https:\/\/newsestlyonnais.fr\/site\/2022\/05\/10\/bron-lactualite-de-la-commune\/#primaryimage\"},\"image\":{\"@id\":\"https:\/\/newsestlyonnais.fr\/site\/2022\/05\/10\/bron-lactualite-de-la-commune\/#primaryimage\"},\"thumbnailUrl\":\"https:\/\/newsestlyonnais.fr\/site\/wp-content\/uploads\/2022\/05\/VITRAUXEGLISESAINTDENISBRONweb2.jpg\",\"datePublished\":\"2022-05-10T04:49:58+00:00\",\"dateModified\":\"2022-05-16T13:20:58+00:00\",\"description\":\"BRON | L'actualit\u00e9 de la commune\",\"breadcrumb\":{\"@id\":\"https:\/\/newsestlyonnais.fr\/site\/2022\/05\/10\/bron-lactualite-de-la-commune\/#breadcrumb\"},\"inLanguage\":\"fr-FR\",\"potentialAction\":[{\"@type\":\"ReadAction\",\"target\":[\"https:\/\/newsestlyonnais.fr\/site\/2022\/05\/10\/bron-lactualite-de-la-commune\/\"]}]},{\"@type\":\"ImageObject\",\"inLanguage\":\"fr-FR\",\"@id\":\"https:\/\/newsestlyonnais.fr\/site\/2022\/05\/10\/bron-lactualite-de-la-commune\/#primaryimage\",\"url\":\"https:\/\/newsestlyonnais.fr\/site\/wp-content\/uploads\/2022\/05\/VITRAUXEGLISESAINTDENISBRONweb2.jpg\",\"contentUrl\":\"https:\/\/newsestlyonnais.fr\/site\/wp-content\/uploads\/2022\/05\/VITRAUXEGLISESAINTDENISBRONweb2.jpg\",\"width\":1200,\"height\":800},{\"@type\":\"BreadcrumbList\",\"@id\":\"https:\/\/newsestlyonnais.fr\/site\/2022\/05\/10\/bron-lactualite-de-la-commune\/#breadcrumb\",\"itemListElement\":[{\"@type\":\"ListItem\",\"position\":1,\"name\":\"Accueil\",\"item\":\"https:\/\/newsestlyonnais.fr\/site\/\"},{\"@type\":\"ListItem\",\"position\":2,\"name\":\"BRON | L&rsquo;actualit\u00e9 de la commune\"}]},{\"@type\":\"WebSite\",\"@id\":\"https:\/\/newsestlyonnais.fr\/site\/#website\",\"url\":\"https:\/\/newsestlyonnais.fr\/site\/\",\"name\":\"News Est Lyonnais\",\"description\":\"L&#039;actualit\u00e9 au plus pr\u00e8s\",\"publisher\":{\"@id\":\"https:\/\/newsestlyonnais.fr\/site\/#organization\"},\"potentialAction\":[{\"@type\":\"SearchAction\",\"target\":{\"@type\":\"EntryPoint\",\"urlTemplate\":\"https:\/\/newsestlyonnais.fr\/site\/?s={search_term_string}\"},\"query-input\":{\"@type\":\"PropertyValueSpecification\",\"valueRequired\":true,\"valueName\":\"search_term_string\"}}],\"inLanguage\":\"fr-FR\"},{\"@type\":\"Organization\",\"@id\":\"https:\/\/newsestlyonnais.fr\/site\/#organization\",\"name\":\"News EST LYONNAIS\",\"url\":\"https:\/\/newsestlyonnais.fr\/site\/\",\"logo\":{\"@type\":\"ImageObject\",\"inLanguage\":\"fr-FR\",\"@id\":\"https:\/\/newsestlyonnais.fr\/site\/#\/schema\/logo\/image\/\",\"url\":\"\",\"contentUrl\":\"\",\"caption\":\"News EST LYONNAIS\"},\"image\":{\"@id\":\"https:\/\/newsestlyonnais.fr\/site\/#\/schema\/logo\/image\/\"}},{\"@type\":\"Person\",\"@id\":\"https:\/\/newsestlyonnais.fr\/site\/#\/schema\/person\/3230d5615f390bb808365d673001e887\",\"name\":\"R\u00e9dac. NEWS\",\"sameAs\":[\"http:\/\/www.newsestlyonnais.fr\",\"https:\/\/www.facebook.com\/pascal.oberson.1?fref=ts\",\"https:\/\/fr.linkedin.com\/in\/pascal-oberson-b17045113\"],\"url\":\"https:\/\/newsestlyonnais.fr\/site\/author\/nel\/\"}]}<\/script>\n<!-- \/ Yoast SEO plugin. -->","yoast_head_json":{"title":"BRON | L'actualit\u00e9 de la commune - News Est Lyonnais","description":"BRON | L'actualit\u00e9 de la commune","robots":{"index":"index","follow":"follow","max-snippet":"max-snippet:-1","max-image-preview":"max-image-preview:large","max-video-preview":"max-video-preview:-1"},"canonical":"https:\/\/newsestlyonnais.fr\/site\/2022\/05\/10\/bron-lactualite-de-la-commune\/","og_locale":"fr_FR","og_type":"article","og_title":"BRON | L'actualit\u00e9 de la commune - News Est Lyonnais","og_description":"BRON | L'actualit\u00e9 de la commune","og_url":"https:\/\/newsestlyonnais.fr\/site\/2022\/05\/10\/bron-lactualite-de-la-commune\/","og_site_name":"News Est Lyonnais","article_author":"https:\/\/www.facebook.com\/pascal.oberson.1?fref=ts","article_published_time":"2022-05-10T04:49:58+00:00","article_modified_time":"2022-05-16T13:20:58+00:00","og_image":[{"width":1200,"height":800,"url":"https:\/\/newsestlyonnais.fr\/site\/wp-content\/uploads\/2022\/05\/VITRAUXEGLISESAINTDENISBRONweb2.jpg","type":"image\/jpeg"}],"author":"R\u00e9dac. NEWS","twitter_card":"summary_large_image","twitter_misc":{"\u00c9crit par":"R\u00e9dac. NEWS","Dur\u00e9e de lecture estim\u00e9e":"2 minutes"},"schema":{"@context":"https:\/\/schema.org","@graph":[{"@type":"Article","@id":"https:\/\/newsestlyonnais.fr\/site\/2022\/05\/10\/bron-lactualite-de-la-commune\/#article","isPartOf":{"@id":"https:\/\/newsestlyonnais.fr\/site\/2022\/05\/10\/bron-lactualite-de-la-commune\/"},"author":{"name":"R\u00e9dac. NEWS","@id":"https:\/\/newsestlyonnais.fr\/site\/#\/schema\/person\/3230d5615f390bb808365d673001e887"},"headline":"BRON | L&rsquo;actualit\u00e9 de la commune","datePublished":"2022-05-10T04:49:58+00:00","dateModified":"2022-05-16T13:20:58+00:00","mainEntityOfPage":{"@id":"https:\/\/newsestlyonnais.fr\/site\/2022\/05\/10\/bron-lactualite-de-la-commune\/"},"wordCount":255,"commentCount":0,"publisher":{"@id":"https:\/\/newsestlyonnais.fr\/site\/#organization"},"image":{"@id":"https:\/\/newsestlyonnais.fr\/site\/2022\/05\/10\/bron-lactualite-de-la-commune\/#primaryimage"},"thumbnailUrl":"https:\/\/newsestlyonnais.fr\/site\/wp-content\/uploads\/2022\/05\/VITRAUXEGLISESAINTDENISBRONweb2.jpg","articleSection":["Billard | Echecs | Escrime","Bron","Enfance | Jeunesse","Religion | Seniors | Souvenir","Sant\u00e9 | Bien Etre | Solidarit\u00e9","Travaux | Am\u00e9nagements"],"inLanguage":"fr-FR","potentialAction":[{"@type":"CommentAction","name":"Comment","target":["https:\/\/newsestlyonnais.fr\/site\/2022\/05\/10\/bron-lactualite-de-la-commune\/#respond"]}]},{"@type":"WebPage","@id":"https:\/\/newsestlyonnais.fr\/site\/2022\/05\/10\/bron-lactualite-de-la-commune\/","url":"https:\/\/newsestlyonnais.fr\/site\/2022\/05\/10\/bron-lactualite-de-la-commune\/","name":"BRON | L'actualit\u00e9 de la commune - News Est Lyonnais","isPartOf":{"@id":"https:\/\/newsestlyonnais.fr\/site\/#website"},"primaryImageOfPage":{"@id":"https:\/\/newsestlyonnais.fr\/site\/2022\/05\/10\/bron-lactualite-de-la-commune\/#primaryimage"},"image":{"@id":"https:\/\/newsestlyonnais.fr\/site\/2022\/05\/10\/bron-lactualite-de-la-commune\/#primaryimage"},"thumbnailUrl":"https:\/\/newsestlyonnais.fr\/site\/wp-content\/uploads\/2022\/05\/VITRAUXEGLISESAINTDENISBRONweb2.jpg","datePublished":"2022-05-10T04:49:58+00:00","dateModified":"2022-05-16T13:20:58+00:00","description":"BRON | L'actualit\u00e9 de la commune","breadcrumb":{"@id":"https:\/\/newsestlyonnais.fr\/site\/2022\/05\/10\/bron-lactualite-de-la-commune\/#breadcrumb"},"inLanguage":"fr-FR","potentialAction":[{"@type":"ReadAction","target":["https:\/\/newsestlyonnais.fr\/site\/2022\/05\/10\/bron-lactualite-de-la-commune\/"]}]},{"@type":"ImageObject","inLanguage":"fr-FR","@id":"https:\/\/newsestlyonnais.fr\/site\/2022\/05\/10\/bron-lactualite-de-la-commune\/#primaryimage","url":"https:\/\/newsestlyonnais.fr\/site\/wp-content\/uploads\/2022\/05\/VITRAUXEGLISESAINTDENISBRONweb2.jpg","contentUrl":"https:\/\/newsestlyonnais.fr\/site\/wp-content\/uploads\/2022\/05\/VITRAUXEGLISESAINTDENISBRONweb2.jpg","width":1200,"height":800},{"@type":"BreadcrumbList","@id":"https:\/\/newsestlyonnais.fr\/site\/2022\/05\/10\/bron-lactualite-de-la-commune\/#breadcrumb","itemListElement":[{"@type":"ListItem","position":1,"name":"Accueil","item":"https:\/\/newsestlyonnais.fr\/site\/"},{"@type":"ListItem","position":2,"name":"BRON | L&rsquo;actualit\u00e9 de la commune"}]},{"@type":"WebSite","@id":"https:\/\/newsestlyonnais.fr\/site\/#website","url":"https:\/\/newsestlyonnais.fr\/site\/","name":"News Est Lyonnais","description":"L&#039;actualit\u00e9 au plus pr\u00e8s","publisher":{"@id":"https:\/\/newsestlyonnais.fr\/site\/#organization"},"potentialAction":[{"@type":"SearchAction","target":{"@type":"EntryPoint","urlTemplate":"https:\/\/newsestlyonnais.fr\/site\/?s={search_term_string}"},"query-input":{"@type":"PropertyValueSpecification","valueRequired":true,"valueName":"search_term_string"}}],"inLanguage":"fr-FR"},{"@type":"Organization","@id":"https:\/\/newsestlyonnais.fr\/site\/#organization","name":"News EST LYONNAIS","url":"https:\/\/newsestlyonnais.fr\/site\/","logo":{"@type":"ImageObject","inLanguage":"fr-FR","@id":"https:\/\/newsestlyonnais.fr\/site\/#\/schema\/logo\/image\/","url":"","contentUrl":"","caption":"News EST LYONNAIS"},"image":{"@id":"https:\/\/newsestlyonnais.fr\/site\/#\/schema\/logo\/image\/"}},{"@type":"Person","@id":"https:\/\/newsestlyonnais.fr\/site\/#\/schema\/person\/3230d5615f390bb808365d673001e887","name":"R\u00e9dac. NEWS","sameAs":["http:\/\/www.newsestlyonnais.fr","https:\/\/www.facebook.com\/pascal.oberson.1?fref=ts","https:\/\/fr.linkedin.com\/in\/pascal-oberson-b17045113"],"url":"https:\/\/newsestlyonnais.fr\/site\/author\/nel\/"}]}},"_links":{"self":[{"href":"https:\/\/newsestlyonnais.fr\/site\/wp-json\/wp\/v2\/posts\/154735","targetHints":{"allow":["GET"]}}],"collection":[{"href":"https:\/\/newsestlyonnais.fr\/site\/wp-json\/wp\/v2\/posts"}],"about":[{"href":"https:\/\/newsestlyonnais.fr\/site\/wp-json\/wp\/v2\/types\/post"}],"author":[{"embeddable":true,"href":"https:\/\/newsestlyonnais.fr\/site\/wp-json\/wp\/v2\/users\/4"}],"replies":[{"embeddable":true,"href":"https:\/\/newsestlyonnais.fr\/site\/wp-json\/wp\/v2\/comments?post=154735"}],"version-history":[{"count":0,"href":"https:\/\/newsestlyonnais.fr\/site\/wp-json\/wp\/v2\/posts\/154735\/revisions"}],"wp:featuredmedia":[{"embeddable":true,"href":"https:\/\/newsestlyonnais.fr\/site\/wp-json\/wp\/v2\/media\/154738"}],"wp:attachment":[{"href":"https:\/\/newsestlyonnais.fr\/site\/wp-json\/wp\/v2\/media?parent=154735"}],"wp:term":[{"taxonomy":"category","embeddable":true,"href":"https:\/\/newsestlyonnais.fr\/site\/wp-json\/wp\/v2\/categories?post=154735"},{"taxonomy":"post_tag","embeddable":true,"href":"https:\/\/newsestlyonnais.fr\/site\/wp-json\/wp\/v2\/tags?post=154735"}],"curies":[{"name":"wp","href":"https:\/\/api.w.org\/{rel}","templated":true}]}}