{"id":154875,"date":"2022-05-12T05:16:28","date_gmt":"2022-05-12T04:16:28","guid":{"rendered":"https:\/\/newsestlyonnais.fr\/site\/?p=154875"},"modified":"2022-05-22T06:57:41","modified_gmt":"2022-05-22T05:57:41","slug":"bron-prochains-evenements-sur-la-commune","status":"publish","type":"post","link":"https:\/\/newsestlyonnais.fr\/site\/2022\/05\/12\/bron-prochains-evenements-sur-la-commune\/","title":{"rendered":"BRON | Prochains \u00e9v\u00e8nements sur la commune"},"content":{"rendered":"<p><span style=\"background-color: #000000; color: #ffffff;\">Portes ouvertes des clubs de l\u2019OMS &lt; Venez tester un sport gratuitement, une premi\u00e8re !<\/span><\/p>\n<p><strong><img loading=\"lazy\" decoding=\"async\" class=\"alignleft size-medium wp-image-154882\" src=\"https:\/\/newsestlyonnais.fr\/site\/wp-content\/uploads\/2022\/05\/portes-ouvertes-OMS-2022-400x282.jpg\" alt=\"\" width=\"400\" height=\"282\" srcset=\"https:\/\/newsestlyonnais.fr\/site\/wp-content\/uploads\/2022\/05\/portes-ouvertes-OMS-2022-400x282.jpg 400w, https:\/\/newsestlyonnais.fr\/site\/wp-content\/uploads\/2022\/05\/portes-ouvertes-OMS-2022-250x176.jpg 250w, https:\/\/newsestlyonnais.fr\/site\/wp-content\/uploads\/2022\/05\/portes-ouvertes-OMS-2022-150x106.jpg 150w, https:\/\/newsestlyonnais.fr\/site\/wp-content\/uploads\/2022\/05\/portes-ouvertes-OMS-2022-50x35.jpg 50w, https:\/\/newsestlyonnais.fr\/site\/wp-content\/uploads\/2022\/05\/portes-ouvertes-OMS-2022-100x70.jpg 100w, https:\/\/newsestlyonnais.fr\/site\/wp-content\/uploads\/2022\/05\/portes-ouvertes-OMS-2022-200x141.jpg 200w, https:\/\/newsestlyonnais.fr\/site\/wp-content\/uploads\/2022\/05\/portes-ouvertes-OMS-2022-300x211.jpg 300w, https:\/\/newsestlyonnais.fr\/site\/wp-content\/uploads\/2022\/05\/portes-ouvertes-OMS-2022-350x246.jpg 350w, https:\/\/newsestlyonnais.fr\/site\/wp-content\/uploads\/2022\/05\/portes-ouvertes-OMS-2022.jpg 412w\" sizes=\"auto, (max-width: 400px) 100vw, 400px\" \/>Le programme \u201cHygi\u00e8ne de vie et sant\u00e9\u201d<\/strong> men\u00e9 par la Ville de Bron depuis l\u2019automne dernier, se termine avec des actions \u201csport et sant\u00e9\u201d. Pour encourager les habitants \u00e0 bouger, les clubs de l\u2019Office Municipal du Sport et la Ville proposent, <strong>du 16 au 21 mai<\/strong>, une semaine de portes ouvertes en mode \u201cd\u00e9couverte\u201d pour tester des disciplines, en savoir plus sur un ou plusieurs sports, en conna\u00eetre plus sur la la gym douce ou la gym tonic, le karat\u00e9 ou le judo&#8230;, et pourquoi pas d\u00e9couvrir une activit\u00e9 pour la rentr\u00e9e !<\/p>\n<p>Portes ouvertes, mode d\u2019emploi : pour en savoir plus, la liste des <strong>16 associations qui accueilleront adultes et enfants lors de s\u00e9ances d\u00e9di\u00e9es <\/strong>figure sur <span style=\"color: #0000ff;\"><a style=\"color: #0000ff;\" href=\"https:\/\/www.ville-bron.fr\/actualites\/semaine-portes-ouvertes-dans-les-clubs-sportifs-de-bron-venez-tester-un-sport-gratuitement\">https:\/\/www.ville-bron.fr\/actualites\/semaine-portes-ouvertes-dans-les-clubs-sportifs-de-bron-venez-tester-un-sport-gratuitement<\/a><\/span><\/p>\n<p><strong>Possibilit\u00e9 ensuite de contacter par t\u00e9l\u00e9phone ou mail le club qui proposera le cr\u00e9neau qui convient.<\/strong><\/p>\n<p><strong>Au programme<\/strong> : escrime, tir \u00e0 l\u2019arc, gym d\u2019entretien, athl\u00e9tisme, baseball, basket, boxe, karat\u00e9, taekwondo, tennis de table, escalade, rugby, tennis, foot, modern jazz, judo, qi gong, pilates, volley&#8230;<\/p>\n<p><em><strong>La sant\u00e9 passe par le sport \u00e0 Bron !<\/strong><\/em><\/p>\n<hr \/>\n<p><span style=\"font-family: Arial, Helvetica, sans-serif; background-color: #000000; color: #ffffff;\"><strong>I<\/strong><b>nauguration de quatre nouvelles consignes \u00e0 v\u00e9lo (box de stationnement)<\/b><\/span><\/p>\n<p><span style=\"font-family: Arial,Helvetica,sans-serif;\">Install\u00e9es r\u00e9cemment devant l\u2019Espace Vivaldi. Ce dispositif, r\u00e9serv\u00e9 aux usagers de deux-roues non motoris\u00e9s est une solution s\u00e9curis\u00e9e et gratuite, en libre service. Id\u00e9al pour venir \u00e0 la MJC ou au Centre nautique \u00e0 bicyclette. <\/span><\/p>\n<p><strong>Inauguration &gt; place Gaillard-Romanet samedi 21 mai \u00e0 10 h.<\/strong><\/p>\n<p><em><strong><span style=\"font-family: Arial,Helvetica,sans-serif;\">Et pour \u00e9viter les coups de pompe, une station de gonflage est disponible !<\/span><\/strong><\/em><\/p>\n<hr \/>\n<p>&nbsp;<\/p>\n","protected":false},"excerpt":{"rendered":"<p>Portes ouvertes des clubs de l\u2019OMS et inauguration de 4 nouvelles consignes \u00e0 v\u00e9lo figurent dans l&rsquo;agenda local.<\/p>\n","protected":false},"author":4,"featured_media":121938,"comment_status":"open","ping_status":"open","sticky":false,"template":"","format":"standard","meta":{"footnotes":""},"categories":[574,19,2969,166,172],"tags":[1991,2072],"class_list":["post-154875","post","type-post","status-publish","format-standard","has-post-thumbnail","hentry","category-autres-sports","category-bron","category-cyclisme-cyclo-vtt","category-divers-sports","category-travaux-amenagements","tag-agenda","tag-bron"],"yoast_head":"<!-- This site is optimized with the Yoast SEO plugin v27.2 - https:\/\/yoast.com\/product\/yoast-seo-wordpress\/ -->\n<title>BRON | Prochains \u00e9v\u00e8nements sur la commune - News Est Lyonnais<\/title>\n<meta name=\"description\" content=\"BRON | Prochains \u00e9v\u00e8nements sur la commune\" \/>\n<meta name=\"robots\" content=\"index, follow, max-snippet:-1, max-image-preview:large, max-video-preview:-1\" \/>\n<link rel=\"canonical\" href=\"https:\/\/newsestlyonnais.fr\/site\/2022\/05\/12\/bron-prochains-evenements-sur-la-commune\/\" \/>\n<meta property=\"og:locale\" content=\"fr_FR\" \/>\n<meta property=\"og:type\" content=\"article\" \/>\n<meta property=\"og:title\" content=\"BRON | Prochains \u00e9v\u00e8nements sur la commune - News Est Lyonnais\" \/>\n<meta property=\"og:description\" content=\"BRON | Prochains \u00e9v\u00e8nements sur la commune\" \/>\n<meta property=\"og:url\" content=\"https:\/\/newsestlyonnais.fr\/site\/2022\/05\/12\/bron-prochains-evenements-sur-la-commune\/\" \/>\n<meta property=\"og:site_name\" content=\"News Est Lyonnais\" \/>\n<meta property=\"article:author\" content=\"https:\/\/www.facebook.com\/pascal.oberson.1?fref=ts\" \/>\n<meta property=\"article:published_time\" content=\"2022-05-12T04:16:28+00:00\" \/>\n<meta property=\"article:modified_time\" content=\"2022-05-22T05:57:41+00:00\" \/>\n<meta property=\"og:image\" content=\"https:\/\/newsestlyonnais.fr\/site\/wp-content\/uploads\/2021\/01\/bron.jpg\" \/>\n\t<meta property=\"og:image:width\" content=\"622\" \/>\n\t<meta property=\"og:image:height\" content=\"369\" \/>\n\t<meta property=\"og:image:type\" content=\"image\/jpeg\" \/>\n<meta name=\"author\" content=\"R\u00e9dac. NEWS\" \/>\n<meta name=\"twitter:card\" content=\"summary_large_image\" \/>\n<meta name=\"twitter:label1\" content=\"\u00c9crit par\" \/>\n\t<meta name=\"twitter:data1\" content=\"R\u00e9dac. NEWS\" \/>\n\t<meta name=\"twitter:label2\" content=\"Dur\u00e9e de lecture estim\u00e9e\" \/>\n\t<meta name=\"twitter:data2\" content=\"2 minutes\" \/>\n<script type=\"application\/ld+json\" class=\"yoast-schema-graph\">{\"@context\":\"https:\/\/schema.org\",\"@graph\":[{\"@type\":\"Article\",\"@id\":\"https:\/\/newsestlyonnais.fr\/site\/2022\/05\/12\/bron-prochains-evenements-sur-la-commune\/#article\",\"isPartOf\":{\"@id\":\"https:\/\/newsestlyonnais.fr\/site\/2022\/05\/12\/bron-prochains-evenements-sur-la-commune\/\"},\"author\":{\"name\":\"R\u00e9dac. NEWS\",\"@id\":\"https:\/\/newsestlyonnais.fr\/site\/#\/schema\/person\/3230d5615f390bb808365d673001e887\"},\"headline\":\"BRON | Prochains \u00e9v\u00e8nements sur la commune\",\"datePublished\":\"2022-05-12T04:16:28+00:00\",\"dateModified\":\"2022-05-22T05:57:41+00:00\",\"mainEntityOfPage\":{\"@id\":\"https:\/\/newsestlyonnais.fr\/site\/2022\/05\/12\/bron-prochains-evenements-sur-la-commune\/\"},\"wordCount\":281,\"commentCount\":0,\"publisher\":{\"@id\":\"https:\/\/newsestlyonnais.fr\/site\/#organization\"},\"image\":{\"@id\":\"https:\/\/newsestlyonnais.fr\/site\/2022\/05\/12\/bron-prochains-evenements-sur-la-commune\/#primaryimage\"},\"thumbnailUrl\":\"https:\/\/newsestlyonnais.fr\/site\/wp-content\/uploads\/2021\/01\/bron.jpg\",\"keywords\":[\"AGENDA\",\"BRON\"],\"articleSection\":[\"Autres sports\",\"Bron\",\"Cyclisme | Cyclo | Vtt\",\"Divers Sports\",\"Travaux | Am\u00e9nagements\"],\"inLanguage\":\"fr-FR\",\"potentialAction\":[{\"@type\":\"CommentAction\",\"name\":\"Comment\",\"target\":[\"https:\/\/newsestlyonnais.fr\/site\/2022\/05\/12\/bron-prochains-evenements-sur-la-commune\/#respond\"]}]},{\"@type\":\"WebPage\",\"@id\":\"https:\/\/newsestlyonnais.fr\/site\/2022\/05\/12\/bron-prochains-evenements-sur-la-commune\/\",\"url\":\"https:\/\/newsestlyonnais.fr\/site\/2022\/05\/12\/bron-prochains-evenements-sur-la-commune\/\",\"name\":\"BRON | Prochains \u00e9v\u00e8nements sur la commune - News Est Lyonnais\",\"isPartOf\":{\"@id\":\"https:\/\/newsestlyonnais.fr\/site\/#website\"},\"primaryImageOfPage\":{\"@id\":\"https:\/\/newsestlyonnais.fr\/site\/2022\/05\/12\/bron-prochains-evenements-sur-la-commune\/#primaryimage\"},\"image\":{\"@id\":\"https:\/\/newsestlyonnais.fr\/site\/2022\/05\/12\/bron-prochains-evenements-sur-la-commune\/#primaryimage\"},\"thumbnailUrl\":\"https:\/\/newsestlyonnais.fr\/site\/wp-content\/uploads\/2021\/01\/bron.jpg\",\"datePublished\":\"2022-05-12T04:16:28+00:00\",\"dateModified\":\"2022-05-22T05:57:41+00:00\",\"description\":\"BRON | Prochains \u00e9v\u00e8nements sur la commune\",\"breadcrumb\":{\"@id\":\"https:\/\/newsestlyonnais.fr\/site\/2022\/05\/12\/bron-prochains-evenements-sur-la-commune\/#breadcrumb\"},\"inLanguage\":\"fr-FR\",\"potentialAction\":[{\"@type\":\"ReadAction\",\"target\":[\"https:\/\/newsestlyonnais.fr\/site\/2022\/05\/12\/bron-prochains-evenements-sur-la-commune\/\"]}]},{\"@type\":\"ImageObject\",\"inLanguage\":\"fr-FR\",\"@id\":\"https:\/\/newsestlyonnais.fr\/site\/2022\/05\/12\/bron-prochains-evenements-sur-la-commune\/#primaryimage\",\"url\":\"https:\/\/newsestlyonnais.fr\/site\/wp-content\/uploads\/2021\/01\/bron.jpg\",\"contentUrl\":\"https:\/\/newsestlyonnais.fr\/site\/wp-content\/uploads\/2021\/01\/bron.jpg\",\"width\":622,\"height\":369},{\"@type\":\"BreadcrumbList\",\"@id\":\"https:\/\/newsestlyonnais.fr\/site\/2022\/05\/12\/bron-prochains-evenements-sur-la-commune\/#breadcrumb\",\"itemListElement\":[{\"@type\":\"ListItem\",\"position\":1,\"name\":\"Accueil\",\"item\":\"https:\/\/newsestlyonnais.fr\/site\/\"},{\"@type\":\"ListItem\",\"position\":2,\"name\":\"BRON | Prochains \u00e9v\u00e8nements sur la commune\"}]},{\"@type\":\"WebSite\",\"@id\":\"https:\/\/newsestlyonnais.fr\/site\/#website\",\"url\":\"https:\/\/newsestlyonnais.fr\/site\/\",\"name\":\"News Est Lyonnais\",\"description\":\"L&#039;actualit\u00e9 au plus pr\u00e8s\",\"publisher\":{\"@id\":\"https:\/\/newsestlyonnais.fr\/site\/#organization\"},\"potentialAction\":[{\"@type\":\"SearchAction\",\"target\":{\"@type\":\"EntryPoint\",\"urlTemplate\":\"https:\/\/newsestlyonnais.fr\/site\/?s={search_term_string}\"},\"query-input\":{\"@type\":\"PropertyValueSpecification\",\"valueRequired\":true,\"valueName\":\"search_term_string\"}}],\"inLanguage\":\"fr-FR\"},{\"@type\":\"Organization\",\"@id\":\"https:\/\/newsestlyonnais.fr\/site\/#organization\",\"name\":\"News EST LYONNAIS\",\"url\":\"https:\/\/newsestlyonnais.fr\/site\/\",\"logo\":{\"@type\":\"ImageObject\",\"inLanguage\":\"fr-FR\",\"@id\":\"https:\/\/newsestlyonnais.fr\/site\/#\/schema\/logo\/image\/\",\"url\":\"\",\"contentUrl\":\"\",\"caption\":\"News EST LYONNAIS\"},\"image\":{\"@id\":\"https:\/\/newsestlyonnais.fr\/site\/#\/schema\/logo\/image\/\"}},{\"@type\":\"Person\",\"@id\":\"https:\/\/newsestlyonnais.fr\/site\/#\/schema\/person\/3230d5615f390bb808365d673001e887\",\"name\":\"R\u00e9dac. NEWS\",\"sameAs\":[\"http:\/\/www.newsestlyonnais.fr\",\"https:\/\/www.facebook.com\/pascal.oberson.1?fref=ts\",\"https:\/\/fr.linkedin.com\/in\/pascal-oberson-b17045113\"],\"url\":\"https:\/\/newsestlyonnais.fr\/site\/author\/nel\/\"}]}<\/script>\n<!-- \/ Yoast SEO plugin. -->","yoast_head_json":{"title":"BRON | Prochains \u00e9v\u00e8nements sur la commune - News Est Lyonnais","description":"BRON | Prochains \u00e9v\u00e8nements sur la commune","robots":{"index":"index","follow":"follow","max-snippet":"max-snippet:-1","max-image-preview":"max-image-preview:large","max-video-preview":"max-video-preview:-1"},"canonical":"https:\/\/newsestlyonnais.fr\/site\/2022\/05\/12\/bron-prochains-evenements-sur-la-commune\/","og_locale":"fr_FR","og_type":"article","og_title":"BRON | Prochains \u00e9v\u00e8nements sur la commune - News Est Lyonnais","og_description":"BRON | Prochains \u00e9v\u00e8nements sur la commune","og_url":"https:\/\/newsestlyonnais.fr\/site\/2022\/05\/12\/bron-prochains-evenements-sur-la-commune\/","og_site_name":"News Est Lyonnais","article_author":"https:\/\/www.facebook.com\/pascal.oberson.1?fref=ts","article_published_time":"2022-05-12T04:16:28+00:00","article_modified_time":"2022-05-22T05:57:41+00:00","og_image":[{"width":622,"height":369,"url":"https:\/\/newsestlyonnais.fr\/site\/wp-content\/uploads\/2021\/01\/bron.jpg","type":"image\/jpeg"}],"author":"R\u00e9dac. NEWS","twitter_card":"summary_large_image","twitter_misc":{"\u00c9crit par":"R\u00e9dac. NEWS","Dur\u00e9e de lecture estim\u00e9e":"2 minutes"},"schema":{"@context":"https:\/\/schema.org","@graph":[{"@type":"Article","@id":"https:\/\/newsestlyonnais.fr\/site\/2022\/05\/12\/bron-prochains-evenements-sur-la-commune\/#article","isPartOf":{"@id":"https:\/\/newsestlyonnais.fr\/site\/2022\/05\/12\/bron-prochains-evenements-sur-la-commune\/"},"author":{"name":"R\u00e9dac. NEWS","@id":"https:\/\/newsestlyonnais.fr\/site\/#\/schema\/person\/3230d5615f390bb808365d673001e887"},"headline":"BRON | Prochains \u00e9v\u00e8nements sur la commune","datePublished":"2022-05-12T04:16:28+00:00","dateModified":"2022-05-22T05:57:41+00:00","mainEntityOfPage":{"@id":"https:\/\/newsestlyonnais.fr\/site\/2022\/05\/12\/bron-prochains-evenements-sur-la-commune\/"},"wordCount":281,"commentCount":0,"publisher":{"@id":"https:\/\/newsestlyonnais.fr\/site\/#organization"},"image":{"@id":"https:\/\/newsestlyonnais.fr\/site\/2022\/05\/12\/bron-prochains-evenements-sur-la-commune\/#primaryimage"},"thumbnailUrl":"https:\/\/newsestlyonnais.fr\/site\/wp-content\/uploads\/2021\/01\/bron.jpg","keywords":["AGENDA","BRON"],"articleSection":["Autres sports","Bron","Cyclisme | Cyclo | Vtt","Divers Sports","Travaux | Am\u00e9nagements"],"inLanguage":"fr-FR","potentialAction":[{"@type":"CommentAction","name":"Comment","target":["https:\/\/newsestlyonnais.fr\/site\/2022\/05\/12\/bron-prochains-evenements-sur-la-commune\/#respond"]}]},{"@type":"WebPage","@id":"https:\/\/newsestlyonnais.fr\/site\/2022\/05\/12\/bron-prochains-evenements-sur-la-commune\/","url":"https:\/\/newsestlyonnais.fr\/site\/2022\/05\/12\/bron-prochains-evenements-sur-la-commune\/","name":"BRON | Prochains \u00e9v\u00e8nements sur la commune - News Est Lyonnais","isPartOf":{"@id":"https:\/\/newsestlyonnais.fr\/site\/#website"},"primaryImageOfPage":{"@id":"https:\/\/newsestlyonnais.fr\/site\/2022\/05\/12\/bron-prochains-evenements-sur-la-commune\/#primaryimage"},"image":{"@id":"https:\/\/newsestlyonnais.fr\/site\/2022\/05\/12\/bron-prochains-evenements-sur-la-commune\/#primaryimage"},"thumbnailUrl":"https:\/\/newsestlyonnais.fr\/site\/wp-content\/uploads\/2021\/01\/bron.jpg","datePublished":"2022-05-12T04:16:28+00:00","dateModified":"2022-05-22T05:57:41+00:00","description":"BRON | Prochains \u00e9v\u00e8nements sur la commune","breadcrumb":{"@id":"https:\/\/newsestlyonnais.fr\/site\/2022\/05\/12\/bron-prochains-evenements-sur-la-commune\/#breadcrumb"},"inLanguage":"fr-FR","potentialAction":[{"@type":"ReadAction","target":["https:\/\/newsestlyonnais.fr\/site\/2022\/05\/12\/bron-prochains-evenements-sur-la-commune\/"]}]},{"@type":"ImageObject","inLanguage":"fr-FR","@id":"https:\/\/newsestlyonnais.fr\/site\/2022\/05\/12\/bron-prochains-evenements-sur-la-commune\/#primaryimage","url":"https:\/\/newsestlyonnais.fr\/site\/wp-content\/uploads\/2021\/01\/bron.jpg","contentUrl":"https:\/\/newsestlyonnais.fr\/site\/wp-content\/uploads\/2021\/01\/bron.jpg","width":622,"height":369},{"@type":"BreadcrumbList","@id":"https:\/\/newsestlyonnais.fr\/site\/2022\/05\/12\/bron-prochains-evenements-sur-la-commune\/#breadcrumb","itemListElement":[{"@type":"ListItem","position":1,"name":"Accueil","item":"https:\/\/newsestlyonnais.fr\/site\/"},{"@type":"ListItem","position":2,"name":"BRON | Prochains \u00e9v\u00e8nements sur la commune"}]},{"@type":"WebSite","@id":"https:\/\/newsestlyonnais.fr\/site\/#website","url":"https:\/\/newsestlyonnais.fr\/site\/","name":"News Est Lyonnais","description":"L&#039;actualit\u00e9 au plus pr\u00e8s","publisher":{"@id":"https:\/\/newsestlyonnais.fr\/site\/#organization"},"potentialAction":[{"@type":"SearchAction","target":{"@type":"EntryPoint","urlTemplate":"https:\/\/newsestlyonnais.fr\/site\/?s={search_term_string}"},"query-input":{"@type":"PropertyValueSpecification","valueRequired":true,"valueName":"search_term_string"}}],"inLanguage":"fr-FR"},{"@type":"Organization","@id":"https:\/\/newsestlyonnais.fr\/site\/#organization","name":"News EST LYONNAIS","url":"https:\/\/newsestlyonnais.fr\/site\/","logo":{"@type":"ImageObject","inLanguage":"fr-FR","@id":"https:\/\/newsestlyonnais.fr\/site\/#\/schema\/logo\/image\/","url":"","contentUrl":"","caption":"News EST LYONNAIS"},"image":{"@id":"https:\/\/newsestlyonnais.fr\/site\/#\/schema\/logo\/image\/"}},{"@type":"Person","@id":"https:\/\/newsestlyonnais.fr\/site\/#\/schema\/person\/3230d5615f390bb808365d673001e887","name":"R\u00e9dac. NEWS","sameAs":["http:\/\/www.newsestlyonnais.fr","https:\/\/www.facebook.com\/pascal.oberson.1?fref=ts","https:\/\/fr.linkedin.com\/in\/pascal-oberson-b17045113"],"url":"https:\/\/newsestlyonnais.fr\/site\/author\/nel\/"}]}},"_links":{"self":[{"href":"https:\/\/newsestlyonnais.fr\/site\/wp-json\/wp\/v2\/posts\/154875","targetHints":{"allow":["GET"]}}],"collection":[{"href":"https:\/\/newsestlyonnais.fr\/site\/wp-json\/wp\/v2\/posts"}],"about":[{"href":"https:\/\/newsestlyonnais.fr\/site\/wp-json\/wp\/v2\/types\/post"}],"author":[{"embeddable":true,"href":"https:\/\/newsestlyonnais.fr\/site\/wp-json\/wp\/v2\/users\/4"}],"replies":[{"embeddable":true,"href":"https:\/\/newsestlyonnais.fr\/site\/wp-json\/wp\/v2\/comments?post=154875"}],"version-history":[{"count":0,"href":"https:\/\/newsestlyonnais.fr\/site\/wp-json\/wp\/v2\/posts\/154875\/revisions"}],"wp:featuredmedia":[{"embeddable":true,"href":"https:\/\/newsestlyonnais.fr\/site\/wp-json\/wp\/v2\/media\/121938"}],"wp:attachment":[{"href":"https:\/\/newsestlyonnais.fr\/site\/wp-json\/wp\/v2\/media?parent=154875"}],"wp:term":[{"taxonomy":"category","embeddable":true,"href":"https:\/\/newsestlyonnais.fr\/site\/wp-json\/wp\/v2\/categories?post=154875"},{"taxonomy":"post_tag","embeddable":true,"href":"https:\/\/newsestlyonnais.fr\/site\/wp-json\/wp\/v2\/tags?post=154875"}],"curies":[{"name":"wp","href":"https:\/\/api.w.org\/{rel}","templated":true}]}}