{"id":154913,"date":"2022-05-12T13:41:44","date_gmt":"2022-05-12T12:41:44","guid":{"rendered":"https:\/\/newsestlyonnais.fr\/site\/?p=154913"},"modified":"2022-05-12T13:41:44","modified_gmt":"2022-05-12T12:41:44","slug":"christophe-coulomb-livre-ses-impressions-apres-le-bikingman-portugal","status":"publish","type":"post","link":"https:\/\/newsestlyonnais.fr\/site\/2022\/05\/12\/christophe-coulomb-livre-ses-impressions-apres-le-bikingman-portugal\/","title":{"rendered":"Christophe Coulomb livre ses impressions apr\u00e8s le \u00ab\u00a0Bikingman Portugal\u00a0\u00bb"},"content":{"rendered":"<p><span style=\"background-color: #000000; color: #ffffff; font-size: 14pt;\"><strong data-wp-editing=\"1\"><img loading=\"lazy\" decoding=\"async\" class=\"alignleft wp-image-154945\" src=\"https:\/\/newsestlyonnais.fr\/site\/wp-content\/uploads\/2022\/05\/IMG-9385-250x188.jpg\" alt=\"\" width=\"250\" height=\"188\" srcset=\"https:\/\/newsestlyonnais.fr\/site\/wp-content\/uploads\/2022\/05\/IMG-9385-250x188.jpg 250w, https:\/\/newsestlyonnais.fr\/site\/wp-content\/uploads\/2022\/05\/IMG-9385-400x300.jpg 400w, https:\/\/newsestlyonnais.fr\/site\/wp-content\/uploads\/2022\/05\/IMG-9385-650x488.jpg 650w, https:\/\/newsestlyonnais.fr\/site\/wp-content\/uploads\/2022\/05\/IMG-9385-768x576.jpg 768w, https:\/\/newsestlyonnais.fr\/site\/wp-content\/uploads\/2022\/05\/IMG-9385-150x113.jpg 150w, https:\/\/newsestlyonnais.fr\/site\/wp-content\/uploads\/2022\/05\/IMG-9385-50x38.jpg 50w, https:\/\/newsestlyonnais.fr\/site\/wp-content\/uploads\/2022\/05\/IMG-9385-100x75.jpg 100w, https:\/\/newsestlyonnais.fr\/site\/wp-content\/uploads\/2022\/05\/IMG-9385-200x150.jpg 200w, https:\/\/newsestlyonnais.fr\/site\/wp-content\/uploads\/2022\/05\/IMG-9385-300x225.jpg 300w, https:\/\/newsestlyonnais.fr\/site\/wp-content\/uploads\/2022\/05\/IMG-9385-350x263.jpg 350w, https:\/\/newsestlyonnais.fr\/site\/wp-content\/uploads\/2022\/05\/IMG-9385-450x338.jpg 450w, https:\/\/newsestlyonnais.fr\/site\/wp-content\/uploads\/2022\/05\/IMG-9385-500x375.jpg 500w, https:\/\/newsestlyonnais.fr\/site\/wp-content\/uploads\/2022\/05\/IMG-9385-550x413.jpg 550w, https:\/\/newsestlyonnais.fr\/site\/wp-content\/uploads\/2022\/05\/IMG-9385-800x600.jpg 800w, https:\/\/newsestlyonnais.fr\/site\/wp-content\/uploads\/2022\/05\/IMG-9385.jpg 1200w\" sizes=\"auto, (max-width: 250px) 100vw, 250px\" \/><span style=\"font-size: 12pt;\">Tout d\u2019abord comment avez-vous r\u00e9cup\u00e9r\u00e9 des pav\u00e9s de l\u2019Enfer du Nord, suite \u00e0 votre participation <\/span><\/strong><\/span><span style=\"background-color: #000000; color: #ffffff; font-size: 12pt;\"><strong>du 16 avril dernier ?<\/strong><\/span><\/p>\n<p>\u00a0\u00bb <strong>J\u2019ai r\u00e9cup\u00e9r\u00e9 et repris l\u2019entrainement assez rapidement<\/strong> apr\u00e8s le Paris Roubaix Challenge. Le format de course, relativement court, n\u2019a pas engendr\u00e9 de fatigue particuli\u00e8re\u00a0\u00bb .<\/p>\n<hr \/>\n<p><span style=\"color: #ffffff; font-size: 14pt; background-color: #000000;\"><strong>Pouvez-vous pr\u00e9senter cette course ?<\/strong><\/span><\/p>\n<p>\u00a0\u00bb <strong>Le <span style=\"color: #0000ff;\"><a style=\"color: #0000ff;\" href=\"https:\/\/bikingman.com\/fr\/portugal-2022-fr\">Bikingman Portugal<\/a><\/span> est une \u00e9preuve de 1.000 km avec 12.000 m de d\u00e9nivel\u00e9 positif<\/strong>. Ce qui en fait <strong>un bikingman relativement accessible<\/strong>.<\/p>\n<p>Bien qu\u2019il faille tenir compte de la topographie particuli\u00e8re de la r\u00e9gion sud, constitu\u00e9e d\u2019une succession de bosses qui pullulent sur de longues lignes droites. <strong>Une vraie \u00ab taule ondul\u00e9e \u00bb qui donne le sentiment d\u2019\u00eatre toujours dans l\u2019effort, sans rel\u00e2che<\/strong>. \u00c0 cela s\u2019ajoute le vent, qui repr\u00e9sente une vraie difficult\u00e9 suppl\u00e9mentaire\u00a0\u00bb .<\/p>\n<p><span style=\"background-color: #000000; color: #ffffff; font-size: 14pt;\"><strong>Pourquoi cette course, c&rsquo;\u00e9tait votre premi\u00e8re participation, quelle diff\u00e9rence avec le Bikingman Euskladi ?<\/strong><\/span><\/p>\n<p>\u00a0\u00bb <strong>J\u2019ai choisi cette course pour sa position dans le calendrier, par rapport \u00e0 mon objectif principal de cette ann\u00e9e, la Race Across France (2.500 km)<\/strong>, qui a lieu \u00e0 partir du 18 juin. Ceci pour me permettre de me remettre dans le contexte d\u2019une course d\u2019ultra distance et d\u2019en profiter pour tester, mon alimentation, mon mat\u00e9riel et ma strat\u00e9gie de course.<\/p>\n<p>En outre, le Portugal est une d\u00e9couverte pour moi et b\u00e9n\u00e9ficie d\u2019une tr\u00e8s bonne r\u00e9putation par rapport \u00e0 la beaut\u00e9 de ses paysages.<\/p>\n<p><strong>Cette course est tout \u00e0 fait diff\u00e9rente de celle en Euskadi. Son profil \u00e9tant beaucoup plus roulant.<\/strong> Le parcours du Portugal est relativement \u00ab plat \u00bb, sans ascensions de cols et donc sans \u00e9l\u00e9vation importante en altitude. Ce parcours est donc plut\u00f4t \u00e0 contre-emploi pour moi qui me d\u00e9marque plus facilement lors de longues ascensions\u00a0\u00bb .<\/p>\n<p><span style=\"background-color: #000000; color: #ffffff; font-size: 14pt;\"><strong>Comment s\u2019est-elle pass\u00e9e et quelles \u00e9taient vos ambitions ?<\/strong><\/span><\/p>\n<p>\u00a0\u00bb <strong>Mes ambitions sur cette course \u00e9taient de plusieurs natures<\/strong>. Ne pas \u00eatre tributaire d\u2019un arr\u00eat programm\u00e9 dans un logement, qui a tendance \u00e0 focaliser l\u2019esprit et qui ne permet pas de s\u2019\u00e9couter physiquement puisqu\u2019il s\u2019agit d\u2019un arr\u00eat dont le cadre horaire est impos\u00e9 et non choisi.<\/p>\n<p>Je souhaitais \u00e9galement \u00eatre relativement autonome en alimentation ou en tout du moins pouvoir \u00eatre en capacit\u00e9 de g\u00e9rer les moments de \u00ab creux \u00bb sur le parcours, pour ne pas tomber en panne s\u00e8che.<\/p>\n<p>Enfin, j\u2019ai investi dans un montage de roue avant dynamo afin de ne pas \u00eatre d\u00e9pendant de l\u2019utilisation de powerbanck pour alimenter mes \u00e9clairages avant comme arri\u00e8re.<\/p>\n<p><strong>Tout ceci dans le but de pouvoir rouler de la fa\u00e7on la plus autonome possible<\/strong>, d\u2019avoir une progression relativement lin\u00e9aire, de jour comme de nuit, compos\u00e9e uniquement de courts arr\u00eats pour manger et dormir sous forme de micro-siestes.<\/p>\n<hr \/>\n<p><strong>La course \u00e0 d\u00e9but\u00e9 lundi 2 mai \u00e0 5 heures du matin<\/strong>. Nous avons pris le d\u00e9part avec une m\u00e9t\u00e9o cl\u00e9mente mais accompagn\u00e9s d\u2019un vent de face sur les 350 premiers kilom\u00e8tres, jusqu\u2019au CP1 situ\u00e9 \u00e0 Vila Vi\u00e7osa.<\/p>\n<p>Le d\u00e9part s\u2019est fait \u00e0 un rythme assez soutenu, au-del\u00e0 de mon rythme endurance. Je me fais h\u00e9sitant car je sais que je ne saurais tenir ce rythme sur l\u2019ensemble de la course. <strong>Je d\u00e9cide tout de m\u00eame de me \u00ab l\u00e2cher \u00bb, en inversant ma tendance<\/strong> \u00e0 vouloir de toujours en \u00ab garder sous le pied \u00bb. <strong>Ce sera donc \u00ab mode race \u00bb<\/strong> enclench\u00e9 d\u00e8s le d\u00e9but pour essayer de creuser l\u2019\u00e9cart avec un maximum de participants, <strong>et tenter de jouer la t\u00eate de course.<\/strong><\/p>\n<p><strong>Les 350 km jusqu\u2019\u00e0 Vila Vi\u00e7osa CP1, se font le nez dans le vent avec de belles bourrasques.<\/strong> Ce qui s\u2019av\u00e8re \u00eatre assez usant, mais je progresse tout de m\u00eame \u00e0 bon rythme. J\u2019essuie une pluie orageuse en fin d\u2019apr\u00e8s-midi, avant d\u2019atteindre le CP1. Ce qui aura pour effet de me tremper enti\u00e8rement les pieds, que je retrouverais sec seulement le lendemain, en milieu de matin\u00e9e.<\/p>\n<p>Arriv\u00e9 \u00e0 Vila Vi\u00e7osa, le CP1, aux alentours de 21 H 30, j\u2019en profite pour m\u2019arr\u00eater manger un plat de p\u00e2tes dans un restaurant \u00e0 quelques dizaines de m\u00e8tres de l\u00e0. C\u2019est \u00e9galement l\u2019occasion de pouvoir b\u00e9n\u00e9ficier de la chaleur de ce dernier, pour m\u2019habiller pour la nuit avant de reprendre la route. \u00c0 peine suis-je reparti que je m\u2019aper\u00e7ois avoir perdu mon c\u00e2ble de t\u00e9l\u00e9phone, indispensable \u00e0 sa recharge. Je pr\u00e9viens donc l\u2019organisation de cette d\u00e9convenue et \u00e9teint mon portable afin de conserver les 14 % de batterie qu\u2019il me reste en cas d\u2019urgence. Apr\u00e8s avoir roul\u00e9 30 km je vois une dame fumer une cigarette devant chez elle. Je tente ma chance en lui expliquant ma situation et lui demande s\u2019il est possible que je lui ach\u00e8te un c\u00e2ble d \u2018iPhone si toutefois elle en dispose d\u2019un. Elle me demande de patienter se dirige vers son v\u00e9hicule et me donner un c\u00e2ble. Elle me dit ne pas vouloir que je lui paie. Je la remercie chaleureusement ! Il est 23 h et je peux repartir serein gr\u00e2ce \u00e0 la gentillesse de cette dame. <strong>Des situations improbables comme seuls les Bikingman peuvent en offrir.<\/strong><\/p>\n<p>Ma premi\u00e8re pause se fera \u00e0 Evora, situ\u00e9 60 km apr\u00e8s Vila Vi\u00e7osa, pour une micro-sieste de 20 minutes dans un abris-bus apr\u00e8s 24 h de course.<\/p>\n<p>La nuit est fra\u00eeche telle qu\u2019Axel Carion nous l\u2019avait annonc\u00e9. Je continue ma progression vers le CP2 et profite de la nuit pour rouler sans avoir \u00e0 lutter contre le vent. La nuit nous offre un ciel \u00e9toil\u00e9 avec un sentiment de pl\u00e9nitude toute particuli\u00e8re.<br \/>\n<strong>Je d\u00e9cide de r\u00e9aliser une seconde micro sieste \u00e0 l\u2019ombre d\u2019un arbre vers 9 h 20 du matin au km 537 dans la <\/strong><strong>ville de Carvlhal.<\/strong> Cette pause m\u2019aura permis de s\u00e9cher mes chaussures et chaussettes pour repartir au sec, direction le CP2, \u00e0 Sagres. J\u2019arrive \u00e0 Sagres \u00e0 19 h 40 avec un bon \u00e9tat de forme, malgr\u00e9 le peu de sommeil emmagasin\u00e9. L\u2019arriv\u00e9e \u00e0 Sagres est une claque visuelle avec ses falaises de bord de mer.<br \/>\n<strong>Je d\u00e9cide de faire une petite pause pour me restaurer avant de m\u2019engager dans une nouvelle nuit sur le v\u00e9lo.<\/strong><\/p>\n<p><strong>La fatigue se fait sentir et commence \u00e0 m\u2019emporter sur le v\u00e9lo, \u00e0 1 h du matin, au km 789.<\/strong> Je me pose donc pour une nouvelle micro-sieste de 20 minutes pour recharger mes batteries. Apr\u00e8s cette pause je repars avec une \u00e9tonnante fra\u00eecheur.<\/p>\n<p><img loading=\"lazy\" decoding=\"async\" class=\"alignleft wp-image-154955 size-thumbnail\" src=\"https:\/\/newsestlyonnais.fr\/site\/wp-content\/uploads\/2022\/05\/IMG-9463-250x188.jpg\" alt=\"\" width=\"150\" height=\"113\" srcset=\"https:\/\/newsestlyonnais.fr\/site\/wp-content\/uploads\/2022\/05\/IMG-9463-250x188.jpg 250w, https:\/\/newsestlyonnais.fr\/site\/wp-content\/uploads\/2022\/05\/IMG-9463-400x300.jpg 400w, https:\/\/newsestlyonnais.fr\/site\/wp-content\/uploads\/2022\/05\/IMG-9463-650x488.jpg 650w, https:\/\/newsestlyonnais.fr\/site\/wp-content\/uploads\/2022\/05\/IMG-9463-768x576.jpg 768w, https:\/\/newsestlyonnais.fr\/site\/wp-content\/uploads\/2022\/05\/IMG-9463-150x113.jpg 150w, https:\/\/newsestlyonnais.fr\/site\/wp-content\/uploads\/2022\/05\/IMG-9463-50x38.jpg 50w, https:\/\/newsestlyonnais.fr\/site\/wp-content\/uploads\/2022\/05\/IMG-9463-100x75.jpg 100w, https:\/\/newsestlyonnais.fr\/site\/wp-content\/uploads\/2022\/05\/IMG-9463-200x150.jpg 200w, https:\/\/newsestlyonnais.fr\/site\/wp-content\/uploads\/2022\/05\/IMG-9463-300x225.jpg 300w, https:\/\/newsestlyonnais.fr\/site\/wp-content\/uploads\/2022\/05\/IMG-9463-350x263.jpg 350w, https:\/\/newsestlyonnais.fr\/site\/wp-content\/uploads\/2022\/05\/IMG-9463-450x338.jpg 450w, https:\/\/newsestlyonnais.fr\/site\/wp-content\/uploads\/2022\/05\/IMG-9463-500x375.jpg 500w, https:\/\/newsestlyonnais.fr\/site\/wp-content\/uploads\/2022\/05\/IMG-9463-550x413.jpg 550w, https:\/\/newsestlyonnais.fr\/site\/wp-content\/uploads\/2022\/05\/IMG-9463-800x600.jpg 800w, https:\/\/newsestlyonnais.fr\/site\/wp-content\/uploads\/2022\/05\/IMG-9463.jpg 1200w\" sizes=\"auto, (max-width: 150px) 100vw, 150px\" \/>La nuit s\u2019av\u00e8re \u00eatre humide et vraiment fraiche en terme de ressenti. Je m\u2019\u00e9quipe de ma doudoune avec ma capuche et mon tour de coup sous le casque. Un v\u00e9ritable cosmonaute\u2026<br \/>\nLa conjonction de la fatigue associ\u00e9e \u00e0 la sensation de froid rend ma progression nocturne difficile mentalement. Aux environs de 6 heures du matin, la fatigue m\u2019emporte de nouveau donnant lieu \u00e0 <strong>quelques hallucinations nocturnes qui me poussent \u00e0 entreprendre une nouvelle pause<\/strong>. Elle sera de 15 minutes.<\/p>\n<p>Le soleil se l\u00e8ve et me redonne de l\u2019\u00e9nergie. Les kilom\u00e8tres se succ\u00e8dent sous un beau soleil et savoir l\u2019arriv\u00e9e se rapprocher me donne un nouvel \u00e9lan de motivation. Je suis un autre participant \u00e0 ma port\u00e9e et me surprends \u00e0 pouvoir donner du rythme en cette fin de course. Je parviens \u00e0 sa hauteur au km 970 o\u00f9 j\u2019entreprends de l\u00e2cher mes derni\u00e8re forces pour creuser l\u2019\u00e9cart dans un dernier sprint jusqu\u2019\u00e0 l\u2019arriv\u00e9e.<\/p>\n<p>J\u2019aper\u00e7ois Faro, l\u2019arriv\u00e9e est proche et je ne faiblis pas dans l\u2019effort. J\u2019arpente maintenant les petites rues pav\u00e9es du c\u0153ur historique de la ville et d\u00e9bouche sur la place o\u00f9 se situe l\u2019arche d\u2019arriv\u00e9e.<\/p>\n<hr \/>\n<p><strong><img loading=\"lazy\" decoding=\"async\" class=\"alignleft size-medium wp-image-154950\" src=\"https:\/\/newsestlyonnais.fr\/site\/wp-content\/uploads\/2022\/05\/NEWSESTLYONNAIS-BIKINGMAN-PORT-400x311.jpg\" alt=\"\" width=\"386\" height=\"300\" srcset=\"https:\/\/newsestlyonnais.fr\/site\/wp-content\/uploads\/2022\/05\/NEWSESTLYONNAIS-BIKINGMAN-PORT-400x311.jpg 400w, https:\/\/newsestlyonnais.fr\/site\/wp-content\/uploads\/2022\/05\/NEWSESTLYONNAIS-BIKINGMAN-PORT-650x505.jpg 650w, https:\/\/newsestlyonnais.fr\/site\/wp-content\/uploads\/2022\/05\/NEWSESTLYONNAIS-BIKINGMAN-PORT-250x194.jpg 250w, https:\/\/newsestlyonnais.fr\/site\/wp-content\/uploads\/2022\/05\/NEWSESTLYONNAIS-BIKINGMAN-PORT-768x597.jpg 768w, https:\/\/newsestlyonnais.fr\/site\/wp-content\/uploads\/2022\/05\/NEWSESTLYONNAIS-BIKINGMAN-PORT-150x117.jpg 150w, https:\/\/newsestlyonnais.fr\/site\/wp-content\/uploads\/2022\/05\/NEWSESTLYONNAIS-BIKINGMAN-PORT-50x39.jpg 50w, https:\/\/newsestlyonnais.fr\/site\/wp-content\/uploads\/2022\/05\/NEWSESTLYONNAIS-BIKINGMAN-PORT-100x78.jpg 100w, https:\/\/newsestlyonnais.fr\/site\/wp-content\/uploads\/2022\/05\/NEWSESTLYONNAIS-BIKINGMAN-PORT-200x156.jpg 200w, https:\/\/newsestlyonnais.fr\/site\/wp-content\/uploads\/2022\/05\/NEWSESTLYONNAIS-BIKINGMAN-PORT-300x233.jpg 300w, https:\/\/newsestlyonnais.fr\/site\/wp-content\/uploads\/2022\/05\/NEWSESTLYONNAIS-BIKINGMAN-PORT-350x272.jpg 350w, https:\/\/newsestlyonnais.fr\/site\/wp-content\/uploads\/2022\/05\/NEWSESTLYONNAIS-BIKINGMAN-PORT-450x350.jpg 450w, https:\/\/newsestlyonnais.fr\/site\/wp-content\/uploads\/2022\/05\/NEWSESTLYONNAIS-BIKINGMAN-PORT-500x389.jpg 500w, https:\/\/newsestlyonnais.fr\/site\/wp-content\/uploads\/2022\/05\/NEWSESTLYONNAIS-BIKINGMAN-PORT-550x428.jpg 550w, https:\/\/newsestlyonnais.fr\/site\/wp-content\/uploads\/2022\/05\/NEWSESTLYONNAIS-BIKINGMAN-PORT-800x622.jpg 800w, https:\/\/newsestlyonnais.fr\/site\/wp-content\/uploads\/2022\/05\/NEWSESTLYONNAIS-BIKINGMAN-PORT.jpg 1200w\" sizes=\"auto, (max-width: 386px) 100vw, 386px\" \/>12 h 50, ma course prend fin.<\/strong> Je suis sous l\u2019arche, accueilli par Axel et l\u2019\u00e9quipe du Bikingman !<\/p>\n<p><span style=\"background-color: #000000; color: #ffcc00;\"><strong>Une belle satisfaction personnelle que celle de finir en 54 h 51, pour obtenir la 8\u00b0 place dans la cat\u00e9gorie solo et la 10\u00b0 au classement g\u00e9n\u00e9ral.<\/strong><\/span><\/p>\n<p><strong>Ce genre d\u2019\u00e9preuve demande une pr\u00e9paration importante.<\/strong> C\u2019est pourquoi, je tiens tout particuli\u00e8rement \u00e0 remercier mes proches, mon coach sportif Arnaud Duval de PIC DE FORME, DILECTA pour son soutien, mon coach nutrition Guillame Klein de DIET NUTRI ENERGIE, qui m\u2019a permis de ma\u00eetriser mon alimentation ainsi que la famille FASTCLUB pour les nombreux encouragements jusqu\u2019au bout de la nuit ! \u00a0\u00bb<\/p>\n<hr \/>\n<p><span style=\"background-color: #000000; color: #ffffff; font-size: 14pt;\"><strong>Et maintenant Bordeaux Paris, comment g\u00e9rer l\u2019entre deux courses ?<\/strong><\/span><\/p>\n<p><img loading=\"lazy\" decoding=\"async\" class=\"size-medium wp-image-154940 alignleft\" src=\"https:\/\/newsestlyonnais.fr\/site\/wp-content\/uploads\/2022\/05\/IMG-9338-400x533.jpg\" alt=\"\" width=\"225\" height=\"300\" srcset=\"https:\/\/newsestlyonnais.fr\/site\/wp-content\/uploads\/2022\/05\/IMG-9338-400x533.jpg 400w, https:\/\/newsestlyonnais.fr\/site\/wp-content\/uploads\/2022\/05\/IMG-9338-650x867.jpg 650w, https:\/\/newsestlyonnais.fr\/site\/wp-content\/uploads\/2022\/05\/IMG-9338-250x333.jpg 250w, https:\/\/newsestlyonnais.fr\/site\/wp-content\/uploads\/2022\/05\/IMG-9338-768x1024.jpg 768w, https:\/\/newsestlyonnais.fr\/site\/wp-content\/uploads\/2022\/05\/IMG-9338-150x200.jpg 150w, https:\/\/newsestlyonnais.fr\/site\/wp-content\/uploads\/2022\/05\/IMG-9338-50x67.jpg 50w, https:\/\/newsestlyonnais.fr\/site\/wp-content\/uploads\/2022\/05\/IMG-9338-100x133.jpg 100w, https:\/\/newsestlyonnais.fr\/site\/wp-content\/uploads\/2022\/05\/IMG-9338-200x267.jpg 200w, https:\/\/newsestlyonnais.fr\/site\/wp-content\/uploads\/2022\/05\/IMG-9338-300x400.jpg 300w, https:\/\/newsestlyonnais.fr\/site\/wp-content\/uploads\/2022\/05\/IMG-9338-350x467.jpg 350w, https:\/\/newsestlyonnais.fr\/site\/wp-content\/uploads\/2022\/05\/IMG-9338-450x600.jpg 450w, https:\/\/newsestlyonnais.fr\/site\/wp-content\/uploads\/2022\/05\/IMG-9338-500x667.jpg 500w, https:\/\/newsestlyonnais.fr\/site\/wp-content\/uploads\/2022\/05\/IMG-9338-550x733.jpg 550w, https:\/\/newsestlyonnais.fr\/site\/wp-content\/uploads\/2022\/05\/IMG-9338-800x1067.jpg 800w, https:\/\/newsestlyonnais.fr\/site\/wp-content\/uploads\/2022\/05\/IMG-9338.jpg 900w\" sizes=\"auto, (max-width: 225px) 100vw, 225px\" \/>\u00a0\u00bb <strong>Aujourd\u2019hui, je favorise la r\u00e9cup\u00e9ration, notamment en ce qui concerne le sommeil et l\u2019alimentation<\/strong>.<\/p>\n<p><strong>J\u2019ai tout juste repris l\u2019entrainement avec une s\u00e9ance en souplesse<\/strong> pour retrouver progressivement les sensations sur le v\u00e9lo.<\/p>\n<p>La charge d\u2019entrainement restera relativement faible lors de cet entre-deux, pour favoriser la fraicheur physique, au d\u00e9part de cette nouvelle course \u00ab\u00a0.<\/p>\n<hr \/>\n<hr \/>\n<p><span style=\"background-color: #000000; color: #ffcc00; font-size: 14pt;\"><strong>Prochain d\u00e9fi &gt; Bordeaux-Paris (650 km \/ d\u00e9nivel\u00e9 5.600 D +) &gt; 20 &amp; 21 mai 2022<\/strong> <\/span><\/p>\n<hr \/>\n<div id='gallery-1' class='gallery galleryid-154913 gallery-columns-3 gallery-size-large'><figure class='gallery-item'>\n\t\t\t<div class='gallery-icon landscape'>\n\t\t\t\t<a href='https:\/\/newsestlyonnais.fr\/site\/2022\/05\/12\/christophe-coulomb-livre-ses-impressions-apres-le-bikingman-portugal\/a394c560-1dfe-4068-b5da-8327b5ae7c17\/'><img loading=\"lazy\" decoding=\"async\" width=\"640\" height=\"640\" src=\"https:\/\/newsestlyonnais.fr\/site\/wp-content\/uploads\/2022\/05\/A394C560-1DFE-4068-B5DA-8327B5AE7C17-650x650.jpg\" class=\"attachment-large size-large\" alt=\"\" srcset=\"https:\/\/newsestlyonnais.fr\/site\/wp-content\/uploads\/2022\/05\/A394C560-1DFE-4068-B5DA-8327B5AE7C17-650x650.jpg 650w, https:\/\/newsestlyonnais.fr\/site\/wp-content\/uploads\/2022\/05\/A394C560-1DFE-4068-B5DA-8327B5AE7C17-400x400.jpg 400w, https:\/\/newsestlyonnais.fr\/site\/wp-content\/uploads\/2022\/05\/A394C560-1DFE-4068-B5DA-8327B5AE7C17-250x250.jpg 250w, https:\/\/newsestlyonnais.fr\/site\/wp-content\/uploads\/2022\/05\/A394C560-1DFE-4068-B5DA-8327B5AE7C17-768x768.jpg 768w, https:\/\/newsestlyonnais.fr\/site\/wp-content\/uploads\/2022\/05\/A394C560-1DFE-4068-B5DA-8327B5AE7C17-150x150.jpg 150w, https:\/\/newsestlyonnais.fr\/site\/wp-content\/uploads\/2022\/05\/A394C560-1DFE-4068-B5DA-8327B5AE7C17-50x50.jpg 50w, https:\/\/newsestlyonnais.fr\/site\/wp-content\/uploads\/2022\/05\/A394C560-1DFE-4068-B5DA-8327B5AE7C17-100x100.jpg 100w, https:\/\/newsestlyonnais.fr\/site\/wp-content\/uploads\/2022\/05\/A394C560-1DFE-4068-B5DA-8327B5AE7C17-200x200.jpg 200w, https:\/\/newsestlyonnais.fr\/site\/wp-content\/uploads\/2022\/05\/A394C560-1DFE-4068-B5DA-8327B5AE7C17-300x300.jpg 300w, https:\/\/newsestlyonnais.fr\/site\/wp-content\/uploads\/2022\/05\/A394C560-1DFE-4068-B5DA-8327B5AE7C17-350x350.jpg 350w, https:\/\/newsestlyonnais.fr\/site\/wp-content\/uploads\/2022\/05\/A394C560-1DFE-4068-B5DA-8327B5AE7C17-450x450.jpg 450w, https:\/\/newsestlyonnais.fr\/site\/wp-content\/uploads\/2022\/05\/A394C560-1DFE-4068-B5DA-8327B5AE7C17-500x500.jpg 500w, https:\/\/newsestlyonnais.fr\/site\/wp-content\/uploads\/2022\/05\/A394C560-1DFE-4068-B5DA-8327B5AE7C17-550x550.jpg 550w, https:\/\/newsestlyonnais.fr\/site\/wp-content\/uploads\/2022\/05\/A394C560-1DFE-4068-B5DA-8327B5AE7C17-800x800.jpg 800w, https:\/\/newsestlyonnais.fr\/site\/wp-content\/uploads\/2022\/05\/A394C560-1DFE-4068-B5DA-8327B5AE7C17.jpg 1200w\" sizes=\"auto, (max-width: 640px) 100vw, 640px\" \/><\/a>\n\t\t\t<\/div><\/figure><figure class='gallery-item'>\n\t\t\t<div class='gallery-icon portrait'>\n\t\t\t\t<a href='https:\/\/newsestlyonnais.fr\/site\/2022\/05\/12\/christophe-coulomb-livre-ses-impressions-apres-le-bikingman-portugal\/img-9457\/'><img loading=\"lazy\" decoding=\"async\" width=\"562\" height=\"750\" src=\"https:\/\/newsestlyonnais.fr\/site\/wp-content\/uploads\/2022\/05\/IMG-9457-650x867.jpg\" class=\"attachment-large size-large\" alt=\"\" srcset=\"https:\/\/newsestlyonnais.fr\/site\/wp-content\/uploads\/2022\/05\/IMG-9457-650x867.jpg 650w, https:\/\/newsestlyonnais.fr\/site\/wp-content\/uploads\/2022\/05\/IMG-9457-400x533.jpg 400w, https:\/\/newsestlyonnais.fr\/site\/wp-content\/uploads\/2022\/05\/IMG-9457-250x333.jpg 250w, https:\/\/newsestlyonnais.fr\/site\/wp-content\/uploads\/2022\/05\/IMG-9457-768x1024.jpg 768w, https:\/\/newsestlyonnais.fr\/site\/wp-content\/uploads\/2022\/05\/IMG-9457-150x200.jpg 150w, https:\/\/newsestlyonnais.fr\/site\/wp-content\/uploads\/2022\/05\/IMG-9457-50x67.jpg 50w, https:\/\/newsestlyonnais.fr\/site\/wp-content\/uploads\/2022\/05\/IMG-9457-100x133.jpg 100w, https:\/\/newsestlyonnais.fr\/site\/wp-content\/uploads\/2022\/05\/IMG-9457-200x267.jpg 200w, https:\/\/newsestlyonnais.fr\/site\/wp-content\/uploads\/2022\/05\/IMG-9457-300x400.jpg 300w, https:\/\/newsestlyonnais.fr\/site\/wp-content\/uploads\/2022\/05\/IMG-9457-350x467.jpg 350w, https:\/\/newsestlyonnais.fr\/site\/wp-content\/uploads\/2022\/05\/IMG-9457-450x600.jpg 450w, https:\/\/newsestlyonnais.fr\/site\/wp-content\/uploads\/2022\/05\/IMG-9457-500x667.jpg 500w, https:\/\/newsestlyonnais.fr\/site\/wp-content\/uploads\/2022\/05\/IMG-9457-550x733.jpg 550w, https:\/\/newsestlyonnais.fr\/site\/wp-content\/uploads\/2022\/05\/IMG-9457-800x1067.jpg 800w, https:\/\/newsestlyonnais.fr\/site\/wp-content\/uploads\/2022\/05\/IMG-9457.jpg 900w\" sizes=\"auto, (max-width: 562px) 100vw, 562px\" \/><\/a>\n\t\t\t<\/div><\/figure><figure class='gallery-item'>\n\t\t\t<div class='gallery-icon landscape'>\n\t\t\t\t<a href='https:\/\/newsestlyonnais.fr\/site\/2022\/05\/12\/christophe-coulomb-livre-ses-impressions-apres-le-bikingman-portugal\/875eefbe-3e8e-4860-a86e-c3ebd3c39bdc\/'><img loading=\"lazy\" decoding=\"async\" width=\"640\" height=\"480\" src=\"https:\/\/newsestlyonnais.fr\/site\/wp-content\/uploads\/2022\/05\/875EEFBE-3E8E-4860-A86E-C3EBD3C39BDC-650x487.jpg\" class=\"attachment-large size-large\" alt=\"\" srcset=\"https:\/\/newsestlyonnais.fr\/site\/wp-content\/uploads\/2022\/05\/875EEFBE-3E8E-4860-A86E-C3EBD3C39BDC-650x487.jpg 650w, https:\/\/newsestlyonnais.fr\/site\/wp-content\/uploads\/2022\/05\/875EEFBE-3E8E-4860-A86E-C3EBD3C39BDC-400x300.jpg 400w, https:\/\/newsestlyonnais.fr\/site\/wp-content\/uploads\/2022\/05\/875EEFBE-3E8E-4860-A86E-C3EBD3C39BDC-250x187.jpg 250w, https:\/\/newsestlyonnais.fr\/site\/wp-content\/uploads\/2022\/05\/875EEFBE-3E8E-4860-A86E-C3EBD3C39BDC-768x576.jpg 768w, https:\/\/newsestlyonnais.fr\/site\/wp-content\/uploads\/2022\/05\/875EEFBE-3E8E-4860-A86E-C3EBD3C39BDC-150x112.jpg 150w, https:\/\/newsestlyonnais.fr\/site\/wp-content\/uploads\/2022\/05\/875EEFBE-3E8E-4860-A86E-C3EBD3C39BDC-50x37.jpg 50w, https:\/\/newsestlyonnais.fr\/site\/wp-content\/uploads\/2022\/05\/875EEFBE-3E8E-4860-A86E-C3EBD3C39BDC-100x75.jpg 100w, https:\/\/newsestlyonnais.fr\/site\/wp-content\/uploads\/2022\/05\/875EEFBE-3E8E-4860-A86E-C3EBD3C39BDC-200x150.jpg 200w, https:\/\/newsestlyonnais.fr\/site\/wp-content\/uploads\/2022\/05\/875EEFBE-3E8E-4860-A86E-C3EBD3C39BDC-300x225.jpg 300w, https:\/\/newsestlyonnais.fr\/site\/wp-content\/uploads\/2022\/05\/875EEFBE-3E8E-4860-A86E-C3EBD3C39BDC-350x262.jpg 350w, https:\/\/newsestlyonnais.fr\/site\/wp-content\/uploads\/2022\/05\/875EEFBE-3E8E-4860-A86E-C3EBD3C39BDC-450x337.jpg 450w, https:\/\/newsestlyonnais.fr\/site\/wp-content\/uploads\/2022\/05\/875EEFBE-3E8E-4860-A86E-C3EBD3C39BDC-500x375.jpg 500w, https:\/\/newsestlyonnais.fr\/site\/wp-content\/uploads\/2022\/05\/875EEFBE-3E8E-4860-A86E-C3EBD3C39BDC-550x412.jpg 550w, https:\/\/newsestlyonnais.fr\/site\/wp-content\/uploads\/2022\/05\/875EEFBE-3E8E-4860-A86E-C3EBD3C39BDC-800x600.jpg 800w, https:\/\/newsestlyonnais.fr\/site\/wp-content\/uploads\/2022\/05\/875EEFBE-3E8E-4860-A86E-C3EBD3C39BDC-1200x900.jpg 1200w, https:\/\/newsestlyonnais.fr\/site\/wp-content\/uploads\/2022\/05\/875EEFBE-3E8E-4860-A86E-C3EBD3C39BDC.jpg 1203w\" sizes=\"auto, (max-width: 640px) 100vw, 640px\" \/><\/a>\n\t\t\t<\/div><\/figure>\n\t\t<\/div>\n\n","protected":false},"excerpt":{"rendered":"<p>Nouvelle aventure d\u00e9roul\u00e9e d\u00e9but mai, pour le sp\u00e9cialiste villeurbannais de l&rsquo;ultra-cyclisme qui enchaine les \u00e9preuves de longue distance ! <\/p>\n","protected":false},"author":4,"featured_media":154939,"comment_status":"open","ping_status":"open","sticky":false,"template":"","format":"standard","meta":{"footnotes":""},"categories":[2969,137,3250,29],"tags":[4281,4282,3910],"class_list":["post-154913","post","type-post","status-publish","format-standard","has-post-thumbnail","hentry","category-cyclisme-cyclo-vtt","category-interviews","category-recits-de-course-portraits-interviews","category-villeurbanne","tag-bikingman-portugal","tag-bordeaux-paris","tag-christophe-coulomb"],"yoast_head":"<!-- This site is optimized with the Yoast SEO plugin v27.2 - https:\/\/yoast.com\/product\/yoast-seo-wordpress\/ -->\n<title>Christophe Coulomb livre ses impressions apr\u00e8s le &quot;Bikingman Portugal&quot; - News Est Lyonnais<\/title>\n<meta name=\"description\" content=\"Christophe Coulomb livre ses impressions apr\u00e8s le &quot;Bikingman Portugal&quot;\" \/>\n<meta name=\"robots\" content=\"index, follow, max-snippet:-1, max-image-preview:large, max-video-preview:-1\" \/>\n<link rel=\"canonical\" href=\"https:\/\/newsestlyonnais.fr\/site\/2022\/05\/12\/christophe-coulomb-livre-ses-impressions-apres-le-bikingman-portugal\/\" \/>\n<meta property=\"og:locale\" content=\"fr_FR\" \/>\n<meta property=\"og:type\" content=\"article\" \/>\n<meta property=\"og:title\" content=\"Christophe Coulomb livre ses impressions apr\u00e8s le &quot;Bikingman Portugal&quot; - News Est Lyonnais\" \/>\n<meta property=\"og:description\" content=\"Christophe Coulomb livre ses impressions apr\u00e8s le &quot;Bikingman Portugal&quot;\" \/>\n<meta property=\"og:url\" content=\"https:\/\/newsestlyonnais.fr\/site\/2022\/05\/12\/christophe-coulomb-livre-ses-impressions-apres-le-bikingman-portugal\/\" \/>\n<meta property=\"og:site_name\" content=\"News Est Lyonnais\" \/>\n<meta property=\"article:author\" content=\"https:\/\/www.facebook.com\/pascal.oberson.1?fref=ts\" \/>\n<meta property=\"article:published_time\" content=\"2022-05-12T12:41:44+00:00\" \/>\n<meta property=\"og:image\" content=\"https:\/\/newsestlyonnais.fr\/site\/wp-content\/uploads\/2022\/05\/78E8F818-31F9-491E-A6D1-ED04E07A7DBF.jpg\" \/>\n\t<meta property=\"og:image:width\" content=\"1200\" \/>\n\t<meta property=\"og:image:height\" content=\"933\" \/>\n\t<meta property=\"og:image:type\" content=\"image\/jpeg\" \/>\n<meta name=\"author\" content=\"R\u00e9dac. NEWS\" \/>\n<meta name=\"twitter:card\" content=\"summary_large_image\" \/>\n<meta name=\"twitter:label1\" content=\"\u00c9crit par\" \/>\n\t<meta name=\"twitter:data1\" content=\"R\u00e9dac. NEWS\" \/>\n\t<meta name=\"twitter:label2\" content=\"Dur\u00e9e de lecture estim\u00e9e\" \/>\n\t<meta name=\"twitter:data2\" content=\"8 minutes\" \/>\n<script type=\"application\/ld+json\" class=\"yoast-schema-graph\">{\"@context\":\"https:\/\/schema.org\",\"@graph\":[{\"@type\":\"Article\",\"@id\":\"https:\/\/newsestlyonnais.fr\/site\/2022\/05\/12\/christophe-coulomb-livre-ses-impressions-apres-le-bikingman-portugal\/#article\",\"isPartOf\":{\"@id\":\"https:\/\/newsestlyonnais.fr\/site\/2022\/05\/12\/christophe-coulomb-livre-ses-impressions-apres-le-bikingman-portugal\/\"},\"author\":{\"name\":\"R\u00e9dac. NEWS\",\"@id\":\"https:\/\/newsestlyonnais.fr\/site\/#\/schema\/person\/3230d5615f390bb808365d673001e887\"},\"headline\":\"Christophe Coulomb livre ses impressions apr\u00e8s le \u00ab\u00a0Bikingman Portugal\u00a0\u00bb\",\"datePublished\":\"2022-05-12T12:41:44+00:00\",\"mainEntityOfPage\":{\"@id\":\"https:\/\/newsestlyonnais.fr\/site\/2022\/05\/12\/christophe-coulomb-livre-ses-impressions-apres-le-bikingman-portugal\/\"},\"wordCount\":1534,\"commentCount\":2,\"publisher\":{\"@id\":\"https:\/\/newsestlyonnais.fr\/site\/#organization\"},\"image\":{\"@id\":\"https:\/\/newsestlyonnais.fr\/site\/2022\/05\/12\/christophe-coulomb-livre-ses-impressions-apres-le-bikingman-portugal\/#primaryimage\"},\"thumbnailUrl\":\"https:\/\/newsestlyonnais.fr\/site\/wp-content\/uploads\/2022\/05\/78E8F818-31F9-491E-A6D1-ED04E07A7DBF.jpg\",\"keywords\":[\"Bikingman Portugal\",\"Bordeaux-Paris\",\"Christophe Coulomb\"],\"articleSection\":[\"Cyclisme | Cyclo | Vtt\",\"Interviews\",\"R\u00e9cits de course \/ Portraits \/ Interviews\",\"Villeurbanne\"],\"inLanguage\":\"fr-FR\",\"potentialAction\":[{\"@type\":\"CommentAction\",\"name\":\"Comment\",\"target\":[\"https:\/\/newsestlyonnais.fr\/site\/2022\/05\/12\/christophe-coulomb-livre-ses-impressions-apres-le-bikingman-portugal\/#respond\"]}]},{\"@type\":\"WebPage\",\"@id\":\"https:\/\/newsestlyonnais.fr\/site\/2022\/05\/12\/christophe-coulomb-livre-ses-impressions-apres-le-bikingman-portugal\/\",\"url\":\"https:\/\/newsestlyonnais.fr\/site\/2022\/05\/12\/christophe-coulomb-livre-ses-impressions-apres-le-bikingman-portugal\/\",\"name\":\"Christophe Coulomb livre ses impressions apr\u00e8s le \\\"Bikingman Portugal\\\" - News Est Lyonnais\",\"isPartOf\":{\"@id\":\"https:\/\/newsestlyonnais.fr\/site\/#website\"},\"primaryImageOfPage\":{\"@id\":\"https:\/\/newsestlyonnais.fr\/site\/2022\/05\/12\/christophe-coulomb-livre-ses-impressions-apres-le-bikingman-portugal\/#primaryimage\"},\"image\":{\"@id\":\"https:\/\/newsestlyonnais.fr\/site\/2022\/05\/12\/christophe-coulomb-livre-ses-impressions-apres-le-bikingman-portugal\/#primaryimage\"},\"thumbnailUrl\":\"https:\/\/newsestlyonnais.fr\/site\/wp-content\/uploads\/2022\/05\/78E8F818-31F9-491E-A6D1-ED04E07A7DBF.jpg\",\"datePublished\":\"2022-05-12T12:41:44+00:00\",\"description\":\"Christophe Coulomb livre ses impressions apr\u00e8s le \\\"Bikingman Portugal\\\"\",\"breadcrumb\":{\"@id\":\"https:\/\/newsestlyonnais.fr\/site\/2022\/05\/12\/christophe-coulomb-livre-ses-impressions-apres-le-bikingman-portugal\/#breadcrumb\"},\"inLanguage\":\"fr-FR\",\"potentialAction\":[{\"@type\":\"ReadAction\",\"target\":[\"https:\/\/newsestlyonnais.fr\/site\/2022\/05\/12\/christophe-coulomb-livre-ses-impressions-apres-le-bikingman-portugal\/\"]}]},{\"@type\":\"ImageObject\",\"inLanguage\":\"fr-FR\",\"@id\":\"https:\/\/newsestlyonnais.fr\/site\/2022\/05\/12\/christophe-coulomb-livre-ses-impressions-apres-le-bikingman-portugal\/#primaryimage\",\"url\":\"https:\/\/newsestlyonnais.fr\/site\/wp-content\/uploads\/2022\/05\/78E8F818-31F9-491E-A6D1-ED04E07A7DBF.jpg\",\"contentUrl\":\"https:\/\/newsestlyonnais.fr\/site\/wp-content\/uploads\/2022\/05\/78E8F818-31F9-491E-A6D1-ED04E07A7DBF.jpg\",\"width\":1200,\"height\":933},{\"@type\":\"BreadcrumbList\",\"@id\":\"https:\/\/newsestlyonnais.fr\/site\/2022\/05\/12\/christophe-coulomb-livre-ses-impressions-apres-le-bikingman-portugal\/#breadcrumb\",\"itemListElement\":[{\"@type\":\"ListItem\",\"position\":1,\"name\":\"Accueil\",\"item\":\"https:\/\/newsestlyonnais.fr\/site\/\"},{\"@type\":\"ListItem\",\"position\":2,\"name\":\"Christophe Coulomb livre ses impressions apr\u00e8s le \u00ab\u00a0Bikingman Portugal\u00a0\u00bb\"}]},{\"@type\":\"WebSite\",\"@id\":\"https:\/\/newsestlyonnais.fr\/site\/#website\",\"url\":\"https:\/\/newsestlyonnais.fr\/site\/\",\"name\":\"News Est Lyonnais\",\"description\":\"L&#039;actualit\u00e9 au plus pr\u00e8s\",\"publisher\":{\"@id\":\"https:\/\/newsestlyonnais.fr\/site\/#organization\"},\"potentialAction\":[{\"@type\":\"SearchAction\",\"target\":{\"@type\":\"EntryPoint\",\"urlTemplate\":\"https:\/\/newsestlyonnais.fr\/site\/?s={search_term_string}\"},\"query-input\":{\"@type\":\"PropertyValueSpecification\",\"valueRequired\":true,\"valueName\":\"search_term_string\"}}],\"inLanguage\":\"fr-FR\"},{\"@type\":\"Organization\",\"@id\":\"https:\/\/newsestlyonnais.fr\/site\/#organization\",\"name\":\"News EST LYONNAIS\",\"url\":\"https:\/\/newsestlyonnais.fr\/site\/\",\"logo\":{\"@type\":\"ImageObject\",\"inLanguage\":\"fr-FR\",\"@id\":\"https:\/\/newsestlyonnais.fr\/site\/#\/schema\/logo\/image\/\",\"url\":\"\",\"contentUrl\":\"\",\"caption\":\"News EST LYONNAIS\"},\"image\":{\"@id\":\"https:\/\/newsestlyonnais.fr\/site\/#\/schema\/logo\/image\/\"}},{\"@type\":\"Person\",\"@id\":\"https:\/\/newsestlyonnais.fr\/site\/#\/schema\/person\/3230d5615f390bb808365d673001e887\",\"name\":\"R\u00e9dac. NEWS\",\"sameAs\":[\"http:\/\/www.newsestlyonnais.fr\",\"https:\/\/www.facebook.com\/pascal.oberson.1?fref=ts\",\"https:\/\/fr.linkedin.com\/in\/pascal-oberson-b17045113\"],\"url\":\"https:\/\/newsestlyonnais.fr\/site\/author\/nel\/\"}]}<\/script>\n<!-- \/ Yoast SEO plugin. -->","yoast_head_json":{"title":"Christophe Coulomb livre ses impressions apr\u00e8s le \"Bikingman Portugal\" - News Est Lyonnais","description":"Christophe Coulomb livre ses impressions apr\u00e8s le \"Bikingman Portugal\"","robots":{"index":"index","follow":"follow","max-snippet":"max-snippet:-1","max-image-preview":"max-image-preview:large","max-video-preview":"max-video-preview:-1"},"canonical":"https:\/\/newsestlyonnais.fr\/site\/2022\/05\/12\/christophe-coulomb-livre-ses-impressions-apres-le-bikingman-portugal\/","og_locale":"fr_FR","og_type":"article","og_title":"Christophe Coulomb livre ses impressions apr\u00e8s le \"Bikingman Portugal\" - News Est Lyonnais","og_description":"Christophe Coulomb livre ses impressions apr\u00e8s le \"Bikingman Portugal\"","og_url":"https:\/\/newsestlyonnais.fr\/site\/2022\/05\/12\/christophe-coulomb-livre-ses-impressions-apres-le-bikingman-portugal\/","og_site_name":"News Est Lyonnais","article_author":"https:\/\/www.facebook.com\/pascal.oberson.1?fref=ts","article_published_time":"2022-05-12T12:41:44+00:00","og_image":[{"width":1200,"height":933,"url":"https:\/\/newsestlyonnais.fr\/site\/wp-content\/uploads\/2022\/05\/78E8F818-31F9-491E-A6D1-ED04E07A7DBF.jpg","type":"image\/jpeg"}],"author":"R\u00e9dac. NEWS","twitter_card":"summary_large_image","twitter_misc":{"\u00c9crit par":"R\u00e9dac. NEWS","Dur\u00e9e de lecture estim\u00e9e":"8 minutes"},"schema":{"@context":"https:\/\/schema.org","@graph":[{"@type":"Article","@id":"https:\/\/newsestlyonnais.fr\/site\/2022\/05\/12\/christophe-coulomb-livre-ses-impressions-apres-le-bikingman-portugal\/#article","isPartOf":{"@id":"https:\/\/newsestlyonnais.fr\/site\/2022\/05\/12\/christophe-coulomb-livre-ses-impressions-apres-le-bikingman-portugal\/"},"author":{"name":"R\u00e9dac. NEWS","@id":"https:\/\/newsestlyonnais.fr\/site\/#\/schema\/person\/3230d5615f390bb808365d673001e887"},"headline":"Christophe Coulomb livre ses impressions apr\u00e8s le \u00ab\u00a0Bikingman Portugal\u00a0\u00bb","datePublished":"2022-05-12T12:41:44+00:00","mainEntityOfPage":{"@id":"https:\/\/newsestlyonnais.fr\/site\/2022\/05\/12\/christophe-coulomb-livre-ses-impressions-apres-le-bikingman-portugal\/"},"wordCount":1534,"commentCount":2,"publisher":{"@id":"https:\/\/newsestlyonnais.fr\/site\/#organization"},"image":{"@id":"https:\/\/newsestlyonnais.fr\/site\/2022\/05\/12\/christophe-coulomb-livre-ses-impressions-apres-le-bikingman-portugal\/#primaryimage"},"thumbnailUrl":"https:\/\/newsestlyonnais.fr\/site\/wp-content\/uploads\/2022\/05\/78E8F818-31F9-491E-A6D1-ED04E07A7DBF.jpg","keywords":["Bikingman Portugal","Bordeaux-Paris","Christophe Coulomb"],"articleSection":["Cyclisme | Cyclo | Vtt","Interviews","R\u00e9cits de course \/ Portraits \/ Interviews","Villeurbanne"],"inLanguage":"fr-FR","potentialAction":[{"@type":"CommentAction","name":"Comment","target":["https:\/\/newsestlyonnais.fr\/site\/2022\/05\/12\/christophe-coulomb-livre-ses-impressions-apres-le-bikingman-portugal\/#respond"]}]},{"@type":"WebPage","@id":"https:\/\/newsestlyonnais.fr\/site\/2022\/05\/12\/christophe-coulomb-livre-ses-impressions-apres-le-bikingman-portugal\/","url":"https:\/\/newsestlyonnais.fr\/site\/2022\/05\/12\/christophe-coulomb-livre-ses-impressions-apres-le-bikingman-portugal\/","name":"Christophe Coulomb livre ses impressions apr\u00e8s le \"Bikingman Portugal\" - News Est Lyonnais","isPartOf":{"@id":"https:\/\/newsestlyonnais.fr\/site\/#website"},"primaryImageOfPage":{"@id":"https:\/\/newsestlyonnais.fr\/site\/2022\/05\/12\/christophe-coulomb-livre-ses-impressions-apres-le-bikingman-portugal\/#primaryimage"},"image":{"@id":"https:\/\/newsestlyonnais.fr\/site\/2022\/05\/12\/christophe-coulomb-livre-ses-impressions-apres-le-bikingman-portugal\/#primaryimage"},"thumbnailUrl":"https:\/\/newsestlyonnais.fr\/site\/wp-content\/uploads\/2022\/05\/78E8F818-31F9-491E-A6D1-ED04E07A7DBF.jpg","datePublished":"2022-05-12T12:41:44+00:00","description":"Christophe Coulomb livre ses impressions apr\u00e8s le \"Bikingman Portugal\"","breadcrumb":{"@id":"https:\/\/newsestlyonnais.fr\/site\/2022\/05\/12\/christophe-coulomb-livre-ses-impressions-apres-le-bikingman-portugal\/#breadcrumb"},"inLanguage":"fr-FR","potentialAction":[{"@type":"ReadAction","target":["https:\/\/newsestlyonnais.fr\/site\/2022\/05\/12\/christophe-coulomb-livre-ses-impressions-apres-le-bikingman-portugal\/"]}]},{"@type":"ImageObject","inLanguage":"fr-FR","@id":"https:\/\/newsestlyonnais.fr\/site\/2022\/05\/12\/christophe-coulomb-livre-ses-impressions-apres-le-bikingman-portugal\/#primaryimage","url":"https:\/\/newsestlyonnais.fr\/site\/wp-content\/uploads\/2022\/05\/78E8F818-31F9-491E-A6D1-ED04E07A7DBF.jpg","contentUrl":"https:\/\/newsestlyonnais.fr\/site\/wp-content\/uploads\/2022\/05\/78E8F818-31F9-491E-A6D1-ED04E07A7DBF.jpg","width":1200,"height":933},{"@type":"BreadcrumbList","@id":"https:\/\/newsestlyonnais.fr\/site\/2022\/05\/12\/christophe-coulomb-livre-ses-impressions-apres-le-bikingman-portugal\/#breadcrumb","itemListElement":[{"@type":"ListItem","position":1,"name":"Accueil","item":"https:\/\/newsestlyonnais.fr\/site\/"},{"@type":"ListItem","position":2,"name":"Christophe Coulomb livre ses impressions apr\u00e8s le \u00ab\u00a0Bikingman Portugal\u00a0\u00bb"}]},{"@type":"WebSite","@id":"https:\/\/newsestlyonnais.fr\/site\/#website","url":"https:\/\/newsestlyonnais.fr\/site\/","name":"News Est Lyonnais","description":"L&#039;actualit\u00e9 au plus pr\u00e8s","publisher":{"@id":"https:\/\/newsestlyonnais.fr\/site\/#organization"},"potentialAction":[{"@type":"SearchAction","target":{"@type":"EntryPoint","urlTemplate":"https:\/\/newsestlyonnais.fr\/site\/?s={search_term_string}"},"query-input":{"@type":"PropertyValueSpecification","valueRequired":true,"valueName":"search_term_string"}}],"inLanguage":"fr-FR"},{"@type":"Organization","@id":"https:\/\/newsestlyonnais.fr\/site\/#organization","name":"News EST LYONNAIS","url":"https:\/\/newsestlyonnais.fr\/site\/","logo":{"@type":"ImageObject","inLanguage":"fr-FR","@id":"https:\/\/newsestlyonnais.fr\/site\/#\/schema\/logo\/image\/","url":"","contentUrl":"","caption":"News EST LYONNAIS"},"image":{"@id":"https:\/\/newsestlyonnais.fr\/site\/#\/schema\/logo\/image\/"}},{"@type":"Person","@id":"https:\/\/newsestlyonnais.fr\/site\/#\/schema\/person\/3230d5615f390bb808365d673001e887","name":"R\u00e9dac. NEWS","sameAs":["http:\/\/www.newsestlyonnais.fr","https:\/\/www.facebook.com\/pascal.oberson.1?fref=ts","https:\/\/fr.linkedin.com\/in\/pascal-oberson-b17045113"],"url":"https:\/\/newsestlyonnais.fr\/site\/author\/nel\/"}]}},"_links":{"self":[{"href":"https:\/\/newsestlyonnais.fr\/site\/wp-json\/wp\/v2\/posts\/154913","targetHints":{"allow":["GET"]}}],"collection":[{"href":"https:\/\/newsestlyonnais.fr\/site\/wp-json\/wp\/v2\/posts"}],"about":[{"href":"https:\/\/newsestlyonnais.fr\/site\/wp-json\/wp\/v2\/types\/post"}],"author":[{"embeddable":true,"href":"https:\/\/newsestlyonnais.fr\/site\/wp-json\/wp\/v2\/users\/4"}],"replies":[{"embeddable":true,"href":"https:\/\/newsestlyonnais.fr\/site\/wp-json\/wp\/v2\/comments?post=154913"}],"version-history":[{"count":0,"href":"https:\/\/newsestlyonnais.fr\/site\/wp-json\/wp\/v2\/posts\/154913\/revisions"}],"wp:featuredmedia":[{"embeddable":true,"href":"https:\/\/newsestlyonnais.fr\/site\/wp-json\/wp\/v2\/media\/154939"}],"wp:attachment":[{"href":"https:\/\/newsestlyonnais.fr\/site\/wp-json\/wp\/v2\/media?parent=154913"}],"wp:term":[{"taxonomy":"category","embeddable":true,"href":"https:\/\/newsestlyonnais.fr\/site\/wp-json\/wp\/v2\/categories?post=154913"},{"taxonomy":"post_tag","embeddable":true,"href":"https:\/\/newsestlyonnais.fr\/site\/wp-json\/wp\/v2\/tags?post=154913"}],"curies":[{"name":"wp","href":"https:\/\/api.w.org\/{rel}","templated":true}]}}