{"id":155192,"date":"2022-05-16T16:51:13","date_gmt":"2022-05-16T15:51:13","guid":{"rendered":"https:\/\/newsestlyonnais.fr\/site\/?p=155192"},"modified":"2022-05-24T13:48:53","modified_gmt":"2022-05-24T12:48:53","slug":"bron-athle-fit-une-nouvelle-activite-a-lasul-bron-athletisme","status":"publish","type":"post","link":"https:\/\/newsestlyonnais.fr\/site\/2022\/05\/16\/bron-athle-fit-une-nouvelle-activite-a-lasul-bron-athletisme\/","title":{"rendered":"BRON | Athl\u00e9 Fit, une nouvelle activit\u00e9 \u00e0 l&rsquo;Asul Bron athl\u00e9tisme"},"content":{"rendered":"<div class=\"ydp8d5b926byahoo-style-wrap\" style=\"font-family: Helvetica Neue, Helvetica, Arial, sans-serif; font-size: 13px;\">\n<div>\n<div dir=\"ltr\" data-setdir=\"false\">\n<div>\n<div class=\"ydp92ee4e58cxmmr5t8 ydp92ee4e58oygrvhab ydp92ee4e58hcukyx3x ydp92ee4e58c1et5uql ydp92ee4e58o9v6fnle ydp92ee4e58ii04i59q\" style=\"margin: 0.5em 0px 0px; font-family: Segoe UI Historic, Segoe UI, Helvetica, Arial, sans-serif; white-space: pre-wrap; color: #050505; font-size: 15px;\">\n<div>\n<p>Une pratique tout \u00e0 fait innovante et qui va vous vite vous s\u00e9duire, <strong>ouverte aux individus \u00e2g\u00e9s entre 17 et 60 ans !<\/strong><\/p>\n<p>Une activit\u00e9 propos\u00e9e par une \u00e9ducatrice du club, Grace Matamba.<\/p>\n<p>Si vous \u00eates motiv\u00e9s, venez tester l\u2019activit\u00e9 au stade Pierre Duboeuf lors de <strong>s\u00e9ances d\u2019essais et gratuites de 18 h \u00e0 19 h 30<\/strong> les :<\/p>\n<ul>\n<li><strong>16, 17, 18, 19 et 20 mai 2022<\/strong><\/li>\n<li><strong>1er, 8, et 15 juin 2022<\/strong><\/li>\n<\/ul>\n<hr \/>\n<p><span style=\"font-size: 14pt; font-family: georgia, palatino, serif;\"><img loading=\"lazy\" decoding=\"async\" class=\"size-full wp-image-155202 alignright\" src=\"https:\/\/newsestlyonnais.fr\/site\/wp-content\/uploads\/2022\/05\/Visuel-Fit.jpg\" alt=\"\" width=\"425\" height=\"118\" srcset=\"https:\/\/newsestlyonnais.fr\/site\/wp-content\/uploads\/2022\/05\/Visuel-Fit.jpg 425w, https:\/\/newsestlyonnais.fr\/site\/wp-content\/uploads\/2022\/05\/Visuel-Fit-400x111.jpg 400w, https:\/\/newsestlyonnais.fr\/site\/wp-content\/uploads\/2022\/05\/Visuel-Fit-250x69.jpg 250w, https:\/\/newsestlyonnais.fr\/site\/wp-content\/uploads\/2022\/05\/Visuel-Fit-150x42.jpg 150w, https:\/\/newsestlyonnais.fr\/site\/wp-content\/uploads\/2022\/05\/Visuel-Fit-50x14.jpg 50w, https:\/\/newsestlyonnais.fr\/site\/wp-content\/uploads\/2022\/05\/Visuel-Fit-100x28.jpg 100w, https:\/\/newsestlyonnais.fr\/site\/wp-content\/uploads\/2022\/05\/Visuel-Fit-200x56.jpg 200w, https:\/\/newsestlyonnais.fr\/site\/wp-content\/uploads\/2022\/05\/Visuel-Fit-300x83.jpg 300w, https:\/\/newsestlyonnais.fr\/site\/wp-content\/uploads\/2022\/05\/Visuel-Fit-350x97.jpg 350w\" sizes=\"auto, (max-width: 425px) 100vw, 425px\" \/><\/span><\/p>\n<p><span style=\"font-size: 14pt; font-family: georgia, palatino, serif;\"><em><strong>Pour s\u2019inscrire &gt;<\/strong><\/em> <a href=\"https:\/\/asulbronathletisme.comiti-sport.fr\/?fbclid=IwAR0SJ9hMml8m3lsypy3dvF-L-z-a-xz9Y85YZ58jCFmWL0ZEmoMndE0A8VU\"><span style=\"color: #0000ff;\">https:\/\/asulbronathletisme<\/span><\/a><\/span><\/p>\n<hr \/>\n<p>&nbsp;<\/p>\n<hr \/>\n<p><img loading=\"lazy\" decoding=\"async\" class=\"aligncenter size-large wp-image-155201\" src=\"https:\/\/newsestlyonnais.fr\/site\/wp-content\/uploads\/2022\/05\/NEWSESTLYONNAIS-ATHLE-FIT-ASUL-BRON-650x917.jpg\" alt=\"\" width=\"532\" height=\"750\" srcset=\"https:\/\/newsestlyonnais.fr\/site\/wp-content\/uploads\/2022\/05\/NEWSESTLYONNAIS-ATHLE-FIT-ASUL-BRON-650x917.jpg 650w, https:\/\/newsestlyonnais.fr\/site\/wp-content\/uploads\/2022\/05\/NEWSESTLYONNAIS-ATHLE-FIT-ASUL-BRON-400x564.jpg 400w, https:\/\/newsestlyonnais.fr\/site\/wp-content\/uploads\/2022\/05\/NEWSESTLYONNAIS-ATHLE-FIT-ASUL-BRON-250x353.jpg 250w, https:\/\/newsestlyonnais.fr\/site\/wp-content\/uploads\/2022\/05\/NEWSESTLYONNAIS-ATHLE-FIT-ASUL-BRON-768x1083.jpg 768w, https:\/\/newsestlyonnais.fr\/site\/wp-content\/uploads\/2022\/05\/NEWSESTLYONNAIS-ATHLE-FIT-ASUL-BRON-150x212.jpg 150w, https:\/\/newsestlyonnais.fr\/site\/wp-content\/uploads\/2022\/05\/NEWSESTLYONNAIS-ATHLE-FIT-ASUL-BRON-50x71.jpg 50w, https:\/\/newsestlyonnais.fr\/site\/wp-content\/uploads\/2022\/05\/NEWSESTLYONNAIS-ATHLE-FIT-ASUL-BRON-100x141.jpg 100w, https:\/\/newsestlyonnais.fr\/site\/wp-content\/uploads\/2022\/05\/NEWSESTLYONNAIS-ATHLE-FIT-ASUL-BRON-200x282.jpg 200w, https:\/\/newsestlyonnais.fr\/site\/wp-content\/uploads\/2022\/05\/NEWSESTLYONNAIS-ATHLE-FIT-ASUL-BRON-300x423.jpg 300w, https:\/\/newsestlyonnais.fr\/site\/wp-content\/uploads\/2022\/05\/NEWSESTLYONNAIS-ATHLE-FIT-ASUL-BRON-350x494.jpg 350w, https:\/\/newsestlyonnais.fr\/site\/wp-content\/uploads\/2022\/05\/NEWSESTLYONNAIS-ATHLE-FIT-ASUL-BRON-450x635.jpg 450w, https:\/\/newsestlyonnais.fr\/site\/wp-content\/uploads\/2022\/05\/NEWSESTLYONNAIS-ATHLE-FIT-ASUL-BRON-500x705.jpg 500w, https:\/\/newsestlyonnais.fr\/site\/wp-content\/uploads\/2022\/05\/NEWSESTLYONNAIS-ATHLE-FIT-ASUL-BRON-550x776.jpg 550w, https:\/\/newsestlyonnais.fr\/site\/wp-content\/uploads\/2022\/05\/NEWSESTLYONNAIS-ATHLE-FIT-ASUL-BRON-800x1128.jpg 800w, https:\/\/newsestlyonnais.fr\/site\/wp-content\/uploads\/2022\/05\/NEWSESTLYONNAIS-ATHLE-FIT-ASUL-BRON.jpg 851w\" sizes=\"auto, (max-width: 532px) 100vw, 532px\" \/><\/p>\n<\/div>\n<\/div>\n<\/div>\n<\/div>\n<\/div>\n<\/div>\n","protected":false},"excerpt":{"rendered":"<p>Plusieurs s\u00e9ances d\u2019essais gratuites sont propos\u00e9es en mai et juin pour d\u00e9couvrir ce m\u00e9lange de sport de salle et d\u2019athl\u00e9tisme. <\/p>\n","protected":false},"author":4,"featured_media":155196,"comment_status":"open","ping_status":"open","sticky":false,"template":"","format":"standard","meta":{"footnotes":""},"categories":[2968,19,2],"tags":[4117,4288,2072],"class_list":["post-155192","post","type-post","status-publish","format-standard","has-post-thumbnail","hentry","category-athle-course-pied-marche","category-bron","category-sports","tag-asul-bron-athletisme","tag-athle-fit","tag-bron"],"yoast_head":"<!-- This site is optimized with the Yoast SEO plugin v27.2 - https:\/\/yoast.com\/product\/yoast-seo-wordpress\/ -->\n<title>BRON | Athl\u00e9 Fit, une nouvelle activit\u00e9 \u00e0 l&#039;Asul Bron athl\u00e9tisme - News Est Lyonnais<\/title>\n<meta name=\"description\" content=\"BRON | Athl\u00e9 Fit, une nouvelle activit\u00e9 \u00e0 l&#039;Asul Bron athl\u00e9tisme\" \/>\n<meta name=\"robots\" content=\"index, follow, max-snippet:-1, max-image-preview:large, max-video-preview:-1\" \/>\n<link rel=\"canonical\" href=\"https:\/\/newsestlyonnais.fr\/site\/2022\/05\/16\/bron-athle-fit-une-nouvelle-activite-a-lasul-bron-athletisme\/\" \/>\n<meta property=\"og:locale\" content=\"fr_FR\" \/>\n<meta property=\"og:type\" content=\"article\" \/>\n<meta property=\"og:title\" content=\"BRON | Athl\u00e9 Fit, une nouvelle activit\u00e9 \u00e0 l&#039;Asul Bron athl\u00e9tisme - News Est Lyonnais\" \/>\n<meta property=\"og:description\" content=\"BRON | Athl\u00e9 Fit, une nouvelle activit\u00e9 \u00e0 l&#039;Asul Bron athl\u00e9tisme\" \/>\n<meta property=\"og:url\" content=\"https:\/\/newsestlyonnais.fr\/site\/2022\/05\/16\/bron-athle-fit-une-nouvelle-activite-a-lasul-bron-athletisme\/\" \/>\n<meta property=\"og:site_name\" content=\"News Est Lyonnais\" \/>\n<meta property=\"article:author\" content=\"https:\/\/www.facebook.com\/pascal.oberson.1?fref=ts\" \/>\n<meta property=\"article:published_time\" content=\"2022-05-16T15:51:13+00:00\" \/>\n<meta property=\"article:modified_time\" content=\"2022-05-24T12:48:53+00:00\" \/>\n<meta property=\"og:image\" content=\"https:\/\/newsestlyonnais.fr\/site\/wp-content\/uploads\/2022\/05\/OIP-2.jpg\" \/>\n\t<meta property=\"og:image:width\" content=\"387\" \/>\n\t<meta property=\"og:image:height\" content=\"270\" \/>\n\t<meta property=\"og:image:type\" content=\"image\/jpeg\" \/>\n<meta name=\"author\" content=\"R\u00e9dac. NEWS\" \/>\n<meta name=\"twitter:card\" content=\"summary_large_image\" \/>\n<meta name=\"twitter:label1\" content=\"\u00c9crit par\" \/>\n\t<meta name=\"twitter:data1\" content=\"R\u00e9dac. NEWS\" \/>\n\t<meta name=\"twitter:label2\" content=\"Dur\u00e9e de lecture estim\u00e9e\" \/>\n\t<meta name=\"twitter:data2\" content=\"1 minute\" \/>\n<script type=\"application\/ld+json\" class=\"yoast-schema-graph\">{\"@context\":\"https:\/\/schema.org\",\"@graph\":[{\"@type\":\"Article\",\"@id\":\"https:\/\/newsestlyonnais.fr\/site\/2022\/05\/16\/bron-athle-fit-une-nouvelle-activite-a-lasul-bron-athletisme\/#article\",\"isPartOf\":{\"@id\":\"https:\/\/newsestlyonnais.fr\/site\/2022\/05\/16\/bron-athle-fit-une-nouvelle-activite-a-lasul-bron-athletisme\/\"},\"author\":{\"name\":\"R\u00e9dac. NEWS\",\"@id\":\"https:\/\/newsestlyonnais.fr\/site\/#\/schema\/person\/3230d5615f390bb808365d673001e887\"},\"headline\":\"BRON | Athl\u00e9 Fit, une nouvelle activit\u00e9 \u00e0 l&rsquo;Asul Bron athl\u00e9tisme\",\"datePublished\":\"2022-05-16T15:51:13+00:00\",\"dateModified\":\"2022-05-24T12:48:53+00:00\",\"mainEntityOfPage\":{\"@id\":\"https:\/\/newsestlyonnais.fr\/site\/2022\/05\/16\/bron-athle-fit-une-nouvelle-activite-a-lasul-bron-athletisme\/\"},\"wordCount\":80,\"commentCount\":0,\"publisher\":{\"@id\":\"https:\/\/newsestlyonnais.fr\/site\/#organization\"},\"image\":{\"@id\":\"https:\/\/newsestlyonnais.fr\/site\/2022\/05\/16\/bron-athle-fit-une-nouvelle-activite-a-lasul-bron-athletisme\/#primaryimage\"},\"thumbnailUrl\":\"https:\/\/newsestlyonnais.fr\/site\/wp-content\/uploads\/2022\/05\/OIP-2.jpg\",\"keywords\":[\"ASUL Bron Athl\u00e9tisme\",\"Athl\u00e9 Fit\",\"BRON\"],\"articleSection\":[\"Athl\u00e9 | Course pied | Marche\",\"Bron\",\"Sports\"],\"inLanguage\":\"fr-FR\",\"potentialAction\":[{\"@type\":\"CommentAction\",\"name\":\"Comment\",\"target\":[\"https:\/\/newsestlyonnais.fr\/site\/2022\/05\/16\/bron-athle-fit-une-nouvelle-activite-a-lasul-bron-athletisme\/#respond\"]}]},{\"@type\":\"WebPage\",\"@id\":\"https:\/\/newsestlyonnais.fr\/site\/2022\/05\/16\/bron-athle-fit-une-nouvelle-activite-a-lasul-bron-athletisme\/\",\"url\":\"https:\/\/newsestlyonnais.fr\/site\/2022\/05\/16\/bron-athle-fit-une-nouvelle-activite-a-lasul-bron-athletisme\/\",\"name\":\"BRON | Athl\u00e9 Fit, une nouvelle activit\u00e9 \u00e0 l'Asul Bron athl\u00e9tisme - News Est Lyonnais\",\"isPartOf\":{\"@id\":\"https:\/\/newsestlyonnais.fr\/site\/#website\"},\"primaryImageOfPage\":{\"@id\":\"https:\/\/newsestlyonnais.fr\/site\/2022\/05\/16\/bron-athle-fit-une-nouvelle-activite-a-lasul-bron-athletisme\/#primaryimage\"},\"image\":{\"@id\":\"https:\/\/newsestlyonnais.fr\/site\/2022\/05\/16\/bron-athle-fit-une-nouvelle-activite-a-lasul-bron-athletisme\/#primaryimage\"},\"thumbnailUrl\":\"https:\/\/newsestlyonnais.fr\/site\/wp-content\/uploads\/2022\/05\/OIP-2.jpg\",\"datePublished\":\"2022-05-16T15:51:13+00:00\",\"dateModified\":\"2022-05-24T12:48:53+00:00\",\"description\":\"BRON | Athl\u00e9 Fit, une nouvelle activit\u00e9 \u00e0 l'Asul Bron athl\u00e9tisme\",\"breadcrumb\":{\"@id\":\"https:\/\/newsestlyonnais.fr\/site\/2022\/05\/16\/bron-athle-fit-une-nouvelle-activite-a-lasul-bron-athletisme\/#breadcrumb\"},\"inLanguage\":\"fr-FR\",\"potentialAction\":[{\"@type\":\"ReadAction\",\"target\":[\"https:\/\/newsestlyonnais.fr\/site\/2022\/05\/16\/bron-athle-fit-une-nouvelle-activite-a-lasul-bron-athletisme\/\"]}]},{\"@type\":\"ImageObject\",\"inLanguage\":\"fr-FR\",\"@id\":\"https:\/\/newsestlyonnais.fr\/site\/2022\/05\/16\/bron-athle-fit-une-nouvelle-activite-a-lasul-bron-athletisme\/#primaryimage\",\"url\":\"https:\/\/newsestlyonnais.fr\/site\/wp-content\/uploads\/2022\/05\/OIP-2.jpg\",\"contentUrl\":\"https:\/\/newsestlyonnais.fr\/site\/wp-content\/uploads\/2022\/05\/OIP-2.jpg\",\"width\":387,\"height\":270},{\"@type\":\"BreadcrumbList\",\"@id\":\"https:\/\/newsestlyonnais.fr\/site\/2022\/05\/16\/bron-athle-fit-une-nouvelle-activite-a-lasul-bron-athletisme\/#breadcrumb\",\"itemListElement\":[{\"@type\":\"ListItem\",\"position\":1,\"name\":\"Accueil\",\"item\":\"https:\/\/newsestlyonnais.fr\/site\/\"},{\"@type\":\"ListItem\",\"position\":2,\"name\":\"BRON | Athl\u00e9 Fit, une nouvelle activit\u00e9 \u00e0 l&rsquo;Asul Bron athl\u00e9tisme\"}]},{\"@type\":\"WebSite\",\"@id\":\"https:\/\/newsestlyonnais.fr\/site\/#website\",\"url\":\"https:\/\/newsestlyonnais.fr\/site\/\",\"name\":\"News Est Lyonnais\",\"description\":\"L&#039;actualit\u00e9 au plus pr\u00e8s\",\"publisher\":{\"@id\":\"https:\/\/newsestlyonnais.fr\/site\/#organization\"},\"potentialAction\":[{\"@type\":\"SearchAction\",\"target\":{\"@type\":\"EntryPoint\",\"urlTemplate\":\"https:\/\/newsestlyonnais.fr\/site\/?s={search_term_string}\"},\"query-input\":{\"@type\":\"PropertyValueSpecification\",\"valueRequired\":true,\"valueName\":\"search_term_string\"}}],\"inLanguage\":\"fr-FR\"},{\"@type\":\"Organization\",\"@id\":\"https:\/\/newsestlyonnais.fr\/site\/#organization\",\"name\":\"News EST LYONNAIS\",\"url\":\"https:\/\/newsestlyonnais.fr\/site\/\",\"logo\":{\"@type\":\"ImageObject\",\"inLanguage\":\"fr-FR\",\"@id\":\"https:\/\/newsestlyonnais.fr\/site\/#\/schema\/logo\/image\/\",\"url\":\"\",\"contentUrl\":\"\",\"caption\":\"News EST LYONNAIS\"},\"image\":{\"@id\":\"https:\/\/newsestlyonnais.fr\/site\/#\/schema\/logo\/image\/\"}},{\"@type\":\"Person\",\"@id\":\"https:\/\/newsestlyonnais.fr\/site\/#\/schema\/person\/3230d5615f390bb808365d673001e887\",\"name\":\"R\u00e9dac. NEWS\",\"sameAs\":[\"http:\/\/www.newsestlyonnais.fr\",\"https:\/\/www.facebook.com\/pascal.oberson.1?fref=ts\",\"https:\/\/fr.linkedin.com\/in\/pascal-oberson-b17045113\"],\"url\":\"https:\/\/newsestlyonnais.fr\/site\/author\/nel\/\"}]}<\/script>\n<!-- \/ Yoast SEO plugin. -->","yoast_head_json":{"title":"BRON | Athl\u00e9 Fit, une nouvelle activit\u00e9 \u00e0 l'Asul Bron athl\u00e9tisme - News Est Lyonnais","description":"BRON | Athl\u00e9 Fit, une nouvelle activit\u00e9 \u00e0 l'Asul Bron athl\u00e9tisme","robots":{"index":"index","follow":"follow","max-snippet":"max-snippet:-1","max-image-preview":"max-image-preview:large","max-video-preview":"max-video-preview:-1"},"canonical":"https:\/\/newsestlyonnais.fr\/site\/2022\/05\/16\/bron-athle-fit-une-nouvelle-activite-a-lasul-bron-athletisme\/","og_locale":"fr_FR","og_type":"article","og_title":"BRON | Athl\u00e9 Fit, une nouvelle activit\u00e9 \u00e0 l'Asul Bron athl\u00e9tisme - News Est Lyonnais","og_description":"BRON | Athl\u00e9 Fit, une nouvelle activit\u00e9 \u00e0 l'Asul Bron athl\u00e9tisme","og_url":"https:\/\/newsestlyonnais.fr\/site\/2022\/05\/16\/bron-athle-fit-une-nouvelle-activite-a-lasul-bron-athletisme\/","og_site_name":"News Est Lyonnais","article_author":"https:\/\/www.facebook.com\/pascal.oberson.1?fref=ts","article_published_time":"2022-05-16T15:51:13+00:00","article_modified_time":"2022-05-24T12:48:53+00:00","og_image":[{"width":387,"height":270,"url":"https:\/\/newsestlyonnais.fr\/site\/wp-content\/uploads\/2022\/05\/OIP-2.jpg","type":"image\/jpeg"}],"author":"R\u00e9dac. NEWS","twitter_card":"summary_large_image","twitter_misc":{"\u00c9crit par":"R\u00e9dac. NEWS","Dur\u00e9e de lecture estim\u00e9e":"1 minute"},"schema":{"@context":"https:\/\/schema.org","@graph":[{"@type":"Article","@id":"https:\/\/newsestlyonnais.fr\/site\/2022\/05\/16\/bron-athle-fit-une-nouvelle-activite-a-lasul-bron-athletisme\/#article","isPartOf":{"@id":"https:\/\/newsestlyonnais.fr\/site\/2022\/05\/16\/bron-athle-fit-une-nouvelle-activite-a-lasul-bron-athletisme\/"},"author":{"name":"R\u00e9dac. NEWS","@id":"https:\/\/newsestlyonnais.fr\/site\/#\/schema\/person\/3230d5615f390bb808365d673001e887"},"headline":"BRON | Athl\u00e9 Fit, une nouvelle activit\u00e9 \u00e0 l&rsquo;Asul Bron athl\u00e9tisme","datePublished":"2022-05-16T15:51:13+00:00","dateModified":"2022-05-24T12:48:53+00:00","mainEntityOfPage":{"@id":"https:\/\/newsestlyonnais.fr\/site\/2022\/05\/16\/bron-athle-fit-une-nouvelle-activite-a-lasul-bron-athletisme\/"},"wordCount":80,"commentCount":0,"publisher":{"@id":"https:\/\/newsestlyonnais.fr\/site\/#organization"},"image":{"@id":"https:\/\/newsestlyonnais.fr\/site\/2022\/05\/16\/bron-athle-fit-une-nouvelle-activite-a-lasul-bron-athletisme\/#primaryimage"},"thumbnailUrl":"https:\/\/newsestlyonnais.fr\/site\/wp-content\/uploads\/2022\/05\/OIP-2.jpg","keywords":["ASUL Bron Athl\u00e9tisme","Athl\u00e9 Fit","BRON"],"articleSection":["Athl\u00e9 | Course pied | Marche","Bron","Sports"],"inLanguage":"fr-FR","potentialAction":[{"@type":"CommentAction","name":"Comment","target":["https:\/\/newsestlyonnais.fr\/site\/2022\/05\/16\/bron-athle-fit-une-nouvelle-activite-a-lasul-bron-athletisme\/#respond"]}]},{"@type":"WebPage","@id":"https:\/\/newsestlyonnais.fr\/site\/2022\/05\/16\/bron-athle-fit-une-nouvelle-activite-a-lasul-bron-athletisme\/","url":"https:\/\/newsestlyonnais.fr\/site\/2022\/05\/16\/bron-athle-fit-une-nouvelle-activite-a-lasul-bron-athletisme\/","name":"BRON | Athl\u00e9 Fit, une nouvelle activit\u00e9 \u00e0 l'Asul Bron athl\u00e9tisme - News Est Lyonnais","isPartOf":{"@id":"https:\/\/newsestlyonnais.fr\/site\/#website"},"primaryImageOfPage":{"@id":"https:\/\/newsestlyonnais.fr\/site\/2022\/05\/16\/bron-athle-fit-une-nouvelle-activite-a-lasul-bron-athletisme\/#primaryimage"},"image":{"@id":"https:\/\/newsestlyonnais.fr\/site\/2022\/05\/16\/bron-athle-fit-une-nouvelle-activite-a-lasul-bron-athletisme\/#primaryimage"},"thumbnailUrl":"https:\/\/newsestlyonnais.fr\/site\/wp-content\/uploads\/2022\/05\/OIP-2.jpg","datePublished":"2022-05-16T15:51:13+00:00","dateModified":"2022-05-24T12:48:53+00:00","description":"BRON | Athl\u00e9 Fit, une nouvelle activit\u00e9 \u00e0 l'Asul Bron athl\u00e9tisme","breadcrumb":{"@id":"https:\/\/newsestlyonnais.fr\/site\/2022\/05\/16\/bron-athle-fit-une-nouvelle-activite-a-lasul-bron-athletisme\/#breadcrumb"},"inLanguage":"fr-FR","potentialAction":[{"@type":"ReadAction","target":["https:\/\/newsestlyonnais.fr\/site\/2022\/05\/16\/bron-athle-fit-une-nouvelle-activite-a-lasul-bron-athletisme\/"]}]},{"@type":"ImageObject","inLanguage":"fr-FR","@id":"https:\/\/newsestlyonnais.fr\/site\/2022\/05\/16\/bron-athle-fit-une-nouvelle-activite-a-lasul-bron-athletisme\/#primaryimage","url":"https:\/\/newsestlyonnais.fr\/site\/wp-content\/uploads\/2022\/05\/OIP-2.jpg","contentUrl":"https:\/\/newsestlyonnais.fr\/site\/wp-content\/uploads\/2022\/05\/OIP-2.jpg","width":387,"height":270},{"@type":"BreadcrumbList","@id":"https:\/\/newsestlyonnais.fr\/site\/2022\/05\/16\/bron-athle-fit-une-nouvelle-activite-a-lasul-bron-athletisme\/#breadcrumb","itemListElement":[{"@type":"ListItem","position":1,"name":"Accueil","item":"https:\/\/newsestlyonnais.fr\/site\/"},{"@type":"ListItem","position":2,"name":"BRON | Athl\u00e9 Fit, une nouvelle activit\u00e9 \u00e0 l&rsquo;Asul Bron athl\u00e9tisme"}]},{"@type":"WebSite","@id":"https:\/\/newsestlyonnais.fr\/site\/#website","url":"https:\/\/newsestlyonnais.fr\/site\/","name":"News Est Lyonnais","description":"L&#039;actualit\u00e9 au plus pr\u00e8s","publisher":{"@id":"https:\/\/newsestlyonnais.fr\/site\/#organization"},"potentialAction":[{"@type":"SearchAction","target":{"@type":"EntryPoint","urlTemplate":"https:\/\/newsestlyonnais.fr\/site\/?s={search_term_string}"},"query-input":{"@type":"PropertyValueSpecification","valueRequired":true,"valueName":"search_term_string"}}],"inLanguage":"fr-FR"},{"@type":"Organization","@id":"https:\/\/newsestlyonnais.fr\/site\/#organization","name":"News EST LYONNAIS","url":"https:\/\/newsestlyonnais.fr\/site\/","logo":{"@type":"ImageObject","inLanguage":"fr-FR","@id":"https:\/\/newsestlyonnais.fr\/site\/#\/schema\/logo\/image\/","url":"","contentUrl":"","caption":"News EST LYONNAIS"},"image":{"@id":"https:\/\/newsestlyonnais.fr\/site\/#\/schema\/logo\/image\/"}},{"@type":"Person","@id":"https:\/\/newsestlyonnais.fr\/site\/#\/schema\/person\/3230d5615f390bb808365d673001e887","name":"R\u00e9dac. NEWS","sameAs":["http:\/\/www.newsestlyonnais.fr","https:\/\/www.facebook.com\/pascal.oberson.1?fref=ts","https:\/\/fr.linkedin.com\/in\/pascal-oberson-b17045113"],"url":"https:\/\/newsestlyonnais.fr\/site\/author\/nel\/"}]}},"_links":{"self":[{"href":"https:\/\/newsestlyonnais.fr\/site\/wp-json\/wp\/v2\/posts\/155192","targetHints":{"allow":["GET"]}}],"collection":[{"href":"https:\/\/newsestlyonnais.fr\/site\/wp-json\/wp\/v2\/posts"}],"about":[{"href":"https:\/\/newsestlyonnais.fr\/site\/wp-json\/wp\/v2\/types\/post"}],"author":[{"embeddable":true,"href":"https:\/\/newsestlyonnais.fr\/site\/wp-json\/wp\/v2\/users\/4"}],"replies":[{"embeddable":true,"href":"https:\/\/newsestlyonnais.fr\/site\/wp-json\/wp\/v2\/comments?post=155192"}],"version-history":[{"count":0,"href":"https:\/\/newsestlyonnais.fr\/site\/wp-json\/wp\/v2\/posts\/155192\/revisions"}],"wp:featuredmedia":[{"embeddable":true,"href":"https:\/\/newsestlyonnais.fr\/site\/wp-json\/wp\/v2\/media\/155196"}],"wp:attachment":[{"href":"https:\/\/newsestlyonnais.fr\/site\/wp-json\/wp\/v2\/media?parent=155192"}],"wp:term":[{"taxonomy":"category","embeddable":true,"href":"https:\/\/newsestlyonnais.fr\/site\/wp-json\/wp\/v2\/categories?post=155192"},{"taxonomy":"post_tag","embeddable":true,"href":"https:\/\/newsestlyonnais.fr\/site\/wp-json\/wp\/v2\/tags?post=155192"}],"curies":[{"name":"wp","href":"https:\/\/api.w.org\/{rel}","templated":true}]}}