{"id":15531,"date":"2016-11-09T16:09:54","date_gmt":"2016-11-09T15:09:54","guid":{"rendered":"http:\/\/newsestlyonnais.fr\/site\/?p=15531"},"modified":"2021-09-17T09:23:33","modified_gmt":"2021-09-17T08:23:33","slug":"vaulx-velin-sortie-falaise-centre-pilote-descalade","status":"publish","type":"post","link":"https:\/\/newsestlyonnais.fr\/site\/2016\/11\/09\/vaulx-velin-sortie-falaise-centre-pilote-descalade\/","title":{"rendered":"VAULX-EN-VELIN | Sortie en falaise pour le Centre Pilote et d\u2019Escalade"},"content":{"rendered":"<h4 class=\"article-content clearfix\">Le Centre Pilote d\u2019Escalade et d\u2019Alpinisme de Vaulx en Velin (C.P.E.A.V.V.) avait programm\u00e9 lors du premier week-end de novembre, sa derni\u00e8re sortie en falaises de l\u2019ann\u00e9e.<\/h4>\n<section class=\"article-content clearfix\">Quatorze membres du club, ados et adultes, gar\u00e7ons et filles ont ainsi pu profiter d\u2019une m\u00e9t\u00e9o id\u00e9ale pour grimper sur de superbes falaises situ\u00e9es \u00e0 Seynes (Gard) et Saint Bauzille de Montmel (H\u00e9rault).<\/section>\n<section class=\"article-content clearfix\"><\/section>\n<section class=\"article-content clearfix\"><\/section>\n<section class=\"article-content clearfix\"><strong>&#8211; Retrouvez l&rsquo;ACTU du club sur: <a href=\"http:\/\/www.cpeavv.com\" target=\"_blank\" rel=\"noopener noreferrer\">http:\/\/www.cpeavv.com<\/a><\/strong><\/section>\n<section class=\"article-content clearfix\"><\/section>\n<section class=\"article-content clearfix\"><a href=\"http:\/\/www.cpeavv.com\" target=\"_blank\" rel=\"noopener noreferrer\"><img loading=\"lazy\" decoding=\"async\" class=\"alignleft size-full wp-image-15537\" src=\"https:\/\/newsestlyonnais.fr\/site\/medias\/2016\/11\/NEWSESTLYONNAIS-sortie-cpeavv-02.jpg\" alt=\"newsestlyonnais-sortie-cpeavv-02\" width=\"1000\" height=\"750\" srcset=\"https:\/\/newsestlyonnais.fr\/site\/wp-content\/uploads\/2016\/11\/NEWSESTLYONNAIS-sortie-cpeavv-02.jpg 1000w, https:\/\/newsestlyonnais.fr\/site\/wp-content\/uploads\/2016\/11\/NEWSESTLYONNAIS-sortie-cpeavv-02-400x300.jpg 400w, https:\/\/newsestlyonnais.fr\/site\/wp-content\/uploads\/2016\/11\/NEWSESTLYONNAIS-sortie-cpeavv-02-768x576.jpg 768w, https:\/\/newsestlyonnais.fr\/site\/wp-content\/uploads\/2016\/11\/NEWSESTLYONNAIS-sortie-cpeavv-02-600x450.jpg 600w, https:\/\/newsestlyonnais.fr\/site\/wp-content\/uploads\/2016\/11\/NEWSESTLYONNAIS-sortie-cpeavv-02-100x75.jpg 100w\" sizes=\"auto, (max-width: 1000px) 100vw, 1000px\" \/><\/a><img loading=\"lazy\" decoding=\"async\" class=\"alignleft size-full wp-image-15539\" src=\"https:\/\/newsestlyonnais.fr\/site\/medias\/2016\/11\/NEWSESTLYONNAIS-sortie-cpeavv-01-.jpg\" alt=\"newsestlyonnais-sortie-cpeavv-01\" width=\"1000\" height=\"750\" srcset=\"https:\/\/newsestlyonnais.fr\/site\/wp-content\/uploads\/2016\/11\/NEWSESTLYONNAIS-sortie-cpeavv-01-.jpg 1000w, https:\/\/newsestlyonnais.fr\/site\/wp-content\/uploads\/2016\/11\/NEWSESTLYONNAIS-sortie-cpeavv-01--400x300.jpg 400w, https:\/\/newsestlyonnais.fr\/site\/wp-content\/uploads\/2016\/11\/NEWSESTLYONNAIS-sortie-cpeavv-01--768x576.jpg 768w, https:\/\/newsestlyonnais.fr\/site\/wp-content\/uploads\/2016\/11\/NEWSESTLYONNAIS-sortie-cpeavv-01--600x450.jpg 600w, https:\/\/newsestlyonnais.fr\/site\/wp-content\/uploads\/2016\/11\/NEWSESTLYONNAIS-sortie-cpeavv-01--100x75.jpg 100w\" sizes=\"auto, (max-width: 1000px) 100vw, 1000px\" \/><\/section>\n<section class=\"article-content clearfix\"><\/section>\n<section class=\"article-content clearfix\"><\/section>\n<section class=\"article-content clearfix\"><\/section>\n<section class=\"article-content clearfix\"><img loading=\"lazy\" decoding=\"async\" class=\"alignleft size-full wp-image-15535\" src=\"https:\/\/newsestlyonnais.fr\/site\/medias\/2016\/11\/NEWSESTLYONNAIS-sortie-cpeavv-03-.jpg\" alt=\"newsestlyonnais-sortie-cpeavv-03\" width=\"1000\" height=\"750\" srcset=\"https:\/\/newsestlyonnais.fr\/site\/wp-content\/uploads\/2016\/11\/NEWSESTLYONNAIS-sortie-cpeavv-03-.jpg 1000w, https:\/\/newsestlyonnais.fr\/site\/wp-content\/uploads\/2016\/11\/NEWSESTLYONNAIS-sortie-cpeavv-03--400x300.jpg 400w, https:\/\/newsestlyonnais.fr\/site\/wp-content\/uploads\/2016\/11\/NEWSESTLYONNAIS-sortie-cpeavv-03--768x576.jpg 768w, https:\/\/newsestlyonnais.fr\/site\/wp-content\/uploads\/2016\/11\/NEWSESTLYONNAIS-sortie-cpeavv-03--600x450.jpg 600w, https:\/\/newsestlyonnais.fr\/site\/wp-content\/uploads\/2016\/11\/NEWSESTLYONNAIS-sortie-cpeavv-03--100x75.jpg 100w\" sizes=\"auto, (max-width: 1000px) 100vw, 1000px\" \/><\/section>\n","protected":false},"excerpt":{"rendered":"<p>Le Centre Pilote d\u2019Escalade et d\u2019Alpinisme de Vaulx en Velin (C.P.E.A.V.V.) avait programm\u00e9 lors du premier week-end de novembre, sa derni\u00e8re sortie en falaises de l\u2019ann\u00e9e. Quatorze membres du club, ados et adultes, gar\u00e7ons et filles ont ainsi pu profiter d\u2019une m\u00e9t\u00e9o id\u00e9ale pour grimper sur de superbes falaises situ\u00e9es \u00e0 Seynes (Gard) et Saint [&hellip;]<\/p>\n","protected":false},"author":4,"featured_media":15533,"comment_status":"open","ping_status":"open","sticky":false,"template":"","format":"standard","meta":{"footnotes":""},"categories":[574,166,3899,2,28],"tags":[],"class_list":["post-15531","post","type-post","status-publish","format-standard","has-post-thumbnail","hentry","category-autres-sports","category-divers-sports","category-escalade-golf","category-sports","category-vaulx-en-velin"],"yoast_head":"<!-- This site is optimized with the Yoast SEO plugin v27.2 - https:\/\/yoast.com\/product\/yoast-seo-wordpress\/ -->\n<title>VAULX EN VELIN : Sortie en falaise pour le Centre Pilote et d\u2019Escalade (C.P.E.A.V.V.)<\/title>\n<meta name=\"description\" content=\"VAULX EN VELIN : Sortie en falaise pour le Centre Pilote et d\u2019Escalade (C.P.E.A.V.V.)\" \/>\n<meta name=\"robots\" content=\"index, follow, max-snippet:-1, max-image-preview:large, max-video-preview:-1\" \/>\n<link rel=\"canonical\" href=\"https:\/\/newsestlyonnais.fr\/site\/2016\/11\/09\/vaulx-velin-sortie-falaise-centre-pilote-descalade\/\" \/>\n<meta property=\"og:locale\" content=\"fr_FR\" \/>\n<meta property=\"og:type\" content=\"article\" \/>\n<meta property=\"og:title\" content=\"VAULX EN VELIN : Sortie en falaise pour le Centre Pilote et d\u2019Escalade (C.P.E.A.V.V.)\" \/>\n<meta property=\"og:description\" content=\"VAULX EN VELIN : Sortie en falaise pour le Centre Pilote et d\u2019Escalade (C.P.E.A.V.V.)\" \/>\n<meta property=\"og:url\" content=\"https:\/\/newsestlyonnais.fr\/site\/2016\/11\/09\/vaulx-velin-sortie-falaise-centre-pilote-descalade\/\" \/>\n<meta property=\"og:site_name\" content=\"News Est Lyonnais\" \/>\n<meta property=\"article:author\" content=\"https:\/\/www.facebook.com\/pascal.oberson.1?fref=ts\" \/>\n<meta property=\"article:published_time\" content=\"2016-11-09T15:09:54+00:00\" \/>\n<meta property=\"article:modified_time\" content=\"2021-09-17T08:23:33+00:00\" \/>\n<meta property=\"og:image\" content=\"https:\/\/i0.wp.com\/newsestlyonnais.fr\/site\/wp-content\/uploads\/2016\/11\/NEWSESTLYONNAIS-SORTIE-cpeavv-.jpg?fit=1000%2C750&ssl=1\" \/>\n\t<meta property=\"og:image:width\" content=\"1000\" \/>\n\t<meta property=\"og:image:height\" content=\"750\" \/>\n\t<meta property=\"og:image:type\" content=\"image\/jpeg\" \/>\n<meta name=\"author\" content=\"R\u00e9dac. NEWS\" \/>\n<meta name=\"twitter:card\" content=\"summary_large_image\" \/>\n<meta name=\"twitter:label1\" content=\"\u00c9crit par\" \/>\n\t<meta name=\"twitter:data1\" content=\"R\u00e9dac. NEWS\" \/>\n<script type=\"application\/ld+json\" class=\"yoast-schema-graph\">{\"@context\":\"https:\/\/schema.org\",\"@graph\":[{\"@type\":\"Article\",\"@id\":\"https:\/\/newsestlyonnais.fr\/site\/2016\/11\/09\/vaulx-velin-sortie-falaise-centre-pilote-descalade\/#article\",\"isPartOf\":{\"@id\":\"https:\/\/newsestlyonnais.fr\/site\/2016\/11\/09\/vaulx-velin-sortie-falaise-centre-pilote-descalade\/\"},\"author\":{\"name\":\"R\u00e9dac. NEWS\",\"@id\":\"https:\/\/newsestlyonnais.fr\/site\/#\/schema\/person\/3230d5615f390bb808365d673001e887\"},\"headline\":\"VAULX-EN-VELIN | Sortie en falaise pour le Centre Pilote et d\u2019Escalade\",\"datePublished\":\"2016-11-09T15:09:54+00:00\",\"dateModified\":\"2021-09-17T08:23:33+00:00\",\"mainEntityOfPage\":{\"@id\":\"https:\/\/newsestlyonnais.fr\/site\/2016\/11\/09\/vaulx-velin-sortie-falaise-centre-pilote-descalade\/\"},\"wordCount\":97,\"commentCount\":0,\"publisher\":{\"@id\":\"https:\/\/newsestlyonnais.fr\/site\/#organization\"},\"image\":{\"@id\":\"https:\/\/newsestlyonnais.fr\/site\/2016\/11\/09\/vaulx-velin-sortie-falaise-centre-pilote-descalade\/#primaryimage\"},\"thumbnailUrl\":\"https:\/\/newsestlyonnais.fr\/site\/wp-content\/uploads\/2016\/11\/NEWSESTLYONNAIS-SORTIE-cpeavv-.jpg\",\"articleSection\":[\"Autres sports\",\"Divers Sports\",\"Escalade | Golf\",\"Sports\",\"Vaulx-en-Velin\"],\"inLanguage\":\"fr-FR\",\"potentialAction\":[{\"@type\":\"CommentAction\",\"name\":\"Comment\",\"target\":[\"https:\/\/newsestlyonnais.fr\/site\/2016\/11\/09\/vaulx-velin-sortie-falaise-centre-pilote-descalade\/#respond\"]}]},{\"@type\":\"WebPage\",\"@id\":\"https:\/\/newsestlyonnais.fr\/site\/2016\/11\/09\/vaulx-velin-sortie-falaise-centre-pilote-descalade\/\",\"url\":\"https:\/\/newsestlyonnais.fr\/site\/2016\/11\/09\/vaulx-velin-sortie-falaise-centre-pilote-descalade\/\",\"name\":\"VAULX EN VELIN : Sortie en falaise pour le Centre Pilote et d\u2019Escalade (C.P.E.A.V.V.)\",\"isPartOf\":{\"@id\":\"https:\/\/newsestlyonnais.fr\/site\/#website\"},\"primaryImageOfPage\":{\"@id\":\"https:\/\/newsestlyonnais.fr\/site\/2016\/11\/09\/vaulx-velin-sortie-falaise-centre-pilote-descalade\/#primaryimage\"},\"image\":{\"@id\":\"https:\/\/newsestlyonnais.fr\/site\/2016\/11\/09\/vaulx-velin-sortie-falaise-centre-pilote-descalade\/#primaryimage\"},\"thumbnailUrl\":\"https:\/\/newsestlyonnais.fr\/site\/wp-content\/uploads\/2016\/11\/NEWSESTLYONNAIS-SORTIE-cpeavv-.jpg\",\"datePublished\":\"2016-11-09T15:09:54+00:00\",\"dateModified\":\"2021-09-17T08:23:33+00:00\",\"description\":\"VAULX EN VELIN : Sortie en falaise pour le Centre Pilote et d\u2019Escalade (C.P.E.A.V.V.)\",\"breadcrumb\":{\"@id\":\"https:\/\/newsestlyonnais.fr\/site\/2016\/11\/09\/vaulx-velin-sortie-falaise-centre-pilote-descalade\/#breadcrumb\"},\"inLanguage\":\"fr-FR\",\"potentialAction\":[{\"@type\":\"ReadAction\",\"target\":[\"https:\/\/newsestlyonnais.fr\/site\/2016\/11\/09\/vaulx-velin-sortie-falaise-centre-pilote-descalade\/\"]}]},{\"@type\":\"ImageObject\",\"inLanguage\":\"fr-FR\",\"@id\":\"https:\/\/newsestlyonnais.fr\/site\/2016\/11\/09\/vaulx-velin-sortie-falaise-centre-pilote-descalade\/#primaryimage\",\"url\":\"https:\/\/newsestlyonnais.fr\/site\/wp-content\/uploads\/2016\/11\/NEWSESTLYONNAIS-SORTIE-cpeavv-.jpg\",\"contentUrl\":\"https:\/\/newsestlyonnais.fr\/site\/wp-content\/uploads\/2016\/11\/NEWSESTLYONNAIS-SORTIE-cpeavv-.jpg\",\"width\":1000,\"height\":750},{\"@type\":\"BreadcrumbList\",\"@id\":\"https:\/\/newsestlyonnais.fr\/site\/2016\/11\/09\/vaulx-velin-sortie-falaise-centre-pilote-descalade\/#breadcrumb\",\"itemListElement\":[{\"@type\":\"ListItem\",\"position\":1,\"name\":\"Accueil\",\"item\":\"https:\/\/newsestlyonnais.fr\/site\/\"},{\"@type\":\"ListItem\",\"position\":2,\"name\":\"VAULX-EN-VELIN | Sortie en falaise pour le Centre Pilote et d\u2019Escalade\"}]},{\"@type\":\"WebSite\",\"@id\":\"https:\/\/newsestlyonnais.fr\/site\/#website\",\"url\":\"https:\/\/newsestlyonnais.fr\/site\/\",\"name\":\"News Est Lyonnais\",\"description\":\"L&#039;actualit\u00e9 au plus pr\u00e8s\",\"publisher\":{\"@id\":\"https:\/\/newsestlyonnais.fr\/site\/#organization\"},\"potentialAction\":[{\"@type\":\"SearchAction\",\"target\":{\"@type\":\"EntryPoint\",\"urlTemplate\":\"https:\/\/newsestlyonnais.fr\/site\/?s={search_term_string}\"},\"query-input\":{\"@type\":\"PropertyValueSpecification\",\"valueRequired\":true,\"valueName\":\"search_term_string\"}}],\"inLanguage\":\"fr-FR\"},{\"@type\":\"Organization\",\"@id\":\"https:\/\/newsestlyonnais.fr\/site\/#organization\",\"name\":\"News EST LYONNAIS\",\"url\":\"https:\/\/newsestlyonnais.fr\/site\/\",\"logo\":{\"@type\":\"ImageObject\",\"inLanguage\":\"fr-FR\",\"@id\":\"https:\/\/newsestlyonnais.fr\/site\/#\/schema\/logo\/image\/\",\"url\":\"\",\"contentUrl\":\"\",\"caption\":\"News EST LYONNAIS\"},\"image\":{\"@id\":\"https:\/\/newsestlyonnais.fr\/site\/#\/schema\/logo\/image\/\"}},{\"@type\":\"Person\",\"@id\":\"https:\/\/newsestlyonnais.fr\/site\/#\/schema\/person\/3230d5615f390bb808365d673001e887\",\"name\":\"R\u00e9dac. NEWS\",\"sameAs\":[\"http:\/\/www.newsestlyonnais.fr\",\"https:\/\/www.facebook.com\/pascal.oberson.1?fref=ts\",\"https:\/\/fr.linkedin.com\/in\/pascal-oberson-b17045113\"],\"url\":\"https:\/\/newsestlyonnais.fr\/site\/author\/nel\/\"}]}<\/script>\n<!-- \/ Yoast SEO plugin. -->","yoast_head_json":{"title":"VAULX EN VELIN : Sortie en falaise pour le Centre Pilote et d\u2019Escalade (C.P.E.A.V.V.)","description":"VAULX EN VELIN : Sortie en falaise pour le Centre Pilote et d\u2019Escalade (C.P.E.A.V.V.)","robots":{"index":"index","follow":"follow","max-snippet":"max-snippet:-1","max-image-preview":"max-image-preview:large","max-video-preview":"max-video-preview:-1"},"canonical":"https:\/\/newsestlyonnais.fr\/site\/2016\/11\/09\/vaulx-velin-sortie-falaise-centre-pilote-descalade\/","og_locale":"fr_FR","og_type":"article","og_title":"VAULX EN VELIN : Sortie en falaise pour le Centre Pilote et d\u2019Escalade (C.P.E.A.V.V.)","og_description":"VAULX EN VELIN : Sortie en falaise pour le Centre Pilote et d\u2019Escalade (C.P.E.A.V.V.)","og_url":"https:\/\/newsestlyonnais.fr\/site\/2016\/11\/09\/vaulx-velin-sortie-falaise-centre-pilote-descalade\/","og_site_name":"News Est Lyonnais","article_author":"https:\/\/www.facebook.com\/pascal.oberson.1?fref=ts","article_published_time":"2016-11-09T15:09:54+00:00","article_modified_time":"2021-09-17T08:23:33+00:00","og_image":[{"width":1000,"height":750,"url":"https:\/\/i0.wp.com\/newsestlyonnais.fr\/site\/wp-content\/uploads\/2016\/11\/NEWSESTLYONNAIS-SORTIE-cpeavv-.jpg?fit=1000%2C750&ssl=1","type":"image\/jpeg"}],"author":"R\u00e9dac. NEWS","twitter_card":"summary_large_image","twitter_misc":{"\u00c9crit par":"R\u00e9dac. NEWS"},"schema":{"@context":"https:\/\/schema.org","@graph":[{"@type":"Article","@id":"https:\/\/newsestlyonnais.fr\/site\/2016\/11\/09\/vaulx-velin-sortie-falaise-centre-pilote-descalade\/#article","isPartOf":{"@id":"https:\/\/newsestlyonnais.fr\/site\/2016\/11\/09\/vaulx-velin-sortie-falaise-centre-pilote-descalade\/"},"author":{"name":"R\u00e9dac. NEWS","@id":"https:\/\/newsestlyonnais.fr\/site\/#\/schema\/person\/3230d5615f390bb808365d673001e887"},"headline":"VAULX-EN-VELIN | Sortie en falaise pour le Centre Pilote et d\u2019Escalade","datePublished":"2016-11-09T15:09:54+00:00","dateModified":"2021-09-17T08:23:33+00:00","mainEntityOfPage":{"@id":"https:\/\/newsestlyonnais.fr\/site\/2016\/11\/09\/vaulx-velin-sortie-falaise-centre-pilote-descalade\/"},"wordCount":97,"commentCount":0,"publisher":{"@id":"https:\/\/newsestlyonnais.fr\/site\/#organization"},"image":{"@id":"https:\/\/newsestlyonnais.fr\/site\/2016\/11\/09\/vaulx-velin-sortie-falaise-centre-pilote-descalade\/#primaryimage"},"thumbnailUrl":"https:\/\/newsestlyonnais.fr\/site\/wp-content\/uploads\/2016\/11\/NEWSESTLYONNAIS-SORTIE-cpeavv-.jpg","articleSection":["Autres sports","Divers Sports","Escalade | Golf","Sports","Vaulx-en-Velin"],"inLanguage":"fr-FR","potentialAction":[{"@type":"CommentAction","name":"Comment","target":["https:\/\/newsestlyonnais.fr\/site\/2016\/11\/09\/vaulx-velin-sortie-falaise-centre-pilote-descalade\/#respond"]}]},{"@type":"WebPage","@id":"https:\/\/newsestlyonnais.fr\/site\/2016\/11\/09\/vaulx-velin-sortie-falaise-centre-pilote-descalade\/","url":"https:\/\/newsestlyonnais.fr\/site\/2016\/11\/09\/vaulx-velin-sortie-falaise-centre-pilote-descalade\/","name":"VAULX EN VELIN : Sortie en falaise pour le Centre Pilote et d\u2019Escalade (C.P.E.A.V.V.)","isPartOf":{"@id":"https:\/\/newsestlyonnais.fr\/site\/#website"},"primaryImageOfPage":{"@id":"https:\/\/newsestlyonnais.fr\/site\/2016\/11\/09\/vaulx-velin-sortie-falaise-centre-pilote-descalade\/#primaryimage"},"image":{"@id":"https:\/\/newsestlyonnais.fr\/site\/2016\/11\/09\/vaulx-velin-sortie-falaise-centre-pilote-descalade\/#primaryimage"},"thumbnailUrl":"https:\/\/newsestlyonnais.fr\/site\/wp-content\/uploads\/2016\/11\/NEWSESTLYONNAIS-SORTIE-cpeavv-.jpg","datePublished":"2016-11-09T15:09:54+00:00","dateModified":"2021-09-17T08:23:33+00:00","description":"VAULX EN VELIN : Sortie en falaise pour le Centre Pilote et d\u2019Escalade (C.P.E.A.V.V.)","breadcrumb":{"@id":"https:\/\/newsestlyonnais.fr\/site\/2016\/11\/09\/vaulx-velin-sortie-falaise-centre-pilote-descalade\/#breadcrumb"},"inLanguage":"fr-FR","potentialAction":[{"@type":"ReadAction","target":["https:\/\/newsestlyonnais.fr\/site\/2016\/11\/09\/vaulx-velin-sortie-falaise-centre-pilote-descalade\/"]}]},{"@type":"ImageObject","inLanguage":"fr-FR","@id":"https:\/\/newsestlyonnais.fr\/site\/2016\/11\/09\/vaulx-velin-sortie-falaise-centre-pilote-descalade\/#primaryimage","url":"https:\/\/newsestlyonnais.fr\/site\/wp-content\/uploads\/2016\/11\/NEWSESTLYONNAIS-SORTIE-cpeavv-.jpg","contentUrl":"https:\/\/newsestlyonnais.fr\/site\/wp-content\/uploads\/2016\/11\/NEWSESTLYONNAIS-SORTIE-cpeavv-.jpg","width":1000,"height":750},{"@type":"BreadcrumbList","@id":"https:\/\/newsestlyonnais.fr\/site\/2016\/11\/09\/vaulx-velin-sortie-falaise-centre-pilote-descalade\/#breadcrumb","itemListElement":[{"@type":"ListItem","position":1,"name":"Accueil","item":"https:\/\/newsestlyonnais.fr\/site\/"},{"@type":"ListItem","position":2,"name":"VAULX-EN-VELIN | Sortie en falaise pour le Centre Pilote et d\u2019Escalade"}]},{"@type":"WebSite","@id":"https:\/\/newsestlyonnais.fr\/site\/#website","url":"https:\/\/newsestlyonnais.fr\/site\/","name":"News Est Lyonnais","description":"L&#039;actualit\u00e9 au plus pr\u00e8s","publisher":{"@id":"https:\/\/newsestlyonnais.fr\/site\/#organization"},"potentialAction":[{"@type":"SearchAction","target":{"@type":"EntryPoint","urlTemplate":"https:\/\/newsestlyonnais.fr\/site\/?s={search_term_string}"},"query-input":{"@type":"PropertyValueSpecification","valueRequired":true,"valueName":"search_term_string"}}],"inLanguage":"fr-FR"},{"@type":"Organization","@id":"https:\/\/newsestlyonnais.fr\/site\/#organization","name":"News EST LYONNAIS","url":"https:\/\/newsestlyonnais.fr\/site\/","logo":{"@type":"ImageObject","inLanguage":"fr-FR","@id":"https:\/\/newsestlyonnais.fr\/site\/#\/schema\/logo\/image\/","url":"","contentUrl":"","caption":"News EST LYONNAIS"},"image":{"@id":"https:\/\/newsestlyonnais.fr\/site\/#\/schema\/logo\/image\/"}},{"@type":"Person","@id":"https:\/\/newsestlyonnais.fr\/site\/#\/schema\/person\/3230d5615f390bb808365d673001e887","name":"R\u00e9dac. NEWS","sameAs":["http:\/\/www.newsestlyonnais.fr","https:\/\/www.facebook.com\/pascal.oberson.1?fref=ts","https:\/\/fr.linkedin.com\/in\/pascal-oberson-b17045113"],"url":"https:\/\/newsestlyonnais.fr\/site\/author\/nel\/"}]}},"_links":{"self":[{"href":"https:\/\/newsestlyonnais.fr\/site\/wp-json\/wp\/v2\/posts\/15531","targetHints":{"allow":["GET"]}}],"collection":[{"href":"https:\/\/newsestlyonnais.fr\/site\/wp-json\/wp\/v2\/posts"}],"about":[{"href":"https:\/\/newsestlyonnais.fr\/site\/wp-json\/wp\/v2\/types\/post"}],"author":[{"embeddable":true,"href":"https:\/\/newsestlyonnais.fr\/site\/wp-json\/wp\/v2\/users\/4"}],"replies":[{"embeddable":true,"href":"https:\/\/newsestlyonnais.fr\/site\/wp-json\/wp\/v2\/comments?post=15531"}],"version-history":[{"count":0,"href":"https:\/\/newsestlyonnais.fr\/site\/wp-json\/wp\/v2\/posts\/15531\/revisions"}],"wp:featuredmedia":[{"embeddable":true,"href":"https:\/\/newsestlyonnais.fr\/site\/wp-json\/wp\/v2\/media\/15533"}],"wp:attachment":[{"href":"https:\/\/newsestlyonnais.fr\/site\/wp-json\/wp\/v2\/media?parent=15531"}],"wp:term":[{"taxonomy":"category","embeddable":true,"href":"https:\/\/newsestlyonnais.fr\/site\/wp-json\/wp\/v2\/categories?post=15531"},{"taxonomy":"post_tag","embeddable":true,"href":"https:\/\/newsestlyonnais.fr\/site\/wp-json\/wp\/v2\/tags?post=15531"}],"curies":[{"name":"wp","href":"https:\/\/api.w.org\/{rel}","templated":true}]}}