{"id":155553,"date":"2022-05-23T05:48:25","date_gmt":"2022-05-23T04:48:25","guid":{"rendered":"https:\/\/newsestlyonnais.fr\/site\/?p=155553"},"modified":"2022-05-23T05:48:25","modified_gmt":"2022-05-23T04:48:25","slug":"eric-archambault-on-a-decide-dannuler-le-swimrun","status":"publish","type":"post","link":"https:\/\/newsestlyonnais.fr\/site\/2022\/05\/23\/eric-archambault-on-a-decide-dannuler-le-swimrun\/","title":{"rendered":"Eric Archambault \u00ab\u00a0on a d\u00e9cid\u00e9 d&rsquo;annuler le Swimrun\u00a0\u00bb"},"content":{"rendered":"<p><span style=\"background-color: #000000; color: #ffffff; font-size: 14pt;\"><strong>Depuis quand \u00eates-vous au bureau et \u00e0 la pr\u00e9sidence ?<\/strong><\/span><\/p>\n<p>\u00bb J&rsquo;\u00e9tais membre du bureau et <strong>en d\u00e9cembre 2017, j&rsquo;ai succ\u00e9d\u00e9 \u00e0 la pr\u00e9sidence \u00e0 <span dir=\"ltr\" role=\"presentation\">Fran<\/span><span dir=\"ltr\" role=\"presentation\">\u00e7<\/span><\/strong><span dir=\"ltr\" role=\"presentation\"><strong>ois Le Clay<\/strong>, en place depuis 24 ans, qui partant \u00e0 la retraite, a souhait\u00e9 passer la main.<\/span><\/p>\n<p><strong>Notre bureau est compos\u00e9 de 8 personnes<\/strong> qui g\u00e8rent nos diff\u00e9rentes commissions (jeunes, groupe loisirs, comp\u00e9tition, mini-bus, presse) \u00bb.<\/p>\n<hr \/>\n<p><span style=\"background-color: #000000; color: #ffffff; font-size: 14pt;\"><strong>Vous \u00eates \u00e9galement pratiquant ? <\/strong><\/span><\/p>\n<p>\u00bb Oui <strong>j&rsquo;ai d\u00e9but\u00e9 le canoe-kayak \u00e0 l&rsquo;\u00e2ge de 15 ans<\/strong> au Mans et j&rsquo;ai ensuite pratiqu\u00e9 \u00e0 Rennes, Villeurbanne et depuis une trentaine d&rsquo;ann\u00e9es \u00e0 Vaulx-en-Velin o\u00f9 je suis d&rsquo;autre part \u00e9ducateur au service des sports de la ville.<\/p>\n<p>Au niveau palmar\u00e8s, j&rsquo;ai \u00e9t\u00e9 <strong>champion du monde de canoe biplace avec Thierry Carlin en 1991<\/strong> et je suis mont\u00e9 \u00e0 plusieurs reprises <strong>sur le podium, aux championnats de France et au niveau international<\/strong>. J&rsquo;ai arr\u00eat\u00e9 la comp\u00e9tition en descente, ensuite j&rsquo;ai fait des raids multi-sports pendant des ann\u00e9es.<\/p>\n<p>Et puis je suis revenu \u00e0 la pirogue hawaienne et au dragon-boat \u00bb.<\/p>\n<hr \/>\n<p><span style=\"background-color: #000000; color: #ffffff; font-size: 14pt;\"><strong>Concernant le club, o\u00f9 en est son effectif ?<\/strong><\/span><\/p>\n<p>\u00bb On est <strong>une centaine de licenci\u00e9s, dont 25 % de femmes et autant de jeunes<\/strong>, en majorit\u00e9 des gar\u00e7ons. On n&rsquo;a pas \u00e9t\u00e9 trop touch\u00e9s par le Covid, <strong>nos effectifs sont stables depuis des ann\u00e9es<\/strong>.<\/p>\n<p>Sauf quand la base \u00e9tait ferm\u00e9e au public lors des confinements, sinon on pouvait toujours pratiquer avec les distanciations impos\u00e9es, du fait qu&rsquo;on est un sport de plein air un peu light \u00bb.<\/p>\n<hr \/>\n<p><span style=\"background-color: #000000; color: #ffffff; font-size: 14pt;\"><strong>Quelles activit\u00e9s proposez-vous ?<\/strong><\/span> <strong><br \/>\n<\/strong><\/p>\n<p><strong>\u00ab Du loisir et de la comp\u00e9tition. <\/strong><\/p>\n<p>On a un <strong>groupe de retrait\u00e9s<\/strong> qui font pas mal d&rsquo;activit\u00e9s en rivi\u00e8re ou sur lac et partent r\u00e9guli\u00e8rement lors de s\u00e9jours d&rsquo;une semaine en mer (en Gr\u00e8ce, etc). Il y aussi quelques pratiquants individuels, de tous niveaux et m\u00eame des d\u00e9butants qu&rsquo;on am\u00e8ne m\u00eame \u00e0 la comp\u00e9tition s&rsquo;ils le souhaitent.<\/p>\n<p><strong>Les enfants peuvent d\u00e9marrer entre 7 \u00e0 10 ans, suivant leur morphologie<\/strong>. On les emm\u00e8ne sur un plan d&rsquo;eau s\u00e9curis\u00e9 \u00e0 St Pierre de Boeuf et cela permet de les faire progresser en eau vive. Apr\u00e8s si il y a une comp\u00e9tition, on essaie de leur proposer ce qui leur offre la possibilit\u00e9 de se confronter aux autres jeunes. L&rsquo;objectif \u00e9tant, de se faire plaisir et s&rsquo;ils veulent performer d&rsquo;en faire des comp\u00e9titeurs chevronn\u00e9s du club.<\/p>\n<p><strong>En pirogue<\/strong>, on propose de la comp\u00e9tition ou une pratique en loisir avec initiation. Il y a un bon groupe de 25, que des adultes, car il faut un peu d&rsquo;exp\u00e9rience pour naviguer. Cours donn\u00e9s en monoplace, biplace et 6 places \u00bb.<\/p>\n<hr \/>\n<p><span style=\"font-size: 14pt; background-color: #000000; color: #ffffff;\"><strong>Un petit point sur cette saison 2021\/2022 ?<\/strong><\/span><\/p>\n<p>\u00bb Au printemps, on a b\u00e9n\u00e9fici\u00e9 d&rsquo;une aide de la r\u00e9gion et on r\u00e9cup\u00e9r\u00e9 un camion, <strong>au niveau mat\u00e9riel cela fait du bien ! <\/strong>Sinon on est en train de renouveler nos remorques, un peu v\u00e9tustes et qui n&rsquo;\u00e9taient plus aux normes, avec notamment une nouvelle pour les pirogues 6 places \u00bb.<\/p>\n<hr \/>\n<p><span style=\"color: #ffffff; font-size: 14pt;\"><strong><span style=\"background-color: #000000;\">Et sur le plan sportif ?<\/span> <\/strong><\/span><\/p>\n<p>\u00bb Chaque fois que l&rsquo;on fait des comp\u00e9titions c&rsquo;est en mer, et nous nous rendrons aux championnats de France, d\u00e9but novembre \u00e0 Toulon. <strong>En 2021, notre \u00e9quipe mixte (3 femmes, 3 hommes) a \u00e9t\u00e9 championne de France et notre ambition sera de conserver ce titre<\/strong> avec l&rsquo;objectif de se faire plaisir et de faire les 3 courses car on n&rsquo;a pas une \u00e9quipe super performante. Cela permettra aussi de faire une comp\u00e9tition club et d&rsquo;acqu\u00e9rir de l&rsquo;exp\u00e9rience. Sinon nos f\u00e9minines Marie Sollaud et Caroline Blanc, peuvent prendre une place sur le podium national.<\/p>\n<p>Si on veut dresser un bilan \u00e0 mi-saison, on dira qu&rsquo;on a bien commenc\u00e9 mais il reste une s\u00e9lection pour les championnats de France, d\u00e9but juillet \u00e0 la Seyne sur Mer et une ou deux courses en septembre.<\/p>\n<p>Fin mai, on sera pr\u00e9sent <strong>\u00e0 la 11\u00b0 Vend\u00e9e Va&rsquo;a<\/strong>, \u00e9preuve qui se d\u00e9roule sur le m\u00eame format que les courses tahitiennes et que l&rsquo;on a d\u00e9j\u00e0 fait une dizaine de fois.<\/p>\n<p>En 2019, on \u00e9tait parti \u00e0 9 pour participer \u00e0 <strong>la Hawaiki nui, la plus grosse course en pirogue de Tahiti<\/strong>. On avait termin\u00e9 97\u00b0 sur 106 \u00e9quipes et on a le projet d&rsquo;y retourner, mais dans les prochaines ann\u00e9es \u00bb.<\/p>\n<hr \/>\n<p><span style=\"background-color: #000000; color: #ffffff; font-size: 14pt;\"><strong data-wp-editing=\"1\">Les prochaines organisations du club ?<\/strong><\/span><\/p>\n<p>\u00bb On a <strong>pris la d\u00e9cision mercredi soir d&rsquo;annuler le Swimrun de Vaulx en-Velin<\/strong> qui \u00e9tait programm\u00e9 pour le 19 juin prochain au Grand Parc de Miribel-Jonage. On avait en effet des probl\u00e8mes internes d&rsquo;organisation avec notamment un manque d&rsquo;hommes cl\u00e9s.<\/p>\n<p>Tout comme l&rsquo;<strong>A<\/strong><b>tol\u2019 Paddle Race <\/b>qui n&rsquo;aura pas lien non plus cette ann\u00e9e pour cause d&rsquo;incompatibilit\u00e9 avec le calendrier des manifestations du Grand-Parc.<\/p>\n<p><b>Ces 2 \u00e9preuves sont donc report\u00e9es \u00e0 2023 <\/b>\u00bb.<\/p>\n<p><strong><span style=\"font-size: 14pt; background-color: #000000; color: #ffffff;\">Au niveau des projets ?<\/span><\/strong><\/p>\n<p>\u00bb On va essayer de d\u00e9velopper \u00e0 la rentr\u00e9e de septembre, une action avec du public adulte en situation d&rsquo;handicap notamment en d\u00e9ficience intellectuelle.<\/p>\n<p>Une autre action sera men\u00e9e avec OVE aupr\u00e8s d&rsquo;ados autistes, avec des encadrants sp\u00e9cifiques. On l&rsquo;avait d\u00e9j\u00e0 fait par le pass\u00e9, le dossier est en train de se monter.<\/p>\n<p>Sinon, on est <strong>\u00e0 la recherche d&rsquo;un permanent, titulaire d&rsquo;un BE kayak, pour la saison prochaine <\/strong>\u00bb.<\/p>\n<hr \/>\n<p><span style=\"background-color: #000000; color: #ffffff; font-size: 14pt;\"><strong>Et pour conclure ?<\/strong><\/span><\/p>\n<p>\u00bb <strong>Pour les comp\u00e9titeurs, notre devise est \u00ab\u00a0entrainement difficile, guerre facile \u00ab\u00a0.<\/strong><\/p>\n<p>Il faut \u00eatre \u00e0 l&rsquo;\u00e9coute et donner le meilleur de soi-m\u00eame. Le capitaine donne un son qui fait une vitesse, cela demande de la synchro pour tout le monde <strong>\u00bb.<\/strong><\/p>\n<hr \/>\n<p><span style=\"background-color: #000000; font-size: 14pt;\"><strong><span style=\"color: #ffffff;\">&gt;&gt; L\u2019ACTU du club sur : <\/span><span style=\"background-color: #000000; color: #ffcc00;\"><a style=\"background-color: #000000; color: #ffcc00;\" href=\"http:\/\/www.svvv.org\">http:\/\/www.svvv.org<\/a><\/span><\/strong><\/span><\/p>\n<p><span style=\"background-color: #000000; color: #ffffff;\"><strong>CONTACTS <\/strong><\/span>: <strong>T\u00e9l<\/strong>. 07.61.16.26.66 (pr\u00e9sident) \/ <strong>Mail<\/strong> : <span style=\"color: #0000ff;\"><a style=\"color: #0000ff;\" href=\"artich@sfr.fr\">artich@sfr.fr<\/a><\/span><\/p>\n<hr \/>\n","protected":false},"excerpt":{"rendered":"<p>Ancien champion du monde de cano\u00e9 biplace, il est pr\u00e9sident depuis d\u00e9cembre 2017, des Sauveteurs Volontaires Vaulx-en-Velin Cano\u00e9 Kayak Pirogue.<\/p>\n","protected":false},"author":4,"featured_media":155556,"comment_status":"open","ping_status":"open","sticky":false,"template":"","format":"standard","meta":{"footnotes":""},"categories":[2973,137,1348,28],"tags":[4298,2585,4300,4299,2006],"class_list":["post-155553","post","type-post","status-publish","format-standard","has-post-thumbnail","hentry","category-aviron-kayak-voile-sports","category-interviews","category-kayak","category-vaulx-en-velin","tag-eric-archambault","tag-kayak","tag-pirogue","tag-sauveteurs-volontaires-vaulx-en-velin","tag-vaulx-en-velin"],"yoast_head":"<!-- This site is optimized with the Yoast SEO plugin v27.2 - https:\/\/yoast.com\/product\/yoast-seo-wordpress\/ -->\n<title>Eric Archambault &quot;on a d\u00e9cid\u00e9 d&#039;annuler le Swimrun&quot; - News Est Lyonnais<\/title>\n<meta name=\"description\" content=\"Eric Archambault &quot;on a d\u00e9cid\u00e9 d&#039;annuler le Swimrun&quot;\" \/>\n<meta name=\"robots\" content=\"index, follow, max-snippet:-1, max-image-preview:large, max-video-preview:-1\" \/>\n<link rel=\"canonical\" href=\"https:\/\/newsestlyonnais.fr\/site\/2022\/05\/23\/eric-archambault-on-a-decide-dannuler-le-swimrun\/\" \/>\n<meta property=\"og:locale\" content=\"fr_FR\" \/>\n<meta property=\"og:type\" content=\"article\" \/>\n<meta property=\"og:title\" content=\"Eric Archambault &quot;on a d\u00e9cid\u00e9 d&#039;annuler le Swimrun&quot; - News Est Lyonnais\" \/>\n<meta property=\"og:description\" content=\"Eric Archambault &quot;on a d\u00e9cid\u00e9 d&#039;annuler le Swimrun&quot;\" \/>\n<meta property=\"og:url\" content=\"https:\/\/newsestlyonnais.fr\/site\/2022\/05\/23\/eric-archambault-on-a-decide-dannuler-le-swimrun\/\" \/>\n<meta property=\"og:site_name\" content=\"News Est Lyonnais\" \/>\n<meta property=\"article:author\" content=\"https:\/\/www.facebook.com\/pascal.oberson.1?fref=ts\" \/>\n<meta property=\"article:published_time\" content=\"2022-05-23T04:48:25+00:00\" \/>\n<meta property=\"og:image\" content=\"https:\/\/newsestlyonnais.fr\/site\/wp-content\/uploads\/2022\/05\/P1470826.jpg\" \/>\n\t<meta property=\"og:image:width\" content=\"1200\" \/>\n\t<meta property=\"og:image:height\" content=\"900\" \/>\n\t<meta property=\"og:image:type\" content=\"image\/jpeg\" \/>\n<meta name=\"author\" content=\"R\u00e9dac. NEWS\" \/>\n<meta name=\"twitter:card\" content=\"summary_large_image\" \/>\n<meta name=\"twitter:label1\" content=\"\u00c9crit par\" \/>\n\t<meta name=\"twitter:data1\" content=\"R\u00e9dac. NEWS\" \/>\n\t<meta name=\"twitter:label2\" content=\"Dur\u00e9e de lecture estim\u00e9e\" \/>\n\t<meta name=\"twitter:data2\" content=\"5 minutes\" \/>\n<script type=\"application\/ld+json\" class=\"yoast-schema-graph\">{\"@context\":\"https:\/\/schema.org\",\"@graph\":[{\"@type\":\"Article\",\"@id\":\"https:\/\/newsestlyonnais.fr\/site\/2022\/05\/23\/eric-archambault-on-a-decide-dannuler-le-swimrun\/#article\",\"isPartOf\":{\"@id\":\"https:\/\/newsestlyonnais.fr\/site\/2022\/05\/23\/eric-archambault-on-a-decide-dannuler-le-swimrun\/\"},\"author\":{\"name\":\"R\u00e9dac. NEWS\",\"@id\":\"https:\/\/newsestlyonnais.fr\/site\/#\/schema\/person\/3230d5615f390bb808365d673001e887\"},\"headline\":\"Eric Archambault \u00ab\u00a0on a d\u00e9cid\u00e9 d&rsquo;annuler le Swimrun\u00a0\u00bb\",\"datePublished\":\"2022-05-23T04:48:25+00:00\",\"mainEntityOfPage\":{\"@id\":\"https:\/\/newsestlyonnais.fr\/site\/2022\/05\/23\/eric-archambault-on-a-decide-dannuler-le-swimrun\/\"},\"wordCount\":976,\"commentCount\":0,\"publisher\":{\"@id\":\"https:\/\/newsestlyonnais.fr\/site\/#organization\"},\"image\":{\"@id\":\"https:\/\/newsestlyonnais.fr\/site\/2022\/05\/23\/eric-archambault-on-a-decide-dannuler-le-swimrun\/#primaryimage\"},\"thumbnailUrl\":\"https:\/\/newsestlyonnais.fr\/site\/wp-content\/uploads\/2022\/05\/P1470826.jpg\",\"keywords\":[\"Eric Archambault\",\"KAYAK\",\"PIROGUE\",\"Sauveteurs Volontaires Vaulx-en-Velin\",\"VAULX EN VELIN\"],\"articleSection\":[\"Aviron | Kayak | Voile\",\"Interviews\",\"Kayak\",\"Vaulx-en-Velin\"],\"inLanguage\":\"fr-FR\",\"potentialAction\":[{\"@type\":\"CommentAction\",\"name\":\"Comment\",\"target\":[\"https:\/\/newsestlyonnais.fr\/site\/2022\/05\/23\/eric-archambault-on-a-decide-dannuler-le-swimrun\/#respond\"]}]},{\"@type\":\"WebPage\",\"@id\":\"https:\/\/newsestlyonnais.fr\/site\/2022\/05\/23\/eric-archambault-on-a-decide-dannuler-le-swimrun\/\",\"url\":\"https:\/\/newsestlyonnais.fr\/site\/2022\/05\/23\/eric-archambault-on-a-decide-dannuler-le-swimrun\/\",\"name\":\"Eric Archambault \\\"on a d\u00e9cid\u00e9 d'annuler le Swimrun\\\" - News Est Lyonnais\",\"isPartOf\":{\"@id\":\"https:\/\/newsestlyonnais.fr\/site\/#website\"},\"primaryImageOfPage\":{\"@id\":\"https:\/\/newsestlyonnais.fr\/site\/2022\/05\/23\/eric-archambault-on-a-decide-dannuler-le-swimrun\/#primaryimage\"},\"image\":{\"@id\":\"https:\/\/newsestlyonnais.fr\/site\/2022\/05\/23\/eric-archambault-on-a-decide-dannuler-le-swimrun\/#primaryimage\"},\"thumbnailUrl\":\"https:\/\/newsestlyonnais.fr\/site\/wp-content\/uploads\/2022\/05\/P1470826.jpg\",\"datePublished\":\"2022-05-23T04:48:25+00:00\",\"description\":\"Eric Archambault \\\"on a d\u00e9cid\u00e9 d'annuler le Swimrun\\\"\",\"breadcrumb\":{\"@id\":\"https:\/\/newsestlyonnais.fr\/site\/2022\/05\/23\/eric-archambault-on-a-decide-dannuler-le-swimrun\/#breadcrumb\"},\"inLanguage\":\"fr-FR\",\"potentialAction\":[{\"@type\":\"ReadAction\",\"target\":[\"https:\/\/newsestlyonnais.fr\/site\/2022\/05\/23\/eric-archambault-on-a-decide-dannuler-le-swimrun\/\"]}]},{\"@type\":\"ImageObject\",\"inLanguage\":\"fr-FR\",\"@id\":\"https:\/\/newsestlyonnais.fr\/site\/2022\/05\/23\/eric-archambault-on-a-decide-dannuler-le-swimrun\/#primaryimage\",\"url\":\"https:\/\/newsestlyonnais.fr\/site\/wp-content\/uploads\/2022\/05\/P1470826.jpg\",\"contentUrl\":\"https:\/\/newsestlyonnais.fr\/site\/wp-content\/uploads\/2022\/05\/P1470826.jpg\",\"width\":1200,\"height\":900},{\"@type\":\"BreadcrumbList\",\"@id\":\"https:\/\/newsestlyonnais.fr\/site\/2022\/05\/23\/eric-archambault-on-a-decide-dannuler-le-swimrun\/#breadcrumb\",\"itemListElement\":[{\"@type\":\"ListItem\",\"position\":1,\"name\":\"Accueil\",\"item\":\"https:\/\/newsestlyonnais.fr\/site\/\"},{\"@type\":\"ListItem\",\"position\":2,\"name\":\"Eric Archambault \u00ab\u00a0on a d\u00e9cid\u00e9 d&rsquo;annuler le Swimrun\u00a0\u00bb\"}]},{\"@type\":\"WebSite\",\"@id\":\"https:\/\/newsestlyonnais.fr\/site\/#website\",\"url\":\"https:\/\/newsestlyonnais.fr\/site\/\",\"name\":\"News Est Lyonnais\",\"description\":\"L&#039;actualit\u00e9 au plus pr\u00e8s\",\"publisher\":{\"@id\":\"https:\/\/newsestlyonnais.fr\/site\/#organization\"},\"potentialAction\":[{\"@type\":\"SearchAction\",\"target\":{\"@type\":\"EntryPoint\",\"urlTemplate\":\"https:\/\/newsestlyonnais.fr\/site\/?s={search_term_string}\"},\"query-input\":{\"@type\":\"PropertyValueSpecification\",\"valueRequired\":true,\"valueName\":\"search_term_string\"}}],\"inLanguage\":\"fr-FR\"},{\"@type\":\"Organization\",\"@id\":\"https:\/\/newsestlyonnais.fr\/site\/#organization\",\"name\":\"News EST LYONNAIS\",\"url\":\"https:\/\/newsestlyonnais.fr\/site\/\",\"logo\":{\"@type\":\"ImageObject\",\"inLanguage\":\"fr-FR\",\"@id\":\"https:\/\/newsestlyonnais.fr\/site\/#\/schema\/logo\/image\/\",\"url\":\"\",\"contentUrl\":\"\",\"caption\":\"News EST LYONNAIS\"},\"image\":{\"@id\":\"https:\/\/newsestlyonnais.fr\/site\/#\/schema\/logo\/image\/\"}},{\"@type\":\"Person\",\"@id\":\"https:\/\/newsestlyonnais.fr\/site\/#\/schema\/person\/3230d5615f390bb808365d673001e887\",\"name\":\"R\u00e9dac. NEWS\",\"sameAs\":[\"http:\/\/www.newsestlyonnais.fr\",\"https:\/\/www.facebook.com\/pascal.oberson.1?fref=ts\",\"https:\/\/fr.linkedin.com\/in\/pascal-oberson-b17045113\"],\"url\":\"https:\/\/newsestlyonnais.fr\/site\/author\/nel\/\"}]}<\/script>\n<!-- \/ Yoast SEO plugin. -->","yoast_head_json":{"title":"Eric Archambault \"on a d\u00e9cid\u00e9 d'annuler le Swimrun\" - News Est Lyonnais","description":"Eric Archambault \"on a d\u00e9cid\u00e9 d'annuler le Swimrun\"","robots":{"index":"index","follow":"follow","max-snippet":"max-snippet:-1","max-image-preview":"max-image-preview:large","max-video-preview":"max-video-preview:-1"},"canonical":"https:\/\/newsestlyonnais.fr\/site\/2022\/05\/23\/eric-archambault-on-a-decide-dannuler-le-swimrun\/","og_locale":"fr_FR","og_type":"article","og_title":"Eric Archambault \"on a d\u00e9cid\u00e9 d'annuler le Swimrun\" - News Est Lyonnais","og_description":"Eric Archambault \"on a d\u00e9cid\u00e9 d'annuler le Swimrun\"","og_url":"https:\/\/newsestlyonnais.fr\/site\/2022\/05\/23\/eric-archambault-on-a-decide-dannuler-le-swimrun\/","og_site_name":"News Est Lyonnais","article_author":"https:\/\/www.facebook.com\/pascal.oberson.1?fref=ts","article_published_time":"2022-05-23T04:48:25+00:00","og_image":[{"width":1200,"height":900,"url":"https:\/\/newsestlyonnais.fr\/site\/wp-content\/uploads\/2022\/05\/P1470826.jpg","type":"image\/jpeg"}],"author":"R\u00e9dac. NEWS","twitter_card":"summary_large_image","twitter_misc":{"\u00c9crit par":"R\u00e9dac. NEWS","Dur\u00e9e de lecture estim\u00e9e":"5 minutes"},"schema":{"@context":"https:\/\/schema.org","@graph":[{"@type":"Article","@id":"https:\/\/newsestlyonnais.fr\/site\/2022\/05\/23\/eric-archambault-on-a-decide-dannuler-le-swimrun\/#article","isPartOf":{"@id":"https:\/\/newsestlyonnais.fr\/site\/2022\/05\/23\/eric-archambault-on-a-decide-dannuler-le-swimrun\/"},"author":{"name":"R\u00e9dac. NEWS","@id":"https:\/\/newsestlyonnais.fr\/site\/#\/schema\/person\/3230d5615f390bb808365d673001e887"},"headline":"Eric Archambault \u00ab\u00a0on a d\u00e9cid\u00e9 d&rsquo;annuler le Swimrun\u00a0\u00bb","datePublished":"2022-05-23T04:48:25+00:00","mainEntityOfPage":{"@id":"https:\/\/newsestlyonnais.fr\/site\/2022\/05\/23\/eric-archambault-on-a-decide-dannuler-le-swimrun\/"},"wordCount":976,"commentCount":0,"publisher":{"@id":"https:\/\/newsestlyonnais.fr\/site\/#organization"},"image":{"@id":"https:\/\/newsestlyonnais.fr\/site\/2022\/05\/23\/eric-archambault-on-a-decide-dannuler-le-swimrun\/#primaryimage"},"thumbnailUrl":"https:\/\/newsestlyonnais.fr\/site\/wp-content\/uploads\/2022\/05\/P1470826.jpg","keywords":["Eric Archambault","KAYAK","PIROGUE","Sauveteurs Volontaires Vaulx-en-Velin","VAULX EN VELIN"],"articleSection":["Aviron | Kayak | Voile","Interviews","Kayak","Vaulx-en-Velin"],"inLanguage":"fr-FR","potentialAction":[{"@type":"CommentAction","name":"Comment","target":["https:\/\/newsestlyonnais.fr\/site\/2022\/05\/23\/eric-archambault-on-a-decide-dannuler-le-swimrun\/#respond"]}]},{"@type":"WebPage","@id":"https:\/\/newsestlyonnais.fr\/site\/2022\/05\/23\/eric-archambault-on-a-decide-dannuler-le-swimrun\/","url":"https:\/\/newsestlyonnais.fr\/site\/2022\/05\/23\/eric-archambault-on-a-decide-dannuler-le-swimrun\/","name":"Eric Archambault \"on a d\u00e9cid\u00e9 d'annuler le Swimrun\" - News Est Lyonnais","isPartOf":{"@id":"https:\/\/newsestlyonnais.fr\/site\/#website"},"primaryImageOfPage":{"@id":"https:\/\/newsestlyonnais.fr\/site\/2022\/05\/23\/eric-archambault-on-a-decide-dannuler-le-swimrun\/#primaryimage"},"image":{"@id":"https:\/\/newsestlyonnais.fr\/site\/2022\/05\/23\/eric-archambault-on-a-decide-dannuler-le-swimrun\/#primaryimage"},"thumbnailUrl":"https:\/\/newsestlyonnais.fr\/site\/wp-content\/uploads\/2022\/05\/P1470826.jpg","datePublished":"2022-05-23T04:48:25+00:00","description":"Eric Archambault \"on a d\u00e9cid\u00e9 d'annuler le Swimrun\"","breadcrumb":{"@id":"https:\/\/newsestlyonnais.fr\/site\/2022\/05\/23\/eric-archambault-on-a-decide-dannuler-le-swimrun\/#breadcrumb"},"inLanguage":"fr-FR","potentialAction":[{"@type":"ReadAction","target":["https:\/\/newsestlyonnais.fr\/site\/2022\/05\/23\/eric-archambault-on-a-decide-dannuler-le-swimrun\/"]}]},{"@type":"ImageObject","inLanguage":"fr-FR","@id":"https:\/\/newsestlyonnais.fr\/site\/2022\/05\/23\/eric-archambault-on-a-decide-dannuler-le-swimrun\/#primaryimage","url":"https:\/\/newsestlyonnais.fr\/site\/wp-content\/uploads\/2022\/05\/P1470826.jpg","contentUrl":"https:\/\/newsestlyonnais.fr\/site\/wp-content\/uploads\/2022\/05\/P1470826.jpg","width":1200,"height":900},{"@type":"BreadcrumbList","@id":"https:\/\/newsestlyonnais.fr\/site\/2022\/05\/23\/eric-archambault-on-a-decide-dannuler-le-swimrun\/#breadcrumb","itemListElement":[{"@type":"ListItem","position":1,"name":"Accueil","item":"https:\/\/newsestlyonnais.fr\/site\/"},{"@type":"ListItem","position":2,"name":"Eric Archambault \u00ab\u00a0on a d\u00e9cid\u00e9 d&rsquo;annuler le Swimrun\u00a0\u00bb"}]},{"@type":"WebSite","@id":"https:\/\/newsestlyonnais.fr\/site\/#website","url":"https:\/\/newsestlyonnais.fr\/site\/","name":"News Est Lyonnais","description":"L&#039;actualit\u00e9 au plus pr\u00e8s","publisher":{"@id":"https:\/\/newsestlyonnais.fr\/site\/#organization"},"potentialAction":[{"@type":"SearchAction","target":{"@type":"EntryPoint","urlTemplate":"https:\/\/newsestlyonnais.fr\/site\/?s={search_term_string}"},"query-input":{"@type":"PropertyValueSpecification","valueRequired":true,"valueName":"search_term_string"}}],"inLanguage":"fr-FR"},{"@type":"Organization","@id":"https:\/\/newsestlyonnais.fr\/site\/#organization","name":"News EST LYONNAIS","url":"https:\/\/newsestlyonnais.fr\/site\/","logo":{"@type":"ImageObject","inLanguage":"fr-FR","@id":"https:\/\/newsestlyonnais.fr\/site\/#\/schema\/logo\/image\/","url":"","contentUrl":"","caption":"News EST LYONNAIS"},"image":{"@id":"https:\/\/newsestlyonnais.fr\/site\/#\/schema\/logo\/image\/"}},{"@type":"Person","@id":"https:\/\/newsestlyonnais.fr\/site\/#\/schema\/person\/3230d5615f390bb808365d673001e887","name":"R\u00e9dac. NEWS","sameAs":["http:\/\/www.newsestlyonnais.fr","https:\/\/www.facebook.com\/pascal.oberson.1?fref=ts","https:\/\/fr.linkedin.com\/in\/pascal-oberson-b17045113"],"url":"https:\/\/newsestlyonnais.fr\/site\/author\/nel\/"}]}},"_links":{"self":[{"href":"https:\/\/newsestlyonnais.fr\/site\/wp-json\/wp\/v2\/posts\/155553","targetHints":{"allow":["GET"]}}],"collection":[{"href":"https:\/\/newsestlyonnais.fr\/site\/wp-json\/wp\/v2\/posts"}],"about":[{"href":"https:\/\/newsestlyonnais.fr\/site\/wp-json\/wp\/v2\/types\/post"}],"author":[{"embeddable":true,"href":"https:\/\/newsestlyonnais.fr\/site\/wp-json\/wp\/v2\/users\/4"}],"replies":[{"embeddable":true,"href":"https:\/\/newsestlyonnais.fr\/site\/wp-json\/wp\/v2\/comments?post=155553"}],"version-history":[{"count":0,"href":"https:\/\/newsestlyonnais.fr\/site\/wp-json\/wp\/v2\/posts\/155553\/revisions"}],"wp:featuredmedia":[{"embeddable":true,"href":"https:\/\/newsestlyonnais.fr\/site\/wp-json\/wp\/v2\/media\/155556"}],"wp:attachment":[{"href":"https:\/\/newsestlyonnais.fr\/site\/wp-json\/wp\/v2\/media?parent=155553"}],"wp:term":[{"taxonomy":"category","embeddable":true,"href":"https:\/\/newsestlyonnais.fr\/site\/wp-json\/wp\/v2\/categories?post=155553"},{"taxonomy":"post_tag","embeddable":true,"href":"https:\/\/newsestlyonnais.fr\/site\/wp-json\/wp\/v2\/tags?post=155553"}],"curies":[{"name":"wp","href":"https:\/\/api.w.org\/{rel}","templated":true}]}}