{"id":15560,"date":"2016-11-10T07:44:13","date_gmt":"2016-11-10T06:44:13","guid":{"rendered":"http:\/\/newsestlyonnais.fr\/site\/?p=15560"},"modified":"2020-10-22T16:10:33","modified_gmt":"2020-10-22T15:10:33","slug":"vaulx-en-velin-belle-reussite-regate-vrc-section-voile-de-la-mjc","status":"publish","type":"post","link":"https:\/\/newsestlyonnais.fr\/site\/2016\/11\/10\/vaulx-en-velin-belle-reussite-regate-vrc-section-voile-de-la-mjc\/","title":{"rendered":"VAULX-EN-VELIN | Belle r\u00e9ussite r\u00e9gate VRC section voile de la MJC"},"content":{"rendered":"<h4>La section voile de la MJC (CNVV) organisait le premier week-end de novembre, une r\u00e9gate VRC (voile radio command\u00e9e) pour 2 classes : M (Marblehead) et Un M\u00e8tre (IOM: International One Meter).<\/h4>\n<p>Sous un ciel changeant, de la pluie au plein soleil en passant par les orages, les deux classes disput\u00e8rent un nombre suffisant de manches pour permettre d\u2019\u00e9tablir un classement. Plus que g\u00ean\u00e9 par les herbes, les classes M ayant un tirant d\u2019eau plus important IOM n\u2019ont r\u00e9alis\u00e9 que 4 manches contre 7 pour les IOM.<\/p>\n<p>\u00ab\u00a0Il s\u2019av\u00e8re qu\u2019en cette p\u00e9riode les herbiers n\u2019ont pas encore disparu .Une solution sera trouv\u00e9e pour la r\u00e9gate d\u2019automne 2017, le probl\u00e8me des herbes n\u2019existant pas au printemps. En tous cas, f\u00e9licitations \u00e0 tous les coureurs pour avoir particip\u00e9 \u00e0 cette journ\u00e9e organis\u00e9e par notre club et nous esp\u00e9rons vous revoir au printemps pour la premi\u00e8re r\u00e9gate de la saison 2017 sur les berges du Grand Large \u00a0\u00bb confiait Pierre Bertocchi, pr\u00e9sident du CNVV \u00e0 l\u2019issue de l\u2019\u00e9preuve .<\/p>\n<p><em><strong>Les r\u00e9sultats<\/strong> <\/em>:<br \/>\n\u2013 Classe M : 1\u00b0 Val\u00e8re OTTAVIANI (Club Nautique de Vaulx en Velin).<br \/>\n\u2013 IOM : 1\u00b0 Philippe DEBORD (U.N. Viviers Mont\u00e9limar)<\/p>\n<ul>\n<li>Retrouvez l&rsquo;ACTU du club sur: <a href=\"http:\/\/www.cnvv.fr\" target=\"_blank\" rel=\"noopener noreferrer\">http:\/\/www.cnvv.fr<\/a><\/li>\n<\/ul>\n<p>&nbsp;<\/p>\n","protected":false},"excerpt":{"rendered":"<p>La section voile de la MJC (CNVV) organisait le premier week-end de novembre, une r\u00e9gate VRC (voile radio command\u00e9e) pour 2 classes : M (Marblehead) et Un M\u00e8tre (IOM: International One Meter). Sous un ciel changeant, de la pluie au plein soleil en passant par les orages, les deux classes disput\u00e8rent un nombre suffisant de [&hellip;]<\/p>\n","protected":false},"author":4,"featured_media":15563,"comment_status":"open","ping_status":"open","sticky":false,"template":"","format":"standard","meta":{"footnotes":""},"categories":[30,2973,3003,2,28,1349],"tags":[],"class_list":["post-15560","post","type-post","status-publish","format-standard","has-post-thumbnail","hentry","category-a-la-une","category-aviron-kayak-voile-sports","category-bibliotheque-mediatheque-mjc","category-sports","category-vaulx-en-velin","category-voile"],"yoast_head":"<!-- This site is optimized with the Yoast SEO plugin v27.2 - https:\/\/yoast.com\/product\/yoast-seo-wordpress\/ -->\n<title>VAULX-EN-VELIN | Belle r\u00e9ussite r\u00e9gate VRC section voile de la MJC<\/title>\n<meta name=\"description\" content=\"VAULX-EN-VELIN | Belle r\u00e9ussite r\u00e9gate VRC section voile de la MJC\" \/>\n<meta name=\"robots\" content=\"index, follow, max-snippet:-1, max-image-preview:large, max-video-preview:-1\" \/>\n<link rel=\"canonical\" href=\"https:\/\/newsestlyonnais.fr\/site\/2016\/11\/10\/vaulx-en-velin-belle-reussite-regate-vrc-section-voile-de-la-mjc\/\" \/>\n<meta property=\"og:locale\" content=\"fr_FR\" \/>\n<meta property=\"og:type\" content=\"article\" \/>\n<meta property=\"og:title\" content=\"VAULX-EN-VELIN | Belle r\u00e9ussite r\u00e9gate VRC section voile de la MJC\" \/>\n<meta property=\"og:description\" content=\"VAULX-EN-VELIN | Belle r\u00e9ussite r\u00e9gate VRC section voile de la MJC\" \/>\n<meta property=\"og:url\" content=\"https:\/\/newsestlyonnais.fr\/site\/2016\/11\/10\/vaulx-en-velin-belle-reussite-regate-vrc-section-voile-de-la-mjc\/\" \/>\n<meta property=\"og:site_name\" content=\"News Est Lyonnais\" \/>\n<meta property=\"article:author\" content=\"https:\/\/www.facebook.com\/pascal.oberson.1?fref=ts\" \/>\n<meta property=\"article:published_time\" content=\"2016-11-10T06:44:13+00:00\" \/>\n<meta property=\"article:modified_time\" content=\"2020-10-22T15:10:33+00:00\" \/>\n<meta property=\"og:image\" content=\"https:\/\/i2.wp.com\/newsestlyonnais.fr\/site\/wp-content\/uploads\/2016\/11\/NEWSESTLYONNAIS-REGATE-CNVV.jpg?fit=1000%2C750&ssl=1\" \/>\n\t<meta property=\"og:image:width\" content=\"1000\" \/>\n\t<meta property=\"og:image:height\" content=\"750\" \/>\n\t<meta property=\"og:image:type\" content=\"image\/jpeg\" \/>\n<meta name=\"author\" content=\"R\u00e9dac. NEWS\" \/>\n<meta name=\"twitter:card\" content=\"summary_large_image\" \/>\n<meta name=\"twitter:label1\" content=\"\u00c9crit par\" \/>\n\t<meta name=\"twitter:data1\" content=\"R\u00e9dac. NEWS\" \/>\n\t<meta name=\"twitter:label2\" content=\"Dur\u00e9e de lecture estim\u00e9e\" \/>\n\t<meta name=\"twitter:data2\" content=\"1 minute\" \/>\n<script type=\"application\/ld+json\" class=\"yoast-schema-graph\">{\"@context\":\"https:\/\/schema.org\",\"@graph\":[{\"@type\":\"Article\",\"@id\":\"https:\/\/newsestlyonnais.fr\/site\/2016\/11\/10\/vaulx-en-velin-belle-reussite-regate-vrc-section-voile-de-la-mjc\/#article\",\"isPartOf\":{\"@id\":\"https:\/\/newsestlyonnais.fr\/site\/2016\/11\/10\/vaulx-en-velin-belle-reussite-regate-vrc-section-voile-de-la-mjc\/\"},\"author\":{\"name\":\"R\u00e9dac. NEWS\",\"@id\":\"https:\/\/newsestlyonnais.fr\/site\/#\/schema\/person\/3230d5615f390bb808365d673001e887\"},\"headline\":\"VAULX-EN-VELIN | Belle r\u00e9ussite r\u00e9gate VRC section voile de la MJC\",\"datePublished\":\"2016-11-10T06:44:13+00:00\",\"dateModified\":\"2020-10-22T15:10:33+00:00\",\"mainEntityOfPage\":{\"@id\":\"https:\/\/newsestlyonnais.fr\/site\/2016\/11\/10\/vaulx-en-velin-belle-reussite-regate-vrc-section-voile-de-la-mjc\/\"},\"wordCount\":228,\"commentCount\":0,\"publisher\":{\"@id\":\"https:\/\/newsestlyonnais.fr\/site\/#organization\"},\"image\":{\"@id\":\"https:\/\/newsestlyonnais.fr\/site\/2016\/11\/10\/vaulx-en-velin-belle-reussite-regate-vrc-section-voile-de-la-mjc\/#primaryimage\"},\"thumbnailUrl\":\"https:\/\/newsestlyonnais.fr\/site\/wp-content\/uploads\/2016\/11\/NEWSESTLYONNAIS-REGATE-CNVV.jpg\",\"articleSection\":[\"\u00e0 la une\",\"Aviron | Kayak | Voile\",\"Biblioth\u00e8que | M\u00e9diath\u00e8que | MJC\",\"Sports\",\"Vaulx-en-Velin\",\"Voile\"],\"inLanguage\":\"fr-FR\",\"potentialAction\":[{\"@type\":\"CommentAction\",\"name\":\"Comment\",\"target\":[\"https:\/\/newsestlyonnais.fr\/site\/2016\/11\/10\/vaulx-en-velin-belle-reussite-regate-vrc-section-voile-de-la-mjc\/#respond\"]}]},{\"@type\":\"WebPage\",\"@id\":\"https:\/\/newsestlyonnais.fr\/site\/2016\/11\/10\/vaulx-en-velin-belle-reussite-regate-vrc-section-voile-de-la-mjc\/\",\"url\":\"https:\/\/newsestlyonnais.fr\/site\/2016\/11\/10\/vaulx-en-velin-belle-reussite-regate-vrc-section-voile-de-la-mjc\/\",\"name\":\"VAULX-EN-VELIN | Belle r\u00e9ussite r\u00e9gate VRC section voile de la MJC\",\"isPartOf\":{\"@id\":\"https:\/\/newsestlyonnais.fr\/site\/#website\"},\"primaryImageOfPage\":{\"@id\":\"https:\/\/newsestlyonnais.fr\/site\/2016\/11\/10\/vaulx-en-velin-belle-reussite-regate-vrc-section-voile-de-la-mjc\/#primaryimage\"},\"image\":{\"@id\":\"https:\/\/newsestlyonnais.fr\/site\/2016\/11\/10\/vaulx-en-velin-belle-reussite-regate-vrc-section-voile-de-la-mjc\/#primaryimage\"},\"thumbnailUrl\":\"https:\/\/newsestlyonnais.fr\/site\/wp-content\/uploads\/2016\/11\/NEWSESTLYONNAIS-REGATE-CNVV.jpg\",\"datePublished\":\"2016-11-10T06:44:13+00:00\",\"dateModified\":\"2020-10-22T15:10:33+00:00\",\"description\":\"VAULX-EN-VELIN | Belle r\u00e9ussite r\u00e9gate VRC section voile de la MJC\",\"breadcrumb\":{\"@id\":\"https:\/\/newsestlyonnais.fr\/site\/2016\/11\/10\/vaulx-en-velin-belle-reussite-regate-vrc-section-voile-de-la-mjc\/#breadcrumb\"},\"inLanguage\":\"fr-FR\",\"potentialAction\":[{\"@type\":\"ReadAction\",\"target\":[\"https:\/\/newsestlyonnais.fr\/site\/2016\/11\/10\/vaulx-en-velin-belle-reussite-regate-vrc-section-voile-de-la-mjc\/\"]}]},{\"@type\":\"ImageObject\",\"inLanguage\":\"fr-FR\",\"@id\":\"https:\/\/newsestlyonnais.fr\/site\/2016\/11\/10\/vaulx-en-velin-belle-reussite-regate-vrc-section-voile-de-la-mjc\/#primaryimage\",\"url\":\"https:\/\/newsestlyonnais.fr\/site\/wp-content\/uploads\/2016\/11\/NEWSESTLYONNAIS-REGATE-CNVV.jpg\",\"contentUrl\":\"https:\/\/newsestlyonnais.fr\/site\/wp-content\/uploads\/2016\/11\/NEWSESTLYONNAIS-REGATE-CNVV.jpg\",\"width\":1000,\"height\":750},{\"@type\":\"BreadcrumbList\",\"@id\":\"https:\/\/newsestlyonnais.fr\/site\/2016\/11\/10\/vaulx-en-velin-belle-reussite-regate-vrc-section-voile-de-la-mjc\/#breadcrumb\",\"itemListElement\":[{\"@type\":\"ListItem\",\"position\":1,\"name\":\"Accueil\",\"item\":\"https:\/\/newsestlyonnais.fr\/site\/\"},{\"@type\":\"ListItem\",\"position\":2,\"name\":\"VAULX-EN-VELIN | Belle r\u00e9ussite r\u00e9gate VRC section voile de la MJC\"}]},{\"@type\":\"WebSite\",\"@id\":\"https:\/\/newsestlyonnais.fr\/site\/#website\",\"url\":\"https:\/\/newsestlyonnais.fr\/site\/\",\"name\":\"News Est Lyonnais\",\"description\":\"L&#039;actualit\u00e9 au plus pr\u00e8s\",\"publisher\":{\"@id\":\"https:\/\/newsestlyonnais.fr\/site\/#organization\"},\"potentialAction\":[{\"@type\":\"SearchAction\",\"target\":{\"@type\":\"EntryPoint\",\"urlTemplate\":\"https:\/\/newsestlyonnais.fr\/site\/?s={search_term_string}\"},\"query-input\":{\"@type\":\"PropertyValueSpecification\",\"valueRequired\":true,\"valueName\":\"search_term_string\"}}],\"inLanguage\":\"fr-FR\"},{\"@type\":\"Organization\",\"@id\":\"https:\/\/newsestlyonnais.fr\/site\/#organization\",\"name\":\"News EST LYONNAIS\",\"url\":\"https:\/\/newsestlyonnais.fr\/site\/\",\"logo\":{\"@type\":\"ImageObject\",\"inLanguage\":\"fr-FR\",\"@id\":\"https:\/\/newsestlyonnais.fr\/site\/#\/schema\/logo\/image\/\",\"url\":\"\",\"contentUrl\":\"\",\"caption\":\"News EST LYONNAIS\"},\"image\":{\"@id\":\"https:\/\/newsestlyonnais.fr\/site\/#\/schema\/logo\/image\/\"}},{\"@type\":\"Person\",\"@id\":\"https:\/\/newsestlyonnais.fr\/site\/#\/schema\/person\/3230d5615f390bb808365d673001e887\",\"name\":\"R\u00e9dac. NEWS\",\"sameAs\":[\"http:\/\/www.newsestlyonnais.fr\",\"https:\/\/www.facebook.com\/pascal.oberson.1?fref=ts\",\"https:\/\/fr.linkedin.com\/in\/pascal-oberson-b17045113\"],\"url\":\"https:\/\/newsestlyonnais.fr\/site\/author\/nel\/\"}]}<\/script>\n<!-- \/ Yoast SEO plugin. -->","yoast_head_json":{"title":"VAULX-EN-VELIN | Belle r\u00e9ussite r\u00e9gate VRC section voile de la MJC","description":"VAULX-EN-VELIN | Belle r\u00e9ussite r\u00e9gate VRC section voile de la MJC","robots":{"index":"index","follow":"follow","max-snippet":"max-snippet:-1","max-image-preview":"max-image-preview:large","max-video-preview":"max-video-preview:-1"},"canonical":"https:\/\/newsestlyonnais.fr\/site\/2016\/11\/10\/vaulx-en-velin-belle-reussite-regate-vrc-section-voile-de-la-mjc\/","og_locale":"fr_FR","og_type":"article","og_title":"VAULX-EN-VELIN | Belle r\u00e9ussite r\u00e9gate VRC section voile de la MJC","og_description":"VAULX-EN-VELIN | Belle r\u00e9ussite r\u00e9gate VRC section voile de la MJC","og_url":"https:\/\/newsestlyonnais.fr\/site\/2016\/11\/10\/vaulx-en-velin-belle-reussite-regate-vrc-section-voile-de-la-mjc\/","og_site_name":"News Est Lyonnais","article_author":"https:\/\/www.facebook.com\/pascal.oberson.1?fref=ts","article_published_time":"2016-11-10T06:44:13+00:00","article_modified_time":"2020-10-22T15:10:33+00:00","og_image":[{"width":1000,"height":750,"url":"https:\/\/i2.wp.com\/newsestlyonnais.fr\/site\/wp-content\/uploads\/2016\/11\/NEWSESTLYONNAIS-REGATE-CNVV.jpg?fit=1000%2C750&ssl=1","type":"image\/jpeg"}],"author":"R\u00e9dac. NEWS","twitter_card":"summary_large_image","twitter_misc":{"\u00c9crit par":"R\u00e9dac. NEWS","Dur\u00e9e de lecture estim\u00e9e":"1 minute"},"schema":{"@context":"https:\/\/schema.org","@graph":[{"@type":"Article","@id":"https:\/\/newsestlyonnais.fr\/site\/2016\/11\/10\/vaulx-en-velin-belle-reussite-regate-vrc-section-voile-de-la-mjc\/#article","isPartOf":{"@id":"https:\/\/newsestlyonnais.fr\/site\/2016\/11\/10\/vaulx-en-velin-belle-reussite-regate-vrc-section-voile-de-la-mjc\/"},"author":{"name":"R\u00e9dac. NEWS","@id":"https:\/\/newsestlyonnais.fr\/site\/#\/schema\/person\/3230d5615f390bb808365d673001e887"},"headline":"VAULX-EN-VELIN | Belle r\u00e9ussite r\u00e9gate VRC section voile de la MJC","datePublished":"2016-11-10T06:44:13+00:00","dateModified":"2020-10-22T15:10:33+00:00","mainEntityOfPage":{"@id":"https:\/\/newsestlyonnais.fr\/site\/2016\/11\/10\/vaulx-en-velin-belle-reussite-regate-vrc-section-voile-de-la-mjc\/"},"wordCount":228,"commentCount":0,"publisher":{"@id":"https:\/\/newsestlyonnais.fr\/site\/#organization"},"image":{"@id":"https:\/\/newsestlyonnais.fr\/site\/2016\/11\/10\/vaulx-en-velin-belle-reussite-regate-vrc-section-voile-de-la-mjc\/#primaryimage"},"thumbnailUrl":"https:\/\/newsestlyonnais.fr\/site\/wp-content\/uploads\/2016\/11\/NEWSESTLYONNAIS-REGATE-CNVV.jpg","articleSection":["\u00e0 la une","Aviron | Kayak | Voile","Biblioth\u00e8que | M\u00e9diath\u00e8que | MJC","Sports","Vaulx-en-Velin","Voile"],"inLanguage":"fr-FR","potentialAction":[{"@type":"CommentAction","name":"Comment","target":["https:\/\/newsestlyonnais.fr\/site\/2016\/11\/10\/vaulx-en-velin-belle-reussite-regate-vrc-section-voile-de-la-mjc\/#respond"]}]},{"@type":"WebPage","@id":"https:\/\/newsestlyonnais.fr\/site\/2016\/11\/10\/vaulx-en-velin-belle-reussite-regate-vrc-section-voile-de-la-mjc\/","url":"https:\/\/newsestlyonnais.fr\/site\/2016\/11\/10\/vaulx-en-velin-belle-reussite-regate-vrc-section-voile-de-la-mjc\/","name":"VAULX-EN-VELIN | Belle r\u00e9ussite r\u00e9gate VRC section voile de la MJC","isPartOf":{"@id":"https:\/\/newsestlyonnais.fr\/site\/#website"},"primaryImageOfPage":{"@id":"https:\/\/newsestlyonnais.fr\/site\/2016\/11\/10\/vaulx-en-velin-belle-reussite-regate-vrc-section-voile-de-la-mjc\/#primaryimage"},"image":{"@id":"https:\/\/newsestlyonnais.fr\/site\/2016\/11\/10\/vaulx-en-velin-belle-reussite-regate-vrc-section-voile-de-la-mjc\/#primaryimage"},"thumbnailUrl":"https:\/\/newsestlyonnais.fr\/site\/wp-content\/uploads\/2016\/11\/NEWSESTLYONNAIS-REGATE-CNVV.jpg","datePublished":"2016-11-10T06:44:13+00:00","dateModified":"2020-10-22T15:10:33+00:00","description":"VAULX-EN-VELIN | Belle r\u00e9ussite r\u00e9gate VRC section voile de la MJC","breadcrumb":{"@id":"https:\/\/newsestlyonnais.fr\/site\/2016\/11\/10\/vaulx-en-velin-belle-reussite-regate-vrc-section-voile-de-la-mjc\/#breadcrumb"},"inLanguage":"fr-FR","potentialAction":[{"@type":"ReadAction","target":["https:\/\/newsestlyonnais.fr\/site\/2016\/11\/10\/vaulx-en-velin-belle-reussite-regate-vrc-section-voile-de-la-mjc\/"]}]},{"@type":"ImageObject","inLanguage":"fr-FR","@id":"https:\/\/newsestlyonnais.fr\/site\/2016\/11\/10\/vaulx-en-velin-belle-reussite-regate-vrc-section-voile-de-la-mjc\/#primaryimage","url":"https:\/\/newsestlyonnais.fr\/site\/wp-content\/uploads\/2016\/11\/NEWSESTLYONNAIS-REGATE-CNVV.jpg","contentUrl":"https:\/\/newsestlyonnais.fr\/site\/wp-content\/uploads\/2016\/11\/NEWSESTLYONNAIS-REGATE-CNVV.jpg","width":1000,"height":750},{"@type":"BreadcrumbList","@id":"https:\/\/newsestlyonnais.fr\/site\/2016\/11\/10\/vaulx-en-velin-belle-reussite-regate-vrc-section-voile-de-la-mjc\/#breadcrumb","itemListElement":[{"@type":"ListItem","position":1,"name":"Accueil","item":"https:\/\/newsestlyonnais.fr\/site\/"},{"@type":"ListItem","position":2,"name":"VAULX-EN-VELIN | Belle r\u00e9ussite r\u00e9gate VRC section voile de la MJC"}]},{"@type":"WebSite","@id":"https:\/\/newsestlyonnais.fr\/site\/#website","url":"https:\/\/newsestlyonnais.fr\/site\/","name":"News Est Lyonnais","description":"L&#039;actualit\u00e9 au plus pr\u00e8s","publisher":{"@id":"https:\/\/newsestlyonnais.fr\/site\/#organization"},"potentialAction":[{"@type":"SearchAction","target":{"@type":"EntryPoint","urlTemplate":"https:\/\/newsestlyonnais.fr\/site\/?s={search_term_string}"},"query-input":{"@type":"PropertyValueSpecification","valueRequired":true,"valueName":"search_term_string"}}],"inLanguage":"fr-FR"},{"@type":"Organization","@id":"https:\/\/newsestlyonnais.fr\/site\/#organization","name":"News EST LYONNAIS","url":"https:\/\/newsestlyonnais.fr\/site\/","logo":{"@type":"ImageObject","inLanguage":"fr-FR","@id":"https:\/\/newsestlyonnais.fr\/site\/#\/schema\/logo\/image\/","url":"","contentUrl":"","caption":"News EST LYONNAIS"},"image":{"@id":"https:\/\/newsestlyonnais.fr\/site\/#\/schema\/logo\/image\/"}},{"@type":"Person","@id":"https:\/\/newsestlyonnais.fr\/site\/#\/schema\/person\/3230d5615f390bb808365d673001e887","name":"R\u00e9dac. NEWS","sameAs":["http:\/\/www.newsestlyonnais.fr","https:\/\/www.facebook.com\/pascal.oberson.1?fref=ts","https:\/\/fr.linkedin.com\/in\/pascal-oberson-b17045113"],"url":"https:\/\/newsestlyonnais.fr\/site\/author\/nel\/"}]}},"_links":{"self":[{"href":"https:\/\/newsestlyonnais.fr\/site\/wp-json\/wp\/v2\/posts\/15560","targetHints":{"allow":["GET"]}}],"collection":[{"href":"https:\/\/newsestlyonnais.fr\/site\/wp-json\/wp\/v2\/posts"}],"about":[{"href":"https:\/\/newsestlyonnais.fr\/site\/wp-json\/wp\/v2\/types\/post"}],"author":[{"embeddable":true,"href":"https:\/\/newsestlyonnais.fr\/site\/wp-json\/wp\/v2\/users\/4"}],"replies":[{"embeddable":true,"href":"https:\/\/newsestlyonnais.fr\/site\/wp-json\/wp\/v2\/comments?post=15560"}],"version-history":[{"count":0,"href":"https:\/\/newsestlyonnais.fr\/site\/wp-json\/wp\/v2\/posts\/15560\/revisions"}],"wp:featuredmedia":[{"embeddable":true,"href":"https:\/\/newsestlyonnais.fr\/site\/wp-json\/wp\/v2\/media\/15563"}],"wp:attachment":[{"href":"https:\/\/newsestlyonnais.fr\/site\/wp-json\/wp\/v2\/media?parent=15560"}],"wp:term":[{"taxonomy":"category","embeddable":true,"href":"https:\/\/newsestlyonnais.fr\/site\/wp-json\/wp\/v2\/categories?post=15560"},{"taxonomy":"post_tag","embeddable":true,"href":"https:\/\/newsestlyonnais.fr\/site\/wp-json\/wp\/v2\/tags?post=15560"}],"curies":[{"name":"wp","href":"https:\/\/api.w.org\/{rel}","templated":true}]}}