{"id":15576,"date":"2016-11-10T09:12:00","date_gmt":"2016-11-10T08:12:00","guid":{"rendered":"http:\/\/newsestlyonnais.fr\/site\/?p=15576"},"modified":"2020-11-17T20:45:33","modified_gmt":"2020-11-17T19:45:33","slug":"genas-prochains-evenements-commune","status":"publish","type":"post","link":"https:\/\/newsestlyonnais.fr\/site\/2016\/11\/10\/genas-prochains-evenements-commune\/","title":{"rendered":"GENAS | Prochains \u00e9v\u00e8nements sur la commune"},"content":{"rendered":"<h4>Comm\u00e9morations, r\u00e9unions publiques et c\u00e9l\u00e9bration d&rsquo;anniversaire, les \u00e9v\u00e8nements seront nombreux dans les prochains jours sur Genas.<\/h4>\n<ul>\n<li style=\"list-style-type: none\">\n<ul>\n<li><span style=\"text-decoration: underline\">Le 11 novembre<\/span>:<strong> Comm\u00e9morations de l\u2019armistice du 11 novembre 1918 &amp; c\u00e9r\u00e9monie de citoyennet\u00e9: Comm\u00e9morations<\/strong>: Comme pour le 8 mai, la Ville de Genas organise deux c\u00e9r\u00e9monies officielles pour comm\u00e9morer l\u2019armistice du 11 novembre 1918: \u00e0 9 h 30, au cimeti\u00e8re d\u2019Azieu et d\u00e9butera \u00e0 9 h 45 puis \u00e0 10 h 45 au Monuments aux morts du parc de la Colandi\u00e8re \u00e0 Genas. C\u00e9r\u00e9monies seront suivies d\u2019un verre de l\u2019amiti\u00e9 dans la coursive de l\u2019H\u00f4tel de Ville. <span style=\"text-decoration: underline\">C\u00e9r\u00e9monie de la citoyennet\u00e9: L<\/span>e Maire Daniel Val\u00e9ro recevra, dans son bureau, \u00e0 10 h 15, 5 jeunes pour leur remettre leur carte d\u2019\u00e9lecteur. \u00c0 l\u2019issue de cet entretien avec ces nouveaux \u00abcitoyens\u00bb, le Maire les invitera \u00e0 participer, \u00e0 ses c\u00f4t\u00e9s, \u00e0 la c\u00e9r\u00e9monie.<\/li>\n<li><span style=\"text-decoration: underline\">Du 17 au 23 novembre<\/span>: <strong>27 \u00b0 anniversaire de la Convention Internationale des Droits de l\u2019Enfant et 70 ans de l\u2019 UNICEF<\/strong>: Genas, ville amie des enfants, c\u00e9l\u00e8bre le 27\u00b0 anniversaire de la Convention Internationale des Droits de l\u2019Enfant (CIDE) en partenariat avec l\u2019Unicef. La CIDE a \u00e9t\u00e9 adopt\u00e9e il y a 27 ans, le 20 novembre 1989. Pour l\u2019occasion, la ville de Genas propose avec l\u2019Unicef un vaste programme d\u2019animations. Les actions et r\u00e9alisations porteront sur le th\u00e8me retenu pour l\u2019\u00e9dition 2016: \u00abMon jardin,mon potager\u00bb. Le programme: Du jeudi 17 au mardi 22 novembre: <strong>Ateliers p\u00e9riscolaires<\/strong> avec la participation des enfants de l\u2019IME des Marguerites. -Samedi 19 novembre :<br \/>\nProjection du film\u00abIqbal,l\u2019enfantquin\u2019avaitpaspeur\u00bb Au Neutrino \u00e0 16 h 30. Un joli film d\u2019animation pour sensibiliser les plus jeunes au sort des enfants esclaves. Inspir\u00e9 de la vie d\u2019Iqbal Masih, le r\u00e9alisateur a fait de cette histoire une fable se d\u00e9roulant dans un pays imaginaire. <strong>Journ\u00e9e nationale des Assistantes Maternelles<\/strong>: Relais d\u2019assistantes maternelles de 10 h \u00e0 12 h. Diverses animations organis\u00e9es pour les assistantes maternelles. &#8211; Mardi 22 novembre:<strong> Conf\u00e9rence<\/strong>: L\u2019estime de soi \u00abcomment valorisez au quotidien l\u2019estime de soi du jeune enfant?\u00bb Neutrino \u00e0 20 h. Conf\u00e9rence par la psychologue-clinicienneMartineBRUCHON organis\u00e9e par le Relais Assistantes Maternelles. Entr\u00e9e gratuite avec inscription obligatoire au 04.78.40.17.69. &#8211; Mercredi 23 novembre\u00a0 \u00e0 l\u2019H\u00f4tel de Ville d\u00e8s 14 h. &#8211;<strong>Diffusion d\u2019un mini-film autour d\u2019Iqbal<\/strong>\u2013m\u00e9diath\u00e8que<br \/>\n&#8211;<strong>Atelier rempotage<\/strong> anim\u00e9 par le service espace vert de la Ville-Animation compostage anim\u00e9e par un ma\u00eetre composteur: Comment et pourquoi recycler nos d\u00e9chets?<br \/>\n-Stand Unicef: exposition sur la CIDE et sur le partenariat Ville Amie des Enfants avec l\u2019Unicef<br \/>\n-Exposition et d\u00e9coration de l\u2019espace avec les r\u00e9alisations des enfants \/ Spectacle gratuit jeune public \u00able Roi Navet\u00bb \u00c0 15 h 30. Le jour o\u00f9 le Bon Roi Navet d\u00e9cide d\u2019instaurer la \u00ab Renfor\u00e7euse \u00bb, c\u2019est la panique ! Calibr\u00e9s, polic\u00e9s, contr\u00f4l\u00e9s, les l\u00e9gumes perdent en saveur et en joie de vivre. Mais docteur Potiron va insuffler un mouvement de r\u00e9volte au sein du potager et le peuple d\u00e9cide de prendre son destin en main avec courage et chansons ! \u00e0 16 h 30: Go\u00fbter offert<\/li>\n<li><span style=\"text-decoration: underline\">Mercredi 16 novembre \u00e0 19 h dans l\u2019Atrium de l\u2019H\u00f4tel de Ville:<strong> R\u00e9union de proximit\u00e9 sur le tr\u00e8s haut d\u00e9bit: <\/strong><\/span>les experts du groupe Orange communiquent sur le d\u00e9ploiement de la fibre \u00e0 Genas. Dans le cadre du plan national France Tr\u00e8s Haut D\u00e9bit, l\u2019op\u00e9rateur Orange tisse le r\u00e9seau de la fibre aux quatre coins de la commune afin que tous les secteurs r\u00e9sidentiels et industriels soient connect\u00e9s durant cette ann\u00e9e 2016-2017.<br \/>\nLa soci\u00e9t\u00e9 Orange a \u00e9t\u00e9 mandat\u00e9e pour d\u00e9ployer le tr\u00e8s haut d\u00e9bit dans le d\u00e9partement du Rh\u00f4ne sachant que Genas fait partie des 16 premi\u00e8res communes sur les 170 concern\u00e9es.<br \/>\nDepuis le mois d\u2019octobre, l\u2019op\u00e9rateur d\u00e9roule la fibre dans les rues de la ville en la tirant depuis le noeud de raccordement situ\u00e9 \u00e0 Saint-Priest vers vingt armoires, qui desserviront les zones r\u00e9sidentielles et les zones d\u2019activit\u00e9. Calendrier, modalit\u00e9s d\u2019installation, fonctionnement, r\u00f4le de l\u2019op\u00e9rateur et des fournisseurs d\u2019acc\u00e8s: tous les d\u00e9tails sur le d\u00e9ploiement de la fibre seront communiqu\u00e9s. Les experts du groupe Orange r\u00e9pondront \u00e0 toutes les questions techniques des habitants. Pr\u00e9sentation par les experts d\u2019Orange: d\u00e9finition de la fibre et de ses performances, d\u00e9ploiement \u00e0 Genas, d\u00e9marches \u00e0 r\u00e9aliser pour obtenir la fibre. &#8211; \u00c9changes du public avec les expertsd\u2019Orange<\/li>\n<\/ul>\n<\/li>\n<\/ul>\n<ul>\n<li>Plus d&rsquo;infos sur: <a href=\"http:\/\/genas.fr\/\" target=\"_blank\" rel=\"noopener noreferrer\">http:\/\/genas.fr<\/a><\/li>\n<\/ul>\n<p>&nbsp;<\/p>\n<p>&nbsp;<\/p>\n","protected":false},"excerpt":{"rendered":"<p>Comm\u00e9morations, r\u00e9unions publiques et c\u00e9l\u00e9bration d&rsquo;anniversaire, les \u00e9v\u00e8nements seront nombreux dans les prochains jours sur Genas. Le 11 novembre: Comm\u00e9morations de l\u2019armistice du 11 novembre 1918 &amp; c\u00e9r\u00e9monie de citoyennet\u00e9: Comm\u00e9morations: Comme pour le 8 mai, la Ville de Genas organise deux c\u00e9r\u00e9monies officielles pour comm\u00e9morer l\u2019armistice du 11 novembre 1918: \u00e0 9 h 30, [&hellip;]<\/p>\n","protected":false},"author":4,"featured_media":8137,"comment_status":"open","ping_status":"open","sticky":false,"template":"","format":"standard","meta":{"footnotes":""},"categories":[270,1598,1219],"tags":[],"class_list":["post-15576","post","type-post","status-publish","format-standard","has-post-thumbnail","hentry","category-cte-de-communes-c-c-e-l","category-genas","category-religion-seniors-souvenir"],"yoast_head":"<!-- This site is optimized with the Yoast SEO plugin v27.2 - https:\/\/yoast.com\/product\/yoast-seo-wordpress\/ -->\n<title>GENAS | Prochains \u00e9v\u00e8nements sur la commune - News Est Lyonnais<\/title>\n<meta name=\"robots\" content=\"index, follow, max-snippet:-1, max-image-preview:large, max-video-preview:-1\" \/>\n<link rel=\"canonical\" href=\"https:\/\/newsestlyonnais.fr\/site\/2016\/11\/10\/genas-prochains-evenements-commune\/\" \/>\n<meta property=\"og:locale\" content=\"fr_FR\" \/>\n<meta property=\"og:type\" content=\"article\" \/>\n<meta property=\"og:title\" content=\"GENAS | Prochains \u00e9v\u00e8nements sur la commune - News Est Lyonnais\" \/>\n<meta property=\"og:description\" content=\"Comm\u00e9morations, r\u00e9unions publiques et c\u00e9l\u00e9bration d&rsquo;anniversaire, les \u00e9v\u00e8nements seront nombreux dans les prochains jours sur Genas. Le 11 novembre: Comm\u00e9morations de l\u2019armistice du 11 novembre 1918 &amp; c\u00e9r\u00e9monie de citoyennet\u00e9: Comm\u00e9morations: Comme pour le 8 mai, la Ville de Genas organise deux c\u00e9r\u00e9monies officielles pour comm\u00e9morer l\u2019armistice du 11 novembre 1918: \u00e0 9 h 30, [&hellip;]\" \/>\n<meta property=\"og:url\" content=\"https:\/\/newsestlyonnais.fr\/site\/2016\/11\/10\/genas-prochains-evenements-commune\/\" \/>\n<meta property=\"og:site_name\" content=\"News Est Lyonnais\" \/>\n<meta property=\"article:author\" content=\"https:\/\/www.facebook.com\/pascal.oberson.1?fref=ts\" \/>\n<meta property=\"article:published_time\" content=\"2016-11-10T08:12:00+00:00\" \/>\n<meta property=\"article:modified_time\" content=\"2020-11-17T19:45:33+00:00\" \/>\n<meta property=\"og:image\" content=\"https:\/\/i0.wp.com\/newsestlyonnais.fr\/site\/wp-content\/uploads\/2016\/05\/NEWSESTLYONNAISPANNEAUGENAS-1.jpg?fit=1000%2C750&ssl=1\" \/>\n\t<meta property=\"og:image:width\" content=\"1000\" \/>\n\t<meta property=\"og:image:height\" content=\"750\" \/>\n\t<meta property=\"og:image:type\" content=\"image\/jpeg\" \/>\n<meta name=\"author\" content=\"R\u00e9dac. NEWS\" \/>\n<meta name=\"twitter:card\" content=\"summary_large_image\" \/>\n<meta name=\"twitter:label1\" content=\"\u00c9crit par\" \/>\n\t<meta name=\"twitter:data1\" content=\"R\u00e9dac. NEWS\" \/>\n\t<meta name=\"twitter:label2\" content=\"Dur\u00e9e de lecture estim\u00e9e\" \/>\n\t<meta name=\"twitter:data2\" content=\"4 minutes\" \/>\n<script type=\"application\/ld+json\" class=\"yoast-schema-graph\">{\"@context\":\"https:\/\/schema.org\",\"@graph\":[{\"@type\":\"Article\",\"@id\":\"https:\/\/newsestlyonnais.fr\/site\/2016\/11\/10\/genas-prochains-evenements-commune\/#article\",\"isPartOf\":{\"@id\":\"https:\/\/newsestlyonnais.fr\/site\/2016\/11\/10\/genas-prochains-evenements-commune\/\"},\"author\":{\"name\":\"R\u00e9dac. NEWS\",\"@id\":\"https:\/\/newsestlyonnais.fr\/site\/#\/schema\/person\/3230d5615f390bb808365d673001e887\"},\"headline\":\"GENAS | Prochains \u00e9v\u00e8nements sur la commune\",\"datePublished\":\"2016-11-10T08:12:00+00:00\",\"dateModified\":\"2020-11-17T19:45:33+00:00\",\"mainEntityOfPage\":{\"@id\":\"https:\/\/newsestlyonnais.fr\/site\/2016\/11\/10\/genas-prochains-evenements-commune\/\"},\"wordCount\":783,\"commentCount\":0,\"publisher\":{\"@id\":\"https:\/\/newsestlyonnais.fr\/site\/#organization\"},\"image\":{\"@id\":\"https:\/\/newsestlyonnais.fr\/site\/2016\/11\/10\/genas-prochains-evenements-commune\/#primaryimage\"},\"thumbnailUrl\":\"https:\/\/newsestlyonnais.fr\/site\/wp-content\/uploads\/2016\/05\/NEWSESTLYONNAISPANNEAUGENAS-1.jpg\",\"articleSection\":[\"CCEL | Communes\",\"Genas\",\"Religion | Seniors | Souvenir\"],\"inLanguage\":\"fr-FR\",\"potentialAction\":[{\"@type\":\"CommentAction\",\"name\":\"Comment\",\"target\":[\"https:\/\/newsestlyonnais.fr\/site\/2016\/11\/10\/genas-prochains-evenements-commune\/#respond\"]}]},{\"@type\":\"WebPage\",\"@id\":\"https:\/\/newsestlyonnais.fr\/site\/2016\/11\/10\/genas-prochains-evenements-commune\/\",\"url\":\"https:\/\/newsestlyonnais.fr\/site\/2016\/11\/10\/genas-prochains-evenements-commune\/\",\"name\":\"GENAS | Prochains \u00e9v\u00e8nements sur la commune - News Est Lyonnais\",\"isPartOf\":{\"@id\":\"https:\/\/newsestlyonnais.fr\/site\/#website\"},\"primaryImageOfPage\":{\"@id\":\"https:\/\/newsestlyonnais.fr\/site\/2016\/11\/10\/genas-prochains-evenements-commune\/#primaryimage\"},\"image\":{\"@id\":\"https:\/\/newsestlyonnais.fr\/site\/2016\/11\/10\/genas-prochains-evenements-commune\/#primaryimage\"},\"thumbnailUrl\":\"https:\/\/newsestlyonnais.fr\/site\/wp-content\/uploads\/2016\/05\/NEWSESTLYONNAISPANNEAUGENAS-1.jpg\",\"datePublished\":\"2016-11-10T08:12:00+00:00\",\"dateModified\":\"2020-11-17T19:45:33+00:00\",\"breadcrumb\":{\"@id\":\"https:\/\/newsestlyonnais.fr\/site\/2016\/11\/10\/genas-prochains-evenements-commune\/#breadcrumb\"},\"inLanguage\":\"fr-FR\",\"potentialAction\":[{\"@type\":\"ReadAction\",\"target\":[\"https:\/\/newsestlyonnais.fr\/site\/2016\/11\/10\/genas-prochains-evenements-commune\/\"]}]},{\"@type\":\"ImageObject\",\"inLanguage\":\"fr-FR\",\"@id\":\"https:\/\/newsestlyonnais.fr\/site\/2016\/11\/10\/genas-prochains-evenements-commune\/#primaryimage\",\"url\":\"https:\/\/newsestlyonnais.fr\/site\/wp-content\/uploads\/2016\/05\/NEWSESTLYONNAISPANNEAUGENAS-1.jpg\",\"contentUrl\":\"https:\/\/newsestlyonnais.fr\/site\/wp-content\/uploads\/2016\/05\/NEWSESTLYONNAISPANNEAUGENAS-1.jpg\",\"width\":1000,\"height\":750,\"caption\":\"NEWSESTLYONNAISPANNEAUGENAS\"},{\"@type\":\"BreadcrumbList\",\"@id\":\"https:\/\/newsestlyonnais.fr\/site\/2016\/11\/10\/genas-prochains-evenements-commune\/#breadcrumb\",\"itemListElement\":[{\"@type\":\"ListItem\",\"position\":1,\"name\":\"Accueil\",\"item\":\"https:\/\/newsestlyonnais.fr\/site\/\"},{\"@type\":\"ListItem\",\"position\":2,\"name\":\"GENAS | Prochains \u00e9v\u00e8nements sur la commune\"}]},{\"@type\":\"WebSite\",\"@id\":\"https:\/\/newsestlyonnais.fr\/site\/#website\",\"url\":\"https:\/\/newsestlyonnais.fr\/site\/\",\"name\":\"News Est Lyonnais\",\"description\":\"L&#039;actualit\u00e9 au plus pr\u00e8s\",\"publisher\":{\"@id\":\"https:\/\/newsestlyonnais.fr\/site\/#organization\"},\"potentialAction\":[{\"@type\":\"SearchAction\",\"target\":{\"@type\":\"EntryPoint\",\"urlTemplate\":\"https:\/\/newsestlyonnais.fr\/site\/?s={search_term_string}\"},\"query-input\":{\"@type\":\"PropertyValueSpecification\",\"valueRequired\":true,\"valueName\":\"search_term_string\"}}],\"inLanguage\":\"fr-FR\"},{\"@type\":\"Organization\",\"@id\":\"https:\/\/newsestlyonnais.fr\/site\/#organization\",\"name\":\"News EST LYONNAIS\",\"url\":\"https:\/\/newsestlyonnais.fr\/site\/\",\"logo\":{\"@type\":\"ImageObject\",\"inLanguage\":\"fr-FR\",\"@id\":\"https:\/\/newsestlyonnais.fr\/site\/#\/schema\/logo\/image\/\",\"url\":\"\",\"contentUrl\":\"\",\"caption\":\"News EST LYONNAIS\"},\"image\":{\"@id\":\"https:\/\/newsestlyonnais.fr\/site\/#\/schema\/logo\/image\/\"}},{\"@type\":\"Person\",\"@id\":\"https:\/\/newsestlyonnais.fr\/site\/#\/schema\/person\/3230d5615f390bb808365d673001e887\",\"name\":\"R\u00e9dac. NEWS\",\"sameAs\":[\"http:\/\/www.newsestlyonnais.fr\",\"https:\/\/www.facebook.com\/pascal.oberson.1?fref=ts\",\"https:\/\/fr.linkedin.com\/in\/pascal-oberson-b17045113\"],\"url\":\"https:\/\/newsestlyonnais.fr\/site\/author\/nel\/\"}]}<\/script>\n<!-- \/ Yoast SEO plugin. -->","yoast_head_json":{"title":"GENAS | Prochains \u00e9v\u00e8nements sur la commune - News Est Lyonnais","robots":{"index":"index","follow":"follow","max-snippet":"max-snippet:-1","max-image-preview":"max-image-preview:large","max-video-preview":"max-video-preview:-1"},"canonical":"https:\/\/newsestlyonnais.fr\/site\/2016\/11\/10\/genas-prochains-evenements-commune\/","og_locale":"fr_FR","og_type":"article","og_title":"GENAS | Prochains \u00e9v\u00e8nements sur la commune - News Est Lyonnais","og_description":"Comm\u00e9morations, r\u00e9unions publiques et c\u00e9l\u00e9bration d&rsquo;anniversaire, les \u00e9v\u00e8nements seront nombreux dans les prochains jours sur Genas. Le 11 novembre: Comm\u00e9morations de l\u2019armistice du 11 novembre 1918 &amp; c\u00e9r\u00e9monie de citoyennet\u00e9: Comm\u00e9morations: Comme pour le 8 mai, la Ville de Genas organise deux c\u00e9r\u00e9monies officielles pour comm\u00e9morer l\u2019armistice du 11 novembre 1918: \u00e0 9 h 30, [&hellip;]","og_url":"https:\/\/newsestlyonnais.fr\/site\/2016\/11\/10\/genas-prochains-evenements-commune\/","og_site_name":"News Est Lyonnais","article_author":"https:\/\/www.facebook.com\/pascal.oberson.1?fref=ts","article_published_time":"2016-11-10T08:12:00+00:00","article_modified_time":"2020-11-17T19:45:33+00:00","og_image":[{"width":1000,"height":750,"url":"https:\/\/i0.wp.com\/newsestlyonnais.fr\/site\/wp-content\/uploads\/2016\/05\/NEWSESTLYONNAISPANNEAUGENAS-1.jpg?fit=1000%2C750&ssl=1","type":"image\/jpeg"}],"author":"R\u00e9dac. NEWS","twitter_card":"summary_large_image","twitter_misc":{"\u00c9crit par":"R\u00e9dac. NEWS","Dur\u00e9e de lecture estim\u00e9e":"4 minutes"},"schema":{"@context":"https:\/\/schema.org","@graph":[{"@type":"Article","@id":"https:\/\/newsestlyonnais.fr\/site\/2016\/11\/10\/genas-prochains-evenements-commune\/#article","isPartOf":{"@id":"https:\/\/newsestlyonnais.fr\/site\/2016\/11\/10\/genas-prochains-evenements-commune\/"},"author":{"name":"R\u00e9dac. NEWS","@id":"https:\/\/newsestlyonnais.fr\/site\/#\/schema\/person\/3230d5615f390bb808365d673001e887"},"headline":"GENAS | Prochains \u00e9v\u00e8nements sur la commune","datePublished":"2016-11-10T08:12:00+00:00","dateModified":"2020-11-17T19:45:33+00:00","mainEntityOfPage":{"@id":"https:\/\/newsestlyonnais.fr\/site\/2016\/11\/10\/genas-prochains-evenements-commune\/"},"wordCount":783,"commentCount":0,"publisher":{"@id":"https:\/\/newsestlyonnais.fr\/site\/#organization"},"image":{"@id":"https:\/\/newsestlyonnais.fr\/site\/2016\/11\/10\/genas-prochains-evenements-commune\/#primaryimage"},"thumbnailUrl":"https:\/\/newsestlyonnais.fr\/site\/wp-content\/uploads\/2016\/05\/NEWSESTLYONNAISPANNEAUGENAS-1.jpg","articleSection":["CCEL | Communes","Genas","Religion | Seniors | Souvenir"],"inLanguage":"fr-FR","potentialAction":[{"@type":"CommentAction","name":"Comment","target":["https:\/\/newsestlyonnais.fr\/site\/2016\/11\/10\/genas-prochains-evenements-commune\/#respond"]}]},{"@type":"WebPage","@id":"https:\/\/newsestlyonnais.fr\/site\/2016\/11\/10\/genas-prochains-evenements-commune\/","url":"https:\/\/newsestlyonnais.fr\/site\/2016\/11\/10\/genas-prochains-evenements-commune\/","name":"GENAS | Prochains \u00e9v\u00e8nements sur la commune - News Est Lyonnais","isPartOf":{"@id":"https:\/\/newsestlyonnais.fr\/site\/#website"},"primaryImageOfPage":{"@id":"https:\/\/newsestlyonnais.fr\/site\/2016\/11\/10\/genas-prochains-evenements-commune\/#primaryimage"},"image":{"@id":"https:\/\/newsestlyonnais.fr\/site\/2016\/11\/10\/genas-prochains-evenements-commune\/#primaryimage"},"thumbnailUrl":"https:\/\/newsestlyonnais.fr\/site\/wp-content\/uploads\/2016\/05\/NEWSESTLYONNAISPANNEAUGENAS-1.jpg","datePublished":"2016-11-10T08:12:00+00:00","dateModified":"2020-11-17T19:45:33+00:00","breadcrumb":{"@id":"https:\/\/newsestlyonnais.fr\/site\/2016\/11\/10\/genas-prochains-evenements-commune\/#breadcrumb"},"inLanguage":"fr-FR","potentialAction":[{"@type":"ReadAction","target":["https:\/\/newsestlyonnais.fr\/site\/2016\/11\/10\/genas-prochains-evenements-commune\/"]}]},{"@type":"ImageObject","inLanguage":"fr-FR","@id":"https:\/\/newsestlyonnais.fr\/site\/2016\/11\/10\/genas-prochains-evenements-commune\/#primaryimage","url":"https:\/\/newsestlyonnais.fr\/site\/wp-content\/uploads\/2016\/05\/NEWSESTLYONNAISPANNEAUGENAS-1.jpg","contentUrl":"https:\/\/newsestlyonnais.fr\/site\/wp-content\/uploads\/2016\/05\/NEWSESTLYONNAISPANNEAUGENAS-1.jpg","width":1000,"height":750,"caption":"NEWSESTLYONNAISPANNEAUGENAS"},{"@type":"BreadcrumbList","@id":"https:\/\/newsestlyonnais.fr\/site\/2016\/11\/10\/genas-prochains-evenements-commune\/#breadcrumb","itemListElement":[{"@type":"ListItem","position":1,"name":"Accueil","item":"https:\/\/newsestlyonnais.fr\/site\/"},{"@type":"ListItem","position":2,"name":"GENAS | Prochains \u00e9v\u00e8nements sur la commune"}]},{"@type":"WebSite","@id":"https:\/\/newsestlyonnais.fr\/site\/#website","url":"https:\/\/newsestlyonnais.fr\/site\/","name":"News Est Lyonnais","description":"L&#039;actualit\u00e9 au plus pr\u00e8s","publisher":{"@id":"https:\/\/newsestlyonnais.fr\/site\/#organization"},"potentialAction":[{"@type":"SearchAction","target":{"@type":"EntryPoint","urlTemplate":"https:\/\/newsestlyonnais.fr\/site\/?s={search_term_string}"},"query-input":{"@type":"PropertyValueSpecification","valueRequired":true,"valueName":"search_term_string"}}],"inLanguage":"fr-FR"},{"@type":"Organization","@id":"https:\/\/newsestlyonnais.fr\/site\/#organization","name":"News EST LYONNAIS","url":"https:\/\/newsestlyonnais.fr\/site\/","logo":{"@type":"ImageObject","inLanguage":"fr-FR","@id":"https:\/\/newsestlyonnais.fr\/site\/#\/schema\/logo\/image\/","url":"","contentUrl":"","caption":"News EST LYONNAIS"},"image":{"@id":"https:\/\/newsestlyonnais.fr\/site\/#\/schema\/logo\/image\/"}},{"@type":"Person","@id":"https:\/\/newsestlyonnais.fr\/site\/#\/schema\/person\/3230d5615f390bb808365d673001e887","name":"R\u00e9dac. NEWS","sameAs":["http:\/\/www.newsestlyonnais.fr","https:\/\/www.facebook.com\/pascal.oberson.1?fref=ts","https:\/\/fr.linkedin.com\/in\/pascal-oberson-b17045113"],"url":"https:\/\/newsestlyonnais.fr\/site\/author\/nel\/"}]}},"_links":{"self":[{"href":"https:\/\/newsestlyonnais.fr\/site\/wp-json\/wp\/v2\/posts\/15576","targetHints":{"allow":["GET"]}}],"collection":[{"href":"https:\/\/newsestlyonnais.fr\/site\/wp-json\/wp\/v2\/posts"}],"about":[{"href":"https:\/\/newsestlyonnais.fr\/site\/wp-json\/wp\/v2\/types\/post"}],"author":[{"embeddable":true,"href":"https:\/\/newsestlyonnais.fr\/site\/wp-json\/wp\/v2\/users\/4"}],"replies":[{"embeddable":true,"href":"https:\/\/newsestlyonnais.fr\/site\/wp-json\/wp\/v2\/comments?post=15576"}],"version-history":[{"count":0,"href":"https:\/\/newsestlyonnais.fr\/site\/wp-json\/wp\/v2\/posts\/15576\/revisions"}],"wp:featuredmedia":[{"embeddable":true,"href":"https:\/\/newsestlyonnais.fr\/site\/wp-json\/wp\/v2\/media\/8137"}],"wp:attachment":[{"href":"https:\/\/newsestlyonnais.fr\/site\/wp-json\/wp\/v2\/media?parent=15576"}],"wp:term":[{"taxonomy":"category","embeddable":true,"href":"https:\/\/newsestlyonnais.fr\/site\/wp-json\/wp\/v2\/categories?post=15576"},{"taxonomy":"post_tag","embeddable":true,"href":"https:\/\/newsestlyonnais.fr\/site\/wp-json\/wp\/v2\/tags?post=15576"}],"curies":[{"name":"wp","href":"https:\/\/api.w.org\/{rel}","templated":true}]}}