{"id":156032,"date":"2022-05-29T10:47:10","date_gmt":"2022-05-29T09:47:10","guid":{"rendered":"https:\/\/newsestlyonnais.fr\/site\/?p=156032"},"modified":"2022-06-09T17:27:42","modified_gmt":"2022-06-09T16:27:42","slug":"stephane-legrand-travail-et-bonne-humeur-au-sein-du-staff-et-dans-les-cours","status":"publish","type":"post","link":"https:\/\/newsestlyonnais.fr\/site\/2022\/05\/29\/stephane-legrand-travail-et-bonne-humeur-au-sein-du-staff-et-dans-les-cours\/","title":{"rendered":"St\u00e9phane Legrand \u00a0\u00bb travail et bonne humeur au sein du staff et dans les cours \u00ab\u00a0"},"content":{"rendered":"<p><span style=\"background-color: #000000; color: #ffffff; font-size: 14pt;\"><strong>Depuis quand \u00eates-vous \u00e0 la pr\u00e9sidence ?<\/strong><\/span><\/p>\n<p>\u00bb <strong>J&rsquo;ai succ\u00e9d\u00e9 en 2004 \u00e0 Jean-Claude Blanc, qui avait assur\u00e9 l&rsquo;int\u00e9rim<\/strong> suite au d\u00e9part du pr\u00e9sident pr\u00e9c\u00e9dent. Je voulais rentrer au club comme simple adh\u00e9rent et on m&rsquo;a sollicit\u00e9 pour prendre la pr\u00e9sidence, ce que j&rsquo;ai accept\u00e9. Et comme j&rsquo;avais un monitorat, j&rsquo;ai de suite donn\u00e9 des cours aux comp\u00e9titeurs combat et je continue depuis ! \u00bb.<\/p>\n<p><span style=\"background-color: #000000; color: #ffffff; font-size: 14pt;\"><strong>Comment est compos\u00e9 votre bureau ?<\/strong><\/span><\/p>\n<p>\u00bb <strong>4 personnes forment ce bureau<\/strong>, on est vraiment bien r\u00f4d\u00e9 sur nos postes et sur la communication. Pendant le Covid, on a communiqu\u00e9 de fa\u00e7on fluide, par visio-conf\u00e9rence en gardant le lien. On a toujours bien anticip\u00e9 et respect\u00e9 les confinements. On a investi dans des masques sportifs homologu\u00e9s et on a pu \u00e9voluer en salle gr\u00e2ce au marquage au sol et une distanciation sociale \u00bb.<\/p>\n<hr \/>\n<p><span style=\"color: #ffffff; font-size: 14pt;\"><strong><span style=\"background-color: #000000;\">Vous \u00eates \u00e9galement pratiquant ?<\/span> <\/strong><\/span><\/p>\n<p>\u00bb <strong>Oui depuis maintenant 35 ans<\/strong>, auparavant dans divers clubs (Paris, Valence) et j&rsquo;ai disput\u00e9 des comp\u00e9titions au niveau r\u00e9gional \u00bb.<\/p>\n<hr \/>\n<p><span style=\"background-color: #000000; color: #ffffff; font-size: 14pt;\"><strong>Concernant le club, o\u00f9 en est son effectif ?<\/strong><\/span><\/p>\n<p>\u00bb Cette saison on compte <strong>178 licenci\u00e9s, dont 66 f\u00e9minines et 101 jeunes <\/strong>(des pr\u00e9-poussins aux juniors inclus).<\/p>\n<p>Un effectif en hausse par rapport \u00e0 la saison derni\u00e8re (113 licenci\u00e9s en 2020\/2021) et en baisse par rapport aux saisons avant covid (232 licenci\u00e9s en 2019\/2020).<\/p>\n<p><strong>Le covid a eu un impact sur sur le nombre de licenci\u00e9s et aussi sur le taux de participations aux cours<\/strong> \u00bb.<\/p>\n<hr \/>\n<p><span style=\"background-color: #000000; color: #ffffff; font-size: 14pt;\"><strong>Quelles activit\u00e9s proposez-vous ?<\/strong> <\/span><strong><br \/>\n<\/strong><\/p>\n<p><strong>\u00ab<\/strong> <strong>Principalement du loisir et de la comp\u00e9tition si des adh\u00e9rents sont motiv\u00e9s et \u00e0 niveau<\/strong>.<strong><br \/>\n<\/strong><\/p>\n<p>Notre public est de tout \u00e2ge de 7 ans \u00e0 67\/68 ans comme nos 2 doyens du club \u00bb.<\/p>\n<hr \/>\n<p><span style=\"background-color: #000000; color: #ffffff; font-size: 14pt;\"><strong>Et sur le plan sportif ? <\/strong><\/span><\/p>\n<p>\u00bb Cette saison <strong>on n&rsquo;a pu aligner qu&rsquo;un seul comp\u00e9titeur<\/strong>, mais si cela sera reprend son cours normalement, cela sera diff\u00e9rent \u00e0 l&rsquo;avenir.<\/p>\n<p>En assaut \u00e0 l&rsquo;Open France, <strong>S\u00e9bastien Pacheco<\/strong>, form\u00e9 au club, a d\u00e9croch\u00e9 une victoire au niveau d\u00e9partemental et subi une d\u00e9faite au niveau Auvergne Rh\u00f4ne-Alpes, apr\u00e8s une belle prestation tr\u00e8s \u00e9quilibr\u00e9e \u00bb.<\/p>\n<hr \/>\n<p><span style=\"background-color: #000000; color: #ffffff; font-size: 14pt;\"><strong data-wp-editing=\"1\">Les prochaines organisations du club ?<\/strong><\/span><\/p>\n<p>\u00bb <b> La crise a mis un frein \u00e0 tout et on a mis du temps \u00e0 organiser nos propres cours, <\/b>le renouvellement avait \u00e9t\u00e9 difficile sans contact<b>. <\/b>On mettra en place un interclubs, fin 2022 ou d\u00e9but 2023, comme on le faisait avant \u00bb.<\/p>\n<p><span style=\"background-color: #000000; color: #ffffff; font-size: 14pt;\"><strong>Au niveau des projets ?<\/strong><\/span><\/p>\n<p>\u00bb On a dans l&rsquo;id\u00e9e de mettre en place en interne des formations, pour des jeunes de 15\/16 ans afin de nous aider et pour les former de fa\u00e7on plus officielle.<\/p>\n<p>Et on sera pr\u00e9sent d\u00e9but septembre au Forum des Associations \u00bb.<\/p>\n<hr \/>\n<p><span style=\"background-color: #000000; color: #ffffff; font-size: 14pt;\"><strong>Et pour conclure ?<\/strong><\/span><\/p>\n<p>\u00bb Il y a une bonne ambiance, on compte sur tout le monde avec une \u00e9quipe soud\u00e9e. Travail et bonne humeur dans le staff (compos\u00e9 de 14 membres, comprenant moniteurs, initiateurs et le bureau) et dans les cours.<\/p>\n<p><strong>Le club vit depuis des ann\u00e9es gr\u00e2ce au seul Jean-Claude Blanc, notre secr\u00e9taire, qui est notre cl\u00e9 de vo\u00fbte. <\/strong>La personne sans qui le club n&rsquo;existerait pas de mani\u00e8re officielle \u00ab.<\/p>\n<hr \/>\n<p><strong>&gt;&gt; <span style=\"background-color: #000000; color: #ffffff; font-size: 14pt;\">L\u2019ACTU du club sur <\/span>: <span style=\"font-size: 14pt; background-color: #000000; color: #ffcc00;\"><a style=\"background-color: #000000; color: #ffcc00;\" href=\"https:\/\/www.sbfgenas.com\">https:\/\/www.sbfgenas.com<\/a><\/span><\/strong><\/p>\n<p><span style=\"background-color: #000000; color: #ffffff; font-size: 14pt;\"><strong>CONTACTS <\/strong><\/span>: <strong>T\u00e9l<\/strong>. 07.82.47.26.80 \/ <strong>Mail<\/strong> : <span style=\"color: #0000ff;\"><a style=\"color: #0000ff;\" href=\"mailto:savate.genas@gmail.com\">savate.genas@gmail.com<\/a><\/span><\/p>\n","protected":false},"excerpt":{"rendered":"<p>Pr\u00e9sident de la Savate Boxe Fran\u00e7aise Genas depuis 2004, il dresse un bilan complet de ce club trentenaire depuis cette ann\u00e9e, pour la saison qui s&rsquo;ach\u00e8ve.<\/p>\n","protected":false},"author":4,"featured_media":156037,"comment_status":"open","ping_status":"open","sticky":false,"template":"","format":"standard","meta":{"footnotes":""},"categories":[3895,270,1598,137,2],"tags":[3013,2545,4305],"class_list":["post-156032","post","type-post","status-publish","format-standard","has-post-thumbnail","hentry","category-boxe","category-cte-de-communes-c-c-e-l","category-genas","category-interviews","category-sports","tag-boxe-francaise","tag-savate-boxe-francaise-genas","tag-stephane-legrand"],"yoast_head":"<!-- This site is optimized with the Yoast SEO plugin v27.2 - https:\/\/yoast.com\/product\/yoast-seo-wordpress\/ -->\n<title>St\u00e9phane Legrand &quot; travail et bonne humeur au sein du staff et dans les cours &quot; - News Est Lyonnais<\/title>\n<meta name=\"description\" content=\"St\u00e9phane Legrand &quot; travail et bonne humeur au sein du staff et dans les cours &quot;\" \/>\n<meta name=\"robots\" content=\"index, follow, max-snippet:-1, max-image-preview:large, max-video-preview:-1\" \/>\n<link rel=\"canonical\" href=\"https:\/\/newsestlyonnais.fr\/site\/2022\/05\/29\/stephane-legrand-travail-et-bonne-humeur-au-sein-du-staff-et-dans-les-cours\/\" \/>\n<meta property=\"og:locale\" content=\"fr_FR\" \/>\n<meta property=\"og:type\" content=\"article\" \/>\n<meta property=\"og:title\" content=\"St\u00e9phane Legrand &quot; travail et bonne humeur au sein du staff et dans les cours &quot; - News Est Lyonnais\" \/>\n<meta property=\"og:description\" content=\"St\u00e9phane Legrand &quot; travail et bonne humeur au sein du staff et dans les cours &quot;\" \/>\n<meta property=\"og:url\" content=\"https:\/\/newsestlyonnais.fr\/site\/2022\/05\/29\/stephane-legrand-travail-et-bonne-humeur-au-sein-du-staff-et-dans-les-cours\/\" \/>\n<meta property=\"og:site_name\" content=\"News Est Lyonnais\" \/>\n<meta property=\"article:author\" content=\"https:\/\/www.facebook.com\/pascal.oberson.1?fref=ts\" \/>\n<meta property=\"article:published_time\" content=\"2022-05-29T09:47:10+00:00\" \/>\n<meta property=\"article:modified_time\" content=\"2022-06-09T16:27:42+00:00\" \/>\n<meta property=\"og:image\" content=\"https:\/\/newsestlyonnais.fr\/site\/wp-content\/uploads\/2022\/05\/P1470812.jpg\" \/>\n\t<meta property=\"og:image:width\" content=\"1200\" \/>\n\t<meta property=\"og:image:height\" content=\"900\" \/>\n\t<meta property=\"og:image:type\" content=\"image\/jpeg\" \/>\n<meta name=\"author\" content=\"R\u00e9dac. NEWS\" \/>\n<meta name=\"twitter:card\" content=\"summary_large_image\" \/>\n<meta name=\"twitter:label1\" content=\"\u00c9crit par\" \/>\n\t<meta name=\"twitter:data1\" content=\"R\u00e9dac. NEWS\" \/>\n\t<meta name=\"twitter:label2\" content=\"Dur\u00e9e de lecture estim\u00e9e\" \/>\n\t<meta name=\"twitter:data2\" content=\"3 minutes\" \/>\n<script type=\"application\/ld+json\" class=\"yoast-schema-graph\">{\"@context\":\"https:\/\/schema.org\",\"@graph\":[{\"@type\":\"Article\",\"@id\":\"https:\/\/newsestlyonnais.fr\/site\/2022\/05\/29\/stephane-legrand-travail-et-bonne-humeur-au-sein-du-staff-et-dans-les-cours\/#article\",\"isPartOf\":{\"@id\":\"https:\/\/newsestlyonnais.fr\/site\/2022\/05\/29\/stephane-legrand-travail-et-bonne-humeur-au-sein-du-staff-et-dans-les-cours\/\"},\"author\":{\"name\":\"R\u00e9dac. NEWS\",\"@id\":\"https:\/\/newsestlyonnais.fr\/site\/#\/schema\/person\/3230d5615f390bb808365d673001e887\"},\"headline\":\"St\u00e9phane Legrand \u00a0\u00bb travail et bonne humeur au sein du staff et dans les cours \u00ab\u00a0\",\"datePublished\":\"2022-05-29T09:47:10+00:00\",\"dateModified\":\"2022-06-09T16:27:42+00:00\",\"mainEntityOfPage\":{\"@id\":\"https:\/\/newsestlyonnais.fr\/site\/2022\/05\/29\/stephane-legrand-travail-et-bonne-humeur-au-sein-du-staff-et-dans-les-cours\/\"},\"wordCount\":552,\"commentCount\":0,\"publisher\":{\"@id\":\"https:\/\/newsestlyonnais.fr\/site\/#organization\"},\"image\":{\"@id\":\"https:\/\/newsestlyonnais.fr\/site\/2022\/05\/29\/stephane-legrand-travail-et-bonne-humeur-au-sein-du-staff-et-dans-les-cours\/#primaryimage\"},\"thumbnailUrl\":\"https:\/\/newsestlyonnais.fr\/site\/wp-content\/uploads\/2022\/05\/P1470812.jpg\",\"keywords\":[\"BOXE FRANCAISE\",\"SAVATE BOXE FRANCAISE GENAS\",\"St\u00e9phane Legrand\"],\"articleSection\":[\"Boxe\",\"CCEL | Communes\",\"Genas\",\"Interviews\",\"Sports\"],\"inLanguage\":\"fr-FR\",\"potentialAction\":[{\"@type\":\"CommentAction\",\"name\":\"Comment\",\"target\":[\"https:\/\/newsestlyonnais.fr\/site\/2022\/05\/29\/stephane-legrand-travail-et-bonne-humeur-au-sein-du-staff-et-dans-les-cours\/#respond\"]}]},{\"@type\":\"WebPage\",\"@id\":\"https:\/\/newsestlyonnais.fr\/site\/2022\/05\/29\/stephane-legrand-travail-et-bonne-humeur-au-sein-du-staff-et-dans-les-cours\/\",\"url\":\"https:\/\/newsestlyonnais.fr\/site\/2022\/05\/29\/stephane-legrand-travail-et-bonne-humeur-au-sein-du-staff-et-dans-les-cours\/\",\"name\":\"St\u00e9phane Legrand \\\" travail et bonne humeur au sein du staff et dans les cours \\\" - News Est Lyonnais\",\"isPartOf\":{\"@id\":\"https:\/\/newsestlyonnais.fr\/site\/#website\"},\"primaryImageOfPage\":{\"@id\":\"https:\/\/newsestlyonnais.fr\/site\/2022\/05\/29\/stephane-legrand-travail-et-bonne-humeur-au-sein-du-staff-et-dans-les-cours\/#primaryimage\"},\"image\":{\"@id\":\"https:\/\/newsestlyonnais.fr\/site\/2022\/05\/29\/stephane-legrand-travail-et-bonne-humeur-au-sein-du-staff-et-dans-les-cours\/#primaryimage\"},\"thumbnailUrl\":\"https:\/\/newsestlyonnais.fr\/site\/wp-content\/uploads\/2022\/05\/P1470812.jpg\",\"datePublished\":\"2022-05-29T09:47:10+00:00\",\"dateModified\":\"2022-06-09T16:27:42+00:00\",\"description\":\"St\u00e9phane Legrand \\\" travail et bonne humeur au sein du staff et dans les cours \\\"\",\"breadcrumb\":{\"@id\":\"https:\/\/newsestlyonnais.fr\/site\/2022\/05\/29\/stephane-legrand-travail-et-bonne-humeur-au-sein-du-staff-et-dans-les-cours\/#breadcrumb\"},\"inLanguage\":\"fr-FR\",\"potentialAction\":[{\"@type\":\"ReadAction\",\"target\":[\"https:\/\/newsestlyonnais.fr\/site\/2022\/05\/29\/stephane-legrand-travail-et-bonne-humeur-au-sein-du-staff-et-dans-les-cours\/\"]}]},{\"@type\":\"ImageObject\",\"inLanguage\":\"fr-FR\",\"@id\":\"https:\/\/newsestlyonnais.fr\/site\/2022\/05\/29\/stephane-legrand-travail-et-bonne-humeur-au-sein-du-staff-et-dans-les-cours\/#primaryimage\",\"url\":\"https:\/\/newsestlyonnais.fr\/site\/wp-content\/uploads\/2022\/05\/P1470812.jpg\",\"contentUrl\":\"https:\/\/newsestlyonnais.fr\/site\/wp-content\/uploads\/2022\/05\/P1470812.jpg\",\"width\":1200,\"height\":900},{\"@type\":\"BreadcrumbList\",\"@id\":\"https:\/\/newsestlyonnais.fr\/site\/2022\/05\/29\/stephane-legrand-travail-et-bonne-humeur-au-sein-du-staff-et-dans-les-cours\/#breadcrumb\",\"itemListElement\":[{\"@type\":\"ListItem\",\"position\":1,\"name\":\"Accueil\",\"item\":\"https:\/\/newsestlyonnais.fr\/site\/\"},{\"@type\":\"ListItem\",\"position\":2,\"name\":\"St\u00e9phane Legrand \u00a0\u00bb travail et bonne humeur au sein du staff et dans les cours \u00ab\u00a0\"}]},{\"@type\":\"WebSite\",\"@id\":\"https:\/\/newsestlyonnais.fr\/site\/#website\",\"url\":\"https:\/\/newsestlyonnais.fr\/site\/\",\"name\":\"News Est Lyonnais\",\"description\":\"L&#039;actualit\u00e9 au plus pr\u00e8s\",\"publisher\":{\"@id\":\"https:\/\/newsestlyonnais.fr\/site\/#organization\"},\"potentialAction\":[{\"@type\":\"SearchAction\",\"target\":{\"@type\":\"EntryPoint\",\"urlTemplate\":\"https:\/\/newsestlyonnais.fr\/site\/?s={search_term_string}\"},\"query-input\":{\"@type\":\"PropertyValueSpecification\",\"valueRequired\":true,\"valueName\":\"search_term_string\"}}],\"inLanguage\":\"fr-FR\"},{\"@type\":\"Organization\",\"@id\":\"https:\/\/newsestlyonnais.fr\/site\/#organization\",\"name\":\"News EST LYONNAIS\",\"url\":\"https:\/\/newsestlyonnais.fr\/site\/\",\"logo\":{\"@type\":\"ImageObject\",\"inLanguage\":\"fr-FR\",\"@id\":\"https:\/\/newsestlyonnais.fr\/site\/#\/schema\/logo\/image\/\",\"url\":\"\",\"contentUrl\":\"\",\"caption\":\"News EST LYONNAIS\"},\"image\":{\"@id\":\"https:\/\/newsestlyonnais.fr\/site\/#\/schema\/logo\/image\/\"}},{\"@type\":\"Person\",\"@id\":\"https:\/\/newsestlyonnais.fr\/site\/#\/schema\/person\/3230d5615f390bb808365d673001e887\",\"name\":\"R\u00e9dac. NEWS\",\"sameAs\":[\"http:\/\/www.newsestlyonnais.fr\",\"https:\/\/www.facebook.com\/pascal.oberson.1?fref=ts\",\"https:\/\/fr.linkedin.com\/in\/pascal-oberson-b17045113\"],\"url\":\"https:\/\/newsestlyonnais.fr\/site\/author\/nel\/\"}]}<\/script>\n<!-- \/ Yoast SEO plugin. -->","yoast_head_json":{"title":"St\u00e9phane Legrand \" travail et bonne humeur au sein du staff et dans les cours \" - News Est Lyonnais","description":"St\u00e9phane Legrand \" travail et bonne humeur au sein du staff et dans les cours \"","robots":{"index":"index","follow":"follow","max-snippet":"max-snippet:-1","max-image-preview":"max-image-preview:large","max-video-preview":"max-video-preview:-1"},"canonical":"https:\/\/newsestlyonnais.fr\/site\/2022\/05\/29\/stephane-legrand-travail-et-bonne-humeur-au-sein-du-staff-et-dans-les-cours\/","og_locale":"fr_FR","og_type":"article","og_title":"St\u00e9phane Legrand \" travail et bonne humeur au sein du staff et dans les cours \" - News Est Lyonnais","og_description":"St\u00e9phane Legrand \" travail et bonne humeur au sein du staff et dans les cours \"","og_url":"https:\/\/newsestlyonnais.fr\/site\/2022\/05\/29\/stephane-legrand-travail-et-bonne-humeur-au-sein-du-staff-et-dans-les-cours\/","og_site_name":"News Est Lyonnais","article_author":"https:\/\/www.facebook.com\/pascal.oberson.1?fref=ts","article_published_time":"2022-05-29T09:47:10+00:00","article_modified_time":"2022-06-09T16:27:42+00:00","og_image":[{"width":1200,"height":900,"url":"https:\/\/newsestlyonnais.fr\/site\/wp-content\/uploads\/2022\/05\/P1470812.jpg","type":"image\/jpeg"}],"author":"R\u00e9dac. NEWS","twitter_card":"summary_large_image","twitter_misc":{"\u00c9crit par":"R\u00e9dac. NEWS","Dur\u00e9e de lecture estim\u00e9e":"3 minutes"},"schema":{"@context":"https:\/\/schema.org","@graph":[{"@type":"Article","@id":"https:\/\/newsestlyonnais.fr\/site\/2022\/05\/29\/stephane-legrand-travail-et-bonne-humeur-au-sein-du-staff-et-dans-les-cours\/#article","isPartOf":{"@id":"https:\/\/newsestlyonnais.fr\/site\/2022\/05\/29\/stephane-legrand-travail-et-bonne-humeur-au-sein-du-staff-et-dans-les-cours\/"},"author":{"name":"R\u00e9dac. NEWS","@id":"https:\/\/newsestlyonnais.fr\/site\/#\/schema\/person\/3230d5615f390bb808365d673001e887"},"headline":"St\u00e9phane Legrand \u00a0\u00bb travail et bonne humeur au sein du staff et dans les cours \u00ab\u00a0","datePublished":"2022-05-29T09:47:10+00:00","dateModified":"2022-06-09T16:27:42+00:00","mainEntityOfPage":{"@id":"https:\/\/newsestlyonnais.fr\/site\/2022\/05\/29\/stephane-legrand-travail-et-bonne-humeur-au-sein-du-staff-et-dans-les-cours\/"},"wordCount":552,"commentCount":0,"publisher":{"@id":"https:\/\/newsestlyonnais.fr\/site\/#organization"},"image":{"@id":"https:\/\/newsestlyonnais.fr\/site\/2022\/05\/29\/stephane-legrand-travail-et-bonne-humeur-au-sein-du-staff-et-dans-les-cours\/#primaryimage"},"thumbnailUrl":"https:\/\/newsestlyonnais.fr\/site\/wp-content\/uploads\/2022\/05\/P1470812.jpg","keywords":["BOXE FRANCAISE","SAVATE BOXE FRANCAISE GENAS","St\u00e9phane Legrand"],"articleSection":["Boxe","CCEL | Communes","Genas","Interviews","Sports"],"inLanguage":"fr-FR","potentialAction":[{"@type":"CommentAction","name":"Comment","target":["https:\/\/newsestlyonnais.fr\/site\/2022\/05\/29\/stephane-legrand-travail-et-bonne-humeur-au-sein-du-staff-et-dans-les-cours\/#respond"]}]},{"@type":"WebPage","@id":"https:\/\/newsestlyonnais.fr\/site\/2022\/05\/29\/stephane-legrand-travail-et-bonne-humeur-au-sein-du-staff-et-dans-les-cours\/","url":"https:\/\/newsestlyonnais.fr\/site\/2022\/05\/29\/stephane-legrand-travail-et-bonne-humeur-au-sein-du-staff-et-dans-les-cours\/","name":"St\u00e9phane Legrand \" travail et bonne humeur au sein du staff et dans les cours \" - News Est Lyonnais","isPartOf":{"@id":"https:\/\/newsestlyonnais.fr\/site\/#website"},"primaryImageOfPage":{"@id":"https:\/\/newsestlyonnais.fr\/site\/2022\/05\/29\/stephane-legrand-travail-et-bonne-humeur-au-sein-du-staff-et-dans-les-cours\/#primaryimage"},"image":{"@id":"https:\/\/newsestlyonnais.fr\/site\/2022\/05\/29\/stephane-legrand-travail-et-bonne-humeur-au-sein-du-staff-et-dans-les-cours\/#primaryimage"},"thumbnailUrl":"https:\/\/newsestlyonnais.fr\/site\/wp-content\/uploads\/2022\/05\/P1470812.jpg","datePublished":"2022-05-29T09:47:10+00:00","dateModified":"2022-06-09T16:27:42+00:00","description":"St\u00e9phane Legrand \" travail et bonne humeur au sein du staff et dans les cours \"","breadcrumb":{"@id":"https:\/\/newsestlyonnais.fr\/site\/2022\/05\/29\/stephane-legrand-travail-et-bonne-humeur-au-sein-du-staff-et-dans-les-cours\/#breadcrumb"},"inLanguage":"fr-FR","potentialAction":[{"@type":"ReadAction","target":["https:\/\/newsestlyonnais.fr\/site\/2022\/05\/29\/stephane-legrand-travail-et-bonne-humeur-au-sein-du-staff-et-dans-les-cours\/"]}]},{"@type":"ImageObject","inLanguage":"fr-FR","@id":"https:\/\/newsestlyonnais.fr\/site\/2022\/05\/29\/stephane-legrand-travail-et-bonne-humeur-au-sein-du-staff-et-dans-les-cours\/#primaryimage","url":"https:\/\/newsestlyonnais.fr\/site\/wp-content\/uploads\/2022\/05\/P1470812.jpg","contentUrl":"https:\/\/newsestlyonnais.fr\/site\/wp-content\/uploads\/2022\/05\/P1470812.jpg","width":1200,"height":900},{"@type":"BreadcrumbList","@id":"https:\/\/newsestlyonnais.fr\/site\/2022\/05\/29\/stephane-legrand-travail-et-bonne-humeur-au-sein-du-staff-et-dans-les-cours\/#breadcrumb","itemListElement":[{"@type":"ListItem","position":1,"name":"Accueil","item":"https:\/\/newsestlyonnais.fr\/site\/"},{"@type":"ListItem","position":2,"name":"St\u00e9phane Legrand \u00a0\u00bb travail et bonne humeur au sein du staff et dans les cours \u00ab\u00a0"}]},{"@type":"WebSite","@id":"https:\/\/newsestlyonnais.fr\/site\/#website","url":"https:\/\/newsestlyonnais.fr\/site\/","name":"News Est Lyonnais","description":"L&#039;actualit\u00e9 au plus pr\u00e8s","publisher":{"@id":"https:\/\/newsestlyonnais.fr\/site\/#organization"},"potentialAction":[{"@type":"SearchAction","target":{"@type":"EntryPoint","urlTemplate":"https:\/\/newsestlyonnais.fr\/site\/?s={search_term_string}"},"query-input":{"@type":"PropertyValueSpecification","valueRequired":true,"valueName":"search_term_string"}}],"inLanguage":"fr-FR"},{"@type":"Organization","@id":"https:\/\/newsestlyonnais.fr\/site\/#organization","name":"News EST LYONNAIS","url":"https:\/\/newsestlyonnais.fr\/site\/","logo":{"@type":"ImageObject","inLanguage":"fr-FR","@id":"https:\/\/newsestlyonnais.fr\/site\/#\/schema\/logo\/image\/","url":"","contentUrl":"","caption":"News EST LYONNAIS"},"image":{"@id":"https:\/\/newsestlyonnais.fr\/site\/#\/schema\/logo\/image\/"}},{"@type":"Person","@id":"https:\/\/newsestlyonnais.fr\/site\/#\/schema\/person\/3230d5615f390bb808365d673001e887","name":"R\u00e9dac. NEWS","sameAs":["http:\/\/www.newsestlyonnais.fr","https:\/\/www.facebook.com\/pascal.oberson.1?fref=ts","https:\/\/fr.linkedin.com\/in\/pascal-oberson-b17045113"],"url":"https:\/\/newsestlyonnais.fr\/site\/author\/nel\/"}]}},"_links":{"self":[{"href":"https:\/\/newsestlyonnais.fr\/site\/wp-json\/wp\/v2\/posts\/156032","targetHints":{"allow":["GET"]}}],"collection":[{"href":"https:\/\/newsestlyonnais.fr\/site\/wp-json\/wp\/v2\/posts"}],"about":[{"href":"https:\/\/newsestlyonnais.fr\/site\/wp-json\/wp\/v2\/types\/post"}],"author":[{"embeddable":true,"href":"https:\/\/newsestlyonnais.fr\/site\/wp-json\/wp\/v2\/users\/4"}],"replies":[{"embeddable":true,"href":"https:\/\/newsestlyonnais.fr\/site\/wp-json\/wp\/v2\/comments?post=156032"}],"version-history":[{"count":0,"href":"https:\/\/newsestlyonnais.fr\/site\/wp-json\/wp\/v2\/posts\/156032\/revisions"}],"wp:featuredmedia":[{"embeddable":true,"href":"https:\/\/newsestlyonnais.fr\/site\/wp-json\/wp\/v2\/media\/156037"}],"wp:attachment":[{"href":"https:\/\/newsestlyonnais.fr\/site\/wp-json\/wp\/v2\/media?parent=156032"}],"wp:term":[{"taxonomy":"category","embeddable":true,"href":"https:\/\/newsestlyonnais.fr\/site\/wp-json\/wp\/v2\/categories?post=156032"},{"taxonomy":"post_tag","embeddable":true,"href":"https:\/\/newsestlyonnais.fr\/site\/wp-json\/wp\/v2\/tags?post=156032"}],"curies":[{"name":"wp","href":"https:\/\/api.w.org\/{rel}","templated":true}]}}