{"id":15604,"date":"2016-11-10T19:25:16","date_gmt":"2016-11-10T18:25:16","guid":{"rendered":"http:\/\/newsestlyonnais.fr\/site\/?p=15604"},"modified":"2020-11-16T16:19:15","modified_gmt":"2020-11-16T15:19:15","slug":"villeurbanne-evenements-week-end","status":"publish","type":"post","link":"https:\/\/newsestlyonnais.fr\/site\/2016\/11\/10\/villeurbanne-evenements-week-end\/","title":{"rendered":"VILLEURBANNE | Les \u00e9v\u00e8nements du week-end"},"content":{"rendered":"<h4>Nombreuses sont les manifestations qui se d\u00e9rouleront tout au long de ce long week-end sur la commune:<\/h4>\n<ul>\n<li><span style=\"text-decoration: underline\">Vendredi 11 novembre de 14 h \u00e0 20 h 30<\/span>: <strong>Course de dromadaires. <\/strong><span style=\"text-decoration: underline\">L&rsquo;hippodrome du Carr\u00e9 de Soie<\/span> accueillera pour la premi\u00e8re fois des courses de dromadaires pour sa traditionnelle r\u00e9union du 11 novembre.<\/li>\n<li><span style=\"text-decoration: underline\">Le 11, 12 et 13 novembre \u00e0 l&rsquo;Espace T\u00eate d&rsquo;Or<\/span>: <strong>Salon International Minera Lyon: <\/strong>41\u00b0 Salon international min\u00e9raux, fossiles, pierres pr\u00e9cieuses, m\u00e9t\u00e9orites. Pour tout public, collectionneur ou familial, initi\u00e9 ou amateur ou toute personne cherchant \u00e0 se renseigner, \u00e0 d\u00e9couvrir cet univers.<\/li>\n<li><span style=\"text-decoration: underline\"><em>Samedi 12 novembre \u00e0 20 h \u00e0 l&rsquo;Astroballe<\/em><\/span><em><strong>: <\/strong><\/em><em><strong>Basket: <\/strong><\/em><em><strong>Match ASVEL \/ Gravelines Dunkerque <\/strong>pour <\/em><em>la 8e journ\u00e9e de Pro A<\/em><span style=\"text-decoration: underline\"><em><strong><br \/>\n<\/strong><\/em><\/span><\/li>\n<li><span style=\"text-decoration: underline\">Dimanche 13 novembre 2016 \u00e0 13 h au parc de la Feyssine<\/span>: <strong>Cyclocross de la Feyssine <\/strong>organis\u00e9 par l&rsquo;ECOV. &amp; <span style=\"text-decoration: underline\">\u00e0 14 h 30 au Centre culturel et de la vie associative<\/span>: <strong>Gala artistique \u00ab\u00a0C&rsquo;est Extra\u00a0\u00bb<\/strong><br \/>\n<span style=\"text-decoration: underline\"> Ce groupe artistique pr\u00e9sente \u00ab\u00a0Classiques&#8230; versus modernes!\u00a0\u00bb avec les chanteurs de la troupe et Alain Tourral au piano.<\/span><\/li>\n<li><span style=\"text-decoration: underline\"><em>Du 6 octobre au 23 d\u00e9cembre au Rize<\/em><\/span><strong><em> :\u00a0Au fil d&rsquo;un quartier: <\/em><\/strong><em><strong>une cit\u00e9 Gillet<\/strong>. <\/em><em>Le Rize poursuit son exploration du territoire villeurbannais et, cette fois, c\u2019est la cit\u00e9 ouvri\u00e8re Gillet qui fait l\u2019objet d\u2019une exposition approfondie et d\u2019animations<\/em><\/li>\n<\/ul>\n<p>Source: Mairie de Villeurbanne \/Plus d&rsquo;infos sur: <a href=\"http:\/\/www.villeurbanne.fr\" target=\"_blank\" rel=\"noopener noreferrer\">http:\/\/www.villeurbanne.fr<\/a><\/p>\n","protected":false},"excerpt":{"rendered":"<p>Nombreuses sont les manifestations qui se d\u00e9rouleront tout au long de ce long week-end sur la commune: Vendredi 11 novembre de 14 h \u00e0 20 h 30: Course de dromadaires. L&rsquo;hippodrome du Carr\u00e9 de Soie accueillera pour la premi\u00e8re fois des courses de dromadaires pour sa traditionnelle r\u00e9union du 11 novembre. Le 11, 12 et [&hellip;]<\/p>\n","protected":false},"author":4,"featured_media":12277,"comment_status":"open","ping_status":"open","sticky":false,"template":"","format":"standard","meta":{"footnotes":""},"categories":[29],"tags":[],"class_list":["post-15604","post","type-post","status-publish","format-standard","has-post-thumbnail","hentry","category-villeurbanne"],"yoast_head":"<!-- This site is optimized with the Yoast SEO plugin v27.2 - https:\/\/yoast.com\/product\/yoast-seo-wordpress\/ -->\n<title>VILLEURBANNE | Les \u00e9v\u00e8nements du week-end - News Est Lyonnais<\/title>\n<meta name=\"robots\" content=\"index, follow, max-snippet:-1, max-image-preview:large, max-video-preview:-1\" \/>\n<link rel=\"canonical\" href=\"https:\/\/newsestlyonnais.fr\/site\/2016\/11\/10\/villeurbanne-evenements-week-end\/\" \/>\n<meta property=\"og:locale\" content=\"fr_FR\" \/>\n<meta property=\"og:type\" content=\"article\" \/>\n<meta property=\"og:title\" content=\"VILLEURBANNE | Les \u00e9v\u00e8nements du week-end - News Est Lyonnais\" \/>\n<meta property=\"og:description\" content=\"Nombreuses sont les manifestations qui se d\u00e9rouleront tout au long de ce long week-end sur la commune: Vendredi 11 novembre de 14 h \u00e0 20 h 30: Course de dromadaires. L&rsquo;hippodrome du Carr\u00e9 de Soie accueillera pour la premi\u00e8re fois des courses de dromadaires pour sa traditionnelle r\u00e9union du 11 novembre. Le 11, 12 et [&hellip;]\" \/>\n<meta property=\"og:url\" content=\"https:\/\/newsestlyonnais.fr\/site\/2016\/11\/10\/villeurbanne-evenements-week-end\/\" \/>\n<meta property=\"og:site_name\" content=\"News Est Lyonnais\" \/>\n<meta property=\"article:author\" content=\"https:\/\/www.facebook.com\/pascal.oberson.1?fref=ts\" \/>\n<meta property=\"article:published_time\" content=\"2016-11-10T18:25:16+00:00\" \/>\n<meta property=\"article:modified_time\" content=\"2020-11-16T15:19:15+00:00\" \/>\n<meta property=\"og:image\" content=\"https:\/\/i0.wp.com\/newsestlyonnais.fr\/site\/wp-content\/uploads\/2016\/09\/NEWSESTLYONNAIS-PANNEAUVILLEURBANNE.jpg?fit=1000%2C750&ssl=1\" \/>\n\t<meta property=\"og:image:width\" content=\"1000\" \/>\n\t<meta property=\"og:image:height\" content=\"750\" \/>\n\t<meta property=\"og:image:type\" content=\"image\/jpeg\" \/>\n<meta name=\"author\" content=\"R\u00e9dac. NEWS\" \/>\n<meta name=\"twitter:card\" content=\"summary_large_image\" \/>\n<meta name=\"twitter:label1\" content=\"\u00c9crit par\" \/>\n\t<meta name=\"twitter:data1\" content=\"R\u00e9dac. NEWS\" \/>\n\t<meta name=\"twitter:label2\" content=\"Dur\u00e9e de lecture estim\u00e9e\" \/>\n\t<meta name=\"twitter:data2\" content=\"1 minute\" \/>\n<script type=\"application\/ld+json\" class=\"yoast-schema-graph\">{\"@context\":\"https:\/\/schema.org\",\"@graph\":[{\"@type\":\"Article\",\"@id\":\"https:\/\/newsestlyonnais.fr\/site\/2016\/11\/10\/villeurbanne-evenements-week-end\/#article\",\"isPartOf\":{\"@id\":\"https:\/\/newsestlyonnais.fr\/site\/2016\/11\/10\/villeurbanne-evenements-week-end\/\"},\"author\":{\"name\":\"R\u00e9dac. NEWS\",\"@id\":\"https:\/\/newsestlyonnais.fr\/site\/#\/schema\/person\/3230d5615f390bb808365d673001e887\"},\"headline\":\"VILLEURBANNE | Les \u00e9v\u00e8nements du week-end\",\"datePublished\":\"2016-11-10T18:25:16+00:00\",\"dateModified\":\"2020-11-16T15:19:15+00:00\",\"mainEntityOfPage\":{\"@id\":\"https:\/\/newsestlyonnais.fr\/site\/2016\/11\/10\/villeurbanne-evenements-week-end\/\"},\"wordCount\":222,\"commentCount\":0,\"publisher\":{\"@id\":\"https:\/\/newsestlyonnais.fr\/site\/#organization\"},\"image\":{\"@id\":\"https:\/\/newsestlyonnais.fr\/site\/2016\/11\/10\/villeurbanne-evenements-week-end\/#primaryimage\"},\"thumbnailUrl\":\"https:\/\/newsestlyonnais.fr\/site\/wp-content\/uploads\/2016\/09\/NEWSESTLYONNAIS-PANNEAUVILLEURBANNE.jpg\",\"articleSection\":[\"Villeurbanne\"],\"inLanguage\":\"fr-FR\",\"potentialAction\":[{\"@type\":\"CommentAction\",\"name\":\"Comment\",\"target\":[\"https:\/\/newsestlyonnais.fr\/site\/2016\/11\/10\/villeurbanne-evenements-week-end\/#respond\"]}]},{\"@type\":\"WebPage\",\"@id\":\"https:\/\/newsestlyonnais.fr\/site\/2016\/11\/10\/villeurbanne-evenements-week-end\/\",\"url\":\"https:\/\/newsestlyonnais.fr\/site\/2016\/11\/10\/villeurbanne-evenements-week-end\/\",\"name\":\"VILLEURBANNE | Les \u00e9v\u00e8nements du week-end - News Est Lyonnais\",\"isPartOf\":{\"@id\":\"https:\/\/newsestlyonnais.fr\/site\/#website\"},\"primaryImageOfPage\":{\"@id\":\"https:\/\/newsestlyonnais.fr\/site\/2016\/11\/10\/villeurbanne-evenements-week-end\/#primaryimage\"},\"image\":{\"@id\":\"https:\/\/newsestlyonnais.fr\/site\/2016\/11\/10\/villeurbanne-evenements-week-end\/#primaryimage\"},\"thumbnailUrl\":\"https:\/\/newsestlyonnais.fr\/site\/wp-content\/uploads\/2016\/09\/NEWSESTLYONNAIS-PANNEAUVILLEURBANNE.jpg\",\"datePublished\":\"2016-11-10T18:25:16+00:00\",\"dateModified\":\"2020-11-16T15:19:15+00:00\",\"breadcrumb\":{\"@id\":\"https:\/\/newsestlyonnais.fr\/site\/2016\/11\/10\/villeurbanne-evenements-week-end\/#breadcrumb\"},\"inLanguage\":\"fr-FR\",\"potentialAction\":[{\"@type\":\"ReadAction\",\"target\":[\"https:\/\/newsestlyonnais.fr\/site\/2016\/11\/10\/villeurbanne-evenements-week-end\/\"]}]},{\"@type\":\"ImageObject\",\"inLanguage\":\"fr-FR\",\"@id\":\"https:\/\/newsestlyonnais.fr\/site\/2016\/11\/10\/villeurbanne-evenements-week-end\/#primaryimage\",\"url\":\"https:\/\/newsestlyonnais.fr\/site\/wp-content\/uploads\/2016\/09\/NEWSESTLYONNAIS-PANNEAUVILLEURBANNE.jpg\",\"contentUrl\":\"https:\/\/newsestlyonnais.fr\/site\/wp-content\/uploads\/2016\/09\/NEWSESTLYONNAIS-PANNEAUVILLEURBANNE.jpg\",\"width\":1000,\"height\":750,\"caption\":\"newsestlyonnais-panneauvilleurbanne\"},{\"@type\":\"BreadcrumbList\",\"@id\":\"https:\/\/newsestlyonnais.fr\/site\/2016\/11\/10\/villeurbanne-evenements-week-end\/#breadcrumb\",\"itemListElement\":[{\"@type\":\"ListItem\",\"position\":1,\"name\":\"Accueil\",\"item\":\"https:\/\/newsestlyonnais.fr\/site\/\"},{\"@type\":\"ListItem\",\"position\":2,\"name\":\"VILLEURBANNE | Les \u00e9v\u00e8nements du week-end\"}]},{\"@type\":\"WebSite\",\"@id\":\"https:\/\/newsestlyonnais.fr\/site\/#website\",\"url\":\"https:\/\/newsestlyonnais.fr\/site\/\",\"name\":\"News Est Lyonnais\",\"description\":\"L&#039;actualit\u00e9 au plus pr\u00e8s\",\"publisher\":{\"@id\":\"https:\/\/newsestlyonnais.fr\/site\/#organization\"},\"potentialAction\":[{\"@type\":\"SearchAction\",\"target\":{\"@type\":\"EntryPoint\",\"urlTemplate\":\"https:\/\/newsestlyonnais.fr\/site\/?s={search_term_string}\"},\"query-input\":{\"@type\":\"PropertyValueSpecification\",\"valueRequired\":true,\"valueName\":\"search_term_string\"}}],\"inLanguage\":\"fr-FR\"},{\"@type\":\"Organization\",\"@id\":\"https:\/\/newsestlyonnais.fr\/site\/#organization\",\"name\":\"News EST LYONNAIS\",\"url\":\"https:\/\/newsestlyonnais.fr\/site\/\",\"logo\":{\"@type\":\"ImageObject\",\"inLanguage\":\"fr-FR\",\"@id\":\"https:\/\/newsestlyonnais.fr\/site\/#\/schema\/logo\/image\/\",\"url\":\"\",\"contentUrl\":\"\",\"caption\":\"News EST LYONNAIS\"},\"image\":{\"@id\":\"https:\/\/newsestlyonnais.fr\/site\/#\/schema\/logo\/image\/\"}},{\"@type\":\"Person\",\"@id\":\"https:\/\/newsestlyonnais.fr\/site\/#\/schema\/person\/3230d5615f390bb808365d673001e887\",\"name\":\"R\u00e9dac. NEWS\",\"sameAs\":[\"http:\/\/www.newsestlyonnais.fr\",\"https:\/\/www.facebook.com\/pascal.oberson.1?fref=ts\",\"https:\/\/fr.linkedin.com\/in\/pascal-oberson-b17045113\"],\"url\":\"https:\/\/newsestlyonnais.fr\/site\/author\/nel\/\"}]}<\/script>\n<!-- \/ Yoast SEO plugin. -->","yoast_head_json":{"title":"VILLEURBANNE | Les \u00e9v\u00e8nements du week-end - News Est Lyonnais","robots":{"index":"index","follow":"follow","max-snippet":"max-snippet:-1","max-image-preview":"max-image-preview:large","max-video-preview":"max-video-preview:-1"},"canonical":"https:\/\/newsestlyonnais.fr\/site\/2016\/11\/10\/villeurbanne-evenements-week-end\/","og_locale":"fr_FR","og_type":"article","og_title":"VILLEURBANNE | Les \u00e9v\u00e8nements du week-end - News Est Lyonnais","og_description":"Nombreuses sont les manifestations qui se d\u00e9rouleront tout au long de ce long week-end sur la commune: Vendredi 11 novembre de 14 h \u00e0 20 h 30: Course de dromadaires. L&rsquo;hippodrome du Carr\u00e9 de Soie accueillera pour la premi\u00e8re fois des courses de dromadaires pour sa traditionnelle r\u00e9union du 11 novembre. Le 11, 12 et [&hellip;]","og_url":"https:\/\/newsestlyonnais.fr\/site\/2016\/11\/10\/villeurbanne-evenements-week-end\/","og_site_name":"News Est Lyonnais","article_author":"https:\/\/www.facebook.com\/pascal.oberson.1?fref=ts","article_published_time":"2016-11-10T18:25:16+00:00","article_modified_time":"2020-11-16T15:19:15+00:00","og_image":[{"width":1000,"height":750,"url":"https:\/\/i0.wp.com\/newsestlyonnais.fr\/site\/wp-content\/uploads\/2016\/09\/NEWSESTLYONNAIS-PANNEAUVILLEURBANNE.jpg?fit=1000%2C750&ssl=1","type":"image\/jpeg"}],"author":"R\u00e9dac. NEWS","twitter_card":"summary_large_image","twitter_misc":{"\u00c9crit par":"R\u00e9dac. NEWS","Dur\u00e9e de lecture estim\u00e9e":"1 minute"},"schema":{"@context":"https:\/\/schema.org","@graph":[{"@type":"Article","@id":"https:\/\/newsestlyonnais.fr\/site\/2016\/11\/10\/villeurbanne-evenements-week-end\/#article","isPartOf":{"@id":"https:\/\/newsestlyonnais.fr\/site\/2016\/11\/10\/villeurbanne-evenements-week-end\/"},"author":{"name":"R\u00e9dac. NEWS","@id":"https:\/\/newsestlyonnais.fr\/site\/#\/schema\/person\/3230d5615f390bb808365d673001e887"},"headline":"VILLEURBANNE | Les \u00e9v\u00e8nements du week-end","datePublished":"2016-11-10T18:25:16+00:00","dateModified":"2020-11-16T15:19:15+00:00","mainEntityOfPage":{"@id":"https:\/\/newsestlyonnais.fr\/site\/2016\/11\/10\/villeurbanne-evenements-week-end\/"},"wordCount":222,"commentCount":0,"publisher":{"@id":"https:\/\/newsestlyonnais.fr\/site\/#organization"},"image":{"@id":"https:\/\/newsestlyonnais.fr\/site\/2016\/11\/10\/villeurbanne-evenements-week-end\/#primaryimage"},"thumbnailUrl":"https:\/\/newsestlyonnais.fr\/site\/wp-content\/uploads\/2016\/09\/NEWSESTLYONNAIS-PANNEAUVILLEURBANNE.jpg","articleSection":["Villeurbanne"],"inLanguage":"fr-FR","potentialAction":[{"@type":"CommentAction","name":"Comment","target":["https:\/\/newsestlyonnais.fr\/site\/2016\/11\/10\/villeurbanne-evenements-week-end\/#respond"]}]},{"@type":"WebPage","@id":"https:\/\/newsestlyonnais.fr\/site\/2016\/11\/10\/villeurbanne-evenements-week-end\/","url":"https:\/\/newsestlyonnais.fr\/site\/2016\/11\/10\/villeurbanne-evenements-week-end\/","name":"VILLEURBANNE | Les \u00e9v\u00e8nements du week-end - News Est Lyonnais","isPartOf":{"@id":"https:\/\/newsestlyonnais.fr\/site\/#website"},"primaryImageOfPage":{"@id":"https:\/\/newsestlyonnais.fr\/site\/2016\/11\/10\/villeurbanne-evenements-week-end\/#primaryimage"},"image":{"@id":"https:\/\/newsestlyonnais.fr\/site\/2016\/11\/10\/villeurbanne-evenements-week-end\/#primaryimage"},"thumbnailUrl":"https:\/\/newsestlyonnais.fr\/site\/wp-content\/uploads\/2016\/09\/NEWSESTLYONNAIS-PANNEAUVILLEURBANNE.jpg","datePublished":"2016-11-10T18:25:16+00:00","dateModified":"2020-11-16T15:19:15+00:00","breadcrumb":{"@id":"https:\/\/newsestlyonnais.fr\/site\/2016\/11\/10\/villeurbanne-evenements-week-end\/#breadcrumb"},"inLanguage":"fr-FR","potentialAction":[{"@type":"ReadAction","target":["https:\/\/newsestlyonnais.fr\/site\/2016\/11\/10\/villeurbanne-evenements-week-end\/"]}]},{"@type":"ImageObject","inLanguage":"fr-FR","@id":"https:\/\/newsestlyonnais.fr\/site\/2016\/11\/10\/villeurbanne-evenements-week-end\/#primaryimage","url":"https:\/\/newsestlyonnais.fr\/site\/wp-content\/uploads\/2016\/09\/NEWSESTLYONNAIS-PANNEAUVILLEURBANNE.jpg","contentUrl":"https:\/\/newsestlyonnais.fr\/site\/wp-content\/uploads\/2016\/09\/NEWSESTLYONNAIS-PANNEAUVILLEURBANNE.jpg","width":1000,"height":750,"caption":"newsestlyonnais-panneauvilleurbanne"},{"@type":"BreadcrumbList","@id":"https:\/\/newsestlyonnais.fr\/site\/2016\/11\/10\/villeurbanne-evenements-week-end\/#breadcrumb","itemListElement":[{"@type":"ListItem","position":1,"name":"Accueil","item":"https:\/\/newsestlyonnais.fr\/site\/"},{"@type":"ListItem","position":2,"name":"VILLEURBANNE | Les \u00e9v\u00e8nements du week-end"}]},{"@type":"WebSite","@id":"https:\/\/newsestlyonnais.fr\/site\/#website","url":"https:\/\/newsestlyonnais.fr\/site\/","name":"News Est Lyonnais","description":"L&#039;actualit\u00e9 au plus pr\u00e8s","publisher":{"@id":"https:\/\/newsestlyonnais.fr\/site\/#organization"},"potentialAction":[{"@type":"SearchAction","target":{"@type":"EntryPoint","urlTemplate":"https:\/\/newsestlyonnais.fr\/site\/?s={search_term_string}"},"query-input":{"@type":"PropertyValueSpecification","valueRequired":true,"valueName":"search_term_string"}}],"inLanguage":"fr-FR"},{"@type":"Organization","@id":"https:\/\/newsestlyonnais.fr\/site\/#organization","name":"News EST LYONNAIS","url":"https:\/\/newsestlyonnais.fr\/site\/","logo":{"@type":"ImageObject","inLanguage":"fr-FR","@id":"https:\/\/newsestlyonnais.fr\/site\/#\/schema\/logo\/image\/","url":"","contentUrl":"","caption":"News EST LYONNAIS"},"image":{"@id":"https:\/\/newsestlyonnais.fr\/site\/#\/schema\/logo\/image\/"}},{"@type":"Person","@id":"https:\/\/newsestlyonnais.fr\/site\/#\/schema\/person\/3230d5615f390bb808365d673001e887","name":"R\u00e9dac. NEWS","sameAs":["http:\/\/www.newsestlyonnais.fr","https:\/\/www.facebook.com\/pascal.oberson.1?fref=ts","https:\/\/fr.linkedin.com\/in\/pascal-oberson-b17045113"],"url":"https:\/\/newsestlyonnais.fr\/site\/author\/nel\/"}]}},"_links":{"self":[{"href":"https:\/\/newsestlyonnais.fr\/site\/wp-json\/wp\/v2\/posts\/15604","targetHints":{"allow":["GET"]}}],"collection":[{"href":"https:\/\/newsestlyonnais.fr\/site\/wp-json\/wp\/v2\/posts"}],"about":[{"href":"https:\/\/newsestlyonnais.fr\/site\/wp-json\/wp\/v2\/types\/post"}],"author":[{"embeddable":true,"href":"https:\/\/newsestlyonnais.fr\/site\/wp-json\/wp\/v2\/users\/4"}],"replies":[{"embeddable":true,"href":"https:\/\/newsestlyonnais.fr\/site\/wp-json\/wp\/v2\/comments?post=15604"}],"version-history":[{"count":0,"href":"https:\/\/newsestlyonnais.fr\/site\/wp-json\/wp\/v2\/posts\/15604\/revisions"}],"wp:featuredmedia":[{"embeddable":true,"href":"https:\/\/newsestlyonnais.fr\/site\/wp-json\/wp\/v2\/media\/12277"}],"wp:attachment":[{"href":"https:\/\/newsestlyonnais.fr\/site\/wp-json\/wp\/v2\/media?parent=15604"}],"wp:term":[{"taxonomy":"category","embeddable":true,"href":"https:\/\/newsestlyonnais.fr\/site\/wp-json\/wp\/v2\/categories?post=15604"},{"taxonomy":"post_tag","embeddable":true,"href":"https:\/\/newsestlyonnais.fr\/site\/wp-json\/wp\/v2\/tags?post=15604"}],"curies":[{"name":"wp","href":"https:\/\/api.w.org\/{rel}","templated":true}]}}