{"id":156567,"date":"2022-06-05T06:04:13","date_gmt":"2022-06-05T05:04:13","guid":{"rendered":"https:\/\/newsestlyonnais.fr\/site\/?p=156567"},"modified":"2022-06-09T05:28:51","modified_gmt":"2022-06-09T04:28:51","slug":"meyzieu-les-resultats-de-samedi-a-lopen-de-tennis-7","status":"publish","type":"post","link":"https:\/\/newsestlyonnais.fr\/site\/2022\/06\/05\/meyzieu-les-resultats-de-samedi-a-lopen-de-tennis-7\/","title":{"rendered":"MEYZIEU | Les r\u00e9sultats de samedi \u00e0 l\u2019Open de tennis"},"content":{"rendered":"<p><span style=\"background-color: #000000; color: #ffcc00;\"><strong>Tableau senior masculin :<\/strong><\/span><\/p>\n<ul>\n<li><strong>Bruno Leblanc<\/strong> (TC Jonage, 30\/3) bat Alexandre Dayer (Chassieu Tennis, 30\/3)\u00a0 6\/0, 6\/2.<\/li>\n<li><strong>Adrien Poirieux<\/strong> (TC D\u00e9cines, 30\/3) bat Bertrand Sillan (TC Genas, 30\/3)\u00a0\u00a0 6\/1, 6\/0.<\/li>\n<li><strong>Fr\u00e9d\u00e9ric Lacombe<\/strong> (Meyzieu Tennis, 30\/3) bat William Vo Van (TC Vaulx en Velin, 30\/3) \u00a0 2\/6, 6\/1, 6\/0.<\/li>\n<li><strong>Franck Favier<\/strong> (Meyzieu Tennis, 30\/4) bat Alain Rieger (AT Pusignan, 30\/4)\u00a0\u00a0 6\/2, 6\/2.<\/li>\n<li><strong>Olivier Barge<\/strong> (TC Paray le Monial, 30\/5) bat Augustin Portugues (TC Genas, 30\/5)\u00a0\u00a0 6\/1, 4\/6, 6\/4.<\/li>\n<li><strong>Thierry Lacour<\/strong> (TC Genas, 30\/5) bat Romain Clavel (Beynost Tennis, 30\/5)\u00a0\u00a0 1\/6, 7\/6, 7\/5.<\/li>\n<li><strong>Pierre Mascia<\/strong> (ASUL Tennis, non class\u00e9) bat Ismail Sanchez Penas (Lyon Sport M\u00e9tropole, 40)\u00a0 6\/3, 6\/4.<\/li>\n<\/ul>\n<hr \/>\n<p><strong>7 matchs, dans le tableau senior masculin, sont \u00e0 l\u2019affiche de ce dimanche de Pentec\u00f4te.<\/strong><\/p>\n<p><strong><span style=\"text-decoration: underline;\">Venez encourager les majolan(e)s qui joueront<\/span> :<\/strong><\/p>\n<ul>\n<li><strong><span style=\"background-color: #000000; color: #ffcc00;\">\u00e0 10 h :<\/span><\/strong> <strong>Franck Favier<\/strong> (30\/4) \/ Herv\u00e9 Pochart (Stade Auto Lyonnais, 30\/3).<\/li>\n<li><strong><span style=\"background-color: #000000; color: #ffcc00;\">\u00e0 17 h 30 :<\/span><\/strong> <strong>Cl\u00e9ment Stoltz<\/strong> (30\/5) \/ Pierre Mascia (ASUL Tennis, non class\u00e9).<\/li>\n<li><span style=\"color: #ffcc00; background-color: #000000;\"><strong>\u00e0 18 h :<\/strong><span style=\"background-color: #ffffff; color: #000000;\">Toni Guasto (TC D\u00e9cines, 30\/2) \/ <strong>Fr\u00e9d\u00e9ric Lacombe<\/strong> (30\/3)\u00a0<\/span><strong><br \/>\n<\/strong><\/span><\/li>\n<\/ul>\n<hr \/>\n<p><span style=\"background-color: #000000; color: #ffcc00;\"><strong>Suite au partenariat mis en place avec les organisateurs de ce 1\u00b0 Master Tour de l\u2019Est Lyonnais,<\/strong><strong> retrouvez tous les jours et pour chaque tournoi, les r\u00e9sultats de la veille jusqu\u2019aux finales.<\/strong><\/span><\/p>\n<hr \/>\n<div id='gallery-1' class='gallery galleryid-156567 gallery-columns-2 gallery-size-thumbnail'><figure class='gallery-item'>\n\t\t\t<div class='gallery-icon portrait'>\n\t\t\t\t<a href='https:\/\/newsestlyonnais.fr\/site\/2022\/04\/07\/est-lyonnais-le-master-tour-de-tennis-est-de-retour\/newsestlyonnais-master-meyzieu\/'><img loading=\"lazy\" decoding=\"async\" width=\"106\" height=\"150\" src=\"https:\/\/newsestlyonnais.fr\/site\/wp-content\/uploads\/2022\/04\/NEWSESTLYONNAIS-MASTER-MEYZIEU-250x353.jpg\" class=\"attachment-thumbnail size-thumbnail\" alt=\"\" srcset=\"https:\/\/newsestlyonnais.fr\/site\/wp-content\/uploads\/2022\/04\/NEWSESTLYONNAIS-MASTER-MEYZIEU-250x353.jpg 250w, https:\/\/newsestlyonnais.fr\/site\/wp-content\/uploads\/2022\/04\/NEWSESTLYONNAIS-MASTER-MEYZIEU-400x565.jpg 400w, https:\/\/newsestlyonnais.fr\/site\/wp-content\/uploads\/2022\/04\/NEWSESTLYONNAIS-MASTER-MEYZIEU-650x918.jpg 650w, https:\/\/newsestlyonnais.fr\/site\/wp-content\/uploads\/2022\/04\/NEWSESTLYONNAIS-MASTER-MEYZIEU-768x1084.jpg 768w, https:\/\/newsestlyonnais.fr\/site\/wp-content\/uploads\/2022\/04\/NEWSESTLYONNAIS-MASTER-MEYZIEU-150x212.jpg 150w, https:\/\/newsestlyonnais.fr\/site\/wp-content\/uploads\/2022\/04\/NEWSESTLYONNAIS-MASTER-MEYZIEU-50x71.jpg 50w, https:\/\/newsestlyonnais.fr\/site\/wp-content\/uploads\/2022\/04\/NEWSESTLYONNAIS-MASTER-MEYZIEU-100x141.jpg 100w, https:\/\/newsestlyonnais.fr\/site\/wp-content\/uploads\/2022\/04\/NEWSESTLYONNAIS-MASTER-MEYZIEU-200x282.jpg 200w, https:\/\/newsestlyonnais.fr\/site\/wp-content\/uploads\/2022\/04\/NEWSESTLYONNAIS-MASTER-MEYZIEU-300x424.jpg 300w, https:\/\/newsestlyonnais.fr\/site\/wp-content\/uploads\/2022\/04\/NEWSESTLYONNAIS-MASTER-MEYZIEU-350x494.jpg 350w, https:\/\/newsestlyonnais.fr\/site\/wp-content\/uploads\/2022\/04\/NEWSESTLYONNAIS-MASTER-MEYZIEU-450x635.jpg 450w, https:\/\/newsestlyonnais.fr\/site\/wp-content\/uploads\/2022\/04\/NEWSESTLYONNAIS-MASTER-MEYZIEU-500x706.jpg 500w, https:\/\/newsestlyonnais.fr\/site\/wp-content\/uploads\/2022\/04\/NEWSESTLYONNAIS-MASTER-MEYZIEU-550x776.jpg 550w, https:\/\/newsestlyonnais.fr\/site\/wp-content\/uploads\/2022\/04\/NEWSESTLYONNAIS-MASTER-MEYZIEU-800x1129.jpg 800w, https:\/\/newsestlyonnais.fr\/site\/wp-content\/uploads\/2022\/04\/NEWSESTLYONNAIS-MASTER-MEYZIEU.jpg 850w\" sizes=\"auto, (max-width: 106px) 100vw, 106px\" \/><\/a>\n\t\t\t<\/div><\/figure><figure class='gallery-item'>\n\t\t\t<div class='gallery-icon portrait'>\n\t\t\t\t<a href='https:\/\/newsestlyonnais.fr\/site\/2022\/04\/07\/est-lyonnais-le-master-tour-de-tennis-est-de-retour\/affiche-master-tour-generale-2022-9-mars-page-001\/'><img loading=\"lazy\" decoding=\"async\" width=\"106\" height=\"150\" src=\"https:\/\/newsestlyonnais.fr\/site\/wp-content\/uploads\/2022\/04\/Affiche-master-tour-generale-2022-9-MARS-page-001-250x353.jpg\" class=\"attachment-thumbnail size-thumbnail\" alt=\"\" srcset=\"https:\/\/newsestlyonnais.fr\/site\/wp-content\/uploads\/2022\/04\/Affiche-master-tour-generale-2022-9-MARS-page-001-250x353.jpg 250w, https:\/\/newsestlyonnais.fr\/site\/wp-content\/uploads\/2022\/04\/Affiche-master-tour-generale-2022-9-MARS-page-001-400x564.jpg 400w, https:\/\/newsestlyonnais.fr\/site\/wp-content\/uploads\/2022\/04\/Affiche-master-tour-generale-2022-9-MARS-page-001-650x917.jpg 650w, https:\/\/newsestlyonnais.fr\/site\/wp-content\/uploads\/2022\/04\/Affiche-master-tour-generale-2022-9-MARS-page-001-768x1083.jpg 768w, https:\/\/newsestlyonnais.fr\/site\/wp-content\/uploads\/2022\/04\/Affiche-master-tour-generale-2022-9-MARS-page-001-150x212.jpg 150w, https:\/\/newsestlyonnais.fr\/site\/wp-content\/uploads\/2022\/04\/Affiche-master-tour-generale-2022-9-MARS-page-001-50x71.jpg 50w, https:\/\/newsestlyonnais.fr\/site\/wp-content\/uploads\/2022\/04\/Affiche-master-tour-generale-2022-9-MARS-page-001-100x141.jpg 100w, https:\/\/newsestlyonnais.fr\/site\/wp-content\/uploads\/2022\/04\/Affiche-master-tour-generale-2022-9-MARS-page-001-200x282.jpg 200w, https:\/\/newsestlyonnais.fr\/site\/wp-content\/uploads\/2022\/04\/Affiche-master-tour-generale-2022-9-MARS-page-001-300x423.jpg 300w, https:\/\/newsestlyonnais.fr\/site\/wp-content\/uploads\/2022\/04\/Affiche-master-tour-generale-2022-9-MARS-page-001-350x494.jpg 350w, https:\/\/newsestlyonnais.fr\/site\/wp-content\/uploads\/2022\/04\/Affiche-master-tour-generale-2022-9-MARS-page-001-450x635.jpg 450w, https:\/\/newsestlyonnais.fr\/site\/wp-content\/uploads\/2022\/04\/Affiche-master-tour-generale-2022-9-MARS-page-001-500x705.jpg 500w, https:\/\/newsestlyonnais.fr\/site\/wp-content\/uploads\/2022\/04\/Affiche-master-tour-generale-2022-9-MARS-page-001-550x776.jpg 550w, https:\/\/newsestlyonnais.fr\/site\/wp-content\/uploads\/2022\/04\/Affiche-master-tour-generale-2022-9-MARS-page-001-800x1128.jpg 800w, https:\/\/newsestlyonnais.fr\/site\/wp-content\/uploads\/2022\/04\/Affiche-master-tour-generale-2022-9-MARS-page-001.jpg 851w\" sizes=\"auto, (max-width: 106px) 100vw, 106px\" \/><\/a>\n\t\t\t<\/div><\/figure>\n\t\t<\/div>\n\n","protected":false},"excerpt":{"rendered":"<p>Sept rencontres avaient \u00e9t\u00e9 programm\u00e9es pour cette premi\u00e8re journ\u00e9e de comp\u00e9tition.<\/p>\n","protected":false},"author":4,"featured_media":131315,"comment_status":"open","ping_status":"open","sticky":false,"template":"","format":"standard","meta":{"footnotes":""},"categories":[24,2992,2991],"tags":[2081,2548,2049],"class_list":["post-156567","post","type-post","status-publish","format-standard","has-post-thumbnail","hentry","category-meyzieu","category-tennis-padel","category-tennis-tennis-table-sports","tag-meyzieu","tag-meyzieu-tennis","tag-tennis"],"yoast_head":"<!-- This site is optimized with the Yoast SEO plugin v27.2 - https:\/\/yoast.com\/product\/yoast-seo-wordpress\/ -->\n<title>MEYZIEU | Les r\u00e9sultats de samedi \u00e0 l\u2019Open de tennis - News Est Lyonnais<\/title>\n<meta name=\"description\" content=\"MEYZIEU | Les r\u00e9sultats de samedi \u00e0 l\u2019Open de tennis\" \/>\n<meta name=\"robots\" content=\"index, follow, max-snippet:-1, max-image-preview:large, max-video-preview:-1\" \/>\n<link rel=\"canonical\" href=\"https:\/\/newsestlyonnais.fr\/site\/2022\/06\/05\/meyzieu-les-resultats-de-samedi-a-lopen-de-tennis-7\/\" \/>\n<meta property=\"og:locale\" content=\"fr_FR\" \/>\n<meta property=\"og:type\" content=\"article\" \/>\n<meta property=\"og:title\" content=\"MEYZIEU | Les r\u00e9sultats de samedi \u00e0 l\u2019Open de tennis - News Est Lyonnais\" \/>\n<meta property=\"og:description\" content=\"MEYZIEU | Les r\u00e9sultats de samedi \u00e0 l\u2019Open de tennis\" \/>\n<meta property=\"og:url\" content=\"https:\/\/newsestlyonnais.fr\/site\/2022\/06\/05\/meyzieu-les-resultats-de-samedi-a-lopen-de-tennis-7\/\" \/>\n<meta property=\"og:site_name\" content=\"News Est Lyonnais\" \/>\n<meta property=\"article:author\" content=\"https:\/\/www.facebook.com\/pascal.oberson.1?fref=ts\" \/>\n<meta property=\"article:published_time\" content=\"2022-06-05T05:04:13+00:00\" \/>\n<meta property=\"article:modified_time\" content=\"2022-06-09T04:28:51+00:00\" \/>\n<meta property=\"og:image\" content=\"https:\/\/newsestlyonnais.fr\/site\/wp-content\/uploads\/2021\/06\/NEWSESTLYONNAIS-MEY-TENNIS-01.jpg\" \/>\n\t<meta property=\"og:image:width\" content=\"1200\" \/>\n\t<meta property=\"og:image:height\" content=\"900\" \/>\n\t<meta property=\"og:image:type\" content=\"image\/jpeg\" \/>\n<meta name=\"author\" content=\"R\u00e9dac. NEWS\" \/>\n<meta name=\"twitter:card\" content=\"summary_large_image\" \/>\n<meta name=\"twitter:label1\" content=\"\u00c9crit par\" \/>\n\t<meta name=\"twitter:data1\" content=\"R\u00e9dac. NEWS\" \/>\n\t<meta name=\"twitter:label2\" content=\"Dur\u00e9e de lecture estim\u00e9e\" \/>\n\t<meta name=\"twitter:data2\" content=\"2 minutes\" \/>\n<script type=\"application\/ld+json\" class=\"yoast-schema-graph\">{\"@context\":\"https:\/\/schema.org\",\"@graph\":[{\"@type\":\"Article\",\"@id\":\"https:\/\/newsestlyonnais.fr\/site\/2022\/06\/05\/meyzieu-les-resultats-de-samedi-a-lopen-de-tennis-7\/#article\",\"isPartOf\":{\"@id\":\"https:\/\/newsestlyonnais.fr\/site\/2022\/06\/05\/meyzieu-les-resultats-de-samedi-a-lopen-de-tennis-7\/\"},\"author\":{\"name\":\"R\u00e9dac. NEWS\",\"@id\":\"https:\/\/newsestlyonnais.fr\/site\/#\/schema\/person\/3230d5615f390bb808365d673001e887\"},\"headline\":\"MEYZIEU | Les r\u00e9sultats de samedi \u00e0 l\u2019Open de tennis\",\"datePublished\":\"2022-06-05T05:04:13+00:00\",\"dateModified\":\"2022-06-09T04:28:51+00:00\",\"mainEntityOfPage\":{\"@id\":\"https:\/\/newsestlyonnais.fr\/site\/2022\/06\/05\/meyzieu-les-resultats-de-samedi-a-lopen-de-tennis-7\/\"},\"wordCount\":179,\"commentCount\":0,\"publisher\":{\"@id\":\"https:\/\/newsestlyonnais.fr\/site\/#organization\"},\"image\":{\"@id\":\"https:\/\/newsestlyonnais.fr\/site\/2022\/06\/05\/meyzieu-les-resultats-de-samedi-a-lopen-de-tennis-7\/#primaryimage\"},\"thumbnailUrl\":\"https:\/\/newsestlyonnais.fr\/site\/wp-content\/uploads\/2021\/06\/NEWSESTLYONNAIS-MEY-TENNIS-01.jpg\",\"keywords\":[\"MEYZIEU\",\"MEYZIEU TENNIS\",\"TENNIS\"],\"articleSection\":[\"Meyzieu\",\"Tennis | Padel\",\"Tennis | Tennis de table\"],\"inLanguage\":\"fr-FR\",\"potentialAction\":[{\"@type\":\"CommentAction\",\"name\":\"Comment\",\"target\":[\"https:\/\/newsestlyonnais.fr\/site\/2022\/06\/05\/meyzieu-les-resultats-de-samedi-a-lopen-de-tennis-7\/#respond\"]}]},{\"@type\":\"WebPage\",\"@id\":\"https:\/\/newsestlyonnais.fr\/site\/2022\/06\/05\/meyzieu-les-resultats-de-samedi-a-lopen-de-tennis-7\/\",\"url\":\"https:\/\/newsestlyonnais.fr\/site\/2022\/06\/05\/meyzieu-les-resultats-de-samedi-a-lopen-de-tennis-7\/\",\"name\":\"MEYZIEU | Les r\u00e9sultats de samedi \u00e0 l\u2019Open de tennis - News Est Lyonnais\",\"isPartOf\":{\"@id\":\"https:\/\/newsestlyonnais.fr\/site\/#website\"},\"primaryImageOfPage\":{\"@id\":\"https:\/\/newsestlyonnais.fr\/site\/2022\/06\/05\/meyzieu-les-resultats-de-samedi-a-lopen-de-tennis-7\/#primaryimage\"},\"image\":{\"@id\":\"https:\/\/newsestlyonnais.fr\/site\/2022\/06\/05\/meyzieu-les-resultats-de-samedi-a-lopen-de-tennis-7\/#primaryimage\"},\"thumbnailUrl\":\"https:\/\/newsestlyonnais.fr\/site\/wp-content\/uploads\/2021\/06\/NEWSESTLYONNAIS-MEY-TENNIS-01.jpg\",\"datePublished\":\"2022-06-05T05:04:13+00:00\",\"dateModified\":\"2022-06-09T04:28:51+00:00\",\"description\":\"MEYZIEU | Les r\u00e9sultats de samedi \u00e0 l\u2019Open de tennis\",\"breadcrumb\":{\"@id\":\"https:\/\/newsestlyonnais.fr\/site\/2022\/06\/05\/meyzieu-les-resultats-de-samedi-a-lopen-de-tennis-7\/#breadcrumb\"},\"inLanguage\":\"fr-FR\",\"potentialAction\":[{\"@type\":\"ReadAction\",\"target\":[\"https:\/\/newsestlyonnais.fr\/site\/2022\/06\/05\/meyzieu-les-resultats-de-samedi-a-lopen-de-tennis-7\/\"]}]},{\"@type\":\"ImageObject\",\"inLanguage\":\"fr-FR\",\"@id\":\"https:\/\/newsestlyonnais.fr\/site\/2022\/06\/05\/meyzieu-les-resultats-de-samedi-a-lopen-de-tennis-7\/#primaryimage\",\"url\":\"https:\/\/newsestlyonnais.fr\/site\/wp-content\/uploads\/2021\/06\/NEWSESTLYONNAIS-MEY-TENNIS-01.jpg\",\"contentUrl\":\"https:\/\/newsestlyonnais.fr\/site\/wp-content\/uploads\/2021\/06\/NEWSESTLYONNAIS-MEY-TENNIS-01.jpg\",\"width\":1200,\"height\":900},{\"@type\":\"BreadcrumbList\",\"@id\":\"https:\/\/newsestlyonnais.fr\/site\/2022\/06\/05\/meyzieu-les-resultats-de-samedi-a-lopen-de-tennis-7\/#breadcrumb\",\"itemListElement\":[{\"@type\":\"ListItem\",\"position\":1,\"name\":\"Accueil\",\"item\":\"https:\/\/newsestlyonnais.fr\/site\/\"},{\"@type\":\"ListItem\",\"position\":2,\"name\":\"MEYZIEU | Les r\u00e9sultats de samedi \u00e0 l\u2019Open de tennis\"}]},{\"@type\":\"WebSite\",\"@id\":\"https:\/\/newsestlyonnais.fr\/site\/#website\",\"url\":\"https:\/\/newsestlyonnais.fr\/site\/\",\"name\":\"News Est Lyonnais\",\"description\":\"L&#039;actualit\u00e9 au plus pr\u00e8s\",\"publisher\":{\"@id\":\"https:\/\/newsestlyonnais.fr\/site\/#organization\"},\"potentialAction\":[{\"@type\":\"SearchAction\",\"target\":{\"@type\":\"EntryPoint\",\"urlTemplate\":\"https:\/\/newsestlyonnais.fr\/site\/?s={search_term_string}\"},\"query-input\":{\"@type\":\"PropertyValueSpecification\",\"valueRequired\":true,\"valueName\":\"search_term_string\"}}],\"inLanguage\":\"fr-FR\"},{\"@type\":\"Organization\",\"@id\":\"https:\/\/newsestlyonnais.fr\/site\/#organization\",\"name\":\"News EST LYONNAIS\",\"url\":\"https:\/\/newsestlyonnais.fr\/site\/\",\"logo\":{\"@type\":\"ImageObject\",\"inLanguage\":\"fr-FR\",\"@id\":\"https:\/\/newsestlyonnais.fr\/site\/#\/schema\/logo\/image\/\",\"url\":\"\",\"contentUrl\":\"\",\"caption\":\"News EST LYONNAIS\"},\"image\":{\"@id\":\"https:\/\/newsestlyonnais.fr\/site\/#\/schema\/logo\/image\/\"}},{\"@type\":\"Person\",\"@id\":\"https:\/\/newsestlyonnais.fr\/site\/#\/schema\/person\/3230d5615f390bb808365d673001e887\",\"name\":\"R\u00e9dac. NEWS\",\"sameAs\":[\"http:\/\/www.newsestlyonnais.fr\",\"https:\/\/www.facebook.com\/pascal.oberson.1?fref=ts\",\"https:\/\/fr.linkedin.com\/in\/pascal-oberson-b17045113\"],\"url\":\"https:\/\/newsestlyonnais.fr\/site\/author\/nel\/\"}]}<\/script>\n<!-- \/ Yoast SEO plugin. -->","yoast_head_json":{"title":"MEYZIEU | Les r\u00e9sultats de samedi \u00e0 l\u2019Open de tennis - News Est Lyonnais","description":"MEYZIEU | Les r\u00e9sultats de samedi \u00e0 l\u2019Open de tennis","robots":{"index":"index","follow":"follow","max-snippet":"max-snippet:-1","max-image-preview":"max-image-preview:large","max-video-preview":"max-video-preview:-1"},"canonical":"https:\/\/newsestlyonnais.fr\/site\/2022\/06\/05\/meyzieu-les-resultats-de-samedi-a-lopen-de-tennis-7\/","og_locale":"fr_FR","og_type":"article","og_title":"MEYZIEU | Les r\u00e9sultats de samedi \u00e0 l\u2019Open de tennis - News Est Lyonnais","og_description":"MEYZIEU | Les r\u00e9sultats de samedi \u00e0 l\u2019Open de tennis","og_url":"https:\/\/newsestlyonnais.fr\/site\/2022\/06\/05\/meyzieu-les-resultats-de-samedi-a-lopen-de-tennis-7\/","og_site_name":"News Est Lyonnais","article_author":"https:\/\/www.facebook.com\/pascal.oberson.1?fref=ts","article_published_time":"2022-06-05T05:04:13+00:00","article_modified_time":"2022-06-09T04:28:51+00:00","og_image":[{"width":1200,"height":900,"url":"https:\/\/newsestlyonnais.fr\/site\/wp-content\/uploads\/2021\/06\/NEWSESTLYONNAIS-MEY-TENNIS-01.jpg","type":"image\/jpeg"}],"author":"R\u00e9dac. NEWS","twitter_card":"summary_large_image","twitter_misc":{"\u00c9crit par":"R\u00e9dac. NEWS","Dur\u00e9e de lecture estim\u00e9e":"2 minutes"},"schema":{"@context":"https:\/\/schema.org","@graph":[{"@type":"Article","@id":"https:\/\/newsestlyonnais.fr\/site\/2022\/06\/05\/meyzieu-les-resultats-de-samedi-a-lopen-de-tennis-7\/#article","isPartOf":{"@id":"https:\/\/newsestlyonnais.fr\/site\/2022\/06\/05\/meyzieu-les-resultats-de-samedi-a-lopen-de-tennis-7\/"},"author":{"name":"R\u00e9dac. NEWS","@id":"https:\/\/newsestlyonnais.fr\/site\/#\/schema\/person\/3230d5615f390bb808365d673001e887"},"headline":"MEYZIEU | Les r\u00e9sultats de samedi \u00e0 l\u2019Open de tennis","datePublished":"2022-06-05T05:04:13+00:00","dateModified":"2022-06-09T04:28:51+00:00","mainEntityOfPage":{"@id":"https:\/\/newsestlyonnais.fr\/site\/2022\/06\/05\/meyzieu-les-resultats-de-samedi-a-lopen-de-tennis-7\/"},"wordCount":179,"commentCount":0,"publisher":{"@id":"https:\/\/newsestlyonnais.fr\/site\/#organization"},"image":{"@id":"https:\/\/newsestlyonnais.fr\/site\/2022\/06\/05\/meyzieu-les-resultats-de-samedi-a-lopen-de-tennis-7\/#primaryimage"},"thumbnailUrl":"https:\/\/newsestlyonnais.fr\/site\/wp-content\/uploads\/2021\/06\/NEWSESTLYONNAIS-MEY-TENNIS-01.jpg","keywords":["MEYZIEU","MEYZIEU TENNIS","TENNIS"],"articleSection":["Meyzieu","Tennis | Padel","Tennis | Tennis de table"],"inLanguage":"fr-FR","potentialAction":[{"@type":"CommentAction","name":"Comment","target":["https:\/\/newsestlyonnais.fr\/site\/2022\/06\/05\/meyzieu-les-resultats-de-samedi-a-lopen-de-tennis-7\/#respond"]}]},{"@type":"WebPage","@id":"https:\/\/newsestlyonnais.fr\/site\/2022\/06\/05\/meyzieu-les-resultats-de-samedi-a-lopen-de-tennis-7\/","url":"https:\/\/newsestlyonnais.fr\/site\/2022\/06\/05\/meyzieu-les-resultats-de-samedi-a-lopen-de-tennis-7\/","name":"MEYZIEU | Les r\u00e9sultats de samedi \u00e0 l\u2019Open de tennis - News Est Lyonnais","isPartOf":{"@id":"https:\/\/newsestlyonnais.fr\/site\/#website"},"primaryImageOfPage":{"@id":"https:\/\/newsestlyonnais.fr\/site\/2022\/06\/05\/meyzieu-les-resultats-de-samedi-a-lopen-de-tennis-7\/#primaryimage"},"image":{"@id":"https:\/\/newsestlyonnais.fr\/site\/2022\/06\/05\/meyzieu-les-resultats-de-samedi-a-lopen-de-tennis-7\/#primaryimage"},"thumbnailUrl":"https:\/\/newsestlyonnais.fr\/site\/wp-content\/uploads\/2021\/06\/NEWSESTLYONNAIS-MEY-TENNIS-01.jpg","datePublished":"2022-06-05T05:04:13+00:00","dateModified":"2022-06-09T04:28:51+00:00","description":"MEYZIEU | Les r\u00e9sultats de samedi \u00e0 l\u2019Open de tennis","breadcrumb":{"@id":"https:\/\/newsestlyonnais.fr\/site\/2022\/06\/05\/meyzieu-les-resultats-de-samedi-a-lopen-de-tennis-7\/#breadcrumb"},"inLanguage":"fr-FR","potentialAction":[{"@type":"ReadAction","target":["https:\/\/newsestlyonnais.fr\/site\/2022\/06\/05\/meyzieu-les-resultats-de-samedi-a-lopen-de-tennis-7\/"]}]},{"@type":"ImageObject","inLanguage":"fr-FR","@id":"https:\/\/newsestlyonnais.fr\/site\/2022\/06\/05\/meyzieu-les-resultats-de-samedi-a-lopen-de-tennis-7\/#primaryimage","url":"https:\/\/newsestlyonnais.fr\/site\/wp-content\/uploads\/2021\/06\/NEWSESTLYONNAIS-MEY-TENNIS-01.jpg","contentUrl":"https:\/\/newsestlyonnais.fr\/site\/wp-content\/uploads\/2021\/06\/NEWSESTLYONNAIS-MEY-TENNIS-01.jpg","width":1200,"height":900},{"@type":"BreadcrumbList","@id":"https:\/\/newsestlyonnais.fr\/site\/2022\/06\/05\/meyzieu-les-resultats-de-samedi-a-lopen-de-tennis-7\/#breadcrumb","itemListElement":[{"@type":"ListItem","position":1,"name":"Accueil","item":"https:\/\/newsestlyonnais.fr\/site\/"},{"@type":"ListItem","position":2,"name":"MEYZIEU | Les r\u00e9sultats de samedi \u00e0 l\u2019Open de tennis"}]},{"@type":"WebSite","@id":"https:\/\/newsestlyonnais.fr\/site\/#website","url":"https:\/\/newsestlyonnais.fr\/site\/","name":"News Est Lyonnais","description":"L&#039;actualit\u00e9 au plus pr\u00e8s","publisher":{"@id":"https:\/\/newsestlyonnais.fr\/site\/#organization"},"potentialAction":[{"@type":"SearchAction","target":{"@type":"EntryPoint","urlTemplate":"https:\/\/newsestlyonnais.fr\/site\/?s={search_term_string}"},"query-input":{"@type":"PropertyValueSpecification","valueRequired":true,"valueName":"search_term_string"}}],"inLanguage":"fr-FR"},{"@type":"Organization","@id":"https:\/\/newsestlyonnais.fr\/site\/#organization","name":"News EST LYONNAIS","url":"https:\/\/newsestlyonnais.fr\/site\/","logo":{"@type":"ImageObject","inLanguage":"fr-FR","@id":"https:\/\/newsestlyonnais.fr\/site\/#\/schema\/logo\/image\/","url":"","contentUrl":"","caption":"News EST LYONNAIS"},"image":{"@id":"https:\/\/newsestlyonnais.fr\/site\/#\/schema\/logo\/image\/"}},{"@type":"Person","@id":"https:\/\/newsestlyonnais.fr\/site\/#\/schema\/person\/3230d5615f390bb808365d673001e887","name":"R\u00e9dac. NEWS","sameAs":["http:\/\/www.newsestlyonnais.fr","https:\/\/www.facebook.com\/pascal.oberson.1?fref=ts","https:\/\/fr.linkedin.com\/in\/pascal-oberson-b17045113"],"url":"https:\/\/newsestlyonnais.fr\/site\/author\/nel\/"}]}},"_links":{"self":[{"href":"https:\/\/newsestlyonnais.fr\/site\/wp-json\/wp\/v2\/posts\/156567","targetHints":{"allow":["GET"]}}],"collection":[{"href":"https:\/\/newsestlyonnais.fr\/site\/wp-json\/wp\/v2\/posts"}],"about":[{"href":"https:\/\/newsestlyonnais.fr\/site\/wp-json\/wp\/v2\/types\/post"}],"author":[{"embeddable":true,"href":"https:\/\/newsestlyonnais.fr\/site\/wp-json\/wp\/v2\/users\/4"}],"replies":[{"embeddable":true,"href":"https:\/\/newsestlyonnais.fr\/site\/wp-json\/wp\/v2\/comments?post=156567"}],"version-history":[{"count":0,"href":"https:\/\/newsestlyonnais.fr\/site\/wp-json\/wp\/v2\/posts\/156567\/revisions"}],"wp:featuredmedia":[{"embeddable":true,"href":"https:\/\/newsestlyonnais.fr\/site\/wp-json\/wp\/v2\/media\/131315"}],"wp:attachment":[{"href":"https:\/\/newsestlyonnais.fr\/site\/wp-json\/wp\/v2\/media?parent=156567"}],"wp:term":[{"taxonomy":"category","embeddable":true,"href":"https:\/\/newsestlyonnais.fr\/site\/wp-json\/wp\/v2\/categories?post=156567"},{"taxonomy":"post_tag","embeddable":true,"href":"https:\/\/newsestlyonnais.fr\/site\/wp-json\/wp\/v2\/tags?post=156567"}],"curies":[{"name":"wp","href":"https:\/\/api.w.org\/{rel}","templated":true}]}}