{"id":15674,"date":"2016-11-12T14:53:22","date_gmt":"2016-11-12T13:53:22","guid":{"rendered":"http:\/\/newsestlyonnais.fr\/site\/?p=15674"},"modified":"2020-11-17T09:05:35","modified_gmt":"2020-11-17T08:05:35","slug":"genas-pusignan-retour-images-ceremonies-11-novembre","status":"publish","type":"post","link":"https:\/\/newsestlyonnais.fr\/site\/2016\/11\/12\/genas-pusignan-retour-images-ceremonies-11-novembre\/","title":{"rendered":"GENAS-PUSIGNAN | Retour en images &gt; c\u00e9r\u00e9monies du 11 Novembre"},"content":{"rendered":"<p>Retour en images sur celles qui se sont d\u00e9roul\u00e9es \u00e0 Genas (cimeti\u00e8re d\u2019Azieu et Monument aux morts du parc de la Colandi\u00e8re) et \u00e0 Pusignan (devant la mairie).<\/p>\n<p><span style=\"text-decoration: underline\"><em><strong>PHOTO A LA UNE<\/strong><\/em><\/span>: Daniel Val\u00e9ro (maire de Genas) lors de la c\u00e9r\u00e9monie<\/p>\n<p>____________________________________________________________________________<\/p>\n<ul>\n<li>Merci pour leur collaboration \u00e0: <a href=\"http:\/\/lagriffeducha.jimdo.com\/genas-chassieu-ccel\/les-communes-de-la-ccel\/pusignan\/?logout=1\" target=\"_blank\" rel=\"noopener noreferrer\">http:\/\/lagriffeducha.jimdo.com\/genas-chassieu-ccel\/les-communes-<\/a>de-la-ccel\/pusignan\/?logout=1\u00a0\u00a0 et <a href=\"http:\/\/genas-hier-demain.blog4ever.com\/\" target=\"_blank\" rel=\"noopener noreferrer\">http:\/\/genas-hier-demain.blog4ever.com\/<\/a>\n<p><figure id=\"attachment_15684\" aria-describedby=\"caption-attachment-15684\" style=\"width: 1024px\" class=\"wp-caption alignleft\"><img loading=\"lazy\" decoding=\"async\" class=\"size-full wp-image-15684\" src=\"https:\/\/newsestlyonnais.fr\/site\/medias\/2016\/11\/NEWSESTLYONNAIS-CEREM-PUSIGNAN.jpg\" alt=\"C\u00e9r\u00e9monie devant la mairie en pr\u00e9sence du maire Gilbert Marboeuf (\u00e0 droite).\" width=\"1024\" height=\"682\" srcset=\"https:\/\/newsestlyonnais.fr\/site\/wp-content\/uploads\/2016\/11\/NEWSESTLYONNAIS-CEREM-PUSIGNAN.jpg 1024w, https:\/\/newsestlyonnais.fr\/site\/wp-content\/uploads\/2016\/11\/NEWSESTLYONNAIS-CEREM-PUSIGNAN-400x266.jpg 400w, https:\/\/newsestlyonnais.fr\/site\/wp-content\/uploads\/2016\/11\/NEWSESTLYONNAIS-CEREM-PUSIGNAN-768x512.jpg 768w, https:\/\/newsestlyonnais.fr\/site\/wp-content\/uploads\/2016\/11\/NEWSESTLYONNAIS-CEREM-PUSIGNAN-1000x666.jpg 1000w, https:\/\/newsestlyonnais.fr\/site\/wp-content\/uploads\/2016\/11\/NEWSESTLYONNAIS-CEREM-PUSIGNAN-600x400.jpg 600w\" sizes=\"auto, (max-width: 1024px) 100vw, 1024px\" \/><figcaption id=\"caption-attachment-15684\" class=\"wp-caption-text\">C\u00e9r\u00e9monie devant la mairie en pr\u00e9sence du maire Gilbert Marboeuf (\u00e0 droite).<\/figcaption><\/figure><\/li>\n<\/ul>\n","protected":false},"excerpt":{"rendered":"<p>Dans le cadre des comm\u00e9morations de l&rsquo;Armistice du 11 Novembre 1918, les c\u00e9r\u00e9monies ont \u00e9t\u00e9 nombreuses dans l&rsquo;Est Lyonnais.<\/p>\n","protected":false},"author":4,"featured_media":15681,"comment_status":"open","ping_status":"open","sticky":false,"template":"","format":"standard","meta":{"footnotes":""},"categories":[270,1598,1279,1219],"tags":[],"class_list":["post-15674","post","type-post","status-publish","format-standard","has-post-thumbnail","hentry","category-cte-de-communes-c-c-e-l","category-genas","category-jons-pusignan","category-religion-seniors-souvenir"],"yoast_head":"<!-- This site is optimized with the Yoast SEO plugin v27.2 - https:\/\/yoast.com\/product\/yoast-seo-wordpress\/ -->\n<title>GENAS ET PUSIGNAN : Retour en images sur les c\u00e9r\u00e9monies du 11 Novembre<\/title>\n<meta name=\"description\" content=\"GENAS ET PUSIGNAN : Retour en images sur les c\u00e9r\u00e9monies du 11 Novembre\" \/>\n<meta name=\"robots\" content=\"index, follow, max-snippet:-1, max-image-preview:large, max-video-preview:-1\" \/>\n<link rel=\"canonical\" href=\"https:\/\/newsestlyonnais.fr\/site\/2016\/11\/12\/genas-pusignan-retour-images-ceremonies-11-novembre\/\" \/>\n<meta property=\"og:locale\" content=\"fr_FR\" \/>\n<meta property=\"og:type\" content=\"article\" \/>\n<meta property=\"og:title\" content=\"GENAS ET PUSIGNAN : Retour en images sur les c\u00e9r\u00e9monies du 11 Novembre\" \/>\n<meta property=\"og:description\" content=\"GENAS ET PUSIGNAN : Retour en images sur les c\u00e9r\u00e9monies du 11 Novembre\" \/>\n<meta property=\"og:url\" content=\"https:\/\/newsestlyonnais.fr\/site\/2016\/11\/12\/genas-pusignan-retour-images-ceremonies-11-novembre\/\" \/>\n<meta property=\"og:site_name\" content=\"News Est Lyonnais\" \/>\n<meta property=\"article:author\" content=\"https:\/\/www.facebook.com\/pascal.oberson.1?fref=ts\" \/>\n<meta property=\"article:published_time\" content=\"2016-11-12T13:53:22+00:00\" \/>\n<meta property=\"article:modified_time\" content=\"2020-11-17T08:05:35+00:00\" \/>\n<meta property=\"og:image\" content=\"https:\/\/i1.wp.com\/newsestlyonnais.fr\/site\/wp-content\/uploads\/2016\/11\/NEWSESTLYONNAIS-CEREM-GENAS-01.jpg?fit=1000%2C750&ssl=1\" \/>\n\t<meta property=\"og:image:width\" content=\"1000\" \/>\n\t<meta property=\"og:image:height\" content=\"750\" \/>\n\t<meta property=\"og:image:type\" content=\"image\/jpeg\" \/>\n<meta name=\"author\" content=\"R\u00e9dac. NEWS\" \/>\n<meta name=\"twitter:card\" content=\"summary_large_image\" \/>\n<meta name=\"twitter:label1\" content=\"\u00c9crit par\" \/>\n\t<meta name=\"twitter:data1\" content=\"R\u00e9dac. NEWS\" \/>\n<script type=\"application\/ld+json\" class=\"yoast-schema-graph\">{\"@context\":\"https:\/\/schema.org\",\"@graph\":[{\"@type\":\"Article\",\"@id\":\"https:\/\/newsestlyonnais.fr\/site\/2016\/11\/12\/genas-pusignan-retour-images-ceremonies-11-novembre\/#article\",\"isPartOf\":{\"@id\":\"https:\/\/newsestlyonnais.fr\/site\/2016\/11\/12\/genas-pusignan-retour-images-ceremonies-11-novembre\/\"},\"author\":{\"name\":\"R\u00e9dac. NEWS\",\"@id\":\"https:\/\/newsestlyonnais.fr\/site\/#\/schema\/person\/3230d5615f390bb808365d673001e887\"},\"headline\":\"GENAS-PUSIGNAN | Retour en images &gt; c\u00e9r\u00e9monies du 11 Novembre\",\"datePublished\":\"2016-11-12T13:53:22+00:00\",\"dateModified\":\"2020-11-17T08:05:35+00:00\",\"mainEntityOfPage\":{\"@id\":\"https:\/\/newsestlyonnais.fr\/site\/2016\/11\/12\/genas-pusignan-retour-images-ceremonies-11-novembre\/\"},\"wordCount\":96,\"commentCount\":0,\"publisher\":{\"@id\":\"https:\/\/newsestlyonnais.fr\/site\/#organization\"},\"image\":{\"@id\":\"https:\/\/newsestlyonnais.fr\/site\/2016\/11\/12\/genas-pusignan-retour-images-ceremonies-11-novembre\/#primaryimage\"},\"thumbnailUrl\":\"https:\/\/newsestlyonnais.fr\/site\/wp-content\/uploads\/2016\/11\/NEWSESTLYONNAIS-CEREM-GENAS-01.jpg\",\"articleSection\":[\"CCEL | Communes\",\"Genas\",\"Jons | Pusignan\",\"Religion | Seniors | Souvenir\"],\"inLanguage\":\"fr-FR\",\"potentialAction\":[{\"@type\":\"CommentAction\",\"name\":\"Comment\",\"target\":[\"https:\/\/newsestlyonnais.fr\/site\/2016\/11\/12\/genas-pusignan-retour-images-ceremonies-11-novembre\/#respond\"]}]},{\"@type\":\"WebPage\",\"@id\":\"https:\/\/newsestlyonnais.fr\/site\/2016\/11\/12\/genas-pusignan-retour-images-ceremonies-11-novembre\/\",\"url\":\"https:\/\/newsestlyonnais.fr\/site\/2016\/11\/12\/genas-pusignan-retour-images-ceremonies-11-novembre\/\",\"name\":\"GENAS ET PUSIGNAN : Retour en images sur les c\u00e9r\u00e9monies du 11 Novembre\",\"isPartOf\":{\"@id\":\"https:\/\/newsestlyonnais.fr\/site\/#website\"},\"primaryImageOfPage\":{\"@id\":\"https:\/\/newsestlyonnais.fr\/site\/2016\/11\/12\/genas-pusignan-retour-images-ceremonies-11-novembre\/#primaryimage\"},\"image\":{\"@id\":\"https:\/\/newsestlyonnais.fr\/site\/2016\/11\/12\/genas-pusignan-retour-images-ceremonies-11-novembre\/#primaryimage\"},\"thumbnailUrl\":\"https:\/\/newsestlyonnais.fr\/site\/wp-content\/uploads\/2016\/11\/NEWSESTLYONNAIS-CEREM-GENAS-01.jpg\",\"datePublished\":\"2016-11-12T13:53:22+00:00\",\"dateModified\":\"2020-11-17T08:05:35+00:00\",\"description\":\"GENAS ET PUSIGNAN : Retour en images sur les c\u00e9r\u00e9monies du 11 Novembre\",\"breadcrumb\":{\"@id\":\"https:\/\/newsestlyonnais.fr\/site\/2016\/11\/12\/genas-pusignan-retour-images-ceremonies-11-novembre\/#breadcrumb\"},\"inLanguage\":\"fr-FR\",\"potentialAction\":[{\"@type\":\"ReadAction\",\"target\":[\"https:\/\/newsestlyonnais.fr\/site\/2016\/11\/12\/genas-pusignan-retour-images-ceremonies-11-novembre\/\"]}]},{\"@type\":\"ImageObject\",\"inLanguage\":\"fr-FR\",\"@id\":\"https:\/\/newsestlyonnais.fr\/site\/2016\/11\/12\/genas-pusignan-retour-images-ceremonies-11-novembre\/#primaryimage\",\"url\":\"https:\/\/newsestlyonnais.fr\/site\/wp-content\/uploads\/2016\/11\/NEWSESTLYONNAIS-CEREM-GENAS-01.jpg\",\"contentUrl\":\"https:\/\/newsestlyonnais.fr\/site\/wp-content\/uploads\/2016\/11\/NEWSESTLYONNAIS-CEREM-GENAS-01.jpg\",\"width\":1000,\"height\":750},{\"@type\":\"BreadcrumbList\",\"@id\":\"https:\/\/newsestlyonnais.fr\/site\/2016\/11\/12\/genas-pusignan-retour-images-ceremonies-11-novembre\/#breadcrumb\",\"itemListElement\":[{\"@type\":\"ListItem\",\"position\":1,\"name\":\"Accueil\",\"item\":\"https:\/\/newsestlyonnais.fr\/site\/\"},{\"@type\":\"ListItem\",\"position\":2,\"name\":\"GENAS-PUSIGNAN | Retour en images &gt; c\u00e9r\u00e9monies du 11 Novembre\"}]},{\"@type\":\"WebSite\",\"@id\":\"https:\/\/newsestlyonnais.fr\/site\/#website\",\"url\":\"https:\/\/newsestlyonnais.fr\/site\/\",\"name\":\"News Est Lyonnais\",\"description\":\"L&#039;actualit\u00e9 au plus pr\u00e8s\",\"publisher\":{\"@id\":\"https:\/\/newsestlyonnais.fr\/site\/#organization\"},\"potentialAction\":[{\"@type\":\"SearchAction\",\"target\":{\"@type\":\"EntryPoint\",\"urlTemplate\":\"https:\/\/newsestlyonnais.fr\/site\/?s={search_term_string}\"},\"query-input\":{\"@type\":\"PropertyValueSpecification\",\"valueRequired\":true,\"valueName\":\"search_term_string\"}}],\"inLanguage\":\"fr-FR\"},{\"@type\":\"Organization\",\"@id\":\"https:\/\/newsestlyonnais.fr\/site\/#organization\",\"name\":\"News EST LYONNAIS\",\"url\":\"https:\/\/newsestlyonnais.fr\/site\/\",\"logo\":{\"@type\":\"ImageObject\",\"inLanguage\":\"fr-FR\",\"@id\":\"https:\/\/newsestlyonnais.fr\/site\/#\/schema\/logo\/image\/\",\"url\":\"\",\"contentUrl\":\"\",\"caption\":\"News EST LYONNAIS\"},\"image\":{\"@id\":\"https:\/\/newsestlyonnais.fr\/site\/#\/schema\/logo\/image\/\"}},{\"@type\":\"Person\",\"@id\":\"https:\/\/newsestlyonnais.fr\/site\/#\/schema\/person\/3230d5615f390bb808365d673001e887\",\"name\":\"R\u00e9dac. NEWS\",\"sameAs\":[\"http:\/\/www.newsestlyonnais.fr\",\"https:\/\/www.facebook.com\/pascal.oberson.1?fref=ts\",\"https:\/\/fr.linkedin.com\/in\/pascal-oberson-b17045113\"],\"url\":\"https:\/\/newsestlyonnais.fr\/site\/author\/nel\/\"}]}<\/script>\n<!-- \/ Yoast SEO plugin. -->","yoast_head_json":{"title":"GENAS ET PUSIGNAN : Retour en images sur les c\u00e9r\u00e9monies du 11 Novembre","description":"GENAS ET PUSIGNAN : Retour en images sur les c\u00e9r\u00e9monies du 11 Novembre","robots":{"index":"index","follow":"follow","max-snippet":"max-snippet:-1","max-image-preview":"max-image-preview:large","max-video-preview":"max-video-preview:-1"},"canonical":"https:\/\/newsestlyonnais.fr\/site\/2016\/11\/12\/genas-pusignan-retour-images-ceremonies-11-novembre\/","og_locale":"fr_FR","og_type":"article","og_title":"GENAS ET PUSIGNAN : Retour en images sur les c\u00e9r\u00e9monies du 11 Novembre","og_description":"GENAS ET PUSIGNAN : Retour en images sur les c\u00e9r\u00e9monies du 11 Novembre","og_url":"https:\/\/newsestlyonnais.fr\/site\/2016\/11\/12\/genas-pusignan-retour-images-ceremonies-11-novembre\/","og_site_name":"News Est Lyonnais","article_author":"https:\/\/www.facebook.com\/pascal.oberson.1?fref=ts","article_published_time":"2016-11-12T13:53:22+00:00","article_modified_time":"2020-11-17T08:05:35+00:00","og_image":[{"width":1000,"height":750,"url":"https:\/\/i1.wp.com\/newsestlyonnais.fr\/site\/wp-content\/uploads\/2016\/11\/NEWSESTLYONNAIS-CEREM-GENAS-01.jpg?fit=1000%2C750&ssl=1","type":"image\/jpeg"}],"author":"R\u00e9dac. NEWS","twitter_card":"summary_large_image","twitter_misc":{"\u00c9crit par":"R\u00e9dac. NEWS"},"schema":{"@context":"https:\/\/schema.org","@graph":[{"@type":"Article","@id":"https:\/\/newsestlyonnais.fr\/site\/2016\/11\/12\/genas-pusignan-retour-images-ceremonies-11-novembre\/#article","isPartOf":{"@id":"https:\/\/newsestlyonnais.fr\/site\/2016\/11\/12\/genas-pusignan-retour-images-ceremonies-11-novembre\/"},"author":{"name":"R\u00e9dac. NEWS","@id":"https:\/\/newsestlyonnais.fr\/site\/#\/schema\/person\/3230d5615f390bb808365d673001e887"},"headline":"GENAS-PUSIGNAN | Retour en images &gt; c\u00e9r\u00e9monies du 11 Novembre","datePublished":"2016-11-12T13:53:22+00:00","dateModified":"2020-11-17T08:05:35+00:00","mainEntityOfPage":{"@id":"https:\/\/newsestlyonnais.fr\/site\/2016\/11\/12\/genas-pusignan-retour-images-ceremonies-11-novembre\/"},"wordCount":96,"commentCount":0,"publisher":{"@id":"https:\/\/newsestlyonnais.fr\/site\/#organization"},"image":{"@id":"https:\/\/newsestlyonnais.fr\/site\/2016\/11\/12\/genas-pusignan-retour-images-ceremonies-11-novembre\/#primaryimage"},"thumbnailUrl":"https:\/\/newsestlyonnais.fr\/site\/wp-content\/uploads\/2016\/11\/NEWSESTLYONNAIS-CEREM-GENAS-01.jpg","articleSection":["CCEL | Communes","Genas","Jons | Pusignan","Religion | Seniors | Souvenir"],"inLanguage":"fr-FR","potentialAction":[{"@type":"CommentAction","name":"Comment","target":["https:\/\/newsestlyonnais.fr\/site\/2016\/11\/12\/genas-pusignan-retour-images-ceremonies-11-novembre\/#respond"]}]},{"@type":"WebPage","@id":"https:\/\/newsestlyonnais.fr\/site\/2016\/11\/12\/genas-pusignan-retour-images-ceremonies-11-novembre\/","url":"https:\/\/newsestlyonnais.fr\/site\/2016\/11\/12\/genas-pusignan-retour-images-ceremonies-11-novembre\/","name":"GENAS ET PUSIGNAN : Retour en images sur les c\u00e9r\u00e9monies du 11 Novembre","isPartOf":{"@id":"https:\/\/newsestlyonnais.fr\/site\/#website"},"primaryImageOfPage":{"@id":"https:\/\/newsestlyonnais.fr\/site\/2016\/11\/12\/genas-pusignan-retour-images-ceremonies-11-novembre\/#primaryimage"},"image":{"@id":"https:\/\/newsestlyonnais.fr\/site\/2016\/11\/12\/genas-pusignan-retour-images-ceremonies-11-novembre\/#primaryimage"},"thumbnailUrl":"https:\/\/newsestlyonnais.fr\/site\/wp-content\/uploads\/2016\/11\/NEWSESTLYONNAIS-CEREM-GENAS-01.jpg","datePublished":"2016-11-12T13:53:22+00:00","dateModified":"2020-11-17T08:05:35+00:00","description":"GENAS ET PUSIGNAN : Retour en images sur les c\u00e9r\u00e9monies du 11 Novembre","breadcrumb":{"@id":"https:\/\/newsestlyonnais.fr\/site\/2016\/11\/12\/genas-pusignan-retour-images-ceremonies-11-novembre\/#breadcrumb"},"inLanguage":"fr-FR","potentialAction":[{"@type":"ReadAction","target":["https:\/\/newsestlyonnais.fr\/site\/2016\/11\/12\/genas-pusignan-retour-images-ceremonies-11-novembre\/"]}]},{"@type":"ImageObject","inLanguage":"fr-FR","@id":"https:\/\/newsestlyonnais.fr\/site\/2016\/11\/12\/genas-pusignan-retour-images-ceremonies-11-novembre\/#primaryimage","url":"https:\/\/newsestlyonnais.fr\/site\/wp-content\/uploads\/2016\/11\/NEWSESTLYONNAIS-CEREM-GENAS-01.jpg","contentUrl":"https:\/\/newsestlyonnais.fr\/site\/wp-content\/uploads\/2016\/11\/NEWSESTLYONNAIS-CEREM-GENAS-01.jpg","width":1000,"height":750},{"@type":"BreadcrumbList","@id":"https:\/\/newsestlyonnais.fr\/site\/2016\/11\/12\/genas-pusignan-retour-images-ceremonies-11-novembre\/#breadcrumb","itemListElement":[{"@type":"ListItem","position":1,"name":"Accueil","item":"https:\/\/newsestlyonnais.fr\/site\/"},{"@type":"ListItem","position":2,"name":"GENAS-PUSIGNAN | Retour en images &gt; c\u00e9r\u00e9monies du 11 Novembre"}]},{"@type":"WebSite","@id":"https:\/\/newsestlyonnais.fr\/site\/#website","url":"https:\/\/newsestlyonnais.fr\/site\/","name":"News Est Lyonnais","description":"L&#039;actualit\u00e9 au plus pr\u00e8s","publisher":{"@id":"https:\/\/newsestlyonnais.fr\/site\/#organization"},"potentialAction":[{"@type":"SearchAction","target":{"@type":"EntryPoint","urlTemplate":"https:\/\/newsestlyonnais.fr\/site\/?s={search_term_string}"},"query-input":{"@type":"PropertyValueSpecification","valueRequired":true,"valueName":"search_term_string"}}],"inLanguage":"fr-FR"},{"@type":"Organization","@id":"https:\/\/newsestlyonnais.fr\/site\/#organization","name":"News EST LYONNAIS","url":"https:\/\/newsestlyonnais.fr\/site\/","logo":{"@type":"ImageObject","inLanguage":"fr-FR","@id":"https:\/\/newsestlyonnais.fr\/site\/#\/schema\/logo\/image\/","url":"","contentUrl":"","caption":"News EST LYONNAIS"},"image":{"@id":"https:\/\/newsestlyonnais.fr\/site\/#\/schema\/logo\/image\/"}},{"@type":"Person","@id":"https:\/\/newsestlyonnais.fr\/site\/#\/schema\/person\/3230d5615f390bb808365d673001e887","name":"R\u00e9dac. NEWS","sameAs":["http:\/\/www.newsestlyonnais.fr","https:\/\/www.facebook.com\/pascal.oberson.1?fref=ts","https:\/\/fr.linkedin.com\/in\/pascal-oberson-b17045113"],"url":"https:\/\/newsestlyonnais.fr\/site\/author\/nel\/"}]}},"_links":{"self":[{"href":"https:\/\/newsestlyonnais.fr\/site\/wp-json\/wp\/v2\/posts\/15674","targetHints":{"allow":["GET"]}}],"collection":[{"href":"https:\/\/newsestlyonnais.fr\/site\/wp-json\/wp\/v2\/posts"}],"about":[{"href":"https:\/\/newsestlyonnais.fr\/site\/wp-json\/wp\/v2\/types\/post"}],"author":[{"embeddable":true,"href":"https:\/\/newsestlyonnais.fr\/site\/wp-json\/wp\/v2\/users\/4"}],"replies":[{"embeddable":true,"href":"https:\/\/newsestlyonnais.fr\/site\/wp-json\/wp\/v2\/comments?post=15674"}],"version-history":[{"count":0,"href":"https:\/\/newsestlyonnais.fr\/site\/wp-json\/wp\/v2\/posts\/15674\/revisions"}],"wp:featuredmedia":[{"embeddable":true,"href":"https:\/\/newsestlyonnais.fr\/site\/wp-json\/wp\/v2\/media\/15681"}],"wp:attachment":[{"href":"https:\/\/newsestlyonnais.fr\/site\/wp-json\/wp\/v2\/media?parent=15674"}],"wp:term":[{"taxonomy":"category","embeddable":true,"href":"https:\/\/newsestlyonnais.fr\/site\/wp-json\/wp\/v2\/categories?post=15674"},{"taxonomy":"post_tag","embeddable":true,"href":"https:\/\/newsestlyonnais.fr\/site\/wp-json\/wp\/v2\/tags?post=15674"}],"curies":[{"name":"wp","href":"https:\/\/api.w.org\/{rel}","templated":true}]}}