{"id":156860,"date":"2022-06-08T07:08:31","date_gmt":"2022-06-08T06:08:31","guid":{"rendered":"https:\/\/newsestlyonnais.fr\/site\/?p=156860"},"modified":"2022-06-09T07:30:45","modified_gmt":"2022-06-09T06:30:45","slug":"vaulx-en-velin-bons-resultats-en-pirogue-pour-les-rameurs-vaudais","status":"publish","type":"post","link":"https:\/\/newsestlyonnais.fr\/site\/2022\/06\/08\/vaulx-en-velin-bons-resultats-en-pirogue-pour-les-rameurs-vaudais\/","title":{"rendered":"VAULX-EN-VELIN | Bons r\u00e9sultats en pirogue pour les rameurs vaudais"},"content":{"rendered":"<p class=\"Corps\"><strong>Une course de pirogues 6 places tr\u00e8s r\u00e9put\u00e9e<\/strong>. La derni\u00e8re \u00e9dition s\u2019\u00e9tant tenue en 2019, tous les rameurs avaient h\u00e2te de participer.<\/p>\n<p class=\"Corps\">Marie Sollaud, Bruno Kremer, Eric Archambault, Lionel Milley, Lo\u00efc Brulet, Pierre Carreaud, St\u00e9phane Vakelapu, Laurent Friedrich et J\u00e9rome Le D\u00e9l\u00e9zir sont arriv\u00e9s \u00e0 la <strong>7\u00b0 place au classement g\u00e9n\u00e9ral et premi\u00e8re \u00e9quipe mixte<\/strong>, au terme de <strong>trois jours de course intenses : 46, 26 et enfin 56 km !<\/strong><\/p>\n<p class=\"Corps\">Caroline Blanc a quant \u00e0 elle ram\u00e9 avec le team Marara Va\u2019a, une \u00e9quipe multiclubs qui courait pour l\u2019association KIS Kemper Institut du Sein, qui accompagne les patientes atteintes de cancers du sein. Elles ont termin\u00e9 \u00e0 la 4\u00b0 place apr\u00e8s 3 \u00e9tapes de 15, 26 puis 15 km.<\/p>\n<p class=\"Corps\">\u00a0\u00bb La comp\u00e9tition s\u2019est d\u00e9roul\u00e9e dans une ambiance sportive et conviviale, tous les rameurs sont enchant\u00e9s et le rendez vous est d\u00e9j\u00e0 pris pour 2023 ! \u00a0\u00bb confie Eric Archambault, pr\u00e9sident du club vaudais.<\/p>\n<ul>\n<li><span style=\"background-color: #000000;\"><span style=\"color: #ffffff;\">Plus d&rsquo;infos sur :\u00a0<\/span><a style=\"background-color: #000000;\" href=\"https:\/\/www.vendeevaa.com\"><span style=\"color: #ffcc00;\">https:\/\/www.vendeevaa.com<\/span><\/a><\/span><span style=\"color: #ffcc00;\"> \u00a0<\/span><\/li>\n<\/ul>\n<hr \/>\n<p class=\"Corps\"><em><strong>NOTA :<\/strong><\/em> La prochaine comp\u00e9tition Ocean Racing Pirogue du <span style=\"background-color: #000000; color: #ffcc00;\"><a style=\"background-color: #000000; color: #ffcc00;\" href=\"http:\/\/www.svvv.org\">S.V. Vaulx-en-Velin<\/a><\/span> aura lieu le week-end des 2 et 3 Juillet \u00e0 la Seyne sur Mer.<\/p>\n<p><img loading=\"lazy\" decoding=\"async\" class=\"aligncenter wp-image-156865 size-large\" src=\"https:\/\/newsestlyonnais.fr\/site\/wp-content\/uploads\/2022\/06\/xxxx-650x433.jpg\" alt=\"\" width=\"650\" height=\"433\" srcset=\"https:\/\/newsestlyonnais.fr\/site\/wp-content\/uploads\/2022\/06\/xxxx-650x433.jpg 650w, https:\/\/newsestlyonnais.fr\/site\/wp-content\/uploads\/2022\/06\/xxxx-400x267.jpg 400w, https:\/\/newsestlyonnais.fr\/site\/wp-content\/uploads\/2022\/06\/xxxx-250x167.jpg 250w, https:\/\/newsestlyonnais.fr\/site\/wp-content\/uploads\/2022\/06\/xxxx-768x512.jpg 768w, https:\/\/newsestlyonnais.fr\/site\/wp-content\/uploads\/2022\/06\/xxxx-150x100.jpg 150w, https:\/\/newsestlyonnais.fr\/site\/wp-content\/uploads\/2022\/06\/xxxx-50x33.jpg 50w, https:\/\/newsestlyonnais.fr\/site\/wp-content\/uploads\/2022\/06\/xxxx-100x67.jpg 100w, https:\/\/newsestlyonnais.fr\/site\/wp-content\/uploads\/2022\/06\/xxxx-200x133.jpg 200w, https:\/\/newsestlyonnais.fr\/site\/wp-content\/uploads\/2022\/06\/xxxx-300x200.jpg 300w, https:\/\/newsestlyonnais.fr\/site\/wp-content\/uploads\/2022\/06\/xxxx-350x233.jpg 350w, https:\/\/newsestlyonnais.fr\/site\/wp-content\/uploads\/2022\/06\/xxxx-450x300.jpg 450w, https:\/\/newsestlyonnais.fr\/site\/wp-content\/uploads\/2022\/06\/xxxx-500x333.jpg 500w, https:\/\/newsestlyonnais.fr\/site\/wp-content\/uploads\/2022\/06\/xxxx-550x367.jpg 550w, https:\/\/newsestlyonnais.fr\/site\/wp-content\/uploads\/2022\/06\/xxxx-800x533.jpg 800w, https:\/\/newsestlyonnais.fr\/site\/wp-content\/uploads\/2022\/06\/xxxx.jpg 1080w\" sizes=\"auto, (max-width: 650px) 100vw, 650px\" \/><\/p>\n<p class=\"Corps\">\n","protected":false},"excerpt":{"rendered":"<p>Lors de la semaine de l\u2019Ascension, la section Pirogue du club SV Vaulx en Velin s\u2019est d\u00e9plac\u00e9e aux Sables d\u2019Olonne pour participer \u00e0 la Vend\u00e9e Va\u2019a.<\/p>\n","protected":false},"author":4,"featured_media":156907,"comment_status":"open","ping_status":"open","sticky":false,"template":"","format":"standard","meta":{"footnotes":""},"categories":[2973,1348,3250,2,28],"tags":[],"class_list":["post-156860","post","type-post","status-publish","format-standard","has-post-thumbnail","hentry","category-aviron-kayak-voile-sports","category-kayak","category-recits-de-course-portraits-interviews","category-sports","category-vaulx-en-velin"],"yoast_head":"<!-- This site is optimized with the Yoast SEO plugin v27.2 - https:\/\/yoast.com\/product\/yoast-seo-wordpress\/ -->\n<title>VAULX-EN-VELIN | Bons r\u00e9sultats en pirogue pour les rameurs vaudais - News Est Lyonnais<\/title>\n<meta name=\"description\" content=\"VAULX-EN-VELIN | Bons r\u00e9sultats en pirogue pour les rameurs vaudais\" \/>\n<meta name=\"robots\" content=\"index, follow, max-snippet:-1, max-image-preview:large, max-video-preview:-1\" \/>\n<link rel=\"canonical\" href=\"https:\/\/newsestlyonnais.fr\/site\/2022\/06\/08\/vaulx-en-velin-bons-resultats-en-pirogue-pour-les-rameurs-vaudais\/\" \/>\n<meta property=\"og:locale\" content=\"fr_FR\" \/>\n<meta property=\"og:type\" content=\"article\" \/>\n<meta property=\"og:title\" content=\"VAULX-EN-VELIN | Bons r\u00e9sultats en pirogue pour les rameurs vaudais - News Est Lyonnais\" \/>\n<meta property=\"og:description\" content=\"VAULX-EN-VELIN | Bons r\u00e9sultats en pirogue pour les rameurs vaudais\" \/>\n<meta property=\"og:url\" content=\"https:\/\/newsestlyonnais.fr\/site\/2022\/06\/08\/vaulx-en-velin-bons-resultats-en-pirogue-pour-les-rameurs-vaudais\/\" \/>\n<meta property=\"og:site_name\" content=\"News Est Lyonnais\" \/>\n<meta property=\"article:author\" content=\"https:\/\/www.facebook.com\/pascal.oberson.1?fref=ts\" \/>\n<meta property=\"article:published_time\" content=\"2022-06-08T06:08:31+00:00\" \/>\n<meta property=\"article:modified_time\" content=\"2022-06-09T06:30:45+00:00\" \/>\n<meta property=\"og:image\" content=\"https:\/\/newsestlyonnais.fr\/site\/wp-content\/uploads\/2022\/06\/NEWSESTLYONNAIS-KAYAKVENDEE.jpg\" \/>\n\t<meta property=\"og:image:width\" content=\"1200\" \/>\n\t<meta property=\"og:image:height\" content=\"800\" \/>\n\t<meta property=\"og:image:type\" content=\"image\/jpeg\" \/>\n<meta name=\"author\" content=\"R\u00e9dac. NEWS\" \/>\n<meta name=\"twitter:card\" content=\"summary_large_image\" \/>\n<meta name=\"twitter:label1\" content=\"\u00c9crit par\" \/>\n\t<meta name=\"twitter:data1\" content=\"R\u00e9dac. NEWS\" \/>\n\t<meta name=\"twitter:label2\" content=\"Dur\u00e9e de lecture estim\u00e9e\" \/>\n\t<meta name=\"twitter:data2\" content=\"2 minutes\" \/>\n<script type=\"application\/ld+json\" class=\"yoast-schema-graph\">{\"@context\":\"https:\/\/schema.org\",\"@graph\":[{\"@type\":\"Article\",\"@id\":\"https:\/\/newsestlyonnais.fr\/site\/2022\/06\/08\/vaulx-en-velin-bons-resultats-en-pirogue-pour-les-rameurs-vaudais\/#article\",\"isPartOf\":{\"@id\":\"https:\/\/newsestlyonnais.fr\/site\/2022\/06\/08\/vaulx-en-velin-bons-resultats-en-pirogue-pour-les-rameurs-vaudais\/\"},\"author\":{\"name\":\"R\u00e9dac. NEWS\",\"@id\":\"https:\/\/newsestlyonnais.fr\/site\/#\/schema\/person\/3230d5615f390bb808365d673001e887\"},\"headline\":\"VAULX-EN-VELIN | Bons r\u00e9sultats en pirogue pour les rameurs vaudais\",\"datePublished\":\"2022-06-08T06:08:31+00:00\",\"dateModified\":\"2022-06-09T06:30:45+00:00\",\"mainEntityOfPage\":{\"@id\":\"https:\/\/newsestlyonnais.fr\/site\/2022\/06\/08\/vaulx-en-velin-bons-resultats-en-pirogue-pour-les-rameurs-vaudais\/\"},\"wordCount\":200,\"commentCount\":0,\"publisher\":{\"@id\":\"https:\/\/newsestlyonnais.fr\/site\/#organization\"},\"image\":{\"@id\":\"https:\/\/newsestlyonnais.fr\/site\/2022\/06\/08\/vaulx-en-velin-bons-resultats-en-pirogue-pour-les-rameurs-vaudais\/#primaryimage\"},\"thumbnailUrl\":\"https:\/\/newsestlyonnais.fr\/site\/wp-content\/uploads\/2022\/06\/NEWSESTLYONNAIS-KAYAKVENDEE.jpg\",\"articleSection\":[\"Aviron | Kayak | Voile\",\"Kayak\",\"R\u00e9cits de course \/ Portraits \/ Interviews\",\"Sports\",\"Vaulx-en-Velin\"],\"inLanguage\":\"fr-FR\",\"potentialAction\":[{\"@type\":\"CommentAction\",\"name\":\"Comment\",\"target\":[\"https:\/\/newsestlyonnais.fr\/site\/2022\/06\/08\/vaulx-en-velin-bons-resultats-en-pirogue-pour-les-rameurs-vaudais\/#respond\"]}]},{\"@type\":\"WebPage\",\"@id\":\"https:\/\/newsestlyonnais.fr\/site\/2022\/06\/08\/vaulx-en-velin-bons-resultats-en-pirogue-pour-les-rameurs-vaudais\/\",\"url\":\"https:\/\/newsestlyonnais.fr\/site\/2022\/06\/08\/vaulx-en-velin-bons-resultats-en-pirogue-pour-les-rameurs-vaudais\/\",\"name\":\"VAULX-EN-VELIN | Bons r\u00e9sultats en pirogue pour les rameurs vaudais - News Est Lyonnais\",\"isPartOf\":{\"@id\":\"https:\/\/newsestlyonnais.fr\/site\/#website\"},\"primaryImageOfPage\":{\"@id\":\"https:\/\/newsestlyonnais.fr\/site\/2022\/06\/08\/vaulx-en-velin-bons-resultats-en-pirogue-pour-les-rameurs-vaudais\/#primaryimage\"},\"image\":{\"@id\":\"https:\/\/newsestlyonnais.fr\/site\/2022\/06\/08\/vaulx-en-velin-bons-resultats-en-pirogue-pour-les-rameurs-vaudais\/#primaryimage\"},\"thumbnailUrl\":\"https:\/\/newsestlyonnais.fr\/site\/wp-content\/uploads\/2022\/06\/NEWSESTLYONNAIS-KAYAKVENDEE.jpg\",\"datePublished\":\"2022-06-08T06:08:31+00:00\",\"dateModified\":\"2022-06-09T06:30:45+00:00\",\"description\":\"VAULX-EN-VELIN | Bons r\u00e9sultats en pirogue pour les rameurs vaudais\",\"breadcrumb\":{\"@id\":\"https:\/\/newsestlyonnais.fr\/site\/2022\/06\/08\/vaulx-en-velin-bons-resultats-en-pirogue-pour-les-rameurs-vaudais\/#breadcrumb\"},\"inLanguage\":\"fr-FR\",\"potentialAction\":[{\"@type\":\"ReadAction\",\"target\":[\"https:\/\/newsestlyonnais.fr\/site\/2022\/06\/08\/vaulx-en-velin-bons-resultats-en-pirogue-pour-les-rameurs-vaudais\/\"]}]},{\"@type\":\"ImageObject\",\"inLanguage\":\"fr-FR\",\"@id\":\"https:\/\/newsestlyonnais.fr\/site\/2022\/06\/08\/vaulx-en-velin-bons-resultats-en-pirogue-pour-les-rameurs-vaudais\/#primaryimage\",\"url\":\"https:\/\/newsestlyonnais.fr\/site\/wp-content\/uploads\/2022\/06\/NEWSESTLYONNAIS-KAYAKVENDEE.jpg\",\"contentUrl\":\"https:\/\/newsestlyonnais.fr\/site\/wp-content\/uploads\/2022\/06\/NEWSESTLYONNAIS-KAYAKVENDEE.jpg\",\"width\":1200,\"height\":800,\"caption\":\"VENDEE VA'A 2 022\"},{\"@type\":\"BreadcrumbList\",\"@id\":\"https:\/\/newsestlyonnais.fr\/site\/2022\/06\/08\/vaulx-en-velin-bons-resultats-en-pirogue-pour-les-rameurs-vaudais\/#breadcrumb\",\"itemListElement\":[{\"@type\":\"ListItem\",\"position\":1,\"name\":\"Accueil\",\"item\":\"https:\/\/newsestlyonnais.fr\/site\/\"},{\"@type\":\"ListItem\",\"position\":2,\"name\":\"VAULX-EN-VELIN | Bons r\u00e9sultats en pirogue pour les rameurs vaudais\"}]},{\"@type\":\"WebSite\",\"@id\":\"https:\/\/newsestlyonnais.fr\/site\/#website\",\"url\":\"https:\/\/newsestlyonnais.fr\/site\/\",\"name\":\"News Est Lyonnais\",\"description\":\"L&#039;actualit\u00e9 au plus pr\u00e8s\",\"publisher\":{\"@id\":\"https:\/\/newsestlyonnais.fr\/site\/#organization\"},\"potentialAction\":[{\"@type\":\"SearchAction\",\"target\":{\"@type\":\"EntryPoint\",\"urlTemplate\":\"https:\/\/newsestlyonnais.fr\/site\/?s={search_term_string}\"},\"query-input\":{\"@type\":\"PropertyValueSpecification\",\"valueRequired\":true,\"valueName\":\"search_term_string\"}}],\"inLanguage\":\"fr-FR\"},{\"@type\":\"Organization\",\"@id\":\"https:\/\/newsestlyonnais.fr\/site\/#organization\",\"name\":\"News EST LYONNAIS\",\"url\":\"https:\/\/newsestlyonnais.fr\/site\/\",\"logo\":{\"@type\":\"ImageObject\",\"inLanguage\":\"fr-FR\",\"@id\":\"https:\/\/newsestlyonnais.fr\/site\/#\/schema\/logo\/image\/\",\"url\":\"\",\"contentUrl\":\"\",\"caption\":\"News EST LYONNAIS\"},\"image\":{\"@id\":\"https:\/\/newsestlyonnais.fr\/site\/#\/schema\/logo\/image\/\"}},{\"@type\":\"Person\",\"@id\":\"https:\/\/newsestlyonnais.fr\/site\/#\/schema\/person\/3230d5615f390bb808365d673001e887\",\"name\":\"R\u00e9dac. NEWS\",\"sameAs\":[\"http:\/\/www.newsestlyonnais.fr\",\"https:\/\/www.facebook.com\/pascal.oberson.1?fref=ts\",\"https:\/\/fr.linkedin.com\/in\/pascal-oberson-b17045113\"],\"url\":\"https:\/\/newsestlyonnais.fr\/site\/author\/nel\/\"}]}<\/script>\n<!-- \/ Yoast SEO plugin. -->","yoast_head_json":{"title":"VAULX-EN-VELIN | Bons r\u00e9sultats en pirogue pour les rameurs vaudais - News Est Lyonnais","description":"VAULX-EN-VELIN | Bons r\u00e9sultats en pirogue pour les rameurs vaudais","robots":{"index":"index","follow":"follow","max-snippet":"max-snippet:-1","max-image-preview":"max-image-preview:large","max-video-preview":"max-video-preview:-1"},"canonical":"https:\/\/newsestlyonnais.fr\/site\/2022\/06\/08\/vaulx-en-velin-bons-resultats-en-pirogue-pour-les-rameurs-vaudais\/","og_locale":"fr_FR","og_type":"article","og_title":"VAULX-EN-VELIN | Bons r\u00e9sultats en pirogue pour les rameurs vaudais - News Est Lyonnais","og_description":"VAULX-EN-VELIN | Bons r\u00e9sultats en pirogue pour les rameurs vaudais","og_url":"https:\/\/newsestlyonnais.fr\/site\/2022\/06\/08\/vaulx-en-velin-bons-resultats-en-pirogue-pour-les-rameurs-vaudais\/","og_site_name":"News Est Lyonnais","article_author":"https:\/\/www.facebook.com\/pascal.oberson.1?fref=ts","article_published_time":"2022-06-08T06:08:31+00:00","article_modified_time":"2022-06-09T06:30:45+00:00","og_image":[{"width":1200,"height":800,"url":"https:\/\/newsestlyonnais.fr\/site\/wp-content\/uploads\/2022\/06\/NEWSESTLYONNAIS-KAYAKVENDEE.jpg","type":"image\/jpeg"}],"author":"R\u00e9dac. NEWS","twitter_card":"summary_large_image","twitter_misc":{"\u00c9crit par":"R\u00e9dac. NEWS","Dur\u00e9e de lecture estim\u00e9e":"2 minutes"},"schema":{"@context":"https:\/\/schema.org","@graph":[{"@type":"Article","@id":"https:\/\/newsestlyonnais.fr\/site\/2022\/06\/08\/vaulx-en-velin-bons-resultats-en-pirogue-pour-les-rameurs-vaudais\/#article","isPartOf":{"@id":"https:\/\/newsestlyonnais.fr\/site\/2022\/06\/08\/vaulx-en-velin-bons-resultats-en-pirogue-pour-les-rameurs-vaudais\/"},"author":{"name":"R\u00e9dac. NEWS","@id":"https:\/\/newsestlyonnais.fr\/site\/#\/schema\/person\/3230d5615f390bb808365d673001e887"},"headline":"VAULX-EN-VELIN | Bons r\u00e9sultats en pirogue pour les rameurs vaudais","datePublished":"2022-06-08T06:08:31+00:00","dateModified":"2022-06-09T06:30:45+00:00","mainEntityOfPage":{"@id":"https:\/\/newsestlyonnais.fr\/site\/2022\/06\/08\/vaulx-en-velin-bons-resultats-en-pirogue-pour-les-rameurs-vaudais\/"},"wordCount":200,"commentCount":0,"publisher":{"@id":"https:\/\/newsestlyonnais.fr\/site\/#organization"},"image":{"@id":"https:\/\/newsestlyonnais.fr\/site\/2022\/06\/08\/vaulx-en-velin-bons-resultats-en-pirogue-pour-les-rameurs-vaudais\/#primaryimage"},"thumbnailUrl":"https:\/\/newsestlyonnais.fr\/site\/wp-content\/uploads\/2022\/06\/NEWSESTLYONNAIS-KAYAKVENDEE.jpg","articleSection":["Aviron | Kayak | Voile","Kayak","R\u00e9cits de course \/ Portraits \/ Interviews","Sports","Vaulx-en-Velin"],"inLanguage":"fr-FR","potentialAction":[{"@type":"CommentAction","name":"Comment","target":["https:\/\/newsestlyonnais.fr\/site\/2022\/06\/08\/vaulx-en-velin-bons-resultats-en-pirogue-pour-les-rameurs-vaudais\/#respond"]}]},{"@type":"WebPage","@id":"https:\/\/newsestlyonnais.fr\/site\/2022\/06\/08\/vaulx-en-velin-bons-resultats-en-pirogue-pour-les-rameurs-vaudais\/","url":"https:\/\/newsestlyonnais.fr\/site\/2022\/06\/08\/vaulx-en-velin-bons-resultats-en-pirogue-pour-les-rameurs-vaudais\/","name":"VAULX-EN-VELIN | Bons r\u00e9sultats en pirogue pour les rameurs vaudais - News Est Lyonnais","isPartOf":{"@id":"https:\/\/newsestlyonnais.fr\/site\/#website"},"primaryImageOfPage":{"@id":"https:\/\/newsestlyonnais.fr\/site\/2022\/06\/08\/vaulx-en-velin-bons-resultats-en-pirogue-pour-les-rameurs-vaudais\/#primaryimage"},"image":{"@id":"https:\/\/newsestlyonnais.fr\/site\/2022\/06\/08\/vaulx-en-velin-bons-resultats-en-pirogue-pour-les-rameurs-vaudais\/#primaryimage"},"thumbnailUrl":"https:\/\/newsestlyonnais.fr\/site\/wp-content\/uploads\/2022\/06\/NEWSESTLYONNAIS-KAYAKVENDEE.jpg","datePublished":"2022-06-08T06:08:31+00:00","dateModified":"2022-06-09T06:30:45+00:00","description":"VAULX-EN-VELIN | Bons r\u00e9sultats en pirogue pour les rameurs vaudais","breadcrumb":{"@id":"https:\/\/newsestlyonnais.fr\/site\/2022\/06\/08\/vaulx-en-velin-bons-resultats-en-pirogue-pour-les-rameurs-vaudais\/#breadcrumb"},"inLanguage":"fr-FR","potentialAction":[{"@type":"ReadAction","target":["https:\/\/newsestlyonnais.fr\/site\/2022\/06\/08\/vaulx-en-velin-bons-resultats-en-pirogue-pour-les-rameurs-vaudais\/"]}]},{"@type":"ImageObject","inLanguage":"fr-FR","@id":"https:\/\/newsestlyonnais.fr\/site\/2022\/06\/08\/vaulx-en-velin-bons-resultats-en-pirogue-pour-les-rameurs-vaudais\/#primaryimage","url":"https:\/\/newsestlyonnais.fr\/site\/wp-content\/uploads\/2022\/06\/NEWSESTLYONNAIS-KAYAKVENDEE.jpg","contentUrl":"https:\/\/newsestlyonnais.fr\/site\/wp-content\/uploads\/2022\/06\/NEWSESTLYONNAIS-KAYAKVENDEE.jpg","width":1200,"height":800,"caption":"VENDEE VA'A 2 022"},{"@type":"BreadcrumbList","@id":"https:\/\/newsestlyonnais.fr\/site\/2022\/06\/08\/vaulx-en-velin-bons-resultats-en-pirogue-pour-les-rameurs-vaudais\/#breadcrumb","itemListElement":[{"@type":"ListItem","position":1,"name":"Accueil","item":"https:\/\/newsestlyonnais.fr\/site\/"},{"@type":"ListItem","position":2,"name":"VAULX-EN-VELIN | Bons r\u00e9sultats en pirogue pour les rameurs vaudais"}]},{"@type":"WebSite","@id":"https:\/\/newsestlyonnais.fr\/site\/#website","url":"https:\/\/newsestlyonnais.fr\/site\/","name":"News Est Lyonnais","description":"L&#039;actualit\u00e9 au plus pr\u00e8s","publisher":{"@id":"https:\/\/newsestlyonnais.fr\/site\/#organization"},"potentialAction":[{"@type":"SearchAction","target":{"@type":"EntryPoint","urlTemplate":"https:\/\/newsestlyonnais.fr\/site\/?s={search_term_string}"},"query-input":{"@type":"PropertyValueSpecification","valueRequired":true,"valueName":"search_term_string"}}],"inLanguage":"fr-FR"},{"@type":"Organization","@id":"https:\/\/newsestlyonnais.fr\/site\/#organization","name":"News EST LYONNAIS","url":"https:\/\/newsestlyonnais.fr\/site\/","logo":{"@type":"ImageObject","inLanguage":"fr-FR","@id":"https:\/\/newsestlyonnais.fr\/site\/#\/schema\/logo\/image\/","url":"","contentUrl":"","caption":"News EST LYONNAIS"},"image":{"@id":"https:\/\/newsestlyonnais.fr\/site\/#\/schema\/logo\/image\/"}},{"@type":"Person","@id":"https:\/\/newsestlyonnais.fr\/site\/#\/schema\/person\/3230d5615f390bb808365d673001e887","name":"R\u00e9dac. NEWS","sameAs":["http:\/\/www.newsestlyonnais.fr","https:\/\/www.facebook.com\/pascal.oberson.1?fref=ts","https:\/\/fr.linkedin.com\/in\/pascal-oberson-b17045113"],"url":"https:\/\/newsestlyonnais.fr\/site\/author\/nel\/"}]}},"_links":{"self":[{"href":"https:\/\/newsestlyonnais.fr\/site\/wp-json\/wp\/v2\/posts\/156860","targetHints":{"allow":["GET"]}}],"collection":[{"href":"https:\/\/newsestlyonnais.fr\/site\/wp-json\/wp\/v2\/posts"}],"about":[{"href":"https:\/\/newsestlyonnais.fr\/site\/wp-json\/wp\/v2\/types\/post"}],"author":[{"embeddable":true,"href":"https:\/\/newsestlyonnais.fr\/site\/wp-json\/wp\/v2\/users\/4"}],"replies":[{"embeddable":true,"href":"https:\/\/newsestlyonnais.fr\/site\/wp-json\/wp\/v2\/comments?post=156860"}],"version-history":[{"count":0,"href":"https:\/\/newsestlyonnais.fr\/site\/wp-json\/wp\/v2\/posts\/156860\/revisions"}],"wp:featuredmedia":[{"embeddable":true,"href":"https:\/\/newsestlyonnais.fr\/site\/wp-json\/wp\/v2\/media\/156907"}],"wp:attachment":[{"href":"https:\/\/newsestlyonnais.fr\/site\/wp-json\/wp\/v2\/media?parent=156860"}],"wp:term":[{"taxonomy":"category","embeddable":true,"href":"https:\/\/newsestlyonnais.fr\/site\/wp-json\/wp\/v2\/categories?post=156860"},{"taxonomy":"post_tag","embeddable":true,"href":"https:\/\/newsestlyonnais.fr\/site\/wp-json\/wp\/v2\/tags?post=156860"}],"curies":[{"name":"wp","href":"https:\/\/api.w.org\/{rel}","templated":true}]}}