{"id":156912,"date":"2022-06-08T11:01:10","date_gmt":"2022-06-08T10:01:10","guid":{"rendered":"https:\/\/newsestlyonnais.fr\/site\/?p=156912"},"modified":"2022-06-10T12:41:11","modified_gmt":"2022-06-10T11:41:11","slug":"bron-un-epeiste-vice-champion-de-france-handisport","status":"publish","type":"post","link":"https:\/\/newsestlyonnais.fr\/site\/2022\/06\/08\/bron-un-epeiste-vice-champion-de-france-handisport\/","title":{"rendered":"BRON | Un \u00e9p\u00e9iste vice-champion de France handisport"},"content":{"rendered":"<p>Apr\u00e8s avoir pass\u00e9 la phase de poules disput\u00e9e en tableau de 8, il s&rsquo;est qualifi\u00e9 lors de la demi-finale remport\u00e9e 10\/5 puis s&rsquo;est impos\u00e9 en finale 10\/6 face \u00e0 un tireur de Guebwiller.<\/p>\n<hr \/>\n<p><a href=\"https:\/\/fencingfox.com\/resultats?_s=XqVEjmaMPKe-lQ2X&amp;_k=75f3lr0jR529gtu-&amp;nom=Orange2022&amp;numero=DVH&amp;nomFamille=LOKIETEK&amp;prenom=Maxime\"><strong><span style=\"font-size: 14pt; background-color: #000000; color: #ffcc00;\">R\u00e9sultats complets <\/span><\/strong><\/a><\/p>\n","protected":false},"excerpt":{"rendered":"<p>Maxime Lokietek, membre de l&rsquo;Acad\u00e9mie d&rsquo;Escrime, tireur handisport d\u00e9ficient visuel est arriv\u00e9 second le week-end dernier \u00e0 Orange.<\/p>\n","protected":false},"author":4,"featured_media":156914,"comment_status":"open","ping_status":"open","sticky":false,"template":"","format":"standard","meta":{"footnotes":""},"categories":[3000,19,3015,2],"tags":[2741,2072,2702,2701,4315],"class_list":["post-156912","post","type-post","status-publish","format-standard","has-post-thumbnail","hentry","category-billard-echecs-escrime","category-bron","category-handi-adapte","category-sports","tag-academie-escrime-bron","tag-bron","tag-championnats-france","tag-escrime","tag-maxime-lokietek"],"yoast_head":"<!-- This site is optimized with the Yoast SEO plugin v27.2 - https:\/\/yoast.com\/product\/yoast-seo-wordpress\/ -->\n<title>BRON | Un \u00e9p\u00e9iste vice-champion de France handisport - News Est Lyonnais<\/title>\n<meta name=\"description\" content=\"BRON | Un \u00e9p\u00e9iste vice-champion de France handisport\" \/>\n<meta name=\"robots\" content=\"index, follow, max-snippet:-1, max-image-preview:large, max-video-preview:-1\" \/>\n<link rel=\"canonical\" href=\"https:\/\/newsestlyonnais.fr\/site\/2022\/06\/08\/bron-un-epeiste-vice-champion-de-france-handisport\/\" \/>\n<meta property=\"og:locale\" content=\"fr_FR\" \/>\n<meta property=\"og:type\" content=\"article\" \/>\n<meta property=\"og:title\" content=\"BRON | Un \u00e9p\u00e9iste vice-champion de France handisport - News Est Lyonnais\" \/>\n<meta property=\"og:description\" content=\"BRON | Un \u00e9p\u00e9iste vice-champion de France handisport\" \/>\n<meta property=\"og:url\" content=\"https:\/\/newsestlyonnais.fr\/site\/2022\/06\/08\/bron-un-epeiste-vice-champion-de-france-handisport\/\" \/>\n<meta property=\"og:site_name\" content=\"News Est Lyonnais\" \/>\n<meta property=\"article:author\" content=\"https:\/\/www.facebook.com\/pascal.oberson.1?fref=ts\" \/>\n<meta property=\"article:published_time\" content=\"2022-06-08T10:01:10+00:00\" \/>\n<meta property=\"article:modified_time\" content=\"2022-06-10T11:41:11+00:00\" \/>\n<meta property=\"og:image\" content=\"https:\/\/newsestlyonnais.fr\/site\/wp-content\/uploads\/2022\/06\/NEWSESTLYONNAIS-AC-AESC-BRON.jpg\" \/>\n\t<meta property=\"og:image:width\" content=\"720\" \/>\n\t<meta property=\"og:image:height\" content=\"637\" \/>\n\t<meta property=\"og:image:type\" content=\"image\/jpeg\" \/>\n<meta name=\"author\" content=\"R\u00e9dac. NEWS\" \/>\n<meta name=\"twitter:card\" content=\"summary_large_image\" \/>\n<meta name=\"twitter:label1\" content=\"\u00c9crit par\" \/>\n\t<meta name=\"twitter:data1\" content=\"R\u00e9dac. NEWS\" \/>\n\t<meta name=\"twitter:label2\" content=\"Dur\u00e9e de lecture estim\u00e9e\" \/>\n\t<meta name=\"twitter:data2\" content=\"1 minute\" \/>\n<script type=\"application\/ld+json\" class=\"yoast-schema-graph\">{\"@context\":\"https:\/\/schema.org\",\"@graph\":[{\"@type\":\"Article\",\"@id\":\"https:\/\/newsestlyonnais.fr\/site\/2022\/06\/08\/bron-un-epeiste-vice-champion-de-france-handisport\/#article\",\"isPartOf\":{\"@id\":\"https:\/\/newsestlyonnais.fr\/site\/2022\/06\/08\/bron-un-epeiste-vice-champion-de-france-handisport\/\"},\"author\":{\"name\":\"R\u00e9dac. NEWS\",\"@id\":\"https:\/\/newsestlyonnais.fr\/site\/#\/schema\/person\/3230d5615f390bb808365d673001e887\"},\"headline\":\"BRON | Un \u00e9p\u00e9iste vice-champion de France handisport\",\"datePublished\":\"2022-06-08T10:01:10+00:00\",\"dateModified\":\"2022-06-10T11:41:11+00:00\",\"mainEntityOfPage\":{\"@id\":\"https:\/\/newsestlyonnais.fr\/site\/2022\/06\/08\/bron-un-epeiste-vice-champion-de-france-handisport\/\"},\"wordCount\":45,\"commentCount\":0,\"publisher\":{\"@id\":\"https:\/\/newsestlyonnais.fr\/site\/#organization\"},\"image\":{\"@id\":\"https:\/\/newsestlyonnais.fr\/site\/2022\/06\/08\/bron-un-epeiste-vice-champion-de-france-handisport\/#primaryimage\"},\"thumbnailUrl\":\"https:\/\/newsestlyonnais.fr\/site\/wp-content\/uploads\/2022\/06\/NEWSESTLYONNAIS-AC-AESC-BRON.jpg\",\"keywords\":[\"ACADEMIE ESCRIME BRON\",\"BRON\",\"CHAMPIONNATS FRANCE\",\"ESCRIME\",\"Maxime Lokietek\"],\"articleSection\":[\"Billard | Echecs | Escrime\",\"Bron\",\"Handi &amp; adapt\u00e9\",\"Sports\"],\"inLanguage\":\"fr-FR\",\"potentialAction\":[{\"@type\":\"CommentAction\",\"name\":\"Comment\",\"target\":[\"https:\/\/newsestlyonnais.fr\/site\/2022\/06\/08\/bron-un-epeiste-vice-champion-de-france-handisport\/#respond\"]}]},{\"@type\":\"WebPage\",\"@id\":\"https:\/\/newsestlyonnais.fr\/site\/2022\/06\/08\/bron-un-epeiste-vice-champion-de-france-handisport\/\",\"url\":\"https:\/\/newsestlyonnais.fr\/site\/2022\/06\/08\/bron-un-epeiste-vice-champion-de-france-handisport\/\",\"name\":\"BRON | Un \u00e9p\u00e9iste vice-champion de France handisport - News Est Lyonnais\",\"isPartOf\":{\"@id\":\"https:\/\/newsestlyonnais.fr\/site\/#website\"},\"primaryImageOfPage\":{\"@id\":\"https:\/\/newsestlyonnais.fr\/site\/2022\/06\/08\/bron-un-epeiste-vice-champion-de-france-handisport\/#primaryimage\"},\"image\":{\"@id\":\"https:\/\/newsestlyonnais.fr\/site\/2022\/06\/08\/bron-un-epeiste-vice-champion-de-france-handisport\/#primaryimage\"},\"thumbnailUrl\":\"https:\/\/newsestlyonnais.fr\/site\/wp-content\/uploads\/2022\/06\/NEWSESTLYONNAIS-AC-AESC-BRON.jpg\",\"datePublished\":\"2022-06-08T10:01:10+00:00\",\"dateModified\":\"2022-06-10T11:41:11+00:00\",\"description\":\"BRON | Un \u00e9p\u00e9iste vice-champion de France handisport\",\"breadcrumb\":{\"@id\":\"https:\/\/newsestlyonnais.fr\/site\/2022\/06\/08\/bron-un-epeiste-vice-champion-de-france-handisport\/#breadcrumb\"},\"inLanguage\":\"fr-FR\",\"potentialAction\":[{\"@type\":\"ReadAction\",\"target\":[\"https:\/\/newsestlyonnais.fr\/site\/2022\/06\/08\/bron-un-epeiste-vice-champion-de-france-handisport\/\"]}]},{\"@type\":\"ImageObject\",\"inLanguage\":\"fr-FR\",\"@id\":\"https:\/\/newsestlyonnais.fr\/site\/2022\/06\/08\/bron-un-epeiste-vice-champion-de-france-handisport\/#primaryimage\",\"url\":\"https:\/\/newsestlyonnais.fr\/site\/wp-content\/uploads\/2022\/06\/NEWSESTLYONNAIS-AC-AESC-BRON.jpg\",\"contentUrl\":\"https:\/\/newsestlyonnais.fr\/site\/wp-content\/uploads\/2022\/06\/NEWSESTLYONNAIS-AC-AESC-BRON.jpg\",\"width\":720,\"height\":637},{\"@type\":\"BreadcrumbList\",\"@id\":\"https:\/\/newsestlyonnais.fr\/site\/2022\/06\/08\/bron-un-epeiste-vice-champion-de-france-handisport\/#breadcrumb\",\"itemListElement\":[{\"@type\":\"ListItem\",\"position\":1,\"name\":\"Accueil\",\"item\":\"https:\/\/newsestlyonnais.fr\/site\/\"},{\"@type\":\"ListItem\",\"position\":2,\"name\":\"BRON | Un \u00e9p\u00e9iste vice-champion de France handisport\"}]},{\"@type\":\"WebSite\",\"@id\":\"https:\/\/newsestlyonnais.fr\/site\/#website\",\"url\":\"https:\/\/newsestlyonnais.fr\/site\/\",\"name\":\"News Est Lyonnais\",\"description\":\"L&#039;actualit\u00e9 au plus pr\u00e8s\",\"publisher\":{\"@id\":\"https:\/\/newsestlyonnais.fr\/site\/#organization\"},\"potentialAction\":[{\"@type\":\"SearchAction\",\"target\":{\"@type\":\"EntryPoint\",\"urlTemplate\":\"https:\/\/newsestlyonnais.fr\/site\/?s={search_term_string}\"},\"query-input\":{\"@type\":\"PropertyValueSpecification\",\"valueRequired\":true,\"valueName\":\"search_term_string\"}}],\"inLanguage\":\"fr-FR\"},{\"@type\":\"Organization\",\"@id\":\"https:\/\/newsestlyonnais.fr\/site\/#organization\",\"name\":\"News EST LYONNAIS\",\"url\":\"https:\/\/newsestlyonnais.fr\/site\/\",\"logo\":{\"@type\":\"ImageObject\",\"inLanguage\":\"fr-FR\",\"@id\":\"https:\/\/newsestlyonnais.fr\/site\/#\/schema\/logo\/image\/\",\"url\":\"\",\"contentUrl\":\"\",\"caption\":\"News EST LYONNAIS\"},\"image\":{\"@id\":\"https:\/\/newsestlyonnais.fr\/site\/#\/schema\/logo\/image\/\"}},{\"@type\":\"Person\",\"@id\":\"https:\/\/newsestlyonnais.fr\/site\/#\/schema\/person\/3230d5615f390bb808365d673001e887\",\"name\":\"R\u00e9dac. NEWS\",\"sameAs\":[\"http:\/\/www.newsestlyonnais.fr\",\"https:\/\/www.facebook.com\/pascal.oberson.1?fref=ts\",\"https:\/\/fr.linkedin.com\/in\/pascal-oberson-b17045113\"],\"url\":\"https:\/\/newsestlyonnais.fr\/site\/author\/nel\/\"}]}<\/script>\n<!-- \/ Yoast SEO plugin. -->","yoast_head_json":{"title":"BRON | Un \u00e9p\u00e9iste vice-champion de France handisport - News Est Lyonnais","description":"BRON | Un \u00e9p\u00e9iste vice-champion de France handisport","robots":{"index":"index","follow":"follow","max-snippet":"max-snippet:-1","max-image-preview":"max-image-preview:large","max-video-preview":"max-video-preview:-1"},"canonical":"https:\/\/newsestlyonnais.fr\/site\/2022\/06\/08\/bron-un-epeiste-vice-champion-de-france-handisport\/","og_locale":"fr_FR","og_type":"article","og_title":"BRON | Un \u00e9p\u00e9iste vice-champion de France handisport - News Est Lyonnais","og_description":"BRON | Un \u00e9p\u00e9iste vice-champion de France handisport","og_url":"https:\/\/newsestlyonnais.fr\/site\/2022\/06\/08\/bron-un-epeiste-vice-champion-de-france-handisport\/","og_site_name":"News Est Lyonnais","article_author":"https:\/\/www.facebook.com\/pascal.oberson.1?fref=ts","article_published_time":"2022-06-08T10:01:10+00:00","article_modified_time":"2022-06-10T11:41:11+00:00","og_image":[{"width":720,"height":637,"url":"https:\/\/newsestlyonnais.fr\/site\/wp-content\/uploads\/2022\/06\/NEWSESTLYONNAIS-AC-AESC-BRON.jpg","type":"image\/jpeg"}],"author":"R\u00e9dac. NEWS","twitter_card":"summary_large_image","twitter_misc":{"\u00c9crit par":"R\u00e9dac. NEWS","Dur\u00e9e de lecture estim\u00e9e":"1 minute"},"schema":{"@context":"https:\/\/schema.org","@graph":[{"@type":"Article","@id":"https:\/\/newsestlyonnais.fr\/site\/2022\/06\/08\/bron-un-epeiste-vice-champion-de-france-handisport\/#article","isPartOf":{"@id":"https:\/\/newsestlyonnais.fr\/site\/2022\/06\/08\/bron-un-epeiste-vice-champion-de-france-handisport\/"},"author":{"name":"R\u00e9dac. NEWS","@id":"https:\/\/newsestlyonnais.fr\/site\/#\/schema\/person\/3230d5615f390bb808365d673001e887"},"headline":"BRON | Un \u00e9p\u00e9iste vice-champion de France handisport","datePublished":"2022-06-08T10:01:10+00:00","dateModified":"2022-06-10T11:41:11+00:00","mainEntityOfPage":{"@id":"https:\/\/newsestlyonnais.fr\/site\/2022\/06\/08\/bron-un-epeiste-vice-champion-de-france-handisport\/"},"wordCount":45,"commentCount":0,"publisher":{"@id":"https:\/\/newsestlyonnais.fr\/site\/#organization"},"image":{"@id":"https:\/\/newsestlyonnais.fr\/site\/2022\/06\/08\/bron-un-epeiste-vice-champion-de-france-handisport\/#primaryimage"},"thumbnailUrl":"https:\/\/newsestlyonnais.fr\/site\/wp-content\/uploads\/2022\/06\/NEWSESTLYONNAIS-AC-AESC-BRON.jpg","keywords":["ACADEMIE ESCRIME BRON","BRON","CHAMPIONNATS FRANCE","ESCRIME","Maxime Lokietek"],"articleSection":["Billard | Echecs | Escrime","Bron","Handi &amp; adapt\u00e9","Sports"],"inLanguage":"fr-FR","potentialAction":[{"@type":"CommentAction","name":"Comment","target":["https:\/\/newsestlyonnais.fr\/site\/2022\/06\/08\/bron-un-epeiste-vice-champion-de-france-handisport\/#respond"]}]},{"@type":"WebPage","@id":"https:\/\/newsestlyonnais.fr\/site\/2022\/06\/08\/bron-un-epeiste-vice-champion-de-france-handisport\/","url":"https:\/\/newsestlyonnais.fr\/site\/2022\/06\/08\/bron-un-epeiste-vice-champion-de-france-handisport\/","name":"BRON | Un \u00e9p\u00e9iste vice-champion de France handisport - News Est Lyonnais","isPartOf":{"@id":"https:\/\/newsestlyonnais.fr\/site\/#website"},"primaryImageOfPage":{"@id":"https:\/\/newsestlyonnais.fr\/site\/2022\/06\/08\/bron-un-epeiste-vice-champion-de-france-handisport\/#primaryimage"},"image":{"@id":"https:\/\/newsestlyonnais.fr\/site\/2022\/06\/08\/bron-un-epeiste-vice-champion-de-france-handisport\/#primaryimage"},"thumbnailUrl":"https:\/\/newsestlyonnais.fr\/site\/wp-content\/uploads\/2022\/06\/NEWSESTLYONNAIS-AC-AESC-BRON.jpg","datePublished":"2022-06-08T10:01:10+00:00","dateModified":"2022-06-10T11:41:11+00:00","description":"BRON | Un \u00e9p\u00e9iste vice-champion de France handisport","breadcrumb":{"@id":"https:\/\/newsestlyonnais.fr\/site\/2022\/06\/08\/bron-un-epeiste-vice-champion-de-france-handisport\/#breadcrumb"},"inLanguage":"fr-FR","potentialAction":[{"@type":"ReadAction","target":["https:\/\/newsestlyonnais.fr\/site\/2022\/06\/08\/bron-un-epeiste-vice-champion-de-france-handisport\/"]}]},{"@type":"ImageObject","inLanguage":"fr-FR","@id":"https:\/\/newsestlyonnais.fr\/site\/2022\/06\/08\/bron-un-epeiste-vice-champion-de-france-handisport\/#primaryimage","url":"https:\/\/newsestlyonnais.fr\/site\/wp-content\/uploads\/2022\/06\/NEWSESTLYONNAIS-AC-AESC-BRON.jpg","contentUrl":"https:\/\/newsestlyonnais.fr\/site\/wp-content\/uploads\/2022\/06\/NEWSESTLYONNAIS-AC-AESC-BRON.jpg","width":720,"height":637},{"@type":"BreadcrumbList","@id":"https:\/\/newsestlyonnais.fr\/site\/2022\/06\/08\/bron-un-epeiste-vice-champion-de-france-handisport\/#breadcrumb","itemListElement":[{"@type":"ListItem","position":1,"name":"Accueil","item":"https:\/\/newsestlyonnais.fr\/site\/"},{"@type":"ListItem","position":2,"name":"BRON | Un \u00e9p\u00e9iste vice-champion de France handisport"}]},{"@type":"WebSite","@id":"https:\/\/newsestlyonnais.fr\/site\/#website","url":"https:\/\/newsestlyonnais.fr\/site\/","name":"News Est Lyonnais","description":"L&#039;actualit\u00e9 au plus pr\u00e8s","publisher":{"@id":"https:\/\/newsestlyonnais.fr\/site\/#organization"},"potentialAction":[{"@type":"SearchAction","target":{"@type":"EntryPoint","urlTemplate":"https:\/\/newsestlyonnais.fr\/site\/?s={search_term_string}"},"query-input":{"@type":"PropertyValueSpecification","valueRequired":true,"valueName":"search_term_string"}}],"inLanguage":"fr-FR"},{"@type":"Organization","@id":"https:\/\/newsestlyonnais.fr\/site\/#organization","name":"News EST LYONNAIS","url":"https:\/\/newsestlyonnais.fr\/site\/","logo":{"@type":"ImageObject","inLanguage":"fr-FR","@id":"https:\/\/newsestlyonnais.fr\/site\/#\/schema\/logo\/image\/","url":"","contentUrl":"","caption":"News EST LYONNAIS"},"image":{"@id":"https:\/\/newsestlyonnais.fr\/site\/#\/schema\/logo\/image\/"}},{"@type":"Person","@id":"https:\/\/newsestlyonnais.fr\/site\/#\/schema\/person\/3230d5615f390bb808365d673001e887","name":"R\u00e9dac. NEWS","sameAs":["http:\/\/www.newsestlyonnais.fr","https:\/\/www.facebook.com\/pascal.oberson.1?fref=ts","https:\/\/fr.linkedin.com\/in\/pascal-oberson-b17045113"],"url":"https:\/\/newsestlyonnais.fr\/site\/author\/nel\/"}]}},"_links":{"self":[{"href":"https:\/\/newsestlyonnais.fr\/site\/wp-json\/wp\/v2\/posts\/156912","targetHints":{"allow":["GET"]}}],"collection":[{"href":"https:\/\/newsestlyonnais.fr\/site\/wp-json\/wp\/v2\/posts"}],"about":[{"href":"https:\/\/newsestlyonnais.fr\/site\/wp-json\/wp\/v2\/types\/post"}],"author":[{"embeddable":true,"href":"https:\/\/newsestlyonnais.fr\/site\/wp-json\/wp\/v2\/users\/4"}],"replies":[{"embeddable":true,"href":"https:\/\/newsestlyonnais.fr\/site\/wp-json\/wp\/v2\/comments?post=156912"}],"version-history":[{"count":0,"href":"https:\/\/newsestlyonnais.fr\/site\/wp-json\/wp\/v2\/posts\/156912\/revisions"}],"wp:featuredmedia":[{"embeddable":true,"href":"https:\/\/newsestlyonnais.fr\/site\/wp-json\/wp\/v2\/media\/156914"}],"wp:attachment":[{"href":"https:\/\/newsestlyonnais.fr\/site\/wp-json\/wp\/v2\/media?parent=156912"}],"wp:term":[{"taxonomy":"category","embeddable":true,"href":"https:\/\/newsestlyonnais.fr\/site\/wp-json\/wp\/v2\/categories?post=156912"},{"taxonomy":"post_tag","embeddable":true,"href":"https:\/\/newsestlyonnais.fr\/site\/wp-json\/wp\/v2\/tags?post=156912"}],"curies":[{"name":"wp","href":"https:\/\/api.w.org\/{rel}","templated":true}]}}