{"id":15695,"date":"2016-11-12T15:41:41","date_gmt":"2016-11-12T14:41:41","guid":{"rendered":"http:\/\/newsestlyonnais.fr\/site\/?p=15695"},"modified":"2020-11-13T06:07:21","modified_gmt":"2020-11-13T05:07:21","slug":"lyon-8-handisport-lyonnais-cagnotte-lancee-pour-financer-lamenagement-dun-minibus","status":"publish","type":"post","link":"https:\/\/newsestlyonnais.fr\/site\/2016\/11\/12\/lyon-8-handisport-lyonnais-cagnotte-lancee-pour-financer-lamenagement-dun-minibus\/","title":{"rendered":"LYON 8 | Handisport Lyonnais > cagnotte lanc\u00e9e pour financer l&rsquo;am\u00e9nagement d&rsquo;un minibus"},"content":{"rendered":"<h4>Bas\u00e9 dans le 8\u00b0 arrondissement de Lyon, Handisport Lyonnais est le plus grand club Handisport de France par son nombre d\u2019adh\u00e9rents.<\/h4>\n<p class=\"ox-cd6ed82eb8-MsoListParagraph\">Les effectifs du club pr\u00e9sid\u00e9 par G\u00e9rard Roth, se montent en effet \u00e0 <span style=\"text-decoration: underline\">364 adh\u00e9rents<\/span> \u00e2g\u00e9s de 6 \u00e0 92 ans et r\u00e9partis ainsi : <span style=\"text-decoration: underline\">120 femmes<\/span> (dont 8 de &#8211; 18 ans) &amp; <span style=\"text-decoration: underline\">244 hommes<\/span> (dont 31 de -18 ans).<\/p>\n<p>De nombreux d\u00e9placements (environ une soixantaine par an) sont organis\u00e9s dans toute la France pour participer aux diff\u00e9rentes comp\u00e9titions et entrainements et \u00e0 cet effet le club a <span style=\"text-decoration: underline\">besoin d\u2019un nouveau minibus<\/span>.<\/p>\n<ul>\n<li><strong>Dans ce cadre, a \u00e9t\u00e9 lanc\u00e9e une cagnotte pour son am\u00e9nagement. A ce jour 1650 \u20ac ont d\u00e9j\u00e0 \u00e9t\u00e9 collect\u00e9s (soit 41 %), sur un objectif de <b>4\u00a0000 \u20ac.<\/b><br \/>\n<\/strong><\/li>\n<\/ul>\n<p>N&rsquo;h\u00e9sitez pas, il reste encore 26 jours pour contribuer \u00e0 la concr\u00e9tisation de ce projet solidaire !<\/p>\n<p>Pour participer, on peut se connecter sur :<\/p>\n<ul>\n<li>le site internet du club: <a href=\"http:\/\/www.handisportlyonnais.com\/\" target=\"_blank\" rel=\"noopener noreferrer\">http:\/\/www.handisportlyonnais.com<\/a><\/li>\n<li>le suivant : <a href=\"https:\/\/fr.ulule.com\/minibus-pour-nos-sportifs\" target=\"_blank\" rel=\"noopener noreferrer\">https:\/\/fr.ulule.com\/minibus-pour-nos-sportifs<\/a><\/li>\n<li>sur sa page Facebook : Handisport Lyonnais<\/li>\n<li>partage possible sur la page : <a href=\"https:\/\/www.facebook.com\/Handisport-Lyonnais-116268118384637\/\" target=\"_blank\" rel=\"noopener noreferrer\">https:\/\/www.facebook.com\/Handisport-Lyonnais-116268118384637\/<\/a><\/li>\n<\/ul>\n<p><a href=\"http:\/\/www.handisportlyonnais.com\/\" target=\"_blank\" rel=\"noopener noreferrer\"><img loading=\"lazy\" decoding=\"async\" class=\"alignleft size-full wp-image-15699\" src=\"https:\/\/newsestlyonnais.fr\/site\/medias\/2016\/11\/NEWSESTLYONNAIS-affiche-cagnotte-minibus-page-001.jpg\" alt=\"newsestlyonnais-affiche-cagnotte-minibus-page-001\" width=\"1000\" height=\"750\" srcset=\"https:\/\/newsestlyonnais.fr\/site\/wp-content\/uploads\/2016\/11\/NEWSESTLYONNAIS-affiche-cagnotte-minibus-page-001.jpg 1000w, https:\/\/newsestlyonnais.fr\/site\/wp-content\/uploads\/2016\/11\/NEWSESTLYONNAIS-affiche-cagnotte-minibus-page-001-400x300.jpg 400w, https:\/\/newsestlyonnais.fr\/site\/wp-content\/uploads\/2016\/11\/NEWSESTLYONNAIS-affiche-cagnotte-minibus-page-001-768x576.jpg 768w, https:\/\/newsestlyonnais.fr\/site\/wp-content\/uploads\/2016\/11\/NEWSESTLYONNAIS-affiche-cagnotte-minibus-page-001-600x450.jpg 600w, https:\/\/newsestlyonnais.fr\/site\/wp-content\/uploads\/2016\/11\/NEWSESTLYONNAIS-affiche-cagnotte-minibus-page-001-100x75.jpg 100w\" sizes=\"auto, (max-width: 1000px) 100vw, 1000px\" \/><\/a><\/p>\n","protected":false},"excerpt":{"rendered":"<p>Bas\u00e9 dans le 8\u00b0 arrondissement de Lyon, Handisport Lyonnais est le plus grand club Handisport de France par son nombre d\u2019adh\u00e9rents. Les effectifs du club pr\u00e9sid\u00e9 par G\u00e9rard Roth, se montent en effet \u00e0 364 adh\u00e9rents \u00e2g\u00e9s de 6 \u00e0 92 ans et r\u00e9partis ainsi : 120 femmes (dont 8 de &#8211; 18 ans) &amp; [&hellip;]<\/p>\n","protected":false},"author":4,"featured_media":15700,"comment_status":"open","ping_status":"open","sticky":false,"template":"","format":"standard","meta":{"footnotes":""},"categories":[574,166,3015,1625,18],"tags":[],"class_list":["post-15695","post","type-post","status-publish","format-standard","has-post-thumbnail","hentry","category-autres-sports","category-divers-sports","category-handi-adapte","category-lyon","category-sante-bien-etre-solidarite"],"yoast_head":"<!-- This site is optimized with the Yoast SEO plugin v27.2 - https:\/\/yoast.com\/product\/yoast-seo-wordpress\/ -->\n<title>LYON 8 | Handisport Lyonnais &gt; cagnotte lanc\u00e9e pour financer l&#039;am\u00e9nagement d&#039;un minibus - News Est Lyonnais<\/title>\n<meta name=\"description\" content=\"HANDISPORT LYONNAIS LANCEMENT DE CAGNOTTE POUR LE FINANCEMENT D&#039;UN MINIBUS\" \/>\n<meta name=\"robots\" content=\"index, follow, max-snippet:-1, max-image-preview:large, max-video-preview:-1\" \/>\n<link rel=\"canonical\" href=\"https:\/\/newsestlyonnais.fr\/site\/2016\/11\/12\/lyon-8-handisport-lyonnais-cagnotte-lancee-pour-financer-lamenagement-dun-minibus\/\" \/>\n<meta property=\"og:locale\" content=\"fr_FR\" \/>\n<meta property=\"og:type\" content=\"article\" \/>\n<meta property=\"og:title\" content=\"LYON 8 | Handisport Lyonnais &gt; cagnotte lanc\u00e9e pour financer l&#039;am\u00e9nagement d&#039;un minibus - News Est Lyonnais\" \/>\n<meta property=\"og:description\" content=\"HANDISPORT LYONNAIS LANCEMENT DE CAGNOTTE POUR LE FINANCEMENT D&#039;UN MINIBUS\" \/>\n<meta property=\"og:url\" content=\"https:\/\/newsestlyonnais.fr\/site\/2016\/11\/12\/lyon-8-handisport-lyonnais-cagnotte-lancee-pour-financer-lamenagement-dun-minibus\/\" \/>\n<meta property=\"og:site_name\" content=\"News Est Lyonnais\" \/>\n<meta property=\"article:author\" content=\"https:\/\/www.facebook.com\/pascal.oberson.1?fref=ts\" \/>\n<meta property=\"article:published_time\" content=\"2016-11-12T14:41:41+00:00\" \/>\n<meta property=\"article:modified_time\" content=\"2020-11-13T05:07:21+00:00\" \/>\n<meta property=\"og:image\" content=\"https:\/\/i2.wp.com\/newsestlyonnais.fr\/site\/wp-content\/uploads\/2016\/11\/NEWSESTLYONNAIS-Logo_Handisport_Lyonnais_203x150.jpg?fit=1000%2C750&ssl=1\" \/>\n\t<meta property=\"og:image:width\" content=\"1000\" \/>\n\t<meta property=\"og:image:height\" content=\"750\" \/>\n\t<meta property=\"og:image:type\" content=\"image\/jpeg\" \/>\n<meta name=\"author\" content=\"R\u00e9dac. NEWS\" \/>\n<meta name=\"twitter:card\" content=\"summary_large_image\" \/>\n<meta name=\"twitter:label1\" content=\"\u00c9crit par\" \/>\n\t<meta name=\"twitter:data1\" content=\"R\u00e9dac. NEWS\" \/>\n\t<meta name=\"twitter:label2\" content=\"Dur\u00e9e de lecture estim\u00e9e\" \/>\n\t<meta name=\"twitter:data2\" content=\"1 minute\" \/>\n<script type=\"application\/ld+json\" class=\"yoast-schema-graph\">{\"@context\":\"https:\/\/schema.org\",\"@graph\":[{\"@type\":\"Article\",\"@id\":\"https:\/\/newsestlyonnais.fr\/site\/2016\/11\/12\/lyon-8-handisport-lyonnais-cagnotte-lancee-pour-financer-lamenagement-dun-minibus\/#article\",\"isPartOf\":{\"@id\":\"https:\/\/newsestlyonnais.fr\/site\/2016\/11\/12\/lyon-8-handisport-lyonnais-cagnotte-lancee-pour-financer-lamenagement-dun-minibus\/\"},\"author\":{\"name\":\"R\u00e9dac. NEWS\",\"@id\":\"https:\/\/newsestlyonnais.fr\/site\/#\/schema\/person\/3230d5615f390bb808365d673001e887\"},\"headline\":\"LYON 8 | Handisport Lyonnais > cagnotte lanc\u00e9e pour financer l&rsquo;am\u00e9nagement d&rsquo;un minibus\",\"datePublished\":\"2016-11-12T14:41:41+00:00\",\"dateModified\":\"2020-11-13T05:07:21+00:00\",\"mainEntityOfPage\":{\"@id\":\"https:\/\/newsestlyonnais.fr\/site\/2016\/11\/12\/lyon-8-handisport-lyonnais-cagnotte-lancee-pour-financer-lamenagement-dun-minibus\/\"},\"wordCount\":190,\"commentCount\":0,\"publisher\":{\"@id\":\"https:\/\/newsestlyonnais.fr\/site\/#organization\"},\"image\":{\"@id\":\"https:\/\/newsestlyonnais.fr\/site\/2016\/11\/12\/lyon-8-handisport-lyonnais-cagnotte-lancee-pour-financer-lamenagement-dun-minibus\/#primaryimage\"},\"thumbnailUrl\":\"https:\/\/newsestlyonnais.fr\/site\/wp-content\/uploads\/2016\/11\/NEWSESTLYONNAIS-Logo_Handisport_Lyonnais_203x150.jpg\",\"articleSection\":[\"Autres sports\",\"Divers Sports\",\"Handi &amp; adapt\u00e9\",\"Lyon\",\"Sant\u00e9 | Bien Etre | Solidarit\u00e9\"],\"inLanguage\":\"fr-FR\",\"potentialAction\":[{\"@type\":\"CommentAction\",\"name\":\"Comment\",\"target\":[\"https:\/\/newsestlyonnais.fr\/site\/2016\/11\/12\/lyon-8-handisport-lyonnais-cagnotte-lancee-pour-financer-lamenagement-dun-minibus\/#respond\"]}]},{\"@type\":\"WebPage\",\"@id\":\"https:\/\/newsestlyonnais.fr\/site\/2016\/11\/12\/lyon-8-handisport-lyonnais-cagnotte-lancee-pour-financer-lamenagement-dun-minibus\/\",\"url\":\"https:\/\/newsestlyonnais.fr\/site\/2016\/11\/12\/lyon-8-handisport-lyonnais-cagnotte-lancee-pour-financer-lamenagement-dun-minibus\/\",\"name\":\"LYON 8 | Handisport Lyonnais > cagnotte lanc\u00e9e pour financer l'am\u00e9nagement d'un minibus - News Est Lyonnais\",\"isPartOf\":{\"@id\":\"https:\/\/newsestlyonnais.fr\/site\/#website\"},\"primaryImageOfPage\":{\"@id\":\"https:\/\/newsestlyonnais.fr\/site\/2016\/11\/12\/lyon-8-handisport-lyonnais-cagnotte-lancee-pour-financer-lamenagement-dun-minibus\/#primaryimage\"},\"image\":{\"@id\":\"https:\/\/newsestlyonnais.fr\/site\/2016\/11\/12\/lyon-8-handisport-lyonnais-cagnotte-lancee-pour-financer-lamenagement-dun-minibus\/#primaryimage\"},\"thumbnailUrl\":\"https:\/\/newsestlyonnais.fr\/site\/wp-content\/uploads\/2016\/11\/NEWSESTLYONNAIS-Logo_Handisport_Lyonnais_203x150.jpg\",\"datePublished\":\"2016-11-12T14:41:41+00:00\",\"dateModified\":\"2020-11-13T05:07:21+00:00\",\"description\":\"HANDISPORT LYONNAIS LANCEMENT DE CAGNOTTE POUR LE FINANCEMENT D'UN MINIBUS\",\"breadcrumb\":{\"@id\":\"https:\/\/newsestlyonnais.fr\/site\/2016\/11\/12\/lyon-8-handisport-lyonnais-cagnotte-lancee-pour-financer-lamenagement-dun-minibus\/#breadcrumb\"},\"inLanguage\":\"fr-FR\",\"potentialAction\":[{\"@type\":\"ReadAction\",\"target\":[\"https:\/\/newsestlyonnais.fr\/site\/2016\/11\/12\/lyon-8-handisport-lyonnais-cagnotte-lancee-pour-financer-lamenagement-dun-minibus\/\"]}]},{\"@type\":\"ImageObject\",\"inLanguage\":\"fr-FR\",\"@id\":\"https:\/\/newsestlyonnais.fr\/site\/2016\/11\/12\/lyon-8-handisport-lyonnais-cagnotte-lancee-pour-financer-lamenagement-dun-minibus\/#primaryimage\",\"url\":\"https:\/\/newsestlyonnais.fr\/site\/wp-content\/uploads\/2016\/11\/NEWSESTLYONNAIS-Logo_Handisport_Lyonnais_203x150.jpg\",\"contentUrl\":\"https:\/\/newsestlyonnais.fr\/site\/wp-content\/uploads\/2016\/11\/NEWSESTLYONNAIS-Logo_Handisport_Lyonnais_203x150.jpg\",\"width\":1000,\"height\":750,\"caption\":\"newsestlyonnais-logo_handisport_lyonnais_203x150\"},{\"@type\":\"BreadcrumbList\",\"@id\":\"https:\/\/newsestlyonnais.fr\/site\/2016\/11\/12\/lyon-8-handisport-lyonnais-cagnotte-lancee-pour-financer-lamenagement-dun-minibus\/#breadcrumb\",\"itemListElement\":[{\"@type\":\"ListItem\",\"position\":1,\"name\":\"Accueil\",\"item\":\"https:\/\/newsestlyonnais.fr\/site\/\"},{\"@type\":\"ListItem\",\"position\":2,\"name\":\"LYON 8 | Handisport Lyonnais > cagnotte lanc\u00e9e pour financer l&rsquo;am\u00e9nagement d&rsquo;un minibus\"}]},{\"@type\":\"WebSite\",\"@id\":\"https:\/\/newsestlyonnais.fr\/site\/#website\",\"url\":\"https:\/\/newsestlyonnais.fr\/site\/\",\"name\":\"News Est Lyonnais\",\"description\":\"L&#039;actualit\u00e9 au plus pr\u00e8s\",\"publisher\":{\"@id\":\"https:\/\/newsestlyonnais.fr\/site\/#organization\"},\"potentialAction\":[{\"@type\":\"SearchAction\",\"target\":{\"@type\":\"EntryPoint\",\"urlTemplate\":\"https:\/\/newsestlyonnais.fr\/site\/?s={search_term_string}\"},\"query-input\":{\"@type\":\"PropertyValueSpecification\",\"valueRequired\":true,\"valueName\":\"search_term_string\"}}],\"inLanguage\":\"fr-FR\"},{\"@type\":\"Organization\",\"@id\":\"https:\/\/newsestlyonnais.fr\/site\/#organization\",\"name\":\"News EST LYONNAIS\",\"url\":\"https:\/\/newsestlyonnais.fr\/site\/\",\"logo\":{\"@type\":\"ImageObject\",\"inLanguage\":\"fr-FR\",\"@id\":\"https:\/\/newsestlyonnais.fr\/site\/#\/schema\/logo\/image\/\",\"url\":\"\",\"contentUrl\":\"\",\"caption\":\"News EST LYONNAIS\"},\"image\":{\"@id\":\"https:\/\/newsestlyonnais.fr\/site\/#\/schema\/logo\/image\/\"}},{\"@type\":\"Person\",\"@id\":\"https:\/\/newsestlyonnais.fr\/site\/#\/schema\/person\/3230d5615f390bb808365d673001e887\",\"name\":\"R\u00e9dac. NEWS\",\"sameAs\":[\"http:\/\/www.newsestlyonnais.fr\",\"https:\/\/www.facebook.com\/pascal.oberson.1?fref=ts\",\"https:\/\/fr.linkedin.com\/in\/pascal-oberson-b17045113\"],\"url\":\"https:\/\/newsestlyonnais.fr\/site\/author\/nel\/\"}]}<\/script>\n<!-- \/ Yoast SEO plugin. -->","yoast_head_json":{"title":"LYON 8 | Handisport Lyonnais > cagnotte lanc\u00e9e pour financer l'am\u00e9nagement d'un minibus - News Est Lyonnais","description":"HANDISPORT LYONNAIS LANCEMENT DE CAGNOTTE POUR LE FINANCEMENT D'UN MINIBUS","robots":{"index":"index","follow":"follow","max-snippet":"max-snippet:-1","max-image-preview":"max-image-preview:large","max-video-preview":"max-video-preview:-1"},"canonical":"https:\/\/newsestlyonnais.fr\/site\/2016\/11\/12\/lyon-8-handisport-lyonnais-cagnotte-lancee-pour-financer-lamenagement-dun-minibus\/","og_locale":"fr_FR","og_type":"article","og_title":"LYON 8 | Handisport Lyonnais > cagnotte lanc\u00e9e pour financer l'am\u00e9nagement d'un minibus - News Est Lyonnais","og_description":"HANDISPORT LYONNAIS LANCEMENT DE CAGNOTTE POUR LE FINANCEMENT D'UN MINIBUS","og_url":"https:\/\/newsestlyonnais.fr\/site\/2016\/11\/12\/lyon-8-handisport-lyonnais-cagnotte-lancee-pour-financer-lamenagement-dun-minibus\/","og_site_name":"News Est Lyonnais","article_author":"https:\/\/www.facebook.com\/pascal.oberson.1?fref=ts","article_published_time":"2016-11-12T14:41:41+00:00","article_modified_time":"2020-11-13T05:07:21+00:00","og_image":[{"width":1000,"height":750,"url":"https:\/\/i2.wp.com\/newsestlyonnais.fr\/site\/wp-content\/uploads\/2016\/11\/NEWSESTLYONNAIS-Logo_Handisport_Lyonnais_203x150.jpg?fit=1000%2C750&ssl=1","type":"image\/jpeg"}],"author":"R\u00e9dac. NEWS","twitter_card":"summary_large_image","twitter_misc":{"\u00c9crit par":"R\u00e9dac. NEWS","Dur\u00e9e de lecture estim\u00e9e":"1 minute"},"schema":{"@context":"https:\/\/schema.org","@graph":[{"@type":"Article","@id":"https:\/\/newsestlyonnais.fr\/site\/2016\/11\/12\/lyon-8-handisport-lyonnais-cagnotte-lancee-pour-financer-lamenagement-dun-minibus\/#article","isPartOf":{"@id":"https:\/\/newsestlyonnais.fr\/site\/2016\/11\/12\/lyon-8-handisport-lyonnais-cagnotte-lancee-pour-financer-lamenagement-dun-minibus\/"},"author":{"name":"R\u00e9dac. NEWS","@id":"https:\/\/newsestlyonnais.fr\/site\/#\/schema\/person\/3230d5615f390bb808365d673001e887"},"headline":"LYON 8 | Handisport Lyonnais > cagnotte lanc\u00e9e pour financer l&rsquo;am\u00e9nagement d&rsquo;un minibus","datePublished":"2016-11-12T14:41:41+00:00","dateModified":"2020-11-13T05:07:21+00:00","mainEntityOfPage":{"@id":"https:\/\/newsestlyonnais.fr\/site\/2016\/11\/12\/lyon-8-handisport-lyonnais-cagnotte-lancee-pour-financer-lamenagement-dun-minibus\/"},"wordCount":190,"commentCount":0,"publisher":{"@id":"https:\/\/newsestlyonnais.fr\/site\/#organization"},"image":{"@id":"https:\/\/newsestlyonnais.fr\/site\/2016\/11\/12\/lyon-8-handisport-lyonnais-cagnotte-lancee-pour-financer-lamenagement-dun-minibus\/#primaryimage"},"thumbnailUrl":"https:\/\/newsestlyonnais.fr\/site\/wp-content\/uploads\/2016\/11\/NEWSESTLYONNAIS-Logo_Handisport_Lyonnais_203x150.jpg","articleSection":["Autres sports","Divers Sports","Handi &amp; adapt\u00e9","Lyon","Sant\u00e9 | Bien Etre | Solidarit\u00e9"],"inLanguage":"fr-FR","potentialAction":[{"@type":"CommentAction","name":"Comment","target":["https:\/\/newsestlyonnais.fr\/site\/2016\/11\/12\/lyon-8-handisport-lyonnais-cagnotte-lancee-pour-financer-lamenagement-dun-minibus\/#respond"]}]},{"@type":"WebPage","@id":"https:\/\/newsestlyonnais.fr\/site\/2016\/11\/12\/lyon-8-handisport-lyonnais-cagnotte-lancee-pour-financer-lamenagement-dun-minibus\/","url":"https:\/\/newsestlyonnais.fr\/site\/2016\/11\/12\/lyon-8-handisport-lyonnais-cagnotte-lancee-pour-financer-lamenagement-dun-minibus\/","name":"LYON 8 | Handisport Lyonnais > cagnotte lanc\u00e9e pour financer l'am\u00e9nagement d'un minibus - News Est Lyonnais","isPartOf":{"@id":"https:\/\/newsestlyonnais.fr\/site\/#website"},"primaryImageOfPage":{"@id":"https:\/\/newsestlyonnais.fr\/site\/2016\/11\/12\/lyon-8-handisport-lyonnais-cagnotte-lancee-pour-financer-lamenagement-dun-minibus\/#primaryimage"},"image":{"@id":"https:\/\/newsestlyonnais.fr\/site\/2016\/11\/12\/lyon-8-handisport-lyonnais-cagnotte-lancee-pour-financer-lamenagement-dun-minibus\/#primaryimage"},"thumbnailUrl":"https:\/\/newsestlyonnais.fr\/site\/wp-content\/uploads\/2016\/11\/NEWSESTLYONNAIS-Logo_Handisport_Lyonnais_203x150.jpg","datePublished":"2016-11-12T14:41:41+00:00","dateModified":"2020-11-13T05:07:21+00:00","description":"HANDISPORT LYONNAIS LANCEMENT DE CAGNOTTE POUR LE FINANCEMENT D'UN MINIBUS","breadcrumb":{"@id":"https:\/\/newsestlyonnais.fr\/site\/2016\/11\/12\/lyon-8-handisport-lyonnais-cagnotte-lancee-pour-financer-lamenagement-dun-minibus\/#breadcrumb"},"inLanguage":"fr-FR","potentialAction":[{"@type":"ReadAction","target":["https:\/\/newsestlyonnais.fr\/site\/2016\/11\/12\/lyon-8-handisport-lyonnais-cagnotte-lancee-pour-financer-lamenagement-dun-minibus\/"]}]},{"@type":"ImageObject","inLanguage":"fr-FR","@id":"https:\/\/newsestlyonnais.fr\/site\/2016\/11\/12\/lyon-8-handisport-lyonnais-cagnotte-lancee-pour-financer-lamenagement-dun-minibus\/#primaryimage","url":"https:\/\/newsestlyonnais.fr\/site\/wp-content\/uploads\/2016\/11\/NEWSESTLYONNAIS-Logo_Handisport_Lyonnais_203x150.jpg","contentUrl":"https:\/\/newsestlyonnais.fr\/site\/wp-content\/uploads\/2016\/11\/NEWSESTLYONNAIS-Logo_Handisport_Lyonnais_203x150.jpg","width":1000,"height":750,"caption":"newsestlyonnais-logo_handisport_lyonnais_203x150"},{"@type":"BreadcrumbList","@id":"https:\/\/newsestlyonnais.fr\/site\/2016\/11\/12\/lyon-8-handisport-lyonnais-cagnotte-lancee-pour-financer-lamenagement-dun-minibus\/#breadcrumb","itemListElement":[{"@type":"ListItem","position":1,"name":"Accueil","item":"https:\/\/newsestlyonnais.fr\/site\/"},{"@type":"ListItem","position":2,"name":"LYON 8 | Handisport Lyonnais > cagnotte lanc\u00e9e pour financer l&rsquo;am\u00e9nagement d&rsquo;un minibus"}]},{"@type":"WebSite","@id":"https:\/\/newsestlyonnais.fr\/site\/#website","url":"https:\/\/newsestlyonnais.fr\/site\/","name":"News Est Lyonnais","description":"L&#039;actualit\u00e9 au plus pr\u00e8s","publisher":{"@id":"https:\/\/newsestlyonnais.fr\/site\/#organization"},"potentialAction":[{"@type":"SearchAction","target":{"@type":"EntryPoint","urlTemplate":"https:\/\/newsestlyonnais.fr\/site\/?s={search_term_string}"},"query-input":{"@type":"PropertyValueSpecification","valueRequired":true,"valueName":"search_term_string"}}],"inLanguage":"fr-FR"},{"@type":"Organization","@id":"https:\/\/newsestlyonnais.fr\/site\/#organization","name":"News EST LYONNAIS","url":"https:\/\/newsestlyonnais.fr\/site\/","logo":{"@type":"ImageObject","inLanguage":"fr-FR","@id":"https:\/\/newsestlyonnais.fr\/site\/#\/schema\/logo\/image\/","url":"","contentUrl":"","caption":"News EST LYONNAIS"},"image":{"@id":"https:\/\/newsestlyonnais.fr\/site\/#\/schema\/logo\/image\/"}},{"@type":"Person","@id":"https:\/\/newsestlyonnais.fr\/site\/#\/schema\/person\/3230d5615f390bb808365d673001e887","name":"R\u00e9dac. NEWS","sameAs":["http:\/\/www.newsestlyonnais.fr","https:\/\/www.facebook.com\/pascal.oberson.1?fref=ts","https:\/\/fr.linkedin.com\/in\/pascal-oberson-b17045113"],"url":"https:\/\/newsestlyonnais.fr\/site\/author\/nel\/"}]}},"_links":{"self":[{"href":"https:\/\/newsestlyonnais.fr\/site\/wp-json\/wp\/v2\/posts\/15695","targetHints":{"allow":["GET"]}}],"collection":[{"href":"https:\/\/newsestlyonnais.fr\/site\/wp-json\/wp\/v2\/posts"}],"about":[{"href":"https:\/\/newsestlyonnais.fr\/site\/wp-json\/wp\/v2\/types\/post"}],"author":[{"embeddable":true,"href":"https:\/\/newsestlyonnais.fr\/site\/wp-json\/wp\/v2\/users\/4"}],"replies":[{"embeddable":true,"href":"https:\/\/newsestlyonnais.fr\/site\/wp-json\/wp\/v2\/comments?post=15695"}],"version-history":[{"count":0,"href":"https:\/\/newsestlyonnais.fr\/site\/wp-json\/wp\/v2\/posts\/15695\/revisions"}],"wp:featuredmedia":[{"embeddable":true,"href":"https:\/\/newsestlyonnais.fr\/site\/wp-json\/wp\/v2\/media\/15700"}],"wp:attachment":[{"href":"https:\/\/newsestlyonnais.fr\/site\/wp-json\/wp\/v2\/media?parent=15695"}],"wp:term":[{"taxonomy":"category","embeddable":true,"href":"https:\/\/newsestlyonnais.fr\/site\/wp-json\/wp\/v2\/categories?post=15695"},{"taxonomy":"post_tag","embeddable":true,"href":"https:\/\/newsestlyonnais.fr\/site\/wp-json\/wp\/v2\/tags?post=15695"}],"curies":[{"name":"wp","href":"https:\/\/api.w.org\/{rel}","templated":true}]}}