{"id":157046,"date":"2022-06-09T17:26:50","date_gmt":"2022-06-09T16:26:50","guid":{"rendered":"https:\/\/newsestlyonnais.fr\/site\/?p=157046"},"modified":"2022-06-09T17:26:50","modified_gmt":"2022-06-09T16:26:50","slug":"vincent-calleau-la-saison-a-vraiment-ete-reussie-et-parfaite-notre-niveau-sportif-remonte","status":"publish","type":"post","link":"https:\/\/newsestlyonnais.fr\/site\/2022\/06\/09\/vincent-calleau-la-saison-a-vraiment-ete-reussie-et-parfaite-notre-niveau-sportif-remonte\/","title":{"rendered":"Vincent Calleau \u00a0\u00bb la saison a vraiment \u00e9t\u00e9 r\u00e9ussie et parfaite, notre niveau sportif remonte \u00ab\u00a0"},"content":{"rendered":"<p><span style=\"background-color: #000000; color: #ffffff; font-size: 14pt;\"><strong>Depuis quand \u00eates-vous au bureau et \u00e0 la pr\u00e9sidence ?<\/strong><\/span><\/p>\n<p>\u00bb Je suis <strong>arriv\u00e9 au club en 2013<\/strong>, en tant qu&rsquo;entraineur des seniors (gar\u00e7ons) puis des U15 (filles).<\/p>\n<p>Puis on m&rsquo;a sollicit\u00e9 <strong>en juin 2017, pour succ\u00e9der \u00e0 la pr\u00e9sidence \u00e0 Fran\u00e7ois Behague<\/strong>, comme j&rsquo;avais d\u00e9j\u00e0 une exp\u00e9rience \u00e0 ce poste. J&rsquo;avais en effet dirig\u00e9 l&rsquo;ASUL Basket de 2011 \u00e0 2013.<\/p>\n<p>Je suis d&rsquo;autre part <strong>depuis 2016, entraineur adjoint de l&rsquo;\u00e9quipe de France de la police de basket (gar\u00e7ons et filles). <\/strong>2 joueurs du club (Bastien et Mickael) font d&rsquo;ailleurs partie de l&rsquo;\u00e9quipe qui s&rsquo;\u00e9tait entrain\u00e9e \u00e0 Genas en mars dernier et qui va disputer du 20 au 27 juin, le championnat d&rsquo;Europe \u00e0 Limoges \u00bb.<\/p>\n<p><span style=\"background-color: #000000; color: #ffffff; font-size: 14pt;\"><strong>Comment est compos\u00e9 votre bureau ?<\/strong><\/span><\/p>\n<p>\u00bb <strong>Les t\u00e2ches sont bien r\u00e9parties, avec 6 membres<\/strong> : Jean-Paul (vice-pr\u00e9sident), M\u00e9lanie (tr\u00e9sori\u00e8re), Isabelle (secr\u00e9taire), Katleen et Aur\u00e9lie (membres) et le pr\u00e9sident. Des commissions sont pr\u00e9vues la saison prochaine notamment une pour palier au manque de b\u00e9n\u00e9voles et \u00e0 ce titre on peut remercier Daniel Rigal, qui joue aussi en loisirs et pr\u00e9sent tous les week-ends pour la formation de tables de marques.<\/p>\n<p>Enfin, au niveau \u00e9quipement et suite \u00e0 la cr\u00e9ation de notre nouveau logo, on a chang\u00e9 tous nos maillots \u00bb.<\/p>\n<hr \/>\n<p><span style=\"background-color: #000000; color: #ffffff; font-size: 14pt;\"><strong>Vous \u00eates \u00e9galement pratiquant ? <\/strong><\/span><\/p>\n<p>\u00bb <strong>Oui j&rsquo;ai d\u00e9but\u00e9 le basket en Vend\u00e9e \u00e0 17 ans<\/strong> et \u00e9volu\u00e9 au niveau r\u00e9gional. J&rsquo;ai ensuite jou\u00e9, comme meneur, \u00e0 Artas (Is\u00e8re) puis \u00e0 l&rsquo;ASUL.<\/p>\n<p>J&rsquo;ai arr\u00eat\u00e9 la comp\u00e9tition il y a 10 ans et pratique encore en loisirs au sein du club \u00bb.<\/p>\n<hr \/>\n<p><span style=\"background-color: #000000; color: #ffffff; font-size: 14pt;\"><strong>Concernant le club, o\u00f9 en est son effectif ?<\/strong><\/span><\/p>\n<p>\u00bb On compte \u00e0 ce jour <strong>236 licenci\u00e9s<\/strong> (83 femmes et 153 hommes) dont 157 jeunes (98 gar\u00e7ons et 59 filles). Depuis la pand\u00e9mie de Covid on a connu une \u00e9volution positive avec une <strong>augmentation de 50 % dans toutes les cat\u00e9gories.<\/strong><\/p>\n<p>On a fait des gestes commerciaux aupr\u00e8s de nos licenci\u00e9s, notamment une gratuit\u00e9 pour les \u00e9quipes qui n&rsquo;avaient pas pu s&rsquo;entrainer l&rsquo;ann\u00e9e d&rsquo;avant. Du coup pratiquement tout le monde a resign\u00e9 et des nouveaux sont arriv\u00e9s.<\/p>\n<p><strong>15 \u00e9quipes \u00e9voluent en championnat (des U9 aux seniors)<\/strong> dont une en r\u00e9gion (les U20 gar\u00e7ons). On a aussi deux autres \u00e9quipes, une en baby (- 7 ans) et en loisirs (de 24 \u00e0 60 ans) \u00bb.<\/p>\n<hr \/>\n<p><span style=\"color: #ffffff; font-size: 14pt;\"><strong><span style=\"background-color: #000000;\">Un bilan sportif en cette fin de saison ?<\/span> <\/strong><\/span><\/p>\n<p>\u00bb <strong>Sportivement, c&rsquo;est la plus belle ann\u00e9e depuis mes 5 ans de mandat<\/strong>.<\/p>\n<p>La plus belle satisfaction \u00e9tant la <strong>mont\u00e9e en DM2 (le plus haut niveau d\u00e9partemental), des seniors masculins<\/strong> que je coache. L&rsquo;objectif a \u00e9t\u00e9 atteint pour cette formation compos\u00e9e de 15 joueurs dont la moiti\u00e9 a \u00e9t\u00e9 form\u00e9e au club.<\/p>\n<p><strong>Les seniors filles ont loup\u00e9 la mont\u00e9e en DF2<\/strong> sur le dernier match de la saison. On n&rsquo;avait plus d&rsquo;\u00e9quipe depuis 2 ans, elle est entrain\u00e9e par Aliz\u00e9e et a \u00e9t\u00e9 recr\u00e9\u00e9e cette saison.<\/p>\n<p>Chez les jeunes, les U13G ont rat\u00e9 l&rsquo;accession en r\u00e9gion lors de la 3\u00b0 phase finale et les U15F ont fait une belle saison.<\/p>\n<p>L&rsquo;ensemble du club a fait un <strong>beau parcours en coupe du Rh\u00f4ne<\/strong> puisque 4 \u00e9quipes ont atteint les 1\/2 finales et 3 la finale (U13 G1, U18 F et seniors gar\u00e7ons). En <strong>phase finale d\u00e9partementale<\/strong>, 7 \u00e9quipes \u00e9taient qualifi\u00e9es et 3 ont atteint la finale. <strong>L&rsquo;\u00e9quipe U15 F1, coach\u00e9e par Katleen Girard a d\u00e9croch\u00e9 le titre<\/strong>.<\/p>\n<p><strong>La saison a vraiment \u00e9t\u00e9 r\u00e9ussie et parfaite, notre niveau sportif remonte depuis l&rsquo;arriv\u00e9e d&rsquo;Aliz\u00e9e Boucheyrou, <\/strong>en 2019, notre salari\u00e9e \u00e0 plein temps et qui a en charge la formation des U9 aux U13.<\/p>\n<p><strong>On arrive \u00e0 structurer nos effectifs en gardant tous nos meilleurs joueurs<\/strong>. Avant ils partaient dans les clubs alentours et \u00e0 pr\u00e9sent on peut les associer \u00e0 des joueurs venant de l&rsquo;ext\u00e9rieur. On s&rsquo;est encadr\u00e9 d&rsquo;entraineurs qui se sont de suite adapt\u00e9 au club et qui font tout pour nos licenci\u00e9(e)s jouent \u00e0 leur meilleur niveau au sein du club \u00bb.<\/p>\n<hr \/>\n<p><span style=\"background-color: #000000; color: #ffffff; font-size: 14pt;\"><strong>Au niveau des projets ?<\/strong><\/span><\/p>\n<p>\u00bb Ils ne manquent pas et on va <strong>ouvrir \u00e0 la rentr\u00e9e un cr\u00e9neau (une heure 30 le mercredi), pour les jeunes de 13 \u00e0 17 ans<\/strong>. Il sera r\u00e9serv\u00e9 uniquement aux entrainements, il n&rsquo; y aura pas de comp\u00e9tition. Tous les ans on refusait une trentaine de personnes et cela permettra d&rsquo;accueillir des joueurs n&rsquo;ayant jamais pratiqu\u00e9 en club ou m\u00eame le basket.<\/p>\n<p>On va \u00e9galement cr\u00e9er d\u00e8s septembre, <strong>une boutique au sein du club avec 3 \u00e0 5 vid\u00e9os propos\u00e9es par trimestres<\/strong>. Elles seront comment\u00e9es par Aliz\u00e9e et seront con\u00e7ues sur divers th\u00e8mes (basket, travail physique, shoots, dribbles) en compl\u00e9ment des entrainements pour un travail \u00e0 distance \u00e0 la maison.<\/p>\n<p>On va chercher des partenaires pour mettre en place un projet sur une longue dur\u00e9e, d&rsquo;ici 3 ans et qui me tient \u00e0 coeur. Il s&rsquo;agira de <strong>travailler sur des vid\u00e9os<\/strong> qui puissent permettre aux entraineurs d&rsquo;analyser les s\u00e9ances et les matchs et aux enfants de voir leurs erreurs.<\/p>\n<p>On va enfin tenter d&rsquo;ouvrir \u00e0 nouveau, comme par le pass\u00e9, <strong>une classe basket pour gar\u00e7ons et filles \u00e0 la rentr\u00e9e 2023 au coll\u00e8ge Leprince-Ringuet<\/strong> \u00bb.<\/p>\n<hr \/>\n<p><span style=\"font-size: 14pt; background-color: #000000; color: #ffffff;\"><strong data-wp-editing=\"1\">Les prochaines organisations du club ?<\/strong><\/span><\/p>\n<p>\u00bb Ce prochain week-end des 11 et 12 juin, on organise un <strong>tournoi jeunes<\/strong> avec 30 \u00e9quipes pr\u00e9sentes. Le samedi sera consacr\u00e9 aux U9\/U11 et le dimanche aux U13\/U15.<\/p>\n<p>Le dimanche 25 juin, se tiendra notre <strong>journ\u00e9e club<\/strong> avec repas de midi et l&rsquo;apr\u00e8s-midi, divers jeux (p\u00e9tanque et basket) et <strong>l&rsquo;assembl\u00e9e g\u00e9n\u00e9rale<\/strong> le vendredi 1\u00b0 juillet \u00e0 19 h 30 au gymnase \u00ab .<\/p>\n<hr \/>\n<p><span style=\"background-color: #000000; color: #ffffff; font-size: 14pt;\"><strong>Et pour conclure ?<\/strong><\/span><\/p>\n<p>\u00bb Notre objectif est avant tout d&rsquo;avoir un club sain o\u00f9 les enfants et les adultes puissent se faire plaisir. Et qu&rsquo;ils se retrouvent pour nous encourager et nous supporter malgr\u00e9 les difficult\u00e9s rencontr\u00e9es. \u00ab.<\/p>\n<hr \/>\n<p><span style=\"font-size: 14pt; background-color: #000000;\"><strong><span style=\"color: #ffffff;\">&gt;&gt; L\u2019ACTU du club sur :<\/span> <span style=\"color: #ffcc00;\"><a style=\"background-color: #000000; color: #ffcc00;\" href=\"https:\/\/www.esga-basket.fr\">https:\/\/www.esga-basket.fr<\/a><\/span><\/strong><\/span><\/p>\n","protected":false},"excerpt":{"rendered":"<p>Elu 9\u00b0 pr\u00e9sident de l&rsquo;ES Genas-Azieu Basket en juin 2017, alors que le club c\u00e9l\u00e9brait ses 40 ans, il revient sur une saison qu&rsquo;il qualifie de plus belle sportivement depuis son arriv\u00e9e. <\/p>\n","protected":false},"author":4,"featured_media":157050,"comment_status":"open","ping_status":"open","sticky":false,"template":"","format":"standard","meta":{"footnotes":""},"categories":[1357,2975,270,1598,137],"tags":[2060,2546,2005,4316],"class_list":["post-157046","post","type-post","status-publish","format-standard","has-post-thumbnail","hentry","category-basket","category-basket-hand-volley-sports","category-cte-de-communes-c-c-e-l","category-genas","category-interviews","tag-basket","tag-esga-basket","tag-genas","tag-vincent-calleau"],"yoast_head":"<!-- This site is optimized with the Yoast SEO plugin v27.2 - https:\/\/yoast.com\/product\/yoast-seo-wordpress\/ -->\n<title>Vincent Calleau &quot; la saison a vraiment \u00e9t\u00e9 r\u00e9ussie et parfaite, notre niveau sportif remonte &quot; - News Est Lyonnais<\/title>\n<meta name=\"description\" content=\"Vincent Calleau &quot; la saison a vraiment \u00e9t\u00e9 r\u00e9ussie et parfaite, notre niveau sportif remonte &quot;\" \/>\n<meta name=\"robots\" content=\"index, follow, max-snippet:-1, max-image-preview:large, max-video-preview:-1\" \/>\n<link rel=\"canonical\" href=\"https:\/\/newsestlyonnais.fr\/site\/2022\/06\/09\/vincent-calleau-la-saison-a-vraiment-ete-reussie-et-parfaite-notre-niveau-sportif-remonte\/\" \/>\n<meta property=\"og:locale\" content=\"fr_FR\" \/>\n<meta property=\"og:type\" content=\"article\" \/>\n<meta property=\"og:title\" content=\"Vincent Calleau &quot; la saison a vraiment \u00e9t\u00e9 r\u00e9ussie et parfaite, notre niveau sportif remonte &quot; - News Est Lyonnais\" \/>\n<meta property=\"og:description\" content=\"Vincent Calleau &quot; la saison a vraiment \u00e9t\u00e9 r\u00e9ussie et parfaite, notre niveau sportif remonte &quot;\" \/>\n<meta property=\"og:url\" content=\"https:\/\/newsestlyonnais.fr\/site\/2022\/06\/09\/vincent-calleau-la-saison-a-vraiment-ete-reussie-et-parfaite-notre-niveau-sportif-remonte\/\" \/>\n<meta property=\"og:site_name\" content=\"News Est Lyonnais\" \/>\n<meta property=\"article:author\" content=\"https:\/\/www.facebook.com\/pascal.oberson.1?fref=ts\" \/>\n<meta property=\"article:published_time\" content=\"2022-06-09T16:26:50+00:00\" \/>\n<meta property=\"og:image\" content=\"https:\/\/newsestlyonnais.fr\/site\/wp-content\/uploads\/2022\/06\/P1470881.jpg\" \/>\n\t<meta property=\"og:image:width\" content=\"1200\" \/>\n\t<meta property=\"og:image:height\" content=\"900\" \/>\n\t<meta property=\"og:image:type\" content=\"image\/jpeg\" \/>\n<meta name=\"author\" content=\"R\u00e9dac. NEWS\" \/>\n<meta name=\"twitter:card\" content=\"summary_large_image\" \/>\n<meta name=\"twitter:label1\" content=\"\u00c9crit par\" \/>\n\t<meta name=\"twitter:data1\" content=\"R\u00e9dac. NEWS\" \/>\n\t<meta name=\"twitter:label2\" content=\"Dur\u00e9e de lecture estim\u00e9e\" \/>\n\t<meta name=\"twitter:data2\" content=\"5 minutes\" \/>\n<script type=\"application\/ld+json\" class=\"yoast-schema-graph\">{\"@context\":\"https:\/\/schema.org\",\"@graph\":[{\"@type\":\"Article\",\"@id\":\"https:\/\/newsestlyonnais.fr\/site\/2022\/06\/09\/vincent-calleau-la-saison-a-vraiment-ete-reussie-et-parfaite-notre-niveau-sportif-remonte\/#article\",\"isPartOf\":{\"@id\":\"https:\/\/newsestlyonnais.fr\/site\/2022\/06\/09\/vincent-calleau-la-saison-a-vraiment-ete-reussie-et-parfaite-notre-niveau-sportif-remonte\/\"},\"author\":{\"name\":\"R\u00e9dac. NEWS\",\"@id\":\"https:\/\/newsestlyonnais.fr\/site\/#\/schema\/person\/3230d5615f390bb808365d673001e887\"},\"headline\":\"Vincent Calleau \u00a0\u00bb la saison a vraiment \u00e9t\u00e9 r\u00e9ussie et parfaite, notre niveau sportif remonte \u00ab\u00a0\",\"datePublished\":\"2022-06-09T16:26:50+00:00\",\"mainEntityOfPage\":{\"@id\":\"https:\/\/newsestlyonnais.fr\/site\/2022\/06\/09\/vincent-calleau-la-saison-a-vraiment-ete-reussie-et-parfaite-notre-niveau-sportif-remonte\/\"},\"wordCount\":1014,\"commentCount\":0,\"publisher\":{\"@id\":\"https:\/\/newsestlyonnais.fr\/site\/#organization\"},\"image\":{\"@id\":\"https:\/\/newsestlyonnais.fr\/site\/2022\/06\/09\/vincent-calleau-la-saison-a-vraiment-ete-reussie-et-parfaite-notre-niveau-sportif-remonte\/#primaryimage\"},\"thumbnailUrl\":\"https:\/\/newsestlyonnais.fr\/site\/wp-content\/uploads\/2022\/06\/P1470881.jpg\",\"keywords\":[\"BASKET\",\"ESGA BASKET\",\"GENAS\",\"Vincent Calleau\"],\"articleSection\":[\"Basket\",\"Basket | Hand | Volley\",\"CCEL | Communes\",\"Genas\",\"Interviews\"],\"inLanguage\":\"fr-FR\",\"potentialAction\":[{\"@type\":\"CommentAction\",\"name\":\"Comment\",\"target\":[\"https:\/\/newsestlyonnais.fr\/site\/2022\/06\/09\/vincent-calleau-la-saison-a-vraiment-ete-reussie-et-parfaite-notre-niveau-sportif-remonte\/#respond\"]}]},{\"@type\":\"WebPage\",\"@id\":\"https:\/\/newsestlyonnais.fr\/site\/2022\/06\/09\/vincent-calleau-la-saison-a-vraiment-ete-reussie-et-parfaite-notre-niveau-sportif-remonte\/\",\"url\":\"https:\/\/newsestlyonnais.fr\/site\/2022\/06\/09\/vincent-calleau-la-saison-a-vraiment-ete-reussie-et-parfaite-notre-niveau-sportif-remonte\/\",\"name\":\"Vincent Calleau \\\" la saison a vraiment \u00e9t\u00e9 r\u00e9ussie et parfaite, notre niveau sportif remonte \\\" - News Est Lyonnais\",\"isPartOf\":{\"@id\":\"https:\/\/newsestlyonnais.fr\/site\/#website\"},\"primaryImageOfPage\":{\"@id\":\"https:\/\/newsestlyonnais.fr\/site\/2022\/06\/09\/vincent-calleau-la-saison-a-vraiment-ete-reussie-et-parfaite-notre-niveau-sportif-remonte\/#primaryimage\"},\"image\":{\"@id\":\"https:\/\/newsestlyonnais.fr\/site\/2022\/06\/09\/vincent-calleau-la-saison-a-vraiment-ete-reussie-et-parfaite-notre-niveau-sportif-remonte\/#primaryimage\"},\"thumbnailUrl\":\"https:\/\/newsestlyonnais.fr\/site\/wp-content\/uploads\/2022\/06\/P1470881.jpg\",\"datePublished\":\"2022-06-09T16:26:50+00:00\",\"description\":\"Vincent Calleau \\\" la saison a vraiment \u00e9t\u00e9 r\u00e9ussie et parfaite, notre niveau sportif remonte \\\"\",\"breadcrumb\":{\"@id\":\"https:\/\/newsestlyonnais.fr\/site\/2022\/06\/09\/vincent-calleau-la-saison-a-vraiment-ete-reussie-et-parfaite-notre-niveau-sportif-remonte\/#breadcrumb\"},\"inLanguage\":\"fr-FR\",\"potentialAction\":[{\"@type\":\"ReadAction\",\"target\":[\"https:\/\/newsestlyonnais.fr\/site\/2022\/06\/09\/vincent-calleau-la-saison-a-vraiment-ete-reussie-et-parfaite-notre-niveau-sportif-remonte\/\"]}]},{\"@type\":\"ImageObject\",\"inLanguage\":\"fr-FR\",\"@id\":\"https:\/\/newsestlyonnais.fr\/site\/2022\/06\/09\/vincent-calleau-la-saison-a-vraiment-ete-reussie-et-parfaite-notre-niveau-sportif-remonte\/#primaryimage\",\"url\":\"https:\/\/newsestlyonnais.fr\/site\/wp-content\/uploads\/2022\/06\/P1470881.jpg\",\"contentUrl\":\"https:\/\/newsestlyonnais.fr\/site\/wp-content\/uploads\/2022\/06\/P1470881.jpg\",\"width\":1200,\"height\":900},{\"@type\":\"BreadcrumbList\",\"@id\":\"https:\/\/newsestlyonnais.fr\/site\/2022\/06\/09\/vincent-calleau-la-saison-a-vraiment-ete-reussie-et-parfaite-notre-niveau-sportif-remonte\/#breadcrumb\",\"itemListElement\":[{\"@type\":\"ListItem\",\"position\":1,\"name\":\"Accueil\",\"item\":\"https:\/\/newsestlyonnais.fr\/site\/\"},{\"@type\":\"ListItem\",\"position\":2,\"name\":\"Vincent Calleau \u00a0\u00bb la saison a vraiment \u00e9t\u00e9 r\u00e9ussie et parfaite, notre niveau sportif remonte \u00ab\u00a0\"}]},{\"@type\":\"WebSite\",\"@id\":\"https:\/\/newsestlyonnais.fr\/site\/#website\",\"url\":\"https:\/\/newsestlyonnais.fr\/site\/\",\"name\":\"News Est Lyonnais\",\"description\":\"L&#039;actualit\u00e9 au plus pr\u00e8s\",\"publisher\":{\"@id\":\"https:\/\/newsestlyonnais.fr\/site\/#organization\"},\"potentialAction\":[{\"@type\":\"SearchAction\",\"target\":{\"@type\":\"EntryPoint\",\"urlTemplate\":\"https:\/\/newsestlyonnais.fr\/site\/?s={search_term_string}\"},\"query-input\":{\"@type\":\"PropertyValueSpecification\",\"valueRequired\":true,\"valueName\":\"search_term_string\"}}],\"inLanguage\":\"fr-FR\"},{\"@type\":\"Organization\",\"@id\":\"https:\/\/newsestlyonnais.fr\/site\/#organization\",\"name\":\"News EST LYONNAIS\",\"url\":\"https:\/\/newsestlyonnais.fr\/site\/\",\"logo\":{\"@type\":\"ImageObject\",\"inLanguage\":\"fr-FR\",\"@id\":\"https:\/\/newsestlyonnais.fr\/site\/#\/schema\/logo\/image\/\",\"url\":\"\",\"contentUrl\":\"\",\"caption\":\"News EST LYONNAIS\"},\"image\":{\"@id\":\"https:\/\/newsestlyonnais.fr\/site\/#\/schema\/logo\/image\/\"}},{\"@type\":\"Person\",\"@id\":\"https:\/\/newsestlyonnais.fr\/site\/#\/schema\/person\/3230d5615f390bb808365d673001e887\",\"name\":\"R\u00e9dac. NEWS\",\"sameAs\":[\"http:\/\/www.newsestlyonnais.fr\",\"https:\/\/www.facebook.com\/pascal.oberson.1?fref=ts\",\"https:\/\/fr.linkedin.com\/in\/pascal-oberson-b17045113\"],\"url\":\"https:\/\/newsestlyonnais.fr\/site\/author\/nel\/\"}]}<\/script>\n<!-- \/ Yoast SEO plugin. -->","yoast_head_json":{"title":"Vincent Calleau \" la saison a vraiment \u00e9t\u00e9 r\u00e9ussie et parfaite, notre niveau sportif remonte \" - News Est Lyonnais","description":"Vincent Calleau \" la saison a vraiment \u00e9t\u00e9 r\u00e9ussie et parfaite, notre niveau sportif remonte \"","robots":{"index":"index","follow":"follow","max-snippet":"max-snippet:-1","max-image-preview":"max-image-preview:large","max-video-preview":"max-video-preview:-1"},"canonical":"https:\/\/newsestlyonnais.fr\/site\/2022\/06\/09\/vincent-calleau-la-saison-a-vraiment-ete-reussie-et-parfaite-notre-niveau-sportif-remonte\/","og_locale":"fr_FR","og_type":"article","og_title":"Vincent Calleau \" la saison a vraiment \u00e9t\u00e9 r\u00e9ussie et parfaite, notre niveau sportif remonte \" - News Est Lyonnais","og_description":"Vincent Calleau \" la saison a vraiment \u00e9t\u00e9 r\u00e9ussie et parfaite, notre niveau sportif remonte \"","og_url":"https:\/\/newsestlyonnais.fr\/site\/2022\/06\/09\/vincent-calleau-la-saison-a-vraiment-ete-reussie-et-parfaite-notre-niveau-sportif-remonte\/","og_site_name":"News Est Lyonnais","article_author":"https:\/\/www.facebook.com\/pascal.oberson.1?fref=ts","article_published_time":"2022-06-09T16:26:50+00:00","og_image":[{"width":1200,"height":900,"url":"https:\/\/newsestlyonnais.fr\/site\/wp-content\/uploads\/2022\/06\/P1470881.jpg","type":"image\/jpeg"}],"author":"R\u00e9dac. NEWS","twitter_card":"summary_large_image","twitter_misc":{"\u00c9crit par":"R\u00e9dac. NEWS","Dur\u00e9e de lecture estim\u00e9e":"5 minutes"},"schema":{"@context":"https:\/\/schema.org","@graph":[{"@type":"Article","@id":"https:\/\/newsestlyonnais.fr\/site\/2022\/06\/09\/vincent-calleau-la-saison-a-vraiment-ete-reussie-et-parfaite-notre-niveau-sportif-remonte\/#article","isPartOf":{"@id":"https:\/\/newsestlyonnais.fr\/site\/2022\/06\/09\/vincent-calleau-la-saison-a-vraiment-ete-reussie-et-parfaite-notre-niveau-sportif-remonte\/"},"author":{"name":"R\u00e9dac. NEWS","@id":"https:\/\/newsestlyonnais.fr\/site\/#\/schema\/person\/3230d5615f390bb808365d673001e887"},"headline":"Vincent Calleau \u00a0\u00bb la saison a vraiment \u00e9t\u00e9 r\u00e9ussie et parfaite, notre niveau sportif remonte \u00ab\u00a0","datePublished":"2022-06-09T16:26:50+00:00","mainEntityOfPage":{"@id":"https:\/\/newsestlyonnais.fr\/site\/2022\/06\/09\/vincent-calleau-la-saison-a-vraiment-ete-reussie-et-parfaite-notre-niveau-sportif-remonte\/"},"wordCount":1014,"commentCount":0,"publisher":{"@id":"https:\/\/newsestlyonnais.fr\/site\/#organization"},"image":{"@id":"https:\/\/newsestlyonnais.fr\/site\/2022\/06\/09\/vincent-calleau-la-saison-a-vraiment-ete-reussie-et-parfaite-notre-niveau-sportif-remonte\/#primaryimage"},"thumbnailUrl":"https:\/\/newsestlyonnais.fr\/site\/wp-content\/uploads\/2022\/06\/P1470881.jpg","keywords":["BASKET","ESGA BASKET","GENAS","Vincent Calleau"],"articleSection":["Basket","Basket | Hand | Volley","CCEL | Communes","Genas","Interviews"],"inLanguage":"fr-FR","potentialAction":[{"@type":"CommentAction","name":"Comment","target":["https:\/\/newsestlyonnais.fr\/site\/2022\/06\/09\/vincent-calleau-la-saison-a-vraiment-ete-reussie-et-parfaite-notre-niveau-sportif-remonte\/#respond"]}]},{"@type":"WebPage","@id":"https:\/\/newsestlyonnais.fr\/site\/2022\/06\/09\/vincent-calleau-la-saison-a-vraiment-ete-reussie-et-parfaite-notre-niveau-sportif-remonte\/","url":"https:\/\/newsestlyonnais.fr\/site\/2022\/06\/09\/vincent-calleau-la-saison-a-vraiment-ete-reussie-et-parfaite-notre-niveau-sportif-remonte\/","name":"Vincent Calleau \" la saison a vraiment \u00e9t\u00e9 r\u00e9ussie et parfaite, notre niveau sportif remonte \" - News Est Lyonnais","isPartOf":{"@id":"https:\/\/newsestlyonnais.fr\/site\/#website"},"primaryImageOfPage":{"@id":"https:\/\/newsestlyonnais.fr\/site\/2022\/06\/09\/vincent-calleau-la-saison-a-vraiment-ete-reussie-et-parfaite-notre-niveau-sportif-remonte\/#primaryimage"},"image":{"@id":"https:\/\/newsestlyonnais.fr\/site\/2022\/06\/09\/vincent-calleau-la-saison-a-vraiment-ete-reussie-et-parfaite-notre-niveau-sportif-remonte\/#primaryimage"},"thumbnailUrl":"https:\/\/newsestlyonnais.fr\/site\/wp-content\/uploads\/2022\/06\/P1470881.jpg","datePublished":"2022-06-09T16:26:50+00:00","description":"Vincent Calleau \" la saison a vraiment \u00e9t\u00e9 r\u00e9ussie et parfaite, notre niveau sportif remonte \"","breadcrumb":{"@id":"https:\/\/newsestlyonnais.fr\/site\/2022\/06\/09\/vincent-calleau-la-saison-a-vraiment-ete-reussie-et-parfaite-notre-niveau-sportif-remonte\/#breadcrumb"},"inLanguage":"fr-FR","potentialAction":[{"@type":"ReadAction","target":["https:\/\/newsestlyonnais.fr\/site\/2022\/06\/09\/vincent-calleau-la-saison-a-vraiment-ete-reussie-et-parfaite-notre-niveau-sportif-remonte\/"]}]},{"@type":"ImageObject","inLanguage":"fr-FR","@id":"https:\/\/newsestlyonnais.fr\/site\/2022\/06\/09\/vincent-calleau-la-saison-a-vraiment-ete-reussie-et-parfaite-notre-niveau-sportif-remonte\/#primaryimage","url":"https:\/\/newsestlyonnais.fr\/site\/wp-content\/uploads\/2022\/06\/P1470881.jpg","contentUrl":"https:\/\/newsestlyonnais.fr\/site\/wp-content\/uploads\/2022\/06\/P1470881.jpg","width":1200,"height":900},{"@type":"BreadcrumbList","@id":"https:\/\/newsestlyonnais.fr\/site\/2022\/06\/09\/vincent-calleau-la-saison-a-vraiment-ete-reussie-et-parfaite-notre-niveau-sportif-remonte\/#breadcrumb","itemListElement":[{"@type":"ListItem","position":1,"name":"Accueil","item":"https:\/\/newsestlyonnais.fr\/site\/"},{"@type":"ListItem","position":2,"name":"Vincent Calleau \u00a0\u00bb la saison a vraiment \u00e9t\u00e9 r\u00e9ussie et parfaite, notre niveau sportif remonte \u00ab\u00a0"}]},{"@type":"WebSite","@id":"https:\/\/newsestlyonnais.fr\/site\/#website","url":"https:\/\/newsestlyonnais.fr\/site\/","name":"News Est Lyonnais","description":"L&#039;actualit\u00e9 au plus pr\u00e8s","publisher":{"@id":"https:\/\/newsestlyonnais.fr\/site\/#organization"},"potentialAction":[{"@type":"SearchAction","target":{"@type":"EntryPoint","urlTemplate":"https:\/\/newsestlyonnais.fr\/site\/?s={search_term_string}"},"query-input":{"@type":"PropertyValueSpecification","valueRequired":true,"valueName":"search_term_string"}}],"inLanguage":"fr-FR"},{"@type":"Organization","@id":"https:\/\/newsestlyonnais.fr\/site\/#organization","name":"News EST LYONNAIS","url":"https:\/\/newsestlyonnais.fr\/site\/","logo":{"@type":"ImageObject","inLanguage":"fr-FR","@id":"https:\/\/newsestlyonnais.fr\/site\/#\/schema\/logo\/image\/","url":"","contentUrl":"","caption":"News EST LYONNAIS"},"image":{"@id":"https:\/\/newsestlyonnais.fr\/site\/#\/schema\/logo\/image\/"}},{"@type":"Person","@id":"https:\/\/newsestlyonnais.fr\/site\/#\/schema\/person\/3230d5615f390bb808365d673001e887","name":"R\u00e9dac. NEWS","sameAs":["http:\/\/www.newsestlyonnais.fr","https:\/\/www.facebook.com\/pascal.oberson.1?fref=ts","https:\/\/fr.linkedin.com\/in\/pascal-oberson-b17045113"],"url":"https:\/\/newsestlyonnais.fr\/site\/author\/nel\/"}]}},"_links":{"self":[{"href":"https:\/\/newsestlyonnais.fr\/site\/wp-json\/wp\/v2\/posts\/157046","targetHints":{"allow":["GET"]}}],"collection":[{"href":"https:\/\/newsestlyonnais.fr\/site\/wp-json\/wp\/v2\/posts"}],"about":[{"href":"https:\/\/newsestlyonnais.fr\/site\/wp-json\/wp\/v2\/types\/post"}],"author":[{"embeddable":true,"href":"https:\/\/newsestlyonnais.fr\/site\/wp-json\/wp\/v2\/users\/4"}],"replies":[{"embeddable":true,"href":"https:\/\/newsestlyonnais.fr\/site\/wp-json\/wp\/v2\/comments?post=157046"}],"version-history":[{"count":0,"href":"https:\/\/newsestlyonnais.fr\/site\/wp-json\/wp\/v2\/posts\/157046\/revisions"}],"wp:featuredmedia":[{"embeddable":true,"href":"https:\/\/newsestlyonnais.fr\/site\/wp-json\/wp\/v2\/media\/157050"}],"wp:attachment":[{"href":"https:\/\/newsestlyonnais.fr\/site\/wp-json\/wp\/v2\/media?parent=157046"}],"wp:term":[{"taxonomy":"category","embeddable":true,"href":"https:\/\/newsestlyonnais.fr\/site\/wp-json\/wp\/v2\/categories?post=157046"},{"taxonomy":"post_tag","embeddable":true,"href":"https:\/\/newsestlyonnais.fr\/site\/wp-json\/wp\/v2\/tags?post=157046"}],"curies":[{"name":"wp","href":"https:\/\/api.w.org\/{rel}","templated":true}]}}