{"id":15720,"date":"2016-11-13T09:09:26","date_gmt":"2016-11-13T08:09:26","guid":{"rendered":"http:\/\/newsestlyonnais.fr\/site\/?p=15720"},"modified":"2020-11-16T14:21:16","modified_gmt":"2020-11-16T13:21:16","slug":"jonage-30-edition-telethon-2-3-decembre-prochains","status":"publish","type":"post","link":"https:\/\/newsestlyonnais.fr\/site\/2016\/11\/13\/jonage-30-edition-telethon-2-3-decembre-prochains\/","title":{"rendered":"JONAGE | 30\u00b0 \u00e9dition du T\u00e9l\u00e9thon les 2 et 3 D\u00e9cembre prochains"},"content":{"rendered":"<p class=\"ox-ab53a08c9a-MsoNormal\"><b>Pour la 30\u00b0 \u00e9dition du T\u00e9l\u00e9thon qui aura lieu les 2 et 3 D\u00e9cembre 2016, le t\u00e9l\u00e9thon de Jonage propose cette ann\u00e9e une nouvelle formule avec simplement une soir\u00e9e dansante et une restauration rapide sur place.<br \/>\n<\/b><\/p>\n<p class=\"ox-ab53a08c9a-MsoNormal\">En collaboration avec l\u2019AFM, la Mairie de Jonage et S.A.J (Solidarit\u00e9 Action Jonage) lancement de la 12\u00b0 \u00e9dition du T\u00e9l\u00e9thon \u00e0 Jonage le 3 D\u00e9cembre 2016 \u00e0 l\u2019Agora 2 :<\/p>\n<p class=\"ox-ab53a08c9a-MsoNormal\"><span style=\"text-decoration: underline\"><em><strong>Le programme<\/strong><\/em><\/span>:<\/p>\n<ul>\n<li class=\"ox-ab53a08c9a-MsoNormal\">de 9 h \u00e0 12 h 30: Don du sang<\/li>\n<li class=\"ox-ab53a08c9a-MsoNormal\">\u00e0 partir de 18 h \u00e0 l\u2019Agora 2 : Boum pour les enfants de \u2013 de 12 ans, Magicien,\u00a0\u00a0\u00a0\u00a0\u00a0\u00a0\u00a0 Man\u0153uvres de pompiers, Soir\u00e9e dansante pour tous, Buvette, panini, hot-dog, cr\u00eapes<\/li>\n<li class=\"ox-ab53a08c9a-MsoNormal\">Pensez \u00e0 rapporter vos anciennes piles, 1 pile = 1 don (voir affiche A LA UNE).<\/li>\n<\/ul>\n","protected":false},"excerpt":{"rendered":"<p>Pour la 30\u00b0 \u00e9dition du T\u00e9l\u00e9thon qui aura lieu les 2 et 3 D\u00e9cembre 2016, le t\u00e9l\u00e9thon de Jonage propose cette ann\u00e9e une nouvelle formule avec simplement une soir\u00e9e dansante et une restauration rapide sur place. En collaboration avec l\u2019AFM, la Mairie de Jonage et S.A.J (Solidarit\u00e9 Action Jonage) lancement de la 12\u00b0 \u00e9dition du [&hellip;]<\/p>\n","protected":false},"author":4,"featured_media":15722,"comment_status":"open","ping_status":"open","sticky":false,"template":"","format":"standard","meta":{"footnotes":""},"categories":[1303,18],"tags":[],"class_list":["post-15720","post","type-post","status-publish","format-standard","has-post-thumbnail","hentry","category-jonage","category-sante-bien-etre-solidarite"],"yoast_head":"<!-- This site is optimized with the Yoast SEO plugin v27.2 - https:\/\/yoast.com\/product\/yoast-seo-wordpress\/ -->\n<title>JONAGE: 30\u00b0 \u00e9dition du T\u00e9l\u00e9thon les 2 et 3 D\u00e9cembre prochains<\/title>\n<meta name=\"description\" content=\"JONAGE: 30\u00b0 \u00e9dition du T\u00e9l\u00e9thon les 2 et 3 D\u00e9cembre prochains\" \/>\n<meta name=\"robots\" content=\"index, follow, max-snippet:-1, max-image-preview:large, max-video-preview:-1\" \/>\n<link rel=\"canonical\" href=\"https:\/\/newsestlyonnais.fr\/site\/2016\/11\/13\/jonage-30-edition-telethon-2-3-decembre-prochains\/\" \/>\n<meta property=\"og:locale\" content=\"fr_FR\" \/>\n<meta property=\"og:type\" content=\"article\" \/>\n<meta property=\"og:title\" content=\"JONAGE: 30\u00b0 \u00e9dition du T\u00e9l\u00e9thon les 2 et 3 D\u00e9cembre prochains\" \/>\n<meta property=\"og:description\" content=\"JONAGE: 30\u00b0 \u00e9dition du T\u00e9l\u00e9thon les 2 et 3 D\u00e9cembre prochains\" \/>\n<meta property=\"og:url\" content=\"https:\/\/newsestlyonnais.fr\/site\/2016\/11\/13\/jonage-30-edition-telethon-2-3-decembre-prochains\/\" \/>\n<meta property=\"og:site_name\" content=\"News Est Lyonnais\" \/>\n<meta property=\"article:author\" content=\"https:\/\/www.facebook.com\/pascal.oberson.1?fref=ts\" \/>\n<meta property=\"article:published_time\" content=\"2016-11-13T08:09:26+00:00\" \/>\n<meta property=\"article:modified_time\" content=\"2020-11-16T13:21:16+00:00\" \/>\n<meta property=\"og:image\" content=\"https:\/\/i1.wp.com\/newsestlyonnais.fr\/site\/wp-content\/uploads\/2016\/11\/NEWSESTLYONNAIS-TELETHON.png?fit=1000%2C750&ssl=1\" \/>\n\t<meta property=\"og:image:width\" content=\"1000\" \/>\n\t<meta property=\"og:image:height\" content=\"750\" \/>\n\t<meta property=\"og:image:type\" content=\"image\/png\" \/>\n<meta name=\"author\" content=\"R\u00e9dac. NEWS\" \/>\n<meta name=\"twitter:card\" content=\"summary_large_image\" \/>\n<meta name=\"twitter:label1\" content=\"\u00c9crit par\" \/>\n\t<meta name=\"twitter:data1\" content=\"R\u00e9dac. NEWS\" \/>\n\t<meta name=\"twitter:label2\" content=\"Dur\u00e9e de lecture estim\u00e9e\" \/>\n\t<meta name=\"twitter:data2\" content=\"1 minute\" \/>\n<script type=\"application\/ld+json\" class=\"yoast-schema-graph\">{\"@context\":\"https:\/\/schema.org\",\"@graph\":[{\"@type\":\"Article\",\"@id\":\"https:\/\/newsestlyonnais.fr\/site\/2016\/11\/13\/jonage-30-edition-telethon-2-3-decembre-prochains\/#article\",\"isPartOf\":{\"@id\":\"https:\/\/newsestlyonnais.fr\/site\/2016\/11\/13\/jonage-30-edition-telethon-2-3-decembre-prochains\/\"},\"author\":{\"name\":\"R\u00e9dac. NEWS\",\"@id\":\"https:\/\/newsestlyonnais.fr\/site\/#\/schema\/person\/3230d5615f390bb808365d673001e887\"},\"headline\":\"JONAGE | 30\u00b0 \u00e9dition du T\u00e9l\u00e9thon les 2 et 3 D\u00e9cembre prochains\",\"datePublished\":\"2016-11-13T08:09:26+00:00\",\"dateModified\":\"2020-11-16T13:21:16+00:00\",\"mainEntityOfPage\":{\"@id\":\"https:\/\/newsestlyonnais.fr\/site\/2016\/11\/13\/jonage-30-edition-telethon-2-3-decembre-prochains\/\"},\"wordCount\":127,\"commentCount\":0,\"publisher\":{\"@id\":\"https:\/\/newsestlyonnais.fr\/site\/#organization\"},\"image\":{\"@id\":\"https:\/\/newsestlyonnais.fr\/site\/2016\/11\/13\/jonage-30-edition-telethon-2-3-decembre-prochains\/#primaryimage\"},\"thumbnailUrl\":\"https:\/\/newsestlyonnais.fr\/site\/wp-content\/uploads\/2016\/11\/NEWSESTLYONNAIS-TELETHON.png\",\"articleSection\":[\"Jonage\",\"Sant\u00e9 | Bien Etre | Solidarit\u00e9\"],\"inLanguage\":\"fr-FR\",\"potentialAction\":[{\"@type\":\"CommentAction\",\"name\":\"Comment\",\"target\":[\"https:\/\/newsestlyonnais.fr\/site\/2016\/11\/13\/jonage-30-edition-telethon-2-3-decembre-prochains\/#respond\"]}]},{\"@type\":\"WebPage\",\"@id\":\"https:\/\/newsestlyonnais.fr\/site\/2016\/11\/13\/jonage-30-edition-telethon-2-3-decembre-prochains\/\",\"url\":\"https:\/\/newsestlyonnais.fr\/site\/2016\/11\/13\/jonage-30-edition-telethon-2-3-decembre-prochains\/\",\"name\":\"JONAGE: 30\u00b0 \u00e9dition du T\u00e9l\u00e9thon les 2 et 3 D\u00e9cembre prochains\",\"isPartOf\":{\"@id\":\"https:\/\/newsestlyonnais.fr\/site\/#website\"},\"primaryImageOfPage\":{\"@id\":\"https:\/\/newsestlyonnais.fr\/site\/2016\/11\/13\/jonage-30-edition-telethon-2-3-decembre-prochains\/#primaryimage\"},\"image\":{\"@id\":\"https:\/\/newsestlyonnais.fr\/site\/2016\/11\/13\/jonage-30-edition-telethon-2-3-decembre-prochains\/#primaryimage\"},\"thumbnailUrl\":\"https:\/\/newsestlyonnais.fr\/site\/wp-content\/uploads\/2016\/11\/NEWSESTLYONNAIS-TELETHON.png\",\"datePublished\":\"2016-11-13T08:09:26+00:00\",\"dateModified\":\"2020-11-16T13:21:16+00:00\",\"description\":\"JONAGE: 30\u00b0 \u00e9dition du T\u00e9l\u00e9thon les 2 et 3 D\u00e9cembre prochains\",\"breadcrumb\":{\"@id\":\"https:\/\/newsestlyonnais.fr\/site\/2016\/11\/13\/jonage-30-edition-telethon-2-3-decembre-prochains\/#breadcrumb\"},\"inLanguage\":\"fr-FR\",\"potentialAction\":[{\"@type\":\"ReadAction\",\"target\":[\"https:\/\/newsestlyonnais.fr\/site\/2016\/11\/13\/jonage-30-edition-telethon-2-3-decembre-prochains\/\"]}]},{\"@type\":\"ImageObject\",\"inLanguage\":\"fr-FR\",\"@id\":\"https:\/\/newsestlyonnais.fr\/site\/2016\/11\/13\/jonage-30-edition-telethon-2-3-decembre-prochains\/#primaryimage\",\"url\":\"https:\/\/newsestlyonnais.fr\/site\/wp-content\/uploads\/2016\/11\/NEWSESTLYONNAIS-TELETHON.png\",\"contentUrl\":\"https:\/\/newsestlyonnais.fr\/site\/wp-content\/uploads\/2016\/11\/NEWSESTLYONNAIS-TELETHON.png\",\"width\":1000,\"height\":750},{\"@type\":\"BreadcrumbList\",\"@id\":\"https:\/\/newsestlyonnais.fr\/site\/2016\/11\/13\/jonage-30-edition-telethon-2-3-decembre-prochains\/#breadcrumb\",\"itemListElement\":[{\"@type\":\"ListItem\",\"position\":1,\"name\":\"Accueil\",\"item\":\"https:\/\/newsestlyonnais.fr\/site\/\"},{\"@type\":\"ListItem\",\"position\":2,\"name\":\"JONAGE | 30\u00b0 \u00e9dition du T\u00e9l\u00e9thon les 2 et 3 D\u00e9cembre prochains\"}]},{\"@type\":\"WebSite\",\"@id\":\"https:\/\/newsestlyonnais.fr\/site\/#website\",\"url\":\"https:\/\/newsestlyonnais.fr\/site\/\",\"name\":\"News Est Lyonnais\",\"description\":\"L&#039;actualit\u00e9 au plus pr\u00e8s\",\"publisher\":{\"@id\":\"https:\/\/newsestlyonnais.fr\/site\/#organization\"},\"potentialAction\":[{\"@type\":\"SearchAction\",\"target\":{\"@type\":\"EntryPoint\",\"urlTemplate\":\"https:\/\/newsestlyonnais.fr\/site\/?s={search_term_string}\"},\"query-input\":{\"@type\":\"PropertyValueSpecification\",\"valueRequired\":true,\"valueName\":\"search_term_string\"}}],\"inLanguage\":\"fr-FR\"},{\"@type\":\"Organization\",\"@id\":\"https:\/\/newsestlyonnais.fr\/site\/#organization\",\"name\":\"News EST LYONNAIS\",\"url\":\"https:\/\/newsestlyonnais.fr\/site\/\",\"logo\":{\"@type\":\"ImageObject\",\"inLanguage\":\"fr-FR\",\"@id\":\"https:\/\/newsestlyonnais.fr\/site\/#\/schema\/logo\/image\/\",\"url\":\"\",\"contentUrl\":\"\",\"caption\":\"News EST LYONNAIS\"},\"image\":{\"@id\":\"https:\/\/newsestlyonnais.fr\/site\/#\/schema\/logo\/image\/\"}},{\"@type\":\"Person\",\"@id\":\"https:\/\/newsestlyonnais.fr\/site\/#\/schema\/person\/3230d5615f390bb808365d673001e887\",\"name\":\"R\u00e9dac. NEWS\",\"sameAs\":[\"http:\/\/www.newsestlyonnais.fr\",\"https:\/\/www.facebook.com\/pascal.oberson.1?fref=ts\",\"https:\/\/fr.linkedin.com\/in\/pascal-oberson-b17045113\"],\"url\":\"https:\/\/newsestlyonnais.fr\/site\/author\/nel\/\"}]}<\/script>\n<!-- \/ Yoast SEO plugin. -->","yoast_head_json":{"title":"JONAGE: 30\u00b0 \u00e9dition du T\u00e9l\u00e9thon les 2 et 3 D\u00e9cembre prochains","description":"JONAGE: 30\u00b0 \u00e9dition du T\u00e9l\u00e9thon les 2 et 3 D\u00e9cembre prochains","robots":{"index":"index","follow":"follow","max-snippet":"max-snippet:-1","max-image-preview":"max-image-preview:large","max-video-preview":"max-video-preview:-1"},"canonical":"https:\/\/newsestlyonnais.fr\/site\/2016\/11\/13\/jonage-30-edition-telethon-2-3-decembre-prochains\/","og_locale":"fr_FR","og_type":"article","og_title":"JONAGE: 30\u00b0 \u00e9dition du T\u00e9l\u00e9thon les 2 et 3 D\u00e9cembre prochains","og_description":"JONAGE: 30\u00b0 \u00e9dition du T\u00e9l\u00e9thon les 2 et 3 D\u00e9cembre prochains","og_url":"https:\/\/newsestlyonnais.fr\/site\/2016\/11\/13\/jonage-30-edition-telethon-2-3-decembre-prochains\/","og_site_name":"News Est Lyonnais","article_author":"https:\/\/www.facebook.com\/pascal.oberson.1?fref=ts","article_published_time":"2016-11-13T08:09:26+00:00","article_modified_time":"2020-11-16T13:21:16+00:00","og_image":[{"width":1000,"height":750,"url":"https:\/\/i1.wp.com\/newsestlyonnais.fr\/site\/wp-content\/uploads\/2016\/11\/NEWSESTLYONNAIS-TELETHON.png?fit=1000%2C750&ssl=1","type":"image\/png"}],"author":"R\u00e9dac. NEWS","twitter_card":"summary_large_image","twitter_misc":{"\u00c9crit par":"R\u00e9dac. NEWS","Dur\u00e9e de lecture estim\u00e9e":"1 minute"},"schema":{"@context":"https:\/\/schema.org","@graph":[{"@type":"Article","@id":"https:\/\/newsestlyonnais.fr\/site\/2016\/11\/13\/jonage-30-edition-telethon-2-3-decembre-prochains\/#article","isPartOf":{"@id":"https:\/\/newsestlyonnais.fr\/site\/2016\/11\/13\/jonage-30-edition-telethon-2-3-decembre-prochains\/"},"author":{"name":"R\u00e9dac. NEWS","@id":"https:\/\/newsestlyonnais.fr\/site\/#\/schema\/person\/3230d5615f390bb808365d673001e887"},"headline":"JONAGE | 30\u00b0 \u00e9dition du T\u00e9l\u00e9thon les 2 et 3 D\u00e9cembre prochains","datePublished":"2016-11-13T08:09:26+00:00","dateModified":"2020-11-16T13:21:16+00:00","mainEntityOfPage":{"@id":"https:\/\/newsestlyonnais.fr\/site\/2016\/11\/13\/jonage-30-edition-telethon-2-3-decembre-prochains\/"},"wordCount":127,"commentCount":0,"publisher":{"@id":"https:\/\/newsestlyonnais.fr\/site\/#organization"},"image":{"@id":"https:\/\/newsestlyonnais.fr\/site\/2016\/11\/13\/jonage-30-edition-telethon-2-3-decembre-prochains\/#primaryimage"},"thumbnailUrl":"https:\/\/newsestlyonnais.fr\/site\/wp-content\/uploads\/2016\/11\/NEWSESTLYONNAIS-TELETHON.png","articleSection":["Jonage","Sant\u00e9 | Bien Etre | Solidarit\u00e9"],"inLanguage":"fr-FR","potentialAction":[{"@type":"CommentAction","name":"Comment","target":["https:\/\/newsestlyonnais.fr\/site\/2016\/11\/13\/jonage-30-edition-telethon-2-3-decembre-prochains\/#respond"]}]},{"@type":"WebPage","@id":"https:\/\/newsestlyonnais.fr\/site\/2016\/11\/13\/jonage-30-edition-telethon-2-3-decembre-prochains\/","url":"https:\/\/newsestlyonnais.fr\/site\/2016\/11\/13\/jonage-30-edition-telethon-2-3-decembre-prochains\/","name":"JONAGE: 30\u00b0 \u00e9dition du T\u00e9l\u00e9thon les 2 et 3 D\u00e9cembre prochains","isPartOf":{"@id":"https:\/\/newsestlyonnais.fr\/site\/#website"},"primaryImageOfPage":{"@id":"https:\/\/newsestlyonnais.fr\/site\/2016\/11\/13\/jonage-30-edition-telethon-2-3-decembre-prochains\/#primaryimage"},"image":{"@id":"https:\/\/newsestlyonnais.fr\/site\/2016\/11\/13\/jonage-30-edition-telethon-2-3-decembre-prochains\/#primaryimage"},"thumbnailUrl":"https:\/\/newsestlyonnais.fr\/site\/wp-content\/uploads\/2016\/11\/NEWSESTLYONNAIS-TELETHON.png","datePublished":"2016-11-13T08:09:26+00:00","dateModified":"2020-11-16T13:21:16+00:00","description":"JONAGE: 30\u00b0 \u00e9dition du T\u00e9l\u00e9thon les 2 et 3 D\u00e9cembre prochains","breadcrumb":{"@id":"https:\/\/newsestlyonnais.fr\/site\/2016\/11\/13\/jonage-30-edition-telethon-2-3-decembre-prochains\/#breadcrumb"},"inLanguage":"fr-FR","potentialAction":[{"@type":"ReadAction","target":["https:\/\/newsestlyonnais.fr\/site\/2016\/11\/13\/jonage-30-edition-telethon-2-3-decembre-prochains\/"]}]},{"@type":"ImageObject","inLanguage":"fr-FR","@id":"https:\/\/newsestlyonnais.fr\/site\/2016\/11\/13\/jonage-30-edition-telethon-2-3-decembre-prochains\/#primaryimage","url":"https:\/\/newsestlyonnais.fr\/site\/wp-content\/uploads\/2016\/11\/NEWSESTLYONNAIS-TELETHON.png","contentUrl":"https:\/\/newsestlyonnais.fr\/site\/wp-content\/uploads\/2016\/11\/NEWSESTLYONNAIS-TELETHON.png","width":1000,"height":750},{"@type":"BreadcrumbList","@id":"https:\/\/newsestlyonnais.fr\/site\/2016\/11\/13\/jonage-30-edition-telethon-2-3-decembre-prochains\/#breadcrumb","itemListElement":[{"@type":"ListItem","position":1,"name":"Accueil","item":"https:\/\/newsestlyonnais.fr\/site\/"},{"@type":"ListItem","position":2,"name":"JONAGE | 30\u00b0 \u00e9dition du T\u00e9l\u00e9thon les 2 et 3 D\u00e9cembre prochains"}]},{"@type":"WebSite","@id":"https:\/\/newsestlyonnais.fr\/site\/#website","url":"https:\/\/newsestlyonnais.fr\/site\/","name":"News Est Lyonnais","description":"L&#039;actualit\u00e9 au plus pr\u00e8s","publisher":{"@id":"https:\/\/newsestlyonnais.fr\/site\/#organization"},"potentialAction":[{"@type":"SearchAction","target":{"@type":"EntryPoint","urlTemplate":"https:\/\/newsestlyonnais.fr\/site\/?s={search_term_string}"},"query-input":{"@type":"PropertyValueSpecification","valueRequired":true,"valueName":"search_term_string"}}],"inLanguage":"fr-FR"},{"@type":"Organization","@id":"https:\/\/newsestlyonnais.fr\/site\/#organization","name":"News EST LYONNAIS","url":"https:\/\/newsestlyonnais.fr\/site\/","logo":{"@type":"ImageObject","inLanguage":"fr-FR","@id":"https:\/\/newsestlyonnais.fr\/site\/#\/schema\/logo\/image\/","url":"","contentUrl":"","caption":"News EST LYONNAIS"},"image":{"@id":"https:\/\/newsestlyonnais.fr\/site\/#\/schema\/logo\/image\/"}},{"@type":"Person","@id":"https:\/\/newsestlyonnais.fr\/site\/#\/schema\/person\/3230d5615f390bb808365d673001e887","name":"R\u00e9dac. NEWS","sameAs":["http:\/\/www.newsestlyonnais.fr","https:\/\/www.facebook.com\/pascal.oberson.1?fref=ts","https:\/\/fr.linkedin.com\/in\/pascal-oberson-b17045113"],"url":"https:\/\/newsestlyonnais.fr\/site\/author\/nel\/"}]}},"_links":{"self":[{"href":"https:\/\/newsestlyonnais.fr\/site\/wp-json\/wp\/v2\/posts\/15720","targetHints":{"allow":["GET"]}}],"collection":[{"href":"https:\/\/newsestlyonnais.fr\/site\/wp-json\/wp\/v2\/posts"}],"about":[{"href":"https:\/\/newsestlyonnais.fr\/site\/wp-json\/wp\/v2\/types\/post"}],"author":[{"embeddable":true,"href":"https:\/\/newsestlyonnais.fr\/site\/wp-json\/wp\/v2\/users\/4"}],"replies":[{"embeddable":true,"href":"https:\/\/newsestlyonnais.fr\/site\/wp-json\/wp\/v2\/comments?post=15720"}],"version-history":[{"count":0,"href":"https:\/\/newsestlyonnais.fr\/site\/wp-json\/wp\/v2\/posts\/15720\/revisions"}],"wp:featuredmedia":[{"embeddable":true,"href":"https:\/\/newsestlyonnais.fr\/site\/wp-json\/wp\/v2\/media\/15722"}],"wp:attachment":[{"href":"https:\/\/newsestlyonnais.fr\/site\/wp-json\/wp\/v2\/media?parent=15720"}],"wp:term":[{"taxonomy":"category","embeddable":true,"href":"https:\/\/newsestlyonnais.fr\/site\/wp-json\/wp\/v2\/categories?post=15720"},{"taxonomy":"post_tag","embeddable":true,"href":"https:\/\/newsestlyonnais.fr\/site\/wp-json\/wp\/v2\/tags?post=15720"}],"curies":[{"name":"wp","href":"https:\/\/api.w.org\/{rel}","templated":true}]}}