{"id":157304,"date":"2022-06-12T05:32:31","date_gmt":"2022-06-12T04:32:31","guid":{"rendered":"https:\/\/newsestlyonnais.fr\/site\/?p=157304"},"modified":"2022-06-14T06:01:10","modified_gmt":"2022-06-14T05:01:10","slug":"meyzieu-les-resultats-de-samedi-a-lopen-de-tennis-8","status":"publish","type":"post","link":"https:\/\/newsestlyonnais.fr\/site\/2022\/06\/12\/meyzieu-les-resultats-de-samedi-a-lopen-de-tennis-8\/","title":{"rendered":"MEYZIEU | Les r\u00e9sultats de samedi \u00e0 l\u2019Open de Tennis"},"content":{"rendered":"<div class=\"entry-body\">\n<p><strong><span style=\"background-color: #000000; color: #ffcc00;\">Tableau senior masculin<\/span> :<\/strong><\/p>\n<ul>\n<li><strong>Jean-Michel Allarousse <\/strong>(Meyzieu Tennis, 15\/5) bat Thibaud Baffert (Toussieu Tennis, 30)\u00a0\u00a0 <strong>6\/4, 6\/2.<br \/>\n<\/strong><\/li>\n<li><strong>S\u00e9bastien Jacquey<\/strong> (Chassieu Tennis, 30\/1) bat Nixon Guevara-Garcia (AT Pusignan, 30)\u00a0\u00a0\u00a0 <strong>7\/5, 6\/4<\/strong>.<\/li>\n<li><strong>Romain Moreau<\/strong> (Comit\u00e9 Rh\u00f4ne M\u00e9tropole Lyon Tennis, 30) bat Simon Garcia (ASUL Tennis, 30\/1)\u00a0 <strong>6\/4, 6\/4<\/strong>.<\/li>\n<li><strong>Mathis Lecaillon<\/strong> (Meyzieu Tennis, 30\/1) bat St\u00e9phane Costanza (LOU Tennis Parc 30)\u00a0\u00a0 <strong>6\/4, 6\/1.<\/strong><\/li>\n<li><strong>Paul Vigne<\/strong> (Tignieu-Jameyzieu AT, 15\/4) bat Malik Labbene (TC D\u00e9cines, 15\/4)\u00a0\u00a0 <strong>7\/5, 6\/4<\/strong>.<\/li>\n<li><strong>Julien Moog<\/strong> (Barby TC, 15\/4) bat Thibaud Boiston (TC Genas, 15\/4) \u00a0 <strong>6\/0, 6\/1.<\/strong><\/li>\n<li><strong>Adrien Poirieux<\/strong> (TC D\u00e9cines, 30\/3) bat Mickael Marques (TC D\u00e9cines, 30\/1)\u00a0\u00a0 <strong>6\/1, 6\/0<\/strong>.<\/li>\n<li><strong>S\u00e9bastien Boury<\/strong> (TC Genas, 30) bat Olivier Torre (Rh\u00f4ne Sportif Tennis, 15\/5)\u00a0\u00a0\u00a0 <strong>6\/4, 6\/0<\/strong>.<\/li>\n<\/ul>\n<p><strong><span style=\"background-color: #000000; color: #ffcc00;\">Tableau senior masculin + 35 ans<\/span> :<\/strong><\/p>\n<ul>\n<li><strong> Thibaut Guillon<\/strong> (Chassieu Tennis, 30\/5) bat Luc Simonet (Meyzieu Tennis, 30\/5)\u00a0\u00a0 <strong>6\/1, 6\/3<\/strong>.<\/li>\n<li><strong>St\u00e9phane Deroque <\/strong>(TC Genas, 30\/3) bat Alexandre Dayer (Chassieu Tennis, 30\/3) \u00a0 <strong>6\/2, 6\/2<\/strong>.<\/li>\n<li><strong>Romain Avril<\/strong> (Meyzieu Tennis, 40) bat Vincent Prin-Abeil (ASCEE 69, 30\/5)\u00a0\u00a0 <strong>0\/6, 6\/4, 6\/1.<\/strong> <strong><br \/>\n<\/strong><\/li>\n<\/ul>\n<hr \/>\n<p>&gt; <strong>11 matchs, dans les 3 tableaux, sont \u00e0 l\u2019affiche de ce dimanche.<\/strong><\/p>\n<p><strong><span style=\"text-decoration: underline;\">Venez encourager les majolan(e)s qui joueront<\/span> :<\/strong><\/p>\n<ul>\n<li><strong><span style=\"background-color: #000000; color: #ffcc00;\">\u00e0 9 h<\/span> : <\/strong><strong>Romain Avril<\/strong> (40) \/ Christophe Cornachon (Beynost Tennis, 15\/4) &amp; Thibault Sarger (TC L&rsquo;Etang la Ville, 30) \/ <strong>Mathis Guillemet<\/strong> (30\/1).<\/li>\n<li><strong><span style=\"background-color: #000000; color: #ffcc00;\">\u00e0 10 h 30<\/span> : Mathis Lecaillon <\/strong>(30\/1) \/ No\u00e9 Toma (Comit\u00e9 Rh\u00f4ne M\u00e9tropole Lyon Tennis, 30\/1).<strong><br \/>\n<\/strong><\/li>\n<li><strong><span style=\"background-color: #000000; color: #ffcc00;\">\u00e0 17 h<\/span><\/strong> : <strong>S\u00e9verine Poupart<\/strong> (30\/3) \/ <strong>Nadine Guiton<\/strong> (30\/2).<\/li>\n<li><strong><span style=\"background-color: #000000; color: #ffcc00;\">\u00e0 18 h<\/span> : Florent Battiston <\/strong>(30\/2) \/ St\u00e9phane Deroque (TC Genas, 30\/3).<strong><br \/>\n<\/strong><\/li>\n<li><strong><span style=\"background-color: #000000; color: #ffcc00;\">\u00e0 19 h<\/span> : <\/strong>Thibaut Guillon (Chassieu Tennis, 30\/5)<strong> \/ Franck Favier <\/strong>(30\/4).<strong><br \/>\n<\/strong><\/li>\n<\/ul>\n<hr \/>\n<p><span style=\"background-color: #000000; color: #ffcc00;\"><strong>Suite au partenariat mis en place avec les organisateurs de ce 1\u00b0 Master Tour de l\u2019Est Lyonnais,<\/strong><strong> retrouvez tous les jours et pour chaque tournoi, les r\u00e9sultats de la veille jusqu\u2019aux finales.<\/strong><\/span><\/p>\n<\/div>\n","protected":false},"excerpt":{"rendered":"<p>Onze rencontres dans les deux tableaux masculins, \u00e9taient programm\u00e9es au cours de la journ\u00e9e.<\/p>\n","protected":false},"author":4,"featured_media":131315,"comment_status":"open","ping_status":"open","sticky":false,"template":"","format":"standard","meta":{"footnotes":""},"categories":[24,2992,2991],"tags":[2081,2548,2192,2049],"class_list":["post-157304","post","type-post","status-publish","format-standard","has-post-thumbnail","hentry","category-meyzieu","category-tennis-padel","category-tennis-tennis-table-sports","tag-meyzieu","tag-meyzieu-tennis","tag-open","tag-tennis"],"yoast_head":"<!-- This site is optimized with the Yoast SEO plugin v27.2 - https:\/\/yoast.com\/product\/yoast-seo-wordpress\/ -->\n<title>MEYZIEU | Les r\u00e9sultats de samedi \u00e0 l\u2019Open de Tennis - News Est Lyonnais<\/title>\n<meta name=\"description\" content=\"MEYZIEU | Les r\u00e9sultats de samedi \u00e0 l\u2019Open de Tennis\" \/>\n<meta name=\"robots\" content=\"index, follow, max-snippet:-1, max-image-preview:large, max-video-preview:-1\" \/>\n<link rel=\"canonical\" href=\"https:\/\/newsestlyonnais.fr\/site\/2022\/06\/12\/meyzieu-les-resultats-de-samedi-a-lopen-de-tennis-8\/\" \/>\n<meta property=\"og:locale\" content=\"fr_FR\" \/>\n<meta property=\"og:type\" content=\"article\" \/>\n<meta property=\"og:title\" content=\"MEYZIEU | Les r\u00e9sultats de samedi \u00e0 l\u2019Open de Tennis - News Est Lyonnais\" \/>\n<meta property=\"og:description\" content=\"MEYZIEU | Les r\u00e9sultats de samedi \u00e0 l\u2019Open de Tennis\" \/>\n<meta property=\"og:url\" content=\"https:\/\/newsestlyonnais.fr\/site\/2022\/06\/12\/meyzieu-les-resultats-de-samedi-a-lopen-de-tennis-8\/\" \/>\n<meta property=\"og:site_name\" content=\"News Est Lyonnais\" \/>\n<meta property=\"article:author\" content=\"https:\/\/www.facebook.com\/pascal.oberson.1?fref=ts\" \/>\n<meta property=\"article:published_time\" content=\"2022-06-12T04:32:31+00:00\" \/>\n<meta property=\"article:modified_time\" content=\"2022-06-14T05:01:10+00:00\" \/>\n<meta property=\"og:image\" content=\"https:\/\/newsestlyonnais.fr\/site\/wp-content\/uploads\/2021\/06\/NEWSESTLYONNAIS-MEY-TENNIS-01.jpg\" \/>\n\t<meta property=\"og:image:width\" content=\"1200\" \/>\n\t<meta property=\"og:image:height\" content=\"900\" \/>\n\t<meta property=\"og:image:type\" content=\"image\/jpeg\" \/>\n<meta name=\"author\" content=\"R\u00e9dac. NEWS\" \/>\n<meta name=\"twitter:card\" content=\"summary_large_image\" \/>\n<meta name=\"twitter:label1\" content=\"\u00c9crit par\" \/>\n\t<meta name=\"twitter:data1\" content=\"R\u00e9dac. NEWS\" \/>\n\t<meta name=\"twitter:label2\" content=\"Dur\u00e9e de lecture estim\u00e9e\" \/>\n\t<meta name=\"twitter:data2\" content=\"2 minutes\" \/>\n<script type=\"application\/ld+json\" class=\"yoast-schema-graph\">{\"@context\":\"https:\/\/schema.org\",\"@graph\":[{\"@type\":\"Article\",\"@id\":\"https:\/\/newsestlyonnais.fr\/site\/2022\/06\/12\/meyzieu-les-resultats-de-samedi-a-lopen-de-tennis-8\/#article\",\"isPartOf\":{\"@id\":\"https:\/\/newsestlyonnais.fr\/site\/2022\/06\/12\/meyzieu-les-resultats-de-samedi-a-lopen-de-tennis-8\/\"},\"author\":{\"name\":\"R\u00e9dac. NEWS\",\"@id\":\"https:\/\/newsestlyonnais.fr\/site\/#\/schema\/person\/3230d5615f390bb808365d673001e887\"},\"headline\":\"MEYZIEU | Les r\u00e9sultats de samedi \u00e0 l\u2019Open de Tennis\",\"datePublished\":\"2022-06-12T04:32:31+00:00\",\"dateModified\":\"2022-06-14T05:01:10+00:00\",\"mainEntityOfPage\":{\"@id\":\"https:\/\/newsestlyonnais.fr\/site\/2022\/06\/12\/meyzieu-les-resultats-de-samedi-a-lopen-de-tennis-8\/\"},\"wordCount\":233,\"commentCount\":0,\"publisher\":{\"@id\":\"https:\/\/newsestlyonnais.fr\/site\/#organization\"},\"image\":{\"@id\":\"https:\/\/newsestlyonnais.fr\/site\/2022\/06\/12\/meyzieu-les-resultats-de-samedi-a-lopen-de-tennis-8\/#primaryimage\"},\"thumbnailUrl\":\"https:\/\/newsestlyonnais.fr\/site\/wp-content\/uploads\/2021\/06\/NEWSESTLYONNAIS-MEY-TENNIS-01.jpg\",\"keywords\":[\"MEYZIEU\",\"MEYZIEU TENNIS\",\"OPEN\",\"TENNIS\"],\"articleSection\":[\"Meyzieu\",\"Tennis | Padel\",\"Tennis | Tennis de table\"],\"inLanguage\":\"fr-FR\",\"potentialAction\":[{\"@type\":\"CommentAction\",\"name\":\"Comment\",\"target\":[\"https:\/\/newsestlyonnais.fr\/site\/2022\/06\/12\/meyzieu-les-resultats-de-samedi-a-lopen-de-tennis-8\/#respond\"]}]},{\"@type\":\"WebPage\",\"@id\":\"https:\/\/newsestlyonnais.fr\/site\/2022\/06\/12\/meyzieu-les-resultats-de-samedi-a-lopen-de-tennis-8\/\",\"url\":\"https:\/\/newsestlyonnais.fr\/site\/2022\/06\/12\/meyzieu-les-resultats-de-samedi-a-lopen-de-tennis-8\/\",\"name\":\"MEYZIEU | Les r\u00e9sultats de samedi \u00e0 l\u2019Open de Tennis - News Est Lyonnais\",\"isPartOf\":{\"@id\":\"https:\/\/newsestlyonnais.fr\/site\/#website\"},\"primaryImageOfPage\":{\"@id\":\"https:\/\/newsestlyonnais.fr\/site\/2022\/06\/12\/meyzieu-les-resultats-de-samedi-a-lopen-de-tennis-8\/#primaryimage\"},\"image\":{\"@id\":\"https:\/\/newsestlyonnais.fr\/site\/2022\/06\/12\/meyzieu-les-resultats-de-samedi-a-lopen-de-tennis-8\/#primaryimage\"},\"thumbnailUrl\":\"https:\/\/newsestlyonnais.fr\/site\/wp-content\/uploads\/2021\/06\/NEWSESTLYONNAIS-MEY-TENNIS-01.jpg\",\"datePublished\":\"2022-06-12T04:32:31+00:00\",\"dateModified\":\"2022-06-14T05:01:10+00:00\",\"description\":\"MEYZIEU | Les r\u00e9sultats de samedi \u00e0 l\u2019Open de Tennis\",\"breadcrumb\":{\"@id\":\"https:\/\/newsestlyonnais.fr\/site\/2022\/06\/12\/meyzieu-les-resultats-de-samedi-a-lopen-de-tennis-8\/#breadcrumb\"},\"inLanguage\":\"fr-FR\",\"potentialAction\":[{\"@type\":\"ReadAction\",\"target\":[\"https:\/\/newsestlyonnais.fr\/site\/2022\/06\/12\/meyzieu-les-resultats-de-samedi-a-lopen-de-tennis-8\/\"]}]},{\"@type\":\"ImageObject\",\"inLanguage\":\"fr-FR\",\"@id\":\"https:\/\/newsestlyonnais.fr\/site\/2022\/06\/12\/meyzieu-les-resultats-de-samedi-a-lopen-de-tennis-8\/#primaryimage\",\"url\":\"https:\/\/newsestlyonnais.fr\/site\/wp-content\/uploads\/2021\/06\/NEWSESTLYONNAIS-MEY-TENNIS-01.jpg\",\"contentUrl\":\"https:\/\/newsestlyonnais.fr\/site\/wp-content\/uploads\/2021\/06\/NEWSESTLYONNAIS-MEY-TENNIS-01.jpg\",\"width\":1200,\"height\":900},{\"@type\":\"BreadcrumbList\",\"@id\":\"https:\/\/newsestlyonnais.fr\/site\/2022\/06\/12\/meyzieu-les-resultats-de-samedi-a-lopen-de-tennis-8\/#breadcrumb\",\"itemListElement\":[{\"@type\":\"ListItem\",\"position\":1,\"name\":\"Accueil\",\"item\":\"https:\/\/newsestlyonnais.fr\/site\/\"},{\"@type\":\"ListItem\",\"position\":2,\"name\":\"MEYZIEU | Les r\u00e9sultats de samedi \u00e0 l\u2019Open de Tennis\"}]},{\"@type\":\"WebSite\",\"@id\":\"https:\/\/newsestlyonnais.fr\/site\/#website\",\"url\":\"https:\/\/newsestlyonnais.fr\/site\/\",\"name\":\"News Est Lyonnais\",\"description\":\"L&#039;actualit\u00e9 au plus pr\u00e8s\",\"publisher\":{\"@id\":\"https:\/\/newsestlyonnais.fr\/site\/#organization\"},\"potentialAction\":[{\"@type\":\"SearchAction\",\"target\":{\"@type\":\"EntryPoint\",\"urlTemplate\":\"https:\/\/newsestlyonnais.fr\/site\/?s={search_term_string}\"},\"query-input\":{\"@type\":\"PropertyValueSpecification\",\"valueRequired\":true,\"valueName\":\"search_term_string\"}}],\"inLanguage\":\"fr-FR\"},{\"@type\":\"Organization\",\"@id\":\"https:\/\/newsestlyonnais.fr\/site\/#organization\",\"name\":\"News EST LYONNAIS\",\"url\":\"https:\/\/newsestlyonnais.fr\/site\/\",\"logo\":{\"@type\":\"ImageObject\",\"inLanguage\":\"fr-FR\",\"@id\":\"https:\/\/newsestlyonnais.fr\/site\/#\/schema\/logo\/image\/\",\"url\":\"\",\"contentUrl\":\"\",\"caption\":\"News EST LYONNAIS\"},\"image\":{\"@id\":\"https:\/\/newsestlyonnais.fr\/site\/#\/schema\/logo\/image\/\"}},{\"@type\":\"Person\",\"@id\":\"https:\/\/newsestlyonnais.fr\/site\/#\/schema\/person\/3230d5615f390bb808365d673001e887\",\"name\":\"R\u00e9dac. NEWS\",\"sameAs\":[\"http:\/\/www.newsestlyonnais.fr\",\"https:\/\/www.facebook.com\/pascal.oberson.1?fref=ts\",\"https:\/\/fr.linkedin.com\/in\/pascal-oberson-b17045113\"],\"url\":\"https:\/\/newsestlyonnais.fr\/site\/author\/nel\/\"}]}<\/script>\n<!-- \/ Yoast SEO plugin. -->","yoast_head_json":{"title":"MEYZIEU | Les r\u00e9sultats de samedi \u00e0 l\u2019Open de Tennis - News Est Lyonnais","description":"MEYZIEU | Les r\u00e9sultats de samedi \u00e0 l\u2019Open de Tennis","robots":{"index":"index","follow":"follow","max-snippet":"max-snippet:-1","max-image-preview":"max-image-preview:large","max-video-preview":"max-video-preview:-1"},"canonical":"https:\/\/newsestlyonnais.fr\/site\/2022\/06\/12\/meyzieu-les-resultats-de-samedi-a-lopen-de-tennis-8\/","og_locale":"fr_FR","og_type":"article","og_title":"MEYZIEU | Les r\u00e9sultats de samedi \u00e0 l\u2019Open de Tennis - News Est Lyonnais","og_description":"MEYZIEU | Les r\u00e9sultats de samedi \u00e0 l\u2019Open de Tennis","og_url":"https:\/\/newsestlyonnais.fr\/site\/2022\/06\/12\/meyzieu-les-resultats-de-samedi-a-lopen-de-tennis-8\/","og_site_name":"News Est Lyonnais","article_author":"https:\/\/www.facebook.com\/pascal.oberson.1?fref=ts","article_published_time":"2022-06-12T04:32:31+00:00","article_modified_time":"2022-06-14T05:01:10+00:00","og_image":[{"width":1200,"height":900,"url":"https:\/\/newsestlyonnais.fr\/site\/wp-content\/uploads\/2021\/06\/NEWSESTLYONNAIS-MEY-TENNIS-01.jpg","type":"image\/jpeg"}],"author":"R\u00e9dac. NEWS","twitter_card":"summary_large_image","twitter_misc":{"\u00c9crit par":"R\u00e9dac. NEWS","Dur\u00e9e de lecture estim\u00e9e":"2 minutes"},"schema":{"@context":"https:\/\/schema.org","@graph":[{"@type":"Article","@id":"https:\/\/newsestlyonnais.fr\/site\/2022\/06\/12\/meyzieu-les-resultats-de-samedi-a-lopen-de-tennis-8\/#article","isPartOf":{"@id":"https:\/\/newsestlyonnais.fr\/site\/2022\/06\/12\/meyzieu-les-resultats-de-samedi-a-lopen-de-tennis-8\/"},"author":{"name":"R\u00e9dac. NEWS","@id":"https:\/\/newsestlyonnais.fr\/site\/#\/schema\/person\/3230d5615f390bb808365d673001e887"},"headline":"MEYZIEU | Les r\u00e9sultats de samedi \u00e0 l\u2019Open de Tennis","datePublished":"2022-06-12T04:32:31+00:00","dateModified":"2022-06-14T05:01:10+00:00","mainEntityOfPage":{"@id":"https:\/\/newsestlyonnais.fr\/site\/2022\/06\/12\/meyzieu-les-resultats-de-samedi-a-lopen-de-tennis-8\/"},"wordCount":233,"commentCount":0,"publisher":{"@id":"https:\/\/newsestlyonnais.fr\/site\/#organization"},"image":{"@id":"https:\/\/newsestlyonnais.fr\/site\/2022\/06\/12\/meyzieu-les-resultats-de-samedi-a-lopen-de-tennis-8\/#primaryimage"},"thumbnailUrl":"https:\/\/newsestlyonnais.fr\/site\/wp-content\/uploads\/2021\/06\/NEWSESTLYONNAIS-MEY-TENNIS-01.jpg","keywords":["MEYZIEU","MEYZIEU TENNIS","OPEN","TENNIS"],"articleSection":["Meyzieu","Tennis | Padel","Tennis | Tennis de table"],"inLanguage":"fr-FR","potentialAction":[{"@type":"CommentAction","name":"Comment","target":["https:\/\/newsestlyonnais.fr\/site\/2022\/06\/12\/meyzieu-les-resultats-de-samedi-a-lopen-de-tennis-8\/#respond"]}]},{"@type":"WebPage","@id":"https:\/\/newsestlyonnais.fr\/site\/2022\/06\/12\/meyzieu-les-resultats-de-samedi-a-lopen-de-tennis-8\/","url":"https:\/\/newsestlyonnais.fr\/site\/2022\/06\/12\/meyzieu-les-resultats-de-samedi-a-lopen-de-tennis-8\/","name":"MEYZIEU | Les r\u00e9sultats de samedi \u00e0 l\u2019Open de Tennis - News Est Lyonnais","isPartOf":{"@id":"https:\/\/newsestlyonnais.fr\/site\/#website"},"primaryImageOfPage":{"@id":"https:\/\/newsestlyonnais.fr\/site\/2022\/06\/12\/meyzieu-les-resultats-de-samedi-a-lopen-de-tennis-8\/#primaryimage"},"image":{"@id":"https:\/\/newsestlyonnais.fr\/site\/2022\/06\/12\/meyzieu-les-resultats-de-samedi-a-lopen-de-tennis-8\/#primaryimage"},"thumbnailUrl":"https:\/\/newsestlyonnais.fr\/site\/wp-content\/uploads\/2021\/06\/NEWSESTLYONNAIS-MEY-TENNIS-01.jpg","datePublished":"2022-06-12T04:32:31+00:00","dateModified":"2022-06-14T05:01:10+00:00","description":"MEYZIEU | Les r\u00e9sultats de samedi \u00e0 l\u2019Open de Tennis","breadcrumb":{"@id":"https:\/\/newsestlyonnais.fr\/site\/2022\/06\/12\/meyzieu-les-resultats-de-samedi-a-lopen-de-tennis-8\/#breadcrumb"},"inLanguage":"fr-FR","potentialAction":[{"@type":"ReadAction","target":["https:\/\/newsestlyonnais.fr\/site\/2022\/06\/12\/meyzieu-les-resultats-de-samedi-a-lopen-de-tennis-8\/"]}]},{"@type":"ImageObject","inLanguage":"fr-FR","@id":"https:\/\/newsestlyonnais.fr\/site\/2022\/06\/12\/meyzieu-les-resultats-de-samedi-a-lopen-de-tennis-8\/#primaryimage","url":"https:\/\/newsestlyonnais.fr\/site\/wp-content\/uploads\/2021\/06\/NEWSESTLYONNAIS-MEY-TENNIS-01.jpg","contentUrl":"https:\/\/newsestlyonnais.fr\/site\/wp-content\/uploads\/2021\/06\/NEWSESTLYONNAIS-MEY-TENNIS-01.jpg","width":1200,"height":900},{"@type":"BreadcrumbList","@id":"https:\/\/newsestlyonnais.fr\/site\/2022\/06\/12\/meyzieu-les-resultats-de-samedi-a-lopen-de-tennis-8\/#breadcrumb","itemListElement":[{"@type":"ListItem","position":1,"name":"Accueil","item":"https:\/\/newsestlyonnais.fr\/site\/"},{"@type":"ListItem","position":2,"name":"MEYZIEU | Les r\u00e9sultats de samedi \u00e0 l\u2019Open de Tennis"}]},{"@type":"WebSite","@id":"https:\/\/newsestlyonnais.fr\/site\/#website","url":"https:\/\/newsestlyonnais.fr\/site\/","name":"News Est Lyonnais","description":"L&#039;actualit\u00e9 au plus pr\u00e8s","publisher":{"@id":"https:\/\/newsestlyonnais.fr\/site\/#organization"},"potentialAction":[{"@type":"SearchAction","target":{"@type":"EntryPoint","urlTemplate":"https:\/\/newsestlyonnais.fr\/site\/?s={search_term_string}"},"query-input":{"@type":"PropertyValueSpecification","valueRequired":true,"valueName":"search_term_string"}}],"inLanguage":"fr-FR"},{"@type":"Organization","@id":"https:\/\/newsestlyonnais.fr\/site\/#organization","name":"News EST LYONNAIS","url":"https:\/\/newsestlyonnais.fr\/site\/","logo":{"@type":"ImageObject","inLanguage":"fr-FR","@id":"https:\/\/newsestlyonnais.fr\/site\/#\/schema\/logo\/image\/","url":"","contentUrl":"","caption":"News EST LYONNAIS"},"image":{"@id":"https:\/\/newsestlyonnais.fr\/site\/#\/schema\/logo\/image\/"}},{"@type":"Person","@id":"https:\/\/newsestlyonnais.fr\/site\/#\/schema\/person\/3230d5615f390bb808365d673001e887","name":"R\u00e9dac. NEWS","sameAs":["http:\/\/www.newsestlyonnais.fr","https:\/\/www.facebook.com\/pascal.oberson.1?fref=ts","https:\/\/fr.linkedin.com\/in\/pascal-oberson-b17045113"],"url":"https:\/\/newsestlyonnais.fr\/site\/author\/nel\/"}]}},"_links":{"self":[{"href":"https:\/\/newsestlyonnais.fr\/site\/wp-json\/wp\/v2\/posts\/157304","targetHints":{"allow":["GET"]}}],"collection":[{"href":"https:\/\/newsestlyonnais.fr\/site\/wp-json\/wp\/v2\/posts"}],"about":[{"href":"https:\/\/newsestlyonnais.fr\/site\/wp-json\/wp\/v2\/types\/post"}],"author":[{"embeddable":true,"href":"https:\/\/newsestlyonnais.fr\/site\/wp-json\/wp\/v2\/users\/4"}],"replies":[{"embeddable":true,"href":"https:\/\/newsestlyonnais.fr\/site\/wp-json\/wp\/v2\/comments?post=157304"}],"version-history":[{"count":0,"href":"https:\/\/newsestlyonnais.fr\/site\/wp-json\/wp\/v2\/posts\/157304\/revisions"}],"wp:featuredmedia":[{"embeddable":true,"href":"https:\/\/newsestlyonnais.fr\/site\/wp-json\/wp\/v2\/media\/131315"}],"wp:attachment":[{"href":"https:\/\/newsestlyonnais.fr\/site\/wp-json\/wp\/v2\/media?parent=157304"}],"wp:term":[{"taxonomy":"category","embeddable":true,"href":"https:\/\/newsestlyonnais.fr\/site\/wp-json\/wp\/v2\/categories?post=157304"},{"taxonomy":"post_tag","embeddable":true,"href":"https:\/\/newsestlyonnais.fr\/site\/wp-json\/wp\/v2\/tags?post=157304"}],"curies":[{"name":"wp","href":"https:\/\/api.w.org\/{rel}","templated":true}]}}