{"id":15786,"date":"2016-11-14T08:26:44","date_gmt":"2016-11-14T07:26:44","guid":{"rendered":"http:\/\/newsestlyonnais.fr\/site\/?p=15786"},"modified":"2020-10-28T12:18:52","modified_gmt":"2020-10-28T11:18:52","slug":"vaulx-velin-halterophiles-ont-brille-aux-championnats-regionaux","status":"publish","type":"post","link":"https:\/\/newsestlyonnais.fr\/site\/2016\/11\/14\/vaulx-velin-halterophiles-ont-brille-aux-championnats-regionaux\/","title":{"rendered":"VAULX-EN-VELIN | Les halt\u00e9rophiles ont brill\u00e9 aux championnats r\u00e9gionaux"},"content":{"rendered":"<h4>Bon comportement des athl\u00e8tes du Club Halt\u00e9rophile de Vaulx en Velin lors des championnats r\u00e9gionaux d&rsquo;automne qui se sont d\u00e9roul\u00e9s samedi au Palais des Sports.<\/h4>\n<p>Se sont ainsi mis en \u00e9vidence:<\/p>\n<ul>\n<li><strong>Sarah Saint Aim\u00e9: <\/strong>r\u00e9ussit un total international B de 160 kg (senior 63 kg) et se qualifie pour les championnats de France seniors. Elle remporte de plus la cat\u00e9gorie senior en r\u00e9alisant un total IWF de 217,95.<\/li>\n<li><strong>Anne Sophie Pillou: <\/strong>r\u00e9ussit un total de 127 kg et se qualifie pour le championnat f\u00e9d\u00e9ral, ratant de peu (3 kg) la qualific<span class=\"text_exposed_show\">ation aux championnats de France seniors. Elle termine \u00e0 la 4\u00b0 place senior au classement IWF. <\/span><\/li>\n<li><span class=\"text_exposed_show\"><strong>Marie Fontana<\/strong>, apr\u00e8s une semaine fatigante, ne r\u00e9ussit pas de barre \u00e0 l&rsquo;arrach\u00e9, ce sera peut \u00eatre lors de la prochaine comp\u00e9tition qui aura lieu \u00e0 Blanc Mesnil pour le 2\u00b0 tour des championnats de France de Nationale 1. <\/span><\/li>\n<li><span class=\"text_exposed_show\"><strong>Clarisse Barbier<\/strong> se qualifie pour les championnats de France cadets et gagne une chance de qualification aux championnats de France s\u00e9nior en r\u00e9alisant un total international A de 133 kg en cadette 2, 58 kg.<\/span><\/li>\n<li><span class=\"text_exposed_show\"> Chez les gar\u00e7ons, <strong>Nordine Kessair<\/strong> r\u00e9ussit un beau match en arrachant 100 kg et avec un total de 217 kg termine \u00e0 la 5\u00b0 place au total IWF.<\/span><\/li>\n<\/ul>\n<p>Retrouvez toute l&rsquo;ACTU du club sur: <a href=\"http:\/\/h-c-vaulx-en-velin.e-monsite.com\" target=\"_blank\" rel=\"noopener noreferrer\">http:\/\/h-c-vaulx-en-velin.e-monsite.com<\/a><\/p>\n","protected":false},"excerpt":{"rendered":"<p>Bon comportement des athl\u00e8tes du Club Halt\u00e9rophile de Vaulx en Velin lors des championnats r\u00e9gionaux d&rsquo;automne qui se sont d\u00e9roul\u00e9s samedi au Palais des Sports. Se sont ainsi mis en \u00e9vidence: Sarah Saint Aim\u00e9: r\u00e9ussit un total international B de 160 kg (senior 63 kg) et se qualifie pour les championnats de France seniors. Elle [&hellip;]<\/p>\n","protected":false},"author":4,"featured_media":15788,"comment_status":"open","ping_status":"open","sticky":false,"template":"","format":"standard","meta":{"footnotes":""},"categories":[166,28],"tags":[],"class_list":["post-15786","post","type-post","status-publish","format-standard","has-post-thumbnail","hentry","category-divers-sports","category-vaulx-en-velin"],"yoast_head":"<!-- This site is optimized with the Yoast SEO plugin v27.2 - https:\/\/yoast.com\/product\/yoast-seo-wordpress\/ -->\n<title>VAULX-EN-VELIN | Les halt\u00e9rophiles ont brill\u00e9 aux championnats r\u00e9gionaux - News Est Lyonnais<\/title>\n<meta name=\"robots\" content=\"index, follow, max-snippet:-1, max-image-preview:large, max-video-preview:-1\" \/>\n<link rel=\"canonical\" href=\"https:\/\/newsestlyonnais.fr\/site\/2016\/11\/14\/vaulx-velin-halterophiles-ont-brille-aux-championnats-regionaux\/\" \/>\n<meta property=\"og:locale\" content=\"fr_FR\" \/>\n<meta property=\"og:type\" content=\"article\" \/>\n<meta property=\"og:title\" content=\"VAULX-EN-VELIN | Les halt\u00e9rophiles ont brill\u00e9 aux championnats r\u00e9gionaux - News Est Lyonnais\" \/>\n<meta property=\"og:description\" content=\"Bon comportement des athl\u00e8tes du Club Halt\u00e9rophile de Vaulx en Velin lors des championnats r\u00e9gionaux d&rsquo;automne qui se sont d\u00e9roul\u00e9s samedi au Palais des Sports. Se sont ainsi mis en \u00e9vidence: Sarah Saint Aim\u00e9: r\u00e9ussit un total international B de 160 kg (senior 63 kg) et se qualifie pour les championnats de France seniors. Elle [&hellip;]\" \/>\n<meta property=\"og:url\" content=\"https:\/\/newsestlyonnais.fr\/site\/2016\/11\/14\/vaulx-velin-halterophiles-ont-brille-aux-championnats-regionaux\/\" \/>\n<meta property=\"og:site_name\" content=\"News Est Lyonnais\" \/>\n<meta property=\"article:author\" content=\"https:\/\/www.facebook.com\/pascal.oberson.1?fref=ts\" \/>\n<meta property=\"article:published_time\" content=\"2016-11-14T07:26:44+00:00\" \/>\n<meta property=\"article:modified_time\" content=\"2020-10-28T11:18:52+00:00\" \/>\n<meta property=\"og:image\" content=\"https:\/\/i1.wp.com\/newsestlyonnais.fr\/site\/wp-content\/uploads\/2016\/11\/NEWSESTLYONNAIS-HALTERO-REGIONAUX.jpg?fit=1000%2C750&ssl=1\" \/>\n\t<meta property=\"og:image:width\" content=\"1000\" \/>\n\t<meta property=\"og:image:height\" content=\"750\" \/>\n\t<meta property=\"og:image:type\" content=\"image\/jpeg\" \/>\n<meta name=\"author\" content=\"R\u00e9dac. NEWS\" \/>\n<meta name=\"twitter:card\" content=\"summary_large_image\" \/>\n<meta name=\"twitter:label1\" content=\"\u00c9crit par\" \/>\n\t<meta name=\"twitter:data1\" content=\"R\u00e9dac. NEWS\" \/>\n\t<meta name=\"twitter:label2\" content=\"Dur\u00e9e de lecture estim\u00e9e\" \/>\n\t<meta name=\"twitter:data2\" content=\"1 minute\" \/>\n<script type=\"application\/ld+json\" class=\"yoast-schema-graph\">{\"@context\":\"https:\/\/schema.org\",\"@graph\":[{\"@type\":\"Article\",\"@id\":\"https:\/\/newsestlyonnais.fr\/site\/2016\/11\/14\/vaulx-velin-halterophiles-ont-brille-aux-championnats-regionaux\/#article\",\"isPartOf\":{\"@id\":\"https:\/\/newsestlyonnais.fr\/site\/2016\/11\/14\/vaulx-velin-halterophiles-ont-brille-aux-championnats-regionaux\/\"},\"author\":{\"name\":\"R\u00e9dac. NEWS\",\"@id\":\"https:\/\/newsestlyonnais.fr\/site\/#\/schema\/person\/3230d5615f390bb808365d673001e887\"},\"headline\":\"VAULX-EN-VELIN | Les halt\u00e9rophiles ont brill\u00e9 aux championnats r\u00e9gionaux\",\"datePublished\":\"2016-11-14T07:26:44+00:00\",\"dateModified\":\"2020-10-28T11:18:52+00:00\",\"mainEntityOfPage\":{\"@id\":\"https:\/\/newsestlyonnais.fr\/site\/2016\/11\/14\/vaulx-velin-halterophiles-ont-brille-aux-championnats-regionaux\/\"},\"wordCount\":231,\"commentCount\":0,\"publisher\":{\"@id\":\"https:\/\/newsestlyonnais.fr\/site\/#organization\"},\"image\":{\"@id\":\"https:\/\/newsestlyonnais.fr\/site\/2016\/11\/14\/vaulx-velin-halterophiles-ont-brille-aux-championnats-regionaux\/#primaryimage\"},\"thumbnailUrl\":\"https:\/\/newsestlyonnais.fr\/site\/wp-content\/uploads\/2016\/11\/NEWSESTLYONNAIS-HALTERO-REGIONAUX.jpg\",\"articleSection\":[\"Divers Sports\",\"Vaulx-en-Velin\"],\"inLanguage\":\"fr-FR\",\"potentialAction\":[{\"@type\":\"CommentAction\",\"name\":\"Comment\",\"target\":[\"https:\/\/newsestlyonnais.fr\/site\/2016\/11\/14\/vaulx-velin-halterophiles-ont-brille-aux-championnats-regionaux\/#respond\"]}]},{\"@type\":\"WebPage\",\"@id\":\"https:\/\/newsestlyonnais.fr\/site\/2016\/11\/14\/vaulx-velin-halterophiles-ont-brille-aux-championnats-regionaux\/\",\"url\":\"https:\/\/newsestlyonnais.fr\/site\/2016\/11\/14\/vaulx-velin-halterophiles-ont-brille-aux-championnats-regionaux\/\",\"name\":\"VAULX-EN-VELIN | Les halt\u00e9rophiles ont brill\u00e9 aux championnats r\u00e9gionaux - News Est Lyonnais\",\"isPartOf\":{\"@id\":\"https:\/\/newsestlyonnais.fr\/site\/#website\"},\"primaryImageOfPage\":{\"@id\":\"https:\/\/newsestlyonnais.fr\/site\/2016\/11\/14\/vaulx-velin-halterophiles-ont-brille-aux-championnats-regionaux\/#primaryimage\"},\"image\":{\"@id\":\"https:\/\/newsestlyonnais.fr\/site\/2016\/11\/14\/vaulx-velin-halterophiles-ont-brille-aux-championnats-regionaux\/#primaryimage\"},\"thumbnailUrl\":\"https:\/\/newsestlyonnais.fr\/site\/wp-content\/uploads\/2016\/11\/NEWSESTLYONNAIS-HALTERO-REGIONAUX.jpg\",\"datePublished\":\"2016-11-14T07:26:44+00:00\",\"dateModified\":\"2020-10-28T11:18:52+00:00\",\"breadcrumb\":{\"@id\":\"https:\/\/newsestlyonnais.fr\/site\/2016\/11\/14\/vaulx-velin-halterophiles-ont-brille-aux-championnats-regionaux\/#breadcrumb\"},\"inLanguage\":\"fr-FR\",\"potentialAction\":[{\"@type\":\"ReadAction\",\"target\":[\"https:\/\/newsestlyonnais.fr\/site\/2016\/11\/14\/vaulx-velin-halterophiles-ont-brille-aux-championnats-regionaux\/\"]}]},{\"@type\":\"ImageObject\",\"inLanguage\":\"fr-FR\",\"@id\":\"https:\/\/newsestlyonnais.fr\/site\/2016\/11\/14\/vaulx-velin-halterophiles-ont-brille-aux-championnats-regionaux\/#primaryimage\",\"url\":\"https:\/\/newsestlyonnais.fr\/site\/wp-content\/uploads\/2016\/11\/NEWSESTLYONNAIS-HALTERO-REGIONAUX.jpg\",\"contentUrl\":\"https:\/\/newsestlyonnais.fr\/site\/wp-content\/uploads\/2016\/11\/NEWSESTLYONNAIS-HALTERO-REGIONAUX.jpg\",\"width\":1000,\"height\":750,\"caption\":\"newsestlyonnais-haltero-regionaux\"},{\"@type\":\"BreadcrumbList\",\"@id\":\"https:\/\/newsestlyonnais.fr\/site\/2016\/11\/14\/vaulx-velin-halterophiles-ont-brille-aux-championnats-regionaux\/#breadcrumb\",\"itemListElement\":[{\"@type\":\"ListItem\",\"position\":1,\"name\":\"Accueil\",\"item\":\"https:\/\/newsestlyonnais.fr\/site\/\"},{\"@type\":\"ListItem\",\"position\":2,\"name\":\"VAULX-EN-VELIN | Les halt\u00e9rophiles ont brill\u00e9 aux championnats r\u00e9gionaux\"}]},{\"@type\":\"WebSite\",\"@id\":\"https:\/\/newsestlyonnais.fr\/site\/#website\",\"url\":\"https:\/\/newsestlyonnais.fr\/site\/\",\"name\":\"News Est Lyonnais\",\"description\":\"L&#039;actualit\u00e9 au plus pr\u00e8s\",\"publisher\":{\"@id\":\"https:\/\/newsestlyonnais.fr\/site\/#organization\"},\"potentialAction\":[{\"@type\":\"SearchAction\",\"target\":{\"@type\":\"EntryPoint\",\"urlTemplate\":\"https:\/\/newsestlyonnais.fr\/site\/?s={search_term_string}\"},\"query-input\":{\"@type\":\"PropertyValueSpecification\",\"valueRequired\":true,\"valueName\":\"search_term_string\"}}],\"inLanguage\":\"fr-FR\"},{\"@type\":\"Organization\",\"@id\":\"https:\/\/newsestlyonnais.fr\/site\/#organization\",\"name\":\"News EST LYONNAIS\",\"url\":\"https:\/\/newsestlyonnais.fr\/site\/\",\"logo\":{\"@type\":\"ImageObject\",\"inLanguage\":\"fr-FR\",\"@id\":\"https:\/\/newsestlyonnais.fr\/site\/#\/schema\/logo\/image\/\",\"url\":\"\",\"contentUrl\":\"\",\"caption\":\"News EST LYONNAIS\"},\"image\":{\"@id\":\"https:\/\/newsestlyonnais.fr\/site\/#\/schema\/logo\/image\/\"}},{\"@type\":\"Person\",\"@id\":\"https:\/\/newsestlyonnais.fr\/site\/#\/schema\/person\/3230d5615f390bb808365d673001e887\",\"name\":\"R\u00e9dac. NEWS\",\"sameAs\":[\"http:\/\/www.newsestlyonnais.fr\",\"https:\/\/www.facebook.com\/pascal.oberson.1?fref=ts\",\"https:\/\/fr.linkedin.com\/in\/pascal-oberson-b17045113\"],\"url\":\"https:\/\/newsestlyonnais.fr\/site\/author\/nel\/\"}]}<\/script>\n<!-- \/ Yoast SEO plugin. -->","yoast_head_json":{"title":"VAULX-EN-VELIN | Les halt\u00e9rophiles ont brill\u00e9 aux championnats r\u00e9gionaux - News Est Lyonnais","robots":{"index":"index","follow":"follow","max-snippet":"max-snippet:-1","max-image-preview":"max-image-preview:large","max-video-preview":"max-video-preview:-1"},"canonical":"https:\/\/newsestlyonnais.fr\/site\/2016\/11\/14\/vaulx-velin-halterophiles-ont-brille-aux-championnats-regionaux\/","og_locale":"fr_FR","og_type":"article","og_title":"VAULX-EN-VELIN | Les halt\u00e9rophiles ont brill\u00e9 aux championnats r\u00e9gionaux - News Est Lyonnais","og_description":"Bon comportement des athl\u00e8tes du Club Halt\u00e9rophile de Vaulx en Velin lors des championnats r\u00e9gionaux d&rsquo;automne qui se sont d\u00e9roul\u00e9s samedi au Palais des Sports. Se sont ainsi mis en \u00e9vidence: Sarah Saint Aim\u00e9: r\u00e9ussit un total international B de 160 kg (senior 63 kg) et se qualifie pour les championnats de France seniors. Elle [&hellip;]","og_url":"https:\/\/newsestlyonnais.fr\/site\/2016\/11\/14\/vaulx-velin-halterophiles-ont-brille-aux-championnats-regionaux\/","og_site_name":"News Est Lyonnais","article_author":"https:\/\/www.facebook.com\/pascal.oberson.1?fref=ts","article_published_time":"2016-11-14T07:26:44+00:00","article_modified_time":"2020-10-28T11:18:52+00:00","og_image":[{"width":1000,"height":750,"url":"https:\/\/i1.wp.com\/newsestlyonnais.fr\/site\/wp-content\/uploads\/2016\/11\/NEWSESTLYONNAIS-HALTERO-REGIONAUX.jpg?fit=1000%2C750&ssl=1","type":"image\/jpeg"}],"author":"R\u00e9dac. NEWS","twitter_card":"summary_large_image","twitter_misc":{"\u00c9crit par":"R\u00e9dac. NEWS","Dur\u00e9e de lecture estim\u00e9e":"1 minute"},"schema":{"@context":"https:\/\/schema.org","@graph":[{"@type":"Article","@id":"https:\/\/newsestlyonnais.fr\/site\/2016\/11\/14\/vaulx-velin-halterophiles-ont-brille-aux-championnats-regionaux\/#article","isPartOf":{"@id":"https:\/\/newsestlyonnais.fr\/site\/2016\/11\/14\/vaulx-velin-halterophiles-ont-brille-aux-championnats-regionaux\/"},"author":{"name":"R\u00e9dac. NEWS","@id":"https:\/\/newsestlyonnais.fr\/site\/#\/schema\/person\/3230d5615f390bb808365d673001e887"},"headline":"VAULX-EN-VELIN | Les halt\u00e9rophiles ont brill\u00e9 aux championnats r\u00e9gionaux","datePublished":"2016-11-14T07:26:44+00:00","dateModified":"2020-10-28T11:18:52+00:00","mainEntityOfPage":{"@id":"https:\/\/newsestlyonnais.fr\/site\/2016\/11\/14\/vaulx-velin-halterophiles-ont-brille-aux-championnats-regionaux\/"},"wordCount":231,"commentCount":0,"publisher":{"@id":"https:\/\/newsestlyonnais.fr\/site\/#organization"},"image":{"@id":"https:\/\/newsestlyonnais.fr\/site\/2016\/11\/14\/vaulx-velin-halterophiles-ont-brille-aux-championnats-regionaux\/#primaryimage"},"thumbnailUrl":"https:\/\/newsestlyonnais.fr\/site\/wp-content\/uploads\/2016\/11\/NEWSESTLYONNAIS-HALTERO-REGIONAUX.jpg","articleSection":["Divers Sports","Vaulx-en-Velin"],"inLanguage":"fr-FR","potentialAction":[{"@type":"CommentAction","name":"Comment","target":["https:\/\/newsestlyonnais.fr\/site\/2016\/11\/14\/vaulx-velin-halterophiles-ont-brille-aux-championnats-regionaux\/#respond"]}]},{"@type":"WebPage","@id":"https:\/\/newsestlyonnais.fr\/site\/2016\/11\/14\/vaulx-velin-halterophiles-ont-brille-aux-championnats-regionaux\/","url":"https:\/\/newsestlyonnais.fr\/site\/2016\/11\/14\/vaulx-velin-halterophiles-ont-brille-aux-championnats-regionaux\/","name":"VAULX-EN-VELIN | Les halt\u00e9rophiles ont brill\u00e9 aux championnats r\u00e9gionaux - News Est Lyonnais","isPartOf":{"@id":"https:\/\/newsestlyonnais.fr\/site\/#website"},"primaryImageOfPage":{"@id":"https:\/\/newsestlyonnais.fr\/site\/2016\/11\/14\/vaulx-velin-halterophiles-ont-brille-aux-championnats-regionaux\/#primaryimage"},"image":{"@id":"https:\/\/newsestlyonnais.fr\/site\/2016\/11\/14\/vaulx-velin-halterophiles-ont-brille-aux-championnats-regionaux\/#primaryimage"},"thumbnailUrl":"https:\/\/newsestlyonnais.fr\/site\/wp-content\/uploads\/2016\/11\/NEWSESTLYONNAIS-HALTERO-REGIONAUX.jpg","datePublished":"2016-11-14T07:26:44+00:00","dateModified":"2020-10-28T11:18:52+00:00","breadcrumb":{"@id":"https:\/\/newsestlyonnais.fr\/site\/2016\/11\/14\/vaulx-velin-halterophiles-ont-brille-aux-championnats-regionaux\/#breadcrumb"},"inLanguage":"fr-FR","potentialAction":[{"@type":"ReadAction","target":["https:\/\/newsestlyonnais.fr\/site\/2016\/11\/14\/vaulx-velin-halterophiles-ont-brille-aux-championnats-regionaux\/"]}]},{"@type":"ImageObject","inLanguage":"fr-FR","@id":"https:\/\/newsestlyonnais.fr\/site\/2016\/11\/14\/vaulx-velin-halterophiles-ont-brille-aux-championnats-regionaux\/#primaryimage","url":"https:\/\/newsestlyonnais.fr\/site\/wp-content\/uploads\/2016\/11\/NEWSESTLYONNAIS-HALTERO-REGIONAUX.jpg","contentUrl":"https:\/\/newsestlyonnais.fr\/site\/wp-content\/uploads\/2016\/11\/NEWSESTLYONNAIS-HALTERO-REGIONAUX.jpg","width":1000,"height":750,"caption":"newsestlyonnais-haltero-regionaux"},{"@type":"BreadcrumbList","@id":"https:\/\/newsestlyonnais.fr\/site\/2016\/11\/14\/vaulx-velin-halterophiles-ont-brille-aux-championnats-regionaux\/#breadcrumb","itemListElement":[{"@type":"ListItem","position":1,"name":"Accueil","item":"https:\/\/newsestlyonnais.fr\/site\/"},{"@type":"ListItem","position":2,"name":"VAULX-EN-VELIN | Les halt\u00e9rophiles ont brill\u00e9 aux championnats r\u00e9gionaux"}]},{"@type":"WebSite","@id":"https:\/\/newsestlyonnais.fr\/site\/#website","url":"https:\/\/newsestlyonnais.fr\/site\/","name":"News Est Lyonnais","description":"L&#039;actualit\u00e9 au plus pr\u00e8s","publisher":{"@id":"https:\/\/newsestlyonnais.fr\/site\/#organization"},"potentialAction":[{"@type":"SearchAction","target":{"@type":"EntryPoint","urlTemplate":"https:\/\/newsestlyonnais.fr\/site\/?s={search_term_string}"},"query-input":{"@type":"PropertyValueSpecification","valueRequired":true,"valueName":"search_term_string"}}],"inLanguage":"fr-FR"},{"@type":"Organization","@id":"https:\/\/newsestlyonnais.fr\/site\/#organization","name":"News EST LYONNAIS","url":"https:\/\/newsestlyonnais.fr\/site\/","logo":{"@type":"ImageObject","inLanguage":"fr-FR","@id":"https:\/\/newsestlyonnais.fr\/site\/#\/schema\/logo\/image\/","url":"","contentUrl":"","caption":"News EST LYONNAIS"},"image":{"@id":"https:\/\/newsestlyonnais.fr\/site\/#\/schema\/logo\/image\/"}},{"@type":"Person","@id":"https:\/\/newsestlyonnais.fr\/site\/#\/schema\/person\/3230d5615f390bb808365d673001e887","name":"R\u00e9dac. NEWS","sameAs":["http:\/\/www.newsestlyonnais.fr","https:\/\/www.facebook.com\/pascal.oberson.1?fref=ts","https:\/\/fr.linkedin.com\/in\/pascal-oberson-b17045113"],"url":"https:\/\/newsestlyonnais.fr\/site\/author\/nel\/"}]}},"_links":{"self":[{"href":"https:\/\/newsestlyonnais.fr\/site\/wp-json\/wp\/v2\/posts\/15786","targetHints":{"allow":["GET"]}}],"collection":[{"href":"https:\/\/newsestlyonnais.fr\/site\/wp-json\/wp\/v2\/posts"}],"about":[{"href":"https:\/\/newsestlyonnais.fr\/site\/wp-json\/wp\/v2\/types\/post"}],"author":[{"embeddable":true,"href":"https:\/\/newsestlyonnais.fr\/site\/wp-json\/wp\/v2\/users\/4"}],"replies":[{"embeddable":true,"href":"https:\/\/newsestlyonnais.fr\/site\/wp-json\/wp\/v2\/comments?post=15786"}],"version-history":[{"count":0,"href":"https:\/\/newsestlyonnais.fr\/site\/wp-json\/wp\/v2\/posts\/15786\/revisions"}],"wp:featuredmedia":[{"embeddable":true,"href":"https:\/\/newsestlyonnais.fr\/site\/wp-json\/wp\/v2\/media\/15788"}],"wp:attachment":[{"href":"https:\/\/newsestlyonnais.fr\/site\/wp-json\/wp\/v2\/media?parent=15786"}],"wp:term":[{"taxonomy":"category","embeddable":true,"href":"https:\/\/newsestlyonnais.fr\/site\/wp-json\/wp\/v2\/categories?post=15786"},{"taxonomy":"post_tag","embeddable":true,"href":"https:\/\/newsestlyonnais.fr\/site\/wp-json\/wp\/v2\/tags?post=15786"}],"curies":[{"name":"wp","href":"https:\/\/api.w.org\/{rel}","templated":true}]}}