{"id":15791,"date":"2016-11-15T11:02:30","date_gmt":"2016-11-15T10:02:30","guid":{"rendered":"http:\/\/newsestlyonnais.fr\/site\/?p=15791"},"modified":"2020-10-31T10:56:35","modified_gmt":"2020-10-31T09:56:35","slug":"villeurbanne-120-participants-1-cyclo-cross-de-feyssine","status":"publish","type":"post","link":"https:\/\/newsestlyonnais.fr\/site\/2016\/11\/15\/villeurbanne-120-participants-1-cyclo-cross-de-feyssine\/","title":{"rendered":"VILLEURBANNE | 120 participants au 1\u00b0 Cyclo-cross de la Feyssine"},"content":{"rendered":"<h4>L&rsquo;ECO Villeurbanne organisait dimanche apr\u00e8s-midi le 1\u00b0 cyclo-cross de la Feyssine, \u00e9preuve support du championnat du Rh\u00f4ne FSGT.<\/h4>\n<p>\u00ab\u00a0Une premi\u00e8re \u00e9dition qui aura rassembl\u00e9 120 participants (dont une trentaine d&rsquo;enfants) et mobilis\u00e9 25 b\u00e9n\u00e9voles. Ils se sont produits sur un circuit de 2,5 kilom\u00e8tres, plut\u00f4t roulant et un peu gras avec quelques parties sinueuses dans les bois et que nous avons durci avec des planches. On notera la pr\u00e9sence des clubs phares du d\u00e9partement (Oullins, Vaulx en Velin, Brignais et Moulin \u00e0 Vent) et d&rsquo;une vingtaine de membres de l&rsquo;ECO qui se sont bien comport\u00e9s\u00a0\u00bb. confie Gilles Negrignat, pr\u00e9sident du club organisateur.<\/p>\n<p><strong>Les classements<\/strong>:<\/p>\n<ul>\n<li><span style=\"text-decoration: underline\">Adultes (grand circuit)<\/span>:\u00a0 1\u00b0: R\u00e9mi Lambert (EC Duquesne Oullins) &amp; 1\u00b0 Khelifa Gamra (EC Duquesne Oullins), 3\u00b0 Eric Chautemps (VC Lagnieu).<\/li>\n<li><span style=\"text-decoration: underline\">Cadets (circuit moyen, 1500 m)<\/span>: 1\u00b0 Yoann Dufourt (VC\u00a0 Brignais), 2\u00b0 Antoine Peillon (EC Duquesne Oullins), 3\u00b0 Annia Cloez (VC Vaulx en Velin).<\/li>\n<li><span style=\"text-decoration: underline\">Minimes (circuit moyen):<\/span> 1\u00b0 Adriana Torres (VC Vaulx en Velin), 2\u00b0 Romain Colantonio (Lyon Sprint Evolution), 3\u00b0 Johan Pecou (AC Lyon Vaise).<\/li>\n<li><span style=\"text-decoration: underline\">Benjamins: (circuit moyen)<\/span>: 1\u00b0 Matheis Cloez (VC Vaulx en Velin), 2 \u00b0 F\u00e9lix Kirklar (VC Brignais), 3\u00b0 Baptiste VAVRE (VC Vaulx-en-Velin)<\/li>\n<li><span style=\"text-decoration: underline\">Pupilles (petit circuit, 750 m)<\/span>: 1\u00b0 L\u00e9andre Chirio (ECO Villeurbanne), 2\u00b0 Enzo Favre (Non licenci\u00e9), 3\u00b0 Oc\u00e9ane Vavre (VC Vaulx en Velin).<\/li>\n<li><span style=\"text-decoration: underline\">Poussins (petit circuit)<\/span>: 1\u00b0 Dylan Telo Servan (VC Vaulx en Velin), 2\u00b0 Corentin Lambourg (ECO Villeurbanne), 3\u00b0 Lazzio Lamouille (VC Vaulx en Velin)<\/li>\n<\/ul>\n<div id='gallery-1' class='gallery galleryid-15791 gallery-columns-3 gallery-size-thumbnail'><figure class='gallery-item'>\n\t\t\t<div class='gallery-icon landscape'>\n\t\t\t\t<a href='https:\/\/newsestlyonnais.fr\/site\/2016\/11\/15\/villeurbanne-120-participants-1-cyclo-cross-de-feyssine\/newsestlyonnais-cyclo-feyssine\/'><img loading=\"lazy\" decoding=\"async\" width=\"150\" height=\"150\" src=\"https:\/\/newsestlyonnais.fr\/site\/wp-content\/uploads\/2016\/11\/NEWSESTLYONNAIS-CYCLO-FEYSSINE-150x150.jpg\" class=\"attachment-thumbnail size-thumbnail\" alt=\"newsestlyonnais-cyclo-feyssine\" aria-describedby=\"gallery-1-15857\" \/><\/a>\n\t\t\t<\/div>\n\t\t\t\t<figcaption class='wp-caption-text gallery-caption' id='gallery-1-15857'>\n\t\t\t\tForte participation pour cette 1\u00b0 \u00e9dition\n\t\t\t\t<\/figcaption><\/figure><figure class='gallery-item'>\n\t\t\t<div class='gallery-icon landscape'>\n\t\t\t\t<a href='https:\/\/newsestlyonnais.fr\/site\/2016\/11\/15\/villeurbanne-120-participants-1-cyclo-cross-de-feyssine\/newsestlyonnais-cyclo-feyssine-arrivee\/'><img loading=\"lazy\" decoding=\"async\" width=\"150\" height=\"150\" src=\"https:\/\/newsestlyonnais.fr\/site\/wp-content\/uploads\/2016\/11\/NEWSESTLYONNAIS-cyclo-feyssine-arriv\u00e9e-150x150.jpg\" class=\"attachment-thumbnail size-thumbnail\" alt=\"newsestlyonnais-cyclo-feyssine-arrivee\" aria-describedby=\"gallery-1-15853\" \/><\/a>\n\t\t\t<\/div>\n\t\t\t\t<figcaption class='wp-caption-text gallery-caption' id='gallery-1-15853'>\n\t\t\t\tR\u00e9mi Lambert et Khelifa Gamra arrivent ensemble \n\t\t\t\t<\/figcaption><\/figure><figure class='gallery-item'>\n\t\t\t<div class='gallery-icon landscape'>\n\t\t\t\t<a href='https:\/\/newsestlyonnais.fr\/site\/2016\/11\/15\/villeurbanne-120-participants-1-cyclo-cross-de-feyssine\/newsestlyonnais-vainqueurs-cyclo\/'><img loading=\"lazy\" decoding=\"async\" width=\"150\" height=\"150\" src=\"https:\/\/newsestlyonnais.fr\/site\/wp-content\/uploads\/2016\/11\/NEWSESTLYONNAIS-VAINQUEURS-CYCLO-150x150.jpg\" class=\"attachment-thumbnail size-thumbnail\" alt=\"newsestlyonnais-vainqueurs-cyclo\" aria-describedby=\"gallery-1-15855\" \/><\/a>\n\t\t\t<\/div>\n\t\t\t\t<figcaption class='wp-caption-text gallery-caption' id='gallery-1-15855'>\n\t\t\t\tLes vainqueurs apr\u00e8s l&rsquo;arriv\u00e9e ! \n\t\t\t\t<\/figcaption><\/figure><figure class='gallery-item'>\n\t\t\t<div class='gallery-icon landscape'>\n\t\t\t\t<a href='https:\/\/newsestlyonnais.fr\/site\/2016\/11\/15\/villeurbanne-120-participants-1-cyclo-cross-de-feyssine\/newsestlyonnais-cyclo-jeunes\/'><img loading=\"lazy\" decoding=\"async\" width=\"150\" height=\"150\" src=\"https:\/\/newsestlyonnais.fr\/site\/wp-content\/uploads\/2016\/11\/NEWSESTLYONNAIS-CYCLO-JEUNES-150x150.jpg\" class=\"attachment-thumbnail size-thumbnail\" alt=\"newsestlyonnais-cyclo-jeunes\" aria-describedby=\"gallery-1-15859\" \/><\/a>\n\t\t\t<\/div>\n\t\t\t\t<figcaption class='wp-caption-text gallery-caption' id='gallery-1-15859'>\n\t\t\t\t30 enfants pr\u00e9sents dans 5 cat\u00e9gories d&rsquo;\u00e2ges\n\t\t\t\t<\/figcaption><\/figure>\n\t\t<\/div>\n\n","protected":false},"excerpt":{"rendered":"<p>L&rsquo;ECO Villeurbanne organisait dimanche apr\u00e8s-midi le 1\u00b0 cyclo-cross de la Feyssine, \u00e9preuve support du championnat du Rh\u00f4ne FSGT. \u00ab\u00a0Une premi\u00e8re \u00e9dition qui aura rassembl\u00e9 120 participants (dont une trentaine d&rsquo;enfants) et mobilis\u00e9 25 b\u00e9n\u00e9voles. Ils se sont produits sur un circuit de 2,5 kilom\u00e8tres, plut\u00f4t roulant et un peu gras avec quelques parties sinueuses dans [&hellip;]<\/p>\n","protected":false},"author":4,"featured_media":15793,"comment_status":"open","ping_status":"open","sticky":false,"template":"","format":"standard","meta":{"footnotes":""},"categories":[2969,29],"tags":[],"class_list":["post-15791","post","type-post","status-publish","format-standard","has-post-thumbnail","hentry","category-cyclisme-cyclo-vtt","category-villeurbanne"],"yoast_head":"<!-- This site is optimized with the Yoast SEO plugin v27.2 - https:\/\/yoast.com\/product\/yoast-seo-wordpress\/ -->\n<title>VILLEURBANNE | 120 participants au 1\u00b0 Cyclo-cross de la Feyssine - News Est Lyonnais<\/title>\n<meta name=\"robots\" content=\"index, follow, max-snippet:-1, max-image-preview:large, max-video-preview:-1\" \/>\n<link rel=\"canonical\" href=\"https:\/\/newsestlyonnais.fr\/site\/2016\/11\/15\/villeurbanne-120-participants-1-cyclo-cross-de-feyssine\/\" \/>\n<meta property=\"og:locale\" content=\"fr_FR\" \/>\n<meta property=\"og:type\" content=\"article\" \/>\n<meta property=\"og:title\" content=\"VILLEURBANNE | 120 participants au 1\u00b0 Cyclo-cross de la Feyssine - News Est Lyonnais\" \/>\n<meta property=\"og:description\" content=\"L&rsquo;ECO Villeurbanne organisait dimanche apr\u00e8s-midi le 1\u00b0 cyclo-cross de la Feyssine, \u00e9preuve support du championnat du Rh\u00f4ne FSGT. \u00ab\u00a0Une premi\u00e8re \u00e9dition qui aura rassembl\u00e9 120 participants (dont une trentaine d&rsquo;enfants) et mobilis\u00e9 25 b\u00e9n\u00e9voles. Ils se sont produits sur un circuit de 2,5 kilom\u00e8tres, plut\u00f4t roulant et un peu gras avec quelques parties sinueuses dans [&hellip;]\" \/>\n<meta property=\"og:url\" content=\"https:\/\/newsestlyonnais.fr\/site\/2016\/11\/15\/villeurbanne-120-participants-1-cyclo-cross-de-feyssine\/\" \/>\n<meta property=\"og:site_name\" content=\"News Est Lyonnais\" \/>\n<meta property=\"article:author\" content=\"https:\/\/www.facebook.com\/pascal.oberson.1?fref=ts\" \/>\n<meta property=\"article:published_time\" content=\"2016-11-15T10:02:30+00:00\" \/>\n<meta property=\"article:modified_time\" content=\"2020-10-31T09:56:35+00:00\" \/>\n<meta property=\"og:image\" content=\"https:\/\/i2.wp.com\/newsestlyonnais.fr\/site\/wp-content\/uploads\/2016\/11\/NEWSESTLYONNAIS-CYCLO-CROSS-FEYSSINE.jpg?fit=1000%2C750&ssl=1\" \/>\n\t<meta property=\"og:image:width\" content=\"1000\" \/>\n\t<meta property=\"og:image:height\" content=\"750\" \/>\n\t<meta property=\"og:image:type\" content=\"image\/jpeg\" \/>\n<meta name=\"author\" content=\"R\u00e9dac. NEWS\" \/>\n<meta name=\"twitter:card\" content=\"summary_large_image\" \/>\n<meta name=\"twitter:label1\" content=\"\u00c9crit par\" \/>\n\t<meta name=\"twitter:data1\" content=\"R\u00e9dac. NEWS\" \/>\n\t<meta name=\"twitter:label2\" content=\"Dur\u00e9e de lecture estim\u00e9e\" \/>\n\t<meta name=\"twitter:data2\" content=\"1 minute\" \/>\n<script type=\"application\/ld+json\" class=\"yoast-schema-graph\">{\"@context\":\"https:\/\/schema.org\",\"@graph\":[{\"@type\":\"Article\",\"@id\":\"https:\/\/newsestlyonnais.fr\/site\/2016\/11\/15\/villeurbanne-120-participants-1-cyclo-cross-de-feyssine\/#article\",\"isPartOf\":{\"@id\":\"https:\/\/newsestlyonnais.fr\/site\/2016\/11\/15\/villeurbanne-120-participants-1-cyclo-cross-de-feyssine\/\"},\"author\":{\"name\":\"R\u00e9dac. NEWS\",\"@id\":\"https:\/\/newsestlyonnais.fr\/site\/#\/schema\/person\/3230d5615f390bb808365d673001e887\"},\"headline\":\"VILLEURBANNE | 120 participants au 1\u00b0 Cyclo-cross de la Feyssine\",\"datePublished\":\"2016-11-15T10:02:30+00:00\",\"dateModified\":\"2020-10-31T09:56:35+00:00\",\"mainEntityOfPage\":{\"@id\":\"https:\/\/newsestlyonnais.fr\/site\/2016\/11\/15\/villeurbanne-120-participants-1-cyclo-cross-de-feyssine\/\"},\"wordCount\":240,\"commentCount\":2,\"publisher\":{\"@id\":\"https:\/\/newsestlyonnais.fr\/site\/#organization\"},\"image\":{\"@id\":\"https:\/\/newsestlyonnais.fr\/site\/2016\/11\/15\/villeurbanne-120-participants-1-cyclo-cross-de-feyssine\/#primaryimage\"},\"thumbnailUrl\":\"https:\/\/newsestlyonnais.fr\/site\/wp-content\/uploads\/2016\/11\/NEWSESTLYONNAIS-CYCLO-CROSS-FEYSSINE.jpg\",\"articleSection\":[\"Cyclisme | Cyclo | Vtt\",\"Villeurbanne\"],\"inLanguage\":\"fr-FR\",\"potentialAction\":[{\"@type\":\"CommentAction\",\"name\":\"Comment\",\"target\":[\"https:\/\/newsestlyonnais.fr\/site\/2016\/11\/15\/villeurbanne-120-participants-1-cyclo-cross-de-feyssine\/#respond\"]}]},{\"@type\":\"WebPage\",\"@id\":\"https:\/\/newsestlyonnais.fr\/site\/2016\/11\/15\/villeurbanne-120-participants-1-cyclo-cross-de-feyssine\/\",\"url\":\"https:\/\/newsestlyonnais.fr\/site\/2016\/11\/15\/villeurbanne-120-participants-1-cyclo-cross-de-feyssine\/\",\"name\":\"VILLEURBANNE | 120 participants au 1\u00b0 Cyclo-cross de la Feyssine - News Est Lyonnais\",\"isPartOf\":{\"@id\":\"https:\/\/newsestlyonnais.fr\/site\/#website\"},\"primaryImageOfPage\":{\"@id\":\"https:\/\/newsestlyonnais.fr\/site\/2016\/11\/15\/villeurbanne-120-participants-1-cyclo-cross-de-feyssine\/#primaryimage\"},\"image\":{\"@id\":\"https:\/\/newsestlyonnais.fr\/site\/2016\/11\/15\/villeurbanne-120-participants-1-cyclo-cross-de-feyssine\/#primaryimage\"},\"thumbnailUrl\":\"https:\/\/newsestlyonnais.fr\/site\/wp-content\/uploads\/2016\/11\/NEWSESTLYONNAIS-CYCLO-CROSS-FEYSSINE.jpg\",\"datePublished\":\"2016-11-15T10:02:30+00:00\",\"dateModified\":\"2020-10-31T09:56:35+00:00\",\"breadcrumb\":{\"@id\":\"https:\/\/newsestlyonnais.fr\/site\/2016\/11\/15\/villeurbanne-120-participants-1-cyclo-cross-de-feyssine\/#breadcrumb\"},\"inLanguage\":\"fr-FR\",\"potentialAction\":[{\"@type\":\"ReadAction\",\"target\":[\"https:\/\/newsestlyonnais.fr\/site\/2016\/11\/15\/villeurbanne-120-participants-1-cyclo-cross-de-feyssine\/\"]}]},{\"@type\":\"ImageObject\",\"inLanguage\":\"fr-FR\",\"@id\":\"https:\/\/newsestlyonnais.fr\/site\/2016\/11\/15\/villeurbanne-120-participants-1-cyclo-cross-de-feyssine\/#primaryimage\",\"url\":\"https:\/\/newsestlyonnais.fr\/site\/wp-content\/uploads\/2016\/11\/NEWSESTLYONNAIS-CYCLO-CROSS-FEYSSINE.jpg\",\"contentUrl\":\"https:\/\/newsestlyonnais.fr\/site\/wp-content\/uploads\/2016\/11\/NEWSESTLYONNAIS-CYCLO-CROSS-FEYSSINE.jpg\",\"width\":1000,\"height\":750},{\"@type\":\"BreadcrumbList\",\"@id\":\"https:\/\/newsestlyonnais.fr\/site\/2016\/11\/15\/villeurbanne-120-participants-1-cyclo-cross-de-feyssine\/#breadcrumb\",\"itemListElement\":[{\"@type\":\"ListItem\",\"position\":1,\"name\":\"Accueil\",\"item\":\"https:\/\/newsestlyonnais.fr\/site\/\"},{\"@type\":\"ListItem\",\"position\":2,\"name\":\"VILLEURBANNE | 120 participants au 1\u00b0 Cyclo-cross de la Feyssine\"}]},{\"@type\":\"WebSite\",\"@id\":\"https:\/\/newsestlyonnais.fr\/site\/#website\",\"url\":\"https:\/\/newsestlyonnais.fr\/site\/\",\"name\":\"News Est Lyonnais\",\"description\":\"L&#039;actualit\u00e9 au plus pr\u00e8s\",\"publisher\":{\"@id\":\"https:\/\/newsestlyonnais.fr\/site\/#organization\"},\"potentialAction\":[{\"@type\":\"SearchAction\",\"target\":{\"@type\":\"EntryPoint\",\"urlTemplate\":\"https:\/\/newsestlyonnais.fr\/site\/?s={search_term_string}\"},\"query-input\":{\"@type\":\"PropertyValueSpecification\",\"valueRequired\":true,\"valueName\":\"search_term_string\"}}],\"inLanguage\":\"fr-FR\"},{\"@type\":\"Organization\",\"@id\":\"https:\/\/newsestlyonnais.fr\/site\/#organization\",\"name\":\"News EST LYONNAIS\",\"url\":\"https:\/\/newsestlyonnais.fr\/site\/\",\"logo\":{\"@type\":\"ImageObject\",\"inLanguage\":\"fr-FR\",\"@id\":\"https:\/\/newsestlyonnais.fr\/site\/#\/schema\/logo\/image\/\",\"url\":\"\",\"contentUrl\":\"\",\"caption\":\"News EST LYONNAIS\"},\"image\":{\"@id\":\"https:\/\/newsestlyonnais.fr\/site\/#\/schema\/logo\/image\/\"}},{\"@type\":\"Person\",\"@id\":\"https:\/\/newsestlyonnais.fr\/site\/#\/schema\/person\/3230d5615f390bb808365d673001e887\",\"name\":\"R\u00e9dac. NEWS\",\"sameAs\":[\"http:\/\/www.newsestlyonnais.fr\",\"https:\/\/www.facebook.com\/pascal.oberson.1?fref=ts\",\"https:\/\/fr.linkedin.com\/in\/pascal-oberson-b17045113\"],\"url\":\"https:\/\/newsestlyonnais.fr\/site\/author\/nel\/\"}]}<\/script>\n<!-- \/ Yoast SEO plugin. -->","yoast_head_json":{"title":"VILLEURBANNE | 120 participants au 1\u00b0 Cyclo-cross de la Feyssine - News Est Lyonnais","robots":{"index":"index","follow":"follow","max-snippet":"max-snippet:-1","max-image-preview":"max-image-preview:large","max-video-preview":"max-video-preview:-1"},"canonical":"https:\/\/newsestlyonnais.fr\/site\/2016\/11\/15\/villeurbanne-120-participants-1-cyclo-cross-de-feyssine\/","og_locale":"fr_FR","og_type":"article","og_title":"VILLEURBANNE | 120 participants au 1\u00b0 Cyclo-cross de la Feyssine - News Est Lyonnais","og_description":"L&rsquo;ECO Villeurbanne organisait dimanche apr\u00e8s-midi le 1\u00b0 cyclo-cross de la Feyssine, \u00e9preuve support du championnat du Rh\u00f4ne FSGT. \u00ab\u00a0Une premi\u00e8re \u00e9dition qui aura rassembl\u00e9 120 participants (dont une trentaine d&rsquo;enfants) et mobilis\u00e9 25 b\u00e9n\u00e9voles. Ils se sont produits sur un circuit de 2,5 kilom\u00e8tres, plut\u00f4t roulant et un peu gras avec quelques parties sinueuses dans [&hellip;]","og_url":"https:\/\/newsestlyonnais.fr\/site\/2016\/11\/15\/villeurbanne-120-participants-1-cyclo-cross-de-feyssine\/","og_site_name":"News Est Lyonnais","article_author":"https:\/\/www.facebook.com\/pascal.oberson.1?fref=ts","article_published_time":"2016-11-15T10:02:30+00:00","article_modified_time":"2020-10-31T09:56:35+00:00","og_image":[{"width":1000,"height":750,"url":"https:\/\/i2.wp.com\/newsestlyonnais.fr\/site\/wp-content\/uploads\/2016\/11\/NEWSESTLYONNAIS-CYCLO-CROSS-FEYSSINE.jpg?fit=1000%2C750&ssl=1","type":"image\/jpeg"}],"author":"R\u00e9dac. NEWS","twitter_card":"summary_large_image","twitter_misc":{"\u00c9crit par":"R\u00e9dac. NEWS","Dur\u00e9e de lecture estim\u00e9e":"1 minute"},"schema":{"@context":"https:\/\/schema.org","@graph":[{"@type":"Article","@id":"https:\/\/newsestlyonnais.fr\/site\/2016\/11\/15\/villeurbanne-120-participants-1-cyclo-cross-de-feyssine\/#article","isPartOf":{"@id":"https:\/\/newsestlyonnais.fr\/site\/2016\/11\/15\/villeurbanne-120-participants-1-cyclo-cross-de-feyssine\/"},"author":{"name":"R\u00e9dac. NEWS","@id":"https:\/\/newsestlyonnais.fr\/site\/#\/schema\/person\/3230d5615f390bb808365d673001e887"},"headline":"VILLEURBANNE | 120 participants au 1\u00b0 Cyclo-cross de la Feyssine","datePublished":"2016-11-15T10:02:30+00:00","dateModified":"2020-10-31T09:56:35+00:00","mainEntityOfPage":{"@id":"https:\/\/newsestlyonnais.fr\/site\/2016\/11\/15\/villeurbanne-120-participants-1-cyclo-cross-de-feyssine\/"},"wordCount":240,"commentCount":2,"publisher":{"@id":"https:\/\/newsestlyonnais.fr\/site\/#organization"},"image":{"@id":"https:\/\/newsestlyonnais.fr\/site\/2016\/11\/15\/villeurbanne-120-participants-1-cyclo-cross-de-feyssine\/#primaryimage"},"thumbnailUrl":"https:\/\/newsestlyonnais.fr\/site\/wp-content\/uploads\/2016\/11\/NEWSESTLYONNAIS-CYCLO-CROSS-FEYSSINE.jpg","articleSection":["Cyclisme | Cyclo | Vtt","Villeurbanne"],"inLanguage":"fr-FR","potentialAction":[{"@type":"CommentAction","name":"Comment","target":["https:\/\/newsestlyonnais.fr\/site\/2016\/11\/15\/villeurbanne-120-participants-1-cyclo-cross-de-feyssine\/#respond"]}]},{"@type":"WebPage","@id":"https:\/\/newsestlyonnais.fr\/site\/2016\/11\/15\/villeurbanne-120-participants-1-cyclo-cross-de-feyssine\/","url":"https:\/\/newsestlyonnais.fr\/site\/2016\/11\/15\/villeurbanne-120-participants-1-cyclo-cross-de-feyssine\/","name":"VILLEURBANNE | 120 participants au 1\u00b0 Cyclo-cross de la Feyssine - News Est Lyonnais","isPartOf":{"@id":"https:\/\/newsestlyonnais.fr\/site\/#website"},"primaryImageOfPage":{"@id":"https:\/\/newsestlyonnais.fr\/site\/2016\/11\/15\/villeurbanne-120-participants-1-cyclo-cross-de-feyssine\/#primaryimage"},"image":{"@id":"https:\/\/newsestlyonnais.fr\/site\/2016\/11\/15\/villeurbanne-120-participants-1-cyclo-cross-de-feyssine\/#primaryimage"},"thumbnailUrl":"https:\/\/newsestlyonnais.fr\/site\/wp-content\/uploads\/2016\/11\/NEWSESTLYONNAIS-CYCLO-CROSS-FEYSSINE.jpg","datePublished":"2016-11-15T10:02:30+00:00","dateModified":"2020-10-31T09:56:35+00:00","breadcrumb":{"@id":"https:\/\/newsestlyonnais.fr\/site\/2016\/11\/15\/villeurbanne-120-participants-1-cyclo-cross-de-feyssine\/#breadcrumb"},"inLanguage":"fr-FR","potentialAction":[{"@type":"ReadAction","target":["https:\/\/newsestlyonnais.fr\/site\/2016\/11\/15\/villeurbanne-120-participants-1-cyclo-cross-de-feyssine\/"]}]},{"@type":"ImageObject","inLanguage":"fr-FR","@id":"https:\/\/newsestlyonnais.fr\/site\/2016\/11\/15\/villeurbanne-120-participants-1-cyclo-cross-de-feyssine\/#primaryimage","url":"https:\/\/newsestlyonnais.fr\/site\/wp-content\/uploads\/2016\/11\/NEWSESTLYONNAIS-CYCLO-CROSS-FEYSSINE.jpg","contentUrl":"https:\/\/newsestlyonnais.fr\/site\/wp-content\/uploads\/2016\/11\/NEWSESTLYONNAIS-CYCLO-CROSS-FEYSSINE.jpg","width":1000,"height":750},{"@type":"BreadcrumbList","@id":"https:\/\/newsestlyonnais.fr\/site\/2016\/11\/15\/villeurbanne-120-participants-1-cyclo-cross-de-feyssine\/#breadcrumb","itemListElement":[{"@type":"ListItem","position":1,"name":"Accueil","item":"https:\/\/newsestlyonnais.fr\/site\/"},{"@type":"ListItem","position":2,"name":"VILLEURBANNE | 120 participants au 1\u00b0 Cyclo-cross de la Feyssine"}]},{"@type":"WebSite","@id":"https:\/\/newsestlyonnais.fr\/site\/#website","url":"https:\/\/newsestlyonnais.fr\/site\/","name":"News Est Lyonnais","description":"L&#039;actualit\u00e9 au plus pr\u00e8s","publisher":{"@id":"https:\/\/newsestlyonnais.fr\/site\/#organization"},"potentialAction":[{"@type":"SearchAction","target":{"@type":"EntryPoint","urlTemplate":"https:\/\/newsestlyonnais.fr\/site\/?s={search_term_string}"},"query-input":{"@type":"PropertyValueSpecification","valueRequired":true,"valueName":"search_term_string"}}],"inLanguage":"fr-FR"},{"@type":"Organization","@id":"https:\/\/newsestlyonnais.fr\/site\/#organization","name":"News EST LYONNAIS","url":"https:\/\/newsestlyonnais.fr\/site\/","logo":{"@type":"ImageObject","inLanguage":"fr-FR","@id":"https:\/\/newsestlyonnais.fr\/site\/#\/schema\/logo\/image\/","url":"","contentUrl":"","caption":"News EST LYONNAIS"},"image":{"@id":"https:\/\/newsestlyonnais.fr\/site\/#\/schema\/logo\/image\/"}},{"@type":"Person","@id":"https:\/\/newsestlyonnais.fr\/site\/#\/schema\/person\/3230d5615f390bb808365d673001e887","name":"R\u00e9dac. NEWS","sameAs":["http:\/\/www.newsestlyonnais.fr","https:\/\/www.facebook.com\/pascal.oberson.1?fref=ts","https:\/\/fr.linkedin.com\/in\/pascal-oberson-b17045113"],"url":"https:\/\/newsestlyonnais.fr\/site\/author\/nel\/"}]}},"_links":{"self":[{"href":"https:\/\/newsestlyonnais.fr\/site\/wp-json\/wp\/v2\/posts\/15791","targetHints":{"allow":["GET"]}}],"collection":[{"href":"https:\/\/newsestlyonnais.fr\/site\/wp-json\/wp\/v2\/posts"}],"about":[{"href":"https:\/\/newsestlyonnais.fr\/site\/wp-json\/wp\/v2\/types\/post"}],"author":[{"embeddable":true,"href":"https:\/\/newsestlyonnais.fr\/site\/wp-json\/wp\/v2\/users\/4"}],"replies":[{"embeddable":true,"href":"https:\/\/newsestlyonnais.fr\/site\/wp-json\/wp\/v2\/comments?post=15791"}],"version-history":[{"count":0,"href":"https:\/\/newsestlyonnais.fr\/site\/wp-json\/wp\/v2\/posts\/15791\/revisions"}],"wp:featuredmedia":[{"embeddable":true,"href":"https:\/\/newsestlyonnais.fr\/site\/wp-json\/wp\/v2\/media\/15793"}],"wp:attachment":[{"href":"https:\/\/newsestlyonnais.fr\/site\/wp-json\/wp\/v2\/media?parent=15791"}],"wp:term":[{"taxonomy":"category","embeddable":true,"href":"https:\/\/newsestlyonnais.fr\/site\/wp-json\/wp\/v2\/categories?post=15791"},{"taxonomy":"post_tag","embeddable":true,"href":"https:\/\/newsestlyonnais.fr\/site\/wp-json\/wp\/v2\/tags?post=15791"}],"curies":[{"name":"wp","href":"https:\/\/api.w.org\/{rel}","templated":true}]}}