{"id":15899,"date":"2016-11-16T13:50:25","date_gmt":"2016-11-16T12:50:25","guid":{"rendered":"http:\/\/newsestlyonnais.fr\/site\/?p=15899"},"modified":"2020-11-17T09:05:04","modified_gmt":"2020-11-17T08:05:04","slug":"vaulx-en-velin-boules-lyonnaises-les-concours-du-mardi-ont-repris-a-la-merlin","status":"publish","type":"post","link":"https:\/\/newsestlyonnais.fr\/site\/2016\/11\/16\/vaulx-en-velin-boules-lyonnaises-les-concours-du-mardi-ont-repris-a-la-merlin\/","title":{"rendered":"VAULX-EN-VELIN Boules Lyonnaises | Les concours du mardi ont repris \u00e0 la Merlin"},"content":{"rendered":"<h4><b>Les \u00ab\u00a0<\/b>Concours du Mardi\u00a0\u00bb, des 16 doubles de 3 et 4\u00b0 division ont recommenc\u00e9 et s&rsquo;ach\u00e8veront en mars prochain.<\/h4>\n<p>Deux \u00e9quipes se qualifient ainsi chaque mardi pour un super concours de 32 doubles.<\/p>\n<p>A noter le brillant r\u00e9sultat du nouveau Pr\u00e9sident de la Merlin Rens De Groot, associ\u00e9 \u00e0 Robert Dal Poz qui se qualifient d\u00e8s le 1\u00b0 concours et la participation d&rsquo;une \u00e9quipe de Meximieux (Collinet JP) et d&rsquo; Eclose-Badini\u00e8re (Charamel M.).<\/p>\n<p>Deuxi\u00e8me partie fatale \u00e0 : Duniere JP (Albeu) &#8211; C\u00e9fa\u00ef M. (Merlin) &#8211; Capuano J. (Chassieu) &#8211; Collinet JP (Meximieux).<\/p>\n<p><b>Premiers qualifi\u00e9s<\/b> : Robert Hidalgo\/Nicolas Bousch (Corbas &#8211; D\u00e9cines) et Rens De Groot\/Robert Dal Poz (La Merlin)<\/p>\n<p><b>R\u00e9sultats: <\/b>Hidalgo R. gagne Voisin Hubert &#8211; Picolier Max (Denic\u00e9- Rillieux) et<\/p>\n<p>De Groot gagne Saunier Maurice &#8211; Peyratou Bernard (Merlin)<\/p>\n<ul>\n<li>Inscriptions au boulodrome: (l&rsquo;apr\u00e8s midi uniquement):<b> T\u00e9l.04 72 04 37 32<\/b><\/li>\n<\/ul>\n<h4><em><strong>PHOTO A LA UNE: (Debout de gauche \u00e0 droite) M. Saunier\/B. Peyratou, H. Voisin, R. De Groot, M. Picolier, R. Dal Poz et accroupis (de G \u00e0 D) N. Bousch, R. Hidalgo<\/strong><\/em><\/h4>\n<p><span style=\"text-decoration: underline\"><em>NOTA<\/em><\/span><em>: <\/em>Samedi 19 novembre: M\u00e9morial Dagier au boulodrome (concours 16 Quadrettes: 3\u00b0 et 4\u00b0 Div. (Complet pour l&rsquo;instant)<\/p>\n","protected":false},"excerpt":{"rendered":"<p>Les \u00ab\u00a0Concours du Mardi\u00a0\u00bb, des 16 doubles de 3 et 4\u00b0 division ont recommenc\u00e9 et s&rsquo;ach\u00e8veront en mars prochain. Deux \u00e9quipes se qualifient ainsi chaque mardi pour un super concours de 32 doubles. A noter le brillant r\u00e9sultat du nouveau Pr\u00e9sident de la Merlin Rens De Groot, associ\u00e9 \u00e0 Robert Dal Poz qui se qualifient [&hellip;]<\/p>\n","protected":false},"author":4,"featured_media":15901,"comment_status":"open","ping_status":"open","sticky":false,"template":"","format":"standard","meta":{"footnotes":""},"categories":[2977,1341,28],"tags":[],"class_list":["post-15899","post","type-post","status-publish","format-standard","has-post-thumbnail","hentry","category-boules-petanque-sports","category-boules-lyonnaises","category-vaulx-en-velin"],"yoast_head":"<!-- This site is optimized with the Yoast SEO plugin v27.2 - https:\/\/yoast.com\/product\/yoast-seo-wordpress\/ -->\n<title>VAULX EN VELIN : Boules Lyonnaises : Les concours du mardi ont repris \u00e0 la Merlin<\/title>\n<meta name=\"description\" content=\"VAULX EN VELIN : Boules Lyonnaises : Les concours du mardi ont repris \u00e0 la Merlin\" \/>\n<meta name=\"robots\" content=\"index, follow, max-snippet:-1, max-image-preview:large, max-video-preview:-1\" \/>\n<link rel=\"canonical\" href=\"https:\/\/newsestlyonnais.fr\/site\/2016\/11\/16\/vaulx-en-velin-boules-lyonnaises-les-concours-du-mardi-ont-repris-a-la-merlin\/\" \/>\n<meta property=\"og:locale\" content=\"fr_FR\" \/>\n<meta property=\"og:type\" content=\"article\" \/>\n<meta property=\"og:title\" content=\"VAULX EN VELIN : Boules Lyonnaises : Les concours du mardi ont repris \u00e0 la Merlin\" \/>\n<meta property=\"og:description\" content=\"VAULX EN VELIN : Boules Lyonnaises : Les concours du mardi ont repris \u00e0 la Merlin\" \/>\n<meta property=\"og:url\" content=\"https:\/\/newsestlyonnais.fr\/site\/2016\/11\/16\/vaulx-en-velin-boules-lyonnaises-les-concours-du-mardi-ont-repris-a-la-merlin\/\" \/>\n<meta property=\"og:site_name\" content=\"News Est Lyonnais\" \/>\n<meta property=\"article:author\" content=\"https:\/\/www.facebook.com\/pascal.oberson.1?fref=ts\" \/>\n<meta property=\"article:published_time\" content=\"2016-11-16T12:50:25+00:00\" \/>\n<meta property=\"article:modified_time\" content=\"2020-11-17T08:05:04+00:00\" \/>\n<meta property=\"og:image\" content=\"https:\/\/i2.wp.com\/newsestlyonnais.fr\/site\/wp-content\/uploads\/2016\/11\/NEWSESTLYONNAIS-BOULES-CONCOURS-DU-MARDI.jpg?fit=1000%2C750&ssl=1\" \/>\n\t<meta property=\"og:image:width\" content=\"1000\" \/>\n\t<meta property=\"og:image:height\" content=\"750\" \/>\n\t<meta property=\"og:image:type\" content=\"image\/jpeg\" \/>\n<meta name=\"author\" content=\"R\u00e9dac. NEWS\" \/>\n<meta name=\"twitter:card\" content=\"summary_large_image\" \/>\n<meta name=\"twitter:label1\" content=\"\u00c9crit par\" \/>\n\t<meta name=\"twitter:data1\" content=\"R\u00e9dac. NEWS\" \/>\n\t<meta name=\"twitter:label2\" content=\"Dur\u00e9e de lecture estim\u00e9e\" \/>\n\t<meta name=\"twitter:data2\" content=\"1 minute\" \/>\n<script type=\"application\/ld+json\" class=\"yoast-schema-graph\">{\"@context\":\"https:\/\/schema.org\",\"@graph\":[{\"@type\":\"Article\",\"@id\":\"https:\/\/newsestlyonnais.fr\/site\/2016\/11\/16\/vaulx-en-velin-boules-lyonnaises-les-concours-du-mardi-ont-repris-a-la-merlin\/#article\",\"isPartOf\":{\"@id\":\"https:\/\/newsestlyonnais.fr\/site\/2016\/11\/16\/vaulx-en-velin-boules-lyonnaises-les-concours-du-mardi-ont-repris-a-la-merlin\/\"},\"author\":{\"name\":\"R\u00e9dac. NEWS\",\"@id\":\"https:\/\/newsestlyonnais.fr\/site\/#\/schema\/person\/3230d5615f390bb808365d673001e887\"},\"headline\":\"VAULX-EN-VELIN Boules Lyonnaises | Les concours du mardi ont repris \u00e0 la Merlin\",\"datePublished\":\"2016-11-16T12:50:25+00:00\",\"dateModified\":\"2020-11-17T08:05:04+00:00\",\"mainEntityOfPage\":{\"@id\":\"https:\/\/newsestlyonnais.fr\/site\/2016\/11\/16\/vaulx-en-velin-boules-lyonnaises-les-concours-du-mardi-ont-repris-a-la-merlin\/\"},\"wordCount\":205,\"commentCount\":0,\"publisher\":{\"@id\":\"https:\/\/newsestlyonnais.fr\/site\/#organization\"},\"image\":{\"@id\":\"https:\/\/newsestlyonnais.fr\/site\/2016\/11\/16\/vaulx-en-velin-boules-lyonnaises-les-concours-du-mardi-ont-repris-a-la-merlin\/#primaryimage\"},\"thumbnailUrl\":\"https:\/\/newsestlyonnais.fr\/site\/wp-content\/uploads\/2016\/11\/NEWSESTLYONNAIS-BOULES-CONCOURS-DU-MARDI.jpg\",\"articleSection\":[\"Boules | P\u00e9tanque\",\"Boules Lyonnaises\",\"Vaulx-en-Velin\"],\"inLanguage\":\"fr-FR\",\"potentialAction\":[{\"@type\":\"CommentAction\",\"name\":\"Comment\",\"target\":[\"https:\/\/newsestlyonnais.fr\/site\/2016\/11\/16\/vaulx-en-velin-boules-lyonnaises-les-concours-du-mardi-ont-repris-a-la-merlin\/#respond\"]}]},{\"@type\":\"WebPage\",\"@id\":\"https:\/\/newsestlyonnais.fr\/site\/2016\/11\/16\/vaulx-en-velin-boules-lyonnaises-les-concours-du-mardi-ont-repris-a-la-merlin\/\",\"url\":\"https:\/\/newsestlyonnais.fr\/site\/2016\/11\/16\/vaulx-en-velin-boules-lyonnaises-les-concours-du-mardi-ont-repris-a-la-merlin\/\",\"name\":\"VAULX EN VELIN : Boules Lyonnaises : Les concours du mardi ont repris \u00e0 la Merlin\",\"isPartOf\":{\"@id\":\"https:\/\/newsestlyonnais.fr\/site\/#website\"},\"primaryImageOfPage\":{\"@id\":\"https:\/\/newsestlyonnais.fr\/site\/2016\/11\/16\/vaulx-en-velin-boules-lyonnaises-les-concours-du-mardi-ont-repris-a-la-merlin\/#primaryimage\"},\"image\":{\"@id\":\"https:\/\/newsestlyonnais.fr\/site\/2016\/11\/16\/vaulx-en-velin-boules-lyonnaises-les-concours-du-mardi-ont-repris-a-la-merlin\/#primaryimage\"},\"thumbnailUrl\":\"https:\/\/newsestlyonnais.fr\/site\/wp-content\/uploads\/2016\/11\/NEWSESTLYONNAIS-BOULES-CONCOURS-DU-MARDI.jpg\",\"datePublished\":\"2016-11-16T12:50:25+00:00\",\"dateModified\":\"2020-11-17T08:05:04+00:00\",\"description\":\"VAULX EN VELIN : Boules Lyonnaises : Les concours du mardi ont repris \u00e0 la Merlin\",\"breadcrumb\":{\"@id\":\"https:\/\/newsestlyonnais.fr\/site\/2016\/11\/16\/vaulx-en-velin-boules-lyonnaises-les-concours-du-mardi-ont-repris-a-la-merlin\/#breadcrumb\"},\"inLanguage\":\"fr-FR\",\"potentialAction\":[{\"@type\":\"ReadAction\",\"target\":[\"https:\/\/newsestlyonnais.fr\/site\/2016\/11\/16\/vaulx-en-velin-boules-lyonnaises-les-concours-du-mardi-ont-repris-a-la-merlin\/\"]}]},{\"@type\":\"ImageObject\",\"inLanguage\":\"fr-FR\",\"@id\":\"https:\/\/newsestlyonnais.fr\/site\/2016\/11\/16\/vaulx-en-velin-boules-lyonnaises-les-concours-du-mardi-ont-repris-a-la-merlin\/#primaryimage\",\"url\":\"https:\/\/newsestlyonnais.fr\/site\/wp-content\/uploads\/2016\/11\/NEWSESTLYONNAIS-BOULES-CONCOURS-DU-MARDI.jpg\",\"contentUrl\":\"https:\/\/newsestlyonnais.fr\/site\/wp-content\/uploads\/2016\/11\/NEWSESTLYONNAIS-BOULES-CONCOURS-DU-MARDI.jpg\",\"width\":1000,\"height\":750},{\"@type\":\"BreadcrumbList\",\"@id\":\"https:\/\/newsestlyonnais.fr\/site\/2016\/11\/16\/vaulx-en-velin-boules-lyonnaises-les-concours-du-mardi-ont-repris-a-la-merlin\/#breadcrumb\",\"itemListElement\":[{\"@type\":\"ListItem\",\"position\":1,\"name\":\"Accueil\",\"item\":\"https:\/\/newsestlyonnais.fr\/site\/\"},{\"@type\":\"ListItem\",\"position\":2,\"name\":\"VAULX-EN-VELIN Boules Lyonnaises | Les concours du mardi ont repris \u00e0 la Merlin\"}]},{\"@type\":\"WebSite\",\"@id\":\"https:\/\/newsestlyonnais.fr\/site\/#website\",\"url\":\"https:\/\/newsestlyonnais.fr\/site\/\",\"name\":\"News Est Lyonnais\",\"description\":\"L&#039;actualit\u00e9 au plus pr\u00e8s\",\"publisher\":{\"@id\":\"https:\/\/newsestlyonnais.fr\/site\/#organization\"},\"potentialAction\":[{\"@type\":\"SearchAction\",\"target\":{\"@type\":\"EntryPoint\",\"urlTemplate\":\"https:\/\/newsestlyonnais.fr\/site\/?s={search_term_string}\"},\"query-input\":{\"@type\":\"PropertyValueSpecification\",\"valueRequired\":true,\"valueName\":\"search_term_string\"}}],\"inLanguage\":\"fr-FR\"},{\"@type\":\"Organization\",\"@id\":\"https:\/\/newsestlyonnais.fr\/site\/#organization\",\"name\":\"News EST LYONNAIS\",\"url\":\"https:\/\/newsestlyonnais.fr\/site\/\",\"logo\":{\"@type\":\"ImageObject\",\"inLanguage\":\"fr-FR\",\"@id\":\"https:\/\/newsestlyonnais.fr\/site\/#\/schema\/logo\/image\/\",\"url\":\"\",\"contentUrl\":\"\",\"caption\":\"News EST LYONNAIS\"},\"image\":{\"@id\":\"https:\/\/newsestlyonnais.fr\/site\/#\/schema\/logo\/image\/\"}},{\"@type\":\"Person\",\"@id\":\"https:\/\/newsestlyonnais.fr\/site\/#\/schema\/person\/3230d5615f390bb808365d673001e887\",\"name\":\"R\u00e9dac. NEWS\",\"sameAs\":[\"http:\/\/www.newsestlyonnais.fr\",\"https:\/\/www.facebook.com\/pascal.oberson.1?fref=ts\",\"https:\/\/fr.linkedin.com\/in\/pascal-oberson-b17045113\"],\"url\":\"https:\/\/newsestlyonnais.fr\/site\/author\/nel\/\"}]}<\/script>\n<!-- \/ Yoast SEO plugin. -->","yoast_head_json":{"title":"VAULX EN VELIN : Boules Lyonnaises : Les concours du mardi ont repris \u00e0 la Merlin","description":"VAULX EN VELIN : Boules Lyonnaises : Les concours du mardi ont repris \u00e0 la Merlin","robots":{"index":"index","follow":"follow","max-snippet":"max-snippet:-1","max-image-preview":"max-image-preview:large","max-video-preview":"max-video-preview:-1"},"canonical":"https:\/\/newsestlyonnais.fr\/site\/2016\/11\/16\/vaulx-en-velin-boules-lyonnaises-les-concours-du-mardi-ont-repris-a-la-merlin\/","og_locale":"fr_FR","og_type":"article","og_title":"VAULX EN VELIN : Boules Lyonnaises : Les concours du mardi ont repris \u00e0 la Merlin","og_description":"VAULX EN VELIN : Boules Lyonnaises : Les concours du mardi ont repris \u00e0 la Merlin","og_url":"https:\/\/newsestlyonnais.fr\/site\/2016\/11\/16\/vaulx-en-velin-boules-lyonnaises-les-concours-du-mardi-ont-repris-a-la-merlin\/","og_site_name":"News Est Lyonnais","article_author":"https:\/\/www.facebook.com\/pascal.oberson.1?fref=ts","article_published_time":"2016-11-16T12:50:25+00:00","article_modified_time":"2020-11-17T08:05:04+00:00","og_image":[{"width":1000,"height":750,"url":"https:\/\/i2.wp.com\/newsestlyonnais.fr\/site\/wp-content\/uploads\/2016\/11\/NEWSESTLYONNAIS-BOULES-CONCOURS-DU-MARDI.jpg?fit=1000%2C750&ssl=1","type":"image\/jpeg"}],"author":"R\u00e9dac. NEWS","twitter_card":"summary_large_image","twitter_misc":{"\u00c9crit par":"R\u00e9dac. NEWS","Dur\u00e9e de lecture estim\u00e9e":"1 minute"},"schema":{"@context":"https:\/\/schema.org","@graph":[{"@type":"Article","@id":"https:\/\/newsestlyonnais.fr\/site\/2016\/11\/16\/vaulx-en-velin-boules-lyonnaises-les-concours-du-mardi-ont-repris-a-la-merlin\/#article","isPartOf":{"@id":"https:\/\/newsestlyonnais.fr\/site\/2016\/11\/16\/vaulx-en-velin-boules-lyonnaises-les-concours-du-mardi-ont-repris-a-la-merlin\/"},"author":{"name":"R\u00e9dac. NEWS","@id":"https:\/\/newsestlyonnais.fr\/site\/#\/schema\/person\/3230d5615f390bb808365d673001e887"},"headline":"VAULX-EN-VELIN Boules Lyonnaises | Les concours du mardi ont repris \u00e0 la Merlin","datePublished":"2016-11-16T12:50:25+00:00","dateModified":"2020-11-17T08:05:04+00:00","mainEntityOfPage":{"@id":"https:\/\/newsestlyonnais.fr\/site\/2016\/11\/16\/vaulx-en-velin-boules-lyonnaises-les-concours-du-mardi-ont-repris-a-la-merlin\/"},"wordCount":205,"commentCount":0,"publisher":{"@id":"https:\/\/newsestlyonnais.fr\/site\/#organization"},"image":{"@id":"https:\/\/newsestlyonnais.fr\/site\/2016\/11\/16\/vaulx-en-velin-boules-lyonnaises-les-concours-du-mardi-ont-repris-a-la-merlin\/#primaryimage"},"thumbnailUrl":"https:\/\/newsestlyonnais.fr\/site\/wp-content\/uploads\/2016\/11\/NEWSESTLYONNAIS-BOULES-CONCOURS-DU-MARDI.jpg","articleSection":["Boules | P\u00e9tanque","Boules Lyonnaises","Vaulx-en-Velin"],"inLanguage":"fr-FR","potentialAction":[{"@type":"CommentAction","name":"Comment","target":["https:\/\/newsestlyonnais.fr\/site\/2016\/11\/16\/vaulx-en-velin-boules-lyonnaises-les-concours-du-mardi-ont-repris-a-la-merlin\/#respond"]}]},{"@type":"WebPage","@id":"https:\/\/newsestlyonnais.fr\/site\/2016\/11\/16\/vaulx-en-velin-boules-lyonnaises-les-concours-du-mardi-ont-repris-a-la-merlin\/","url":"https:\/\/newsestlyonnais.fr\/site\/2016\/11\/16\/vaulx-en-velin-boules-lyonnaises-les-concours-du-mardi-ont-repris-a-la-merlin\/","name":"VAULX EN VELIN : Boules Lyonnaises : Les concours du mardi ont repris \u00e0 la Merlin","isPartOf":{"@id":"https:\/\/newsestlyonnais.fr\/site\/#website"},"primaryImageOfPage":{"@id":"https:\/\/newsestlyonnais.fr\/site\/2016\/11\/16\/vaulx-en-velin-boules-lyonnaises-les-concours-du-mardi-ont-repris-a-la-merlin\/#primaryimage"},"image":{"@id":"https:\/\/newsestlyonnais.fr\/site\/2016\/11\/16\/vaulx-en-velin-boules-lyonnaises-les-concours-du-mardi-ont-repris-a-la-merlin\/#primaryimage"},"thumbnailUrl":"https:\/\/newsestlyonnais.fr\/site\/wp-content\/uploads\/2016\/11\/NEWSESTLYONNAIS-BOULES-CONCOURS-DU-MARDI.jpg","datePublished":"2016-11-16T12:50:25+00:00","dateModified":"2020-11-17T08:05:04+00:00","description":"VAULX EN VELIN : Boules Lyonnaises : Les concours du mardi ont repris \u00e0 la Merlin","breadcrumb":{"@id":"https:\/\/newsestlyonnais.fr\/site\/2016\/11\/16\/vaulx-en-velin-boules-lyonnaises-les-concours-du-mardi-ont-repris-a-la-merlin\/#breadcrumb"},"inLanguage":"fr-FR","potentialAction":[{"@type":"ReadAction","target":["https:\/\/newsestlyonnais.fr\/site\/2016\/11\/16\/vaulx-en-velin-boules-lyonnaises-les-concours-du-mardi-ont-repris-a-la-merlin\/"]}]},{"@type":"ImageObject","inLanguage":"fr-FR","@id":"https:\/\/newsestlyonnais.fr\/site\/2016\/11\/16\/vaulx-en-velin-boules-lyonnaises-les-concours-du-mardi-ont-repris-a-la-merlin\/#primaryimage","url":"https:\/\/newsestlyonnais.fr\/site\/wp-content\/uploads\/2016\/11\/NEWSESTLYONNAIS-BOULES-CONCOURS-DU-MARDI.jpg","contentUrl":"https:\/\/newsestlyonnais.fr\/site\/wp-content\/uploads\/2016\/11\/NEWSESTLYONNAIS-BOULES-CONCOURS-DU-MARDI.jpg","width":1000,"height":750},{"@type":"BreadcrumbList","@id":"https:\/\/newsestlyonnais.fr\/site\/2016\/11\/16\/vaulx-en-velin-boules-lyonnaises-les-concours-du-mardi-ont-repris-a-la-merlin\/#breadcrumb","itemListElement":[{"@type":"ListItem","position":1,"name":"Accueil","item":"https:\/\/newsestlyonnais.fr\/site\/"},{"@type":"ListItem","position":2,"name":"VAULX-EN-VELIN Boules Lyonnaises | Les concours du mardi ont repris \u00e0 la Merlin"}]},{"@type":"WebSite","@id":"https:\/\/newsestlyonnais.fr\/site\/#website","url":"https:\/\/newsestlyonnais.fr\/site\/","name":"News Est Lyonnais","description":"L&#039;actualit\u00e9 au plus pr\u00e8s","publisher":{"@id":"https:\/\/newsestlyonnais.fr\/site\/#organization"},"potentialAction":[{"@type":"SearchAction","target":{"@type":"EntryPoint","urlTemplate":"https:\/\/newsestlyonnais.fr\/site\/?s={search_term_string}"},"query-input":{"@type":"PropertyValueSpecification","valueRequired":true,"valueName":"search_term_string"}}],"inLanguage":"fr-FR"},{"@type":"Organization","@id":"https:\/\/newsestlyonnais.fr\/site\/#organization","name":"News EST LYONNAIS","url":"https:\/\/newsestlyonnais.fr\/site\/","logo":{"@type":"ImageObject","inLanguage":"fr-FR","@id":"https:\/\/newsestlyonnais.fr\/site\/#\/schema\/logo\/image\/","url":"","contentUrl":"","caption":"News EST LYONNAIS"},"image":{"@id":"https:\/\/newsestlyonnais.fr\/site\/#\/schema\/logo\/image\/"}},{"@type":"Person","@id":"https:\/\/newsestlyonnais.fr\/site\/#\/schema\/person\/3230d5615f390bb808365d673001e887","name":"R\u00e9dac. NEWS","sameAs":["http:\/\/www.newsestlyonnais.fr","https:\/\/www.facebook.com\/pascal.oberson.1?fref=ts","https:\/\/fr.linkedin.com\/in\/pascal-oberson-b17045113"],"url":"https:\/\/newsestlyonnais.fr\/site\/author\/nel\/"}]}},"_links":{"self":[{"href":"https:\/\/newsestlyonnais.fr\/site\/wp-json\/wp\/v2\/posts\/15899","targetHints":{"allow":["GET"]}}],"collection":[{"href":"https:\/\/newsestlyonnais.fr\/site\/wp-json\/wp\/v2\/posts"}],"about":[{"href":"https:\/\/newsestlyonnais.fr\/site\/wp-json\/wp\/v2\/types\/post"}],"author":[{"embeddable":true,"href":"https:\/\/newsestlyonnais.fr\/site\/wp-json\/wp\/v2\/users\/4"}],"replies":[{"embeddable":true,"href":"https:\/\/newsestlyonnais.fr\/site\/wp-json\/wp\/v2\/comments?post=15899"}],"version-history":[{"count":0,"href":"https:\/\/newsestlyonnais.fr\/site\/wp-json\/wp\/v2\/posts\/15899\/revisions"}],"wp:featuredmedia":[{"embeddable":true,"href":"https:\/\/newsestlyonnais.fr\/site\/wp-json\/wp\/v2\/media\/15901"}],"wp:attachment":[{"href":"https:\/\/newsestlyonnais.fr\/site\/wp-json\/wp\/v2\/media?parent=15899"}],"wp:term":[{"taxonomy":"category","embeddable":true,"href":"https:\/\/newsestlyonnais.fr\/site\/wp-json\/wp\/v2\/categories?post=15899"},{"taxonomy":"post_tag","embeddable":true,"href":"https:\/\/newsestlyonnais.fr\/site\/wp-json\/wp\/v2\/tags?post=15899"}],"curies":[{"name":"wp","href":"https:\/\/api.w.org\/{rel}","templated":true}]}}