{"id":159306,"date":"2022-07-02T09:51:14","date_gmt":"2022-07-02T08:51:14","guid":{"rendered":"https:\/\/newsestlyonnais.fr\/site\/?p=159306"},"modified":"2022-07-31T06:45:03","modified_gmt":"2022-07-31T05:45:03","slug":"saint-priest-les-evenements-de-juillet","status":"publish","type":"post","link":"https:\/\/newsestlyonnais.fr\/site\/2022\/07\/02\/saint-priest-les-evenements-de-juillet\/","title":{"rendered":"SAINT-PRIEST | Les \u00e9v\u00e8nements de juillet"},"content":{"rendered":"<p><strong><span style=\"background-color: #000000; color: #ffffff;\">Jusqu&rsquo;au 21 Juillet<\/span> L&rsquo;\u00e9quipe s&rsquo;expose.<\/strong> D\u00e9couvrez les talents artistiques des \u00e9quipes de la MJC. (MJC Jean Cocteau).<\/p>\n<p><strong><span style=\"color: #ffffff; background-color: #000000;\">Jusqu&rsquo;au 30 Juillet<\/span> Un \u00e9t\u00e9 \u00e0 saint Priest !<\/strong> Programme d&rsquo;animation pour permettre aux petits comme aux grands de s\u2019\u00e9vader et s\u2019amuser tout l&rsquo;\u00e9t\u00e9, programme disponible par secteurs sur : <span style=\"color: #0000ff;\"><a style=\"color: #0000ff;\" href=\"https:\/\/www.ville-saint\ufffepriest.fr\/un-ete-a-saint-priest\">https:\/\/www.ville-saint-priest.fr\/un-ete-a-saint-priest<\/a><\/span><\/p>\n<hr \/>\n<p><span style=\"background-color: #000000; color: #ffffff;\"><strong>Samedi 2 juillet<\/strong> <\/span><\/p>\n<ul>\n<li>de 12 h \u00e0 17 h : <strong>F\u00eate de l&rsquo;association du personnel<\/strong>. Repas et apr\u00e8s midi \/ association du personnel avec structures gonflables, jeux d&rsquo;eau, glaces, tombola (Gymnase J. Brel).<\/li>\n<li>de 15 h \u00e0 18 h : <strong>Gouter anim\u00e9 et inauguration<\/strong> (Chemin des carres).<\/li>\n<li>\u00e0 16 h : <strong>Animations autour des jeux interg\u00e9n\u00e9rationnels<\/strong>. (Maison de quartier Diderot).<\/li>\n<li>\u00e0 17 h : <strong>Match Foot AJ Auxerre (L1) \/ FC Grenoble (L2)<\/strong>. Rencontre amicale (Stade J. Joly).<\/li>\n<li>\u00e0 19 h : <strong>Festival Music en Ciel<\/strong>. 3 concerts. Ev\u00e9nement co-organis\u00e9 par le TTA et le service Com. (Parking Colette. Parc Mandela).<\/li>\n<\/ul>\n<p><span style=\"background-color: #000000; color: #ffffff;\"><strong>Dimanche 3 juillet<\/strong><\/span><\/p>\n<ul>\n<li>\u00e0 8 h : <strong>Tournoi Loisirs de Handball S\u00e9nior<\/strong> (Gymnase Condorcet).<\/li>\n<li>de 10 h \u00e0 13 h : <strong>Projet de r\u00e9am\u00e9nagement des grandes<\/strong> Beaus\u00e9jour (1 grande rue).<\/li>\n<li>\u00e0 12 h 30 : <strong>Festival Music en Ciel<\/strong>. Pique nique musical. (Parc du ch\u00e2teau).<\/li>\n<\/ul>\n<p><span style=\"background-color: #000000; color: #ffffff;\"><strong>Mardi 5 Juillet<\/strong> <\/span><\/p>\n<ul>\n<li>de 10 h \u00e0 11 h 30 : <strong>Informatique et internet<\/strong>. \u00ab Scanner des documents pour les transmettre \u00e0 un organisme par voie num\u00e9rique \u00bb. Sur r\u00e9servation, Payant. (Cyber Base).<\/li>\n<li>\u00e0 11 h : <strong>C\u00e9r\u00e9monie comm\u00e9morative de la F\u00e9d\u00e9ration des rapatri\u00e9s<\/strong> \/ par pr\u00e9sidente des rapatri\u00e9s. (Square Mar\u00e9chal Juin).<\/li>\n<\/ul>\n<hr \/>\n<p><span style=\"background-color: #000000; color: #ffffff;\"><strong>Du mardi 5 Juillet au samedi 3 septembre<\/strong> <\/span><\/p>\n<p>De 10 h \u00e0 12 h : <strong>Puzzle participatif.<\/strong> Construisez tout au long de l&rsquo;\u00e9t\u00e9 un grand puzzle de + de 2.000 pi\u00e8ces ! Tous les habitants sont invit\u00e9s \u00e0 participer pour le r\u00e9aliser ! Libre Acc\u00e8s, Gratuit, tout public. (M\u00e9diath\u00e8que, hall).<\/p>\n<hr \/>\n<p><span style=\"background-color: #000000; color: #ffffff;\"><strong>Mercredi 6 Juillet <\/strong><\/span><\/p>\n<ul>\n<li>\u00e0\u00a0 17 h 30 : <strong>Ateliers taille en vert des vergers<\/strong>. Verger du Fort (au niveau de l&rsquo;aire de jeux).<\/li>\n<li>de 10 h \u00e0 12 h : <strong>Atelier : Ecriture dans l&rsquo;objectif !<\/strong> (M\u00e9diath\u00e8que, secteur adultes).<\/li>\n<\/ul>\n<p><span style=\"background-color: #000000; color: #ffffff;\"><strong>Jeudi 7 Juillet<\/strong><\/span><\/p>\n<ul>\n<li>\u00e0 17 h 30 : <strong>Ateliers taille en vert des vergers<\/strong>. (Verger des Hauts de Feuilly, proximit\u00e9 de l&rsquo;arr\u00eat de tram Hauts de Feuilly).<\/li>\n<li>\u00e0 20 h 30 : <strong>Cr\u00e9ations autour des Arts du cirque<\/strong>, avec la Cie Virevolt.(MJC Jean Cocteau).<\/li>\n<\/ul>\n<p><span style=\"background-color: #000000; color: #ffffff;\"><strong>Vendredi 8 Juillet <\/strong><\/span><\/p>\n<ul>\n<li>de 10 h \u00e0 11 h 30 : <strong>Coloriages anim\u00e9s pour enfants d\u00e8s 5 ans<\/strong>. (M\u00e9diath\u00e8que, secteur jeunesse).<\/li>\n<\/ul>\n<p><span style=\"background-color: #000000; color: #ffffff;\"><strong>Samedi 9 Juillet<\/strong> <\/span><\/p>\n<ul>\n<li>\u00e0 9 h : <strong>Vide Grenier puis concert pic-nic<\/strong> \u00e0 partir de 19 h (Centre Social L&rsquo;olivier).<\/li>\n<li>\u00e0 15 h : <strong>Spectacle de l&rsquo;association EFSP<\/strong>. Ensemble Francophonique San-Priod (Espace Mosa\u00efque).<\/li>\n<\/ul>\n<hr \/>\n<p><span style=\"color: #ffffff; background-color: #000000;\"><strong><span style=\"color: #ffffff;\">Mardi 12 Juillet<\/span> <\/strong><\/span><\/p>\n<ul>\n<li>de 14 h \u00e0 16 h : <strong>D\u00e9couverte de la for\u00eat de Feuilly<\/strong>. (Parc Technologique).<\/li>\n<\/ul>\n<p><span style=\"background-color: #000000; color: #ffffff;\"><strong>Mercredi 13 Juillet<\/strong><\/span><\/p>\n<ul>\n<li>de 10 h \u00e0 12 h : <strong>Atelier &gt; Ecriture dans l&rsquo;objectif !<\/strong> Et si la photographie \u00e9tait bel et bien la \u00a0\u00bb Litt\u00e9rature de l&rsquo;oeil \u00ab\u00a0.<\/li>\n<li>de 10 h \u00e0 12 h : <strong>Ma grainoth\u00e8que de printemps<\/strong>. (Parc Technologique).<\/li>\n<li>\u00e0 19 h : <strong>Conseil Municipal<\/strong> (Salle du conseil).<\/li>\n<li>\u00e0 22 h : <strong>Feu d&rsquo;artifice<\/strong> tir\u00e9 dans le parc (Ch\u00e2teau).<\/li>\n<\/ul>\n<p><span style=\"background-color: #000000; color: #ffffff;\"><strong>Lundi 18 Juillet<\/strong> <\/span><\/p>\n<ul>\n<li>de 17 h \u00e0 19 h : <strong>Atelier Cuisine et D\u00e9gustation<\/strong>. (Centre Social Louis Braille).<\/li>\n<\/ul>\n<p><span style=\"color: #ffffff; background-color: #000000;\"><strong>Mardi 19 Juillet<\/strong><\/span><\/p>\n<ul>\n<li>de 21 h \u00e0 22 h 45 : <strong>Cin\u00e9 Plein Air Garibaldi !<\/strong> (Parking GS Hector Berlioz).<\/li>\n<\/ul>\n<p><strong><span style=\"background-color: #000000; color: #ffffff;\">Mercredi 20 Juillet<\/span><\/strong><\/p>\n<ul>\n<li>de 10 h \u00e0 12 h : <strong>Atelier &gt; Ecriture dans l&rsquo;objectif !<\/strong> Et si la photographie \u00e9tait bel et bien l\u00e0 \u00ab (M\u00e9diath\u00e8que, secteur\u00a0 adultes).<\/li>\n<li>de 14 h \u00e0 16 h : <strong>Land Art&rsquo;<\/strong>. Fabrication de jeux avec des \u00e9l\u00e9ments naturels (Parc Technologique).<\/li>\n<\/ul>\n<p><span style=\"background-color: #000000; color: #ffffff;\"><strong>Jeudi 21 Juillet <\/strong><\/span><\/p>\n<ul>\n<li>\u00e0 19 h : <strong>Cin\u00e9 Plein Air<\/strong> \/ CS L&rsquo;Olivier. (Square des couleurs).<\/li>\n<\/ul>\n<p><span style=\"background-color: #000000; color: #ffffff;\"><strong>Vendredi 22 Juillet<\/strong><\/span><\/p>\n<ul>\n<li>\u00e0 20 h : <strong>Le gardien des Bonbons.<\/strong> Spectacle familial de magie. (Th\u00e9atre de verdure MJC).<\/li>\n<li>de 21 h \u00e0 22 h 45 : <strong>Cin\u00e9 Plein Air Bel Air.<\/strong> (Nouvelle Plaine de jeux de Bel Air).<\/li>\n<\/ul>\n<p><span style=\"background-color: #000000; color: #ffffff;\"><strong>Mardi 26 Juillet <\/strong><\/span><\/p>\n<ul>\n<li>de 10 h \u00e0 11 h 30 : <strong>Coloriages anim\u00e9s pour enfants d\u00e8s 5 ans<\/strong>. (M\u00e9diath\u00e8que, secteur jeunesse).<\/li>\n<\/ul>\n<p><span style=\"background-color: #000000; color: #ffffff;\"><strong>Jeudi 28 Juillet <\/strong><\/span><\/p>\n<ul>\n<li>\u00e0 9 h 15 : <strong>Balade Champ\u00eatre<\/strong>. D\u00e9couverte de l\u2019\u00e9tang (Clairon).<\/li>\n<li>\u00e0 14 h : <strong>Qui est au bout de la ligne ? <\/strong>(Parc Technologique).<strong><br \/>\n<\/strong><\/li>\n<\/ul>\n<hr \/>\n<p><span style=\"background-color: #000000;\"><em><strong><span style=\"color: #ffffff;\">&gt;&gt; L\u2019ACTU de la commune :<\/span> <a style=\"background-color: #000000;\" href=\"http:\/\/www.ville-saint-priest.fr\/accueil.547.0.html\" target=\"_blank\" rel=\"noreferrer noopener\"><span style=\"color: #ffcc00;\">http:\/\/www.ville-saint-priest.fr<\/span><\/a><\/strong><\/em><\/span><\/p>\n","protected":false},"excerpt":{"rendered":"<p>Nombreuses et diverses sont les programmations locales au cours de ce mois.<\/p>\n","protected":false},"author":4,"featured_media":95577,"comment_status":"open","ping_status":"open","sticky":false,"template":"","format":"standard","meta":{"footnotes":""},"categories":[1296],"tags":[1991,2039],"class_list":["post-159306","post","type-post","status-publish","format-standard","has-post-thumbnail","hentry","category-sain-priest","tag-agenda","tag-saint-priest"],"yoast_head":"<!-- This site is optimized with the Yoast SEO plugin v27.2 - https:\/\/yoast.com\/product\/yoast-seo-wordpress\/ -->\n<title>SAINT-PRIEST | Les \u00e9v\u00e8nements de juillet - News Est Lyonnais<\/title>\n<meta name=\"description\" content=\"SAINT-PRIEST | Les \u00e9v\u00e8nements de juillet\" \/>\n<meta name=\"robots\" content=\"index, follow, max-snippet:-1, max-image-preview:large, max-video-preview:-1\" \/>\n<link rel=\"canonical\" href=\"https:\/\/newsestlyonnais.fr\/site\/2022\/07\/02\/saint-priest-les-evenements-de-juillet\/\" \/>\n<meta property=\"og:locale\" content=\"fr_FR\" \/>\n<meta property=\"og:type\" content=\"article\" \/>\n<meta property=\"og:title\" content=\"SAINT-PRIEST | Les \u00e9v\u00e8nements de juillet - News Est Lyonnais\" \/>\n<meta property=\"og:description\" content=\"SAINT-PRIEST | Les \u00e9v\u00e8nements de juillet\" \/>\n<meta property=\"og:url\" content=\"https:\/\/newsestlyonnais.fr\/site\/2022\/07\/02\/saint-priest-les-evenements-de-juillet\/\" \/>\n<meta property=\"og:site_name\" content=\"News Est Lyonnais\" \/>\n<meta property=\"article:author\" content=\"https:\/\/www.facebook.com\/pascal.oberson.1?fref=ts\" \/>\n<meta property=\"article:published_time\" content=\"2022-07-02T08:51:14+00:00\" \/>\n<meta property=\"article:modified_time\" content=\"2022-07-31T05:45:03+00:00\" \/>\n<meta property=\"og:image\" content=\"https:\/\/newsestlyonnais.fr\/site\/wp-content\/uploads\/2020\/02\/NEWSESTLYONNAIS-ST-PRIEST01.jpg\" \/>\n\t<meta property=\"og:image:width\" content=\"1200\" \/>\n\t<meta property=\"og:image:height\" content=\"800\" \/>\n\t<meta property=\"og:image:type\" content=\"image\/jpeg\" \/>\n<meta name=\"author\" content=\"R\u00e9dac. NEWS\" \/>\n<meta name=\"twitter:card\" content=\"summary_large_image\" \/>\n<meta name=\"twitter:label1\" content=\"\u00c9crit par\" \/>\n\t<meta name=\"twitter:data1\" content=\"R\u00e9dac. NEWS\" \/>\n\t<meta name=\"twitter:label2\" content=\"Dur\u00e9e de lecture estim\u00e9e\" \/>\n\t<meta name=\"twitter:data2\" content=\"4 minutes\" \/>\n<script type=\"application\/ld+json\" class=\"yoast-schema-graph\">{\"@context\":\"https:\/\/schema.org\",\"@graph\":[{\"@type\":\"Article\",\"@id\":\"https:\/\/newsestlyonnais.fr\/site\/2022\/07\/02\/saint-priest-les-evenements-de-juillet\/#article\",\"isPartOf\":{\"@id\":\"https:\/\/newsestlyonnais.fr\/site\/2022\/07\/02\/saint-priest-les-evenements-de-juillet\/\"},\"author\":{\"name\":\"R\u00e9dac. NEWS\",\"@id\":\"https:\/\/newsestlyonnais.fr\/site\/#\/schema\/person\/3230d5615f390bb808365d673001e887\"},\"headline\":\"SAINT-PRIEST | Les \u00e9v\u00e8nements de juillet\",\"datePublished\":\"2022-07-02T08:51:14+00:00\",\"dateModified\":\"2022-07-31T05:45:03+00:00\",\"mainEntityOfPage\":{\"@id\":\"https:\/\/newsestlyonnais.fr\/site\/2022\/07\/02\/saint-priest-les-evenements-de-juillet\/\"},\"wordCount\":625,\"commentCount\":0,\"publisher\":{\"@id\":\"https:\/\/newsestlyonnais.fr\/site\/#organization\"},\"image\":{\"@id\":\"https:\/\/newsestlyonnais.fr\/site\/2022\/07\/02\/saint-priest-les-evenements-de-juillet\/#primaryimage\"},\"thumbnailUrl\":\"https:\/\/newsestlyonnais.fr\/site\/wp-content\/uploads\/2020\/02\/NEWSESTLYONNAIS-ST-PRIEST01.jpg\",\"keywords\":[\"AGENDA\",\"SAINT PRIEST\"],\"articleSection\":[\"Saint-Priest\"],\"inLanguage\":\"fr-FR\",\"potentialAction\":[{\"@type\":\"CommentAction\",\"name\":\"Comment\",\"target\":[\"https:\/\/newsestlyonnais.fr\/site\/2022\/07\/02\/saint-priest-les-evenements-de-juillet\/#respond\"]}]},{\"@type\":\"WebPage\",\"@id\":\"https:\/\/newsestlyonnais.fr\/site\/2022\/07\/02\/saint-priest-les-evenements-de-juillet\/\",\"url\":\"https:\/\/newsestlyonnais.fr\/site\/2022\/07\/02\/saint-priest-les-evenements-de-juillet\/\",\"name\":\"SAINT-PRIEST | Les \u00e9v\u00e8nements de juillet - News Est Lyonnais\",\"isPartOf\":{\"@id\":\"https:\/\/newsestlyonnais.fr\/site\/#website\"},\"primaryImageOfPage\":{\"@id\":\"https:\/\/newsestlyonnais.fr\/site\/2022\/07\/02\/saint-priest-les-evenements-de-juillet\/#primaryimage\"},\"image\":{\"@id\":\"https:\/\/newsestlyonnais.fr\/site\/2022\/07\/02\/saint-priest-les-evenements-de-juillet\/#primaryimage\"},\"thumbnailUrl\":\"https:\/\/newsestlyonnais.fr\/site\/wp-content\/uploads\/2020\/02\/NEWSESTLYONNAIS-ST-PRIEST01.jpg\",\"datePublished\":\"2022-07-02T08:51:14+00:00\",\"dateModified\":\"2022-07-31T05:45:03+00:00\",\"description\":\"SAINT-PRIEST | Les \u00e9v\u00e8nements de juillet\",\"breadcrumb\":{\"@id\":\"https:\/\/newsestlyonnais.fr\/site\/2022\/07\/02\/saint-priest-les-evenements-de-juillet\/#breadcrumb\"},\"inLanguage\":\"fr-FR\",\"potentialAction\":[{\"@type\":\"ReadAction\",\"target\":[\"https:\/\/newsestlyonnais.fr\/site\/2022\/07\/02\/saint-priest-les-evenements-de-juillet\/\"]}]},{\"@type\":\"ImageObject\",\"inLanguage\":\"fr-FR\",\"@id\":\"https:\/\/newsestlyonnais.fr\/site\/2022\/07\/02\/saint-priest-les-evenements-de-juillet\/#primaryimage\",\"url\":\"https:\/\/newsestlyonnais.fr\/site\/wp-content\/uploads\/2020\/02\/NEWSESTLYONNAIS-ST-PRIEST01.jpg\",\"contentUrl\":\"https:\/\/newsestlyonnais.fr\/site\/wp-content\/uploads\/2020\/02\/NEWSESTLYONNAIS-ST-PRIEST01.jpg\",\"width\":1200,\"height\":800},{\"@type\":\"BreadcrumbList\",\"@id\":\"https:\/\/newsestlyonnais.fr\/site\/2022\/07\/02\/saint-priest-les-evenements-de-juillet\/#breadcrumb\",\"itemListElement\":[{\"@type\":\"ListItem\",\"position\":1,\"name\":\"Accueil\",\"item\":\"https:\/\/newsestlyonnais.fr\/site\/\"},{\"@type\":\"ListItem\",\"position\":2,\"name\":\"SAINT-PRIEST | Les \u00e9v\u00e8nements de juillet\"}]},{\"@type\":\"WebSite\",\"@id\":\"https:\/\/newsestlyonnais.fr\/site\/#website\",\"url\":\"https:\/\/newsestlyonnais.fr\/site\/\",\"name\":\"News Est Lyonnais\",\"description\":\"L&#039;actualit\u00e9 au plus pr\u00e8s\",\"publisher\":{\"@id\":\"https:\/\/newsestlyonnais.fr\/site\/#organization\"},\"potentialAction\":[{\"@type\":\"SearchAction\",\"target\":{\"@type\":\"EntryPoint\",\"urlTemplate\":\"https:\/\/newsestlyonnais.fr\/site\/?s={search_term_string}\"},\"query-input\":{\"@type\":\"PropertyValueSpecification\",\"valueRequired\":true,\"valueName\":\"search_term_string\"}}],\"inLanguage\":\"fr-FR\"},{\"@type\":\"Organization\",\"@id\":\"https:\/\/newsestlyonnais.fr\/site\/#organization\",\"name\":\"News EST LYONNAIS\",\"url\":\"https:\/\/newsestlyonnais.fr\/site\/\",\"logo\":{\"@type\":\"ImageObject\",\"inLanguage\":\"fr-FR\",\"@id\":\"https:\/\/newsestlyonnais.fr\/site\/#\/schema\/logo\/image\/\",\"url\":\"\",\"contentUrl\":\"\",\"caption\":\"News EST LYONNAIS\"},\"image\":{\"@id\":\"https:\/\/newsestlyonnais.fr\/site\/#\/schema\/logo\/image\/\"}},{\"@type\":\"Person\",\"@id\":\"https:\/\/newsestlyonnais.fr\/site\/#\/schema\/person\/3230d5615f390bb808365d673001e887\",\"name\":\"R\u00e9dac. NEWS\",\"sameAs\":[\"http:\/\/www.newsestlyonnais.fr\",\"https:\/\/www.facebook.com\/pascal.oberson.1?fref=ts\",\"https:\/\/fr.linkedin.com\/in\/pascal-oberson-b17045113\"],\"url\":\"https:\/\/newsestlyonnais.fr\/site\/author\/nel\/\"}]}<\/script>\n<!-- \/ Yoast SEO plugin. -->","yoast_head_json":{"title":"SAINT-PRIEST | Les \u00e9v\u00e8nements de juillet - News Est Lyonnais","description":"SAINT-PRIEST | Les \u00e9v\u00e8nements de juillet","robots":{"index":"index","follow":"follow","max-snippet":"max-snippet:-1","max-image-preview":"max-image-preview:large","max-video-preview":"max-video-preview:-1"},"canonical":"https:\/\/newsestlyonnais.fr\/site\/2022\/07\/02\/saint-priest-les-evenements-de-juillet\/","og_locale":"fr_FR","og_type":"article","og_title":"SAINT-PRIEST | Les \u00e9v\u00e8nements de juillet - News Est Lyonnais","og_description":"SAINT-PRIEST | Les \u00e9v\u00e8nements de juillet","og_url":"https:\/\/newsestlyonnais.fr\/site\/2022\/07\/02\/saint-priest-les-evenements-de-juillet\/","og_site_name":"News Est Lyonnais","article_author":"https:\/\/www.facebook.com\/pascal.oberson.1?fref=ts","article_published_time":"2022-07-02T08:51:14+00:00","article_modified_time":"2022-07-31T05:45:03+00:00","og_image":[{"width":1200,"height":800,"url":"https:\/\/newsestlyonnais.fr\/site\/wp-content\/uploads\/2020\/02\/NEWSESTLYONNAIS-ST-PRIEST01.jpg","type":"image\/jpeg"}],"author":"R\u00e9dac. NEWS","twitter_card":"summary_large_image","twitter_misc":{"\u00c9crit par":"R\u00e9dac. NEWS","Dur\u00e9e de lecture estim\u00e9e":"4 minutes"},"schema":{"@context":"https:\/\/schema.org","@graph":[{"@type":"Article","@id":"https:\/\/newsestlyonnais.fr\/site\/2022\/07\/02\/saint-priest-les-evenements-de-juillet\/#article","isPartOf":{"@id":"https:\/\/newsestlyonnais.fr\/site\/2022\/07\/02\/saint-priest-les-evenements-de-juillet\/"},"author":{"name":"R\u00e9dac. NEWS","@id":"https:\/\/newsestlyonnais.fr\/site\/#\/schema\/person\/3230d5615f390bb808365d673001e887"},"headline":"SAINT-PRIEST | Les \u00e9v\u00e8nements de juillet","datePublished":"2022-07-02T08:51:14+00:00","dateModified":"2022-07-31T05:45:03+00:00","mainEntityOfPage":{"@id":"https:\/\/newsestlyonnais.fr\/site\/2022\/07\/02\/saint-priest-les-evenements-de-juillet\/"},"wordCount":625,"commentCount":0,"publisher":{"@id":"https:\/\/newsestlyonnais.fr\/site\/#organization"},"image":{"@id":"https:\/\/newsestlyonnais.fr\/site\/2022\/07\/02\/saint-priest-les-evenements-de-juillet\/#primaryimage"},"thumbnailUrl":"https:\/\/newsestlyonnais.fr\/site\/wp-content\/uploads\/2020\/02\/NEWSESTLYONNAIS-ST-PRIEST01.jpg","keywords":["AGENDA","SAINT PRIEST"],"articleSection":["Saint-Priest"],"inLanguage":"fr-FR","potentialAction":[{"@type":"CommentAction","name":"Comment","target":["https:\/\/newsestlyonnais.fr\/site\/2022\/07\/02\/saint-priest-les-evenements-de-juillet\/#respond"]}]},{"@type":"WebPage","@id":"https:\/\/newsestlyonnais.fr\/site\/2022\/07\/02\/saint-priest-les-evenements-de-juillet\/","url":"https:\/\/newsestlyonnais.fr\/site\/2022\/07\/02\/saint-priest-les-evenements-de-juillet\/","name":"SAINT-PRIEST | Les \u00e9v\u00e8nements de juillet - News Est Lyonnais","isPartOf":{"@id":"https:\/\/newsestlyonnais.fr\/site\/#website"},"primaryImageOfPage":{"@id":"https:\/\/newsestlyonnais.fr\/site\/2022\/07\/02\/saint-priest-les-evenements-de-juillet\/#primaryimage"},"image":{"@id":"https:\/\/newsestlyonnais.fr\/site\/2022\/07\/02\/saint-priest-les-evenements-de-juillet\/#primaryimage"},"thumbnailUrl":"https:\/\/newsestlyonnais.fr\/site\/wp-content\/uploads\/2020\/02\/NEWSESTLYONNAIS-ST-PRIEST01.jpg","datePublished":"2022-07-02T08:51:14+00:00","dateModified":"2022-07-31T05:45:03+00:00","description":"SAINT-PRIEST | Les \u00e9v\u00e8nements de juillet","breadcrumb":{"@id":"https:\/\/newsestlyonnais.fr\/site\/2022\/07\/02\/saint-priest-les-evenements-de-juillet\/#breadcrumb"},"inLanguage":"fr-FR","potentialAction":[{"@type":"ReadAction","target":["https:\/\/newsestlyonnais.fr\/site\/2022\/07\/02\/saint-priest-les-evenements-de-juillet\/"]}]},{"@type":"ImageObject","inLanguage":"fr-FR","@id":"https:\/\/newsestlyonnais.fr\/site\/2022\/07\/02\/saint-priest-les-evenements-de-juillet\/#primaryimage","url":"https:\/\/newsestlyonnais.fr\/site\/wp-content\/uploads\/2020\/02\/NEWSESTLYONNAIS-ST-PRIEST01.jpg","contentUrl":"https:\/\/newsestlyonnais.fr\/site\/wp-content\/uploads\/2020\/02\/NEWSESTLYONNAIS-ST-PRIEST01.jpg","width":1200,"height":800},{"@type":"BreadcrumbList","@id":"https:\/\/newsestlyonnais.fr\/site\/2022\/07\/02\/saint-priest-les-evenements-de-juillet\/#breadcrumb","itemListElement":[{"@type":"ListItem","position":1,"name":"Accueil","item":"https:\/\/newsestlyonnais.fr\/site\/"},{"@type":"ListItem","position":2,"name":"SAINT-PRIEST | Les \u00e9v\u00e8nements de juillet"}]},{"@type":"WebSite","@id":"https:\/\/newsestlyonnais.fr\/site\/#website","url":"https:\/\/newsestlyonnais.fr\/site\/","name":"News Est Lyonnais","description":"L&#039;actualit\u00e9 au plus pr\u00e8s","publisher":{"@id":"https:\/\/newsestlyonnais.fr\/site\/#organization"},"potentialAction":[{"@type":"SearchAction","target":{"@type":"EntryPoint","urlTemplate":"https:\/\/newsestlyonnais.fr\/site\/?s={search_term_string}"},"query-input":{"@type":"PropertyValueSpecification","valueRequired":true,"valueName":"search_term_string"}}],"inLanguage":"fr-FR"},{"@type":"Organization","@id":"https:\/\/newsestlyonnais.fr\/site\/#organization","name":"News EST LYONNAIS","url":"https:\/\/newsestlyonnais.fr\/site\/","logo":{"@type":"ImageObject","inLanguage":"fr-FR","@id":"https:\/\/newsestlyonnais.fr\/site\/#\/schema\/logo\/image\/","url":"","contentUrl":"","caption":"News EST LYONNAIS"},"image":{"@id":"https:\/\/newsestlyonnais.fr\/site\/#\/schema\/logo\/image\/"}},{"@type":"Person","@id":"https:\/\/newsestlyonnais.fr\/site\/#\/schema\/person\/3230d5615f390bb808365d673001e887","name":"R\u00e9dac. NEWS","sameAs":["http:\/\/www.newsestlyonnais.fr","https:\/\/www.facebook.com\/pascal.oberson.1?fref=ts","https:\/\/fr.linkedin.com\/in\/pascal-oberson-b17045113"],"url":"https:\/\/newsestlyonnais.fr\/site\/author\/nel\/"}]}},"_links":{"self":[{"href":"https:\/\/newsestlyonnais.fr\/site\/wp-json\/wp\/v2\/posts\/159306","targetHints":{"allow":["GET"]}}],"collection":[{"href":"https:\/\/newsestlyonnais.fr\/site\/wp-json\/wp\/v2\/posts"}],"about":[{"href":"https:\/\/newsestlyonnais.fr\/site\/wp-json\/wp\/v2\/types\/post"}],"author":[{"embeddable":true,"href":"https:\/\/newsestlyonnais.fr\/site\/wp-json\/wp\/v2\/users\/4"}],"replies":[{"embeddable":true,"href":"https:\/\/newsestlyonnais.fr\/site\/wp-json\/wp\/v2\/comments?post=159306"}],"version-history":[{"count":0,"href":"https:\/\/newsestlyonnais.fr\/site\/wp-json\/wp\/v2\/posts\/159306\/revisions"}],"wp:featuredmedia":[{"embeddable":true,"href":"https:\/\/newsestlyonnais.fr\/site\/wp-json\/wp\/v2\/media\/95577"}],"wp:attachment":[{"href":"https:\/\/newsestlyonnais.fr\/site\/wp-json\/wp\/v2\/media?parent=159306"}],"wp:term":[{"taxonomy":"category","embeddable":true,"href":"https:\/\/newsestlyonnais.fr\/site\/wp-json\/wp\/v2\/categories?post=159306"},{"taxonomy":"post_tag","embeddable":true,"href":"https:\/\/newsestlyonnais.fr\/site\/wp-json\/wp\/v2\/tags?post=159306"}],"curies":[{"name":"wp","href":"https:\/\/api.w.org\/{rel}","templated":true}]}}