{"id":159434,"date":"2022-07-03T07:15:30","date_gmt":"2022-07-03T06:15:30","guid":{"rendered":"https:\/\/newsestlyonnais.fr\/site\/?p=159434"},"modified":"2022-07-06T06:28:19","modified_gmt":"2022-07-06T05:28:19","slug":"meyzieu-lopen-de-tennis-sacheve-ce-dimanche-matin-2","status":"publish","type":"post","link":"https:\/\/newsestlyonnais.fr\/site\/2022\/07\/03\/meyzieu-lopen-de-tennis-sacheve-ce-dimanche-matin-2\/","title":{"rendered":"MEYZIEU | L\u2019Open de Tennis s&rsquo;ach\u00e8ve ce dimanche matin"},"content":{"rendered":"<p><strong><span style=\"background-color: #000000; color: #ffcc00;\">Tableau senior masculin <\/span>:<\/strong><\/p>\n<p>Lors de la demi-finale, le joueur d\u00e9cinois Alexis Nosengo, r\u00e9cent vainqueur de l&rsquo;Open de Genas\u00a0 s&rsquo;est impos\u00e9 en 3 sets et sera confront\u00e9 en finale au chasseland Alexis Gerra qui a battu Marc Hyvernat en 2 sets.<\/p>\n<ul>\n<li><strong>Alexis Nosengo <\/strong>(TC D\u00e9cines, 0) bat Timoth\u00e9e Lustig (TC Dardilly-Champagne, 1\/6)\u00a0 \u00a0\u00a0 <strong>6\/7, 6\/3, 6\/4<\/strong><strong>.<br \/>\n<\/strong><\/li>\n<li><strong>Alexis Gerra<\/strong> (Chassieu Tennis, 0) bat Marc Hyvernat (TC D\u00e9cines, 1\/6)\u00a0\u00a0 \u00a0 <strong>6\/4, 6\/3<\/strong>.<\/li>\n<\/ul>\n<hr \/>\n<p><span style=\"background-color: #000000; color: #ffffff;\"><strong>&gt; Les finales des 3 tableaux sont toutes programm\u00e9es \u00e0 la m\u00eame heure (10 heures) :<\/strong> <\/span><\/p>\n<ul>\n<li><span style=\"text-decoration: underline;\"><strong>Seniors dames<\/strong><\/span> : <strong>Anna Creuzet<\/strong> (TC St Priest, 4\/6) \/ <strong>Eloise Diligent<\/strong> (TC Bourgoin, 3\/6).<\/li>\n<li><span style=\"text-decoration: underline;\"><strong>Seniors hommes<\/strong><\/span> : <strong>Alexis Nosengo <\/strong>(TC D\u00e9cines, 0) \/ <strong>Alexis Gerra<\/strong> (Chassieu Tennis, 0).<\/li>\n<li><span style=\"text-decoration: underline;\"><strong>Seniors hommes + 35 ans<\/strong><\/span> : <strong>Emmanuel Bayet<\/strong> (Beynost Tennis, 15\/2) \/ <strong>J\u00e9r\u00f4me Dodane<\/strong> (TC Genas, 15\/1).<\/li>\n<\/ul>\n<hr \/>\n<p><span style=\"background-color: #000000; color: #ffcc00;\"><strong>Suite au partenariat mis en place avec les organisateurs de ce 1\u00b0 Master Tour de l\u2019Est Lyonnais,<\/strong><strong> retrouvez tous les jours et pour chaque tournoi, les r\u00e9sultats de la veille jusqu\u2019aux finales.<\/strong><\/span><\/p>\n","protected":false},"excerpt":{"rendered":"<p>Deux rencontres du tableau senior masculin \u00e9tait programm\u00e9es samedi en matin\u00e9e.<\/p>\n","protected":false},"author":4,"featured_media":158264,"comment_status":"open","ping_status":"open","sticky":false,"template":"","format":"standard","meta":{"footnotes":""},"categories":[24,2992,2991],"tags":[2081,2548,2192,2049],"class_list":["post-159434","post","type-post","status-publish","format-standard","has-post-thumbnail","hentry","category-meyzieu","category-tennis-padel","category-tennis-tennis-table-sports","tag-meyzieu","tag-meyzieu-tennis","tag-open","tag-tennis"],"yoast_head":"<!-- This site is optimized with the Yoast SEO plugin v27.2 - https:\/\/yoast.com\/product\/yoast-seo-wordpress\/ -->\n<title>MEYZIEU | L\u2019Open de Tennis s&#039;ach\u00e8ve ce dimanche matin - News Est Lyonnais<\/title>\n<meta name=\"description\" content=\"MEYZIEU | L\u2019Open de Tennis s&#039;ach\u00e8ve ce dimanche matin\" \/>\n<meta name=\"robots\" content=\"index, follow, max-snippet:-1, max-image-preview:large, max-video-preview:-1\" \/>\n<link rel=\"canonical\" href=\"https:\/\/newsestlyonnais.fr\/site\/2022\/07\/03\/meyzieu-lopen-de-tennis-sacheve-ce-dimanche-matin-2\/\" \/>\n<meta property=\"og:locale\" content=\"fr_FR\" \/>\n<meta property=\"og:type\" content=\"article\" \/>\n<meta property=\"og:title\" content=\"MEYZIEU | L\u2019Open de Tennis s&#039;ach\u00e8ve ce dimanche matin - News Est Lyonnais\" \/>\n<meta property=\"og:description\" content=\"MEYZIEU | L\u2019Open de Tennis s&#039;ach\u00e8ve ce dimanche matin\" \/>\n<meta property=\"og:url\" content=\"https:\/\/newsestlyonnais.fr\/site\/2022\/07\/03\/meyzieu-lopen-de-tennis-sacheve-ce-dimanche-matin-2\/\" \/>\n<meta property=\"og:site_name\" content=\"News Est Lyonnais\" \/>\n<meta property=\"article:author\" content=\"https:\/\/www.facebook.com\/pascal.oberson.1?fref=ts\" \/>\n<meta property=\"article:published_time\" content=\"2022-07-03T06:15:30+00:00\" \/>\n<meta property=\"article:modified_time\" content=\"2022-07-06T05:28:19+00:00\" \/>\n<meta property=\"og:image\" content=\"https:\/\/newsestlyonnais.fr\/site\/wp-content\/uploads\/2022\/06\/NEWSESTLYONNAIS-MEY-TENNIS-01-1.jpg\" \/>\n\t<meta property=\"og:image:width\" content=\"1200\" \/>\n\t<meta property=\"og:image:height\" content=\"900\" \/>\n\t<meta property=\"og:image:type\" content=\"image\/jpeg\" \/>\n<meta name=\"author\" content=\"R\u00e9dac. NEWS\" \/>\n<meta name=\"twitter:card\" content=\"summary_large_image\" \/>\n<meta name=\"twitter:label1\" content=\"\u00c9crit par\" \/>\n\t<meta name=\"twitter:data1\" content=\"R\u00e9dac. NEWS\" \/>\n\t<meta name=\"twitter:label2\" content=\"Dur\u00e9e de lecture estim\u00e9e\" \/>\n\t<meta name=\"twitter:data2\" content=\"1 minute\" \/>\n<script type=\"application\/ld+json\" class=\"yoast-schema-graph\">{\"@context\":\"https:\/\/schema.org\",\"@graph\":[{\"@type\":\"Article\",\"@id\":\"https:\/\/newsestlyonnais.fr\/site\/2022\/07\/03\/meyzieu-lopen-de-tennis-sacheve-ce-dimanche-matin-2\/#article\",\"isPartOf\":{\"@id\":\"https:\/\/newsestlyonnais.fr\/site\/2022\/07\/03\/meyzieu-lopen-de-tennis-sacheve-ce-dimanche-matin-2\/\"},\"author\":{\"name\":\"R\u00e9dac. NEWS\",\"@id\":\"https:\/\/newsestlyonnais.fr\/site\/#\/schema\/person\/3230d5615f390bb808365d673001e887\"},\"headline\":\"MEYZIEU | L\u2019Open de Tennis s&rsquo;ach\u00e8ve ce dimanche matin\",\"datePublished\":\"2022-07-03T06:15:30+00:00\",\"dateModified\":\"2022-07-06T05:28:19+00:00\",\"mainEntityOfPage\":{\"@id\":\"https:\/\/newsestlyonnais.fr\/site\/2022\/07\/03\/meyzieu-lopen-de-tennis-sacheve-ce-dimanche-matin-2\/\"},\"wordCount\":157,\"commentCount\":0,\"publisher\":{\"@id\":\"https:\/\/newsestlyonnais.fr\/site\/#organization\"},\"image\":{\"@id\":\"https:\/\/newsestlyonnais.fr\/site\/2022\/07\/03\/meyzieu-lopen-de-tennis-sacheve-ce-dimanche-matin-2\/#primaryimage\"},\"thumbnailUrl\":\"https:\/\/newsestlyonnais.fr\/site\/wp-content\/uploads\/2022\/06\/NEWSESTLYONNAIS-MEY-TENNIS-01-1.jpg\",\"keywords\":[\"MEYZIEU\",\"MEYZIEU TENNIS\",\"OPEN\",\"TENNIS\"],\"articleSection\":[\"Meyzieu\",\"Tennis | Padel\",\"Tennis | Tennis de table\"],\"inLanguage\":\"fr-FR\",\"potentialAction\":[{\"@type\":\"CommentAction\",\"name\":\"Comment\",\"target\":[\"https:\/\/newsestlyonnais.fr\/site\/2022\/07\/03\/meyzieu-lopen-de-tennis-sacheve-ce-dimanche-matin-2\/#respond\"]}]},{\"@type\":\"WebPage\",\"@id\":\"https:\/\/newsestlyonnais.fr\/site\/2022\/07\/03\/meyzieu-lopen-de-tennis-sacheve-ce-dimanche-matin-2\/\",\"url\":\"https:\/\/newsestlyonnais.fr\/site\/2022\/07\/03\/meyzieu-lopen-de-tennis-sacheve-ce-dimanche-matin-2\/\",\"name\":\"MEYZIEU | L\u2019Open de Tennis s'ach\u00e8ve ce dimanche matin - News Est Lyonnais\",\"isPartOf\":{\"@id\":\"https:\/\/newsestlyonnais.fr\/site\/#website\"},\"primaryImageOfPage\":{\"@id\":\"https:\/\/newsestlyonnais.fr\/site\/2022\/07\/03\/meyzieu-lopen-de-tennis-sacheve-ce-dimanche-matin-2\/#primaryimage\"},\"image\":{\"@id\":\"https:\/\/newsestlyonnais.fr\/site\/2022\/07\/03\/meyzieu-lopen-de-tennis-sacheve-ce-dimanche-matin-2\/#primaryimage\"},\"thumbnailUrl\":\"https:\/\/newsestlyonnais.fr\/site\/wp-content\/uploads\/2022\/06\/NEWSESTLYONNAIS-MEY-TENNIS-01-1.jpg\",\"datePublished\":\"2022-07-03T06:15:30+00:00\",\"dateModified\":\"2022-07-06T05:28:19+00:00\",\"description\":\"MEYZIEU | L\u2019Open de Tennis s'ach\u00e8ve ce dimanche matin\",\"breadcrumb\":{\"@id\":\"https:\/\/newsestlyonnais.fr\/site\/2022\/07\/03\/meyzieu-lopen-de-tennis-sacheve-ce-dimanche-matin-2\/#breadcrumb\"},\"inLanguage\":\"fr-FR\",\"potentialAction\":[{\"@type\":\"ReadAction\",\"target\":[\"https:\/\/newsestlyonnais.fr\/site\/2022\/07\/03\/meyzieu-lopen-de-tennis-sacheve-ce-dimanche-matin-2\/\"]}]},{\"@type\":\"ImageObject\",\"inLanguage\":\"fr-FR\",\"@id\":\"https:\/\/newsestlyonnais.fr\/site\/2022\/07\/03\/meyzieu-lopen-de-tennis-sacheve-ce-dimanche-matin-2\/#primaryimage\",\"url\":\"https:\/\/newsestlyonnais.fr\/site\/wp-content\/uploads\/2022\/06\/NEWSESTLYONNAIS-MEY-TENNIS-01-1.jpg\",\"contentUrl\":\"https:\/\/newsestlyonnais.fr\/site\/wp-content\/uploads\/2022\/06\/NEWSESTLYONNAIS-MEY-TENNIS-01-1.jpg\",\"width\":1200,\"height\":900},{\"@type\":\"BreadcrumbList\",\"@id\":\"https:\/\/newsestlyonnais.fr\/site\/2022\/07\/03\/meyzieu-lopen-de-tennis-sacheve-ce-dimanche-matin-2\/#breadcrumb\",\"itemListElement\":[{\"@type\":\"ListItem\",\"position\":1,\"name\":\"Accueil\",\"item\":\"https:\/\/newsestlyonnais.fr\/site\/\"},{\"@type\":\"ListItem\",\"position\":2,\"name\":\"MEYZIEU | L\u2019Open de Tennis s&rsquo;ach\u00e8ve ce dimanche matin\"}]},{\"@type\":\"WebSite\",\"@id\":\"https:\/\/newsestlyonnais.fr\/site\/#website\",\"url\":\"https:\/\/newsestlyonnais.fr\/site\/\",\"name\":\"News Est Lyonnais\",\"description\":\"L&#039;actualit\u00e9 au plus pr\u00e8s\",\"publisher\":{\"@id\":\"https:\/\/newsestlyonnais.fr\/site\/#organization\"},\"potentialAction\":[{\"@type\":\"SearchAction\",\"target\":{\"@type\":\"EntryPoint\",\"urlTemplate\":\"https:\/\/newsestlyonnais.fr\/site\/?s={search_term_string}\"},\"query-input\":{\"@type\":\"PropertyValueSpecification\",\"valueRequired\":true,\"valueName\":\"search_term_string\"}}],\"inLanguage\":\"fr-FR\"},{\"@type\":\"Organization\",\"@id\":\"https:\/\/newsestlyonnais.fr\/site\/#organization\",\"name\":\"News EST LYONNAIS\",\"url\":\"https:\/\/newsestlyonnais.fr\/site\/\",\"logo\":{\"@type\":\"ImageObject\",\"inLanguage\":\"fr-FR\",\"@id\":\"https:\/\/newsestlyonnais.fr\/site\/#\/schema\/logo\/image\/\",\"url\":\"\",\"contentUrl\":\"\",\"caption\":\"News EST LYONNAIS\"},\"image\":{\"@id\":\"https:\/\/newsestlyonnais.fr\/site\/#\/schema\/logo\/image\/\"}},{\"@type\":\"Person\",\"@id\":\"https:\/\/newsestlyonnais.fr\/site\/#\/schema\/person\/3230d5615f390bb808365d673001e887\",\"name\":\"R\u00e9dac. NEWS\",\"sameAs\":[\"http:\/\/www.newsestlyonnais.fr\",\"https:\/\/www.facebook.com\/pascal.oberson.1?fref=ts\",\"https:\/\/fr.linkedin.com\/in\/pascal-oberson-b17045113\"],\"url\":\"https:\/\/newsestlyonnais.fr\/site\/author\/nel\/\"}]}<\/script>\n<!-- \/ Yoast SEO plugin. -->","yoast_head_json":{"title":"MEYZIEU | L\u2019Open de Tennis s'ach\u00e8ve ce dimanche matin - News Est Lyonnais","description":"MEYZIEU | L\u2019Open de Tennis s'ach\u00e8ve ce dimanche matin","robots":{"index":"index","follow":"follow","max-snippet":"max-snippet:-1","max-image-preview":"max-image-preview:large","max-video-preview":"max-video-preview:-1"},"canonical":"https:\/\/newsestlyonnais.fr\/site\/2022\/07\/03\/meyzieu-lopen-de-tennis-sacheve-ce-dimanche-matin-2\/","og_locale":"fr_FR","og_type":"article","og_title":"MEYZIEU | L\u2019Open de Tennis s'ach\u00e8ve ce dimanche matin - News Est Lyonnais","og_description":"MEYZIEU | L\u2019Open de Tennis s'ach\u00e8ve ce dimanche matin","og_url":"https:\/\/newsestlyonnais.fr\/site\/2022\/07\/03\/meyzieu-lopen-de-tennis-sacheve-ce-dimanche-matin-2\/","og_site_name":"News Est Lyonnais","article_author":"https:\/\/www.facebook.com\/pascal.oberson.1?fref=ts","article_published_time":"2022-07-03T06:15:30+00:00","article_modified_time":"2022-07-06T05:28:19+00:00","og_image":[{"width":1200,"height":900,"url":"https:\/\/newsestlyonnais.fr\/site\/wp-content\/uploads\/2022\/06\/NEWSESTLYONNAIS-MEY-TENNIS-01-1.jpg","type":"image\/jpeg"}],"author":"R\u00e9dac. NEWS","twitter_card":"summary_large_image","twitter_misc":{"\u00c9crit par":"R\u00e9dac. NEWS","Dur\u00e9e de lecture estim\u00e9e":"1 minute"},"schema":{"@context":"https:\/\/schema.org","@graph":[{"@type":"Article","@id":"https:\/\/newsestlyonnais.fr\/site\/2022\/07\/03\/meyzieu-lopen-de-tennis-sacheve-ce-dimanche-matin-2\/#article","isPartOf":{"@id":"https:\/\/newsestlyonnais.fr\/site\/2022\/07\/03\/meyzieu-lopen-de-tennis-sacheve-ce-dimanche-matin-2\/"},"author":{"name":"R\u00e9dac. NEWS","@id":"https:\/\/newsestlyonnais.fr\/site\/#\/schema\/person\/3230d5615f390bb808365d673001e887"},"headline":"MEYZIEU | L\u2019Open de Tennis s&rsquo;ach\u00e8ve ce dimanche matin","datePublished":"2022-07-03T06:15:30+00:00","dateModified":"2022-07-06T05:28:19+00:00","mainEntityOfPage":{"@id":"https:\/\/newsestlyonnais.fr\/site\/2022\/07\/03\/meyzieu-lopen-de-tennis-sacheve-ce-dimanche-matin-2\/"},"wordCount":157,"commentCount":0,"publisher":{"@id":"https:\/\/newsestlyonnais.fr\/site\/#organization"},"image":{"@id":"https:\/\/newsestlyonnais.fr\/site\/2022\/07\/03\/meyzieu-lopen-de-tennis-sacheve-ce-dimanche-matin-2\/#primaryimage"},"thumbnailUrl":"https:\/\/newsestlyonnais.fr\/site\/wp-content\/uploads\/2022\/06\/NEWSESTLYONNAIS-MEY-TENNIS-01-1.jpg","keywords":["MEYZIEU","MEYZIEU TENNIS","OPEN","TENNIS"],"articleSection":["Meyzieu","Tennis | Padel","Tennis | Tennis de table"],"inLanguage":"fr-FR","potentialAction":[{"@type":"CommentAction","name":"Comment","target":["https:\/\/newsestlyonnais.fr\/site\/2022\/07\/03\/meyzieu-lopen-de-tennis-sacheve-ce-dimanche-matin-2\/#respond"]}]},{"@type":"WebPage","@id":"https:\/\/newsestlyonnais.fr\/site\/2022\/07\/03\/meyzieu-lopen-de-tennis-sacheve-ce-dimanche-matin-2\/","url":"https:\/\/newsestlyonnais.fr\/site\/2022\/07\/03\/meyzieu-lopen-de-tennis-sacheve-ce-dimanche-matin-2\/","name":"MEYZIEU | L\u2019Open de Tennis s'ach\u00e8ve ce dimanche matin - News Est Lyonnais","isPartOf":{"@id":"https:\/\/newsestlyonnais.fr\/site\/#website"},"primaryImageOfPage":{"@id":"https:\/\/newsestlyonnais.fr\/site\/2022\/07\/03\/meyzieu-lopen-de-tennis-sacheve-ce-dimanche-matin-2\/#primaryimage"},"image":{"@id":"https:\/\/newsestlyonnais.fr\/site\/2022\/07\/03\/meyzieu-lopen-de-tennis-sacheve-ce-dimanche-matin-2\/#primaryimage"},"thumbnailUrl":"https:\/\/newsestlyonnais.fr\/site\/wp-content\/uploads\/2022\/06\/NEWSESTLYONNAIS-MEY-TENNIS-01-1.jpg","datePublished":"2022-07-03T06:15:30+00:00","dateModified":"2022-07-06T05:28:19+00:00","description":"MEYZIEU | L\u2019Open de Tennis s'ach\u00e8ve ce dimanche matin","breadcrumb":{"@id":"https:\/\/newsestlyonnais.fr\/site\/2022\/07\/03\/meyzieu-lopen-de-tennis-sacheve-ce-dimanche-matin-2\/#breadcrumb"},"inLanguage":"fr-FR","potentialAction":[{"@type":"ReadAction","target":["https:\/\/newsestlyonnais.fr\/site\/2022\/07\/03\/meyzieu-lopen-de-tennis-sacheve-ce-dimanche-matin-2\/"]}]},{"@type":"ImageObject","inLanguage":"fr-FR","@id":"https:\/\/newsestlyonnais.fr\/site\/2022\/07\/03\/meyzieu-lopen-de-tennis-sacheve-ce-dimanche-matin-2\/#primaryimage","url":"https:\/\/newsestlyonnais.fr\/site\/wp-content\/uploads\/2022\/06\/NEWSESTLYONNAIS-MEY-TENNIS-01-1.jpg","contentUrl":"https:\/\/newsestlyonnais.fr\/site\/wp-content\/uploads\/2022\/06\/NEWSESTLYONNAIS-MEY-TENNIS-01-1.jpg","width":1200,"height":900},{"@type":"BreadcrumbList","@id":"https:\/\/newsestlyonnais.fr\/site\/2022\/07\/03\/meyzieu-lopen-de-tennis-sacheve-ce-dimanche-matin-2\/#breadcrumb","itemListElement":[{"@type":"ListItem","position":1,"name":"Accueil","item":"https:\/\/newsestlyonnais.fr\/site\/"},{"@type":"ListItem","position":2,"name":"MEYZIEU | L\u2019Open de Tennis s&rsquo;ach\u00e8ve ce dimanche matin"}]},{"@type":"WebSite","@id":"https:\/\/newsestlyonnais.fr\/site\/#website","url":"https:\/\/newsestlyonnais.fr\/site\/","name":"News Est Lyonnais","description":"L&#039;actualit\u00e9 au plus pr\u00e8s","publisher":{"@id":"https:\/\/newsestlyonnais.fr\/site\/#organization"},"potentialAction":[{"@type":"SearchAction","target":{"@type":"EntryPoint","urlTemplate":"https:\/\/newsestlyonnais.fr\/site\/?s={search_term_string}"},"query-input":{"@type":"PropertyValueSpecification","valueRequired":true,"valueName":"search_term_string"}}],"inLanguage":"fr-FR"},{"@type":"Organization","@id":"https:\/\/newsestlyonnais.fr\/site\/#organization","name":"News EST LYONNAIS","url":"https:\/\/newsestlyonnais.fr\/site\/","logo":{"@type":"ImageObject","inLanguage":"fr-FR","@id":"https:\/\/newsestlyonnais.fr\/site\/#\/schema\/logo\/image\/","url":"","contentUrl":"","caption":"News EST LYONNAIS"},"image":{"@id":"https:\/\/newsestlyonnais.fr\/site\/#\/schema\/logo\/image\/"}},{"@type":"Person","@id":"https:\/\/newsestlyonnais.fr\/site\/#\/schema\/person\/3230d5615f390bb808365d673001e887","name":"R\u00e9dac. NEWS","sameAs":["http:\/\/www.newsestlyonnais.fr","https:\/\/www.facebook.com\/pascal.oberson.1?fref=ts","https:\/\/fr.linkedin.com\/in\/pascal-oberson-b17045113"],"url":"https:\/\/newsestlyonnais.fr\/site\/author\/nel\/"}]}},"_links":{"self":[{"href":"https:\/\/newsestlyonnais.fr\/site\/wp-json\/wp\/v2\/posts\/159434","targetHints":{"allow":["GET"]}}],"collection":[{"href":"https:\/\/newsestlyonnais.fr\/site\/wp-json\/wp\/v2\/posts"}],"about":[{"href":"https:\/\/newsestlyonnais.fr\/site\/wp-json\/wp\/v2\/types\/post"}],"author":[{"embeddable":true,"href":"https:\/\/newsestlyonnais.fr\/site\/wp-json\/wp\/v2\/users\/4"}],"replies":[{"embeddable":true,"href":"https:\/\/newsestlyonnais.fr\/site\/wp-json\/wp\/v2\/comments?post=159434"}],"version-history":[{"count":0,"href":"https:\/\/newsestlyonnais.fr\/site\/wp-json\/wp\/v2\/posts\/159434\/revisions"}],"wp:featuredmedia":[{"embeddable":true,"href":"https:\/\/newsestlyonnais.fr\/site\/wp-json\/wp\/v2\/media\/158264"}],"wp:attachment":[{"href":"https:\/\/newsestlyonnais.fr\/site\/wp-json\/wp\/v2\/media?parent=159434"}],"wp:term":[{"taxonomy":"category","embeddable":true,"href":"https:\/\/newsestlyonnais.fr\/site\/wp-json\/wp\/v2\/categories?post=159434"},{"taxonomy":"post_tag","embeddable":true,"href":"https:\/\/newsestlyonnais.fr\/site\/wp-json\/wp\/v2\/tags?post=159434"}],"curies":[{"name":"wp","href":"https:\/\/api.w.org\/{rel}","templated":true}]}}