{"id":159731,"date":"2022-07-06T06:26:04","date_gmt":"2022-07-06T05:26:04","guid":{"rendered":"https:\/\/newsestlyonnais.fr\/site\/?p=159731"},"modified":"2022-07-09T06:08:03","modified_gmt":"2022-07-09T05:08:03","slug":"decines-les-resultats-de-mardi-a-lopen-de-tennis-5","status":"publish","type":"post","link":"https:\/\/newsestlyonnais.fr\/site\/2022\/07\/06\/decines-les-resultats-de-mardi-a-lopen-de-tennis-5\/","title":{"rendered":"DECINES | Les r\u00e9sultats de mardi \u00e0 l\u2019Open de Tennis"},"content":{"rendered":"<div class=\"entry-body\">\n<p><span style=\"background-color: #000000; color: #ffcc00;\"><strong>Tableau f\u00e9minin <\/strong><\/span>:<\/p>\n<ul>\n<li><strong>Julie Schwartzentruber<\/strong> (AT Pusignan, 15\/5) bat Catherine Cuinier (TC St Maurice de Gourdans, 30) \u00a0\u00a0 <strong>6\/3, 7\/6<\/strong><strong>.<\/strong><\/li>\n<\/ul>\n<p><span style=\"background-color: #000000; color: #ffcc00;\"><strong>Tableau masculin <\/strong><\/span>:<\/p>\n<ul>\n<li><strong>Benjamin Moreau<\/strong> (TC Genas, 15\/3) bat David-Olivier Tessier (TC D\u00e9cines, 15\/4) \u00a0 <strong>6\/1, 6\/3<\/strong>.<\/li>\n<li><strong>Valentin Gardin<\/strong> (Ozon Tennis, 15\/3) bat Maxime Bergeaud (TC D\u00e9cines, 15\/4)\u00a0\u00a0\u00a0 <strong>1\/6, 7\/6, 6\/1.<\/strong><\/li>\n<li><strong>Olivier Donguy<\/strong> (TC D\u00e9cines, 15\/3) bat Maurice Belforte (TC D\u00e9cines, 15\/5)\u00a0\u00a0\u00a0 <strong>6\/4, 6\/4.<\/strong>\u00a0\u00a0 .<\/li>\n<li><strong>Antoine Perego<\/strong> (TC D\u00e9cines, 15\/3) bat R\u00e9my Martin (ES Charly, 15\/3) \u00a0\u00a0 <strong>5\/7, 6\/2, 6\/2.<\/strong><\/li>\n<li><strong>Yannis Martin<\/strong> (TC D\u00e9cines, 15\/4) bat C\u00e9dric Pauriol (Lyon III Tennis, 15\/3)\u00a0 <strong>6\/2, 6\/3<\/strong>.\u00a0\u00a0\u00a0\u00a0\u00a0\u00a0\u00a0\u00a0\u00a0\u00a0\u00a0\u00a0\u00a0\u00a0\u00a0\u00a0\u00a0\u00a0\u00a0\u00a0\u00a0\u00a0\u00a0\u00a0\u00a0\u00a0 .<\/li>\n<li><strong>S\u00e9bastien Roth<\/strong> (TC Bron, 30) bat S\u00e9bastien Boury (TC Genas, 30)\u00a0\u00a0\u00a0 <strong>6\/2, 6\/0<\/strong>.<\/li>\n<\/ul>\n<hr \/>\n<p><strong>&gt; Huit matchs, dont un dans le tableau f\u00e9minin, sont \u00e0 l\u2019affiche de ce mercredi d\u00e8s 18 heures.<\/strong><\/p>\n<p><span style=\"background-color: #000000; color: #ffcc00;\"><strong>Suite au partenariat mis en place avec les organisateurs de ce 1\u00b0 Master Tour de l\u2019Est Lyonnais, retrouvez tous les jours et pour chaque tournoi, les r\u00e9sultats de la veille jusqu\u2019aux finales.<\/strong><\/span><\/p>\n<\/div>\n","protected":false},"excerpt":{"rendered":"<p>7 rencontres dont une seule dans le tableau f\u00e9minin \u00e9taient programm\u00e9es en soir\u00e9e.<\/p>\n","protected":false},"author":4,"featured_media":158308,"comment_status":"open","ping_status":"open","sticky":false,"template":"","format":"standard","meta":{"footnotes":""},"categories":[21,2992,2991],"tags":[2116,2192,4331,2049],"class_list":["post-159731","post","type-post","status-publish","format-standard","has-post-thumbnail","hentry","category-decines-charpieu","category-tennis-padel","category-tennis-tennis-table-sports","tag-decines","tag-open","tag-tc-decines","tag-tennis"],"yoast_head":"<!-- This site is optimized with the Yoast SEO plugin v27.2 - https:\/\/yoast.com\/product\/yoast-seo-wordpress\/ -->\n<title>DECINES | Les r\u00e9sultats de mardi \u00e0 l\u2019Open de Tennis - News Est Lyonnais<\/title>\n<meta name=\"description\" content=\"DECINES | Les r\u00e9sultats de mardi \u00e0 l\u2019Open de Tennis\" \/>\n<meta name=\"robots\" content=\"index, follow, max-snippet:-1, max-image-preview:large, max-video-preview:-1\" \/>\n<link rel=\"canonical\" href=\"https:\/\/newsestlyonnais.fr\/site\/2022\/07\/06\/decines-les-resultats-de-mardi-a-lopen-de-tennis-5\/\" \/>\n<meta property=\"og:locale\" content=\"fr_FR\" \/>\n<meta property=\"og:type\" content=\"article\" \/>\n<meta property=\"og:title\" content=\"DECINES | Les r\u00e9sultats de mardi \u00e0 l\u2019Open de Tennis - News Est Lyonnais\" \/>\n<meta property=\"og:description\" content=\"DECINES | Les r\u00e9sultats de mardi \u00e0 l\u2019Open de Tennis\" \/>\n<meta property=\"og:url\" content=\"https:\/\/newsestlyonnais.fr\/site\/2022\/07\/06\/decines-les-resultats-de-mardi-a-lopen-de-tennis-5\/\" \/>\n<meta property=\"og:site_name\" content=\"News Est Lyonnais\" \/>\n<meta property=\"article:author\" content=\"https:\/\/www.facebook.com\/pascal.oberson.1?fref=ts\" \/>\n<meta property=\"article:published_time\" content=\"2022-07-06T05:26:04+00:00\" \/>\n<meta property=\"article:modified_time\" content=\"2022-07-09T05:08:03+00:00\" \/>\n<meta property=\"og:image\" content=\"https:\/\/newsestlyonnais.fr\/site\/wp-content\/uploads\/2022\/06\/NEWSESTLYONNAIS-ACT-TC-DECINES-02.jpg\" \/>\n\t<meta property=\"og:image:width\" content=\"1200\" \/>\n\t<meta property=\"og:image:height\" content=\"800\" \/>\n\t<meta property=\"og:image:type\" content=\"image\/jpeg\" \/>\n<meta name=\"author\" content=\"R\u00e9dac. NEWS\" \/>\n<meta name=\"twitter:card\" content=\"summary_large_image\" \/>\n<meta name=\"twitter:label1\" content=\"\u00c9crit par\" \/>\n\t<meta name=\"twitter:data1\" content=\"R\u00e9dac. NEWS\" \/>\n\t<meta name=\"twitter:label2\" content=\"Dur\u00e9e de lecture estim\u00e9e\" \/>\n\t<meta name=\"twitter:data2\" content=\"1 minute\" \/>\n<script type=\"application\/ld+json\" class=\"yoast-schema-graph\">{\"@context\":\"https:\/\/schema.org\",\"@graph\":[{\"@type\":\"Article\",\"@id\":\"https:\/\/newsestlyonnais.fr\/site\/2022\/07\/06\/decines-les-resultats-de-mardi-a-lopen-de-tennis-5\/#article\",\"isPartOf\":{\"@id\":\"https:\/\/newsestlyonnais.fr\/site\/2022\/07\/06\/decines-les-resultats-de-mardi-a-lopen-de-tennis-5\/\"},\"author\":{\"name\":\"R\u00e9dac. NEWS\",\"@id\":\"https:\/\/newsestlyonnais.fr\/site\/#\/schema\/person\/3230d5615f390bb808365d673001e887\"},\"headline\":\"DECINES | Les r\u00e9sultats de mardi \u00e0 l\u2019Open de Tennis\",\"datePublished\":\"2022-07-06T05:26:04+00:00\",\"dateModified\":\"2022-07-09T05:08:03+00:00\",\"mainEntityOfPage\":{\"@id\":\"https:\/\/newsestlyonnais.fr\/site\/2022\/07\/06\/decines-les-resultats-de-mardi-a-lopen-de-tennis-5\/\"},\"wordCount\":145,\"commentCount\":0,\"publisher\":{\"@id\":\"https:\/\/newsestlyonnais.fr\/site\/#organization\"},\"image\":{\"@id\":\"https:\/\/newsestlyonnais.fr\/site\/2022\/07\/06\/decines-les-resultats-de-mardi-a-lopen-de-tennis-5\/#primaryimage\"},\"thumbnailUrl\":\"https:\/\/newsestlyonnais.fr\/site\/wp-content\/uploads\/2022\/06\/NEWSESTLYONNAIS-ACT-TC-DECINES-02.jpg\",\"keywords\":[\"DECINES\",\"OPEN\",\"TC DECINES\",\"TENNIS\"],\"articleSection\":[\"D\u00e9cines-Charpieu\",\"Tennis | Padel\",\"Tennis | Tennis de table\"],\"inLanguage\":\"fr-FR\",\"potentialAction\":[{\"@type\":\"CommentAction\",\"name\":\"Comment\",\"target\":[\"https:\/\/newsestlyonnais.fr\/site\/2022\/07\/06\/decines-les-resultats-de-mardi-a-lopen-de-tennis-5\/#respond\"]}]},{\"@type\":\"WebPage\",\"@id\":\"https:\/\/newsestlyonnais.fr\/site\/2022\/07\/06\/decines-les-resultats-de-mardi-a-lopen-de-tennis-5\/\",\"url\":\"https:\/\/newsestlyonnais.fr\/site\/2022\/07\/06\/decines-les-resultats-de-mardi-a-lopen-de-tennis-5\/\",\"name\":\"DECINES | Les r\u00e9sultats de mardi \u00e0 l\u2019Open de Tennis - News Est Lyonnais\",\"isPartOf\":{\"@id\":\"https:\/\/newsestlyonnais.fr\/site\/#website\"},\"primaryImageOfPage\":{\"@id\":\"https:\/\/newsestlyonnais.fr\/site\/2022\/07\/06\/decines-les-resultats-de-mardi-a-lopen-de-tennis-5\/#primaryimage\"},\"image\":{\"@id\":\"https:\/\/newsestlyonnais.fr\/site\/2022\/07\/06\/decines-les-resultats-de-mardi-a-lopen-de-tennis-5\/#primaryimage\"},\"thumbnailUrl\":\"https:\/\/newsestlyonnais.fr\/site\/wp-content\/uploads\/2022\/06\/NEWSESTLYONNAIS-ACT-TC-DECINES-02.jpg\",\"datePublished\":\"2022-07-06T05:26:04+00:00\",\"dateModified\":\"2022-07-09T05:08:03+00:00\",\"description\":\"DECINES | Les r\u00e9sultats de mardi \u00e0 l\u2019Open de Tennis\",\"breadcrumb\":{\"@id\":\"https:\/\/newsestlyonnais.fr\/site\/2022\/07\/06\/decines-les-resultats-de-mardi-a-lopen-de-tennis-5\/#breadcrumb\"},\"inLanguage\":\"fr-FR\",\"potentialAction\":[{\"@type\":\"ReadAction\",\"target\":[\"https:\/\/newsestlyonnais.fr\/site\/2022\/07\/06\/decines-les-resultats-de-mardi-a-lopen-de-tennis-5\/\"]}]},{\"@type\":\"ImageObject\",\"inLanguage\":\"fr-FR\",\"@id\":\"https:\/\/newsestlyonnais.fr\/site\/2022\/07\/06\/decines-les-resultats-de-mardi-a-lopen-de-tennis-5\/#primaryimage\",\"url\":\"https:\/\/newsestlyonnais.fr\/site\/wp-content\/uploads\/2022\/06\/NEWSESTLYONNAIS-ACT-TC-DECINES-02.jpg\",\"contentUrl\":\"https:\/\/newsestlyonnais.fr\/site\/wp-content\/uploads\/2022\/06\/NEWSESTLYONNAIS-ACT-TC-DECINES-02.jpg\",\"width\":1200,\"height\":800},{\"@type\":\"BreadcrumbList\",\"@id\":\"https:\/\/newsestlyonnais.fr\/site\/2022\/07\/06\/decines-les-resultats-de-mardi-a-lopen-de-tennis-5\/#breadcrumb\",\"itemListElement\":[{\"@type\":\"ListItem\",\"position\":1,\"name\":\"Accueil\",\"item\":\"https:\/\/newsestlyonnais.fr\/site\/\"},{\"@type\":\"ListItem\",\"position\":2,\"name\":\"DECINES | Les r\u00e9sultats de mardi \u00e0 l\u2019Open de Tennis\"}]},{\"@type\":\"WebSite\",\"@id\":\"https:\/\/newsestlyonnais.fr\/site\/#website\",\"url\":\"https:\/\/newsestlyonnais.fr\/site\/\",\"name\":\"News Est Lyonnais\",\"description\":\"L&#039;actualit\u00e9 au plus pr\u00e8s\",\"publisher\":{\"@id\":\"https:\/\/newsestlyonnais.fr\/site\/#organization\"},\"potentialAction\":[{\"@type\":\"SearchAction\",\"target\":{\"@type\":\"EntryPoint\",\"urlTemplate\":\"https:\/\/newsestlyonnais.fr\/site\/?s={search_term_string}\"},\"query-input\":{\"@type\":\"PropertyValueSpecification\",\"valueRequired\":true,\"valueName\":\"search_term_string\"}}],\"inLanguage\":\"fr-FR\"},{\"@type\":\"Organization\",\"@id\":\"https:\/\/newsestlyonnais.fr\/site\/#organization\",\"name\":\"News EST LYONNAIS\",\"url\":\"https:\/\/newsestlyonnais.fr\/site\/\",\"logo\":{\"@type\":\"ImageObject\",\"inLanguage\":\"fr-FR\",\"@id\":\"https:\/\/newsestlyonnais.fr\/site\/#\/schema\/logo\/image\/\",\"url\":\"\",\"contentUrl\":\"\",\"caption\":\"News EST LYONNAIS\"},\"image\":{\"@id\":\"https:\/\/newsestlyonnais.fr\/site\/#\/schema\/logo\/image\/\"}},{\"@type\":\"Person\",\"@id\":\"https:\/\/newsestlyonnais.fr\/site\/#\/schema\/person\/3230d5615f390bb808365d673001e887\",\"name\":\"R\u00e9dac. NEWS\",\"sameAs\":[\"http:\/\/www.newsestlyonnais.fr\",\"https:\/\/www.facebook.com\/pascal.oberson.1?fref=ts\",\"https:\/\/fr.linkedin.com\/in\/pascal-oberson-b17045113\"],\"url\":\"https:\/\/newsestlyonnais.fr\/site\/author\/nel\/\"}]}<\/script>\n<!-- \/ Yoast SEO plugin. -->","yoast_head_json":{"title":"DECINES | Les r\u00e9sultats de mardi \u00e0 l\u2019Open de Tennis - News Est Lyonnais","description":"DECINES | Les r\u00e9sultats de mardi \u00e0 l\u2019Open de Tennis","robots":{"index":"index","follow":"follow","max-snippet":"max-snippet:-1","max-image-preview":"max-image-preview:large","max-video-preview":"max-video-preview:-1"},"canonical":"https:\/\/newsestlyonnais.fr\/site\/2022\/07\/06\/decines-les-resultats-de-mardi-a-lopen-de-tennis-5\/","og_locale":"fr_FR","og_type":"article","og_title":"DECINES | Les r\u00e9sultats de mardi \u00e0 l\u2019Open de Tennis - News Est Lyonnais","og_description":"DECINES | Les r\u00e9sultats de mardi \u00e0 l\u2019Open de Tennis","og_url":"https:\/\/newsestlyonnais.fr\/site\/2022\/07\/06\/decines-les-resultats-de-mardi-a-lopen-de-tennis-5\/","og_site_name":"News Est Lyonnais","article_author":"https:\/\/www.facebook.com\/pascal.oberson.1?fref=ts","article_published_time":"2022-07-06T05:26:04+00:00","article_modified_time":"2022-07-09T05:08:03+00:00","og_image":[{"width":1200,"height":800,"url":"https:\/\/newsestlyonnais.fr\/site\/wp-content\/uploads\/2022\/06\/NEWSESTLYONNAIS-ACT-TC-DECINES-02.jpg","type":"image\/jpeg"}],"author":"R\u00e9dac. NEWS","twitter_card":"summary_large_image","twitter_misc":{"\u00c9crit par":"R\u00e9dac. NEWS","Dur\u00e9e de lecture estim\u00e9e":"1 minute"},"schema":{"@context":"https:\/\/schema.org","@graph":[{"@type":"Article","@id":"https:\/\/newsestlyonnais.fr\/site\/2022\/07\/06\/decines-les-resultats-de-mardi-a-lopen-de-tennis-5\/#article","isPartOf":{"@id":"https:\/\/newsestlyonnais.fr\/site\/2022\/07\/06\/decines-les-resultats-de-mardi-a-lopen-de-tennis-5\/"},"author":{"name":"R\u00e9dac. NEWS","@id":"https:\/\/newsestlyonnais.fr\/site\/#\/schema\/person\/3230d5615f390bb808365d673001e887"},"headline":"DECINES | Les r\u00e9sultats de mardi \u00e0 l\u2019Open de Tennis","datePublished":"2022-07-06T05:26:04+00:00","dateModified":"2022-07-09T05:08:03+00:00","mainEntityOfPage":{"@id":"https:\/\/newsestlyonnais.fr\/site\/2022\/07\/06\/decines-les-resultats-de-mardi-a-lopen-de-tennis-5\/"},"wordCount":145,"commentCount":0,"publisher":{"@id":"https:\/\/newsestlyonnais.fr\/site\/#organization"},"image":{"@id":"https:\/\/newsestlyonnais.fr\/site\/2022\/07\/06\/decines-les-resultats-de-mardi-a-lopen-de-tennis-5\/#primaryimage"},"thumbnailUrl":"https:\/\/newsestlyonnais.fr\/site\/wp-content\/uploads\/2022\/06\/NEWSESTLYONNAIS-ACT-TC-DECINES-02.jpg","keywords":["DECINES","OPEN","TC DECINES","TENNIS"],"articleSection":["D\u00e9cines-Charpieu","Tennis | Padel","Tennis | Tennis de table"],"inLanguage":"fr-FR","potentialAction":[{"@type":"CommentAction","name":"Comment","target":["https:\/\/newsestlyonnais.fr\/site\/2022\/07\/06\/decines-les-resultats-de-mardi-a-lopen-de-tennis-5\/#respond"]}]},{"@type":"WebPage","@id":"https:\/\/newsestlyonnais.fr\/site\/2022\/07\/06\/decines-les-resultats-de-mardi-a-lopen-de-tennis-5\/","url":"https:\/\/newsestlyonnais.fr\/site\/2022\/07\/06\/decines-les-resultats-de-mardi-a-lopen-de-tennis-5\/","name":"DECINES | Les r\u00e9sultats de mardi \u00e0 l\u2019Open de Tennis - News Est Lyonnais","isPartOf":{"@id":"https:\/\/newsestlyonnais.fr\/site\/#website"},"primaryImageOfPage":{"@id":"https:\/\/newsestlyonnais.fr\/site\/2022\/07\/06\/decines-les-resultats-de-mardi-a-lopen-de-tennis-5\/#primaryimage"},"image":{"@id":"https:\/\/newsestlyonnais.fr\/site\/2022\/07\/06\/decines-les-resultats-de-mardi-a-lopen-de-tennis-5\/#primaryimage"},"thumbnailUrl":"https:\/\/newsestlyonnais.fr\/site\/wp-content\/uploads\/2022\/06\/NEWSESTLYONNAIS-ACT-TC-DECINES-02.jpg","datePublished":"2022-07-06T05:26:04+00:00","dateModified":"2022-07-09T05:08:03+00:00","description":"DECINES | Les r\u00e9sultats de mardi \u00e0 l\u2019Open de Tennis","breadcrumb":{"@id":"https:\/\/newsestlyonnais.fr\/site\/2022\/07\/06\/decines-les-resultats-de-mardi-a-lopen-de-tennis-5\/#breadcrumb"},"inLanguage":"fr-FR","potentialAction":[{"@type":"ReadAction","target":["https:\/\/newsestlyonnais.fr\/site\/2022\/07\/06\/decines-les-resultats-de-mardi-a-lopen-de-tennis-5\/"]}]},{"@type":"ImageObject","inLanguage":"fr-FR","@id":"https:\/\/newsestlyonnais.fr\/site\/2022\/07\/06\/decines-les-resultats-de-mardi-a-lopen-de-tennis-5\/#primaryimage","url":"https:\/\/newsestlyonnais.fr\/site\/wp-content\/uploads\/2022\/06\/NEWSESTLYONNAIS-ACT-TC-DECINES-02.jpg","contentUrl":"https:\/\/newsestlyonnais.fr\/site\/wp-content\/uploads\/2022\/06\/NEWSESTLYONNAIS-ACT-TC-DECINES-02.jpg","width":1200,"height":800},{"@type":"BreadcrumbList","@id":"https:\/\/newsestlyonnais.fr\/site\/2022\/07\/06\/decines-les-resultats-de-mardi-a-lopen-de-tennis-5\/#breadcrumb","itemListElement":[{"@type":"ListItem","position":1,"name":"Accueil","item":"https:\/\/newsestlyonnais.fr\/site\/"},{"@type":"ListItem","position":2,"name":"DECINES | Les r\u00e9sultats de mardi \u00e0 l\u2019Open de Tennis"}]},{"@type":"WebSite","@id":"https:\/\/newsestlyonnais.fr\/site\/#website","url":"https:\/\/newsestlyonnais.fr\/site\/","name":"News Est Lyonnais","description":"L&#039;actualit\u00e9 au plus pr\u00e8s","publisher":{"@id":"https:\/\/newsestlyonnais.fr\/site\/#organization"},"potentialAction":[{"@type":"SearchAction","target":{"@type":"EntryPoint","urlTemplate":"https:\/\/newsestlyonnais.fr\/site\/?s={search_term_string}"},"query-input":{"@type":"PropertyValueSpecification","valueRequired":true,"valueName":"search_term_string"}}],"inLanguage":"fr-FR"},{"@type":"Organization","@id":"https:\/\/newsestlyonnais.fr\/site\/#organization","name":"News EST LYONNAIS","url":"https:\/\/newsestlyonnais.fr\/site\/","logo":{"@type":"ImageObject","inLanguage":"fr-FR","@id":"https:\/\/newsestlyonnais.fr\/site\/#\/schema\/logo\/image\/","url":"","contentUrl":"","caption":"News EST LYONNAIS"},"image":{"@id":"https:\/\/newsestlyonnais.fr\/site\/#\/schema\/logo\/image\/"}},{"@type":"Person","@id":"https:\/\/newsestlyonnais.fr\/site\/#\/schema\/person\/3230d5615f390bb808365d673001e887","name":"R\u00e9dac. NEWS","sameAs":["http:\/\/www.newsestlyonnais.fr","https:\/\/www.facebook.com\/pascal.oberson.1?fref=ts","https:\/\/fr.linkedin.com\/in\/pascal-oberson-b17045113"],"url":"https:\/\/newsestlyonnais.fr\/site\/author\/nel\/"}]}},"_links":{"self":[{"href":"https:\/\/newsestlyonnais.fr\/site\/wp-json\/wp\/v2\/posts\/159731","targetHints":{"allow":["GET"]}}],"collection":[{"href":"https:\/\/newsestlyonnais.fr\/site\/wp-json\/wp\/v2\/posts"}],"about":[{"href":"https:\/\/newsestlyonnais.fr\/site\/wp-json\/wp\/v2\/types\/post"}],"author":[{"embeddable":true,"href":"https:\/\/newsestlyonnais.fr\/site\/wp-json\/wp\/v2\/users\/4"}],"replies":[{"embeddable":true,"href":"https:\/\/newsestlyonnais.fr\/site\/wp-json\/wp\/v2\/comments?post=159731"}],"version-history":[{"count":0,"href":"https:\/\/newsestlyonnais.fr\/site\/wp-json\/wp\/v2\/posts\/159731\/revisions"}],"wp:featuredmedia":[{"embeddable":true,"href":"https:\/\/newsestlyonnais.fr\/site\/wp-json\/wp\/v2\/media\/158308"}],"wp:attachment":[{"href":"https:\/\/newsestlyonnais.fr\/site\/wp-json\/wp\/v2\/media?parent=159731"}],"wp:term":[{"taxonomy":"category","embeddable":true,"href":"https:\/\/newsestlyonnais.fr\/site\/wp-json\/wp\/v2\/categories?post=159731"},{"taxonomy":"post_tag","embeddable":true,"href":"https:\/\/newsestlyonnais.fr\/site\/wp-json\/wp\/v2\/tags?post=159731"}],"curies":[{"name":"wp","href":"https:\/\/api.w.org\/{rel}","templated":true}]}}