{"id":159812,"date":"2022-07-06T17:01:32","date_gmt":"2022-07-06T16:01:32","guid":{"rendered":"https:\/\/newsestlyonnais.fr\/site\/?p=159812"},"modified":"2022-07-06T17:01:32","modified_gmt":"2022-07-06T16:01:32","slug":"villeurbanne-creation-dun-tiers-lieu-alimentaire","status":"publish","type":"post","link":"https:\/\/newsestlyonnais.fr\/site\/2022\/07\/06\/villeurbanne-creation-dun-tiers-lieu-alimentaire\/","title":{"rendered":"VILLEURBANNE | Cr\u00e9ation d&rsquo;un tiers lieu alimentaire"},"content":{"rendered":"<p>Pour lutter contre la pr\u00e9carit\u00e9 alimentaire, <strong>la Ville de Villeurbanne cr\u00e9e l\u2019Archipel, un tiers-lieu pour accompagner et soutenir les personnes qui en ont besoin.<\/strong><\/p>\n<p><strong>Le 7 juillet, venez rencontrer et poser vos questions aux acteurs du projet : les \u00e9lus, les services municipaux, les associations, les partenaires\u2026<\/strong><\/p>\n<p>Vous avez des id\u00e9es pour d\u00e9velopper ce projet ?<\/p>\n<p>Vous souhaitez vous impliquer en tant que b\u00e9n\u00e9vole ?<\/p>\n<p>Vous \u00eates \u00e9galement bienvenu.e !<\/p>\n<hr \/>\n<p><span style=\"background-color: #000000; color: #ffffff;\"><strong>Le projet, en r\u00e9sum\u00e9<\/strong><\/span><\/p>\n<p><strong>D\u2019ici \u00e0 la fin de l\u2019ann\u00e9e 2022, le projet l\u2019Archipel prendra vie<\/strong> sur une partie de l\u2019espace actuellement occup\u00e9 par le parking Rapha\u00ebl-de-Barros. Avec l\u2019aide de l\u2019\u00c9tat, en lien avec le centre communal d\u2019action sociale,<strong> la Ville construit 2 b\u00e2timents modulaires<\/strong> dans lesquels des associations g\u00e9reront les activit\u00e9s suivantes :<\/p>\n<ul>\n<li>Un \u00eelot \u00ab cuisine et acc\u00e8s aux droits \u00bb port\u00e9 par l\u2019association Le MAS, 120 m 2 de cuisines partag\u00e9es et des espaces d\u2019information.<\/li>\n<li>Un \u00eelot \u00ab restauration solidaire \u00bb port\u00e9 par le Camion du C\u0153ur, structure des Restos du Coeur du Rh\u00f4ne. Des espaces de production et de distribution de repas chauds pour les personnes en situation de pr\u00e9carit\u00e9 alimentaire, avec 75 m\u00b2 de cuisine professionnelle.<\/li>\n<\/ul>\n<hr \/>\n<p><span style=\"background-color: #000000; color: #ffffff;\">+ d\u2019infos<\/span> : <span style=\"color: #0000ff; font-size: 10pt;\"><a style=\"color: #0000ff;\" href=\"https:\/\/www.villeurbanne.fr\/ma-ville\/nos-projets\/projets-urbains\/l-archipel-le-tiers-lieu-alimentaire\/fiche-projet-l-archipel-le-tiers-lieu-alimentaire\">https:\/\/www.villeurbanne.fr\/ma-ville\/nos-projets\/projets-urbains\/l-archipel-le-tiers-lieu-alimentaire\/fiche-projet-l-archipel-le-tiers-lieu-alimentaire<\/a><\/span><\/p>\n<p><span style=\"background-color: #000000; color: #ffcc00;\">Rendez-vous jeudi 7 juillet 2022, entre 16 h et 19 h, Parking Rapha\u00ebl-de-Barros, 185, rue Anatole-France \u00e0 Villeurbanne<\/span><\/p>\n","protected":false},"excerpt":{"rendered":"<p>Ce jeudi 7 juillet, les habitants pourront rencontrer et poser leurs questions aux acteurs du projet l\u2019Archipel,<\/p>\n","protected":false},"author":4,"featured_media":105803,"comment_status":"open","ping_status":"open","sticky":false,"template":"","format":"standard","meta":{"footnotes":""},"categories":[2217,18,172,29],"tags":[4343,4344,2091],"class_list":["post-159812","post","type-post","status-publish","format-standard","has-post-thumbnail","hentry","category-breves-de-lest-lyonnais","category-sante-bien-etre-solidarite","category-travaux-amenagements","category-villeurbanne","tag-alimentaire","tag-tiers","tag-villeurbanne"],"yoast_head":"<!-- This site is optimized with the Yoast SEO plugin v27.2 - https:\/\/yoast.com\/product\/yoast-seo-wordpress\/ -->\n<title>VILLEURBANNE | Cr\u00e9ation d&#039;un tiers lieu alimentaire - News Est Lyonnais<\/title>\n<meta name=\"description\" content=\"VILLEURBANNE | Cr\u00e9ation d&#039;un tiers lieu alimentaire\" \/>\n<meta name=\"robots\" content=\"index, follow, max-snippet:-1, max-image-preview:large, max-video-preview:-1\" \/>\n<link rel=\"canonical\" href=\"https:\/\/newsestlyonnais.fr\/site\/2022\/07\/06\/villeurbanne-creation-dun-tiers-lieu-alimentaire\/\" \/>\n<meta property=\"og:locale\" content=\"fr_FR\" \/>\n<meta property=\"og:type\" content=\"article\" \/>\n<meta property=\"og:title\" content=\"VILLEURBANNE | Cr\u00e9ation d&#039;un tiers lieu alimentaire - News Est Lyonnais\" \/>\n<meta property=\"og:description\" content=\"VILLEURBANNE | Cr\u00e9ation d&#039;un tiers lieu alimentaire\" \/>\n<meta property=\"og:url\" content=\"https:\/\/newsestlyonnais.fr\/site\/2022\/07\/06\/villeurbanne-creation-dun-tiers-lieu-alimentaire\/\" \/>\n<meta property=\"og:site_name\" content=\"News Est Lyonnais\" \/>\n<meta property=\"article:author\" content=\"https:\/\/www.facebook.com\/pascal.oberson.1?fref=ts\" \/>\n<meta property=\"article:published_time\" content=\"2022-07-06T16:01:32+00:00\" \/>\n<meta property=\"og:image\" content=\"https:\/\/newsestlyonnais.fr\/site\/wp-content\/uploads\/2020\/07\/NEWSESTLYONNAIS-GRATTE-CIEL-VILL..jpg\" \/>\n\t<meta property=\"og:image:width\" content=\"1067\" \/>\n\t<meta property=\"og:image:height\" content=\"800\" \/>\n\t<meta property=\"og:image:type\" content=\"image\/jpeg\" \/>\n<meta name=\"author\" content=\"R\u00e9dac. NEWS\" \/>\n<meta name=\"twitter:card\" content=\"summary_large_image\" \/>\n<meta name=\"twitter:label1\" content=\"\u00c9crit par\" \/>\n\t<meta name=\"twitter:data1\" content=\"R\u00e9dac. NEWS\" \/>\n\t<meta name=\"twitter:label2\" content=\"Dur\u00e9e de lecture estim\u00e9e\" \/>\n\t<meta name=\"twitter:data2\" content=\"2 minutes\" \/>\n<script type=\"application\/ld+json\" class=\"yoast-schema-graph\">{\"@context\":\"https:\/\/schema.org\",\"@graph\":[{\"@type\":\"Article\",\"@id\":\"https:\/\/newsestlyonnais.fr\/site\/2022\/07\/06\/villeurbanne-creation-dun-tiers-lieu-alimentaire\/#article\",\"isPartOf\":{\"@id\":\"https:\/\/newsestlyonnais.fr\/site\/2022\/07\/06\/villeurbanne-creation-dun-tiers-lieu-alimentaire\/\"},\"author\":{\"name\":\"R\u00e9dac. NEWS\",\"@id\":\"https:\/\/newsestlyonnais.fr\/site\/#\/schema\/person\/3230d5615f390bb808365d673001e887\"},\"headline\":\"VILLEURBANNE | Cr\u00e9ation d&rsquo;un tiers lieu alimentaire\",\"datePublished\":\"2022-07-06T16:01:32+00:00\",\"mainEntityOfPage\":{\"@id\":\"https:\/\/newsestlyonnais.fr\/site\/2022\/07\/06\/villeurbanne-creation-dun-tiers-lieu-alimentaire\/\"},\"wordCount\":235,\"commentCount\":0,\"publisher\":{\"@id\":\"https:\/\/newsestlyonnais.fr\/site\/#organization\"},\"image\":{\"@id\":\"https:\/\/newsestlyonnais.fr\/site\/2022\/07\/06\/villeurbanne-creation-dun-tiers-lieu-alimentaire\/#primaryimage\"},\"thumbnailUrl\":\"https:\/\/newsestlyonnais.fr\/site\/wp-content\/uploads\/2020\/07\/NEWSESTLYONNAIS-GRATTE-CIEL-VILL..jpg\",\"keywords\":[\"ALIMENTAIRE\",\"TIERS\",\"VILLEURBANNE\"],\"articleSection\":[\"Br\u00e8ves de l'Est lyonnais\",\"Sant\u00e9 | Bien Etre | Solidarit\u00e9\",\"Travaux | Am\u00e9nagements\",\"Villeurbanne\"],\"inLanguage\":\"fr-FR\",\"potentialAction\":[{\"@type\":\"CommentAction\",\"name\":\"Comment\",\"target\":[\"https:\/\/newsestlyonnais.fr\/site\/2022\/07\/06\/villeurbanne-creation-dun-tiers-lieu-alimentaire\/#respond\"]}]},{\"@type\":\"WebPage\",\"@id\":\"https:\/\/newsestlyonnais.fr\/site\/2022\/07\/06\/villeurbanne-creation-dun-tiers-lieu-alimentaire\/\",\"url\":\"https:\/\/newsestlyonnais.fr\/site\/2022\/07\/06\/villeurbanne-creation-dun-tiers-lieu-alimentaire\/\",\"name\":\"VILLEURBANNE | Cr\u00e9ation d'un tiers lieu alimentaire - News Est Lyonnais\",\"isPartOf\":{\"@id\":\"https:\/\/newsestlyonnais.fr\/site\/#website\"},\"primaryImageOfPage\":{\"@id\":\"https:\/\/newsestlyonnais.fr\/site\/2022\/07\/06\/villeurbanne-creation-dun-tiers-lieu-alimentaire\/#primaryimage\"},\"image\":{\"@id\":\"https:\/\/newsestlyonnais.fr\/site\/2022\/07\/06\/villeurbanne-creation-dun-tiers-lieu-alimentaire\/#primaryimage\"},\"thumbnailUrl\":\"https:\/\/newsestlyonnais.fr\/site\/wp-content\/uploads\/2020\/07\/NEWSESTLYONNAIS-GRATTE-CIEL-VILL..jpg\",\"datePublished\":\"2022-07-06T16:01:32+00:00\",\"description\":\"VILLEURBANNE | Cr\u00e9ation d'un tiers lieu alimentaire\",\"breadcrumb\":{\"@id\":\"https:\/\/newsestlyonnais.fr\/site\/2022\/07\/06\/villeurbanne-creation-dun-tiers-lieu-alimentaire\/#breadcrumb\"},\"inLanguage\":\"fr-FR\",\"potentialAction\":[{\"@type\":\"ReadAction\",\"target\":[\"https:\/\/newsestlyonnais.fr\/site\/2022\/07\/06\/villeurbanne-creation-dun-tiers-lieu-alimentaire\/\"]}]},{\"@type\":\"ImageObject\",\"inLanguage\":\"fr-FR\",\"@id\":\"https:\/\/newsestlyonnais.fr\/site\/2022\/07\/06\/villeurbanne-creation-dun-tiers-lieu-alimentaire\/#primaryimage\",\"url\":\"https:\/\/newsestlyonnais.fr\/site\/wp-content\/uploads\/2020\/07\/NEWSESTLYONNAIS-GRATTE-CIEL-VILL..jpg\",\"contentUrl\":\"https:\/\/newsestlyonnais.fr\/site\/wp-content\/uploads\/2020\/07\/NEWSESTLYONNAIS-GRATTE-CIEL-VILL..jpg\",\"width\":1067,\"height\":800},{\"@type\":\"BreadcrumbList\",\"@id\":\"https:\/\/newsestlyonnais.fr\/site\/2022\/07\/06\/villeurbanne-creation-dun-tiers-lieu-alimentaire\/#breadcrumb\",\"itemListElement\":[{\"@type\":\"ListItem\",\"position\":1,\"name\":\"Accueil\",\"item\":\"https:\/\/newsestlyonnais.fr\/site\/\"},{\"@type\":\"ListItem\",\"position\":2,\"name\":\"VILLEURBANNE | Cr\u00e9ation d&rsquo;un tiers lieu alimentaire\"}]},{\"@type\":\"WebSite\",\"@id\":\"https:\/\/newsestlyonnais.fr\/site\/#website\",\"url\":\"https:\/\/newsestlyonnais.fr\/site\/\",\"name\":\"News Est Lyonnais\",\"description\":\"L&#039;actualit\u00e9 au plus pr\u00e8s\",\"publisher\":{\"@id\":\"https:\/\/newsestlyonnais.fr\/site\/#organization\"},\"potentialAction\":[{\"@type\":\"SearchAction\",\"target\":{\"@type\":\"EntryPoint\",\"urlTemplate\":\"https:\/\/newsestlyonnais.fr\/site\/?s={search_term_string}\"},\"query-input\":{\"@type\":\"PropertyValueSpecification\",\"valueRequired\":true,\"valueName\":\"search_term_string\"}}],\"inLanguage\":\"fr-FR\"},{\"@type\":\"Organization\",\"@id\":\"https:\/\/newsestlyonnais.fr\/site\/#organization\",\"name\":\"News EST LYONNAIS\",\"url\":\"https:\/\/newsestlyonnais.fr\/site\/\",\"logo\":{\"@type\":\"ImageObject\",\"inLanguage\":\"fr-FR\",\"@id\":\"https:\/\/newsestlyonnais.fr\/site\/#\/schema\/logo\/image\/\",\"url\":\"\",\"contentUrl\":\"\",\"caption\":\"News EST LYONNAIS\"},\"image\":{\"@id\":\"https:\/\/newsestlyonnais.fr\/site\/#\/schema\/logo\/image\/\"}},{\"@type\":\"Person\",\"@id\":\"https:\/\/newsestlyonnais.fr\/site\/#\/schema\/person\/3230d5615f390bb808365d673001e887\",\"name\":\"R\u00e9dac. NEWS\",\"sameAs\":[\"http:\/\/www.newsestlyonnais.fr\",\"https:\/\/www.facebook.com\/pascal.oberson.1?fref=ts\",\"https:\/\/fr.linkedin.com\/in\/pascal-oberson-b17045113\"],\"url\":\"https:\/\/newsestlyonnais.fr\/site\/author\/nel\/\"}]}<\/script>\n<!-- \/ Yoast SEO plugin. -->","yoast_head_json":{"title":"VILLEURBANNE | Cr\u00e9ation d'un tiers lieu alimentaire - News Est Lyonnais","description":"VILLEURBANNE | Cr\u00e9ation d'un tiers lieu alimentaire","robots":{"index":"index","follow":"follow","max-snippet":"max-snippet:-1","max-image-preview":"max-image-preview:large","max-video-preview":"max-video-preview:-1"},"canonical":"https:\/\/newsestlyonnais.fr\/site\/2022\/07\/06\/villeurbanne-creation-dun-tiers-lieu-alimentaire\/","og_locale":"fr_FR","og_type":"article","og_title":"VILLEURBANNE | Cr\u00e9ation d'un tiers lieu alimentaire - News Est Lyonnais","og_description":"VILLEURBANNE | Cr\u00e9ation d'un tiers lieu alimentaire","og_url":"https:\/\/newsestlyonnais.fr\/site\/2022\/07\/06\/villeurbanne-creation-dun-tiers-lieu-alimentaire\/","og_site_name":"News Est Lyonnais","article_author":"https:\/\/www.facebook.com\/pascal.oberson.1?fref=ts","article_published_time":"2022-07-06T16:01:32+00:00","og_image":[{"width":1067,"height":800,"url":"https:\/\/newsestlyonnais.fr\/site\/wp-content\/uploads\/2020\/07\/NEWSESTLYONNAIS-GRATTE-CIEL-VILL..jpg","type":"image\/jpeg"}],"author":"R\u00e9dac. NEWS","twitter_card":"summary_large_image","twitter_misc":{"\u00c9crit par":"R\u00e9dac. NEWS","Dur\u00e9e de lecture estim\u00e9e":"2 minutes"},"schema":{"@context":"https:\/\/schema.org","@graph":[{"@type":"Article","@id":"https:\/\/newsestlyonnais.fr\/site\/2022\/07\/06\/villeurbanne-creation-dun-tiers-lieu-alimentaire\/#article","isPartOf":{"@id":"https:\/\/newsestlyonnais.fr\/site\/2022\/07\/06\/villeurbanne-creation-dun-tiers-lieu-alimentaire\/"},"author":{"name":"R\u00e9dac. NEWS","@id":"https:\/\/newsestlyonnais.fr\/site\/#\/schema\/person\/3230d5615f390bb808365d673001e887"},"headline":"VILLEURBANNE | Cr\u00e9ation d&rsquo;un tiers lieu alimentaire","datePublished":"2022-07-06T16:01:32+00:00","mainEntityOfPage":{"@id":"https:\/\/newsestlyonnais.fr\/site\/2022\/07\/06\/villeurbanne-creation-dun-tiers-lieu-alimentaire\/"},"wordCount":235,"commentCount":0,"publisher":{"@id":"https:\/\/newsestlyonnais.fr\/site\/#organization"},"image":{"@id":"https:\/\/newsestlyonnais.fr\/site\/2022\/07\/06\/villeurbanne-creation-dun-tiers-lieu-alimentaire\/#primaryimage"},"thumbnailUrl":"https:\/\/newsestlyonnais.fr\/site\/wp-content\/uploads\/2020\/07\/NEWSESTLYONNAIS-GRATTE-CIEL-VILL..jpg","keywords":["ALIMENTAIRE","TIERS","VILLEURBANNE"],"articleSection":["Br\u00e8ves de l'Est lyonnais","Sant\u00e9 | Bien Etre | Solidarit\u00e9","Travaux | Am\u00e9nagements","Villeurbanne"],"inLanguage":"fr-FR","potentialAction":[{"@type":"CommentAction","name":"Comment","target":["https:\/\/newsestlyonnais.fr\/site\/2022\/07\/06\/villeurbanne-creation-dun-tiers-lieu-alimentaire\/#respond"]}]},{"@type":"WebPage","@id":"https:\/\/newsestlyonnais.fr\/site\/2022\/07\/06\/villeurbanne-creation-dun-tiers-lieu-alimentaire\/","url":"https:\/\/newsestlyonnais.fr\/site\/2022\/07\/06\/villeurbanne-creation-dun-tiers-lieu-alimentaire\/","name":"VILLEURBANNE | Cr\u00e9ation d'un tiers lieu alimentaire - News Est Lyonnais","isPartOf":{"@id":"https:\/\/newsestlyonnais.fr\/site\/#website"},"primaryImageOfPage":{"@id":"https:\/\/newsestlyonnais.fr\/site\/2022\/07\/06\/villeurbanne-creation-dun-tiers-lieu-alimentaire\/#primaryimage"},"image":{"@id":"https:\/\/newsestlyonnais.fr\/site\/2022\/07\/06\/villeurbanne-creation-dun-tiers-lieu-alimentaire\/#primaryimage"},"thumbnailUrl":"https:\/\/newsestlyonnais.fr\/site\/wp-content\/uploads\/2020\/07\/NEWSESTLYONNAIS-GRATTE-CIEL-VILL..jpg","datePublished":"2022-07-06T16:01:32+00:00","description":"VILLEURBANNE | Cr\u00e9ation d'un tiers lieu alimentaire","breadcrumb":{"@id":"https:\/\/newsestlyonnais.fr\/site\/2022\/07\/06\/villeurbanne-creation-dun-tiers-lieu-alimentaire\/#breadcrumb"},"inLanguage":"fr-FR","potentialAction":[{"@type":"ReadAction","target":["https:\/\/newsestlyonnais.fr\/site\/2022\/07\/06\/villeurbanne-creation-dun-tiers-lieu-alimentaire\/"]}]},{"@type":"ImageObject","inLanguage":"fr-FR","@id":"https:\/\/newsestlyonnais.fr\/site\/2022\/07\/06\/villeurbanne-creation-dun-tiers-lieu-alimentaire\/#primaryimage","url":"https:\/\/newsestlyonnais.fr\/site\/wp-content\/uploads\/2020\/07\/NEWSESTLYONNAIS-GRATTE-CIEL-VILL..jpg","contentUrl":"https:\/\/newsestlyonnais.fr\/site\/wp-content\/uploads\/2020\/07\/NEWSESTLYONNAIS-GRATTE-CIEL-VILL..jpg","width":1067,"height":800},{"@type":"BreadcrumbList","@id":"https:\/\/newsestlyonnais.fr\/site\/2022\/07\/06\/villeurbanne-creation-dun-tiers-lieu-alimentaire\/#breadcrumb","itemListElement":[{"@type":"ListItem","position":1,"name":"Accueil","item":"https:\/\/newsestlyonnais.fr\/site\/"},{"@type":"ListItem","position":2,"name":"VILLEURBANNE | Cr\u00e9ation d&rsquo;un tiers lieu alimentaire"}]},{"@type":"WebSite","@id":"https:\/\/newsestlyonnais.fr\/site\/#website","url":"https:\/\/newsestlyonnais.fr\/site\/","name":"News Est Lyonnais","description":"L&#039;actualit\u00e9 au plus pr\u00e8s","publisher":{"@id":"https:\/\/newsestlyonnais.fr\/site\/#organization"},"potentialAction":[{"@type":"SearchAction","target":{"@type":"EntryPoint","urlTemplate":"https:\/\/newsestlyonnais.fr\/site\/?s={search_term_string}"},"query-input":{"@type":"PropertyValueSpecification","valueRequired":true,"valueName":"search_term_string"}}],"inLanguage":"fr-FR"},{"@type":"Organization","@id":"https:\/\/newsestlyonnais.fr\/site\/#organization","name":"News EST LYONNAIS","url":"https:\/\/newsestlyonnais.fr\/site\/","logo":{"@type":"ImageObject","inLanguage":"fr-FR","@id":"https:\/\/newsestlyonnais.fr\/site\/#\/schema\/logo\/image\/","url":"","contentUrl":"","caption":"News EST LYONNAIS"},"image":{"@id":"https:\/\/newsestlyonnais.fr\/site\/#\/schema\/logo\/image\/"}},{"@type":"Person","@id":"https:\/\/newsestlyonnais.fr\/site\/#\/schema\/person\/3230d5615f390bb808365d673001e887","name":"R\u00e9dac. NEWS","sameAs":["http:\/\/www.newsestlyonnais.fr","https:\/\/www.facebook.com\/pascal.oberson.1?fref=ts","https:\/\/fr.linkedin.com\/in\/pascal-oberson-b17045113"],"url":"https:\/\/newsestlyonnais.fr\/site\/author\/nel\/"}]}},"_links":{"self":[{"href":"https:\/\/newsestlyonnais.fr\/site\/wp-json\/wp\/v2\/posts\/159812","targetHints":{"allow":["GET"]}}],"collection":[{"href":"https:\/\/newsestlyonnais.fr\/site\/wp-json\/wp\/v2\/posts"}],"about":[{"href":"https:\/\/newsestlyonnais.fr\/site\/wp-json\/wp\/v2\/types\/post"}],"author":[{"embeddable":true,"href":"https:\/\/newsestlyonnais.fr\/site\/wp-json\/wp\/v2\/users\/4"}],"replies":[{"embeddable":true,"href":"https:\/\/newsestlyonnais.fr\/site\/wp-json\/wp\/v2\/comments?post=159812"}],"version-history":[{"count":0,"href":"https:\/\/newsestlyonnais.fr\/site\/wp-json\/wp\/v2\/posts\/159812\/revisions"}],"wp:featuredmedia":[{"embeddable":true,"href":"https:\/\/newsestlyonnais.fr\/site\/wp-json\/wp\/v2\/media\/105803"}],"wp:attachment":[{"href":"https:\/\/newsestlyonnais.fr\/site\/wp-json\/wp\/v2\/media?parent=159812"}],"wp:term":[{"taxonomy":"category","embeddable":true,"href":"https:\/\/newsestlyonnais.fr\/site\/wp-json\/wp\/v2\/categories?post=159812"},{"taxonomy":"post_tag","embeddable":true,"href":"https:\/\/newsestlyonnais.fr\/site\/wp-json\/wp\/v2\/tags?post=159812"}],"curies":[{"name":"wp","href":"https:\/\/api.w.org\/{rel}","templated":true}]}}